{"id":14699,"date":"2020-12-21T18:04:16","date_gmt":"2020-12-21T17:04:16","guid":{"rendered":"https:\/\/valenciasjb.salesianos.edu\/colegio\/?p=14699"},"modified":"2020-12-21T18:13:12","modified_gmt":"2020-12-21T17:13:12","slug":"sus-majestades-los-reyes-magos-han-llegado-hoy-a-nuestro-colegio-para-repartir-a-todo-el-alumnado-el-primer-regalo-de-navidad-con-todas-las-medidas-de-seguridad","status":"publish","type":"post","link":"https:\/\/valenciasjb.salesianos.edu\/colegio\/sus-majestades-los-reyes-magos-han-llegado-hoy-a-nuestro-colegio-para-repartir-a-todo-el-alumnado-el-primer-regalo-de-navidad-con-todas-las-medidas-de-seguridad\/","title":{"rendered":"Sus Majestades, los Reyes Magos, han llegado hoy a nuestro colegio para repartir a todo el alumnado el primer regalo de Navidad, con todas las medidas de seguridad"},"content":{"rendered":"<div id=\"fb-root\"><\/div>\n<p>[et_pb_section fb_built=\u00bb1&#8243; admin_label=\u00bbsection\u00bb _builder_version=\u00bb3.22&#8243;][et_pb_row admin_label=\u00bbrow\u00bb _builder_version=\u00bb3.25&#8243; background_size=\u00bbinitial\u00bb background_position=\u00bbtop_left\u00bb background_repeat=\u00bbrepeat\u00bb][et_pb_column type=\u00bb4_4&#8243; _builder_version=\u00bb3.25&#8243; custom_padding=\u00bb|||\u00bb custom_padding__hover=\u00bb|||\u00bb][et_pb_text admin_label=\u00bbEntradilla (Texto)\u00bb _builder_version=\u00bb4.7.7&#8243; text_font=\u00bb|on|||\u00bb text_orientation=\u00bbjustified\u00bb module_alignment=\u00bbjustified\u00bb]<\/p>\n<div id=\"resumen\"><strong>El AMPAS de nuestro colegio nos ha vuelto a sorprender y emocionar con su \u00faltima iniciativa. Con motivo de las fiestas de Navidad que vamos a empezar, y a pesar de la situaci\u00f3n sanitaria que estamos viviendo, han querido ayudar al colegio a mantener vivo el esp\u00edritu y la ilusi\u00f3n por el nacimiento de Jes\u00fas.<\/strong><\/div>\n<div>\u00a0<\/div>\n<p>[\/et_pb_text][et_pb_text admin_label=\u00bbAutor (Texto)\u00bb _builder_version=\u00bb4.7.7&#8243; text_font=\u00bb||on||\u00bb]<\/p>\n<p>Redacci\u00f3n.<\/p>\n<p>[\/et_pb_text][et_pb_text admin_label=\u00bbDesarrollo (Texto)\u00bb _builder_version=\u00bb4.7.7&#8243; text_orientation=\u00bbjustified\u00bb module_alignment=\u00bbjustified\u00bb hover_enabled=\u00bb0&#8243; sticky_enabled=\u00bb0&#8243;]<\/p>\n<p>Para ello, AMPAS ha conseguido que, en la ma\u00f1ana del lunes 21 de diciembre, visiten el colegio, nada m\u00e1s y nada menos que, Sus Majestades, los Reyes Magos.<\/p>\n<p>Melchor, Gaspar y Baltasar han recorrido los distintos pabellones y han tra\u00eddo unos presentes para todo el alumnado de las diferentes etapas, desde Infantil, pasando por Primaria, ESO y Bachillerato. El primer regalo de Navidad ha consistido en unos peque\u00f1os dispensadores port\u00e1tiles para gel hidroalcoh\u00f3lico, personalizados con el logo de AMPAS.<\/p>\n<p>Sus Majestades han visitado los distintos pabellones y, sin entrar en las clases, han hecho entrega a los tutores, profesores y a los delegados, en los cursos superiores, un regalo para cada alumno de la clase. Los alumnos de los cursos inferiores, desde 1\u00ba de Primaria a 2\u00ba de ESO han podido saludar a los Reyes Magos desde las ventanas y los m\u00e1s peque\u00f1os de Infantil los han recibido en el teatro, en diferentes pases para distintas clases, con el objetivo de garantizar las medidas de seguridad. Adem\u00e1s, en estos pases a Infantil, los Reyes han invitado a unos amigos muy especiales, los payasos de Payasospital, que les han sacado a todos los ni\u00f1os y ni\u00f1as una sonrisa. Adem\u00e1s, la empresa Publisol ha donado gel hidroalcoh\u00f3lico y mascarillas.<\/p>\n<p>En definitiva, unos d\u00edas en los que vamos a mantener vivo el esp\u00edritu de la Navidad. \u00a1Que Jes\u00fas ilumine con su luz los hogares de esta gran comunidad educativa y los llene de amor y felicidad! \u00a1Somos uno!<\/p>\n<p>[\/et_pb_text][et_pb_text disabled_on=\u00bboff|on|on\u00bb admin_label=\u00bbT\u00edtulo: Galer\u00eda de fotos (Texto)\u00bb _builder_version=\u00bb3.27.4&#8243; text_font=\u00bb|on|||\u00bb text_text_color=\u00bb#dc001b\u00bb border_style=\u00bbsolid\u00bb]Galer\u00eda de im\u00e1genes<br \/>\n[\/et_pb_text][et_pb_gallery gallery_ids=\u00bb14708,14709,14710,14711&#8243; posts_number=\u00bb8&#8243; show_title_and_caption=\u00bboff\u00bb zoom_icon_color=\u00bb#dc001b\u00bb hover_icon=\u00bb%%51%%\u00bb disabled_on=\u00bboff|off|off\u00bb _builder_version=\u00bb4.7.7&#8243; pagination_font_size_tablet=\u00bb51&#8243; pagination_line_height_tablet=\u00bb2&#8243;][\/et_pb_gallery][et_pb_video disabled_on=\u00bbon|on|on\u00bb _builder_version=\u00bb3.0.51&#8243; disabled=\u00bbon\u00bb][\/et_pb_video][\/et_pb_column][\/et_pb_row][\/et_pb_section]<\/p>\n<!-- AddThis Advanced Settings generic via filter on the_content --><!-- AddThis Share Buttons generic via filter on the_content -->","protected":false},"excerpt":{"rendered":"<p>El AMPAS de nuestro colegio nos ha vuelto a sorprender y emocionar con su \u00faltima iniciativa. Con motivo de las fiestas de Navidad que vamos a empezar, y a pesar de la situaci\u00f3n sanitaria que estamos viviendo, han querido ayudar al colegio a mantener vivo el esp\u00edritu y la ilusi\u00f3n por el nacimiento de Jes\u00fas. [&hellip;]<\/p>\n<p><!-- AddThis Advanced Settings generic via filter on get_the_excerpt --><!-- AddThis Share Buttons generic via filter on get_the_excerpt --><\/p>\n","protected":false},"author":6,"featured_media":14708,"comment_status":"closed","ping_status":"open","sticky":false,"template":"","format":"standard","meta":{"_et_pb_use_builder":"on","_et_pb_old_content":"","_et_gb_content_width":"","footnotes":""},"categories":[14],"tags":[],"class_list":["post-14699","post","type-post","status-publish","format-standard","has-post-thumbnail","hentry","category-noticia_colegio"],"yoast_head":"<!-- This site is optimized with the Yoast SEO plugin v28.4 - https:\/\/yoast.com\/product\/yoast-seo-wordpress\/ -->\n<title>Sus Majestades, los Reyes Magos, han llegado hoy a nuestro colegio para repartir a todo el alumnado el primer regalo de Navidad, con todas las medidas de seguridad - Colegio San Juan Bosco Valencia<\/title>\n<meta name=\"robots\" content=\"index, follow, max-snippet:-1, max-image-preview:large, max-video-preview:-1\" \/>\n<link rel=\"canonical\" href=\"https:\/\/valenciasjb.salesianos.edu\/colegio\/sus-majestades-los-reyes-magos-han-llegado-hoy-a-nuestro-colegio-para-repartir-a-todo-el-alumnado-el-primer-regalo-de-navidad-con-todas-las-medidas-de-seguridad\/\" \/>\n<meta property=\"og:locale\" content=\"es_ES\" \/>\n<meta property=\"og:type\" content=\"article\" \/>\n<meta property=\"og:title\" content=\"Sus Majestades, los Reyes Magos, han llegado hoy a nuestro colegio para repartir a todo el alumnado el primer regalo de Navidad, con todas las medidas de seguridad - Colegio San Juan Bosco Valencia\" \/>\n<meta property=\"og:description\" content=\"El AMPAS de nuestro colegio nos ha vuelto a sorprender y emocionar con su \u00faltima iniciativa. Con motivo de las fiestas de Navidad que vamos a empezar, y a pesar de la situaci\u00f3n sanitaria que estamos viviendo, han querido ayudar al colegio a mantener vivo el esp\u00edritu y la ilusi\u00f3n por el nacimiento de Jes\u00fas. [&hellip;]\" \/>\n<meta property=\"og:url\" content=\"https:\/\/valenciasjb.salesianos.edu\/colegio\/sus-majestades-los-reyes-magos-han-llegado-hoy-a-nuestro-colegio-para-repartir-a-todo-el-alumnado-el-primer-regalo-de-navidad-con-todas-las-medidas-de-seguridad\/\" \/>\n<meta property=\"og:site_name\" content=\"Colegio San Juan Bosco Valencia\" \/>\n<meta property=\"article:publisher\" content=\"https:\/\/www.facebook.com\/ColegioSalesianoSanJuanBoscoValencia\" \/>\n<meta property=\"article:published_time\" content=\"2020-12-21T17:04:16+00:00\" \/>\n<meta property=\"article:modified_time\" content=\"2020-12-21T17:13:12+00:00\" \/>\n<meta property=\"og:image\" content=\"https:\/\/valenciasjb.salesianos.edu\/colegio\/wp-content\/uploads\/sites\/2\/2020\/12\/20201221_084956.jpg\" \/>\n\t<meta property=\"og:image:width\" content=\"2304\" \/>\n\t<meta property=\"og:image:height\" content=\"1728\" \/>\n\t<meta property=\"og:image:type\" content=\"image\/jpeg\" \/>\n<meta name=\"author\" content=\"veronicapastor\" \/>\n<meta name=\"twitter:card\" content=\"summary_large_image\" \/>\n<meta name=\"twitter:creator\" content=\"@SalesianosVSJB\" \/>\n<meta name=\"twitter:site\" content=\"@SalesianosVSJB\" \/>\n<meta name=\"twitter:label1\" content=\"Escrito por\" \/>\n\t<meta name=\"twitter:data1\" content=\"veronicapastor\" \/>\n\t<meta name=\"twitter:label2\" content=\"Tiempo de lectura\" \/>\n\t<meta name=\"twitter:data2\" content=\"3 minutos\" \/>\n<script type=\"application\/ld+json\" class=\"yoast-schema-graph\">{\"@context\":\"https:\\\/\\\/schema.org\",\"@graph\":[{\"@type\":\"Article\",\"@id\":\"https:\\\/\\\/valenciasjb.salesianos.edu\\\/colegio\\\/sus-majestades-los-reyes-magos-han-llegado-hoy-a-nuestro-colegio-para-repartir-a-todo-el-alumnado-el-primer-regalo-de-navidad-con-todas-las-medidas-de-seguridad\\\/#article\",\"isPartOf\":{\"@id\":\"https:\\\/\\\/valenciasjb.salesianos.edu\\\/colegio\\\/sus-majestades-los-reyes-magos-han-llegado-hoy-a-nuestro-colegio-para-repartir-a-todo-el-alumnado-el-primer-regalo-de-navidad-con-todas-las-medidas-de-seguridad\\\/\"},\"author\":{\"name\":\"veronicapastor\",\"@id\":\"https:\\\/\\\/valenciasjb.salesianos.edu\\\/colegio\\\/#\\\/schema\\\/person\\\/1f45b67e52b27da175190a574db6bed9\"},\"headline\":\"Sus Majestades, los Reyes Magos, han llegado hoy a nuestro colegio para repartir a todo el alumnado el primer regalo de Navidad, con todas las medidas de seguridad\",\"datePublished\":\"2020-12-21T17:04:16+00:00\",\"dateModified\":\"2020-12-21T17:13:12+00:00\",\"mainEntityOfPage\":{\"@id\":\"https:\\\/\\\/valenciasjb.salesianos.edu\\\/colegio\\\/sus-majestades-los-reyes-magos-han-llegado-hoy-a-nuestro-colegio-para-repartir-a-todo-el-alumnado-el-primer-regalo-de-navidad-con-todas-las-medidas-de-seguridad\\\/\"},\"wordCount\":543,\"image\":{\"@id\":\"https:\\\/\\\/valenciasjb.salesianos.edu\\\/colegio\\\/sus-majestades-los-reyes-magos-han-llegado-hoy-a-nuestro-colegio-para-repartir-a-todo-el-alumnado-el-primer-regalo-de-navidad-con-todas-las-medidas-de-seguridad\\\/#primaryimage\"},\"thumbnailUrl\":\"https:\\\/\\\/valenciasjb.salesianos.edu\\\/colegio\\\/wp-content\\\/uploads\\\/sites\\\/2\\\/2020\\\/12\\\/20201221_084956.jpg\",\"articleSection\":[\"Noticia Colegio\"],\"inLanguage\":\"es\"},{\"@type\":\"WebPage\",\"@id\":\"https:\\\/\\\/valenciasjb.salesianos.edu\\\/colegio\\\/sus-majestades-los-reyes-magos-han-llegado-hoy-a-nuestro-colegio-para-repartir-a-todo-el-alumnado-el-primer-regalo-de-navidad-con-todas-las-medidas-de-seguridad\\\/\",\"url\":\"https:\\\/\\\/valenciasjb.salesianos.edu\\\/colegio\\\/sus-majestades-los-reyes-magos-han-llegado-hoy-a-nuestro-colegio-para-repartir-a-todo-el-alumnado-el-primer-regalo-de-navidad-con-todas-las-medidas-de-seguridad\\\/\",\"name\":\"Sus Majestades, los Reyes Magos, han llegado hoy a nuestro colegio para repartir a todo el alumnado el primer regalo de Navidad, con todas las medidas de seguridad - Colegio San Juan Bosco Valencia\",\"isPartOf\":{\"@id\":\"https:\\\/\\\/valenciasjb.salesianos.edu\\\/colegio\\\/#website\"},\"primaryImageOfPage\":{\"@id\":\"https:\\\/\\\/valenciasjb.salesianos.edu\\\/colegio\\\/sus-majestades-los-reyes-magos-han-llegado-hoy-a-nuestro-colegio-para-repartir-a-todo-el-alumnado-el-primer-regalo-de-navidad-con-todas-las-medidas-de-seguridad\\\/#primaryimage\"},\"image\":{\"@id\":\"https:\\\/\\\/valenciasjb.salesianos.edu\\\/colegio\\\/sus-majestades-los-reyes-magos-han-llegado-hoy-a-nuestro-colegio-para-repartir-a-todo-el-alumnado-el-primer-regalo-de-navidad-con-todas-las-medidas-de-seguridad\\\/#primaryimage\"},\"thumbnailUrl\":\"https:\\\/\\\/valenciasjb.salesianos.edu\\\/colegio\\\/wp-content\\\/uploads\\\/sites\\\/2\\\/2020\\\/12\\\/20201221_084956.jpg\",\"datePublished\":\"2020-12-21T17:04:16+00:00\",\"dateModified\":\"2020-12-21T17:13:12+00:00\",\"author\":{\"@id\":\"https:\\\/\\\/valenciasjb.salesianos.edu\\\/colegio\\\/#\\\/schema\\\/person\\\/1f45b67e52b27da175190a574db6bed9\"},\"breadcrumb\":{\"@id\":\"https:\\\/\\\/valenciasjb.salesianos.edu\\\/colegio\\\/sus-majestades-los-reyes-magos-han-llegado-hoy-a-nuestro-colegio-para-repartir-a-todo-el-alumnado-el-primer-regalo-de-navidad-con-todas-las-medidas-de-seguridad\\\/#breadcrumb\"},\"inLanguage\":\"es\",\"potentialAction\":[{\"@type\":\"ReadAction\",\"target\":[\"https:\\\/\\\/valenciasjb.salesianos.edu\\\/colegio\\\/sus-majestades-los-reyes-magos-han-llegado-hoy-a-nuestro-colegio-para-repartir-a-todo-el-alumnado-el-primer-regalo-de-navidad-con-todas-las-medidas-de-seguridad\\\/\"]}]},{\"@type\":\"ImageObject\",\"inLanguage\":\"es\",\"@id\":\"https:\\\/\\\/valenciasjb.salesianos.edu\\\/colegio\\\/sus-majestades-los-reyes-magos-han-llegado-hoy-a-nuestro-colegio-para-repartir-a-todo-el-alumnado-el-primer-regalo-de-navidad-con-todas-las-medidas-de-seguridad\\\/#primaryimage\",\"url\":\"https:\\\/\\\/valenciasjb.salesianos.edu\\\/colegio\\\/wp-content\\\/uploads\\\/sites\\\/2\\\/2020\\\/12\\\/20201221_084956.jpg\",\"contentUrl\":\"https:\\\/\\\/valenciasjb.salesianos.edu\\\/colegio\\\/wp-content\\\/uploads\\\/sites\\\/2\\\/2020\\\/12\\\/20201221_084956.jpg\",\"width\":2304,\"height\":1728},{\"@type\":\"BreadcrumbList\",\"@id\":\"https:\\\/\\\/valenciasjb.salesianos.edu\\\/colegio\\\/sus-majestades-los-reyes-magos-han-llegado-hoy-a-nuestro-colegio-para-repartir-a-todo-el-alumnado-el-primer-regalo-de-navidad-con-todas-las-medidas-de-seguridad\\\/#breadcrumb\",\"itemListElement\":[{\"@type\":\"ListItem\",\"position\":1,\"name\":\"Portada\",\"item\":\"https:\\\/\\\/valenciasjb.salesianos.edu\\\/colegio\\\/\"},{\"@type\":\"ListItem\",\"position\":2,\"name\":\"Sus Majestades, los Reyes Magos, han llegado hoy a nuestro colegio para repartir a todo el alumnado el primer regalo de Navidad, con todas las medidas de seguridad\"}]},{\"@type\":\"WebSite\",\"@id\":\"https:\\\/\\\/valenciasjb.salesianos.edu\\\/colegio\\\/#website\",\"url\":\"https:\\\/\\\/valenciasjb.salesianos.edu\\\/colegio\\\/\",\"name\":\"Colegio San Juan Bosco Valencia\",\"description\":\"P\u00e1gina oficial del Colegio Salesianos San Juan Bosco Valencia\",\"alternateName\":\"Salesianos.VSJB\",\"potentialAction\":[{\"@type\":\"SearchAction\",\"target\":{\"@type\":\"EntryPoint\",\"urlTemplate\":\"https:\\\/\\\/valenciasjb.salesianos.edu\\\/colegio\\\/?s={search_term_string}\"},\"query-input\":{\"@type\":\"PropertyValueSpecification\",\"valueRequired\":true,\"valueName\":\"search_term_string\"}}],\"inLanguage\":\"es\"},{\"@type\":\"Person\",\"@id\":\"https:\\\/\\\/valenciasjb.salesianos.edu\\\/colegio\\\/#\\\/schema\\\/person\\\/1f45b67e52b27da175190a574db6bed9\",\"name\":\"veronicapastor\",\"image\":{\"@type\":\"ImageObject\",\"inLanguage\":\"es\",\"@id\":\"https:\\\/\\\/secure.gravatar.com\\\/avatar\\\/e29bd40bace3fd935e1d6fdb7313ffc14628cc037c5e16f4c7369b20a2a6f7f0?s=96&d=mm&r=g\",\"url\":\"https:\\\/\\\/secure.gravatar.com\\\/avatar\\\/e29bd40bace3fd935e1d6fdb7313ffc14628cc037c5e16f4c7369b20a2a6f7f0?s=96&d=mm&r=g\",\"contentUrl\":\"https:\\\/\\\/secure.gravatar.com\\\/avatar\\\/e29bd40bace3fd935e1d6fdb7313ffc14628cc037c5e16f4c7369b20a2a6f7f0?s=96&d=mm&r=g\",\"caption\":\"veronicapastor\"}}]}<\/script>\n<!-- \/ Yoast SEO plugin. -->","yoast_head_json":{"title":"Sus Majestades, los Reyes Magos, han llegado hoy a nuestro colegio para repartir a todo el alumnado el primer regalo de Navidad, con todas las medidas de seguridad - Colegio San Juan Bosco Valencia","robots":{"index":"index","follow":"follow","max-snippet":"max-snippet:-1","max-image-preview":"max-image-preview:large","max-video-preview":"max-video-preview:-1"},"canonical":"https:\/\/valenciasjb.salesianos.edu\/colegio\/sus-majestades-los-reyes-magos-han-llegado-hoy-a-nuestro-colegio-para-repartir-a-todo-el-alumnado-el-primer-regalo-de-navidad-con-todas-las-medidas-de-seguridad\/","og_locale":"es_ES","og_type":"article","og_title":"Sus Majestades, los Reyes Magos, han llegado hoy a nuestro colegio para repartir a todo el alumnado el primer regalo de Navidad, con todas las medidas de seguridad - Colegio San Juan Bosco Valencia","og_description":"El AMPAS de nuestro colegio nos ha vuelto a sorprender y emocionar con su \u00faltima iniciativa. Con motivo de las fiestas de Navidad que vamos a empezar, y a pesar de la situaci\u00f3n sanitaria que estamos viviendo, han querido ayudar al colegio a mantener vivo el esp\u00edritu y la ilusi\u00f3n por el nacimiento de Jes\u00fas. [&hellip;]","og_url":"https:\/\/valenciasjb.salesianos.edu\/colegio\/sus-majestades-los-reyes-magos-han-llegado-hoy-a-nuestro-colegio-para-repartir-a-todo-el-alumnado-el-primer-regalo-de-navidad-con-todas-las-medidas-de-seguridad\/","og_site_name":"Colegio San Juan Bosco Valencia","article_publisher":"https:\/\/www.facebook.com\/ColegioSalesianoSanJuanBoscoValencia","article_published_time":"2020-12-21T17:04:16+00:00","article_modified_time":"2020-12-21T17:13:12+00:00","og_image":[{"width":2304,"height":1728,"url":"https:\/\/valenciasjb.salesianos.edu\/colegio\/wp-content\/uploads\/sites\/2\/2020\/12\/20201221_084956.jpg","type":"image\/jpeg"}],"author":"veronicapastor","twitter_card":"summary_large_image","twitter_creator":"@SalesianosVSJB","twitter_site":"@SalesianosVSJB","twitter_misc":{"Escrito por":"veronicapastor","Tiempo de lectura":"3 minutos"},"schema":{"@context":"https:\/\/schema.org","@graph":[{"@type":"Article","@id":"https:\/\/valenciasjb.salesianos.edu\/colegio\/sus-majestades-los-reyes-magos-han-llegado-hoy-a-nuestro-colegio-para-repartir-a-todo-el-alumnado-el-primer-regalo-de-navidad-con-todas-las-medidas-de-seguridad\/#article","isPartOf":{"@id":"https:\/\/valenciasjb.salesianos.edu\/colegio\/sus-majestades-los-reyes-magos-han-llegado-hoy-a-nuestro-colegio-para-repartir-a-todo-el-alumnado-el-primer-regalo-de-navidad-con-todas-las-medidas-de-seguridad\/"},"author":{"name":"veronicapastor","@id":"https:\/\/valenciasjb.salesianos.edu\/colegio\/#\/schema\/person\/1f45b67e52b27da175190a574db6bed9"},"headline":"Sus Majestades, los Reyes Magos, han llegado hoy a nuestro colegio para repartir a todo el alumnado el primer regalo de Navidad, con todas las medidas de seguridad","datePublished":"2020-12-21T17:04:16+00:00","dateModified":"2020-12-21T17:13:12+00:00","mainEntityOfPage":{"@id":"https:\/\/valenciasjb.salesianos.edu\/colegio\/sus-majestades-los-reyes-magos-han-llegado-hoy-a-nuestro-colegio-para-repartir-a-todo-el-alumnado-el-primer-regalo-de-navidad-con-todas-las-medidas-de-seguridad\/"},"wordCount":543,"image":{"@id":"https:\/\/valenciasjb.salesianos.edu\/colegio\/sus-majestades-los-reyes-magos-han-llegado-hoy-a-nuestro-colegio-para-repartir-a-todo-el-alumnado-el-primer-regalo-de-navidad-con-todas-las-medidas-de-seguridad\/#primaryimage"},"thumbnailUrl":"https:\/\/valenciasjb.salesianos.edu\/colegio\/wp-content\/uploads\/sites\/2\/2020\/12\/20201221_084956.jpg","articleSection":["Noticia Colegio"],"inLanguage":"es"},{"@type":"WebPage","@id":"https:\/\/valenciasjb.salesianos.edu\/colegio\/sus-majestades-los-reyes-magos-han-llegado-hoy-a-nuestro-colegio-para-repartir-a-todo-el-alumnado-el-primer-regalo-de-navidad-con-todas-las-medidas-de-seguridad\/","url":"https:\/\/valenciasjb.salesianos.edu\/colegio\/sus-majestades-los-reyes-magos-han-llegado-hoy-a-nuestro-colegio-para-repartir-a-todo-el-alumnado-el-primer-regalo-de-navidad-con-todas-las-medidas-de-seguridad\/","name":"Sus Majestades, los Reyes Magos, han llegado hoy a nuestro colegio para repartir a todo el alumnado el primer regalo de Navidad, con todas las medidas de seguridad - Colegio San Juan Bosco Valencia","isPartOf":{"@id":"https:\/\/valenciasjb.salesianos.edu\/colegio\/#website"},"primaryImageOfPage":{"@id":"https:\/\/valenciasjb.salesianos.edu\/colegio\/sus-majestades-los-reyes-magos-han-llegado-hoy-a-nuestro-colegio-para-repartir-a-todo-el-alumnado-el-primer-regalo-de-navidad-con-todas-las-medidas-de-seguridad\/#primaryimage"},"image":{"@id":"https:\/\/valenciasjb.salesianos.edu\/colegio\/sus-majestades-los-reyes-magos-han-llegado-hoy-a-nuestro-colegio-para-repartir-a-todo-el-alumnado-el-primer-regalo-de-navidad-con-todas-las-medidas-de-seguridad\/#primaryimage"},"thumbnailUrl":"https:\/\/valenciasjb.salesianos.edu\/colegio\/wp-content\/uploads\/sites\/2\/2020\/12\/20201221_084956.jpg","datePublished":"2020-12-21T17:04:16+00:00","dateModified":"2020-12-21T17:13:12+00:00","author":{"@id":"https:\/\/valenciasjb.salesianos.edu\/colegio\/#\/schema\/person\/1f45b67e52b27da175190a574db6bed9"},"breadcrumb":{"@id":"https:\/\/valenciasjb.salesianos.edu\/colegio\/sus-majestades-los-reyes-magos-han-llegado-hoy-a-nuestro-colegio-para-repartir-a-todo-el-alumnado-el-primer-regalo-de-navidad-con-todas-las-medidas-de-seguridad\/#breadcrumb"},"inLanguage":"es","potentialAction":[{"@type":"ReadAction","target":["https:\/\/valenciasjb.salesianos.edu\/colegio\/sus-majestades-los-reyes-magos-han-llegado-hoy-a-nuestro-colegio-para-repartir-a-todo-el-alumnado-el-primer-regalo-de-navidad-con-todas-las-medidas-de-seguridad\/"]}]},{"@type":"ImageObject","inLanguage":"es","@id":"https:\/\/valenciasjb.salesianos.edu\/colegio\/sus-majestades-los-reyes-magos-han-llegado-hoy-a-nuestro-colegio-para-repartir-a-todo-el-alumnado-el-primer-regalo-de-navidad-con-todas-las-medidas-de-seguridad\/#primaryimage","url":"https:\/\/valenciasjb.salesianos.edu\/colegio\/wp-content\/uploads\/sites\/2\/2020\/12\/20201221_084956.jpg","contentUrl":"https:\/\/valenciasjb.salesianos.edu\/colegio\/wp-content\/uploads\/sites\/2\/2020\/12\/20201221_084956.jpg","width":2304,"height":1728},{"@type":"BreadcrumbList","@id":"https:\/\/valenciasjb.salesianos.edu\/colegio\/sus-majestades-los-reyes-magos-han-llegado-hoy-a-nuestro-colegio-para-repartir-a-todo-el-alumnado-el-primer-regalo-de-navidad-con-todas-las-medidas-de-seguridad\/#breadcrumb","itemListElement":[{"@type":"ListItem","position":1,"name":"Portada","item":"https:\/\/valenciasjb.salesianos.edu\/colegio\/"},{"@type":"ListItem","position":2,"name":"Sus Majestades, los Reyes Magos, han llegado hoy a nuestro colegio para repartir a todo el alumnado el primer regalo de Navidad, con todas las medidas de seguridad"}]},{"@type":"WebSite","@id":"https:\/\/valenciasjb.salesianos.edu\/colegio\/#website","url":"https:\/\/valenciasjb.salesianos.edu\/colegio\/","name":"Colegio San Juan Bosco Valencia","description":"P\u00e1gina oficial del Colegio Salesianos San Juan Bosco Valencia","alternateName":"Salesianos.VSJB","potentialAction":[{"@type":"SearchAction","target":{"@type":"EntryPoint","urlTemplate":"https:\/\/valenciasjb.salesianos.edu\/colegio\/?s={search_term_string}"},"query-input":{"@type":"PropertyValueSpecification","valueRequired":true,"valueName":"search_term_string"}}],"inLanguage":"es"},{"@type":"Person","@id":"https:\/\/valenciasjb.salesianos.edu\/colegio\/#\/schema\/person\/1f45b67e52b27da175190a574db6bed9","name":"veronicapastor","image":{"@type":"ImageObject","inLanguage":"es","@id":"https:\/\/secure.gravatar.com\/avatar\/e29bd40bace3fd935e1d6fdb7313ffc14628cc037c5e16f4c7369b20a2a6f7f0?s=96&d=mm&r=g","url":"https:\/\/secure.gravatar.com\/avatar\/e29bd40bace3fd935e1d6fdb7313ffc14628cc037c5e16f4c7369b20a2a6f7f0?s=96&d=mm&r=g","contentUrl":"https:\/\/secure.gravatar.com\/avatar\/e29bd40bace3fd935e1d6fdb7313ffc14628cc037c5e16f4c7369b20a2a6f7f0?s=96&d=mm&r=g","caption":"veronicapastor"}}]}},"_links":{"self":[{"href":"https:\/\/valenciasjb.salesianos.edu\/colegio\/wp-json\/wp\/v2\/posts\/14699","targetHints":{"allow":["GET"]}}],"collection":[{"href":"https:\/\/valenciasjb.salesianos.edu\/colegio\/wp-json\/wp\/v2\/posts"}],"about":[{"href":"https:\/\/valenciasjb.salesianos.edu\/colegio\/wp-json\/wp\/v2\/types\/post"}],"author":[{"embeddable":true,"href":"https:\/\/valenciasjb.salesianos.edu\/colegio\/wp-json\/wp\/v2\/users\/6"}],"replies":[{"embeddable":true,"href":"https:\/\/valenciasjb.salesianos.edu\/colegio\/wp-json\/wp\/v2\/comments?post=14699"}],"version-history":[{"count":9,"href":"https:\/\/valenciasjb.salesianos.edu\/colegio\/wp-json\/wp\/v2\/posts\/14699\/revisions"}],"predecessor-version":[{"id":14718,"href":"https:\/\/valenciasjb.salesianos.edu\/colegio\/wp-json\/wp\/v2\/posts\/14699\/revisions\/14718"}],"wp:featuredmedia":[{"embeddable":true,"href":"https:\/\/valenciasjb.salesianos.edu\/colegio\/wp-json\/wp\/v2\/media\/14708"}],"wp:attachment":[{"href":"https:\/\/valenciasjb.salesianos.edu\/colegio\/wp-json\/wp\/v2\/media?parent=14699"}],"wp:term":[{"taxonomy":"category","embeddable":true,"href":"https:\/\/valenciasjb.salesianos.edu\/colegio\/wp-json\/wp\/v2\/categories?post=14699"},{"taxonomy":"post_tag","embeddable":true,"href":"https:\/\/valenciasjb.salesianos.edu\/colegio\/wp-json\/wp\/v2\/tags?post=14699"}],"curies":[{"name":"wp","href":"https:\/\/api.w.org\/{rel}","templated":true}]}}