{"id":14749,"date":"2021-01-26T09:43:49","date_gmt":"2021-01-26T08:43:49","guid":{"rendered":"https:\/\/valenciasjb.salesianos.edu\/colegio\/?p=14749"},"modified":"2021-01-26T09:43:52","modified_gmt":"2021-01-26T08:43:52","slug":"el-colegio-instala-110-purificadores-de-aire-para-mejorar-todavia-mas-la-ventilacion-de-las-aulas-y-espacios-cerrados-del-centro","status":"publish","type":"post","link":"https:\/\/valenciasjb.salesianos.edu\/colegio\/el-colegio-instala-110-purificadores-de-aire-para-mejorar-todavia-mas-la-ventilacion-de-las-aulas-y-espacios-cerrados-del-centro\/","title":{"rendered":"El Colegio instala 110 purificadores de aire para mejorar todav\u00eda m\u00e1s la ventilaci\u00f3n de las aulas y espacios cerrados del centro"},"content":{"rendered":"<div id=\"fb-root\"><\/div>\n<p>[et_pb_section fb_built=\u00bb1&#8243; admin_label=\u00bbsection\u00bb _builder_version=\u00bb3.22&#8243;][et_pb_row admin_label=\u00bbrow\u00bb _builder_version=\u00bb3.25&#8243; background_size=\u00bbinitial\u00bb background_position=\u00bbtop_left\u00bb background_repeat=\u00bbrepeat\u00bb][et_pb_column type=\u00bb4_4&#8243; _builder_version=\u00bb3.25&#8243; custom_padding=\u00bb|||\u00bb custom_padding__hover=\u00bb|||\u00bb][et_pb_text admin_label=\u00bbEntradilla (Texto)\u00bb _builder_version=\u00bb4.8.1&#8243; text_font=\u00bb|on|||\u00bb text_orientation=\u00bbjustified\u00bb module_alignment=\u00bbjustified\u00bb hover_enabled=\u00bb0&#8243; sticky_enabled=\u00bb0&#8243;]<\/p>\n<div id=\"resumen\"><strong>El personal de mantenimiento del centro ya est\u00e1 instalando los equipos para que se encuentren a pleno funcionamiento lo antes posible. Este sistema ser\u00e1 un complemento a la ventilaci\u00f3n natural, que se viene aplicando desde el inicio de curso en todas las aulas. De esta forma, el Colegio da un paso m\u00e1s para garantizar la m\u00e1xima seguridad en las aulas.\u00a0<br \/><\/strong><\/div>\n<div>\u00a0<\/div>\n<p>[\/et_pb_text][et_pb_text admin_label=\u00bbAutor (Texto)\u00bb _builder_version=\u00bb4.8.1&#8243; text_font=\u00bb||on||\u00bb hover_enabled=\u00bb0&#8243; sticky_enabled=\u00bb0&#8243;]<\/p>\n<p>Redacci\u00f3n.<\/p>\n<p>[\/et_pb_text][et_pb_text admin_label=\u00bbDesarrollo (Texto)\u00bb _builder_version=\u00bb4.8.1&#8243; text_orientation=\u00bbjustified\u00bb module_alignment=\u00bbjustified\u00bb hover_enabled=\u00bb0&#8243; sticky_enabled=\u00bb0&#8243;]<\/p>\n<p dir=\"ltr\">Tal y como han indicado las autoridades y expertos, gracias a los filtros HEPA se reduce el riesgo por contagio en instalaciones cerradas, ya que los aerosoles y micropart\u00edculas que quedan en el aire se han demostrado como claves para la transmisi\u00f3n del virus. Investigadores del CSIC y la Asociaci\u00f3n Mesura han asegurado que son adecuados en la situaci\u00f3n actual y no tienen efectos secundarios sobre la salud, tras haber realizado pruebas en aulas reales.<\/p>\n<p dir=\"ltr\">Con el dinero recaudado, se han podido adquirir 100 purificadores (m\u00e1s 10 que la empresa suministradora, Integral del Clima, nos ha regalado); en total 110 purificadores. Siguiendo recomendaciones, gracias a la cantidad de purificadores con los que contamos, se podr\u00e1n instalar 2 purificadores por clase, lo que facilitar\u00e1 una ubicaci\u00f3n \u00f3ptima. Estos purificadores incluyen filtros HEPA y luz ultravioleta para mayor desinfecci\u00f3n.<\/p>\n<p dir=\"ltr\">La Junta de AMPAS y el Colegio quiere agradecer, de coraz\u00f3n, a todas las familias que han realizado una aportaci\u00f3n para poder adquirir estos purificadores y que las clases de nuestros alumnos y alumnas, hijos e hijas, est\u00e9n en las mejores condiciones posibles.<\/p>\n<p dir=\"ltr\">Contigo abiertos al futuro, somos uno.<\/p>\n<p>[\/et_pb_text][et_pb_text disabled_on=\u00bboff|on|on\u00bb admin_label=\u00bbT\u00edtulo: Galer\u00eda de fotos (Texto)\u00bb _builder_version=\u00bb3.27.4&#8243; text_font=\u00bb|on|||\u00bb text_text_color=\u00bb#dc001b\u00bb border_style=\u00bbsolid\u00bb]Galer\u00eda de im\u00e1genes<br \/>\n[\/et_pb_text][et_pb_gallery gallery_ids=\u00bb14752&#8243; posts_number=\u00bb8&#8243; show_title_and_caption=\u00bboff\u00bb zoom_icon_color=\u00bb#dc001b\u00bb hover_icon=\u00bb%%51%%\u00bb disabled_on=\u00bboff|off|off\u00bb _builder_version=\u00bb4.8.1&#8243; hover_enabled=\u00bb0&#8243; pagination_font_size_tablet=\u00bb51&#8243; pagination_line_height_tablet=\u00bb2&#8243; sticky_enabled=\u00bb0&#8243;][\/et_pb_gallery][et_pb_video disabled_on=\u00bbon|on|on\u00bb _builder_version=\u00bb3.0.51&#8243; disabled=\u00bbon\u00bb][\/et_pb_video][\/et_pb_column][\/et_pb_row][\/et_pb_section]<\/p>\n<!-- AddThis Advanced Settings generic via filter on the_content --><!-- AddThis Share Buttons generic via filter on the_content -->","protected":false},"excerpt":{"rendered":"<p>El personal de mantenimiento del centro ya est\u00e1 instalando los equipos para que se encuentren a pleno funcionamiento lo antes posible. Este sistema ser\u00e1 un complemento a la ventilaci\u00f3n natural, que se viene aplicando desde el inicio de curso en todas las aulas. De esta forma, el Colegio da un paso m\u00e1s para garantizar la [&hellip;]<\/p>\n<p><!-- AddThis Advanced Settings generic via filter on get_the_excerpt --><!-- AddThis Share Buttons generic via filter on get_the_excerpt --><\/p>\n","protected":false},"author":6,"featured_media":14752,"comment_status":"closed","ping_status":"open","sticky":false,"template":"","format":"standard","meta":{"_et_pb_use_builder":"on","_et_pb_old_content":"","_et_gb_content_width":"","footnotes":""},"categories":[14],"tags":[],"class_list":["post-14749","post","type-post","status-publish","format-standard","has-post-thumbnail","hentry","category-noticia_colegio"],"yoast_head":"<!-- This site is optimized with the Yoast SEO plugin v28.4 - https:\/\/yoast.com\/product\/yoast-seo-wordpress\/ -->\n<title>El Colegio instala 110 purificadores de aire para mejorar todav\u00eda m\u00e1s la ventilaci\u00f3n de las aulas y espacios cerrados del centro - Colegio San Juan Bosco Valencia<\/title>\n<meta name=\"robots\" content=\"index, follow, max-snippet:-1, max-image-preview:large, max-video-preview:-1\" \/>\n<link rel=\"canonical\" href=\"https:\/\/valenciasjb.salesianos.edu\/colegio\/el-colegio-instala-110-purificadores-de-aire-para-mejorar-todavia-mas-la-ventilacion-de-las-aulas-y-espacios-cerrados-del-centro\/\" \/>\n<meta property=\"og:locale\" content=\"es_ES\" \/>\n<meta property=\"og:type\" content=\"article\" \/>\n<meta property=\"og:title\" content=\"El Colegio instala 110 purificadores de aire para mejorar todav\u00eda m\u00e1s la ventilaci\u00f3n de las aulas y espacios cerrados del centro - Colegio San Juan Bosco Valencia\" \/>\n<meta property=\"og:description\" content=\"El personal de mantenimiento del centro ya est\u00e1 instalando los equipos para que se encuentren a pleno funcionamiento lo antes posible. Este sistema ser\u00e1 un complemento a la ventilaci\u00f3n natural, que se viene aplicando desde el inicio de curso en todas las aulas. De esta forma, el Colegio da un paso m\u00e1s para garantizar la [&hellip;]\" \/>\n<meta property=\"og:url\" content=\"https:\/\/valenciasjb.salesianos.edu\/colegio\/el-colegio-instala-110-purificadores-de-aire-para-mejorar-todavia-mas-la-ventilacion-de-las-aulas-y-espacios-cerrados-del-centro\/\" \/>\n<meta property=\"og:site_name\" content=\"Colegio San Juan Bosco Valencia\" \/>\n<meta property=\"article:publisher\" content=\"https:\/\/www.facebook.com\/ColegioSalesianoSanJuanBoscoValencia\" \/>\n<meta property=\"article:published_time\" content=\"2021-01-26T08:43:49+00:00\" \/>\n<meta property=\"article:modified_time\" content=\"2021-01-26T08:43:52+00:00\" \/>\n<meta property=\"og:image\" content=\"https:\/\/valenciasjb.salesianos.edu\/colegio\/wp-content\/uploads\/sites\/2\/2021\/01\/sketch-1611650516804.jpg\" \/>\n\t<meta property=\"og:image:width\" content=\"1440\" \/>\n\t<meta property=\"og:image:height\" content=\"1080\" \/>\n\t<meta property=\"og:image:type\" content=\"image\/jpeg\" \/>\n<meta name=\"author\" content=\"veronicapastor\" \/>\n<meta name=\"twitter:card\" content=\"summary_large_image\" \/>\n<meta name=\"twitter:creator\" content=\"@SalesianosVSJB\" \/>\n<meta name=\"twitter:site\" content=\"@SalesianosVSJB\" \/>\n<meta name=\"twitter:label1\" content=\"Escrito por\" \/>\n\t<meta name=\"twitter:data1\" content=\"veronicapastor\" \/>\n\t<meta name=\"twitter:label2\" content=\"Tiempo de lectura\" \/>\n\t<meta name=\"twitter:data2\" content=\"2 minutos\" \/>\n<script type=\"application\/ld+json\" class=\"yoast-schema-graph\">{\"@context\":\"https:\\\/\\\/schema.org\",\"@graph\":[{\"@type\":\"Article\",\"@id\":\"https:\\\/\\\/valenciasjb.salesianos.edu\\\/colegio\\\/el-colegio-instala-110-purificadores-de-aire-para-mejorar-todavia-mas-la-ventilacion-de-las-aulas-y-espacios-cerrados-del-centro\\\/#article\",\"isPartOf\":{\"@id\":\"https:\\\/\\\/valenciasjb.salesianos.edu\\\/colegio\\\/el-colegio-instala-110-purificadores-de-aire-para-mejorar-todavia-mas-la-ventilacion-de-las-aulas-y-espacios-cerrados-del-centro\\\/\"},\"author\":{\"name\":\"veronicapastor\",\"@id\":\"https:\\\/\\\/valenciasjb.salesianos.edu\\\/colegio\\\/#\\\/schema\\\/person\\\/1f45b67e52b27da175190a574db6bed9\"},\"headline\":\"El Colegio instala 110 purificadores de aire para mejorar todav\u00eda m\u00e1s la ventilaci\u00f3n de las aulas y espacios cerrados del centro\",\"datePublished\":\"2021-01-26T08:43:49+00:00\",\"dateModified\":\"2021-01-26T08:43:52+00:00\",\"mainEntityOfPage\":{\"@id\":\"https:\\\/\\\/valenciasjb.salesianos.edu\\\/colegio\\\/el-colegio-instala-110-purificadores-de-aire-para-mejorar-todavia-mas-la-ventilacion-de-las-aulas-y-espacios-cerrados-del-centro\\\/\"},\"wordCount\":489,\"image\":{\"@id\":\"https:\\\/\\\/valenciasjb.salesianos.edu\\\/colegio\\\/el-colegio-instala-110-purificadores-de-aire-para-mejorar-todavia-mas-la-ventilacion-de-las-aulas-y-espacios-cerrados-del-centro\\\/#primaryimage\"},\"thumbnailUrl\":\"https:\\\/\\\/valenciasjb.salesianos.edu\\\/colegio\\\/wp-content\\\/uploads\\\/sites\\\/2\\\/2021\\\/01\\\/sketch-1611650516804.jpg\",\"articleSection\":[\"Noticia Colegio\"],\"inLanguage\":\"es\"},{\"@type\":\"WebPage\",\"@id\":\"https:\\\/\\\/valenciasjb.salesianos.edu\\\/colegio\\\/el-colegio-instala-110-purificadores-de-aire-para-mejorar-todavia-mas-la-ventilacion-de-las-aulas-y-espacios-cerrados-del-centro\\\/\",\"url\":\"https:\\\/\\\/valenciasjb.salesianos.edu\\\/colegio\\\/el-colegio-instala-110-purificadores-de-aire-para-mejorar-todavia-mas-la-ventilacion-de-las-aulas-y-espacios-cerrados-del-centro\\\/\",\"name\":\"El Colegio instala 110 purificadores de aire para mejorar todav\u00eda m\u00e1s la ventilaci\u00f3n de las aulas y espacios cerrados del centro - Colegio San Juan Bosco Valencia\",\"isPartOf\":{\"@id\":\"https:\\\/\\\/valenciasjb.salesianos.edu\\\/colegio\\\/#website\"},\"primaryImageOfPage\":{\"@id\":\"https:\\\/\\\/valenciasjb.salesianos.edu\\\/colegio\\\/el-colegio-instala-110-purificadores-de-aire-para-mejorar-todavia-mas-la-ventilacion-de-las-aulas-y-espacios-cerrados-del-centro\\\/#primaryimage\"},\"image\":{\"@id\":\"https:\\\/\\\/valenciasjb.salesianos.edu\\\/colegio\\\/el-colegio-instala-110-purificadores-de-aire-para-mejorar-todavia-mas-la-ventilacion-de-las-aulas-y-espacios-cerrados-del-centro\\\/#primaryimage\"},\"thumbnailUrl\":\"https:\\\/\\\/valenciasjb.salesianos.edu\\\/colegio\\\/wp-content\\\/uploads\\\/sites\\\/2\\\/2021\\\/01\\\/sketch-1611650516804.jpg\",\"datePublished\":\"2021-01-26T08:43:49+00:00\",\"dateModified\":\"2021-01-26T08:43:52+00:00\",\"author\":{\"@id\":\"https:\\\/\\\/valenciasjb.salesianos.edu\\\/colegio\\\/#\\\/schema\\\/person\\\/1f45b67e52b27da175190a574db6bed9\"},\"breadcrumb\":{\"@id\":\"https:\\\/\\\/valenciasjb.salesianos.edu\\\/colegio\\\/el-colegio-instala-110-purificadores-de-aire-para-mejorar-todavia-mas-la-ventilacion-de-las-aulas-y-espacios-cerrados-del-centro\\\/#breadcrumb\"},\"inLanguage\":\"es\",\"potentialAction\":[{\"@type\":\"ReadAction\",\"target\":[\"https:\\\/\\\/valenciasjb.salesianos.edu\\\/colegio\\\/el-colegio-instala-110-purificadores-de-aire-para-mejorar-todavia-mas-la-ventilacion-de-las-aulas-y-espacios-cerrados-del-centro\\\/\"]}]},{\"@type\":\"ImageObject\",\"inLanguage\":\"es\",\"@id\":\"https:\\\/\\\/valenciasjb.salesianos.edu\\\/colegio\\\/el-colegio-instala-110-purificadores-de-aire-para-mejorar-todavia-mas-la-ventilacion-de-las-aulas-y-espacios-cerrados-del-centro\\\/#primaryimage\",\"url\":\"https:\\\/\\\/valenciasjb.salesianos.edu\\\/colegio\\\/wp-content\\\/uploads\\\/sites\\\/2\\\/2021\\\/01\\\/sketch-1611650516804.jpg\",\"contentUrl\":\"https:\\\/\\\/valenciasjb.salesianos.edu\\\/colegio\\\/wp-content\\\/uploads\\\/sites\\\/2\\\/2021\\\/01\\\/sketch-1611650516804.jpg\",\"width\":1440,\"height\":1080},{\"@type\":\"BreadcrumbList\",\"@id\":\"https:\\\/\\\/valenciasjb.salesianos.edu\\\/colegio\\\/el-colegio-instala-110-purificadores-de-aire-para-mejorar-todavia-mas-la-ventilacion-de-las-aulas-y-espacios-cerrados-del-centro\\\/#breadcrumb\",\"itemListElement\":[{\"@type\":\"ListItem\",\"position\":1,\"name\":\"Portada\",\"item\":\"https:\\\/\\\/valenciasjb.salesianos.edu\\\/colegio\\\/\"},{\"@type\":\"ListItem\",\"position\":2,\"name\":\"El Colegio instala 110 purificadores de aire para mejorar todav\u00eda m\u00e1s la ventilaci\u00f3n de las aulas y espacios cerrados del centro\"}]},{\"@type\":\"WebSite\",\"@id\":\"https:\\\/\\\/valenciasjb.salesianos.edu\\\/colegio\\\/#website\",\"url\":\"https:\\\/\\\/valenciasjb.salesianos.edu\\\/colegio\\\/\",\"name\":\"Colegio San Juan Bosco Valencia\",\"description\":\"P\u00e1gina oficial del Colegio Salesianos San Juan Bosco Valencia\",\"alternateName\":\"Salesianos.VSJB\",\"potentialAction\":[{\"@type\":\"SearchAction\",\"target\":{\"@type\":\"EntryPoint\",\"urlTemplate\":\"https:\\\/\\\/valenciasjb.salesianos.edu\\\/colegio\\\/?s={search_term_string}\"},\"query-input\":{\"@type\":\"PropertyValueSpecification\",\"valueRequired\":true,\"valueName\":\"search_term_string\"}}],\"inLanguage\":\"es\"},{\"@type\":\"Person\",\"@id\":\"https:\\\/\\\/valenciasjb.salesianos.edu\\\/colegio\\\/#\\\/schema\\\/person\\\/1f45b67e52b27da175190a574db6bed9\",\"name\":\"veronicapastor\",\"image\":{\"@type\":\"ImageObject\",\"inLanguage\":\"es\",\"@id\":\"https:\\\/\\\/secure.gravatar.com\\\/avatar\\\/e29bd40bace3fd935e1d6fdb7313ffc14628cc037c5e16f4c7369b20a2a6f7f0?s=96&d=mm&r=g\",\"url\":\"https:\\\/\\\/secure.gravatar.com\\\/avatar\\\/e29bd40bace3fd935e1d6fdb7313ffc14628cc037c5e16f4c7369b20a2a6f7f0?s=96&d=mm&r=g\",\"contentUrl\":\"https:\\\/\\\/secure.gravatar.com\\\/avatar\\\/e29bd40bace3fd935e1d6fdb7313ffc14628cc037c5e16f4c7369b20a2a6f7f0?s=96&d=mm&r=g\",\"caption\":\"veronicapastor\"}}]}<\/script>\n<!-- \/ Yoast SEO plugin. -->","yoast_head_json":{"title":"El Colegio instala 110 purificadores de aire para mejorar todav\u00eda m\u00e1s la ventilaci\u00f3n de las aulas y espacios cerrados del centro - Colegio San Juan Bosco Valencia","robots":{"index":"index","follow":"follow","max-snippet":"max-snippet:-1","max-image-preview":"max-image-preview:large","max-video-preview":"max-video-preview:-1"},"canonical":"https:\/\/valenciasjb.salesianos.edu\/colegio\/el-colegio-instala-110-purificadores-de-aire-para-mejorar-todavia-mas-la-ventilacion-de-las-aulas-y-espacios-cerrados-del-centro\/","og_locale":"es_ES","og_type":"article","og_title":"El Colegio instala 110 purificadores de aire para mejorar todav\u00eda m\u00e1s la ventilaci\u00f3n de las aulas y espacios cerrados del centro - Colegio San Juan Bosco Valencia","og_description":"El personal de mantenimiento del centro ya est\u00e1 instalando los equipos para que se encuentren a pleno funcionamiento lo antes posible. Este sistema ser\u00e1 un complemento a la ventilaci\u00f3n natural, que se viene aplicando desde el inicio de curso en todas las aulas. De esta forma, el Colegio da un paso m\u00e1s para garantizar la [&hellip;]","og_url":"https:\/\/valenciasjb.salesianos.edu\/colegio\/el-colegio-instala-110-purificadores-de-aire-para-mejorar-todavia-mas-la-ventilacion-de-las-aulas-y-espacios-cerrados-del-centro\/","og_site_name":"Colegio San Juan Bosco Valencia","article_publisher":"https:\/\/www.facebook.com\/ColegioSalesianoSanJuanBoscoValencia","article_published_time":"2021-01-26T08:43:49+00:00","article_modified_time":"2021-01-26T08:43:52+00:00","og_image":[{"width":1440,"height":1080,"url":"https:\/\/valenciasjb.salesianos.edu\/colegio\/wp-content\/uploads\/sites\/2\/2021\/01\/sketch-1611650516804.jpg","type":"image\/jpeg"}],"author":"veronicapastor","twitter_card":"summary_large_image","twitter_creator":"@SalesianosVSJB","twitter_site":"@SalesianosVSJB","twitter_misc":{"Escrito por":"veronicapastor","Tiempo de lectura":"2 minutos"},"schema":{"@context":"https:\/\/schema.org","@graph":[{"@type":"Article","@id":"https:\/\/valenciasjb.salesianos.edu\/colegio\/el-colegio-instala-110-purificadores-de-aire-para-mejorar-todavia-mas-la-ventilacion-de-las-aulas-y-espacios-cerrados-del-centro\/#article","isPartOf":{"@id":"https:\/\/valenciasjb.salesianos.edu\/colegio\/el-colegio-instala-110-purificadores-de-aire-para-mejorar-todavia-mas-la-ventilacion-de-las-aulas-y-espacios-cerrados-del-centro\/"},"author":{"name":"veronicapastor","@id":"https:\/\/valenciasjb.salesianos.edu\/colegio\/#\/schema\/person\/1f45b67e52b27da175190a574db6bed9"},"headline":"El Colegio instala 110 purificadores de aire para mejorar todav\u00eda m\u00e1s la ventilaci\u00f3n de las aulas y espacios cerrados del centro","datePublished":"2021-01-26T08:43:49+00:00","dateModified":"2021-01-26T08:43:52+00:00","mainEntityOfPage":{"@id":"https:\/\/valenciasjb.salesianos.edu\/colegio\/el-colegio-instala-110-purificadores-de-aire-para-mejorar-todavia-mas-la-ventilacion-de-las-aulas-y-espacios-cerrados-del-centro\/"},"wordCount":489,"image":{"@id":"https:\/\/valenciasjb.salesianos.edu\/colegio\/el-colegio-instala-110-purificadores-de-aire-para-mejorar-todavia-mas-la-ventilacion-de-las-aulas-y-espacios-cerrados-del-centro\/#primaryimage"},"thumbnailUrl":"https:\/\/valenciasjb.salesianos.edu\/colegio\/wp-content\/uploads\/sites\/2\/2021\/01\/sketch-1611650516804.jpg","articleSection":["Noticia Colegio"],"inLanguage":"es"},{"@type":"WebPage","@id":"https:\/\/valenciasjb.salesianos.edu\/colegio\/el-colegio-instala-110-purificadores-de-aire-para-mejorar-todavia-mas-la-ventilacion-de-las-aulas-y-espacios-cerrados-del-centro\/","url":"https:\/\/valenciasjb.salesianos.edu\/colegio\/el-colegio-instala-110-purificadores-de-aire-para-mejorar-todavia-mas-la-ventilacion-de-las-aulas-y-espacios-cerrados-del-centro\/","name":"El Colegio instala 110 purificadores de aire para mejorar todav\u00eda m\u00e1s la ventilaci\u00f3n de las aulas y espacios cerrados del centro - Colegio San Juan Bosco Valencia","isPartOf":{"@id":"https:\/\/valenciasjb.salesianos.edu\/colegio\/#website"},"primaryImageOfPage":{"@id":"https:\/\/valenciasjb.salesianos.edu\/colegio\/el-colegio-instala-110-purificadores-de-aire-para-mejorar-todavia-mas-la-ventilacion-de-las-aulas-y-espacios-cerrados-del-centro\/#primaryimage"},"image":{"@id":"https:\/\/valenciasjb.salesianos.edu\/colegio\/el-colegio-instala-110-purificadores-de-aire-para-mejorar-todavia-mas-la-ventilacion-de-las-aulas-y-espacios-cerrados-del-centro\/#primaryimage"},"thumbnailUrl":"https:\/\/valenciasjb.salesianos.edu\/colegio\/wp-content\/uploads\/sites\/2\/2021\/01\/sketch-1611650516804.jpg","datePublished":"2021-01-26T08:43:49+00:00","dateModified":"2021-01-26T08:43:52+00:00","author":{"@id":"https:\/\/valenciasjb.salesianos.edu\/colegio\/#\/schema\/person\/1f45b67e52b27da175190a574db6bed9"},"breadcrumb":{"@id":"https:\/\/valenciasjb.salesianos.edu\/colegio\/el-colegio-instala-110-purificadores-de-aire-para-mejorar-todavia-mas-la-ventilacion-de-las-aulas-y-espacios-cerrados-del-centro\/#breadcrumb"},"inLanguage":"es","potentialAction":[{"@type":"ReadAction","target":["https:\/\/valenciasjb.salesianos.edu\/colegio\/el-colegio-instala-110-purificadores-de-aire-para-mejorar-todavia-mas-la-ventilacion-de-las-aulas-y-espacios-cerrados-del-centro\/"]}]},{"@type":"ImageObject","inLanguage":"es","@id":"https:\/\/valenciasjb.salesianos.edu\/colegio\/el-colegio-instala-110-purificadores-de-aire-para-mejorar-todavia-mas-la-ventilacion-de-las-aulas-y-espacios-cerrados-del-centro\/#primaryimage","url":"https:\/\/valenciasjb.salesianos.edu\/colegio\/wp-content\/uploads\/sites\/2\/2021\/01\/sketch-1611650516804.jpg","contentUrl":"https:\/\/valenciasjb.salesianos.edu\/colegio\/wp-content\/uploads\/sites\/2\/2021\/01\/sketch-1611650516804.jpg","width":1440,"height":1080},{"@type":"BreadcrumbList","@id":"https:\/\/valenciasjb.salesianos.edu\/colegio\/el-colegio-instala-110-purificadores-de-aire-para-mejorar-todavia-mas-la-ventilacion-de-las-aulas-y-espacios-cerrados-del-centro\/#breadcrumb","itemListElement":[{"@type":"ListItem","position":1,"name":"Portada","item":"https:\/\/valenciasjb.salesianos.edu\/colegio\/"},{"@type":"ListItem","position":2,"name":"El Colegio instala 110 purificadores de aire para mejorar todav\u00eda m\u00e1s la ventilaci\u00f3n de las aulas y espacios cerrados del centro"}]},{"@type":"WebSite","@id":"https:\/\/valenciasjb.salesianos.edu\/colegio\/#website","url":"https:\/\/valenciasjb.salesianos.edu\/colegio\/","name":"Colegio San Juan Bosco Valencia","description":"P\u00e1gina oficial del Colegio Salesianos San Juan Bosco Valencia","alternateName":"Salesianos.VSJB","potentialAction":[{"@type":"SearchAction","target":{"@type":"EntryPoint","urlTemplate":"https:\/\/valenciasjb.salesianos.edu\/colegio\/?s={search_term_string}"},"query-input":{"@type":"PropertyValueSpecification","valueRequired":true,"valueName":"search_term_string"}}],"inLanguage":"es"},{"@type":"Person","@id":"https:\/\/valenciasjb.salesianos.edu\/colegio\/#\/schema\/person\/1f45b67e52b27da175190a574db6bed9","name":"veronicapastor","image":{"@type":"ImageObject","inLanguage":"es","@id":"https:\/\/secure.gravatar.com\/avatar\/e29bd40bace3fd935e1d6fdb7313ffc14628cc037c5e16f4c7369b20a2a6f7f0?s=96&d=mm&r=g","url":"https:\/\/secure.gravatar.com\/avatar\/e29bd40bace3fd935e1d6fdb7313ffc14628cc037c5e16f4c7369b20a2a6f7f0?s=96&d=mm&r=g","contentUrl":"https:\/\/secure.gravatar.com\/avatar\/e29bd40bace3fd935e1d6fdb7313ffc14628cc037c5e16f4c7369b20a2a6f7f0?s=96&d=mm&r=g","caption":"veronicapastor"}}]}},"_links":{"self":[{"href":"https:\/\/valenciasjb.salesianos.edu\/colegio\/wp-json\/wp\/v2\/posts\/14749","targetHints":{"allow":["GET"]}}],"collection":[{"href":"https:\/\/valenciasjb.salesianos.edu\/colegio\/wp-json\/wp\/v2\/posts"}],"about":[{"href":"https:\/\/valenciasjb.salesianos.edu\/colegio\/wp-json\/wp\/v2\/types\/post"}],"author":[{"embeddable":true,"href":"https:\/\/valenciasjb.salesianos.edu\/colegio\/wp-json\/wp\/v2\/users\/6"}],"replies":[{"embeddable":true,"href":"https:\/\/valenciasjb.salesianos.edu\/colegio\/wp-json\/wp\/v2\/comments?post=14749"}],"version-history":[{"count":4,"href":"https:\/\/valenciasjb.salesianos.edu\/colegio\/wp-json\/wp\/v2\/posts\/14749\/revisions"}],"predecessor-version":[{"id":14755,"href":"https:\/\/valenciasjb.salesianos.edu\/colegio\/wp-json\/wp\/v2\/posts\/14749\/revisions\/14755"}],"wp:featuredmedia":[{"embeddable":true,"href":"https:\/\/valenciasjb.salesianos.edu\/colegio\/wp-json\/wp\/v2\/media\/14752"}],"wp:attachment":[{"href":"https:\/\/valenciasjb.salesianos.edu\/colegio\/wp-json\/wp\/v2\/media?parent=14749"}],"wp:term":[{"taxonomy":"category","embeddable":true,"href":"https:\/\/valenciasjb.salesianos.edu\/colegio\/wp-json\/wp\/v2\/categories?post=14749"},{"taxonomy":"post_tag","embeddable":true,"href":"https:\/\/valenciasjb.salesianos.edu\/colegio\/wp-json\/wp\/v2\/tags?post=14749"}],"curies":[{"name":"wp","href":"https:\/\/api.w.org\/{rel}","templated":true}]}}