{"id":14759,"date":"2021-01-29T20:38:07","date_gmt":"2021-01-29T19:38:07","guid":{"rendered":"https:\/\/valenciasjb.salesianos.edu\/colegio\/?p=14759"},"modified":"2021-01-29T21:36:35","modified_gmt":"2021-01-29T20:36:35","slug":"el-colegio-vive-la-fiesta-de-don-bosco-adaptandose-a-la-situacion-actual-pero-siempre-con-una-sonrisa","status":"publish","type":"post","link":"https:\/\/valenciasjb.salesianos.edu\/colegio\/el-colegio-vive-la-fiesta-de-don-bosco-adaptandose-a-la-situacion-actual-pero-siempre-con-una-sonrisa\/","title":{"rendered":"El colegio vive la fiesta de Don Bosco, adapt\u00e1ndose a la situaci\u00f3n actual, pero siempre con una sonrisa"},"content":{"rendered":"<div id=\"fb-root\"><\/div>\n<p>[et_pb_section fb_built=\u00bb1&#8243; admin_label=\u00bbsection\u00bb _builder_version=\u00bb3.22&#8243;][et_pb_row admin_label=\u00bbrow\u00bb _builder_version=\u00bb3.25&#8243; background_size=\u00bbinitial\u00bb background_position=\u00bbtop_left\u00bb background_repeat=\u00bbrepeat\u00bb][et_pb_column type=\u00bb4_4&#8243; _builder_version=\u00bb3.25&#8243; custom_padding=\u00bb|||\u00bb custom_padding__hover=\u00bb|||\u00bb][et_pb_text admin_label=\u00bbEntradilla (Texto)\u00bb _builder_version=\u00bb4.8.1&#8243; text_font=\u00bb|on|||\u00bb text_orientation=\u00bbjustified\u00bb module_alignment=\u00bbjustified\u00bb hover_enabled=\u00bb0&#8243; sticky_enabled=\u00bb0&#8243;]<\/p>\n<div id=\"resumen\">\n<div dir=\"auto\">El d\u00eda de la fiesta colegial de Don Bosco ha comenzado con un buenos d\u00edas en directo ma\u00f1ana a las 9.30h en nuestro canal de YouTube, abierto a toda la comunidad educativa: <a class=\"oajrlxb2 g5ia77u1 qu0x051f esr5mh6w e9989ue4 r7d6kgcz rq0escxv nhd2j8a9 nc684nl6 p7hjln8o kvgmc6g5 cxmmr5t8 oygrvhab hcukyx3x jb3vyjys rz4wbd8a qt6c0cv9 a8nywdso i1ao9s8h esuyzwwr f1sip0of lzcic4wl py34i1dx gpro0wi8\" role=\"link\" href=\"https:\/\/m.youtube.com\/watch?v=dzMBKkqk2VY&amp;feature=youtu.be&amp;fbclid=IwAR1i0p5k75txJ6mjLxv3gRZaVYEvHAOJJqGKA8Tw89B_y7BVynmYrwmVyOU\" target=\"_blank\" rel=\"nofollow noopener\">https:\/\/m.youtube.com\/watch?v=dzMBKkqk2VY&amp;feature=youtu.be.<\/a> A continuaci\u00f3n, han dado comienzo las distintas actividades organizadas dentro de cada clase, en infantil y primaria ambientadas en la tem\u00e1tica del circo, en honor a los or\u00edgenes de Don Bosco, y en ESO y Bachillerato orientadas a conocer un poco m\u00e1s la vida del santo. M\u00e1s all\u00e1 de las clases&#8230; las actividades extraescolares y comedor tambi\u00e9n han estado llenas de sorpresas y alegr\u00eda. La preparaci\u00f3n del d\u00eda y el montaje de los decorados y disfraces ha requerido de mucha preparaci\u00f3n y esfuerzo por parte de la direcci\u00f3n y los equipos de profesorado, educadores y PAS.<\/div>\n<\/div>\n<div>\u00a0<\/div>\n<p>[\/et_pb_text][et_pb_text admin_label=\u00bbAutor (Texto)\u00bb _builder_version=\u00bb4.8.1&#8243; text_font=\u00bb||on||\u00bb]<\/p>\n<p>Redacci\u00f3n.<\/p>\n<p>[\/et_pb_text][et_pb_text admin_label=\u00bbDesarrollo (Texto)\u00bb _builder_version=\u00bb4.8.1&#8243; text_orientation=\u00bbjustified\u00bb module_alignment=\u00bbjustified\u00bb]<\/p>\n<div dir=\"auto\"><img loading=\"lazy\" decoding=\"async\" class=\"wp-image-14788  aligncenter\" src=\"https:\/\/valenciasjb.salesianos.edu\/colegio\/wp-content\/uploads\/sites\/2\/2021\/01\/GRACIAS-300x240.jpg\" alt=\"\" width=\"354\" height=\"283\" \/><\/div>\n<div dir=\"auto\">\u00a0<\/div>\n<div dir=\"auto\">Hoy viernes, se ha celebrado en el colegio la fiesta escolar en honor a San Juan Bosco. El domingo ser\u00e1 la lit\u00fargica con la eucarist\u00eda de la Misa en familia, tras la cual se estrenar\u00e1 en redes el himno del 75 aniversario de la casa.<\/div>\n<div dir=\"auto\">\u00a0<\/div>\n<div dir=\"auto\">El personal del centro ha puesto todo su empe\u00f1o para que la fiesta de hoy fuera segura y llena de alegr\u00eda y entrega. Cada uno de los educadores de la casa, profesorado, PAS, educadores de comedor, extraescolares\u2026todos, hemos trabajado para que hoy fuera un d\u00eda especial para lo mejor que tenemos: el alumnado.<\/div>\n<div dir=\"auto\">\u00a0<\/div>\n<div dir=\"auto\">Que los j\u00f3venes, ni\u00f1os y ni\u00f1as, se sientan amados y que est\u00e9n siempre alegres eran dos de las grandes ense\u00f1anzas que Don Bosco nos transmiti\u00f3. En estos tiempos tan terribles no es f\u00e1cil, pero con la fuerza que emana de esta vocaci\u00f3n tan preciosa que es ser educador salesiano, se nos ha hecho imprescindible llevarlo a cabo.<\/div>\n<div dir=\"auto\">\u00a0<\/div>\n<div dir=\"auto\">Lo queremos hacer todos los d\u00edas. Eso de cuidarles con amor, entrega y alegr\u00eda, pero especialmente en el d\u00eda de la fiesta escolar de Don Bosco se nos hac\u00eda necesario.<\/div>\n<div dir=\"auto\">\u00a0<\/div>\n<div dir=\"auto\">De su mano y de su querida virgen, Mar\u00eda Auxiliadora, todo es posible. Y as\u00ed ha sido y as\u00ed la hemos disfrutado.<\/div>\n<div dir=\"auto\">\u00a0<\/div>\n<div dir=\"auto\">Felicidades a toda la comunidad educativa; vivamos con profundidad la fiesta del gran so\u00f1ador, Don Bosco.<\/div>\n<p>[\/et_pb_text][et_pb_text disabled_on=\u00bboff|on|on\u00bb admin_label=\u00bbT\u00edtulo: Galer\u00eda de fotos (Texto)\u00bb _builder_version=\u00bb3.27.4&#8243; text_font=\u00bb|on|||\u00bb text_text_color=\u00bb#dc001b\u00bb border_style=\u00bbsolid\u00bb]Galer\u00eda de im\u00e1genes[\/et_pb_text][et_pb_gallery gallery_ids=\u00bb14763,14764,14765,14766,14767,14768,14769,14770,14771,14772,14773,14774,14775,14776,14777,14778,14779,14780,14781,14782,14783&#8243; posts_number=\u00bb8&#8243; show_title_and_caption=\u00bboff\u00bb zoom_icon_color=\u00bb#dc001b\u00bb hover_icon=\u00bb%%51%%\u00bb disabled_on=\u00bboff|off|off\u00bb _builder_version=\u00bb4.8.1&#8243; pagination_font_size_tablet=\u00bb51&#8243; pagination_line_height_tablet=\u00bb2&#8243;][\/et_pb_gallery][et_pb_video disabled_on=\u00bbon|on|on\u00bb _builder_version=\u00bb3.0.51&#8243; disabled=\u00bbon\u00bb][\/et_pb_video][\/et_pb_column][\/et_pb_row][\/et_pb_section]<\/p>\n<!-- AddThis Advanced Settings generic via filter on the_content --><!-- AddThis Share Buttons generic via filter on the_content -->","protected":false},"excerpt":{"rendered":"<p>El d\u00eda de la fiesta colegial de Don Bosco ha comenzado con un buenos d\u00edas en directo ma\u00f1ana a las 9.30h en nuestro canal de YouTube, abierto a toda la comunidad educativa: https:\/\/m.youtube.com\/watch?v=dzMBKkqk2VY&amp;feature=youtu.be. A continuaci\u00f3n, han dado comienzo las distintas actividades organizadas dentro de cada clase, en infantil y primaria ambientadas en la tem\u00e1tica del [&hellip;]<\/p>\n<p><!-- AddThis Advanced Settings generic via filter on get_the_excerpt --><!-- AddThis Share Buttons generic via filter on get_the_excerpt --><\/p>\n","protected":false},"author":6,"featured_media":14776,"comment_status":"closed","ping_status":"open","sticky":false,"template":"","format":"standard","meta":{"_et_pb_use_builder":"on","_et_pb_old_content":"","_et_gb_content_width":"","footnotes":""},"categories":[14],"tags":[],"class_list":["post-14759","post","type-post","status-publish","format-standard","has-post-thumbnail","hentry","category-noticia_colegio"],"yoast_head":"<!-- This site is optimized with the Yoast SEO plugin v28.4 - https:\/\/yoast.com\/product\/yoast-seo-wordpress\/ -->\n<title>El colegio vive la fiesta de Don Bosco, adapt\u00e1ndose a la situaci\u00f3n actual, pero siempre con una sonrisa - Colegio San Juan Bosco Valencia<\/title>\n<meta name=\"robots\" content=\"index, follow, max-snippet:-1, max-image-preview:large, max-video-preview:-1\" \/>\n<link rel=\"canonical\" href=\"https:\/\/valenciasjb.salesianos.edu\/colegio\/el-colegio-vive-la-fiesta-de-don-bosco-adaptandose-a-la-situacion-actual-pero-siempre-con-una-sonrisa\/\" \/>\n<meta property=\"og:locale\" content=\"es_ES\" \/>\n<meta property=\"og:type\" content=\"article\" \/>\n<meta property=\"og:title\" content=\"El colegio vive la fiesta de Don Bosco, adapt\u00e1ndose a la situaci\u00f3n actual, pero siempre con una sonrisa - Colegio San Juan Bosco Valencia\" \/>\n<meta property=\"og:description\" content=\"El d\u00eda de la fiesta colegial de Don Bosco ha comenzado con un buenos d\u00edas en directo ma\u00f1ana a las 9.30h en nuestro canal de YouTube, abierto a toda la comunidad educativa: https:\/\/m.youtube.com\/watch?v=dzMBKkqk2VY&amp;feature=youtu.be. A continuaci\u00f3n, han dado comienzo las distintas actividades organizadas dentro de cada clase, en infantil y primaria ambientadas en la tem\u00e1tica del [&hellip;]\" \/>\n<meta property=\"og:url\" content=\"https:\/\/valenciasjb.salesianos.edu\/colegio\/el-colegio-vive-la-fiesta-de-don-bosco-adaptandose-a-la-situacion-actual-pero-siempre-con-una-sonrisa\/\" \/>\n<meta property=\"og:site_name\" content=\"Colegio San Juan Bosco Valencia\" \/>\n<meta property=\"article:publisher\" content=\"https:\/\/www.facebook.com\/ColegioSalesianoSanJuanBoscoValencia\" \/>\n<meta property=\"article:published_time\" content=\"2021-01-29T19:38:07+00:00\" \/>\n<meta property=\"article:modified_time\" content=\"2021-01-29T20:36:35+00:00\" \/>\n<meta property=\"og:image\" content=\"https:\/\/valenciasjb.salesianos.edu\/colegio\/wp-content\/uploads\/sites\/2\/2021\/01\/IMG-20210129-WA0139.jpg\" \/>\n\t<meta property=\"og:image:width\" content=\"1920\" \/>\n\t<meta property=\"og:image:height\" content=\"1080\" \/>\n\t<meta property=\"og:image:type\" content=\"image\/jpeg\" \/>\n<meta name=\"author\" content=\"veronicapastor\" \/>\n<meta name=\"twitter:card\" content=\"summary_large_image\" \/>\n<meta name=\"twitter:creator\" content=\"@SalesianosVSJB\" \/>\n<meta name=\"twitter:site\" content=\"@SalesianosVSJB\" \/>\n<meta name=\"twitter:label1\" content=\"Escrito por\" \/>\n\t<meta name=\"twitter:data1\" content=\"veronicapastor\" \/>\n\t<meta name=\"twitter:label2\" content=\"Tiempo de lectura\" \/>\n\t<meta name=\"twitter:data2\" content=\"3 minutos\" \/>\n<script type=\"application\/ld+json\" class=\"yoast-schema-graph\">{\"@context\":\"https:\\\/\\\/schema.org\",\"@graph\":[{\"@type\":\"Article\",\"@id\":\"https:\\\/\\\/valenciasjb.salesianos.edu\\\/colegio\\\/el-colegio-vive-la-fiesta-de-don-bosco-adaptandose-a-la-situacion-actual-pero-siempre-con-una-sonrisa\\\/#article\",\"isPartOf\":{\"@id\":\"https:\\\/\\\/valenciasjb.salesianos.edu\\\/colegio\\\/el-colegio-vive-la-fiesta-de-don-bosco-adaptandose-a-la-situacion-actual-pero-siempre-con-una-sonrisa\\\/\"},\"author\":{\"name\":\"veronicapastor\",\"@id\":\"https:\\\/\\\/valenciasjb.salesianos.edu\\\/colegio\\\/#\\\/schema\\\/person\\\/1f45b67e52b27da175190a574db6bed9\"},\"headline\":\"El colegio vive la fiesta de Don Bosco, adapt\u00e1ndose a la situaci\u00f3n actual, pero siempre con una sonrisa\",\"datePublished\":\"2021-01-29T19:38:07+00:00\",\"dateModified\":\"2021-01-29T20:36:35+00:00\",\"mainEntityOfPage\":{\"@id\":\"https:\\\/\\\/valenciasjb.salesianos.edu\\\/colegio\\\/el-colegio-vive-la-fiesta-de-don-bosco-adaptandose-a-la-situacion-actual-pero-siempre-con-una-sonrisa\\\/\"},\"wordCount\":613,\"image\":{\"@id\":\"https:\\\/\\\/valenciasjb.salesianos.edu\\\/colegio\\\/el-colegio-vive-la-fiesta-de-don-bosco-adaptandose-a-la-situacion-actual-pero-siempre-con-una-sonrisa\\\/#primaryimage\"},\"thumbnailUrl\":\"https:\\\/\\\/valenciasjb.salesianos.edu\\\/colegio\\\/wp-content\\\/uploads\\\/sites\\\/2\\\/2021\\\/01\\\/IMG-20210129-WA0139.jpg\",\"articleSection\":[\"Noticia Colegio\"],\"inLanguage\":\"es\"},{\"@type\":\"WebPage\",\"@id\":\"https:\\\/\\\/valenciasjb.salesianos.edu\\\/colegio\\\/el-colegio-vive-la-fiesta-de-don-bosco-adaptandose-a-la-situacion-actual-pero-siempre-con-una-sonrisa\\\/\",\"url\":\"https:\\\/\\\/valenciasjb.salesianos.edu\\\/colegio\\\/el-colegio-vive-la-fiesta-de-don-bosco-adaptandose-a-la-situacion-actual-pero-siempre-con-una-sonrisa\\\/\",\"name\":\"El colegio vive la fiesta de Don Bosco, adapt\u00e1ndose a la situaci\u00f3n actual, pero siempre con una sonrisa - Colegio San Juan Bosco Valencia\",\"isPartOf\":{\"@id\":\"https:\\\/\\\/valenciasjb.salesianos.edu\\\/colegio\\\/#website\"},\"primaryImageOfPage\":{\"@id\":\"https:\\\/\\\/valenciasjb.salesianos.edu\\\/colegio\\\/el-colegio-vive-la-fiesta-de-don-bosco-adaptandose-a-la-situacion-actual-pero-siempre-con-una-sonrisa\\\/#primaryimage\"},\"image\":{\"@id\":\"https:\\\/\\\/valenciasjb.salesianos.edu\\\/colegio\\\/el-colegio-vive-la-fiesta-de-don-bosco-adaptandose-a-la-situacion-actual-pero-siempre-con-una-sonrisa\\\/#primaryimage\"},\"thumbnailUrl\":\"https:\\\/\\\/valenciasjb.salesianos.edu\\\/colegio\\\/wp-content\\\/uploads\\\/sites\\\/2\\\/2021\\\/01\\\/IMG-20210129-WA0139.jpg\",\"datePublished\":\"2021-01-29T19:38:07+00:00\",\"dateModified\":\"2021-01-29T20:36:35+00:00\",\"author\":{\"@id\":\"https:\\\/\\\/valenciasjb.salesianos.edu\\\/colegio\\\/#\\\/schema\\\/person\\\/1f45b67e52b27da175190a574db6bed9\"},\"breadcrumb\":{\"@id\":\"https:\\\/\\\/valenciasjb.salesianos.edu\\\/colegio\\\/el-colegio-vive-la-fiesta-de-don-bosco-adaptandose-a-la-situacion-actual-pero-siempre-con-una-sonrisa\\\/#breadcrumb\"},\"inLanguage\":\"es\",\"potentialAction\":[{\"@type\":\"ReadAction\",\"target\":[\"https:\\\/\\\/valenciasjb.salesianos.edu\\\/colegio\\\/el-colegio-vive-la-fiesta-de-don-bosco-adaptandose-a-la-situacion-actual-pero-siempre-con-una-sonrisa\\\/\"]}]},{\"@type\":\"ImageObject\",\"inLanguage\":\"es\",\"@id\":\"https:\\\/\\\/valenciasjb.salesianos.edu\\\/colegio\\\/el-colegio-vive-la-fiesta-de-don-bosco-adaptandose-a-la-situacion-actual-pero-siempre-con-una-sonrisa\\\/#primaryimage\",\"url\":\"https:\\\/\\\/valenciasjb.salesianos.edu\\\/colegio\\\/wp-content\\\/uploads\\\/sites\\\/2\\\/2021\\\/01\\\/IMG-20210129-WA0139.jpg\",\"contentUrl\":\"https:\\\/\\\/valenciasjb.salesianos.edu\\\/colegio\\\/wp-content\\\/uploads\\\/sites\\\/2\\\/2021\\\/01\\\/IMG-20210129-WA0139.jpg\",\"width\":1920,\"height\":1080},{\"@type\":\"BreadcrumbList\",\"@id\":\"https:\\\/\\\/valenciasjb.salesianos.edu\\\/colegio\\\/el-colegio-vive-la-fiesta-de-don-bosco-adaptandose-a-la-situacion-actual-pero-siempre-con-una-sonrisa\\\/#breadcrumb\",\"itemListElement\":[{\"@type\":\"ListItem\",\"position\":1,\"name\":\"Portada\",\"item\":\"https:\\\/\\\/valenciasjb.salesianos.edu\\\/colegio\\\/\"},{\"@type\":\"ListItem\",\"position\":2,\"name\":\"El colegio vive la fiesta de Don Bosco, adapt\u00e1ndose a la situaci\u00f3n actual, pero siempre con una sonrisa\"}]},{\"@type\":\"WebSite\",\"@id\":\"https:\\\/\\\/valenciasjb.salesianos.edu\\\/colegio\\\/#website\",\"url\":\"https:\\\/\\\/valenciasjb.salesianos.edu\\\/colegio\\\/\",\"name\":\"Colegio San Juan Bosco Valencia\",\"description\":\"P\u00e1gina oficial del Colegio Salesianos San Juan Bosco Valencia\",\"alternateName\":\"Salesianos.VSJB\",\"potentialAction\":[{\"@type\":\"SearchAction\",\"target\":{\"@type\":\"EntryPoint\",\"urlTemplate\":\"https:\\\/\\\/valenciasjb.salesianos.edu\\\/colegio\\\/?s={search_term_string}\"},\"query-input\":{\"@type\":\"PropertyValueSpecification\",\"valueRequired\":true,\"valueName\":\"search_term_string\"}}],\"inLanguage\":\"es\"},{\"@type\":\"Person\",\"@id\":\"https:\\\/\\\/valenciasjb.salesianos.edu\\\/colegio\\\/#\\\/schema\\\/person\\\/1f45b67e52b27da175190a574db6bed9\",\"name\":\"veronicapastor\",\"image\":{\"@type\":\"ImageObject\",\"inLanguage\":\"es\",\"@id\":\"https:\\\/\\\/secure.gravatar.com\\\/avatar\\\/e29bd40bace3fd935e1d6fdb7313ffc14628cc037c5e16f4c7369b20a2a6f7f0?s=96&d=mm&r=g\",\"url\":\"https:\\\/\\\/secure.gravatar.com\\\/avatar\\\/e29bd40bace3fd935e1d6fdb7313ffc14628cc037c5e16f4c7369b20a2a6f7f0?s=96&d=mm&r=g\",\"contentUrl\":\"https:\\\/\\\/secure.gravatar.com\\\/avatar\\\/e29bd40bace3fd935e1d6fdb7313ffc14628cc037c5e16f4c7369b20a2a6f7f0?s=96&d=mm&r=g\",\"caption\":\"veronicapastor\"}}]}<\/script>\n<!-- \/ Yoast SEO plugin. -->","yoast_head_json":{"title":"El colegio vive la fiesta de Don Bosco, adapt\u00e1ndose a la situaci\u00f3n actual, pero siempre con una sonrisa - Colegio San Juan Bosco Valencia","robots":{"index":"index","follow":"follow","max-snippet":"max-snippet:-1","max-image-preview":"max-image-preview:large","max-video-preview":"max-video-preview:-1"},"canonical":"https:\/\/valenciasjb.salesianos.edu\/colegio\/el-colegio-vive-la-fiesta-de-don-bosco-adaptandose-a-la-situacion-actual-pero-siempre-con-una-sonrisa\/","og_locale":"es_ES","og_type":"article","og_title":"El colegio vive la fiesta de Don Bosco, adapt\u00e1ndose a la situaci\u00f3n actual, pero siempre con una sonrisa - Colegio San Juan Bosco Valencia","og_description":"El d\u00eda de la fiesta colegial de Don Bosco ha comenzado con un buenos d\u00edas en directo ma\u00f1ana a las 9.30h en nuestro canal de YouTube, abierto a toda la comunidad educativa: https:\/\/m.youtube.com\/watch?v=dzMBKkqk2VY&amp;feature=youtu.be. A continuaci\u00f3n, han dado comienzo las distintas actividades organizadas dentro de cada clase, en infantil y primaria ambientadas en la tem\u00e1tica del [&hellip;]","og_url":"https:\/\/valenciasjb.salesianos.edu\/colegio\/el-colegio-vive-la-fiesta-de-don-bosco-adaptandose-a-la-situacion-actual-pero-siempre-con-una-sonrisa\/","og_site_name":"Colegio San Juan Bosco Valencia","article_publisher":"https:\/\/www.facebook.com\/ColegioSalesianoSanJuanBoscoValencia","article_published_time":"2021-01-29T19:38:07+00:00","article_modified_time":"2021-01-29T20:36:35+00:00","og_image":[{"width":1920,"height":1080,"url":"https:\/\/valenciasjb.salesianos.edu\/colegio\/wp-content\/uploads\/sites\/2\/2021\/01\/IMG-20210129-WA0139.jpg","type":"image\/jpeg"}],"author":"veronicapastor","twitter_card":"summary_large_image","twitter_creator":"@SalesianosVSJB","twitter_site":"@SalesianosVSJB","twitter_misc":{"Escrito por":"veronicapastor","Tiempo de lectura":"3 minutos"},"schema":{"@context":"https:\/\/schema.org","@graph":[{"@type":"Article","@id":"https:\/\/valenciasjb.salesianos.edu\/colegio\/el-colegio-vive-la-fiesta-de-don-bosco-adaptandose-a-la-situacion-actual-pero-siempre-con-una-sonrisa\/#article","isPartOf":{"@id":"https:\/\/valenciasjb.salesianos.edu\/colegio\/el-colegio-vive-la-fiesta-de-don-bosco-adaptandose-a-la-situacion-actual-pero-siempre-con-una-sonrisa\/"},"author":{"name":"veronicapastor","@id":"https:\/\/valenciasjb.salesianos.edu\/colegio\/#\/schema\/person\/1f45b67e52b27da175190a574db6bed9"},"headline":"El colegio vive la fiesta de Don Bosco, adapt\u00e1ndose a la situaci\u00f3n actual, pero siempre con una sonrisa","datePublished":"2021-01-29T19:38:07+00:00","dateModified":"2021-01-29T20:36:35+00:00","mainEntityOfPage":{"@id":"https:\/\/valenciasjb.salesianos.edu\/colegio\/el-colegio-vive-la-fiesta-de-don-bosco-adaptandose-a-la-situacion-actual-pero-siempre-con-una-sonrisa\/"},"wordCount":613,"image":{"@id":"https:\/\/valenciasjb.salesianos.edu\/colegio\/el-colegio-vive-la-fiesta-de-don-bosco-adaptandose-a-la-situacion-actual-pero-siempre-con-una-sonrisa\/#primaryimage"},"thumbnailUrl":"https:\/\/valenciasjb.salesianos.edu\/colegio\/wp-content\/uploads\/sites\/2\/2021\/01\/IMG-20210129-WA0139.jpg","articleSection":["Noticia Colegio"],"inLanguage":"es"},{"@type":"WebPage","@id":"https:\/\/valenciasjb.salesianos.edu\/colegio\/el-colegio-vive-la-fiesta-de-don-bosco-adaptandose-a-la-situacion-actual-pero-siempre-con-una-sonrisa\/","url":"https:\/\/valenciasjb.salesianos.edu\/colegio\/el-colegio-vive-la-fiesta-de-don-bosco-adaptandose-a-la-situacion-actual-pero-siempre-con-una-sonrisa\/","name":"El colegio vive la fiesta de Don Bosco, adapt\u00e1ndose a la situaci\u00f3n actual, pero siempre con una sonrisa - Colegio San Juan Bosco Valencia","isPartOf":{"@id":"https:\/\/valenciasjb.salesianos.edu\/colegio\/#website"},"primaryImageOfPage":{"@id":"https:\/\/valenciasjb.salesianos.edu\/colegio\/el-colegio-vive-la-fiesta-de-don-bosco-adaptandose-a-la-situacion-actual-pero-siempre-con-una-sonrisa\/#primaryimage"},"image":{"@id":"https:\/\/valenciasjb.salesianos.edu\/colegio\/el-colegio-vive-la-fiesta-de-don-bosco-adaptandose-a-la-situacion-actual-pero-siempre-con-una-sonrisa\/#primaryimage"},"thumbnailUrl":"https:\/\/valenciasjb.salesianos.edu\/colegio\/wp-content\/uploads\/sites\/2\/2021\/01\/IMG-20210129-WA0139.jpg","datePublished":"2021-01-29T19:38:07+00:00","dateModified":"2021-01-29T20:36:35+00:00","author":{"@id":"https:\/\/valenciasjb.salesianos.edu\/colegio\/#\/schema\/person\/1f45b67e52b27da175190a574db6bed9"},"breadcrumb":{"@id":"https:\/\/valenciasjb.salesianos.edu\/colegio\/el-colegio-vive-la-fiesta-de-don-bosco-adaptandose-a-la-situacion-actual-pero-siempre-con-una-sonrisa\/#breadcrumb"},"inLanguage":"es","potentialAction":[{"@type":"ReadAction","target":["https:\/\/valenciasjb.salesianos.edu\/colegio\/el-colegio-vive-la-fiesta-de-don-bosco-adaptandose-a-la-situacion-actual-pero-siempre-con-una-sonrisa\/"]}]},{"@type":"ImageObject","inLanguage":"es","@id":"https:\/\/valenciasjb.salesianos.edu\/colegio\/el-colegio-vive-la-fiesta-de-don-bosco-adaptandose-a-la-situacion-actual-pero-siempre-con-una-sonrisa\/#primaryimage","url":"https:\/\/valenciasjb.salesianos.edu\/colegio\/wp-content\/uploads\/sites\/2\/2021\/01\/IMG-20210129-WA0139.jpg","contentUrl":"https:\/\/valenciasjb.salesianos.edu\/colegio\/wp-content\/uploads\/sites\/2\/2021\/01\/IMG-20210129-WA0139.jpg","width":1920,"height":1080},{"@type":"BreadcrumbList","@id":"https:\/\/valenciasjb.salesianos.edu\/colegio\/el-colegio-vive-la-fiesta-de-don-bosco-adaptandose-a-la-situacion-actual-pero-siempre-con-una-sonrisa\/#breadcrumb","itemListElement":[{"@type":"ListItem","position":1,"name":"Portada","item":"https:\/\/valenciasjb.salesianos.edu\/colegio\/"},{"@type":"ListItem","position":2,"name":"El colegio vive la fiesta de Don Bosco, adapt\u00e1ndose a la situaci\u00f3n actual, pero siempre con una sonrisa"}]},{"@type":"WebSite","@id":"https:\/\/valenciasjb.salesianos.edu\/colegio\/#website","url":"https:\/\/valenciasjb.salesianos.edu\/colegio\/","name":"Colegio San Juan Bosco Valencia","description":"P\u00e1gina oficial del Colegio Salesianos San Juan Bosco Valencia","alternateName":"Salesianos.VSJB","potentialAction":[{"@type":"SearchAction","target":{"@type":"EntryPoint","urlTemplate":"https:\/\/valenciasjb.salesianos.edu\/colegio\/?s={search_term_string}"},"query-input":{"@type":"PropertyValueSpecification","valueRequired":true,"valueName":"search_term_string"}}],"inLanguage":"es"},{"@type":"Person","@id":"https:\/\/valenciasjb.salesianos.edu\/colegio\/#\/schema\/person\/1f45b67e52b27da175190a574db6bed9","name":"veronicapastor","image":{"@type":"ImageObject","inLanguage":"es","@id":"https:\/\/secure.gravatar.com\/avatar\/e29bd40bace3fd935e1d6fdb7313ffc14628cc037c5e16f4c7369b20a2a6f7f0?s=96&d=mm&r=g","url":"https:\/\/secure.gravatar.com\/avatar\/e29bd40bace3fd935e1d6fdb7313ffc14628cc037c5e16f4c7369b20a2a6f7f0?s=96&d=mm&r=g","contentUrl":"https:\/\/secure.gravatar.com\/avatar\/e29bd40bace3fd935e1d6fdb7313ffc14628cc037c5e16f4c7369b20a2a6f7f0?s=96&d=mm&r=g","caption":"veronicapastor"}}]}},"_links":{"self":[{"href":"https:\/\/valenciasjb.salesianos.edu\/colegio\/wp-json\/wp\/v2\/posts\/14759","targetHints":{"allow":["GET"]}}],"collection":[{"href":"https:\/\/valenciasjb.salesianos.edu\/colegio\/wp-json\/wp\/v2\/posts"}],"about":[{"href":"https:\/\/valenciasjb.salesianos.edu\/colegio\/wp-json\/wp\/v2\/types\/post"}],"author":[{"embeddable":true,"href":"https:\/\/valenciasjb.salesianos.edu\/colegio\/wp-json\/wp\/v2\/users\/6"}],"replies":[{"embeddable":true,"href":"https:\/\/valenciasjb.salesianos.edu\/colegio\/wp-json\/wp\/v2\/comments?post=14759"}],"version-history":[{"count":7,"href":"https:\/\/valenciasjb.salesianos.edu\/colegio\/wp-json\/wp\/v2\/posts\/14759\/revisions"}],"predecessor-version":[{"id":14791,"href":"https:\/\/valenciasjb.salesianos.edu\/colegio\/wp-json\/wp\/v2\/posts\/14759\/revisions\/14791"}],"wp:featuredmedia":[{"embeddable":true,"href":"https:\/\/valenciasjb.salesianos.edu\/colegio\/wp-json\/wp\/v2\/media\/14776"}],"wp:attachment":[{"href":"https:\/\/valenciasjb.salesianos.edu\/colegio\/wp-json\/wp\/v2\/media?parent=14759"}],"wp:term":[{"taxonomy":"category","embeddable":true,"href":"https:\/\/valenciasjb.salesianos.edu\/colegio\/wp-json\/wp\/v2\/categories?post=14759"},{"taxonomy":"post_tag","embeddable":true,"href":"https:\/\/valenciasjb.salesianos.edu\/colegio\/wp-json\/wp\/v2\/tags?post=14759"}],"curies":[{"name":"wp","href":"https:\/\/api.w.org\/{rel}","templated":true}]}}