{"id":14819,"date":"2021-02-11T12:57:18","date_gmt":"2021-02-11T11:57:18","guid":{"rendered":"https:\/\/valenciasjb.salesianos.edu\/colegio\/?p=14819"},"modified":"2021-02-11T12:59:20","modified_gmt":"2021-02-11T11:59:20","slug":"nuestro-colegio-en-el-periodico-el-pais-en-su-suplemento-del-11-de-febrero-de-colegios-excelentes-de-la-comunidad-valenciana","status":"publish","type":"post","link":"https:\/\/valenciasjb.salesianos.edu\/colegio\/nuestro-colegio-en-el-periodico-el-pais-en-su-suplemento-del-11-de-febrero-de-colegios-excelentes-de-la-comunidad-valenciana\/","title":{"rendered":"Nuestro colegio en el peri\u00f3dico \u00abEl Pa\u00eds\u00bb en su suplemento del 11 de febrero de \u00abColegios Excelentes de la Comunidad Valenciana\u00bb"},"content":{"rendered":"<div id=\"fb-root\"><\/div>\n<p>[et_pb_section fb_built=\u00bb1&#8243; admin_label=\u00bbsection\u00bb _builder_version=\u00bb3.22&#8243;][et_pb_row admin_label=\u00bbrow\u00bb _builder_version=\u00bb3.25&#8243; background_size=\u00bbinitial\u00bb background_position=\u00bbtop_left\u00bb background_repeat=\u00bbrepeat\u00bb][et_pb_column type=\u00bb4_4&#8243; _builder_version=\u00bb3.25&#8243; custom_padding=\u00bb|||\u00bb custom_padding__hover=\u00bb|||\u00bb][et_pb_text admin_label=\u00bbEntradilla (Texto)\u00bb _builder_version=\u00bb4.8.2&#8243; text_font=\u00bb|on|||\u00bb text_orientation=\u00bbjustified\u00bb module_alignment=\u00bbjustified\u00bb]<\/p>\n<div id=\"resumen\"><strong>Nuestro colegio aparece en el d\u00eda de hoy, 11 de febrero de 2020, en el peri\u00f3dico \u00abEl Pa\u00eds\u00bb, en su suplemento de \u00abColegios Excelentes de la Comunidad Valenciana\u00bb.<br \/><\/strong><\/div>\n<div>\u00a0<\/div>\n<p>[\/et_pb_text][et_pb_text admin_label=\u00bbAutor (Texto)\u00bb _builder_version=\u00bb4.8.2&#8243; text_font=\u00bb||on||\u00bb]<\/p>\n<p>Redacci\u00f3n.<\/p>\n<p>[\/et_pb_text][et_pb_text admin_label=\u00bbDesarrollo (Texto)\u00bb _builder_version=\u00bb4.8.2&#8243; text_orientation=\u00bbjustified\u00bb module_alignment=\u00bbjustified\u00bb]<\/p>\n<p>La rese\u00f1a comienza de la siguiente manera: Hace 75 a\u00f1os crece en la Avenida de la Plata el sue\u00f1o de Don Bosco: \u00abescuela popular, libre y abierta a todas las clases sociales, dando preferencia a los m\u00e1s necesitados\u00bb. La visi\u00f3n de la escuela como motor de cambio est\u00e1 presente en el d\u00eda a d\u00eda de esta \u00abcasa\u00bb de la educaci\u00f3n. Un cambio que comienza por el alumnado: \u00abSon el futuro\u00bb. La educaci\u00f3n en valores, la pedagog\u00eda salesiana con su esp\u00edritu de familia, el protagonismo juvenil como bandera, la vocaci\u00f3n profunda de todos sus educadores y sus modernas infraestructuras acompa\u00f1ar\u00e1n al alumnado durante su etapa escolar, desde los tres hasta los dieciocho a\u00f1os.<\/p>\n<p>El Colegio quiere agradecer a toda la comunidad educativa todo el esfuerzo invertido, la excelente actitud y predisposici\u00f3n para que el sue\u00f1o de Don Bosco cobre a\u00fan m\u00e1s fuerza en nuestra casa salesiana, incluso en momentos duros como los que estamos viviendo. Nos sentimos familia, somos familia. \u00a1Contigo abiertos al futuro, somos uno!<\/p>\n<p>[\/et_pb_text][et_pb_text disabled_on=\u00bboff|on|on\u00bb admin_label=\u00bbT\u00edtulo: Galer\u00eda de fotos (Texto)\u00bb _builder_version=\u00bb3.27.4&#8243; text_font=\u00bb|on|||\u00bb text_text_color=\u00bb#dc001b\u00bb border_style=\u00bbsolid\u00bb]Galer\u00eda de im\u00e1genes[\/et_pb_text][et_pb_gallery gallery_ids=\u00bb14824,14825&#8243; posts_number=\u00bb8&#8243; show_title_and_caption=\u00bboff\u00bb zoom_icon_color=\u00bb#dc001b\u00bb hover_icon=\u00bb%%51%%\u00bb disabled_on=\u00bboff|off|off\u00bb _builder_version=\u00bb4.8.2&#8243; pagination_font_size_tablet=\u00bb51&#8243; pagination_line_height_tablet=\u00bb2&#8243;][\/et_pb_gallery][et_pb_video disabled_on=\u00bbon|on|on\u00bb _builder_version=\u00bb3.0.51&#8243; disabled=\u00bbon\u00bb][\/et_pb_video][\/et_pb_column][\/et_pb_row][\/et_pb_section]<\/p>\n<!-- AddThis Advanced Settings generic via filter on the_content --><!-- AddThis Share Buttons generic via filter on the_content -->","protected":false},"excerpt":{"rendered":"<p>Nuestro colegio aparece en el d\u00eda de hoy, 11 de febrero de 2020, en el peri\u00f3dico \u00abEl Pa\u00eds\u00bb, en su suplemento de \u00abColegios Excelentes de la Comunidad Valenciana\u00bb. \u00a0Redacci\u00f3n.La rese\u00f1a comienza de la siguiente manera: Hace 75 a\u00f1os crece en la Avenida de la Plata el sue\u00f1o de Don Bosco: \u00abescuela popular, libre y abierta [&hellip;]<\/p>\n<p><!-- AddThis Advanced Settings generic via filter on get_the_excerpt --><!-- AddThis Share Buttons generic via filter on get_the_excerpt --><\/p>\n","protected":false},"author":6,"featured_media":14825,"comment_status":"closed","ping_status":"open","sticky":false,"template":"","format":"standard","meta":{"_et_pb_use_builder":"on","_et_pb_old_content":"","_et_gb_content_width":"","footnotes":""},"categories":[14],"tags":[],"class_list":["post-14819","post","type-post","status-publish","format-standard","has-post-thumbnail","hentry","category-noticia_colegio"],"yoast_head":"<!-- This site is optimized with the Yoast SEO plugin v28.4 - https:\/\/yoast.com\/product\/yoast-seo-wordpress\/ -->\n<title>Nuestro colegio en el peri\u00f3dico &quot;El Pa\u00eds&quot; en su suplemento del 11 de febrero de &quot;Colegios Excelentes de la Comunidad Valenciana&quot; - Colegio San Juan Bosco Valencia<\/title>\n<meta name=\"robots\" content=\"index, follow, max-snippet:-1, max-image-preview:large, max-video-preview:-1\" \/>\n<link rel=\"canonical\" href=\"https:\/\/valenciasjb.salesianos.edu\/colegio\/nuestro-colegio-en-el-periodico-el-pais-en-su-suplemento-del-11-de-febrero-de-colegios-excelentes-de-la-comunidad-valenciana\/\" \/>\n<meta property=\"og:locale\" content=\"es_ES\" \/>\n<meta property=\"og:type\" content=\"article\" \/>\n<meta property=\"og:title\" content=\"Nuestro colegio en el peri\u00f3dico &quot;El Pa\u00eds&quot; en su suplemento del 11 de febrero de &quot;Colegios Excelentes de la Comunidad Valenciana&quot; - Colegio San Juan Bosco Valencia\" \/>\n<meta property=\"og:description\" content=\"Nuestro colegio aparece en el d\u00eda de hoy, 11 de febrero de 2020, en el peri\u00f3dico &quot;El Pa\u00eds&quot;, en su suplemento de &quot;Colegios Excelentes de la Comunidad Valenciana&quot;. \u00a0Redacci\u00f3n.La rese\u00f1a comienza de la siguiente manera: Hace 75 a\u00f1os crece en la Avenida de la Plata el sue\u00f1o de Don Bosco: &quot;escuela popular, libre y abierta [&hellip;]\" \/>\n<meta property=\"og:url\" content=\"https:\/\/valenciasjb.salesianos.edu\/colegio\/nuestro-colegio-en-el-periodico-el-pais-en-su-suplemento-del-11-de-febrero-de-colegios-excelentes-de-la-comunidad-valenciana\/\" \/>\n<meta property=\"og:site_name\" content=\"Colegio San Juan Bosco Valencia\" \/>\n<meta property=\"article:publisher\" content=\"https:\/\/www.facebook.com\/ColegioSalesianoSanJuanBoscoValencia\" \/>\n<meta property=\"article:published_time\" content=\"2021-02-11T11:57:18+00:00\" \/>\n<meta property=\"article:modified_time\" content=\"2021-02-11T11:59:20+00:00\" \/>\n<meta property=\"og:image\" content=\"https:\/\/valenciasjb.salesianos.edu\/colegio\/wp-content\/uploads\/sites\/2\/2021\/02\/RECONOCIMIENTO-scaled.jpg\" \/>\n\t<meta property=\"og:image:width\" content=\"1810\" \/>\n\t<meta property=\"og:image:height\" content=\"2560\" \/>\n\t<meta property=\"og:image:type\" content=\"image\/jpeg\" \/>\n<meta name=\"author\" content=\"veronicapastor\" \/>\n<meta name=\"twitter:card\" content=\"summary_large_image\" \/>\n<meta name=\"twitter:creator\" content=\"@SalesianosVSJB\" \/>\n<meta name=\"twitter:site\" content=\"@SalesianosVSJB\" \/>\n<meta name=\"twitter:label1\" content=\"Escrito por\" \/>\n\t<meta name=\"twitter:data1\" content=\"veronicapastor\" \/>\n\t<meta name=\"twitter:label2\" content=\"Tiempo de lectura\" \/>\n\t<meta name=\"twitter:data2\" content=\"2 minutos\" \/>\n<script type=\"application\/ld+json\" class=\"yoast-schema-graph\">{\"@context\":\"https:\\\/\\\/schema.org\",\"@graph\":[{\"@type\":\"Article\",\"@id\":\"https:\\\/\\\/valenciasjb.salesianos.edu\\\/colegio\\\/nuestro-colegio-en-el-periodico-el-pais-en-su-suplemento-del-11-de-febrero-de-colegios-excelentes-de-la-comunidad-valenciana\\\/#article\",\"isPartOf\":{\"@id\":\"https:\\\/\\\/valenciasjb.salesianos.edu\\\/colegio\\\/nuestro-colegio-en-el-periodico-el-pais-en-su-suplemento-del-11-de-febrero-de-colegios-excelentes-de-la-comunidad-valenciana\\\/\"},\"author\":{\"name\":\"veronicapastor\",\"@id\":\"https:\\\/\\\/valenciasjb.salesianos.edu\\\/colegio\\\/#\\\/schema\\\/person\\\/1f45b67e52b27da175190a574db6bed9\"},\"headline\":\"Nuestro colegio en el peri\u00f3dico \u00abEl Pa\u00eds\u00bb en su suplemento del 11 de febrero de \u00abColegios Excelentes de la Comunidad Valenciana\u00bb\",\"datePublished\":\"2021-02-11T11:57:18+00:00\",\"dateModified\":\"2021-02-11T11:59:20+00:00\",\"mainEntityOfPage\":{\"@id\":\"https:\\\/\\\/valenciasjb.salesianos.edu\\\/colegio\\\/nuestro-colegio-en-el-periodico-el-pais-en-su-suplemento-del-11-de-febrero-de-colegios-excelentes-de-la-comunidad-valenciana\\\/\"},\"wordCount\":428,\"image\":{\"@id\":\"https:\\\/\\\/valenciasjb.salesianos.edu\\\/colegio\\\/nuestro-colegio-en-el-periodico-el-pais-en-su-suplemento-del-11-de-febrero-de-colegios-excelentes-de-la-comunidad-valenciana\\\/#primaryimage\"},\"thumbnailUrl\":\"https:\\\/\\\/valenciasjb.salesianos.edu\\\/colegio\\\/wp-content\\\/uploads\\\/sites\\\/2\\\/2021\\\/02\\\/RECONOCIMIENTO-scaled.jpg\",\"articleSection\":[\"Noticia Colegio\"],\"inLanguage\":\"es\"},{\"@type\":\"WebPage\",\"@id\":\"https:\\\/\\\/valenciasjb.salesianos.edu\\\/colegio\\\/nuestro-colegio-en-el-periodico-el-pais-en-su-suplemento-del-11-de-febrero-de-colegios-excelentes-de-la-comunidad-valenciana\\\/\",\"url\":\"https:\\\/\\\/valenciasjb.salesianos.edu\\\/colegio\\\/nuestro-colegio-en-el-periodico-el-pais-en-su-suplemento-del-11-de-febrero-de-colegios-excelentes-de-la-comunidad-valenciana\\\/\",\"name\":\"Nuestro colegio en el peri\u00f3dico \\\"El Pa\u00eds\\\" en su suplemento del 11 de febrero de \\\"Colegios Excelentes de la Comunidad Valenciana\\\" - Colegio San Juan Bosco Valencia\",\"isPartOf\":{\"@id\":\"https:\\\/\\\/valenciasjb.salesianos.edu\\\/colegio\\\/#website\"},\"primaryImageOfPage\":{\"@id\":\"https:\\\/\\\/valenciasjb.salesianos.edu\\\/colegio\\\/nuestro-colegio-en-el-periodico-el-pais-en-su-suplemento-del-11-de-febrero-de-colegios-excelentes-de-la-comunidad-valenciana\\\/#primaryimage\"},\"image\":{\"@id\":\"https:\\\/\\\/valenciasjb.salesianos.edu\\\/colegio\\\/nuestro-colegio-en-el-periodico-el-pais-en-su-suplemento-del-11-de-febrero-de-colegios-excelentes-de-la-comunidad-valenciana\\\/#primaryimage\"},\"thumbnailUrl\":\"https:\\\/\\\/valenciasjb.salesianos.edu\\\/colegio\\\/wp-content\\\/uploads\\\/sites\\\/2\\\/2021\\\/02\\\/RECONOCIMIENTO-scaled.jpg\",\"datePublished\":\"2021-02-11T11:57:18+00:00\",\"dateModified\":\"2021-02-11T11:59:20+00:00\",\"author\":{\"@id\":\"https:\\\/\\\/valenciasjb.salesianos.edu\\\/colegio\\\/#\\\/schema\\\/person\\\/1f45b67e52b27da175190a574db6bed9\"},\"breadcrumb\":{\"@id\":\"https:\\\/\\\/valenciasjb.salesianos.edu\\\/colegio\\\/nuestro-colegio-en-el-periodico-el-pais-en-su-suplemento-del-11-de-febrero-de-colegios-excelentes-de-la-comunidad-valenciana\\\/#breadcrumb\"},\"inLanguage\":\"es\",\"potentialAction\":[{\"@type\":\"ReadAction\",\"target\":[\"https:\\\/\\\/valenciasjb.salesianos.edu\\\/colegio\\\/nuestro-colegio-en-el-periodico-el-pais-en-su-suplemento-del-11-de-febrero-de-colegios-excelentes-de-la-comunidad-valenciana\\\/\"]}]},{\"@type\":\"ImageObject\",\"inLanguage\":\"es\",\"@id\":\"https:\\\/\\\/valenciasjb.salesianos.edu\\\/colegio\\\/nuestro-colegio-en-el-periodico-el-pais-en-su-suplemento-del-11-de-febrero-de-colegios-excelentes-de-la-comunidad-valenciana\\\/#primaryimage\",\"url\":\"https:\\\/\\\/valenciasjb.salesianos.edu\\\/colegio\\\/wp-content\\\/uploads\\\/sites\\\/2\\\/2021\\\/02\\\/RECONOCIMIENTO-scaled.jpg\",\"contentUrl\":\"https:\\\/\\\/valenciasjb.salesianos.edu\\\/colegio\\\/wp-content\\\/uploads\\\/sites\\\/2\\\/2021\\\/02\\\/RECONOCIMIENTO-scaled.jpg\",\"width\":1810,\"height\":2560},{\"@type\":\"BreadcrumbList\",\"@id\":\"https:\\\/\\\/valenciasjb.salesianos.edu\\\/colegio\\\/nuestro-colegio-en-el-periodico-el-pais-en-su-suplemento-del-11-de-febrero-de-colegios-excelentes-de-la-comunidad-valenciana\\\/#breadcrumb\",\"itemListElement\":[{\"@type\":\"ListItem\",\"position\":1,\"name\":\"Portada\",\"item\":\"https:\\\/\\\/valenciasjb.salesianos.edu\\\/colegio\\\/\"},{\"@type\":\"ListItem\",\"position\":2,\"name\":\"Nuestro colegio en el peri\u00f3dico \u00abEl Pa\u00eds\u00bb en su suplemento del 11 de febrero de \u00abColegios Excelentes de la Comunidad Valenciana\u00bb\"}]},{\"@type\":\"WebSite\",\"@id\":\"https:\\\/\\\/valenciasjb.salesianos.edu\\\/colegio\\\/#website\",\"url\":\"https:\\\/\\\/valenciasjb.salesianos.edu\\\/colegio\\\/\",\"name\":\"Colegio San Juan Bosco Valencia\",\"description\":\"P\u00e1gina oficial del Colegio Salesianos San Juan Bosco Valencia\",\"alternateName\":\"Salesianos.VSJB\",\"potentialAction\":[{\"@type\":\"SearchAction\",\"target\":{\"@type\":\"EntryPoint\",\"urlTemplate\":\"https:\\\/\\\/valenciasjb.salesianos.edu\\\/colegio\\\/?s={search_term_string}\"},\"query-input\":{\"@type\":\"PropertyValueSpecification\",\"valueRequired\":true,\"valueName\":\"search_term_string\"}}],\"inLanguage\":\"es\"},{\"@type\":\"Person\",\"@id\":\"https:\\\/\\\/valenciasjb.salesianos.edu\\\/colegio\\\/#\\\/schema\\\/person\\\/1f45b67e52b27da175190a574db6bed9\",\"name\":\"veronicapastor\",\"image\":{\"@type\":\"ImageObject\",\"inLanguage\":\"es\",\"@id\":\"https:\\\/\\\/secure.gravatar.com\\\/avatar\\\/e29bd40bace3fd935e1d6fdb7313ffc14628cc037c5e16f4c7369b20a2a6f7f0?s=96&d=mm&r=g\",\"url\":\"https:\\\/\\\/secure.gravatar.com\\\/avatar\\\/e29bd40bace3fd935e1d6fdb7313ffc14628cc037c5e16f4c7369b20a2a6f7f0?s=96&d=mm&r=g\",\"contentUrl\":\"https:\\\/\\\/secure.gravatar.com\\\/avatar\\\/e29bd40bace3fd935e1d6fdb7313ffc14628cc037c5e16f4c7369b20a2a6f7f0?s=96&d=mm&r=g\",\"caption\":\"veronicapastor\"}}]}<\/script>\n<!-- \/ Yoast SEO plugin. -->","yoast_head_json":{"title":"Nuestro colegio en el peri\u00f3dico \"El Pa\u00eds\" en su suplemento del 11 de febrero de \"Colegios Excelentes de la Comunidad Valenciana\" - Colegio San Juan Bosco Valencia","robots":{"index":"index","follow":"follow","max-snippet":"max-snippet:-1","max-image-preview":"max-image-preview:large","max-video-preview":"max-video-preview:-1"},"canonical":"https:\/\/valenciasjb.salesianos.edu\/colegio\/nuestro-colegio-en-el-periodico-el-pais-en-su-suplemento-del-11-de-febrero-de-colegios-excelentes-de-la-comunidad-valenciana\/","og_locale":"es_ES","og_type":"article","og_title":"Nuestro colegio en el peri\u00f3dico \"El Pa\u00eds\" en su suplemento del 11 de febrero de \"Colegios Excelentes de la Comunidad Valenciana\" - Colegio San Juan Bosco Valencia","og_description":"Nuestro colegio aparece en el d\u00eda de hoy, 11 de febrero de 2020, en el peri\u00f3dico \"El Pa\u00eds\", en su suplemento de \"Colegios Excelentes de la Comunidad Valenciana\". \u00a0Redacci\u00f3n.La rese\u00f1a comienza de la siguiente manera: Hace 75 a\u00f1os crece en la Avenida de la Plata el sue\u00f1o de Don Bosco: \"escuela popular, libre y abierta [&hellip;]","og_url":"https:\/\/valenciasjb.salesianos.edu\/colegio\/nuestro-colegio-en-el-periodico-el-pais-en-su-suplemento-del-11-de-febrero-de-colegios-excelentes-de-la-comunidad-valenciana\/","og_site_name":"Colegio San Juan Bosco Valencia","article_publisher":"https:\/\/www.facebook.com\/ColegioSalesianoSanJuanBoscoValencia","article_published_time":"2021-02-11T11:57:18+00:00","article_modified_time":"2021-02-11T11:59:20+00:00","og_image":[{"width":1810,"height":2560,"url":"https:\/\/valenciasjb.salesianos.edu\/colegio\/wp-content\/uploads\/sites\/2\/2021\/02\/RECONOCIMIENTO-scaled.jpg","type":"image\/jpeg"}],"author":"veronicapastor","twitter_card":"summary_large_image","twitter_creator":"@SalesianosVSJB","twitter_site":"@SalesianosVSJB","twitter_misc":{"Escrito por":"veronicapastor","Tiempo de lectura":"2 minutos"},"schema":{"@context":"https:\/\/schema.org","@graph":[{"@type":"Article","@id":"https:\/\/valenciasjb.salesianos.edu\/colegio\/nuestro-colegio-en-el-periodico-el-pais-en-su-suplemento-del-11-de-febrero-de-colegios-excelentes-de-la-comunidad-valenciana\/#article","isPartOf":{"@id":"https:\/\/valenciasjb.salesianos.edu\/colegio\/nuestro-colegio-en-el-periodico-el-pais-en-su-suplemento-del-11-de-febrero-de-colegios-excelentes-de-la-comunidad-valenciana\/"},"author":{"name":"veronicapastor","@id":"https:\/\/valenciasjb.salesianos.edu\/colegio\/#\/schema\/person\/1f45b67e52b27da175190a574db6bed9"},"headline":"Nuestro colegio en el peri\u00f3dico \u00abEl Pa\u00eds\u00bb en su suplemento del 11 de febrero de \u00abColegios Excelentes de la Comunidad Valenciana\u00bb","datePublished":"2021-02-11T11:57:18+00:00","dateModified":"2021-02-11T11:59:20+00:00","mainEntityOfPage":{"@id":"https:\/\/valenciasjb.salesianos.edu\/colegio\/nuestro-colegio-en-el-periodico-el-pais-en-su-suplemento-del-11-de-febrero-de-colegios-excelentes-de-la-comunidad-valenciana\/"},"wordCount":428,"image":{"@id":"https:\/\/valenciasjb.salesianos.edu\/colegio\/nuestro-colegio-en-el-periodico-el-pais-en-su-suplemento-del-11-de-febrero-de-colegios-excelentes-de-la-comunidad-valenciana\/#primaryimage"},"thumbnailUrl":"https:\/\/valenciasjb.salesianos.edu\/colegio\/wp-content\/uploads\/sites\/2\/2021\/02\/RECONOCIMIENTO-scaled.jpg","articleSection":["Noticia Colegio"],"inLanguage":"es"},{"@type":"WebPage","@id":"https:\/\/valenciasjb.salesianos.edu\/colegio\/nuestro-colegio-en-el-periodico-el-pais-en-su-suplemento-del-11-de-febrero-de-colegios-excelentes-de-la-comunidad-valenciana\/","url":"https:\/\/valenciasjb.salesianos.edu\/colegio\/nuestro-colegio-en-el-periodico-el-pais-en-su-suplemento-del-11-de-febrero-de-colegios-excelentes-de-la-comunidad-valenciana\/","name":"Nuestro colegio en el peri\u00f3dico \"El Pa\u00eds\" en su suplemento del 11 de febrero de \"Colegios Excelentes de la Comunidad Valenciana\" - Colegio San Juan Bosco Valencia","isPartOf":{"@id":"https:\/\/valenciasjb.salesianos.edu\/colegio\/#website"},"primaryImageOfPage":{"@id":"https:\/\/valenciasjb.salesianos.edu\/colegio\/nuestro-colegio-en-el-periodico-el-pais-en-su-suplemento-del-11-de-febrero-de-colegios-excelentes-de-la-comunidad-valenciana\/#primaryimage"},"image":{"@id":"https:\/\/valenciasjb.salesianos.edu\/colegio\/nuestro-colegio-en-el-periodico-el-pais-en-su-suplemento-del-11-de-febrero-de-colegios-excelentes-de-la-comunidad-valenciana\/#primaryimage"},"thumbnailUrl":"https:\/\/valenciasjb.salesianos.edu\/colegio\/wp-content\/uploads\/sites\/2\/2021\/02\/RECONOCIMIENTO-scaled.jpg","datePublished":"2021-02-11T11:57:18+00:00","dateModified":"2021-02-11T11:59:20+00:00","author":{"@id":"https:\/\/valenciasjb.salesianos.edu\/colegio\/#\/schema\/person\/1f45b67e52b27da175190a574db6bed9"},"breadcrumb":{"@id":"https:\/\/valenciasjb.salesianos.edu\/colegio\/nuestro-colegio-en-el-periodico-el-pais-en-su-suplemento-del-11-de-febrero-de-colegios-excelentes-de-la-comunidad-valenciana\/#breadcrumb"},"inLanguage":"es","potentialAction":[{"@type":"ReadAction","target":["https:\/\/valenciasjb.salesianos.edu\/colegio\/nuestro-colegio-en-el-periodico-el-pais-en-su-suplemento-del-11-de-febrero-de-colegios-excelentes-de-la-comunidad-valenciana\/"]}]},{"@type":"ImageObject","inLanguage":"es","@id":"https:\/\/valenciasjb.salesianos.edu\/colegio\/nuestro-colegio-en-el-periodico-el-pais-en-su-suplemento-del-11-de-febrero-de-colegios-excelentes-de-la-comunidad-valenciana\/#primaryimage","url":"https:\/\/valenciasjb.salesianos.edu\/colegio\/wp-content\/uploads\/sites\/2\/2021\/02\/RECONOCIMIENTO-scaled.jpg","contentUrl":"https:\/\/valenciasjb.salesianos.edu\/colegio\/wp-content\/uploads\/sites\/2\/2021\/02\/RECONOCIMIENTO-scaled.jpg","width":1810,"height":2560},{"@type":"BreadcrumbList","@id":"https:\/\/valenciasjb.salesianos.edu\/colegio\/nuestro-colegio-en-el-periodico-el-pais-en-su-suplemento-del-11-de-febrero-de-colegios-excelentes-de-la-comunidad-valenciana\/#breadcrumb","itemListElement":[{"@type":"ListItem","position":1,"name":"Portada","item":"https:\/\/valenciasjb.salesianos.edu\/colegio\/"},{"@type":"ListItem","position":2,"name":"Nuestro colegio en el peri\u00f3dico \u00abEl Pa\u00eds\u00bb en su suplemento del 11 de febrero de \u00abColegios Excelentes de la Comunidad Valenciana\u00bb"}]},{"@type":"WebSite","@id":"https:\/\/valenciasjb.salesianos.edu\/colegio\/#website","url":"https:\/\/valenciasjb.salesianos.edu\/colegio\/","name":"Colegio San Juan Bosco Valencia","description":"P\u00e1gina oficial del Colegio Salesianos San Juan Bosco Valencia","alternateName":"Salesianos.VSJB","potentialAction":[{"@type":"SearchAction","target":{"@type":"EntryPoint","urlTemplate":"https:\/\/valenciasjb.salesianos.edu\/colegio\/?s={search_term_string}"},"query-input":{"@type":"PropertyValueSpecification","valueRequired":true,"valueName":"search_term_string"}}],"inLanguage":"es"},{"@type":"Person","@id":"https:\/\/valenciasjb.salesianos.edu\/colegio\/#\/schema\/person\/1f45b67e52b27da175190a574db6bed9","name":"veronicapastor","image":{"@type":"ImageObject","inLanguage":"es","@id":"https:\/\/secure.gravatar.com\/avatar\/e29bd40bace3fd935e1d6fdb7313ffc14628cc037c5e16f4c7369b20a2a6f7f0?s=96&d=mm&r=g","url":"https:\/\/secure.gravatar.com\/avatar\/e29bd40bace3fd935e1d6fdb7313ffc14628cc037c5e16f4c7369b20a2a6f7f0?s=96&d=mm&r=g","contentUrl":"https:\/\/secure.gravatar.com\/avatar\/e29bd40bace3fd935e1d6fdb7313ffc14628cc037c5e16f4c7369b20a2a6f7f0?s=96&d=mm&r=g","caption":"veronicapastor"}}]}},"_links":{"self":[{"href":"https:\/\/valenciasjb.salesianos.edu\/colegio\/wp-json\/wp\/v2\/posts\/14819","targetHints":{"allow":["GET"]}}],"collection":[{"href":"https:\/\/valenciasjb.salesianos.edu\/colegio\/wp-json\/wp\/v2\/posts"}],"about":[{"href":"https:\/\/valenciasjb.salesianos.edu\/colegio\/wp-json\/wp\/v2\/types\/post"}],"author":[{"embeddable":true,"href":"https:\/\/valenciasjb.salesianos.edu\/colegio\/wp-json\/wp\/v2\/users\/6"}],"replies":[{"embeddable":true,"href":"https:\/\/valenciasjb.salesianos.edu\/colegio\/wp-json\/wp\/v2\/comments?post=14819"}],"version-history":[{"count":5,"href":"https:\/\/valenciasjb.salesianos.edu\/colegio\/wp-json\/wp\/v2\/posts\/14819\/revisions"}],"predecessor-version":[{"id":14829,"href":"https:\/\/valenciasjb.salesianos.edu\/colegio\/wp-json\/wp\/v2\/posts\/14819\/revisions\/14829"}],"wp:featuredmedia":[{"embeddable":true,"href":"https:\/\/valenciasjb.salesianos.edu\/colegio\/wp-json\/wp\/v2\/media\/14825"}],"wp:attachment":[{"href":"https:\/\/valenciasjb.salesianos.edu\/colegio\/wp-json\/wp\/v2\/media?parent=14819"}],"wp:term":[{"taxonomy":"category","embeddable":true,"href":"https:\/\/valenciasjb.salesianos.edu\/colegio\/wp-json\/wp\/v2\/categories?post=14819"},{"taxonomy":"post_tag","embeddable":true,"href":"https:\/\/valenciasjb.salesianos.edu\/colegio\/wp-json\/wp\/v2\/tags?post=14819"}],"curies":[{"name":"wp","href":"https:\/\/api.w.org\/{rel}","templated":true}]}}