{"id":14847,"date":"2021-02-15T20:52:04","date_gmt":"2021-02-15T19:52:04","guid":{"rendered":"https:\/\/valenciasjb.salesianos.edu\/colegio\/?p=14847"},"modified":"2021-02-15T22:09:04","modified_gmt":"2021-02-15T21:09:04","slug":"el-colegio-participa-en-la-campana-de-juegaterapia-los-amigos-tambien-curan-con-motivo-del-dia-mundial-del-cancer-infantil","status":"publish","type":"post","link":"https:\/\/valenciasjb.salesianos.edu\/colegio\/el-colegio-participa-en-la-campana-de-juegaterapia-los-amigos-tambien-curan-con-motivo-del-dia-mundial-del-cancer-infantil\/","title":{"rendered":"El Colegio participa en la campa\u00f1a de Juegaterapia \u00abLos amigos tambi\u00e9n curan\u00bb, con motivo del D\u00eda Mundial del C\u00e1ncer Infantil"},"content":{"rendered":"<div id=\"fb-root\"><\/div>\n<p>[et_pb_section fb_built=\u00bb1&#8243; admin_label=\u00bbsection\u00bb _builder_version=\u00bb3.22&#8243;][et_pb_row admin_label=\u00bbrow\u00bb _builder_version=\u00bb3.25&#8243; background_size=\u00bbinitial\u00bb background_position=\u00bbtop_left\u00bb background_repeat=\u00bbrepeat\u00bb][et_pb_column type=\u00bb4_4&#8243; _builder_version=\u00bb3.25&#8243; custom_padding=\u00bb|||\u00bb custom_padding__hover=\u00bb|||\u00bb][et_pb_text admin_label=\u00bbEntradilla (Texto)\u00bb _builder_version=\u00bb4.9.0&#8243; text_font=\u00bb|on|||\u00bb text_orientation=\u00bbjustified\u00bb module_alignment=\u00bbjustified\u00bb]<\/p>\n<div id=\"resumen\"><strong>\u00bfHab\u00e9is visto el v\u00eddeo de Juegaterapia con motivo del D\u00eda Mundial del C\u00e1ncer Infantil? <a href=\"https:\/\/www.facebook.com\/watch\/?v=524141521890260\">https:\/\/www.facebook.com\/watch\/?v=524141521890260<\/a> <\/strong><\/div>\n<div><strong>Bonito, \u00bfverdad? Pues s\u00ed, y lo m\u00e1s importante es que es real, es as\u00ed. Hoy es el d\u00eda en el que nos acordamos de todos aquellos ni\u00f1os que no pueden salir, que est\u00e1n metidos muchas veces en una habitaci\u00f3n de hospital esperando pruebas, tratamientos, y que no pueden gozar como nosotros con todas esas cosas tan bonitas como un paseo al sol, pisar charcos de lluvia, correr por el patio o jugar con los amigos.<\/strong><\/div>\n<div>\u00a0<\/div>\n<p>[\/et_pb_text][et_pb_text admin_label=\u00bbAutor (Texto)\u00bb _builder_version=\u00bb4.9.0&#8243; text_font=\u00bb||on||\u00bb]<\/p>\n<p>Fran Hern\u00e1ndez.<\/p>\n<p>[\/et_pb_text][et_pb_text admin_label=\u00bbDesarrollo (Texto)\u00bb _builder_version=\u00bb4.9.0&#8243; text_orientation=\u00bbjustified\u00bb module_alignment=\u00bbjustified\u00bb]<\/p>\n<div dir=\"auto\">Son cosas que hasta que no nos faltan, no nos damos cuenta de la suerte que tenemos de poder disfrutarlas. Pues \u00bfsab\u00e9is qu\u00e9 es lo m\u00e1s importante? La alegr\u00eda, las ganas de disfrutar, de estar bien, el estado de \u00e1nimo. Est\u00e1 muy, muy demostrado cient\u00edficamente, que la actitud con la que uno vive la vida (y las cosas no tan buenas de la vida) influye muy positivamente en c\u00f3mo vivimos, en las cosas que nos pasan. Y algo fundamental para eso son los amigos, la familia. Ap\u00f3yate en ellos, qui\u00e9relos, an\u00edmalos, d\u00e9jate ayudar&#8230; y s\u00e9 feliz. Ya sabes \u00a1los amigos tambi\u00e9n curan&#8230; \u00a1Y molan!<\/div>\n<p>[\/et_pb_text][et_pb_text disabled_on=\u00bboff|on|on\u00bb admin_label=\u00bbT\u00edtulo: Galer\u00eda de fotos (Texto)\u00bb _builder_version=\u00bb3.27.4&#8243; text_font=\u00bb|on|||\u00bb text_text_color=\u00bb#dc001b\u00bb border_style=\u00bbsolid\u00bb]Galer\u00eda de im\u00e1genes<br \/>\n[\/et_pb_text][et_pb_gallery gallery_ids=\u00bb14860,14859,14858,14857,14856,14855,14854,14853,14852,14851,14850&#8243; posts_number=\u00bb8&#8243; show_title_and_caption=\u00bboff\u00bb zoom_icon_color=\u00bb#dc001b\u00bb hover_icon=\u00bb%%51%%\u00bb disabled_on=\u00bboff|off|off\u00bb _builder_version=\u00bb4.9.0&#8243; pagination_font_size_tablet=\u00bb51&#8243; pagination_line_height_tablet=\u00bb2&#8243;][\/et_pb_gallery][et_pb_video disabled_on=\u00bboff|off|off\u00bb _builder_version=\u00bb4.9.0&#8243; hover_enabled=\u00bb0&#8243; src=\u00bbhttps:\/\/www.youtube.com\/watch?v=vCmroI56sCA&amp;feature=youtu.be\u00bb sticky_enabled=\u00bb0&#8243;][\/et_pb_video][\/et_pb_column][\/et_pb_row][\/et_pb_section]<\/p>\n<!-- AddThis Advanced Settings generic via filter on the_content --><!-- AddThis Share Buttons generic via filter on the_content -->","protected":false},"excerpt":{"rendered":"<p>\u00bfHab\u00e9is visto el v\u00eddeo de Juegaterapia con motivo del D\u00eda Mundial del C\u00e1ncer Infantil? https:\/\/www.facebook.com\/watch\/?v=524141521890260 Bonito, \u00bfverdad? Pues s\u00ed, y lo m\u00e1s importante es que es real, es as\u00ed. Hoy es el d\u00eda en el que nos acordamos de todos aquellos ni\u00f1os que no pueden salir, que est\u00e1n metidos muchas veces en una habitaci\u00f3n de [&hellip;]<\/p>\n<p><!-- AddThis Advanced Settings generic via filter on get_the_excerpt --><!-- AddThis Share Buttons generic via filter on get_the_excerpt --><\/p>\n","protected":false},"author":6,"featured_media":14854,"comment_status":"closed","ping_status":"open","sticky":false,"template":"","format":"standard","meta":{"_et_pb_use_builder":"on","_et_pb_old_content":"","_et_gb_content_width":"","footnotes":""},"categories":[14],"tags":[],"class_list":["post-14847","post","type-post","status-publish","format-standard","has-post-thumbnail","hentry","category-noticia_colegio"],"yoast_head":"<!-- This site is optimized with the Yoast SEO plugin v28.4 - https:\/\/yoast.com\/product\/yoast-seo-wordpress\/ -->\n<title>El Colegio participa en la campa\u00f1a de Juegaterapia &quot;Los amigos tambi\u00e9n curan&quot;, con motivo del D\u00eda Mundial del C\u00e1ncer Infantil - Colegio San Juan Bosco Valencia<\/title>\n<meta name=\"robots\" content=\"index, follow, max-snippet:-1, max-image-preview:large, max-video-preview:-1\" \/>\n<link rel=\"canonical\" href=\"https:\/\/valenciasjb.salesianos.edu\/colegio\/el-colegio-participa-en-la-campana-de-juegaterapia-los-amigos-tambien-curan-con-motivo-del-dia-mundial-del-cancer-infantil\/\" \/>\n<meta property=\"og:locale\" content=\"es_ES\" \/>\n<meta property=\"og:type\" content=\"article\" \/>\n<meta property=\"og:title\" content=\"El Colegio participa en la campa\u00f1a de Juegaterapia &quot;Los amigos tambi\u00e9n curan&quot;, con motivo del D\u00eda Mundial del C\u00e1ncer Infantil - Colegio San Juan Bosco Valencia\" \/>\n<meta property=\"og:description\" content=\"\u00bfHab\u00e9is visto el v\u00eddeo de Juegaterapia con motivo del D\u00eda Mundial del C\u00e1ncer Infantil? https:\/\/www.facebook.com\/watch\/?v=524141521890260 Bonito, \u00bfverdad? Pues s\u00ed, y lo m\u00e1s importante es que es real, es as\u00ed. Hoy es el d\u00eda en el que nos acordamos de todos aquellos ni\u00f1os que no pueden salir, que est\u00e1n metidos muchas veces en una habitaci\u00f3n de [&hellip;]\" \/>\n<meta property=\"og:url\" content=\"https:\/\/valenciasjb.salesianos.edu\/colegio\/el-colegio-participa-en-la-campana-de-juegaterapia-los-amigos-tambien-curan-con-motivo-del-dia-mundial-del-cancer-infantil\/\" \/>\n<meta property=\"og:site_name\" content=\"Colegio San Juan Bosco Valencia\" \/>\n<meta property=\"article:publisher\" content=\"https:\/\/www.facebook.com\/ColegioSalesianoSanJuanBoscoValencia\" \/>\n<meta property=\"article:published_time\" content=\"2021-02-15T19:52:04+00:00\" \/>\n<meta property=\"article:modified_time\" content=\"2021-02-15T21:09:04+00:00\" \/>\n<meta property=\"og:image\" content=\"https:\/\/valenciasjb.salesianos.edu\/colegio\/wp-content\/uploads\/sites\/2\/2021\/02\/IMG-20210215-WA0009-e1613418644855.jpg\" \/>\n\t<meta property=\"og:image:width\" content=\"2016\" \/>\n\t<meta property=\"og:image:height\" content=\"930\" \/>\n\t<meta property=\"og:image:type\" content=\"image\/jpeg\" \/>\n<meta name=\"author\" content=\"veronicapastor\" \/>\n<meta name=\"twitter:card\" content=\"summary_large_image\" \/>\n<meta name=\"twitter:creator\" content=\"@SalesianosVSJB\" \/>\n<meta name=\"twitter:site\" content=\"@SalesianosVSJB\" \/>\n<meta name=\"twitter:label1\" content=\"Escrito por\" \/>\n\t<meta name=\"twitter:data1\" content=\"veronicapastor\" \/>\n\t<meta name=\"twitter:label2\" content=\"Tiempo de lectura\" \/>\n\t<meta name=\"twitter:data2\" content=\"2 minutos\" \/>\n<script type=\"application\/ld+json\" class=\"yoast-schema-graph\">{\"@context\":\"https:\\\/\\\/schema.org\",\"@graph\":[{\"@type\":\"Article\",\"@id\":\"https:\\\/\\\/valenciasjb.salesianos.edu\\\/colegio\\\/el-colegio-participa-en-la-campana-de-juegaterapia-los-amigos-tambien-curan-con-motivo-del-dia-mundial-del-cancer-infantil\\\/#article\",\"isPartOf\":{\"@id\":\"https:\\\/\\\/valenciasjb.salesianos.edu\\\/colegio\\\/el-colegio-participa-en-la-campana-de-juegaterapia-los-amigos-tambien-curan-con-motivo-del-dia-mundial-del-cancer-infantil\\\/\"},\"author\":{\"name\":\"veronicapastor\",\"@id\":\"https:\\\/\\\/valenciasjb.salesianos.edu\\\/colegio\\\/#\\\/schema\\\/person\\\/1f45b67e52b27da175190a574db6bed9\"},\"headline\":\"El Colegio participa en la campa\u00f1a de Juegaterapia \u00abLos amigos tambi\u00e9n curan\u00bb, con motivo del D\u00eda Mundial del C\u00e1ncer Infantil\",\"datePublished\":\"2021-02-15T19:52:04+00:00\",\"dateModified\":\"2021-02-15T21:09:04+00:00\",\"mainEntityOfPage\":{\"@id\":\"https:\\\/\\\/valenciasjb.salesianos.edu\\\/colegio\\\/el-colegio-participa-en-la-campana-de-juegaterapia-los-amigos-tambien-curan-con-motivo-del-dia-mundial-del-cancer-infantil\\\/\"},\"wordCount\":452,\"image\":{\"@id\":\"https:\\\/\\\/valenciasjb.salesianos.edu\\\/colegio\\\/el-colegio-participa-en-la-campana-de-juegaterapia-los-amigos-tambien-curan-con-motivo-del-dia-mundial-del-cancer-infantil\\\/#primaryimage\"},\"thumbnailUrl\":\"https:\\\/\\\/valenciasjb.salesianos.edu\\\/colegio\\\/wp-content\\\/uploads\\\/sites\\\/2\\\/2021\\\/02\\\/IMG-20210215-WA0009-e1613418644855.jpg\",\"articleSection\":[\"Noticia Colegio\"],\"inLanguage\":\"es\"},{\"@type\":\"WebPage\",\"@id\":\"https:\\\/\\\/valenciasjb.salesianos.edu\\\/colegio\\\/el-colegio-participa-en-la-campana-de-juegaterapia-los-amigos-tambien-curan-con-motivo-del-dia-mundial-del-cancer-infantil\\\/\",\"url\":\"https:\\\/\\\/valenciasjb.salesianos.edu\\\/colegio\\\/el-colegio-participa-en-la-campana-de-juegaterapia-los-amigos-tambien-curan-con-motivo-del-dia-mundial-del-cancer-infantil\\\/\",\"name\":\"El Colegio participa en la campa\u00f1a de Juegaterapia \\\"Los amigos tambi\u00e9n curan\\\", con motivo del D\u00eda Mundial del C\u00e1ncer Infantil - Colegio San Juan Bosco Valencia\",\"isPartOf\":{\"@id\":\"https:\\\/\\\/valenciasjb.salesianos.edu\\\/colegio\\\/#website\"},\"primaryImageOfPage\":{\"@id\":\"https:\\\/\\\/valenciasjb.salesianos.edu\\\/colegio\\\/el-colegio-participa-en-la-campana-de-juegaterapia-los-amigos-tambien-curan-con-motivo-del-dia-mundial-del-cancer-infantil\\\/#primaryimage\"},\"image\":{\"@id\":\"https:\\\/\\\/valenciasjb.salesianos.edu\\\/colegio\\\/el-colegio-participa-en-la-campana-de-juegaterapia-los-amigos-tambien-curan-con-motivo-del-dia-mundial-del-cancer-infantil\\\/#primaryimage\"},\"thumbnailUrl\":\"https:\\\/\\\/valenciasjb.salesianos.edu\\\/colegio\\\/wp-content\\\/uploads\\\/sites\\\/2\\\/2021\\\/02\\\/IMG-20210215-WA0009-e1613418644855.jpg\",\"datePublished\":\"2021-02-15T19:52:04+00:00\",\"dateModified\":\"2021-02-15T21:09:04+00:00\",\"author\":{\"@id\":\"https:\\\/\\\/valenciasjb.salesianos.edu\\\/colegio\\\/#\\\/schema\\\/person\\\/1f45b67e52b27da175190a574db6bed9\"},\"breadcrumb\":{\"@id\":\"https:\\\/\\\/valenciasjb.salesianos.edu\\\/colegio\\\/el-colegio-participa-en-la-campana-de-juegaterapia-los-amigos-tambien-curan-con-motivo-del-dia-mundial-del-cancer-infantil\\\/#breadcrumb\"},\"inLanguage\":\"es\",\"potentialAction\":[{\"@type\":\"ReadAction\",\"target\":[\"https:\\\/\\\/valenciasjb.salesianos.edu\\\/colegio\\\/el-colegio-participa-en-la-campana-de-juegaterapia-los-amigos-tambien-curan-con-motivo-del-dia-mundial-del-cancer-infantil\\\/\"]}]},{\"@type\":\"ImageObject\",\"inLanguage\":\"es\",\"@id\":\"https:\\\/\\\/valenciasjb.salesianos.edu\\\/colegio\\\/el-colegio-participa-en-la-campana-de-juegaterapia-los-amigos-tambien-curan-con-motivo-del-dia-mundial-del-cancer-infantil\\\/#primaryimage\",\"url\":\"https:\\\/\\\/valenciasjb.salesianos.edu\\\/colegio\\\/wp-content\\\/uploads\\\/sites\\\/2\\\/2021\\\/02\\\/IMG-20210215-WA0009-e1613418644855.jpg\",\"contentUrl\":\"https:\\\/\\\/valenciasjb.salesianos.edu\\\/colegio\\\/wp-content\\\/uploads\\\/sites\\\/2\\\/2021\\\/02\\\/IMG-20210215-WA0009-e1613418644855.jpg\",\"width\":2016,\"height\":930},{\"@type\":\"BreadcrumbList\",\"@id\":\"https:\\\/\\\/valenciasjb.salesianos.edu\\\/colegio\\\/el-colegio-participa-en-la-campana-de-juegaterapia-los-amigos-tambien-curan-con-motivo-del-dia-mundial-del-cancer-infantil\\\/#breadcrumb\",\"itemListElement\":[{\"@type\":\"ListItem\",\"position\":1,\"name\":\"Portada\",\"item\":\"https:\\\/\\\/valenciasjb.salesianos.edu\\\/colegio\\\/\"},{\"@type\":\"ListItem\",\"position\":2,\"name\":\"El Colegio participa en la campa\u00f1a de Juegaterapia \u00abLos amigos tambi\u00e9n curan\u00bb, con motivo del D\u00eda Mundial del C\u00e1ncer Infantil\"}]},{\"@type\":\"WebSite\",\"@id\":\"https:\\\/\\\/valenciasjb.salesianos.edu\\\/colegio\\\/#website\",\"url\":\"https:\\\/\\\/valenciasjb.salesianos.edu\\\/colegio\\\/\",\"name\":\"Colegio San Juan Bosco Valencia\",\"description\":\"P\u00e1gina oficial del Colegio Salesianos San Juan Bosco Valencia\",\"alternateName\":\"Salesianos.VSJB\",\"potentialAction\":[{\"@type\":\"SearchAction\",\"target\":{\"@type\":\"EntryPoint\",\"urlTemplate\":\"https:\\\/\\\/valenciasjb.salesianos.edu\\\/colegio\\\/?s={search_term_string}\"},\"query-input\":{\"@type\":\"PropertyValueSpecification\",\"valueRequired\":true,\"valueName\":\"search_term_string\"}}],\"inLanguage\":\"es\"},{\"@type\":\"Person\",\"@id\":\"https:\\\/\\\/valenciasjb.salesianos.edu\\\/colegio\\\/#\\\/schema\\\/person\\\/1f45b67e52b27da175190a574db6bed9\",\"name\":\"veronicapastor\",\"image\":{\"@type\":\"ImageObject\",\"inLanguage\":\"es\",\"@id\":\"https:\\\/\\\/secure.gravatar.com\\\/avatar\\\/e29bd40bace3fd935e1d6fdb7313ffc14628cc037c5e16f4c7369b20a2a6f7f0?s=96&d=mm&r=g\",\"url\":\"https:\\\/\\\/secure.gravatar.com\\\/avatar\\\/e29bd40bace3fd935e1d6fdb7313ffc14628cc037c5e16f4c7369b20a2a6f7f0?s=96&d=mm&r=g\",\"contentUrl\":\"https:\\\/\\\/secure.gravatar.com\\\/avatar\\\/e29bd40bace3fd935e1d6fdb7313ffc14628cc037c5e16f4c7369b20a2a6f7f0?s=96&d=mm&r=g\",\"caption\":\"veronicapastor\"}}]}<\/script>\n<!-- \/ Yoast SEO plugin. -->","yoast_head_json":{"title":"El Colegio participa en la campa\u00f1a de Juegaterapia \"Los amigos tambi\u00e9n curan\", con motivo del D\u00eda Mundial del C\u00e1ncer Infantil - Colegio San Juan Bosco Valencia","robots":{"index":"index","follow":"follow","max-snippet":"max-snippet:-1","max-image-preview":"max-image-preview:large","max-video-preview":"max-video-preview:-1"},"canonical":"https:\/\/valenciasjb.salesianos.edu\/colegio\/el-colegio-participa-en-la-campana-de-juegaterapia-los-amigos-tambien-curan-con-motivo-del-dia-mundial-del-cancer-infantil\/","og_locale":"es_ES","og_type":"article","og_title":"El Colegio participa en la campa\u00f1a de Juegaterapia \"Los amigos tambi\u00e9n curan\", con motivo del D\u00eda Mundial del C\u00e1ncer Infantil - Colegio San Juan Bosco Valencia","og_description":"\u00bfHab\u00e9is visto el v\u00eddeo de Juegaterapia con motivo del D\u00eda Mundial del C\u00e1ncer Infantil? https:\/\/www.facebook.com\/watch\/?v=524141521890260 Bonito, \u00bfverdad? Pues s\u00ed, y lo m\u00e1s importante es que es real, es as\u00ed. Hoy es el d\u00eda en el que nos acordamos de todos aquellos ni\u00f1os que no pueden salir, que est\u00e1n metidos muchas veces en una habitaci\u00f3n de [&hellip;]","og_url":"https:\/\/valenciasjb.salesianos.edu\/colegio\/el-colegio-participa-en-la-campana-de-juegaterapia-los-amigos-tambien-curan-con-motivo-del-dia-mundial-del-cancer-infantil\/","og_site_name":"Colegio San Juan Bosco Valencia","article_publisher":"https:\/\/www.facebook.com\/ColegioSalesianoSanJuanBoscoValencia","article_published_time":"2021-02-15T19:52:04+00:00","article_modified_time":"2021-02-15T21:09:04+00:00","og_image":[{"width":2016,"height":930,"url":"https:\/\/valenciasjb.salesianos.edu\/colegio\/wp-content\/uploads\/sites\/2\/2021\/02\/IMG-20210215-WA0009-e1613418644855.jpg","type":"image\/jpeg"}],"author":"veronicapastor","twitter_card":"summary_large_image","twitter_creator":"@SalesianosVSJB","twitter_site":"@SalesianosVSJB","twitter_misc":{"Escrito por":"veronicapastor","Tiempo de lectura":"2 minutos"},"schema":{"@context":"https:\/\/schema.org","@graph":[{"@type":"Article","@id":"https:\/\/valenciasjb.salesianos.edu\/colegio\/el-colegio-participa-en-la-campana-de-juegaterapia-los-amigos-tambien-curan-con-motivo-del-dia-mundial-del-cancer-infantil\/#article","isPartOf":{"@id":"https:\/\/valenciasjb.salesianos.edu\/colegio\/el-colegio-participa-en-la-campana-de-juegaterapia-los-amigos-tambien-curan-con-motivo-del-dia-mundial-del-cancer-infantil\/"},"author":{"name":"veronicapastor","@id":"https:\/\/valenciasjb.salesianos.edu\/colegio\/#\/schema\/person\/1f45b67e52b27da175190a574db6bed9"},"headline":"El Colegio participa en la campa\u00f1a de Juegaterapia \u00abLos amigos tambi\u00e9n curan\u00bb, con motivo del D\u00eda Mundial del C\u00e1ncer Infantil","datePublished":"2021-02-15T19:52:04+00:00","dateModified":"2021-02-15T21:09:04+00:00","mainEntityOfPage":{"@id":"https:\/\/valenciasjb.salesianos.edu\/colegio\/el-colegio-participa-en-la-campana-de-juegaterapia-los-amigos-tambien-curan-con-motivo-del-dia-mundial-del-cancer-infantil\/"},"wordCount":452,"image":{"@id":"https:\/\/valenciasjb.salesianos.edu\/colegio\/el-colegio-participa-en-la-campana-de-juegaterapia-los-amigos-tambien-curan-con-motivo-del-dia-mundial-del-cancer-infantil\/#primaryimage"},"thumbnailUrl":"https:\/\/valenciasjb.salesianos.edu\/colegio\/wp-content\/uploads\/sites\/2\/2021\/02\/IMG-20210215-WA0009-e1613418644855.jpg","articleSection":["Noticia Colegio"],"inLanguage":"es"},{"@type":"WebPage","@id":"https:\/\/valenciasjb.salesianos.edu\/colegio\/el-colegio-participa-en-la-campana-de-juegaterapia-los-amigos-tambien-curan-con-motivo-del-dia-mundial-del-cancer-infantil\/","url":"https:\/\/valenciasjb.salesianos.edu\/colegio\/el-colegio-participa-en-la-campana-de-juegaterapia-los-amigos-tambien-curan-con-motivo-del-dia-mundial-del-cancer-infantil\/","name":"El Colegio participa en la campa\u00f1a de Juegaterapia \"Los amigos tambi\u00e9n curan\", con motivo del D\u00eda Mundial del C\u00e1ncer Infantil - Colegio San Juan Bosco Valencia","isPartOf":{"@id":"https:\/\/valenciasjb.salesianos.edu\/colegio\/#website"},"primaryImageOfPage":{"@id":"https:\/\/valenciasjb.salesianos.edu\/colegio\/el-colegio-participa-en-la-campana-de-juegaterapia-los-amigos-tambien-curan-con-motivo-del-dia-mundial-del-cancer-infantil\/#primaryimage"},"image":{"@id":"https:\/\/valenciasjb.salesianos.edu\/colegio\/el-colegio-participa-en-la-campana-de-juegaterapia-los-amigos-tambien-curan-con-motivo-del-dia-mundial-del-cancer-infantil\/#primaryimage"},"thumbnailUrl":"https:\/\/valenciasjb.salesianos.edu\/colegio\/wp-content\/uploads\/sites\/2\/2021\/02\/IMG-20210215-WA0009-e1613418644855.jpg","datePublished":"2021-02-15T19:52:04+00:00","dateModified":"2021-02-15T21:09:04+00:00","author":{"@id":"https:\/\/valenciasjb.salesianos.edu\/colegio\/#\/schema\/person\/1f45b67e52b27da175190a574db6bed9"},"breadcrumb":{"@id":"https:\/\/valenciasjb.salesianos.edu\/colegio\/el-colegio-participa-en-la-campana-de-juegaterapia-los-amigos-tambien-curan-con-motivo-del-dia-mundial-del-cancer-infantil\/#breadcrumb"},"inLanguage":"es","potentialAction":[{"@type":"ReadAction","target":["https:\/\/valenciasjb.salesianos.edu\/colegio\/el-colegio-participa-en-la-campana-de-juegaterapia-los-amigos-tambien-curan-con-motivo-del-dia-mundial-del-cancer-infantil\/"]}]},{"@type":"ImageObject","inLanguage":"es","@id":"https:\/\/valenciasjb.salesianos.edu\/colegio\/el-colegio-participa-en-la-campana-de-juegaterapia-los-amigos-tambien-curan-con-motivo-del-dia-mundial-del-cancer-infantil\/#primaryimage","url":"https:\/\/valenciasjb.salesianos.edu\/colegio\/wp-content\/uploads\/sites\/2\/2021\/02\/IMG-20210215-WA0009-e1613418644855.jpg","contentUrl":"https:\/\/valenciasjb.salesianos.edu\/colegio\/wp-content\/uploads\/sites\/2\/2021\/02\/IMG-20210215-WA0009-e1613418644855.jpg","width":2016,"height":930},{"@type":"BreadcrumbList","@id":"https:\/\/valenciasjb.salesianos.edu\/colegio\/el-colegio-participa-en-la-campana-de-juegaterapia-los-amigos-tambien-curan-con-motivo-del-dia-mundial-del-cancer-infantil\/#breadcrumb","itemListElement":[{"@type":"ListItem","position":1,"name":"Portada","item":"https:\/\/valenciasjb.salesianos.edu\/colegio\/"},{"@type":"ListItem","position":2,"name":"El Colegio participa en la campa\u00f1a de Juegaterapia \u00abLos amigos tambi\u00e9n curan\u00bb, con motivo del D\u00eda Mundial del C\u00e1ncer Infantil"}]},{"@type":"WebSite","@id":"https:\/\/valenciasjb.salesianos.edu\/colegio\/#website","url":"https:\/\/valenciasjb.salesianos.edu\/colegio\/","name":"Colegio San Juan Bosco Valencia","description":"P\u00e1gina oficial del Colegio Salesianos San Juan Bosco Valencia","alternateName":"Salesianos.VSJB","potentialAction":[{"@type":"SearchAction","target":{"@type":"EntryPoint","urlTemplate":"https:\/\/valenciasjb.salesianos.edu\/colegio\/?s={search_term_string}"},"query-input":{"@type":"PropertyValueSpecification","valueRequired":true,"valueName":"search_term_string"}}],"inLanguage":"es"},{"@type":"Person","@id":"https:\/\/valenciasjb.salesianos.edu\/colegio\/#\/schema\/person\/1f45b67e52b27da175190a574db6bed9","name":"veronicapastor","image":{"@type":"ImageObject","inLanguage":"es","@id":"https:\/\/secure.gravatar.com\/avatar\/e29bd40bace3fd935e1d6fdb7313ffc14628cc037c5e16f4c7369b20a2a6f7f0?s=96&d=mm&r=g","url":"https:\/\/secure.gravatar.com\/avatar\/e29bd40bace3fd935e1d6fdb7313ffc14628cc037c5e16f4c7369b20a2a6f7f0?s=96&d=mm&r=g","contentUrl":"https:\/\/secure.gravatar.com\/avatar\/e29bd40bace3fd935e1d6fdb7313ffc14628cc037c5e16f4c7369b20a2a6f7f0?s=96&d=mm&r=g","caption":"veronicapastor"}}]}},"_links":{"self":[{"href":"https:\/\/valenciasjb.salesianos.edu\/colegio\/wp-json\/wp\/v2\/posts\/14847","targetHints":{"allow":["GET"]}}],"collection":[{"href":"https:\/\/valenciasjb.salesianos.edu\/colegio\/wp-json\/wp\/v2\/posts"}],"about":[{"href":"https:\/\/valenciasjb.salesianos.edu\/colegio\/wp-json\/wp\/v2\/types\/post"}],"author":[{"embeddable":true,"href":"https:\/\/valenciasjb.salesianos.edu\/colegio\/wp-json\/wp\/v2\/users\/6"}],"replies":[{"embeddable":true,"href":"https:\/\/valenciasjb.salesianos.edu\/colegio\/wp-json\/wp\/v2\/comments?post=14847"}],"version-history":[{"count":5,"href":"https:\/\/valenciasjb.salesianos.edu\/colegio\/wp-json\/wp\/v2\/posts\/14847\/revisions"}],"predecessor-version":[{"id":14865,"href":"https:\/\/valenciasjb.salesianos.edu\/colegio\/wp-json\/wp\/v2\/posts\/14847\/revisions\/14865"}],"wp:featuredmedia":[{"embeddable":true,"href":"https:\/\/valenciasjb.salesianos.edu\/colegio\/wp-json\/wp\/v2\/media\/14854"}],"wp:attachment":[{"href":"https:\/\/valenciasjb.salesianos.edu\/colegio\/wp-json\/wp\/v2\/media?parent=14847"}],"wp:term":[{"taxonomy":"category","embeddable":true,"href":"https:\/\/valenciasjb.salesianos.edu\/colegio\/wp-json\/wp\/v2\/categories?post=14847"},{"taxonomy":"post_tag","embeddable":true,"href":"https:\/\/valenciasjb.salesianos.edu\/colegio\/wp-json\/wp\/v2\/tags?post=14847"}],"curies":[{"name":"wp","href":"https:\/\/api.w.org\/{rel}","templated":true}]}}