{"id":14879,"date":"2021-02-17T19:23:20","date_gmt":"2021-02-17T18:23:20","guid":{"rendered":"https:\/\/valenciasjb.salesianos.edu\/colegio\/?p=14879"},"modified":"2021-02-17T19:23:24","modified_gmt":"2021-02-17T18:23:24","slug":"camino-a-la-esperanza-miercoles-de-ceniza-comenzamos-la-cuaresma","status":"publish","type":"post","link":"https:\/\/valenciasjb.salesianos.edu\/colegio\/camino-a-la-esperanza-miercoles-de-ceniza-comenzamos-la-cuaresma\/","title":{"rendered":"\u201cCamino a la Esperanza\u201d&#8230; Mi\u00e9rcoles de Ceniza, comenzamos la Cuaresma"},"content":{"rendered":"<div id=\"fb-root\"><\/div>\n<p>[et_pb_section fb_built=\u00bb1&#8243; admin_label=\u00bbsection\u00bb _builder_version=\u00bb3.22&#8243;][et_pb_row admin_label=\u00bbrow\u00bb _builder_version=\u00bb3.25&#8243; background_size=\u00bbinitial\u00bb background_position=\u00bbtop_left\u00bb background_repeat=\u00bbrepeat\u00bb][et_pb_column type=\u00bb4_4&#8243; _builder_version=\u00bb3.25&#8243; custom_padding=\u00bb|||\u00bb custom_padding__hover=\u00bb|||\u00bb][et_pb_text admin_label=\u00bbEntradilla (Texto)\u00bb _builder_version=\u00bb4.9.0&#8243; text_font=\u00bb|on|||\u00bb text_orientation=\u00bbjustified\u00bb module_alignment=\u00bbjustified\u00bb hover_enabled=\u00bb0&#8243; sticky_enabled=\u00bb0&#8243;]<\/p>\n<div id=\"resumen\">\n<p dir=\"ltr\">En estos tiempos dif\u00edciles, seguimos buscando maneras de reinventarnos para seguir viviendo nuestra pastoral plenamente&#8230; Hoy, Mi\u00e9rcoles de Ceniza, comenzamos la Cuaresma. \u201c<b>Camino a la Esperanza<\/b>\u201d es el lema elegido.<\/p>\n<\/div>\n<div>\u00a0<\/div>\n<p>[\/et_pb_text][et_pb_text admin_label=\u00bbAutor (Texto)\u00bb _builder_version=\u00bb4.9.0&#8243; text_font=\u00bb||on||\u00bb hover_enabled=\u00bb0&#8243; sticky_enabled=\u00bb0&#8243;]<\/p>\n<p>Redacci\u00f3n.<\/p>\n<p>[\/et_pb_text][et_pb_text admin_label=\u00bbDesarrollo (Texto)\u00bb _builder_version=\u00bb4.9.0&#8243; text_orientation=\u00bbjustified\u00bb module_alignment=\u00bbjustified\u00bb hover_enabled=\u00bb0&#8243; sticky_enabled=\u00bb0&#8243;]<\/p>\n<p dir=\"ltr\">En el cartel de Cuaresma de este a\u00f1o podemos ver en la parte superior izquierda la cruz en color verde, hasta ella llegan l\u00edneas de diferentes colores que cambian de color al llegar a la cruz.<\/p>\n<p dir=\"ltr\">La cuaresma es el camino que recorremos para encontrarnos con el amor de Jes\u00fas, manifestado sobre todo en su cruz. Los caminos son diversos porque tambi\u00e9n nosotros lo somos, cada uno est\u00e1 llamado a recorrer el suyo. Y cuando llegamos al encuentro con Jes\u00fas, su amor nos transforma y se produce un cambio en nosotros, o mejor dicho nos hacemos m\u00e1s aut\u00e9nticos.<\/p>\n<p dir=\"ltr\">Jes\u00fas es la invitaci\u00f3n a no perder la esperanza para muchas personas en estos d\u00edas dif\u00edciles. Sentir su amor es fuente de esperanza. Caminemos cada cual nuestro camino, pero no dejemos de hacerlo juntos, apoy\u00e1ndonos y alent\u00e1ndonos, dejando que la esperanza nos llene y ayudemos a nuestros ni\u00f1os y ni\u00f1as, chicos y chicas a caminar hacia ese Jes\u00fas que es resurrecci\u00f3n y es vida.<\/p>\n<p>[\/et_pb_text][et_pb_text disabled_on=\u00bboff|on|on\u00bb admin_label=\u00bbT\u00edtulo: Galer\u00eda de fotos (Texto)\u00bb _builder_version=\u00bb3.27.4&#8243; text_font=\u00bb|on|||\u00bb text_text_color=\u00bb#dc001b\u00bb border_style=\u00bbsolid\u00bb]Galer\u00eda de im\u00e1genes<br \/>\n[\/et_pb_text][et_pb_gallery gallery_ids=\u00bb14883,14884,14885,14886,14887,14888,14889,14890,14891,14892,14893,14894,14895,14896,14897,14898,14899,14900&#8243; posts_number=\u00bb8&#8243; show_title_and_caption=\u00bboff\u00bb zoom_icon_color=\u00bb#dc001b\u00bb hover_icon=\u00bb%%51%%\u00bb disabled_on=\u00bboff|off|off\u00bb _builder_version=\u00bb4.9.0&#8243; hover_enabled=\u00bb0&#8243; pagination_font_size_tablet=\u00bb51&#8243; pagination_line_height_tablet=\u00bb2&#8243; sticky_enabled=\u00bb0&#8243;][\/et_pb_gallery][et_pb_video disabled_on=\u00bbon|on|on\u00bb _builder_version=\u00bb3.0.51&#8243; disabled=\u00bbon\u00bb][\/et_pb_video][\/et_pb_column][\/et_pb_row][\/et_pb_section]<\/p>\n<!-- AddThis Advanced Settings generic via filter on the_content --><!-- AddThis Share Buttons generic via filter on the_content -->","protected":false},"excerpt":{"rendered":"<p>En estos tiempos dif\u00edciles, seguimos buscando maneras de reinventarnos para seguir viviendo nuestra pastoral plenamente&#8230; Hoy, Mi\u00e9rcoles de Ceniza, comenzamos la Cuaresma. \u201cCamino a la Esperanza\u201d es el lema elegido. \u00a0Redacci\u00f3n.En el cartel de Cuaresma de este a\u00f1o podemos ver en la parte superior izquierda la cruz en color verde, hasta ella llegan l\u00edneas de [&hellip;]<\/p>\n<p><!-- AddThis Advanced Settings generic via filter on get_the_excerpt --><!-- AddThis Share Buttons generic via filter on get_the_excerpt --><\/p>\n","protected":false},"author":6,"featured_media":14882,"comment_status":"closed","ping_status":"open","sticky":false,"template":"","format":"standard","meta":{"_et_pb_use_builder":"on","_et_pb_old_content":"","_et_gb_content_width":"","footnotes":""},"categories":[14],"tags":[],"class_list":["post-14879","post","type-post","status-publish","format-standard","has-post-thumbnail","hentry","category-noticia_colegio"],"yoast_head":"<!-- This site is optimized with the Yoast SEO plugin v28.4 - https:\/\/yoast.com\/product\/yoast-seo-wordpress\/ -->\n<title>\u201cCamino a la Esperanza\u201d... Mi\u00e9rcoles de Ceniza, comenzamos la Cuaresma - Colegio San Juan Bosco Valencia<\/title>\n<meta name=\"robots\" content=\"index, follow, max-snippet:-1, max-image-preview:large, max-video-preview:-1\" \/>\n<link rel=\"canonical\" href=\"https:\/\/valenciasjb.salesianos.edu\/colegio\/camino-a-la-esperanza-miercoles-de-ceniza-comenzamos-la-cuaresma\/\" \/>\n<meta property=\"og:locale\" content=\"es_ES\" \/>\n<meta property=\"og:type\" content=\"article\" \/>\n<meta property=\"og:title\" content=\"\u201cCamino a la Esperanza\u201d... Mi\u00e9rcoles de Ceniza, comenzamos la Cuaresma - Colegio San Juan Bosco Valencia\" \/>\n<meta property=\"og:description\" content=\"En estos tiempos dif\u00edciles, seguimos buscando maneras de reinventarnos para seguir viviendo nuestra pastoral plenamente... Hoy, Mi\u00e9rcoles de Ceniza, comenzamos la Cuaresma. \u201cCamino a la Esperanza\u201d es el lema elegido. \u00a0Redacci\u00f3n.En el cartel de Cuaresma de este a\u00f1o podemos ver en la parte superior izquierda la cruz en color verde, hasta ella llegan l\u00edneas de [&hellip;]\" \/>\n<meta property=\"og:url\" content=\"https:\/\/valenciasjb.salesianos.edu\/colegio\/camino-a-la-esperanza-miercoles-de-ceniza-comenzamos-la-cuaresma\/\" \/>\n<meta property=\"og:site_name\" content=\"Colegio San Juan Bosco Valencia\" \/>\n<meta property=\"article:publisher\" content=\"https:\/\/www.facebook.com\/ColegioSalesianoSanJuanBoscoValencia\" \/>\n<meta property=\"article:published_time\" content=\"2021-02-17T18:23:20+00:00\" \/>\n<meta property=\"article:modified_time\" content=\"2021-02-17T18:23:24+00:00\" \/>\n<meta property=\"og:image\" content=\"https:\/\/valenciasjb.salesianos.edu\/colegio\/wp-content\/uploads\/sites\/2\/2021\/02\/cartel-cuaresma-cole-castellano-.jpg\" \/>\n\t<meta property=\"og:image:width\" content=\"2481\" \/>\n\t<meta property=\"og:image:height\" content=\"1754\" \/>\n\t<meta property=\"og:image:type\" content=\"image\/jpeg\" \/>\n<meta name=\"author\" content=\"veronicapastor\" \/>\n<meta name=\"twitter:card\" content=\"summary_large_image\" \/>\n<meta name=\"twitter:creator\" content=\"@SalesianosVSJB\" \/>\n<meta name=\"twitter:site\" content=\"@SalesianosVSJB\" \/>\n<meta name=\"twitter:label1\" content=\"Escrito por\" \/>\n\t<meta name=\"twitter:data1\" content=\"veronicapastor\" \/>\n\t<meta name=\"twitter:label2\" content=\"Tiempo de lectura\" \/>\n\t<meta name=\"twitter:data2\" content=\"2 minutos\" \/>\n<script type=\"application\/ld+json\" class=\"yoast-schema-graph\">{\"@context\":\"https:\\\/\\\/schema.org\",\"@graph\":[{\"@type\":\"Article\",\"@id\":\"https:\\\/\\\/valenciasjb.salesianos.edu\\\/colegio\\\/camino-a-la-esperanza-miercoles-de-ceniza-comenzamos-la-cuaresma\\\/#article\",\"isPartOf\":{\"@id\":\"https:\\\/\\\/valenciasjb.salesianos.edu\\\/colegio\\\/camino-a-la-esperanza-miercoles-de-ceniza-comenzamos-la-cuaresma\\\/\"},\"author\":{\"name\":\"veronicapastor\",\"@id\":\"https:\\\/\\\/valenciasjb.salesianos.edu\\\/colegio\\\/#\\\/schema\\\/person\\\/1f45b67e52b27da175190a574db6bed9\"},\"headline\":\"\u201cCamino a la Esperanza\u201d&#8230; Mi\u00e9rcoles de Ceniza, comenzamos la Cuaresma\",\"datePublished\":\"2021-02-17T18:23:20+00:00\",\"dateModified\":\"2021-02-17T18:23:24+00:00\",\"mainEntityOfPage\":{\"@id\":\"https:\\\/\\\/valenciasjb.salesianos.edu\\\/colegio\\\/camino-a-la-esperanza-miercoles-de-ceniza-comenzamos-la-cuaresma\\\/\"},\"wordCount\":432,\"image\":{\"@id\":\"https:\\\/\\\/valenciasjb.salesianos.edu\\\/colegio\\\/camino-a-la-esperanza-miercoles-de-ceniza-comenzamos-la-cuaresma\\\/#primaryimage\"},\"thumbnailUrl\":\"https:\\\/\\\/valenciasjb.salesianos.edu\\\/colegio\\\/wp-content\\\/uploads\\\/sites\\\/2\\\/2021\\\/02\\\/cartel-cuaresma-cole-castellano-.jpg\",\"articleSection\":[\"Noticia Colegio\"],\"inLanguage\":\"es\"},{\"@type\":\"WebPage\",\"@id\":\"https:\\\/\\\/valenciasjb.salesianos.edu\\\/colegio\\\/camino-a-la-esperanza-miercoles-de-ceniza-comenzamos-la-cuaresma\\\/\",\"url\":\"https:\\\/\\\/valenciasjb.salesianos.edu\\\/colegio\\\/camino-a-la-esperanza-miercoles-de-ceniza-comenzamos-la-cuaresma\\\/\",\"name\":\"\u201cCamino a la Esperanza\u201d... Mi\u00e9rcoles de Ceniza, comenzamos la Cuaresma - Colegio San Juan Bosco Valencia\",\"isPartOf\":{\"@id\":\"https:\\\/\\\/valenciasjb.salesianos.edu\\\/colegio\\\/#website\"},\"primaryImageOfPage\":{\"@id\":\"https:\\\/\\\/valenciasjb.salesianos.edu\\\/colegio\\\/camino-a-la-esperanza-miercoles-de-ceniza-comenzamos-la-cuaresma\\\/#primaryimage\"},\"image\":{\"@id\":\"https:\\\/\\\/valenciasjb.salesianos.edu\\\/colegio\\\/camino-a-la-esperanza-miercoles-de-ceniza-comenzamos-la-cuaresma\\\/#primaryimage\"},\"thumbnailUrl\":\"https:\\\/\\\/valenciasjb.salesianos.edu\\\/colegio\\\/wp-content\\\/uploads\\\/sites\\\/2\\\/2021\\\/02\\\/cartel-cuaresma-cole-castellano-.jpg\",\"datePublished\":\"2021-02-17T18:23:20+00:00\",\"dateModified\":\"2021-02-17T18:23:24+00:00\",\"author\":{\"@id\":\"https:\\\/\\\/valenciasjb.salesianos.edu\\\/colegio\\\/#\\\/schema\\\/person\\\/1f45b67e52b27da175190a574db6bed9\"},\"breadcrumb\":{\"@id\":\"https:\\\/\\\/valenciasjb.salesianos.edu\\\/colegio\\\/camino-a-la-esperanza-miercoles-de-ceniza-comenzamos-la-cuaresma\\\/#breadcrumb\"},\"inLanguage\":\"es\",\"potentialAction\":[{\"@type\":\"ReadAction\",\"target\":[\"https:\\\/\\\/valenciasjb.salesianos.edu\\\/colegio\\\/camino-a-la-esperanza-miercoles-de-ceniza-comenzamos-la-cuaresma\\\/\"]}]},{\"@type\":\"ImageObject\",\"inLanguage\":\"es\",\"@id\":\"https:\\\/\\\/valenciasjb.salesianos.edu\\\/colegio\\\/camino-a-la-esperanza-miercoles-de-ceniza-comenzamos-la-cuaresma\\\/#primaryimage\",\"url\":\"https:\\\/\\\/valenciasjb.salesianos.edu\\\/colegio\\\/wp-content\\\/uploads\\\/sites\\\/2\\\/2021\\\/02\\\/cartel-cuaresma-cole-castellano-.jpg\",\"contentUrl\":\"https:\\\/\\\/valenciasjb.salesianos.edu\\\/colegio\\\/wp-content\\\/uploads\\\/sites\\\/2\\\/2021\\\/02\\\/cartel-cuaresma-cole-castellano-.jpg\",\"width\":2481,\"height\":1754},{\"@type\":\"BreadcrumbList\",\"@id\":\"https:\\\/\\\/valenciasjb.salesianos.edu\\\/colegio\\\/camino-a-la-esperanza-miercoles-de-ceniza-comenzamos-la-cuaresma\\\/#breadcrumb\",\"itemListElement\":[{\"@type\":\"ListItem\",\"position\":1,\"name\":\"Portada\",\"item\":\"https:\\\/\\\/valenciasjb.salesianos.edu\\\/colegio\\\/\"},{\"@type\":\"ListItem\",\"position\":2,\"name\":\"\u201cCamino a la Esperanza\u201d&#8230; Mi\u00e9rcoles de Ceniza, comenzamos la Cuaresma\"}]},{\"@type\":\"WebSite\",\"@id\":\"https:\\\/\\\/valenciasjb.salesianos.edu\\\/colegio\\\/#website\",\"url\":\"https:\\\/\\\/valenciasjb.salesianos.edu\\\/colegio\\\/\",\"name\":\"Colegio San Juan Bosco Valencia\",\"description\":\"P\u00e1gina oficial del Colegio Salesianos San Juan Bosco Valencia\",\"alternateName\":\"Salesianos.VSJB\",\"potentialAction\":[{\"@type\":\"SearchAction\",\"target\":{\"@type\":\"EntryPoint\",\"urlTemplate\":\"https:\\\/\\\/valenciasjb.salesianos.edu\\\/colegio\\\/?s={search_term_string}\"},\"query-input\":{\"@type\":\"PropertyValueSpecification\",\"valueRequired\":true,\"valueName\":\"search_term_string\"}}],\"inLanguage\":\"es\"},{\"@type\":\"Person\",\"@id\":\"https:\\\/\\\/valenciasjb.salesianos.edu\\\/colegio\\\/#\\\/schema\\\/person\\\/1f45b67e52b27da175190a574db6bed9\",\"name\":\"veronicapastor\",\"image\":{\"@type\":\"ImageObject\",\"inLanguage\":\"es\",\"@id\":\"https:\\\/\\\/secure.gravatar.com\\\/avatar\\\/e29bd40bace3fd935e1d6fdb7313ffc14628cc037c5e16f4c7369b20a2a6f7f0?s=96&d=mm&r=g\",\"url\":\"https:\\\/\\\/secure.gravatar.com\\\/avatar\\\/e29bd40bace3fd935e1d6fdb7313ffc14628cc037c5e16f4c7369b20a2a6f7f0?s=96&d=mm&r=g\",\"contentUrl\":\"https:\\\/\\\/secure.gravatar.com\\\/avatar\\\/e29bd40bace3fd935e1d6fdb7313ffc14628cc037c5e16f4c7369b20a2a6f7f0?s=96&d=mm&r=g\",\"caption\":\"veronicapastor\"}}]}<\/script>\n<!-- \/ Yoast SEO plugin. -->","yoast_head_json":{"title":"\u201cCamino a la Esperanza\u201d... Mi\u00e9rcoles de Ceniza, comenzamos la Cuaresma - Colegio San Juan Bosco Valencia","robots":{"index":"index","follow":"follow","max-snippet":"max-snippet:-1","max-image-preview":"max-image-preview:large","max-video-preview":"max-video-preview:-1"},"canonical":"https:\/\/valenciasjb.salesianos.edu\/colegio\/camino-a-la-esperanza-miercoles-de-ceniza-comenzamos-la-cuaresma\/","og_locale":"es_ES","og_type":"article","og_title":"\u201cCamino a la Esperanza\u201d... Mi\u00e9rcoles de Ceniza, comenzamos la Cuaresma - Colegio San Juan Bosco Valencia","og_description":"En estos tiempos dif\u00edciles, seguimos buscando maneras de reinventarnos para seguir viviendo nuestra pastoral plenamente... Hoy, Mi\u00e9rcoles de Ceniza, comenzamos la Cuaresma. \u201cCamino a la Esperanza\u201d es el lema elegido. \u00a0Redacci\u00f3n.En el cartel de Cuaresma de este a\u00f1o podemos ver en la parte superior izquierda la cruz en color verde, hasta ella llegan l\u00edneas de [&hellip;]","og_url":"https:\/\/valenciasjb.salesianos.edu\/colegio\/camino-a-la-esperanza-miercoles-de-ceniza-comenzamos-la-cuaresma\/","og_site_name":"Colegio San Juan Bosco Valencia","article_publisher":"https:\/\/www.facebook.com\/ColegioSalesianoSanJuanBoscoValencia","article_published_time":"2021-02-17T18:23:20+00:00","article_modified_time":"2021-02-17T18:23:24+00:00","og_image":[{"width":2481,"height":1754,"url":"https:\/\/valenciasjb.salesianos.edu\/colegio\/wp-content\/uploads\/sites\/2\/2021\/02\/cartel-cuaresma-cole-castellano-.jpg","type":"image\/jpeg"}],"author":"veronicapastor","twitter_card":"summary_large_image","twitter_creator":"@SalesianosVSJB","twitter_site":"@SalesianosVSJB","twitter_misc":{"Escrito por":"veronicapastor","Tiempo de lectura":"2 minutos"},"schema":{"@context":"https:\/\/schema.org","@graph":[{"@type":"Article","@id":"https:\/\/valenciasjb.salesianos.edu\/colegio\/camino-a-la-esperanza-miercoles-de-ceniza-comenzamos-la-cuaresma\/#article","isPartOf":{"@id":"https:\/\/valenciasjb.salesianos.edu\/colegio\/camino-a-la-esperanza-miercoles-de-ceniza-comenzamos-la-cuaresma\/"},"author":{"name":"veronicapastor","@id":"https:\/\/valenciasjb.salesianos.edu\/colegio\/#\/schema\/person\/1f45b67e52b27da175190a574db6bed9"},"headline":"\u201cCamino a la Esperanza\u201d&#8230; Mi\u00e9rcoles de Ceniza, comenzamos la Cuaresma","datePublished":"2021-02-17T18:23:20+00:00","dateModified":"2021-02-17T18:23:24+00:00","mainEntityOfPage":{"@id":"https:\/\/valenciasjb.salesianos.edu\/colegio\/camino-a-la-esperanza-miercoles-de-ceniza-comenzamos-la-cuaresma\/"},"wordCount":432,"image":{"@id":"https:\/\/valenciasjb.salesianos.edu\/colegio\/camino-a-la-esperanza-miercoles-de-ceniza-comenzamos-la-cuaresma\/#primaryimage"},"thumbnailUrl":"https:\/\/valenciasjb.salesianos.edu\/colegio\/wp-content\/uploads\/sites\/2\/2021\/02\/cartel-cuaresma-cole-castellano-.jpg","articleSection":["Noticia Colegio"],"inLanguage":"es"},{"@type":"WebPage","@id":"https:\/\/valenciasjb.salesianos.edu\/colegio\/camino-a-la-esperanza-miercoles-de-ceniza-comenzamos-la-cuaresma\/","url":"https:\/\/valenciasjb.salesianos.edu\/colegio\/camino-a-la-esperanza-miercoles-de-ceniza-comenzamos-la-cuaresma\/","name":"\u201cCamino a la Esperanza\u201d... Mi\u00e9rcoles de Ceniza, comenzamos la Cuaresma - Colegio San Juan Bosco Valencia","isPartOf":{"@id":"https:\/\/valenciasjb.salesianos.edu\/colegio\/#website"},"primaryImageOfPage":{"@id":"https:\/\/valenciasjb.salesianos.edu\/colegio\/camino-a-la-esperanza-miercoles-de-ceniza-comenzamos-la-cuaresma\/#primaryimage"},"image":{"@id":"https:\/\/valenciasjb.salesianos.edu\/colegio\/camino-a-la-esperanza-miercoles-de-ceniza-comenzamos-la-cuaresma\/#primaryimage"},"thumbnailUrl":"https:\/\/valenciasjb.salesianos.edu\/colegio\/wp-content\/uploads\/sites\/2\/2021\/02\/cartel-cuaresma-cole-castellano-.jpg","datePublished":"2021-02-17T18:23:20+00:00","dateModified":"2021-02-17T18:23:24+00:00","author":{"@id":"https:\/\/valenciasjb.salesianos.edu\/colegio\/#\/schema\/person\/1f45b67e52b27da175190a574db6bed9"},"breadcrumb":{"@id":"https:\/\/valenciasjb.salesianos.edu\/colegio\/camino-a-la-esperanza-miercoles-de-ceniza-comenzamos-la-cuaresma\/#breadcrumb"},"inLanguage":"es","potentialAction":[{"@type":"ReadAction","target":["https:\/\/valenciasjb.salesianos.edu\/colegio\/camino-a-la-esperanza-miercoles-de-ceniza-comenzamos-la-cuaresma\/"]}]},{"@type":"ImageObject","inLanguage":"es","@id":"https:\/\/valenciasjb.salesianos.edu\/colegio\/camino-a-la-esperanza-miercoles-de-ceniza-comenzamos-la-cuaresma\/#primaryimage","url":"https:\/\/valenciasjb.salesianos.edu\/colegio\/wp-content\/uploads\/sites\/2\/2021\/02\/cartel-cuaresma-cole-castellano-.jpg","contentUrl":"https:\/\/valenciasjb.salesianos.edu\/colegio\/wp-content\/uploads\/sites\/2\/2021\/02\/cartel-cuaresma-cole-castellano-.jpg","width":2481,"height":1754},{"@type":"BreadcrumbList","@id":"https:\/\/valenciasjb.salesianos.edu\/colegio\/camino-a-la-esperanza-miercoles-de-ceniza-comenzamos-la-cuaresma\/#breadcrumb","itemListElement":[{"@type":"ListItem","position":1,"name":"Portada","item":"https:\/\/valenciasjb.salesianos.edu\/colegio\/"},{"@type":"ListItem","position":2,"name":"\u201cCamino a la Esperanza\u201d&#8230; Mi\u00e9rcoles de Ceniza, comenzamos la Cuaresma"}]},{"@type":"WebSite","@id":"https:\/\/valenciasjb.salesianos.edu\/colegio\/#website","url":"https:\/\/valenciasjb.salesianos.edu\/colegio\/","name":"Colegio San Juan Bosco Valencia","description":"P\u00e1gina oficial del Colegio Salesianos San Juan Bosco Valencia","alternateName":"Salesianos.VSJB","potentialAction":[{"@type":"SearchAction","target":{"@type":"EntryPoint","urlTemplate":"https:\/\/valenciasjb.salesianos.edu\/colegio\/?s={search_term_string}"},"query-input":{"@type":"PropertyValueSpecification","valueRequired":true,"valueName":"search_term_string"}}],"inLanguage":"es"},{"@type":"Person","@id":"https:\/\/valenciasjb.salesianos.edu\/colegio\/#\/schema\/person\/1f45b67e52b27da175190a574db6bed9","name":"veronicapastor","image":{"@type":"ImageObject","inLanguage":"es","@id":"https:\/\/secure.gravatar.com\/avatar\/e29bd40bace3fd935e1d6fdb7313ffc14628cc037c5e16f4c7369b20a2a6f7f0?s=96&d=mm&r=g","url":"https:\/\/secure.gravatar.com\/avatar\/e29bd40bace3fd935e1d6fdb7313ffc14628cc037c5e16f4c7369b20a2a6f7f0?s=96&d=mm&r=g","contentUrl":"https:\/\/secure.gravatar.com\/avatar\/e29bd40bace3fd935e1d6fdb7313ffc14628cc037c5e16f4c7369b20a2a6f7f0?s=96&d=mm&r=g","caption":"veronicapastor"}}]}},"_links":{"self":[{"href":"https:\/\/valenciasjb.salesianos.edu\/colegio\/wp-json\/wp\/v2\/posts\/14879","targetHints":{"allow":["GET"]}}],"collection":[{"href":"https:\/\/valenciasjb.salesianos.edu\/colegio\/wp-json\/wp\/v2\/posts"}],"about":[{"href":"https:\/\/valenciasjb.salesianos.edu\/colegio\/wp-json\/wp\/v2\/types\/post"}],"author":[{"embeddable":true,"href":"https:\/\/valenciasjb.salesianos.edu\/colegio\/wp-json\/wp\/v2\/users\/6"}],"replies":[{"embeddable":true,"href":"https:\/\/valenciasjb.salesianos.edu\/colegio\/wp-json\/wp\/v2\/comments?post=14879"}],"version-history":[{"count":4,"href":"https:\/\/valenciasjb.salesianos.edu\/colegio\/wp-json\/wp\/v2\/posts\/14879\/revisions"}],"predecessor-version":[{"id":14903,"href":"https:\/\/valenciasjb.salesianos.edu\/colegio\/wp-json\/wp\/v2\/posts\/14879\/revisions\/14903"}],"wp:featuredmedia":[{"embeddable":true,"href":"https:\/\/valenciasjb.salesianos.edu\/colegio\/wp-json\/wp\/v2\/media\/14882"}],"wp:attachment":[{"href":"https:\/\/valenciasjb.salesianos.edu\/colegio\/wp-json\/wp\/v2\/media?parent=14879"}],"wp:term":[{"taxonomy":"category","embeddable":true,"href":"https:\/\/valenciasjb.salesianos.edu\/colegio\/wp-json\/wp\/v2\/categories?post=14879"},{"taxonomy":"post_tag","embeddable":true,"href":"https:\/\/valenciasjb.salesianos.edu\/colegio\/wp-json\/wp\/v2\/tags?post=14879"}],"curies":[{"name":"wp","href":"https:\/\/api.w.org\/{rel}","templated":true}]}}