{"id":14935,"date":"2021-03-02T13:56:03","date_gmt":"2021-03-02T12:56:03","guid":{"rendered":"https:\/\/valenciasjb.salesianos.edu\/colegio\/?p=14935"},"modified":"2021-03-02T15:22:14","modified_gmt":"2021-03-02T14:22:14","slug":"el-proyecto-entorno-seguro-propuesto-por-ampas-en-colaboracion-con-el-colegio-al-ayuntamiento-de-valencia-esta-mejorando-los-alrededores-del-colegio-y-el-barrio","status":"publish","type":"post","link":"https:\/\/valenciasjb.salesianos.edu\/colegio\/el-proyecto-entorno-seguro-propuesto-por-ampas-en-colaboracion-con-el-colegio-al-ayuntamiento-de-valencia-esta-mejorando-los-alrededores-del-colegio-y-el-barrio\/","title":{"rendered":"El \u201cProyecto entorno seguro\u201d, propuesto por AMPAS en colaboraci\u00f3n con el Colegio, al Ayuntamiento de Valencia est\u00e1 mejorando los alrededores del colegio y el barrio"},"content":{"rendered":"<div id=\"fb-root\"><\/div>\n<p>[et_pb_section fb_built=\u00bb1&#8243; admin_label=\u00bbsection\u00bb _builder_version=\u00bb3.22&#8243;][et_pb_row admin_label=\u00bbrow\u00bb _builder_version=\u00bb3.25&#8243; background_size=\u00bbinitial\u00bb background_position=\u00bbtop_left\u00bb background_repeat=\u00bbrepeat\u00bb][et_pb_column type=\u00bb4_4&#8243; _builder_version=\u00bb3.25&#8243; custom_padding=\u00bb|||\u00bb custom_padding__hover=\u00bb|||\u00bb][et_pb_text admin_label=\u00bbEntradilla (Texto)\u00bb _builder_version=\u00bb4.9.0&#8243; text_font=\u00bb|on|||\u00bb text_orientation=\u00bbjustified\u00bb module_alignment=\u00bbjustified\u00bb]<\/p>\n<div id=\"resumen\">\n<p>Hace algunos meses nuestro AMPAS se reuni\u00f3 con el Ayuntamiento de Valencia y present\u00f3 en los distintos departamentos la iniciativa que llamaron \u201cProyecto entorno seguro\u201d.<\/p>\n<\/div>\n<p>[\/et_pb_text][et_pb_text admin_label=\u00bbAutor (Texto)\u00bb _builder_version=\u00bb4.9.0&#8243; text_font=\u00bb||on||\u00bb]<\/p>\n<p>Redacci\u00f3n.<\/p>\n<p>[\/et_pb_text][et_pb_text admin_label=\u00bbDesarrollo (Texto)\u00bb _builder_version=\u00bb4.9.0&#8243; text_orientation=\u00bbjustified\u00bb module_alignment=\u00bbjustified\u00bb]<\/p>\n<div id=\"resumen\">\n<p>En este proyecto se solicitaron mejoras en las infraestructuras y mantenimiento con el fin de mejorar la calidad, seguridad y salubridad del entorno m\u00e1s cercano de nuestro centro escolar. En estos meses ya se han atendido algunas peticiones como reparaci\u00f3n de aceras, revisi\u00f3n de limpieza en la zona, desratizaci\u00f3n, revisi\u00f3n de se\u00f1alizaci\u00f3n, etc.<\/p>\n<p>Otra de las solicitudes fue la mejora en la seguridad vial en Avda. de la Plata y Fuente de San Luis y que tras reuni\u00f3n con Polic\u00eda Local est\u00e1 en estudio.\u00a0Como refuerzo a estas peticiones, a iniciativa de AMPAS, y aprovechando los presupuestos participativos del Ayuntamiento, se solicit\u00f3 entre otras cosas la mejora en la seguridad de los accesos.<\/p>\n<p>La propuesta pas\u00f3 el filtro del Ayuntamiento y a d\u00eda de hoy est\u00e1 en la \u00faltima fase en la que los ciudadanos pueden votar la realizaci\u00f3n de las mejoras. Con el fin de que llegue a buen puerto y entre todos hagamos nuestro entorno m\u00e1s seguro y limpio, tanto desde AMPAS como desde el Colegio, pedimos a la comunidad educativa que voten antes del d\u00eda 7 de Marzo la propuesta en <a href=\"http:\/\/decidimvlc.valencia.es\/\" data-saferedirecturl=\"https:\/\/www.google.com\/url?q=http:\/\/decidimvlc.valencia.es&amp;source=gmail&amp;ust=1614775209670000&amp;usg=AFQjCNH4fpp8_pOJusYu_9w-cxWHQZfQkA\">decidimvlc.valencia.es<\/a>\u00a0dando ejemplo de nuestra participaci\u00f3n y compromiso.<\/p>\n<p>Entre todas las propuestas de Quatre Carreres encontrar\u00e1n \u00abAcc\u00e9s segur per als alumnes en Av. Plata \/Cra. Sant Llu\u00eds i Entorn\u00bb para que la voten ya que la dotaci\u00f3n econ\u00f3mica es importante, 225.000 euros, y mejorar\u00e1 sustancialmente el entorno escolar y el barrio en su conjunto.<\/p>\n<\/div>\n<div>\u00a0<\/div>\n<p>[\/et_pb_text][et_pb_text disabled_on=\u00bboff|on|on\u00bb admin_label=\u00bbT\u00edtulo: Galer\u00eda de fotos (Texto)\u00bb _builder_version=\u00bb3.27.4&#8243; text_font=\u00bb|on|||\u00bb text_text_color=\u00bb#dc001b\u00bb border_style=\u00bbsolid\u00bb]Galer\u00eda de im\u00e1genes<br \/>\n[\/et_pb_text][et_pb_gallery gallery_ids=\u00bb14938&#8243; posts_number=\u00bb8&#8243; show_title_and_caption=\u00bboff\u00bb zoom_icon_color=\u00bb#dc001b\u00bb hover_icon=\u00bb%%51%%\u00bb disabled_on=\u00bboff|off|off\u00bb _builder_version=\u00bb4.9.0&#8243; pagination_font_size_tablet=\u00bb51&#8243; pagination_line_height_tablet=\u00bb2&#8243;][\/et_pb_gallery][et_pb_video disabled_on=\u00bbon|on|on\u00bb _builder_version=\u00bb3.0.51&#8243; disabled=\u00bbon\u00bb][\/et_pb_video][\/et_pb_column][\/et_pb_row][\/et_pb_section]<\/p>\n<!-- AddThis Advanced Settings generic via filter on the_content --><!-- AddThis Share Buttons generic via filter on the_content -->","protected":false},"excerpt":{"rendered":"<p>Hace algunos meses nuestro AMPAS se reuni\u00f3 con el Ayuntamiento de Valencia y present\u00f3 en los distintos departamentos la iniciativa que llamaron \u201cProyecto entorno seguro\u201d. Redacci\u00f3n. En este proyecto se solicitaron mejoras en las infraestructuras y mantenimiento con el fin de mejorar la calidad, seguridad y salubridad del entorno m\u00e1s cercano de nuestro centro escolar. [&hellip;]<\/p>\n<p><!-- AddThis Advanced Settings generic via filter on get_the_excerpt --><!-- AddThis Share Buttons generic via filter on get_the_excerpt --><\/p>\n","protected":false},"author":6,"featured_media":14938,"comment_status":"closed","ping_status":"open","sticky":false,"template":"","format":"standard","meta":{"_et_pb_use_builder":"on","_et_pb_old_content":"","_et_gb_content_width":"","footnotes":""},"categories":[30,14,32],"tags":[],"class_list":["post-14935","post","type-post","status-publish","format-standard","has-post-thumbnail","hentry","category-ampas_actividades","category-noticia_colegio","category-noticias-ampas"],"yoast_head":"<!-- This site is optimized with the Yoast SEO plugin v28.3 - https:\/\/yoast.com\/product\/yoast-seo-wordpress\/ -->\n<title>El \u201cProyecto entorno seguro\u201d, propuesto por AMPAS en colaboraci\u00f3n con el Colegio, al Ayuntamiento de Valencia est\u00e1 mejorando los alrededores del colegio y el barrio - Colegio San Juan Bosco Valencia<\/title>\n<meta name=\"robots\" content=\"index, follow, max-snippet:-1, max-image-preview:large, max-video-preview:-1\" \/>\n<link rel=\"canonical\" href=\"https:\/\/valenciasjb.salesianos.edu\/colegio\/el-proyecto-entorno-seguro-propuesto-por-ampas-en-colaboracion-con-el-colegio-al-ayuntamiento-de-valencia-esta-mejorando-los-alrededores-del-colegio-y-el-barrio\/\" \/>\n<meta property=\"og:locale\" content=\"es_ES\" \/>\n<meta property=\"og:type\" content=\"article\" \/>\n<meta property=\"og:title\" content=\"El \u201cProyecto entorno seguro\u201d, propuesto por AMPAS en colaboraci\u00f3n con el Colegio, al Ayuntamiento de Valencia est\u00e1 mejorando los alrededores del colegio y el barrio - Colegio San Juan Bosco Valencia\" \/>\n<meta property=\"og:description\" content=\"Hace algunos meses nuestro AMPAS se reuni\u00f3 con el Ayuntamiento de Valencia y present\u00f3 en los distintos departamentos la iniciativa que llamaron \u201cProyecto entorno seguro\u201d. Redacci\u00f3n. En este proyecto se solicitaron mejoras en las infraestructuras y mantenimiento con el fin de mejorar la calidad, seguridad y salubridad del entorno m\u00e1s cercano de nuestro centro escolar. [&hellip;]\" \/>\n<meta property=\"og:url\" content=\"https:\/\/valenciasjb.salesianos.edu\/colegio\/el-proyecto-entorno-seguro-propuesto-por-ampas-en-colaboracion-con-el-colegio-al-ayuntamiento-de-valencia-esta-mejorando-los-alrededores-del-colegio-y-el-barrio\/\" \/>\n<meta property=\"og:site_name\" content=\"Colegio San Juan Bosco Valencia\" \/>\n<meta property=\"article:publisher\" content=\"https:\/\/www.facebook.com\/ColegioSalesianoSanJuanBoscoValencia\" \/>\n<meta property=\"article:published_time\" content=\"2021-03-02T12:56:03+00:00\" \/>\n<meta property=\"article:modified_time\" content=\"2021-03-02T14:22:14+00:00\" \/>\n<meta property=\"og:image\" content=\"https:\/\/valenciasjb.salesianos.edu\/colegio\/wp-content\/uploads\/sites\/2\/2021\/03\/image001.png\" \/>\n\t<meta property=\"og:image:width\" content=\"761\" \/>\n\t<meta property=\"og:image:height\" content=\"328\" \/>\n\t<meta property=\"og:image:type\" content=\"image\/png\" \/>\n<meta name=\"author\" content=\"veronicapastor\" \/>\n<meta name=\"twitter:card\" content=\"summary_large_image\" \/>\n<meta name=\"twitter:creator\" content=\"@SalesianosVSJB\" \/>\n<meta name=\"twitter:site\" content=\"@SalesianosVSJB\" \/>\n<meta name=\"twitter:label1\" content=\"Escrito por\" \/>\n\t<meta name=\"twitter:data1\" content=\"veronicapastor\" \/>\n\t<meta name=\"twitter:label2\" content=\"Tiempo de lectura\" \/>\n\t<meta name=\"twitter:data2\" content=\"2 minutos\" \/>\n<script type=\"application\/ld+json\" class=\"yoast-schema-graph\">{\"@context\":\"https:\\\/\\\/schema.org\",\"@graph\":[{\"@type\":\"Article\",\"@id\":\"https:\\\/\\\/valenciasjb.salesianos.edu\\\/colegio\\\/el-proyecto-entorno-seguro-propuesto-por-ampas-en-colaboracion-con-el-colegio-al-ayuntamiento-de-valencia-esta-mejorando-los-alrededores-del-colegio-y-el-barrio\\\/#article\",\"isPartOf\":{\"@id\":\"https:\\\/\\\/valenciasjb.salesianos.edu\\\/colegio\\\/el-proyecto-entorno-seguro-propuesto-por-ampas-en-colaboracion-con-el-colegio-al-ayuntamiento-de-valencia-esta-mejorando-los-alrededores-del-colegio-y-el-barrio\\\/\"},\"author\":{\"name\":\"veronicapastor\",\"@id\":\"https:\\\/\\\/valenciasjb.salesianos.edu\\\/colegio\\\/#\\\/schema\\\/person\\\/1f45b67e52b27da175190a574db6bed9\"},\"headline\":\"El \u201cProyecto entorno seguro\u201d, propuesto por AMPAS en colaboraci\u00f3n con el Colegio, al Ayuntamiento de Valencia est\u00e1 mejorando los alrededores del colegio y el barrio\",\"datePublished\":\"2021-03-02T12:56:03+00:00\",\"dateModified\":\"2021-03-02T14:22:14+00:00\",\"mainEntityOfPage\":{\"@id\":\"https:\\\/\\\/valenciasjb.salesianos.edu\\\/colegio\\\/el-proyecto-entorno-seguro-propuesto-por-ampas-en-colaboracion-con-el-colegio-al-ayuntamiento-de-valencia-esta-mejorando-los-alrededores-del-colegio-y-el-barrio\\\/\"},\"wordCount\":502,\"image\":{\"@id\":\"https:\\\/\\\/valenciasjb.salesianos.edu\\\/colegio\\\/el-proyecto-entorno-seguro-propuesto-por-ampas-en-colaboracion-con-el-colegio-al-ayuntamiento-de-valencia-esta-mejorando-los-alrededores-del-colegio-y-el-barrio\\\/#primaryimage\"},\"thumbnailUrl\":\"https:\\\/\\\/valenciasjb.salesianos.edu\\\/colegio\\\/wp-content\\\/uploads\\\/sites\\\/2\\\/2021\\\/03\\\/image001.png\",\"articleSection\":[\"AMPAS Actividades\",\"Noticia Colegio\",\"Noticias AMPAS\"],\"inLanguage\":\"es\"},{\"@type\":\"WebPage\",\"@id\":\"https:\\\/\\\/valenciasjb.salesianos.edu\\\/colegio\\\/el-proyecto-entorno-seguro-propuesto-por-ampas-en-colaboracion-con-el-colegio-al-ayuntamiento-de-valencia-esta-mejorando-los-alrededores-del-colegio-y-el-barrio\\\/\",\"url\":\"https:\\\/\\\/valenciasjb.salesianos.edu\\\/colegio\\\/el-proyecto-entorno-seguro-propuesto-por-ampas-en-colaboracion-con-el-colegio-al-ayuntamiento-de-valencia-esta-mejorando-los-alrededores-del-colegio-y-el-barrio\\\/\",\"name\":\"El \u201cProyecto entorno seguro\u201d, propuesto por AMPAS en colaboraci\u00f3n con el Colegio, al Ayuntamiento de Valencia est\u00e1 mejorando los alrededores del colegio y el barrio - Colegio San Juan Bosco Valencia\",\"isPartOf\":{\"@id\":\"https:\\\/\\\/valenciasjb.salesianos.edu\\\/colegio\\\/#website\"},\"primaryImageOfPage\":{\"@id\":\"https:\\\/\\\/valenciasjb.salesianos.edu\\\/colegio\\\/el-proyecto-entorno-seguro-propuesto-por-ampas-en-colaboracion-con-el-colegio-al-ayuntamiento-de-valencia-esta-mejorando-los-alrededores-del-colegio-y-el-barrio\\\/#primaryimage\"},\"image\":{\"@id\":\"https:\\\/\\\/valenciasjb.salesianos.edu\\\/colegio\\\/el-proyecto-entorno-seguro-propuesto-por-ampas-en-colaboracion-con-el-colegio-al-ayuntamiento-de-valencia-esta-mejorando-los-alrededores-del-colegio-y-el-barrio\\\/#primaryimage\"},\"thumbnailUrl\":\"https:\\\/\\\/valenciasjb.salesianos.edu\\\/colegio\\\/wp-content\\\/uploads\\\/sites\\\/2\\\/2021\\\/03\\\/image001.png\",\"datePublished\":\"2021-03-02T12:56:03+00:00\",\"dateModified\":\"2021-03-02T14:22:14+00:00\",\"author\":{\"@id\":\"https:\\\/\\\/valenciasjb.salesianos.edu\\\/colegio\\\/#\\\/schema\\\/person\\\/1f45b67e52b27da175190a574db6bed9\"},\"breadcrumb\":{\"@id\":\"https:\\\/\\\/valenciasjb.salesianos.edu\\\/colegio\\\/el-proyecto-entorno-seguro-propuesto-por-ampas-en-colaboracion-con-el-colegio-al-ayuntamiento-de-valencia-esta-mejorando-los-alrededores-del-colegio-y-el-barrio\\\/#breadcrumb\"},\"inLanguage\":\"es\",\"potentialAction\":[{\"@type\":\"ReadAction\",\"target\":[\"https:\\\/\\\/valenciasjb.salesianos.edu\\\/colegio\\\/el-proyecto-entorno-seguro-propuesto-por-ampas-en-colaboracion-con-el-colegio-al-ayuntamiento-de-valencia-esta-mejorando-los-alrededores-del-colegio-y-el-barrio\\\/\"]}]},{\"@type\":\"ImageObject\",\"inLanguage\":\"es\",\"@id\":\"https:\\\/\\\/valenciasjb.salesianos.edu\\\/colegio\\\/el-proyecto-entorno-seguro-propuesto-por-ampas-en-colaboracion-con-el-colegio-al-ayuntamiento-de-valencia-esta-mejorando-los-alrededores-del-colegio-y-el-barrio\\\/#primaryimage\",\"url\":\"https:\\\/\\\/valenciasjb.salesianos.edu\\\/colegio\\\/wp-content\\\/uploads\\\/sites\\\/2\\\/2021\\\/03\\\/image001.png\",\"contentUrl\":\"https:\\\/\\\/valenciasjb.salesianos.edu\\\/colegio\\\/wp-content\\\/uploads\\\/sites\\\/2\\\/2021\\\/03\\\/image001.png\",\"width\":761,\"height\":328},{\"@type\":\"BreadcrumbList\",\"@id\":\"https:\\\/\\\/valenciasjb.salesianos.edu\\\/colegio\\\/el-proyecto-entorno-seguro-propuesto-por-ampas-en-colaboracion-con-el-colegio-al-ayuntamiento-de-valencia-esta-mejorando-los-alrededores-del-colegio-y-el-barrio\\\/#breadcrumb\",\"itemListElement\":[{\"@type\":\"ListItem\",\"position\":1,\"name\":\"Portada\",\"item\":\"https:\\\/\\\/valenciasjb.salesianos.edu\\\/colegio\\\/\"},{\"@type\":\"ListItem\",\"position\":2,\"name\":\"El \u201cProyecto entorno seguro\u201d, propuesto por AMPAS en colaboraci\u00f3n con el Colegio, al Ayuntamiento de Valencia est\u00e1 mejorando los alrededores del colegio y el barrio\"}]},{\"@type\":\"WebSite\",\"@id\":\"https:\\\/\\\/valenciasjb.salesianos.edu\\\/colegio\\\/#website\",\"url\":\"https:\\\/\\\/valenciasjb.salesianos.edu\\\/colegio\\\/\",\"name\":\"Colegio San Juan Bosco Valencia\",\"description\":\"P\u00e1gina oficial del Colegio Salesianos San Juan Bosco Valencia\",\"alternateName\":\"Salesianos.VSJB\",\"potentialAction\":[{\"@type\":\"SearchAction\",\"target\":{\"@type\":\"EntryPoint\",\"urlTemplate\":\"https:\\\/\\\/valenciasjb.salesianos.edu\\\/colegio\\\/?s={search_term_string}\"},\"query-input\":{\"@type\":\"PropertyValueSpecification\",\"valueRequired\":true,\"valueName\":\"search_term_string\"}}],\"inLanguage\":\"es\"},{\"@type\":\"Person\",\"@id\":\"https:\\\/\\\/valenciasjb.salesianos.edu\\\/colegio\\\/#\\\/schema\\\/person\\\/1f45b67e52b27da175190a574db6bed9\",\"name\":\"veronicapastor\",\"image\":{\"@type\":\"ImageObject\",\"inLanguage\":\"es\",\"@id\":\"https:\\\/\\\/secure.gravatar.com\\\/avatar\\\/e29bd40bace3fd935e1d6fdb7313ffc14628cc037c5e16f4c7369b20a2a6f7f0?s=96&d=mm&r=g\",\"url\":\"https:\\\/\\\/secure.gravatar.com\\\/avatar\\\/e29bd40bace3fd935e1d6fdb7313ffc14628cc037c5e16f4c7369b20a2a6f7f0?s=96&d=mm&r=g\",\"contentUrl\":\"https:\\\/\\\/secure.gravatar.com\\\/avatar\\\/e29bd40bace3fd935e1d6fdb7313ffc14628cc037c5e16f4c7369b20a2a6f7f0?s=96&d=mm&r=g\",\"caption\":\"veronicapastor\"}}]}<\/script>\n<!-- \/ Yoast SEO plugin. -->","yoast_head_json":{"title":"El \u201cProyecto entorno seguro\u201d, propuesto por AMPAS en colaboraci\u00f3n con el Colegio, al Ayuntamiento de Valencia est\u00e1 mejorando los alrededores del colegio y el barrio - Colegio San Juan Bosco Valencia","robots":{"index":"index","follow":"follow","max-snippet":"max-snippet:-1","max-image-preview":"max-image-preview:large","max-video-preview":"max-video-preview:-1"},"canonical":"https:\/\/valenciasjb.salesianos.edu\/colegio\/el-proyecto-entorno-seguro-propuesto-por-ampas-en-colaboracion-con-el-colegio-al-ayuntamiento-de-valencia-esta-mejorando-los-alrededores-del-colegio-y-el-barrio\/","og_locale":"es_ES","og_type":"article","og_title":"El \u201cProyecto entorno seguro\u201d, propuesto por AMPAS en colaboraci\u00f3n con el Colegio, al Ayuntamiento de Valencia est\u00e1 mejorando los alrededores del colegio y el barrio - Colegio San Juan Bosco Valencia","og_description":"Hace algunos meses nuestro AMPAS se reuni\u00f3 con el Ayuntamiento de Valencia y present\u00f3 en los distintos departamentos la iniciativa que llamaron \u201cProyecto entorno seguro\u201d. Redacci\u00f3n. En este proyecto se solicitaron mejoras en las infraestructuras y mantenimiento con el fin de mejorar la calidad, seguridad y salubridad del entorno m\u00e1s cercano de nuestro centro escolar. [&hellip;]","og_url":"https:\/\/valenciasjb.salesianos.edu\/colegio\/el-proyecto-entorno-seguro-propuesto-por-ampas-en-colaboracion-con-el-colegio-al-ayuntamiento-de-valencia-esta-mejorando-los-alrededores-del-colegio-y-el-barrio\/","og_site_name":"Colegio San Juan Bosco Valencia","article_publisher":"https:\/\/www.facebook.com\/ColegioSalesianoSanJuanBoscoValencia","article_published_time":"2021-03-02T12:56:03+00:00","article_modified_time":"2021-03-02T14:22:14+00:00","og_image":[{"width":761,"height":328,"url":"https:\/\/valenciasjb.salesianos.edu\/colegio\/wp-content\/uploads\/sites\/2\/2021\/03\/image001.png","type":"image\/png"}],"author":"veronicapastor","twitter_card":"summary_large_image","twitter_creator":"@SalesianosVSJB","twitter_site":"@SalesianosVSJB","twitter_misc":{"Escrito por":"veronicapastor","Tiempo de lectura":"2 minutos"},"schema":{"@context":"https:\/\/schema.org","@graph":[{"@type":"Article","@id":"https:\/\/valenciasjb.salesianos.edu\/colegio\/el-proyecto-entorno-seguro-propuesto-por-ampas-en-colaboracion-con-el-colegio-al-ayuntamiento-de-valencia-esta-mejorando-los-alrededores-del-colegio-y-el-barrio\/#article","isPartOf":{"@id":"https:\/\/valenciasjb.salesianos.edu\/colegio\/el-proyecto-entorno-seguro-propuesto-por-ampas-en-colaboracion-con-el-colegio-al-ayuntamiento-de-valencia-esta-mejorando-los-alrededores-del-colegio-y-el-barrio\/"},"author":{"name":"veronicapastor","@id":"https:\/\/valenciasjb.salesianos.edu\/colegio\/#\/schema\/person\/1f45b67e52b27da175190a574db6bed9"},"headline":"El \u201cProyecto entorno seguro\u201d, propuesto por AMPAS en colaboraci\u00f3n con el Colegio, al Ayuntamiento de Valencia est\u00e1 mejorando los alrededores del colegio y el barrio","datePublished":"2021-03-02T12:56:03+00:00","dateModified":"2021-03-02T14:22:14+00:00","mainEntityOfPage":{"@id":"https:\/\/valenciasjb.salesianos.edu\/colegio\/el-proyecto-entorno-seguro-propuesto-por-ampas-en-colaboracion-con-el-colegio-al-ayuntamiento-de-valencia-esta-mejorando-los-alrededores-del-colegio-y-el-barrio\/"},"wordCount":502,"image":{"@id":"https:\/\/valenciasjb.salesianos.edu\/colegio\/el-proyecto-entorno-seguro-propuesto-por-ampas-en-colaboracion-con-el-colegio-al-ayuntamiento-de-valencia-esta-mejorando-los-alrededores-del-colegio-y-el-barrio\/#primaryimage"},"thumbnailUrl":"https:\/\/valenciasjb.salesianos.edu\/colegio\/wp-content\/uploads\/sites\/2\/2021\/03\/image001.png","articleSection":["AMPAS Actividades","Noticia Colegio","Noticias AMPAS"],"inLanguage":"es"},{"@type":"WebPage","@id":"https:\/\/valenciasjb.salesianos.edu\/colegio\/el-proyecto-entorno-seguro-propuesto-por-ampas-en-colaboracion-con-el-colegio-al-ayuntamiento-de-valencia-esta-mejorando-los-alrededores-del-colegio-y-el-barrio\/","url":"https:\/\/valenciasjb.salesianos.edu\/colegio\/el-proyecto-entorno-seguro-propuesto-por-ampas-en-colaboracion-con-el-colegio-al-ayuntamiento-de-valencia-esta-mejorando-los-alrededores-del-colegio-y-el-barrio\/","name":"El \u201cProyecto entorno seguro\u201d, propuesto por AMPAS en colaboraci\u00f3n con el Colegio, al Ayuntamiento de Valencia est\u00e1 mejorando los alrededores del colegio y el barrio - Colegio San Juan Bosco Valencia","isPartOf":{"@id":"https:\/\/valenciasjb.salesianos.edu\/colegio\/#website"},"primaryImageOfPage":{"@id":"https:\/\/valenciasjb.salesianos.edu\/colegio\/el-proyecto-entorno-seguro-propuesto-por-ampas-en-colaboracion-con-el-colegio-al-ayuntamiento-de-valencia-esta-mejorando-los-alrededores-del-colegio-y-el-barrio\/#primaryimage"},"image":{"@id":"https:\/\/valenciasjb.salesianos.edu\/colegio\/el-proyecto-entorno-seguro-propuesto-por-ampas-en-colaboracion-con-el-colegio-al-ayuntamiento-de-valencia-esta-mejorando-los-alrededores-del-colegio-y-el-barrio\/#primaryimage"},"thumbnailUrl":"https:\/\/valenciasjb.salesianos.edu\/colegio\/wp-content\/uploads\/sites\/2\/2021\/03\/image001.png","datePublished":"2021-03-02T12:56:03+00:00","dateModified":"2021-03-02T14:22:14+00:00","author":{"@id":"https:\/\/valenciasjb.salesianos.edu\/colegio\/#\/schema\/person\/1f45b67e52b27da175190a574db6bed9"},"breadcrumb":{"@id":"https:\/\/valenciasjb.salesianos.edu\/colegio\/el-proyecto-entorno-seguro-propuesto-por-ampas-en-colaboracion-con-el-colegio-al-ayuntamiento-de-valencia-esta-mejorando-los-alrededores-del-colegio-y-el-barrio\/#breadcrumb"},"inLanguage":"es","potentialAction":[{"@type":"ReadAction","target":["https:\/\/valenciasjb.salesianos.edu\/colegio\/el-proyecto-entorno-seguro-propuesto-por-ampas-en-colaboracion-con-el-colegio-al-ayuntamiento-de-valencia-esta-mejorando-los-alrededores-del-colegio-y-el-barrio\/"]}]},{"@type":"ImageObject","inLanguage":"es","@id":"https:\/\/valenciasjb.salesianos.edu\/colegio\/el-proyecto-entorno-seguro-propuesto-por-ampas-en-colaboracion-con-el-colegio-al-ayuntamiento-de-valencia-esta-mejorando-los-alrededores-del-colegio-y-el-barrio\/#primaryimage","url":"https:\/\/valenciasjb.salesianos.edu\/colegio\/wp-content\/uploads\/sites\/2\/2021\/03\/image001.png","contentUrl":"https:\/\/valenciasjb.salesianos.edu\/colegio\/wp-content\/uploads\/sites\/2\/2021\/03\/image001.png","width":761,"height":328},{"@type":"BreadcrumbList","@id":"https:\/\/valenciasjb.salesianos.edu\/colegio\/el-proyecto-entorno-seguro-propuesto-por-ampas-en-colaboracion-con-el-colegio-al-ayuntamiento-de-valencia-esta-mejorando-los-alrededores-del-colegio-y-el-barrio\/#breadcrumb","itemListElement":[{"@type":"ListItem","position":1,"name":"Portada","item":"https:\/\/valenciasjb.salesianos.edu\/colegio\/"},{"@type":"ListItem","position":2,"name":"El \u201cProyecto entorno seguro\u201d, propuesto por AMPAS en colaboraci\u00f3n con el Colegio, al Ayuntamiento de Valencia est\u00e1 mejorando los alrededores del colegio y el barrio"}]},{"@type":"WebSite","@id":"https:\/\/valenciasjb.salesianos.edu\/colegio\/#website","url":"https:\/\/valenciasjb.salesianos.edu\/colegio\/","name":"Colegio San Juan Bosco Valencia","description":"P\u00e1gina oficial del Colegio Salesianos San Juan Bosco Valencia","alternateName":"Salesianos.VSJB","potentialAction":[{"@type":"SearchAction","target":{"@type":"EntryPoint","urlTemplate":"https:\/\/valenciasjb.salesianos.edu\/colegio\/?s={search_term_string}"},"query-input":{"@type":"PropertyValueSpecification","valueRequired":true,"valueName":"search_term_string"}}],"inLanguage":"es"},{"@type":"Person","@id":"https:\/\/valenciasjb.salesianos.edu\/colegio\/#\/schema\/person\/1f45b67e52b27da175190a574db6bed9","name":"veronicapastor","image":{"@type":"ImageObject","inLanguage":"es","@id":"https:\/\/secure.gravatar.com\/avatar\/e29bd40bace3fd935e1d6fdb7313ffc14628cc037c5e16f4c7369b20a2a6f7f0?s=96&d=mm&r=g","url":"https:\/\/secure.gravatar.com\/avatar\/e29bd40bace3fd935e1d6fdb7313ffc14628cc037c5e16f4c7369b20a2a6f7f0?s=96&d=mm&r=g","contentUrl":"https:\/\/secure.gravatar.com\/avatar\/e29bd40bace3fd935e1d6fdb7313ffc14628cc037c5e16f4c7369b20a2a6f7f0?s=96&d=mm&r=g","caption":"veronicapastor"}}]}},"_links":{"self":[{"href":"https:\/\/valenciasjb.salesianos.edu\/colegio\/wp-json\/wp\/v2\/posts\/14935","targetHints":{"allow":["GET"]}}],"collection":[{"href":"https:\/\/valenciasjb.salesianos.edu\/colegio\/wp-json\/wp\/v2\/posts"}],"about":[{"href":"https:\/\/valenciasjb.salesianos.edu\/colegio\/wp-json\/wp\/v2\/types\/post"}],"author":[{"embeddable":true,"href":"https:\/\/valenciasjb.salesianos.edu\/colegio\/wp-json\/wp\/v2\/users\/6"}],"replies":[{"embeddable":true,"href":"https:\/\/valenciasjb.salesianos.edu\/colegio\/wp-json\/wp\/v2\/comments?post=14935"}],"version-history":[{"count":5,"href":"https:\/\/valenciasjb.salesianos.edu\/colegio\/wp-json\/wp\/v2\/posts\/14935\/revisions"}],"predecessor-version":[{"id":14943,"href":"https:\/\/valenciasjb.salesianos.edu\/colegio\/wp-json\/wp\/v2\/posts\/14935\/revisions\/14943"}],"wp:featuredmedia":[{"embeddable":true,"href":"https:\/\/valenciasjb.salesianos.edu\/colegio\/wp-json\/wp\/v2\/media\/14938"}],"wp:attachment":[{"href":"https:\/\/valenciasjb.salesianos.edu\/colegio\/wp-json\/wp\/v2\/media?parent=14935"}],"wp:term":[{"taxonomy":"category","embeddable":true,"href":"https:\/\/valenciasjb.salesianos.edu\/colegio\/wp-json\/wp\/v2\/categories?post=14935"},{"taxonomy":"post_tag","embeddable":true,"href":"https:\/\/valenciasjb.salesianos.edu\/colegio\/wp-json\/wp\/v2\/tags?post=14935"}],"curies":[{"name":"wp","href":"https:\/\/api.w.org\/{rel}","templated":true}]}}