{"id":14961,"date":"2021-03-04T19:48:24","date_gmt":"2021-03-04T18:48:24","guid":{"rendered":"https:\/\/valenciasjb.salesianos.edu\/colegio\/?p=14961"},"modified":"2021-03-04T19:53:02","modified_gmt":"2021-03-04T18:53:02","slug":"misa-en-valenciano-una-fe-arraigada-en-el-corazon-en-la-parroquia-maria-auxiliadora-de-valencia","status":"publish","type":"post","link":"https:\/\/valenciasjb.salesianos.edu\/colegio\/misa-en-valenciano-una-fe-arraigada-en-el-corazon-en-la-parroquia-maria-auxiliadora-de-valencia\/","title":{"rendered":"Misa en valenciano, una fe arraigada en el coraz\u00f3n, en la Parroquia Mar\u00eda Auxiliadora de Valencia"},"content":{"rendered":"<div id=\"fb-root\"><\/div>\n<p>[et_pb_section fb_built=\u00bb1&#8243; admin_label=\u00bbsection\u00bb _builder_version=\u00bb3.22&#8243;][et_pb_row admin_label=\u00bbrow\u00bb _builder_version=\u00bb3.25&#8243; background_size=\u00bbinitial\u00bb background_position=\u00bbtop_left\u00bb background_repeat=\u00bbrepeat\u00bb][et_pb_column type=\u00bb4_4&#8243; _builder_version=\u00bb3.25&#8243; custom_padding=\u00bb|||\u00bb custom_padding__hover=\u00bb|||\u00bb][et_pb_text admin_label=\u00bbEntradilla (Texto)\u00bb _builder_version=\u00bb4.9.0&#8243; text_font=\u00bb|on|||\u00bb text_orientation=\u00bbjustified\u00bb module_alignment=\u00bbjustified\u00bb]<\/p>\n<div id=\"resumen\"><strong>Todos los domingos a las 20 horas se celebra una misa en valenciano en la Parroquia de Mar\u00eda Auxiliadora. Una noticia que ha aparecido en la Revista \u00abParaula\u00bb con los testimonios de Sof\u00eda Garc\u00eda, alumna de 2\u00ba de Bachillerato y Yaiza Robles, antigua alumna.<\/strong><\/div>\n<div>\u00a0<\/div>\n<p>[\/et_pb_text][et_pb_text admin_label=\u00bbAutor (Texto)\u00bb _builder_version=\u00bb3.27.4&#8243; text_font=\u00bb||on||\u00bb]Redacci\u00f3n<br \/>\n[\/et_pb_text][et_pb_text admin_label=\u00bbDesarrollo (Texto)\u00bb _builder_version=\u00bb4.9.0&#8243; text_orientation=\u00bbjustified\u00bb module_alignment=\u00bbjustified\u00bb hover_enabled=\u00bb0&#8243; sticky_enabled=\u00bb0&#8243;]<\/p>\n<p>Es una alternativa para todos, como cualquier celebraci\u00f3n cristiana, pero especialmente abierta a los j\u00f3venes.<\/p>\n<p>\u201cElijo ir cada domingo a la misa en valenciano en Salesianos al igual que otros eligen ir a un partido de f\u00fatbol un domingo por la ma\u00f1ana. Al fin y al cabo es una actividad que, afortunadamente, nos ofrece nuestra casa salesiana para seguir viviendo y creciendo en los valores salesianos adem\u00e1s de darte la oportunidad de tener un momento para ti donde poder parar despu\u00e9s de toda la semana. Soy consciente que gente de mi edad o parecida no dan ninguna oportunidad a la iglesia porque se piensan que es cosa de mayores, pero eso justo es lo especial de esta misa, que en mi opini\u00f3n est\u00e1 m\u00e1s pensada para j\u00f3venes que para adultos, ya que si ya encontrar nuestro hueco dentro del \u201cmundo de la Fe\u201d es dif\u00edcil, tener que buscarlo solos sin nadie que nos lo cuente desde nuestra forma de ver la vida, acompa\u00f1\u00e1ndonos y gui\u00e1ndonos me parece imposible. Es por eso que animar\u00eda a todo el mundo a probarla antes de tacharla como una misa m\u00e1s.\u201d &#8211; Sof\u00eda Garc\u00eda.<\/p>\n<p>\u201cVivimos en un mundo con una rutina r\u00e1pida, vamos r\u00e1pido a todos lados, a una velocidad fugaz, que a veces nos satura y agobia y, en consecuencia, nos hace olvidar el valor de lo verdaderamente importante. Es por ello que me siento muy afortunada por tener cada domingo (a las 20:00 h) la oportunidad de parar, reflexionar y disfrutar del momento que vivimos. Tambi\u00e9n me hace recordar que estamos llamados a cuidarnos, pero sobre todo a amarnos, y eso son dos cosas que suelo tener<br \/>muy presentes en mi d\u00eda a d\u00eda. De ah\u00ed la importancia que tienen para m\u00ed esos peque\u00f1os momentos para poder seguir el camino de Jes\u00fas y es que, la mejor forma de vivirlo es en compa\u00f1\u00eda, con todas aquellas personas que comparten tu misma Fe. Porque la compa\u00f1\u00eda siempre ser\u00e1 algo primordial para poder seguir esta carrera de fondo\u201d- Yaiza Robles.<\/p>\n<p>Missa en valenci\u00e0, una fe arrelada en el cor, a la Parr\u00f2quia Maria Auxiliadora de Val\u00e8ncia<br \/>Tots els diumenges a les 20 hores es celebra una missa en valenci\u00e0 en la Parr\u00f2quia de Maria Auxiliadora. \u00c9s una alternativa per a tots, com qualsevol celebraci\u00f3 cristiana, per\u00f2 especialment oberta al j\u00f3vens.<\/p>\n<p>\u201cTrie anar cada diumenge a la missa en valenci\u00e0 a Salesians igual que uns altres trien anar a un partit de futbol un diumenge al mat\u00ed. Al cap i a la fi \u00e9s una activitat que, afortunadament, ens oferix la nostra casa salesiana per a continuar vivint i creixent en els valors salesians a m\u00e9s de donar-te l&#8217;oportunitat de tindre un moment per a tu on poder parar despr\u00e9s de tota la setmana. S\u00f3c conscient que gent de la meua edat o pareguda no donen cap oportunitat a l&#8217;esgl\u00e9sia perqu\u00e8 es pensen que \u00e9s cosa de majors, per\u00f2 aix\u00f2 justament \u00e9s l&#8217;especial d&#8217;aquesta missa, que al meu entendre est\u00e0 m\u00e9s pensada per a j\u00f3vens que per a adults, ja que si ja trobar el nostre buit dins del \u201cm\u00f3n de la fe\u201d \u00e9s dif\u00edcil, haver de buscar-lo sols sense ning\u00fa que ens ho explique des de la nostra manera de veure la vida, acompanyant-nos i guiant-nos em pareix impossible. Per aix\u00f2 que animaria a tots a provar-la abans de ratllar-la com una missa m\u00e9s.\u201d &#8211; Sof\u00eda Garc\u00eda.<\/p>\n<p>\u201cVivim en un m\u00f3n amb una rutina r\u00e0pida, anem r\u00e0pid a tots els llocs, a una velocitat fuga\u00e7, i que a vegades ens satura i atabala, i en conseq\u00fc\u00e8ncia ens fa oblidar el valor del veritablement important. \u00c9s per aix\u00f2 que em sent molt afortunada per tindre cada diumenge (a les 20:00 h) l&#8217;oportunitat de parar, reflexionar i gaudir del moment que vivim. Tamb\u00e9 em fa recordar que estem cridats a cuidarnos, per\u00f2 sobretot a estimar-nos, i aix\u00f2 s\u00f3n dues coses que solc tindre molt presents en el meu dia a dia. D&#8217;ac\u00ed la import\u00e0ncia que tenen per a mi estos xicotets moments per a poder seguir el cam\u00ed de Jes\u00fas i \u00e9s que, la millor manera de viure&#8217;l \u00e9s compartixen la teua mateixa Fe. Perqu\u00e8 la companyia sempre ser\u00e0 una cosa primordial per a poder seguir esta carrera de fons\u201d- Yaiza Robles.<\/p>\n<p>[\/et_pb_text][et_pb_text disabled_on=\u00bboff|on|on\u00bb admin_label=\u00bbT\u00edtulo: Galer\u00eda de fotos (Texto)\u00bb _builder_version=\u00bb3.27.4&#8243; text_font=\u00bb|on|||\u00bb text_text_color=\u00bb#dc001b\u00bb border_style=\u00bbsolid\u00bb]Galer\u00eda de im\u00e1genes<br \/>\n[\/et_pb_text][et_pb_gallery gallery_ids=\u00bb14964&#8243; posts_number=\u00bb8&#8243; show_title_and_caption=\u00bboff\u00bb zoom_icon_color=\u00bb#dc001b\u00bb hover_icon=\u00bb%%51%%\u00bb disabled_on=\u00bboff|off|off\u00bb _builder_version=\u00bb4.9.0&#8243; pagination_font_size_tablet=\u00bb51&#8243; pagination_line_height_tablet=\u00bb2&#8243;][\/et_pb_gallery][et_pb_video disabled_on=\u00bbon|on|on\u00bb _builder_version=\u00bb3.0.51&#8243; disabled=\u00bbon\u00bb][\/et_pb_video][\/et_pb_column][\/et_pb_row][\/et_pb_section]<\/p>\n<!-- AddThis Advanced Settings generic via filter on the_content --><!-- AddThis Share Buttons generic via filter on the_content -->","protected":false},"excerpt":{"rendered":"<p>Todos los domingos a las 20 horas se celebra una misa en valenciano en la Parroquia de Mar\u00eda Auxiliadora. Una noticia que ha aparecido en la Revista \u00abParaula\u00bb con los testimonios de Sof\u00eda Garc\u00eda, alumna de 2\u00ba de Bachillerato y Yaiza Robles, antigua alumna. \u00a0Redacci\u00f3n Es una alternativa para todos, como cualquier celebraci\u00f3n cristiana, pero [&hellip;]<\/p>\n<p><!-- AddThis Advanced Settings generic via filter on get_the_excerpt --><!-- AddThis Share Buttons generic via filter on get_the_excerpt --><\/p>\n","protected":false},"author":6,"featured_media":14964,"comment_status":"closed","ping_status":"open","sticky":false,"template":"","format":"standard","meta":{"_et_pb_use_builder":"on","_et_pb_old_content":"","_et_gb_content_width":"","footnotes":""},"categories":[14],"tags":[],"class_list":["post-14961","post","type-post","status-publish","format-standard","has-post-thumbnail","hentry","category-noticia_colegio"],"yoast_head":"<!-- This site is optimized with the Yoast SEO plugin v28.4 - https:\/\/yoast.com\/product\/yoast-seo-wordpress\/ -->\n<title>Misa en valenciano, una fe arraigada en el coraz\u00f3n, en la Parroquia Mar\u00eda Auxiliadora de Valencia - Colegio San Juan Bosco Valencia<\/title>\n<meta name=\"robots\" content=\"index, follow, max-snippet:-1, max-image-preview:large, max-video-preview:-1\" \/>\n<link rel=\"canonical\" href=\"https:\/\/valenciasjb.salesianos.edu\/colegio\/misa-en-valenciano-una-fe-arraigada-en-el-corazon-en-la-parroquia-maria-auxiliadora-de-valencia\/\" \/>\n<meta property=\"og:locale\" content=\"es_ES\" \/>\n<meta property=\"og:type\" content=\"article\" \/>\n<meta property=\"og:title\" content=\"Misa en valenciano, una fe arraigada en el coraz\u00f3n, en la Parroquia Mar\u00eda Auxiliadora de Valencia - Colegio San Juan Bosco Valencia\" \/>\n<meta property=\"og:description\" content=\"Todos los domingos a las 20 horas se celebra una misa en valenciano en la Parroquia de Mar\u00eda Auxiliadora. Una noticia que ha aparecido en la Revista &quot;Paraula&quot; con los testimonios de Sof\u00eda Garc\u00eda, alumna de 2\u00ba de Bachillerato y Yaiza Robles, antigua alumna. \u00a0Redacci\u00f3n Es una alternativa para todos, como cualquier celebraci\u00f3n cristiana, pero [&hellip;]\" \/>\n<meta property=\"og:url\" content=\"https:\/\/valenciasjb.salesianos.edu\/colegio\/misa-en-valenciano-una-fe-arraigada-en-el-corazon-en-la-parroquia-maria-auxiliadora-de-valencia\/\" \/>\n<meta property=\"og:site_name\" content=\"Colegio San Juan Bosco Valencia\" \/>\n<meta property=\"article:publisher\" content=\"https:\/\/www.facebook.com\/ColegioSalesianoSanJuanBoscoValencia\" \/>\n<meta property=\"article:published_time\" content=\"2021-03-04T18:48:24+00:00\" \/>\n<meta property=\"article:modified_time\" content=\"2021-03-04T18:53:02+00:00\" \/>\n<meta property=\"og:image\" content=\"https:\/\/valenciasjb.salesianos.edu\/colegio\/wp-content\/uploads\/sites\/2\/2021\/03\/paraula-1-scaled.jpg\" \/>\n\t<meta property=\"og:image:width\" content=\"1810\" \/>\n\t<meta property=\"og:image:height\" content=\"2560\" \/>\n\t<meta property=\"og:image:type\" content=\"image\/jpeg\" \/>\n<meta name=\"author\" content=\"veronicapastor\" \/>\n<meta name=\"twitter:card\" content=\"summary_large_image\" \/>\n<meta name=\"twitter:creator\" content=\"@SalesianosVSJB\" \/>\n<meta name=\"twitter:site\" content=\"@SalesianosVSJB\" \/>\n<meta name=\"twitter:label1\" content=\"Escrito por\" \/>\n\t<meta name=\"twitter:data1\" content=\"veronicapastor\" \/>\n\t<meta name=\"twitter:label2\" content=\"Tiempo de lectura\" \/>\n\t<meta name=\"twitter:data2\" content=\"5 minutos\" \/>\n<script type=\"application\/ld+json\" class=\"yoast-schema-graph\">{\"@context\":\"https:\\\/\\\/schema.org\",\"@graph\":[{\"@type\":\"Article\",\"@id\":\"https:\\\/\\\/valenciasjb.salesianos.edu\\\/colegio\\\/misa-en-valenciano-una-fe-arraigada-en-el-corazon-en-la-parroquia-maria-auxiliadora-de-valencia\\\/#article\",\"isPartOf\":{\"@id\":\"https:\\\/\\\/valenciasjb.salesianos.edu\\\/colegio\\\/misa-en-valenciano-una-fe-arraigada-en-el-corazon-en-la-parroquia-maria-auxiliadora-de-valencia\\\/\"},\"author\":{\"name\":\"veronicapastor\",\"@id\":\"https:\\\/\\\/valenciasjb.salesianos.edu\\\/colegio\\\/#\\\/schema\\\/person\\\/1f45b67e52b27da175190a574db6bed9\"},\"headline\":\"Misa en valenciano, una fe arraigada en el coraz\u00f3n, en la Parroquia Mar\u00eda Auxiliadora de Valencia\",\"datePublished\":\"2021-03-04T18:48:24+00:00\",\"dateModified\":\"2021-03-04T18:53:02+00:00\",\"mainEntityOfPage\":{\"@id\":\"https:\\\/\\\/valenciasjb.salesianos.edu\\\/colegio\\\/misa-en-valenciano-una-fe-arraigada-en-el-corazon-en-la-parroquia-maria-auxiliadora-de-valencia\\\/\"},\"wordCount\":1017,\"image\":{\"@id\":\"https:\\\/\\\/valenciasjb.salesianos.edu\\\/colegio\\\/misa-en-valenciano-una-fe-arraigada-en-el-corazon-en-la-parroquia-maria-auxiliadora-de-valencia\\\/#primaryimage\"},\"thumbnailUrl\":\"https:\\\/\\\/valenciasjb.salesianos.edu\\\/colegio\\\/wp-content\\\/uploads\\\/sites\\\/2\\\/2021\\\/03\\\/paraula-1-scaled.jpg\",\"articleSection\":[\"Noticia Colegio\"],\"inLanguage\":\"es\"},{\"@type\":\"WebPage\",\"@id\":\"https:\\\/\\\/valenciasjb.salesianos.edu\\\/colegio\\\/misa-en-valenciano-una-fe-arraigada-en-el-corazon-en-la-parroquia-maria-auxiliadora-de-valencia\\\/\",\"url\":\"https:\\\/\\\/valenciasjb.salesianos.edu\\\/colegio\\\/misa-en-valenciano-una-fe-arraigada-en-el-corazon-en-la-parroquia-maria-auxiliadora-de-valencia\\\/\",\"name\":\"Misa en valenciano, una fe arraigada en el coraz\u00f3n, en la Parroquia Mar\u00eda Auxiliadora de Valencia - Colegio San Juan Bosco Valencia\",\"isPartOf\":{\"@id\":\"https:\\\/\\\/valenciasjb.salesianos.edu\\\/colegio\\\/#website\"},\"primaryImageOfPage\":{\"@id\":\"https:\\\/\\\/valenciasjb.salesianos.edu\\\/colegio\\\/misa-en-valenciano-una-fe-arraigada-en-el-corazon-en-la-parroquia-maria-auxiliadora-de-valencia\\\/#primaryimage\"},\"image\":{\"@id\":\"https:\\\/\\\/valenciasjb.salesianos.edu\\\/colegio\\\/misa-en-valenciano-una-fe-arraigada-en-el-corazon-en-la-parroquia-maria-auxiliadora-de-valencia\\\/#primaryimage\"},\"thumbnailUrl\":\"https:\\\/\\\/valenciasjb.salesianos.edu\\\/colegio\\\/wp-content\\\/uploads\\\/sites\\\/2\\\/2021\\\/03\\\/paraula-1-scaled.jpg\",\"datePublished\":\"2021-03-04T18:48:24+00:00\",\"dateModified\":\"2021-03-04T18:53:02+00:00\",\"author\":{\"@id\":\"https:\\\/\\\/valenciasjb.salesianos.edu\\\/colegio\\\/#\\\/schema\\\/person\\\/1f45b67e52b27da175190a574db6bed9\"},\"breadcrumb\":{\"@id\":\"https:\\\/\\\/valenciasjb.salesianos.edu\\\/colegio\\\/misa-en-valenciano-una-fe-arraigada-en-el-corazon-en-la-parroquia-maria-auxiliadora-de-valencia\\\/#breadcrumb\"},\"inLanguage\":\"es\",\"potentialAction\":[{\"@type\":\"ReadAction\",\"target\":[\"https:\\\/\\\/valenciasjb.salesianos.edu\\\/colegio\\\/misa-en-valenciano-una-fe-arraigada-en-el-corazon-en-la-parroquia-maria-auxiliadora-de-valencia\\\/\"]}]},{\"@type\":\"ImageObject\",\"inLanguage\":\"es\",\"@id\":\"https:\\\/\\\/valenciasjb.salesianos.edu\\\/colegio\\\/misa-en-valenciano-una-fe-arraigada-en-el-corazon-en-la-parroquia-maria-auxiliadora-de-valencia\\\/#primaryimage\",\"url\":\"https:\\\/\\\/valenciasjb.salesianos.edu\\\/colegio\\\/wp-content\\\/uploads\\\/sites\\\/2\\\/2021\\\/03\\\/paraula-1-scaled.jpg\",\"contentUrl\":\"https:\\\/\\\/valenciasjb.salesianos.edu\\\/colegio\\\/wp-content\\\/uploads\\\/sites\\\/2\\\/2021\\\/03\\\/paraula-1-scaled.jpg\",\"width\":1810,\"height\":2560},{\"@type\":\"BreadcrumbList\",\"@id\":\"https:\\\/\\\/valenciasjb.salesianos.edu\\\/colegio\\\/misa-en-valenciano-una-fe-arraigada-en-el-corazon-en-la-parroquia-maria-auxiliadora-de-valencia\\\/#breadcrumb\",\"itemListElement\":[{\"@type\":\"ListItem\",\"position\":1,\"name\":\"Portada\",\"item\":\"https:\\\/\\\/valenciasjb.salesianos.edu\\\/colegio\\\/\"},{\"@type\":\"ListItem\",\"position\":2,\"name\":\"Misa en valenciano, una fe arraigada en el coraz\u00f3n, en la Parroquia Mar\u00eda Auxiliadora de Valencia\"}]},{\"@type\":\"WebSite\",\"@id\":\"https:\\\/\\\/valenciasjb.salesianos.edu\\\/colegio\\\/#website\",\"url\":\"https:\\\/\\\/valenciasjb.salesianos.edu\\\/colegio\\\/\",\"name\":\"Colegio San Juan Bosco Valencia\",\"description\":\"P\u00e1gina oficial del Colegio Salesianos San Juan Bosco Valencia\",\"alternateName\":\"Salesianos.VSJB\",\"potentialAction\":[{\"@type\":\"SearchAction\",\"target\":{\"@type\":\"EntryPoint\",\"urlTemplate\":\"https:\\\/\\\/valenciasjb.salesianos.edu\\\/colegio\\\/?s={search_term_string}\"},\"query-input\":{\"@type\":\"PropertyValueSpecification\",\"valueRequired\":true,\"valueName\":\"search_term_string\"}}],\"inLanguage\":\"es\"},{\"@type\":\"Person\",\"@id\":\"https:\\\/\\\/valenciasjb.salesianos.edu\\\/colegio\\\/#\\\/schema\\\/person\\\/1f45b67e52b27da175190a574db6bed9\",\"name\":\"veronicapastor\",\"image\":{\"@type\":\"ImageObject\",\"inLanguage\":\"es\",\"@id\":\"https:\\\/\\\/secure.gravatar.com\\\/avatar\\\/e29bd40bace3fd935e1d6fdb7313ffc14628cc037c5e16f4c7369b20a2a6f7f0?s=96&d=mm&r=g\",\"url\":\"https:\\\/\\\/secure.gravatar.com\\\/avatar\\\/e29bd40bace3fd935e1d6fdb7313ffc14628cc037c5e16f4c7369b20a2a6f7f0?s=96&d=mm&r=g\",\"contentUrl\":\"https:\\\/\\\/secure.gravatar.com\\\/avatar\\\/e29bd40bace3fd935e1d6fdb7313ffc14628cc037c5e16f4c7369b20a2a6f7f0?s=96&d=mm&r=g\",\"caption\":\"veronicapastor\"}}]}<\/script>\n<!-- \/ Yoast SEO plugin. -->","yoast_head_json":{"title":"Misa en valenciano, una fe arraigada en el coraz\u00f3n, en la Parroquia Mar\u00eda Auxiliadora de Valencia - Colegio San Juan Bosco Valencia","robots":{"index":"index","follow":"follow","max-snippet":"max-snippet:-1","max-image-preview":"max-image-preview:large","max-video-preview":"max-video-preview:-1"},"canonical":"https:\/\/valenciasjb.salesianos.edu\/colegio\/misa-en-valenciano-una-fe-arraigada-en-el-corazon-en-la-parroquia-maria-auxiliadora-de-valencia\/","og_locale":"es_ES","og_type":"article","og_title":"Misa en valenciano, una fe arraigada en el coraz\u00f3n, en la Parroquia Mar\u00eda Auxiliadora de Valencia - Colegio San Juan Bosco Valencia","og_description":"Todos los domingos a las 20 horas se celebra una misa en valenciano en la Parroquia de Mar\u00eda Auxiliadora. Una noticia que ha aparecido en la Revista \"Paraula\" con los testimonios de Sof\u00eda Garc\u00eda, alumna de 2\u00ba de Bachillerato y Yaiza Robles, antigua alumna. \u00a0Redacci\u00f3n Es una alternativa para todos, como cualquier celebraci\u00f3n cristiana, pero [&hellip;]","og_url":"https:\/\/valenciasjb.salesianos.edu\/colegio\/misa-en-valenciano-una-fe-arraigada-en-el-corazon-en-la-parroquia-maria-auxiliadora-de-valencia\/","og_site_name":"Colegio San Juan Bosco Valencia","article_publisher":"https:\/\/www.facebook.com\/ColegioSalesianoSanJuanBoscoValencia","article_published_time":"2021-03-04T18:48:24+00:00","article_modified_time":"2021-03-04T18:53:02+00:00","og_image":[{"width":1810,"height":2560,"url":"https:\/\/valenciasjb.salesianos.edu\/colegio\/wp-content\/uploads\/sites\/2\/2021\/03\/paraula-1-scaled.jpg","type":"image\/jpeg"}],"author":"veronicapastor","twitter_card":"summary_large_image","twitter_creator":"@SalesianosVSJB","twitter_site":"@SalesianosVSJB","twitter_misc":{"Escrito por":"veronicapastor","Tiempo de lectura":"5 minutos"},"schema":{"@context":"https:\/\/schema.org","@graph":[{"@type":"Article","@id":"https:\/\/valenciasjb.salesianos.edu\/colegio\/misa-en-valenciano-una-fe-arraigada-en-el-corazon-en-la-parroquia-maria-auxiliadora-de-valencia\/#article","isPartOf":{"@id":"https:\/\/valenciasjb.salesianos.edu\/colegio\/misa-en-valenciano-una-fe-arraigada-en-el-corazon-en-la-parroquia-maria-auxiliadora-de-valencia\/"},"author":{"name":"veronicapastor","@id":"https:\/\/valenciasjb.salesianos.edu\/colegio\/#\/schema\/person\/1f45b67e52b27da175190a574db6bed9"},"headline":"Misa en valenciano, una fe arraigada en el coraz\u00f3n, en la Parroquia Mar\u00eda Auxiliadora de Valencia","datePublished":"2021-03-04T18:48:24+00:00","dateModified":"2021-03-04T18:53:02+00:00","mainEntityOfPage":{"@id":"https:\/\/valenciasjb.salesianos.edu\/colegio\/misa-en-valenciano-una-fe-arraigada-en-el-corazon-en-la-parroquia-maria-auxiliadora-de-valencia\/"},"wordCount":1017,"image":{"@id":"https:\/\/valenciasjb.salesianos.edu\/colegio\/misa-en-valenciano-una-fe-arraigada-en-el-corazon-en-la-parroquia-maria-auxiliadora-de-valencia\/#primaryimage"},"thumbnailUrl":"https:\/\/valenciasjb.salesianos.edu\/colegio\/wp-content\/uploads\/sites\/2\/2021\/03\/paraula-1-scaled.jpg","articleSection":["Noticia Colegio"],"inLanguage":"es"},{"@type":"WebPage","@id":"https:\/\/valenciasjb.salesianos.edu\/colegio\/misa-en-valenciano-una-fe-arraigada-en-el-corazon-en-la-parroquia-maria-auxiliadora-de-valencia\/","url":"https:\/\/valenciasjb.salesianos.edu\/colegio\/misa-en-valenciano-una-fe-arraigada-en-el-corazon-en-la-parroquia-maria-auxiliadora-de-valencia\/","name":"Misa en valenciano, una fe arraigada en el coraz\u00f3n, en la Parroquia Mar\u00eda Auxiliadora de Valencia - Colegio San Juan Bosco Valencia","isPartOf":{"@id":"https:\/\/valenciasjb.salesianos.edu\/colegio\/#website"},"primaryImageOfPage":{"@id":"https:\/\/valenciasjb.salesianos.edu\/colegio\/misa-en-valenciano-una-fe-arraigada-en-el-corazon-en-la-parroquia-maria-auxiliadora-de-valencia\/#primaryimage"},"image":{"@id":"https:\/\/valenciasjb.salesianos.edu\/colegio\/misa-en-valenciano-una-fe-arraigada-en-el-corazon-en-la-parroquia-maria-auxiliadora-de-valencia\/#primaryimage"},"thumbnailUrl":"https:\/\/valenciasjb.salesianos.edu\/colegio\/wp-content\/uploads\/sites\/2\/2021\/03\/paraula-1-scaled.jpg","datePublished":"2021-03-04T18:48:24+00:00","dateModified":"2021-03-04T18:53:02+00:00","author":{"@id":"https:\/\/valenciasjb.salesianos.edu\/colegio\/#\/schema\/person\/1f45b67e52b27da175190a574db6bed9"},"breadcrumb":{"@id":"https:\/\/valenciasjb.salesianos.edu\/colegio\/misa-en-valenciano-una-fe-arraigada-en-el-corazon-en-la-parroquia-maria-auxiliadora-de-valencia\/#breadcrumb"},"inLanguage":"es","potentialAction":[{"@type":"ReadAction","target":["https:\/\/valenciasjb.salesianos.edu\/colegio\/misa-en-valenciano-una-fe-arraigada-en-el-corazon-en-la-parroquia-maria-auxiliadora-de-valencia\/"]}]},{"@type":"ImageObject","inLanguage":"es","@id":"https:\/\/valenciasjb.salesianos.edu\/colegio\/misa-en-valenciano-una-fe-arraigada-en-el-corazon-en-la-parroquia-maria-auxiliadora-de-valencia\/#primaryimage","url":"https:\/\/valenciasjb.salesianos.edu\/colegio\/wp-content\/uploads\/sites\/2\/2021\/03\/paraula-1-scaled.jpg","contentUrl":"https:\/\/valenciasjb.salesianos.edu\/colegio\/wp-content\/uploads\/sites\/2\/2021\/03\/paraula-1-scaled.jpg","width":1810,"height":2560},{"@type":"BreadcrumbList","@id":"https:\/\/valenciasjb.salesianos.edu\/colegio\/misa-en-valenciano-una-fe-arraigada-en-el-corazon-en-la-parroquia-maria-auxiliadora-de-valencia\/#breadcrumb","itemListElement":[{"@type":"ListItem","position":1,"name":"Portada","item":"https:\/\/valenciasjb.salesianos.edu\/colegio\/"},{"@type":"ListItem","position":2,"name":"Misa en valenciano, una fe arraigada en el coraz\u00f3n, en la Parroquia Mar\u00eda Auxiliadora de Valencia"}]},{"@type":"WebSite","@id":"https:\/\/valenciasjb.salesianos.edu\/colegio\/#website","url":"https:\/\/valenciasjb.salesianos.edu\/colegio\/","name":"Colegio San Juan Bosco Valencia","description":"P\u00e1gina oficial del Colegio Salesianos San Juan Bosco Valencia","alternateName":"Salesianos.VSJB","potentialAction":[{"@type":"SearchAction","target":{"@type":"EntryPoint","urlTemplate":"https:\/\/valenciasjb.salesianos.edu\/colegio\/?s={search_term_string}"},"query-input":{"@type":"PropertyValueSpecification","valueRequired":true,"valueName":"search_term_string"}}],"inLanguage":"es"},{"@type":"Person","@id":"https:\/\/valenciasjb.salesianos.edu\/colegio\/#\/schema\/person\/1f45b67e52b27da175190a574db6bed9","name":"veronicapastor","image":{"@type":"ImageObject","inLanguage":"es","@id":"https:\/\/secure.gravatar.com\/avatar\/e29bd40bace3fd935e1d6fdb7313ffc14628cc037c5e16f4c7369b20a2a6f7f0?s=96&d=mm&r=g","url":"https:\/\/secure.gravatar.com\/avatar\/e29bd40bace3fd935e1d6fdb7313ffc14628cc037c5e16f4c7369b20a2a6f7f0?s=96&d=mm&r=g","contentUrl":"https:\/\/secure.gravatar.com\/avatar\/e29bd40bace3fd935e1d6fdb7313ffc14628cc037c5e16f4c7369b20a2a6f7f0?s=96&d=mm&r=g","caption":"veronicapastor"}}]}},"_links":{"self":[{"href":"https:\/\/valenciasjb.salesianos.edu\/colegio\/wp-json\/wp\/v2\/posts\/14961","targetHints":{"allow":["GET"]}}],"collection":[{"href":"https:\/\/valenciasjb.salesianos.edu\/colegio\/wp-json\/wp\/v2\/posts"}],"about":[{"href":"https:\/\/valenciasjb.salesianos.edu\/colegio\/wp-json\/wp\/v2\/types\/post"}],"author":[{"embeddable":true,"href":"https:\/\/valenciasjb.salesianos.edu\/colegio\/wp-json\/wp\/v2\/users\/6"}],"replies":[{"embeddable":true,"href":"https:\/\/valenciasjb.salesianos.edu\/colegio\/wp-json\/wp\/v2\/comments?post=14961"}],"version-history":[{"count":6,"href":"https:\/\/valenciasjb.salesianos.edu\/colegio\/wp-json\/wp\/v2\/posts\/14961\/revisions"}],"predecessor-version":[{"id":14971,"href":"https:\/\/valenciasjb.salesianos.edu\/colegio\/wp-json\/wp\/v2\/posts\/14961\/revisions\/14971"}],"wp:featuredmedia":[{"embeddable":true,"href":"https:\/\/valenciasjb.salesianos.edu\/colegio\/wp-json\/wp\/v2\/media\/14964"}],"wp:attachment":[{"href":"https:\/\/valenciasjb.salesianos.edu\/colegio\/wp-json\/wp\/v2\/media?parent=14961"}],"wp:term":[{"taxonomy":"category","embeddable":true,"href":"https:\/\/valenciasjb.salesianos.edu\/colegio\/wp-json\/wp\/v2\/categories?post=14961"},{"taxonomy":"post_tag","embeddable":true,"href":"https:\/\/valenciasjb.salesianos.edu\/colegio\/wp-json\/wp\/v2\/tags?post=14961"}],"curies":[{"name":"wp","href":"https:\/\/api.w.org\/{rel}","templated":true}]}}