{"id":14986,"date":"2021-03-05T19:46:42","date_gmt":"2021-03-05T18:46:42","guid":{"rendered":"https:\/\/valenciasjb.salesianos.edu\/colegio\/?p=14986"},"modified":"2021-03-08T12:41:57","modified_gmt":"2021-03-08T11:41:57","slug":"el-observatorio-vocacional-de-bioetica-nace-como-proyecto-de-colaboracion-entre-la-universidad-de-valencia-y-el-colegio-salesiano-san-juan-bosco-de-valencia-al-servicio-de-la-sociedad","status":"publish","type":"post","link":"https:\/\/valenciasjb.salesianos.edu\/colegio\/el-observatorio-vocacional-de-bioetica-nace-como-proyecto-de-colaboracion-entre-la-universidad-de-valencia-y-el-colegio-salesiano-san-juan-bosco-de-valencia-al-servicio-de-la-sociedad\/","title":{"rendered":"El Observatorio Vocacional de Bio\u00e9tica nace como proyecto de colaboraci\u00f3n entre la Universidad de Valencia y el Colegio Salesiano San Juan Bosco de Valencia al servicio de la sociedad"},"content":{"rendered":"<div id=\"fb-root\"><\/div>\n<p>[et_pb_section fb_built=\u00bb1&#8243; admin_label=\u00bbsection\u00bb _builder_version=\u00bb3.22&#8243;][et_pb_row admin_label=\u00bbrow\u00bb _builder_version=\u00bb3.25&#8243; background_size=\u00bbinitial\u00bb background_position=\u00bbtop_left\u00bb background_repeat=\u00bbrepeat\u00bb][et_pb_column type=\u00bb4_4&#8243; _builder_version=\u00bb3.25&#8243; custom_padding=\u00bb|||\u00bb custom_padding__hover=\u00bb|||\u00bb][et_pb_text admin_label=\u00bbEntradilla (Texto)\u00bb _builder_version=\u00bb4.9.0&#8243; text_font=\u00bb|on|||\u00bb text_orientation=\u00bbjustified\u00bb module_alignment=\u00bbjustified\u00bb hover_enabled=\u00bb0&#8243; sticky_enabled=\u00bb0&#8243;]<\/p>\n<div id=\"resumen\">\n<p style=\"margin: 0cm;margin-bottom: .0001pt;text-align: justify;line-height: 13.65pt;vertical-align: baseline\"><b><span style=\"font-size: 10.5pt;font-family: 'Arial','sans-serif';color: #494949\">El objetivo de este proyecto es investigar, analizar, clarificar y divulgar cuestiones actuales de bio\u00e9tica entre la sociedad valenciana sobre todo a los m\u00e1s j\u00f3venes. Este proyecto ha aparecido el lunes 8 de marzo en el peri\u00f3dico \u00abLas Provincias\u00bb, tanto en la edici\u00f3n impresa como en l\u00ednea.<\/span><\/b><\/p>\n<\/div>\n<div>\u00a0<\/div>\n<p>[\/et_pb_text][et_pb_text admin_label=\u00bbAutor (Texto)\u00bb _builder_version=\u00bb4.9.0&#8243; text_font=\u00bb||on||\u00bb]<\/p>\n<p>Redacci\u00f3n.<\/p>\n<p>[\/et_pb_text][et_pb_text admin_label=\u00bbDesarrollo (Texto)\u00bb _builder_version=\u00bb4.9.0&#8243; text_orientation=\u00bbjustified\u00bb module_alignment=\u00bbjustified\u00bb]<\/p>\n<p style=\"text-align: justify;line-height: 13.65pt;vertical-align: baseline\"><span style=\"font-size: 10.5pt;font-family: 'Arial','sans-serif';color: #494949\">El viernes 5 de marzo tuvo lugar la primera sesi\u00f3n de presentaci\u00f3n con alumnado de 2\u00b0 de Bachillerato. Una primera toma de contacto con la Bio\u00e9tica para animar, motivar el proyecto, explicando qu\u00e9 es la bio\u00e9tica y la importancia de esta disciplina para dar respuesta a los nuevos dilemas \u00e9ticos que esta sociedad actualmente presenta. Para ello, se cont\u00f3 con la presencia de Juan Peris, director del colegio y profesor de filosof\u00eda en Bachillerato, as\u00ed como de Agust\u00edn Domingo Moratalla, catedr\u00e1tico de filosof\u00eda moral y pol\u00edtica de la Universidad de Valencia.<\/span><\/p>\n<p style=\"text-align: justify;line-height: 13.65pt;vertical-align: baseline\"><span style=\"font-size: 10.5pt;font-family: 'Arial','sans-serif';color: #494949\">Agust\u00edn Domingo Moratalla ha declarado que \u00abse trata de fortalecer iniciativas de transferencia de conocimientos entre la universidad y los centros educativos al servicio de la sociedad\u00bb.<\/span><\/p>\n<p style=\"text-align: justify;line-height: 13.65pt;vertical-align: baseline\"><span style=\"font-size: 10.5pt;font-family: 'Arial','sans-serif';color: #494949\">En el Colegio el alumnado de Bachillerato investigar\u00e1, analizar\u00e1, clarificar\u00e1 y divulgar\u00e1 cuestiones actuales de bio\u00e9tica entre la sociedad valenciana. Se escoger\u00e1 un tema que tenga que ver con la bio\u00e9tica. Se iniciar\u00e1 una investigaci\u00f3n por parte de los miembros del observatorio de forma individual. Se pondr\u00e1n en com\u00fan las pesquisas realizadas. Habr\u00e1 una reuni\u00f3n mensual. Por \u00faltimo, se analizar\u00e1 en grupo y se redactar\u00e1 un escrito con las conclusiones. Los resultados se publicar\u00e1n en redes sociales y peri\u00f3dico del colegio, entre otros canales de comunicaci\u00f3n.<\/span><\/p>\n<p style=\"text-align: justify;line-height: 13.65pt;vertical-align: baseline\"><span style=\"font-size: 10.5pt;font-family: 'Arial','sans-serif';color: #494949\">Las tem\u00e1ticas ser\u00e1n el cuidado del medio ambiente, progreso de todas las personas, dignidad humana, acuerdos globales hacia una autonom\u00eda moral global, interculturalidad y respeto.<\/span><\/p>\n<p style=\"text-align: justify;line-height: 13.65pt;vertical-align: baseline\"><span style=\"font-size: 10.5pt;font-family: 'Arial','sans-serif';color: #494949\">El proyecto durar\u00e1 dos a\u00f1os e implicar\u00e1 al alumnado de 2\u00b0 de Bachillerato que empieza con el proyecto este curso y lo terminar\u00e1n en su primer a\u00f1o de carrera.<\/span><\/p>\n<p style=\"margin: 0cm;margin-bottom: .0001pt;text-align: justify;line-height: 13.65pt;vertical-align: baseline\"><span style=\"font-size: 10.5pt;font-family: 'Arial','sans-serif';color: #494949\">En definitiva, un proyecto que adquiere el compromiso de poner el conocimiento al servicio de la sociedad para formar ciudadanos comprometidos con transformar el mundo en el que vivimos.<\/span><\/p>\n<p>[\/et_pb_text][et_pb_text disabled_on=\u00bboff|on|on\u00bb admin_label=\u00bbT\u00edtulo: Galer\u00eda de fotos (Texto)\u00bb _builder_version=\u00bb3.27.4&#8243; text_font=\u00bb|on|||\u00bb text_text_color=\u00bb#dc001b\u00bb border_style=\u00bbsolid\u00bb]Galer\u00eda de im\u00e1genes<br \/>\n[\/et_pb_text][et_pb_gallery gallery_ids=\u00bb14991,14990,14989,15000&#8243; posts_number=\u00bb8&#8243; show_title_and_caption=\u00bboff\u00bb zoom_icon_color=\u00bb#dc001b\u00bb hover_icon=\u00bb%%51%%\u00bb disabled_on=\u00bboff|off|off\u00bb _builder_version=\u00bb4.9.0&#8243; hover_enabled=\u00bb0&#8243; pagination_font_size_tablet=\u00bb51&#8243; pagination_line_height_tablet=\u00bb2&#8243; sticky_enabled=\u00bb0&#8243;][\/et_pb_gallery][et_pb_video disabled_on=\u00bbon|on|on\u00bb _builder_version=\u00bb3.0.51&#8243; disabled=\u00bbon\u00bb][\/et_pb_video][\/et_pb_column][\/et_pb_row][\/et_pb_section]<\/p>\n<!-- AddThis Advanced Settings generic via filter on the_content --><!-- AddThis Share Buttons generic via filter on the_content -->","protected":false},"excerpt":{"rendered":"<p>El objetivo de este proyecto es investigar, analizar, clarificar y divulgar cuestiones actuales de bio\u00e9tica entre la sociedad valenciana sobre todo a los m\u00e1s j\u00f3venes. Este proyecto ha aparecido el lunes 8 de marzo en el peri\u00f3dico \u00abLas Provincias\u00bb, tanto en la edici\u00f3n impresa como en l\u00ednea. \u00a0Redacci\u00f3n.El viernes 5 de marzo tuvo lugar la [&hellip;]<\/p>\n<p><!-- AddThis Advanced Settings generic via filter on get_the_excerpt --><!-- AddThis Share Buttons generic via filter on get_the_excerpt --><\/p>\n","protected":false},"author":6,"featured_media":14991,"comment_status":"closed","ping_status":"open","sticky":false,"template":"","format":"standard","meta":{"_et_pb_use_builder":"on","_et_pb_old_content":"","_et_gb_content_width":"","footnotes":""},"categories":[14],"tags":[],"class_list":["post-14986","post","type-post","status-publish","format-standard","has-post-thumbnail","hentry","category-noticia_colegio"],"yoast_head":"<!-- This site is optimized with the Yoast SEO plugin v28.4 - https:\/\/yoast.com\/product\/yoast-seo-wordpress\/ -->\n<title>El Observatorio Vocacional de Bio\u00e9tica nace como proyecto de colaboraci\u00f3n entre la Universidad de Valencia y el Colegio Salesiano San Juan Bosco de Valencia al servicio de la sociedad - Colegio San Juan Bosco Valencia<\/title>\n<meta name=\"robots\" content=\"index, follow, max-snippet:-1, max-image-preview:large, max-video-preview:-1\" \/>\n<link rel=\"canonical\" href=\"https:\/\/valenciasjb.salesianos.edu\/colegio\/el-observatorio-vocacional-de-bioetica-nace-como-proyecto-de-colaboracion-entre-la-universidad-de-valencia-y-el-colegio-salesiano-san-juan-bosco-de-valencia-al-servicio-de-la-sociedad\/\" \/>\n<meta property=\"og:locale\" content=\"es_ES\" \/>\n<meta property=\"og:type\" content=\"article\" \/>\n<meta property=\"og:title\" content=\"El Observatorio Vocacional de Bio\u00e9tica nace como proyecto de colaboraci\u00f3n entre la Universidad de Valencia y el Colegio Salesiano San Juan Bosco de Valencia al servicio de la sociedad - Colegio San Juan Bosco Valencia\" \/>\n<meta property=\"og:description\" content=\"El objetivo de este proyecto es investigar, analizar, clarificar y divulgar cuestiones actuales de bio\u00e9tica entre la sociedad valenciana sobre todo a los m\u00e1s j\u00f3venes. Este proyecto ha aparecido el lunes 8 de marzo en el peri\u00f3dico &quot;Las Provincias&quot;, tanto en la edici\u00f3n impresa como en l\u00ednea. \u00a0Redacci\u00f3n.El viernes 5 de marzo tuvo lugar la [&hellip;]\" \/>\n<meta property=\"og:url\" content=\"https:\/\/valenciasjb.salesianos.edu\/colegio\/el-observatorio-vocacional-de-bioetica-nace-como-proyecto-de-colaboracion-entre-la-universidad-de-valencia-y-el-colegio-salesiano-san-juan-bosco-de-valencia-al-servicio-de-la-sociedad\/\" \/>\n<meta property=\"og:site_name\" content=\"Colegio San Juan Bosco Valencia\" \/>\n<meta property=\"article:publisher\" content=\"https:\/\/www.facebook.com\/ColegioSalesianoSanJuanBoscoValencia\" \/>\n<meta property=\"article:published_time\" content=\"2021-03-05T18:46:42+00:00\" \/>\n<meta property=\"article:modified_time\" content=\"2021-03-08T11:41:57+00:00\" \/>\n<meta property=\"og:image\" content=\"https:\/\/valenciasjb.salesianos.edu\/colegio\/wp-content\/uploads\/sites\/2\/2021\/03\/IMG_20210305_103852.jpg\" \/>\n\t<meta property=\"og:image:width\" content=\"2000\" \/>\n\t<meta property=\"og:image:height\" content=\"1496\" \/>\n\t<meta property=\"og:image:type\" content=\"image\/jpeg\" \/>\n<meta name=\"author\" content=\"veronicapastor\" \/>\n<meta name=\"twitter:card\" content=\"summary_large_image\" \/>\n<meta name=\"twitter:creator\" content=\"@SalesianosVSJB\" \/>\n<meta name=\"twitter:site\" content=\"@SalesianosVSJB\" \/>\n<meta name=\"twitter:label1\" content=\"Escrito por\" \/>\n\t<meta name=\"twitter:data1\" content=\"veronicapastor\" \/>\n\t<meta name=\"twitter:label2\" content=\"Tiempo de lectura\" \/>\n\t<meta name=\"twitter:data2\" content=\"3 minutos\" \/>\n<script type=\"application\/ld+json\" class=\"yoast-schema-graph\">{\"@context\":\"https:\\\/\\\/schema.org\",\"@graph\":[{\"@type\":\"Article\",\"@id\":\"https:\\\/\\\/valenciasjb.salesianos.edu\\\/colegio\\\/el-observatorio-vocacional-de-bioetica-nace-como-proyecto-de-colaboracion-entre-la-universidad-de-valencia-y-el-colegio-salesiano-san-juan-bosco-de-valencia-al-servicio-de-la-sociedad\\\/#article\",\"isPartOf\":{\"@id\":\"https:\\\/\\\/valenciasjb.salesianos.edu\\\/colegio\\\/el-observatorio-vocacional-de-bioetica-nace-como-proyecto-de-colaboracion-entre-la-universidad-de-valencia-y-el-colegio-salesiano-san-juan-bosco-de-valencia-al-servicio-de-la-sociedad\\\/\"},\"author\":{\"name\":\"veronicapastor\",\"@id\":\"https:\\\/\\\/valenciasjb.salesianos.edu\\\/colegio\\\/#\\\/schema\\\/person\\\/1f45b67e52b27da175190a574db6bed9\"},\"headline\":\"El Observatorio Vocacional de Bio\u00e9tica nace como proyecto de colaboraci\u00f3n entre la Universidad de Valencia y el Colegio Salesiano San Juan Bosco de Valencia al servicio de la sociedad\",\"datePublished\":\"2021-03-05T18:46:42+00:00\",\"dateModified\":\"2021-03-08T11:41:57+00:00\",\"mainEntityOfPage\":{\"@id\":\"https:\\\/\\\/valenciasjb.salesianos.edu\\\/colegio\\\/el-observatorio-vocacional-de-bioetica-nace-como-proyecto-de-colaboracion-entre-la-universidad-de-valencia-y-el-colegio-salesiano-san-juan-bosco-de-valencia-al-servicio-de-la-sociedad\\\/\"},\"wordCount\":594,\"image\":{\"@id\":\"https:\\\/\\\/valenciasjb.salesianos.edu\\\/colegio\\\/el-observatorio-vocacional-de-bioetica-nace-como-proyecto-de-colaboracion-entre-la-universidad-de-valencia-y-el-colegio-salesiano-san-juan-bosco-de-valencia-al-servicio-de-la-sociedad\\\/#primaryimage\"},\"thumbnailUrl\":\"https:\\\/\\\/valenciasjb.salesianos.edu\\\/colegio\\\/wp-content\\\/uploads\\\/sites\\\/2\\\/2021\\\/03\\\/IMG_20210305_103852.jpg\",\"articleSection\":[\"Noticia Colegio\"],\"inLanguage\":\"es\"},{\"@type\":\"WebPage\",\"@id\":\"https:\\\/\\\/valenciasjb.salesianos.edu\\\/colegio\\\/el-observatorio-vocacional-de-bioetica-nace-como-proyecto-de-colaboracion-entre-la-universidad-de-valencia-y-el-colegio-salesiano-san-juan-bosco-de-valencia-al-servicio-de-la-sociedad\\\/\",\"url\":\"https:\\\/\\\/valenciasjb.salesianos.edu\\\/colegio\\\/el-observatorio-vocacional-de-bioetica-nace-como-proyecto-de-colaboracion-entre-la-universidad-de-valencia-y-el-colegio-salesiano-san-juan-bosco-de-valencia-al-servicio-de-la-sociedad\\\/\",\"name\":\"El Observatorio Vocacional de Bio\u00e9tica nace como proyecto de colaboraci\u00f3n entre la Universidad de Valencia y el Colegio Salesiano San Juan Bosco de Valencia al servicio de la sociedad - Colegio San Juan Bosco Valencia\",\"isPartOf\":{\"@id\":\"https:\\\/\\\/valenciasjb.salesianos.edu\\\/colegio\\\/#website\"},\"primaryImageOfPage\":{\"@id\":\"https:\\\/\\\/valenciasjb.salesianos.edu\\\/colegio\\\/el-observatorio-vocacional-de-bioetica-nace-como-proyecto-de-colaboracion-entre-la-universidad-de-valencia-y-el-colegio-salesiano-san-juan-bosco-de-valencia-al-servicio-de-la-sociedad\\\/#primaryimage\"},\"image\":{\"@id\":\"https:\\\/\\\/valenciasjb.salesianos.edu\\\/colegio\\\/el-observatorio-vocacional-de-bioetica-nace-como-proyecto-de-colaboracion-entre-la-universidad-de-valencia-y-el-colegio-salesiano-san-juan-bosco-de-valencia-al-servicio-de-la-sociedad\\\/#primaryimage\"},\"thumbnailUrl\":\"https:\\\/\\\/valenciasjb.salesianos.edu\\\/colegio\\\/wp-content\\\/uploads\\\/sites\\\/2\\\/2021\\\/03\\\/IMG_20210305_103852.jpg\",\"datePublished\":\"2021-03-05T18:46:42+00:00\",\"dateModified\":\"2021-03-08T11:41:57+00:00\",\"author\":{\"@id\":\"https:\\\/\\\/valenciasjb.salesianos.edu\\\/colegio\\\/#\\\/schema\\\/person\\\/1f45b67e52b27da175190a574db6bed9\"},\"breadcrumb\":{\"@id\":\"https:\\\/\\\/valenciasjb.salesianos.edu\\\/colegio\\\/el-observatorio-vocacional-de-bioetica-nace-como-proyecto-de-colaboracion-entre-la-universidad-de-valencia-y-el-colegio-salesiano-san-juan-bosco-de-valencia-al-servicio-de-la-sociedad\\\/#breadcrumb\"},\"inLanguage\":\"es\",\"potentialAction\":[{\"@type\":\"ReadAction\",\"target\":[\"https:\\\/\\\/valenciasjb.salesianos.edu\\\/colegio\\\/el-observatorio-vocacional-de-bioetica-nace-como-proyecto-de-colaboracion-entre-la-universidad-de-valencia-y-el-colegio-salesiano-san-juan-bosco-de-valencia-al-servicio-de-la-sociedad\\\/\"]}]},{\"@type\":\"ImageObject\",\"inLanguage\":\"es\",\"@id\":\"https:\\\/\\\/valenciasjb.salesianos.edu\\\/colegio\\\/el-observatorio-vocacional-de-bioetica-nace-como-proyecto-de-colaboracion-entre-la-universidad-de-valencia-y-el-colegio-salesiano-san-juan-bosco-de-valencia-al-servicio-de-la-sociedad\\\/#primaryimage\",\"url\":\"https:\\\/\\\/valenciasjb.salesianos.edu\\\/colegio\\\/wp-content\\\/uploads\\\/sites\\\/2\\\/2021\\\/03\\\/IMG_20210305_103852.jpg\",\"contentUrl\":\"https:\\\/\\\/valenciasjb.salesianos.edu\\\/colegio\\\/wp-content\\\/uploads\\\/sites\\\/2\\\/2021\\\/03\\\/IMG_20210305_103852.jpg\",\"width\":2000,\"height\":1496},{\"@type\":\"BreadcrumbList\",\"@id\":\"https:\\\/\\\/valenciasjb.salesianos.edu\\\/colegio\\\/el-observatorio-vocacional-de-bioetica-nace-como-proyecto-de-colaboracion-entre-la-universidad-de-valencia-y-el-colegio-salesiano-san-juan-bosco-de-valencia-al-servicio-de-la-sociedad\\\/#breadcrumb\",\"itemListElement\":[{\"@type\":\"ListItem\",\"position\":1,\"name\":\"Portada\",\"item\":\"https:\\\/\\\/valenciasjb.salesianos.edu\\\/colegio\\\/\"},{\"@type\":\"ListItem\",\"position\":2,\"name\":\"El Observatorio Vocacional de Bio\u00e9tica nace como proyecto de colaboraci\u00f3n entre la Universidad de Valencia y el Colegio Salesiano San Juan Bosco de Valencia al servicio de la sociedad\"}]},{\"@type\":\"WebSite\",\"@id\":\"https:\\\/\\\/valenciasjb.salesianos.edu\\\/colegio\\\/#website\",\"url\":\"https:\\\/\\\/valenciasjb.salesianos.edu\\\/colegio\\\/\",\"name\":\"Colegio San Juan Bosco Valencia\",\"description\":\"P\u00e1gina oficial del Colegio Salesianos San Juan Bosco Valencia\",\"alternateName\":\"Salesianos.VSJB\",\"potentialAction\":[{\"@type\":\"SearchAction\",\"target\":{\"@type\":\"EntryPoint\",\"urlTemplate\":\"https:\\\/\\\/valenciasjb.salesianos.edu\\\/colegio\\\/?s={search_term_string}\"},\"query-input\":{\"@type\":\"PropertyValueSpecification\",\"valueRequired\":true,\"valueName\":\"search_term_string\"}}],\"inLanguage\":\"es\"},{\"@type\":\"Person\",\"@id\":\"https:\\\/\\\/valenciasjb.salesianos.edu\\\/colegio\\\/#\\\/schema\\\/person\\\/1f45b67e52b27da175190a574db6bed9\",\"name\":\"veronicapastor\",\"image\":{\"@type\":\"ImageObject\",\"inLanguage\":\"es\",\"@id\":\"https:\\\/\\\/secure.gravatar.com\\\/avatar\\\/e29bd40bace3fd935e1d6fdb7313ffc14628cc037c5e16f4c7369b20a2a6f7f0?s=96&d=mm&r=g\",\"url\":\"https:\\\/\\\/secure.gravatar.com\\\/avatar\\\/e29bd40bace3fd935e1d6fdb7313ffc14628cc037c5e16f4c7369b20a2a6f7f0?s=96&d=mm&r=g\",\"contentUrl\":\"https:\\\/\\\/secure.gravatar.com\\\/avatar\\\/e29bd40bace3fd935e1d6fdb7313ffc14628cc037c5e16f4c7369b20a2a6f7f0?s=96&d=mm&r=g\",\"caption\":\"veronicapastor\"}}]}<\/script>\n<!-- \/ Yoast SEO plugin. -->","yoast_head_json":{"title":"El Observatorio Vocacional de Bio\u00e9tica nace como proyecto de colaboraci\u00f3n entre la Universidad de Valencia y el Colegio Salesiano San Juan Bosco de Valencia al servicio de la sociedad - Colegio San Juan Bosco Valencia","robots":{"index":"index","follow":"follow","max-snippet":"max-snippet:-1","max-image-preview":"max-image-preview:large","max-video-preview":"max-video-preview:-1"},"canonical":"https:\/\/valenciasjb.salesianos.edu\/colegio\/el-observatorio-vocacional-de-bioetica-nace-como-proyecto-de-colaboracion-entre-la-universidad-de-valencia-y-el-colegio-salesiano-san-juan-bosco-de-valencia-al-servicio-de-la-sociedad\/","og_locale":"es_ES","og_type":"article","og_title":"El Observatorio Vocacional de Bio\u00e9tica nace como proyecto de colaboraci\u00f3n entre la Universidad de Valencia y el Colegio Salesiano San Juan Bosco de Valencia al servicio de la sociedad - Colegio San Juan Bosco Valencia","og_description":"El objetivo de este proyecto es investigar, analizar, clarificar y divulgar cuestiones actuales de bio\u00e9tica entre la sociedad valenciana sobre todo a los m\u00e1s j\u00f3venes. Este proyecto ha aparecido el lunes 8 de marzo en el peri\u00f3dico \"Las Provincias\", tanto en la edici\u00f3n impresa como en l\u00ednea. \u00a0Redacci\u00f3n.El viernes 5 de marzo tuvo lugar la [&hellip;]","og_url":"https:\/\/valenciasjb.salesianos.edu\/colegio\/el-observatorio-vocacional-de-bioetica-nace-como-proyecto-de-colaboracion-entre-la-universidad-de-valencia-y-el-colegio-salesiano-san-juan-bosco-de-valencia-al-servicio-de-la-sociedad\/","og_site_name":"Colegio San Juan Bosco Valencia","article_publisher":"https:\/\/www.facebook.com\/ColegioSalesianoSanJuanBoscoValencia","article_published_time":"2021-03-05T18:46:42+00:00","article_modified_time":"2021-03-08T11:41:57+00:00","og_image":[{"width":2000,"height":1496,"url":"https:\/\/valenciasjb.salesianos.edu\/colegio\/wp-content\/uploads\/sites\/2\/2021\/03\/IMG_20210305_103852.jpg","type":"image\/jpeg"}],"author":"veronicapastor","twitter_card":"summary_large_image","twitter_creator":"@SalesianosVSJB","twitter_site":"@SalesianosVSJB","twitter_misc":{"Escrito por":"veronicapastor","Tiempo de lectura":"3 minutos"},"schema":{"@context":"https:\/\/schema.org","@graph":[{"@type":"Article","@id":"https:\/\/valenciasjb.salesianos.edu\/colegio\/el-observatorio-vocacional-de-bioetica-nace-como-proyecto-de-colaboracion-entre-la-universidad-de-valencia-y-el-colegio-salesiano-san-juan-bosco-de-valencia-al-servicio-de-la-sociedad\/#article","isPartOf":{"@id":"https:\/\/valenciasjb.salesianos.edu\/colegio\/el-observatorio-vocacional-de-bioetica-nace-como-proyecto-de-colaboracion-entre-la-universidad-de-valencia-y-el-colegio-salesiano-san-juan-bosco-de-valencia-al-servicio-de-la-sociedad\/"},"author":{"name":"veronicapastor","@id":"https:\/\/valenciasjb.salesianos.edu\/colegio\/#\/schema\/person\/1f45b67e52b27da175190a574db6bed9"},"headline":"El Observatorio Vocacional de Bio\u00e9tica nace como proyecto de colaboraci\u00f3n entre la Universidad de Valencia y el Colegio Salesiano San Juan Bosco de Valencia al servicio de la sociedad","datePublished":"2021-03-05T18:46:42+00:00","dateModified":"2021-03-08T11:41:57+00:00","mainEntityOfPage":{"@id":"https:\/\/valenciasjb.salesianos.edu\/colegio\/el-observatorio-vocacional-de-bioetica-nace-como-proyecto-de-colaboracion-entre-la-universidad-de-valencia-y-el-colegio-salesiano-san-juan-bosco-de-valencia-al-servicio-de-la-sociedad\/"},"wordCount":594,"image":{"@id":"https:\/\/valenciasjb.salesianos.edu\/colegio\/el-observatorio-vocacional-de-bioetica-nace-como-proyecto-de-colaboracion-entre-la-universidad-de-valencia-y-el-colegio-salesiano-san-juan-bosco-de-valencia-al-servicio-de-la-sociedad\/#primaryimage"},"thumbnailUrl":"https:\/\/valenciasjb.salesianos.edu\/colegio\/wp-content\/uploads\/sites\/2\/2021\/03\/IMG_20210305_103852.jpg","articleSection":["Noticia Colegio"],"inLanguage":"es"},{"@type":"WebPage","@id":"https:\/\/valenciasjb.salesianos.edu\/colegio\/el-observatorio-vocacional-de-bioetica-nace-como-proyecto-de-colaboracion-entre-la-universidad-de-valencia-y-el-colegio-salesiano-san-juan-bosco-de-valencia-al-servicio-de-la-sociedad\/","url":"https:\/\/valenciasjb.salesianos.edu\/colegio\/el-observatorio-vocacional-de-bioetica-nace-como-proyecto-de-colaboracion-entre-la-universidad-de-valencia-y-el-colegio-salesiano-san-juan-bosco-de-valencia-al-servicio-de-la-sociedad\/","name":"El Observatorio Vocacional de Bio\u00e9tica nace como proyecto de colaboraci\u00f3n entre la Universidad de Valencia y el Colegio Salesiano San Juan Bosco de Valencia al servicio de la sociedad - Colegio San Juan Bosco Valencia","isPartOf":{"@id":"https:\/\/valenciasjb.salesianos.edu\/colegio\/#website"},"primaryImageOfPage":{"@id":"https:\/\/valenciasjb.salesianos.edu\/colegio\/el-observatorio-vocacional-de-bioetica-nace-como-proyecto-de-colaboracion-entre-la-universidad-de-valencia-y-el-colegio-salesiano-san-juan-bosco-de-valencia-al-servicio-de-la-sociedad\/#primaryimage"},"image":{"@id":"https:\/\/valenciasjb.salesianos.edu\/colegio\/el-observatorio-vocacional-de-bioetica-nace-como-proyecto-de-colaboracion-entre-la-universidad-de-valencia-y-el-colegio-salesiano-san-juan-bosco-de-valencia-al-servicio-de-la-sociedad\/#primaryimage"},"thumbnailUrl":"https:\/\/valenciasjb.salesianos.edu\/colegio\/wp-content\/uploads\/sites\/2\/2021\/03\/IMG_20210305_103852.jpg","datePublished":"2021-03-05T18:46:42+00:00","dateModified":"2021-03-08T11:41:57+00:00","author":{"@id":"https:\/\/valenciasjb.salesianos.edu\/colegio\/#\/schema\/person\/1f45b67e52b27da175190a574db6bed9"},"breadcrumb":{"@id":"https:\/\/valenciasjb.salesianos.edu\/colegio\/el-observatorio-vocacional-de-bioetica-nace-como-proyecto-de-colaboracion-entre-la-universidad-de-valencia-y-el-colegio-salesiano-san-juan-bosco-de-valencia-al-servicio-de-la-sociedad\/#breadcrumb"},"inLanguage":"es","potentialAction":[{"@type":"ReadAction","target":["https:\/\/valenciasjb.salesianos.edu\/colegio\/el-observatorio-vocacional-de-bioetica-nace-como-proyecto-de-colaboracion-entre-la-universidad-de-valencia-y-el-colegio-salesiano-san-juan-bosco-de-valencia-al-servicio-de-la-sociedad\/"]}]},{"@type":"ImageObject","inLanguage":"es","@id":"https:\/\/valenciasjb.salesianos.edu\/colegio\/el-observatorio-vocacional-de-bioetica-nace-como-proyecto-de-colaboracion-entre-la-universidad-de-valencia-y-el-colegio-salesiano-san-juan-bosco-de-valencia-al-servicio-de-la-sociedad\/#primaryimage","url":"https:\/\/valenciasjb.salesianos.edu\/colegio\/wp-content\/uploads\/sites\/2\/2021\/03\/IMG_20210305_103852.jpg","contentUrl":"https:\/\/valenciasjb.salesianos.edu\/colegio\/wp-content\/uploads\/sites\/2\/2021\/03\/IMG_20210305_103852.jpg","width":2000,"height":1496},{"@type":"BreadcrumbList","@id":"https:\/\/valenciasjb.salesianos.edu\/colegio\/el-observatorio-vocacional-de-bioetica-nace-como-proyecto-de-colaboracion-entre-la-universidad-de-valencia-y-el-colegio-salesiano-san-juan-bosco-de-valencia-al-servicio-de-la-sociedad\/#breadcrumb","itemListElement":[{"@type":"ListItem","position":1,"name":"Portada","item":"https:\/\/valenciasjb.salesianos.edu\/colegio\/"},{"@type":"ListItem","position":2,"name":"El Observatorio Vocacional de Bio\u00e9tica nace como proyecto de colaboraci\u00f3n entre la Universidad de Valencia y el Colegio Salesiano San Juan Bosco de Valencia al servicio de la sociedad"}]},{"@type":"WebSite","@id":"https:\/\/valenciasjb.salesianos.edu\/colegio\/#website","url":"https:\/\/valenciasjb.salesianos.edu\/colegio\/","name":"Colegio San Juan Bosco Valencia","description":"P\u00e1gina oficial del Colegio Salesianos San Juan Bosco Valencia","alternateName":"Salesianos.VSJB","potentialAction":[{"@type":"SearchAction","target":{"@type":"EntryPoint","urlTemplate":"https:\/\/valenciasjb.salesianos.edu\/colegio\/?s={search_term_string}"},"query-input":{"@type":"PropertyValueSpecification","valueRequired":true,"valueName":"search_term_string"}}],"inLanguage":"es"},{"@type":"Person","@id":"https:\/\/valenciasjb.salesianos.edu\/colegio\/#\/schema\/person\/1f45b67e52b27da175190a574db6bed9","name":"veronicapastor","image":{"@type":"ImageObject","inLanguage":"es","@id":"https:\/\/secure.gravatar.com\/avatar\/e29bd40bace3fd935e1d6fdb7313ffc14628cc037c5e16f4c7369b20a2a6f7f0?s=96&d=mm&r=g","url":"https:\/\/secure.gravatar.com\/avatar\/e29bd40bace3fd935e1d6fdb7313ffc14628cc037c5e16f4c7369b20a2a6f7f0?s=96&d=mm&r=g","contentUrl":"https:\/\/secure.gravatar.com\/avatar\/e29bd40bace3fd935e1d6fdb7313ffc14628cc037c5e16f4c7369b20a2a6f7f0?s=96&d=mm&r=g","caption":"veronicapastor"}}]}},"_links":{"self":[{"href":"https:\/\/valenciasjb.salesianos.edu\/colegio\/wp-json\/wp\/v2\/posts\/14986","targetHints":{"allow":["GET"]}}],"collection":[{"href":"https:\/\/valenciasjb.salesianos.edu\/colegio\/wp-json\/wp\/v2\/posts"}],"about":[{"href":"https:\/\/valenciasjb.salesianos.edu\/colegio\/wp-json\/wp\/v2\/types\/post"}],"author":[{"embeddable":true,"href":"https:\/\/valenciasjb.salesianos.edu\/colegio\/wp-json\/wp\/v2\/users\/6"}],"replies":[{"embeddable":true,"href":"https:\/\/valenciasjb.salesianos.edu\/colegio\/wp-json\/wp\/v2\/comments?post=14986"}],"version-history":[{"count":4,"href":"https:\/\/valenciasjb.salesianos.edu\/colegio\/wp-json\/wp\/v2\/posts\/14986\/revisions"}],"predecessor-version":[{"id":15001,"href":"https:\/\/valenciasjb.salesianos.edu\/colegio\/wp-json\/wp\/v2\/posts\/14986\/revisions\/15001"}],"wp:featuredmedia":[{"embeddable":true,"href":"https:\/\/valenciasjb.salesianos.edu\/colegio\/wp-json\/wp\/v2\/media\/14991"}],"wp:attachment":[{"href":"https:\/\/valenciasjb.salesianos.edu\/colegio\/wp-json\/wp\/v2\/media?parent=14986"}],"wp:term":[{"taxonomy":"category","embeddable":true,"href":"https:\/\/valenciasjb.salesianos.edu\/colegio\/wp-json\/wp\/v2\/categories?post=14986"},{"taxonomy":"post_tag","embeddable":true,"href":"https:\/\/valenciasjb.salesianos.edu\/colegio\/wp-json\/wp\/v2\/tags?post=14986"}],"curies":[{"name":"wp","href":"https:\/\/api.w.org\/{rel}","templated":true}]}}