{"id":15023,"date":"2021-03-11T13:36:33","date_gmt":"2021-03-11T12:36:33","guid":{"rendered":"https:\/\/valenciasjb.salesianos.edu\/colegio\/?p=15023"},"modified":"2021-03-11T13:38:27","modified_gmt":"2021-03-11T12:38:27","slug":"el-colegio-salesiano-san-juan-bosco-en-la-lista-de-los-30-colegios-publicos-privados-y-concertados-mejor-valorados-de-espana-segun-el-confidencial","status":"publish","type":"post","link":"https:\/\/valenciasjb.salesianos.edu\/colegio\/el-colegio-salesiano-san-juan-bosco-en-la-lista-de-los-30-colegios-publicos-privados-y-concertados-mejor-valorados-de-espana-segun-el-confidencial\/","title":{"rendered":"El Colegio Salesiano San Juan Bosco Valencia en la lista de \u00ablos 30 colegios p\u00fablicos, privados y concertados mejor valorados de Espa\u00f1a\u00bb, seg\u00fan \u00abEl Confidencial\u00bb"},"content":{"rendered":"<div id=\"fb-root\"><\/div>\n<p>[et_pb_section fb_built=\u00bb1&#8243; admin_label=\u00bbsection\u00bb _builder_version=\u00bb3.22&#8243;][et_pb_row admin_label=\u00bbrow\u00bb _builder_version=\u00bb3.25&#8243; background_size=\u00bbinitial\u00bb background_position=\u00bbtop_left\u00bb background_repeat=\u00bbrepeat\u00bb][et_pb_column type=\u00bb4_4&#8243; _builder_version=\u00bb3.25&#8243; custom_padding=\u00bb|||\u00bb custom_padding__hover=\u00bb|||\u00bb][et_pb_text admin_label=\u00bbEntradilla (Texto)\u00bb _builder_version=\u00bb4.9.1&#8243; text_font=\u00bb|on|||\u00bb text_orientation=\u00bbjustified\u00bb module_alignment=\u00bbjustified\u00bb]<\/p>\n<div id=\"resumen\"><strong>El diario \u00abEl Confidencial\u00bb ha publicado la lista de \u00ablos 30 colegios p\u00fablicos, privados y concertados mejor valorados de Espa\u00f1a\u00bb, donde aparece el Colegio Salesiano San Juan Bosco de Valencia.<br \/>\n<\/strong><\/div>\n<div><\/div>\n<p>[\/et_pb_text][et_pb_text admin_label=\u00bbAutor (Texto)\u00bb _builder_version=\u00bb3.27.4&#8243; text_font=\u00bb||on||\u00bb]Redacci\u00f3n<br \/>\n[\/et_pb_text][et_pb_text admin_label=\u00bbDesarrollo (Texto)\u00bb _builder_version=\u00bb4.9.1&#8243; text_orientation=\u00bbjustified\u00bb module_alignment=\u00bbjustified\u00bb]<\/p>\n<p>Seg\u00fan indica este medio, \u00abla educaci\u00f3n es uno de los pilares en la vida de una persona, ya que no solo se trata de aprender conocimientos, sino tambi\u00e9n instruir en valores y formas de conducta que hagan de las j\u00f3venes generaciones unas buenas personas en el futuro. En este sentido, la elecci\u00f3n de colegio suele suponer un quebradero de cabeza para muchos padres; al fin y al cabo, es una decisi\u00f3n muy importante que determinar\u00e1 el bienestar educativo del ni\u00f1o y de sus padres. El Confidencial y Micole lanzaron hace unos d\u00edas el buscador de colegios para saber decidir en qu\u00e9 centro matricular a los peque\u00f1os y as\u00ed salir de dudas\u00bb.<\/p>\n<p>En este sentido, explican: \u00abla mayor\u00eda de los &#8216;rankings&#8217; que hay disponibles en muchas p\u00e1ginas web suelen pecar de parciales o de tener intereses privados. El equipo de MiCole ha dise\u00f1ado un estudio basado en el n\u00famero de solicitudes que han hecho las familias en su buscador de colegios, as\u00ed como el n\u00famero de veces marcados como favoritos junto con una media de valoraci\u00f3n en las rese\u00f1as. Teniendo en cuenta estos datos, que fueron tomados desde diciembre de 2020 en adelante, podremos saber cu\u00e1les son los colegios m\u00e1s valorados de nuestro pa\u00eds seg\u00fan su titularidad\u00bb.<\/p>\n<p>As\u00ed, y acorde a todo lo anterior, el Colegio Salesiano San Juan Bosco de Valencia se encuentra entre los 30 centros p\u00fablicos, concertados y privados mejor valorados y solicitados de Espa\u00f1a: <a href=\"https:\/\/www.elconfidencial.com\/alma-corazon-vida\/educacion\/2021-03-10\/mejores-colegios-espana-educacion-centros_2982107\/\">https:\/\/www.elconfidencial.com\/alma-corazon-vida\/educacion\/2021-03-10\/mejores-colegios-espana-educacion-centros_2982107\/<\/a><\/p>\n<p>El Colegio quiere dar las gracias a toda la comunidad educativa por el esfuerzo compartido para hacer que el colegio mejore d\u00eda a d\u00eda, por hacer que seamos cada vez m\u00e1s significativos socialmente, en nuestro barrio, en nuestro entorno, y en definitiva que sigamos creciendo para con todas nuestras iniciativas ser un medio de transformaci\u00f3n de nuestro mundo.<\/p>\n<p>&nbsp;<\/p>\n<p>[\/et_pb_text][et_pb_text disabled_on=\u00bboff|on|on\u00bb admin_label=\u00bbT\u00edtulo: Galer\u00eda de fotos (Texto)\u00bb _builder_version=\u00bb3.27.4&#8243; text_font=\u00bb|on|||\u00bb text_text_color=\u00bb#dc001b\u00bb border_style=\u00bbsolid\u00bb]Galer\u00eda de im\u00e1genes<br \/>\n[\/et_pb_text][et_pb_gallery gallery_ids=\u00bb15026&#8243; posts_number=\u00bb8&#8243; show_title_and_caption=\u00bboff\u00bb zoom_icon_color=\u00bb#dc001b\u00bb hover_icon=\u00bb%%51%%\u00bb disabled_on=\u00bboff|off|off\u00bb _builder_version=\u00bb4.9.1&#8243; pagination_font_size_tablet=\u00bb51&#8243; pagination_line_height_tablet=\u00bb2&#8243;][\/et_pb_gallery][et_pb_video disabled_on=\u00bbon|on|on\u00bb _builder_version=\u00bb3.0.51&#8243; disabled=\u00bbon\u00bb][\/et_pb_video][\/et_pb_column][\/et_pb_row][\/et_pb_section]<\/p>\n<!-- AddThis Advanced Settings generic via filter on the_content --><!-- AddThis Share Buttons generic via filter on the_content -->","protected":false},"excerpt":{"rendered":"<p>El diario \u00abEl Confidencial\u00bb ha publicado la lista de \u00ablos 30 colegios p\u00fablicos, privados y concertados mejor valorados de Espa\u00f1a\u00bb, donde aparece el Colegio Salesiano San Juan Bosco de Valencia. Redacci\u00f3n Seg\u00fan indica este medio, \u00abla educaci\u00f3n es uno de los pilares en la vida de una persona, ya que no solo se trata de [&hellip;]<\/p>\n<p><!-- AddThis Advanced Settings generic via filter on get_the_excerpt --><!-- AddThis Share Buttons generic via filter on get_the_excerpt --><\/p>\n","protected":false},"author":6,"featured_media":15027,"comment_status":"closed","ping_status":"open","sticky":false,"template":"","format":"standard","meta":{"_et_pb_use_builder":"on","_et_pb_old_content":"","_et_gb_content_width":"","footnotes":""},"categories":[14],"tags":[],"class_list":["post-15023","post","type-post","status-publish","format-standard","has-post-thumbnail","hentry","category-noticia_colegio"],"yoast_head":"<!-- This site is optimized with the Yoast SEO plugin v28.4 - https:\/\/yoast.com\/product\/yoast-seo-wordpress\/ -->\n<title>El Colegio Salesiano San Juan Bosco Valencia en la lista de &quot;los 30 colegios p\u00fablicos, privados y concertados mejor valorados de Espa\u00f1a&quot;, seg\u00fan &quot;El Confidencial&quot; - Colegio San Juan Bosco Valencia<\/title>\n<meta name=\"robots\" content=\"index, follow, max-snippet:-1, max-image-preview:large, max-video-preview:-1\" \/>\n<link rel=\"canonical\" href=\"https:\/\/valenciasjb.salesianos.edu\/colegio\/el-colegio-salesiano-san-juan-bosco-en-la-lista-de-los-30-colegios-publicos-privados-y-concertados-mejor-valorados-de-espana-segun-el-confidencial\/\" \/>\n<meta property=\"og:locale\" content=\"es_ES\" \/>\n<meta property=\"og:type\" content=\"article\" \/>\n<meta property=\"og:title\" content=\"El Colegio Salesiano San Juan Bosco Valencia en la lista de &quot;los 30 colegios p\u00fablicos, privados y concertados mejor valorados de Espa\u00f1a&quot;, seg\u00fan &quot;El Confidencial&quot; - Colegio San Juan Bosco Valencia\" \/>\n<meta property=\"og:description\" content=\"El diario &quot;El Confidencial&quot; ha publicado la lista de &quot;los 30 colegios p\u00fablicos, privados y concertados mejor valorados de Espa\u00f1a&quot;, donde aparece el Colegio Salesiano San Juan Bosco de Valencia. Redacci\u00f3n Seg\u00fan indica este medio, &quot;la educaci\u00f3n es uno de los pilares en la vida de una persona, ya que no solo se trata de [&hellip;]\" \/>\n<meta property=\"og:url\" content=\"https:\/\/valenciasjb.salesianos.edu\/colegio\/el-colegio-salesiano-san-juan-bosco-en-la-lista-de-los-30-colegios-publicos-privados-y-concertados-mejor-valorados-de-espana-segun-el-confidencial\/\" \/>\n<meta property=\"og:site_name\" content=\"Colegio San Juan Bosco Valencia\" \/>\n<meta property=\"article:publisher\" content=\"https:\/\/www.facebook.com\/ColegioSalesianoSanJuanBoscoValencia\" \/>\n<meta property=\"article:published_time\" content=\"2021-03-11T12:36:33+00:00\" \/>\n<meta property=\"article:modified_time\" content=\"2021-03-11T12:38:27+00:00\" \/>\n<meta property=\"og:image\" content=\"https:\/\/valenciasjb.salesianos.edu\/colegio\/wp-content\/uploads\/sites\/2\/2021\/03\/sketch-1615466121242.png\" \/>\n\t<meta property=\"og:image:width\" content=\"1321\" \/>\n\t<meta property=\"og:image:height\" content=\"1080\" \/>\n\t<meta property=\"og:image:type\" content=\"image\/png\" \/>\n<meta name=\"author\" content=\"veronicapastor\" \/>\n<meta name=\"twitter:card\" content=\"summary_large_image\" \/>\n<meta name=\"twitter:creator\" content=\"@SalesianosVSJB\" \/>\n<meta name=\"twitter:site\" content=\"@SalesianosVSJB\" \/>\n<meta name=\"twitter:label1\" content=\"Escrito por\" \/>\n\t<meta name=\"twitter:data1\" content=\"veronicapastor\" \/>\n\t<meta name=\"twitter:label2\" content=\"Tiempo de lectura\" \/>\n\t<meta name=\"twitter:data2\" content=\"3 minutos\" \/>\n<script type=\"application\/ld+json\" class=\"yoast-schema-graph\">{\"@context\":\"https:\\\/\\\/schema.org\",\"@graph\":[{\"@type\":\"Article\",\"@id\":\"https:\\\/\\\/valenciasjb.salesianos.edu\\\/colegio\\\/el-colegio-salesiano-san-juan-bosco-en-la-lista-de-los-30-colegios-publicos-privados-y-concertados-mejor-valorados-de-espana-segun-el-confidencial\\\/#article\",\"isPartOf\":{\"@id\":\"https:\\\/\\\/valenciasjb.salesianos.edu\\\/colegio\\\/el-colegio-salesiano-san-juan-bosco-en-la-lista-de-los-30-colegios-publicos-privados-y-concertados-mejor-valorados-de-espana-segun-el-confidencial\\\/\"},\"author\":{\"name\":\"veronicapastor\",\"@id\":\"https:\\\/\\\/valenciasjb.salesianos.edu\\\/colegio\\\/#\\\/schema\\\/person\\\/1f45b67e52b27da175190a574db6bed9\"},\"headline\":\"El Colegio Salesiano San Juan Bosco Valencia en la lista de \u00ablos 30 colegios p\u00fablicos, privados y concertados mejor valorados de Espa\u00f1a\u00bb, seg\u00fan \u00abEl Confidencial\u00bb\",\"datePublished\":\"2021-03-11T12:36:33+00:00\",\"dateModified\":\"2021-03-11T12:38:27+00:00\",\"mainEntityOfPage\":{\"@id\":\"https:\\\/\\\/valenciasjb.salesianos.edu\\\/colegio\\\/el-colegio-salesiano-san-juan-bosco-en-la-lista-de-los-30-colegios-publicos-privados-y-concertados-mejor-valorados-de-espana-segun-el-confidencial\\\/\"},\"wordCount\":581,\"image\":{\"@id\":\"https:\\\/\\\/valenciasjb.salesianos.edu\\\/colegio\\\/el-colegio-salesiano-san-juan-bosco-en-la-lista-de-los-30-colegios-publicos-privados-y-concertados-mejor-valorados-de-espana-segun-el-confidencial\\\/#primaryimage\"},\"thumbnailUrl\":\"https:\\\/\\\/valenciasjb.salesianos.edu\\\/colegio\\\/wp-content\\\/uploads\\\/sites\\\/2\\\/2021\\\/03\\\/sketch-1615466121242.png\",\"articleSection\":[\"Noticia Colegio\"],\"inLanguage\":\"es\"},{\"@type\":\"WebPage\",\"@id\":\"https:\\\/\\\/valenciasjb.salesianos.edu\\\/colegio\\\/el-colegio-salesiano-san-juan-bosco-en-la-lista-de-los-30-colegios-publicos-privados-y-concertados-mejor-valorados-de-espana-segun-el-confidencial\\\/\",\"url\":\"https:\\\/\\\/valenciasjb.salesianos.edu\\\/colegio\\\/el-colegio-salesiano-san-juan-bosco-en-la-lista-de-los-30-colegios-publicos-privados-y-concertados-mejor-valorados-de-espana-segun-el-confidencial\\\/\",\"name\":\"El Colegio Salesiano San Juan Bosco Valencia en la lista de \\\"los 30 colegios p\u00fablicos, privados y concertados mejor valorados de Espa\u00f1a\\\", seg\u00fan \\\"El Confidencial\\\" - Colegio San Juan Bosco Valencia\",\"isPartOf\":{\"@id\":\"https:\\\/\\\/valenciasjb.salesianos.edu\\\/colegio\\\/#website\"},\"primaryImageOfPage\":{\"@id\":\"https:\\\/\\\/valenciasjb.salesianos.edu\\\/colegio\\\/el-colegio-salesiano-san-juan-bosco-en-la-lista-de-los-30-colegios-publicos-privados-y-concertados-mejor-valorados-de-espana-segun-el-confidencial\\\/#primaryimage\"},\"image\":{\"@id\":\"https:\\\/\\\/valenciasjb.salesianos.edu\\\/colegio\\\/el-colegio-salesiano-san-juan-bosco-en-la-lista-de-los-30-colegios-publicos-privados-y-concertados-mejor-valorados-de-espana-segun-el-confidencial\\\/#primaryimage\"},\"thumbnailUrl\":\"https:\\\/\\\/valenciasjb.salesianos.edu\\\/colegio\\\/wp-content\\\/uploads\\\/sites\\\/2\\\/2021\\\/03\\\/sketch-1615466121242.png\",\"datePublished\":\"2021-03-11T12:36:33+00:00\",\"dateModified\":\"2021-03-11T12:38:27+00:00\",\"author\":{\"@id\":\"https:\\\/\\\/valenciasjb.salesianos.edu\\\/colegio\\\/#\\\/schema\\\/person\\\/1f45b67e52b27da175190a574db6bed9\"},\"breadcrumb\":{\"@id\":\"https:\\\/\\\/valenciasjb.salesianos.edu\\\/colegio\\\/el-colegio-salesiano-san-juan-bosco-en-la-lista-de-los-30-colegios-publicos-privados-y-concertados-mejor-valorados-de-espana-segun-el-confidencial\\\/#breadcrumb\"},\"inLanguage\":\"es\",\"potentialAction\":[{\"@type\":\"ReadAction\",\"target\":[\"https:\\\/\\\/valenciasjb.salesianos.edu\\\/colegio\\\/el-colegio-salesiano-san-juan-bosco-en-la-lista-de-los-30-colegios-publicos-privados-y-concertados-mejor-valorados-de-espana-segun-el-confidencial\\\/\"]}]},{\"@type\":\"ImageObject\",\"inLanguage\":\"es\",\"@id\":\"https:\\\/\\\/valenciasjb.salesianos.edu\\\/colegio\\\/el-colegio-salesiano-san-juan-bosco-en-la-lista-de-los-30-colegios-publicos-privados-y-concertados-mejor-valorados-de-espana-segun-el-confidencial\\\/#primaryimage\",\"url\":\"https:\\\/\\\/valenciasjb.salesianos.edu\\\/colegio\\\/wp-content\\\/uploads\\\/sites\\\/2\\\/2021\\\/03\\\/sketch-1615466121242.png\",\"contentUrl\":\"https:\\\/\\\/valenciasjb.salesianos.edu\\\/colegio\\\/wp-content\\\/uploads\\\/sites\\\/2\\\/2021\\\/03\\\/sketch-1615466121242.png\",\"width\":1321,\"height\":1080},{\"@type\":\"BreadcrumbList\",\"@id\":\"https:\\\/\\\/valenciasjb.salesianos.edu\\\/colegio\\\/el-colegio-salesiano-san-juan-bosco-en-la-lista-de-los-30-colegios-publicos-privados-y-concertados-mejor-valorados-de-espana-segun-el-confidencial\\\/#breadcrumb\",\"itemListElement\":[{\"@type\":\"ListItem\",\"position\":1,\"name\":\"Portada\",\"item\":\"https:\\\/\\\/valenciasjb.salesianos.edu\\\/colegio\\\/\"},{\"@type\":\"ListItem\",\"position\":2,\"name\":\"El Colegio Salesiano San Juan Bosco Valencia en la lista de \u00ablos 30 colegios p\u00fablicos, privados y concertados mejor valorados de Espa\u00f1a\u00bb, seg\u00fan \u00abEl Confidencial\u00bb\"}]},{\"@type\":\"WebSite\",\"@id\":\"https:\\\/\\\/valenciasjb.salesianos.edu\\\/colegio\\\/#website\",\"url\":\"https:\\\/\\\/valenciasjb.salesianos.edu\\\/colegio\\\/\",\"name\":\"Colegio San Juan Bosco Valencia\",\"description\":\"P\u00e1gina oficial del Colegio Salesianos San Juan Bosco Valencia\",\"alternateName\":\"Salesianos.VSJB\",\"potentialAction\":[{\"@type\":\"SearchAction\",\"target\":{\"@type\":\"EntryPoint\",\"urlTemplate\":\"https:\\\/\\\/valenciasjb.salesianos.edu\\\/colegio\\\/?s={search_term_string}\"},\"query-input\":{\"@type\":\"PropertyValueSpecification\",\"valueRequired\":true,\"valueName\":\"search_term_string\"}}],\"inLanguage\":\"es\"},{\"@type\":\"Person\",\"@id\":\"https:\\\/\\\/valenciasjb.salesianos.edu\\\/colegio\\\/#\\\/schema\\\/person\\\/1f45b67e52b27da175190a574db6bed9\",\"name\":\"veronicapastor\",\"image\":{\"@type\":\"ImageObject\",\"inLanguage\":\"es\",\"@id\":\"https:\\\/\\\/secure.gravatar.com\\\/avatar\\\/e29bd40bace3fd935e1d6fdb7313ffc14628cc037c5e16f4c7369b20a2a6f7f0?s=96&d=mm&r=g\",\"url\":\"https:\\\/\\\/secure.gravatar.com\\\/avatar\\\/e29bd40bace3fd935e1d6fdb7313ffc14628cc037c5e16f4c7369b20a2a6f7f0?s=96&d=mm&r=g\",\"contentUrl\":\"https:\\\/\\\/secure.gravatar.com\\\/avatar\\\/e29bd40bace3fd935e1d6fdb7313ffc14628cc037c5e16f4c7369b20a2a6f7f0?s=96&d=mm&r=g\",\"caption\":\"veronicapastor\"}}]}<\/script>\n<!-- \/ Yoast SEO plugin. -->","yoast_head_json":{"title":"El Colegio Salesiano San Juan Bosco Valencia en la lista de \"los 30 colegios p\u00fablicos, privados y concertados mejor valorados de Espa\u00f1a\", seg\u00fan \"El Confidencial\" - Colegio San Juan Bosco Valencia","robots":{"index":"index","follow":"follow","max-snippet":"max-snippet:-1","max-image-preview":"max-image-preview:large","max-video-preview":"max-video-preview:-1"},"canonical":"https:\/\/valenciasjb.salesianos.edu\/colegio\/el-colegio-salesiano-san-juan-bosco-en-la-lista-de-los-30-colegios-publicos-privados-y-concertados-mejor-valorados-de-espana-segun-el-confidencial\/","og_locale":"es_ES","og_type":"article","og_title":"El Colegio Salesiano San Juan Bosco Valencia en la lista de \"los 30 colegios p\u00fablicos, privados y concertados mejor valorados de Espa\u00f1a\", seg\u00fan \"El Confidencial\" - Colegio San Juan Bosco Valencia","og_description":"El diario \"El Confidencial\" ha publicado la lista de \"los 30 colegios p\u00fablicos, privados y concertados mejor valorados de Espa\u00f1a\", donde aparece el Colegio Salesiano San Juan Bosco de Valencia. Redacci\u00f3n Seg\u00fan indica este medio, \"la educaci\u00f3n es uno de los pilares en la vida de una persona, ya que no solo se trata de [&hellip;]","og_url":"https:\/\/valenciasjb.salesianos.edu\/colegio\/el-colegio-salesiano-san-juan-bosco-en-la-lista-de-los-30-colegios-publicos-privados-y-concertados-mejor-valorados-de-espana-segun-el-confidencial\/","og_site_name":"Colegio San Juan Bosco Valencia","article_publisher":"https:\/\/www.facebook.com\/ColegioSalesianoSanJuanBoscoValencia","article_published_time":"2021-03-11T12:36:33+00:00","article_modified_time":"2021-03-11T12:38:27+00:00","og_image":[{"width":1321,"height":1080,"url":"https:\/\/valenciasjb.salesianos.edu\/colegio\/wp-content\/uploads\/sites\/2\/2021\/03\/sketch-1615466121242.png","type":"image\/png"}],"author":"veronicapastor","twitter_card":"summary_large_image","twitter_creator":"@SalesianosVSJB","twitter_site":"@SalesianosVSJB","twitter_misc":{"Escrito por":"veronicapastor","Tiempo de lectura":"3 minutos"},"schema":{"@context":"https:\/\/schema.org","@graph":[{"@type":"Article","@id":"https:\/\/valenciasjb.salesianos.edu\/colegio\/el-colegio-salesiano-san-juan-bosco-en-la-lista-de-los-30-colegios-publicos-privados-y-concertados-mejor-valorados-de-espana-segun-el-confidencial\/#article","isPartOf":{"@id":"https:\/\/valenciasjb.salesianos.edu\/colegio\/el-colegio-salesiano-san-juan-bosco-en-la-lista-de-los-30-colegios-publicos-privados-y-concertados-mejor-valorados-de-espana-segun-el-confidencial\/"},"author":{"name":"veronicapastor","@id":"https:\/\/valenciasjb.salesianos.edu\/colegio\/#\/schema\/person\/1f45b67e52b27da175190a574db6bed9"},"headline":"El Colegio Salesiano San Juan Bosco Valencia en la lista de \u00ablos 30 colegios p\u00fablicos, privados y concertados mejor valorados de Espa\u00f1a\u00bb, seg\u00fan \u00abEl Confidencial\u00bb","datePublished":"2021-03-11T12:36:33+00:00","dateModified":"2021-03-11T12:38:27+00:00","mainEntityOfPage":{"@id":"https:\/\/valenciasjb.salesianos.edu\/colegio\/el-colegio-salesiano-san-juan-bosco-en-la-lista-de-los-30-colegios-publicos-privados-y-concertados-mejor-valorados-de-espana-segun-el-confidencial\/"},"wordCount":581,"image":{"@id":"https:\/\/valenciasjb.salesianos.edu\/colegio\/el-colegio-salesiano-san-juan-bosco-en-la-lista-de-los-30-colegios-publicos-privados-y-concertados-mejor-valorados-de-espana-segun-el-confidencial\/#primaryimage"},"thumbnailUrl":"https:\/\/valenciasjb.salesianos.edu\/colegio\/wp-content\/uploads\/sites\/2\/2021\/03\/sketch-1615466121242.png","articleSection":["Noticia Colegio"],"inLanguage":"es"},{"@type":"WebPage","@id":"https:\/\/valenciasjb.salesianos.edu\/colegio\/el-colegio-salesiano-san-juan-bosco-en-la-lista-de-los-30-colegios-publicos-privados-y-concertados-mejor-valorados-de-espana-segun-el-confidencial\/","url":"https:\/\/valenciasjb.salesianos.edu\/colegio\/el-colegio-salesiano-san-juan-bosco-en-la-lista-de-los-30-colegios-publicos-privados-y-concertados-mejor-valorados-de-espana-segun-el-confidencial\/","name":"El Colegio Salesiano San Juan Bosco Valencia en la lista de \"los 30 colegios p\u00fablicos, privados y concertados mejor valorados de Espa\u00f1a\", seg\u00fan \"El Confidencial\" - Colegio San Juan Bosco Valencia","isPartOf":{"@id":"https:\/\/valenciasjb.salesianos.edu\/colegio\/#website"},"primaryImageOfPage":{"@id":"https:\/\/valenciasjb.salesianos.edu\/colegio\/el-colegio-salesiano-san-juan-bosco-en-la-lista-de-los-30-colegios-publicos-privados-y-concertados-mejor-valorados-de-espana-segun-el-confidencial\/#primaryimage"},"image":{"@id":"https:\/\/valenciasjb.salesianos.edu\/colegio\/el-colegio-salesiano-san-juan-bosco-en-la-lista-de-los-30-colegios-publicos-privados-y-concertados-mejor-valorados-de-espana-segun-el-confidencial\/#primaryimage"},"thumbnailUrl":"https:\/\/valenciasjb.salesianos.edu\/colegio\/wp-content\/uploads\/sites\/2\/2021\/03\/sketch-1615466121242.png","datePublished":"2021-03-11T12:36:33+00:00","dateModified":"2021-03-11T12:38:27+00:00","author":{"@id":"https:\/\/valenciasjb.salesianos.edu\/colegio\/#\/schema\/person\/1f45b67e52b27da175190a574db6bed9"},"breadcrumb":{"@id":"https:\/\/valenciasjb.salesianos.edu\/colegio\/el-colegio-salesiano-san-juan-bosco-en-la-lista-de-los-30-colegios-publicos-privados-y-concertados-mejor-valorados-de-espana-segun-el-confidencial\/#breadcrumb"},"inLanguage":"es","potentialAction":[{"@type":"ReadAction","target":["https:\/\/valenciasjb.salesianos.edu\/colegio\/el-colegio-salesiano-san-juan-bosco-en-la-lista-de-los-30-colegios-publicos-privados-y-concertados-mejor-valorados-de-espana-segun-el-confidencial\/"]}]},{"@type":"ImageObject","inLanguage":"es","@id":"https:\/\/valenciasjb.salesianos.edu\/colegio\/el-colegio-salesiano-san-juan-bosco-en-la-lista-de-los-30-colegios-publicos-privados-y-concertados-mejor-valorados-de-espana-segun-el-confidencial\/#primaryimage","url":"https:\/\/valenciasjb.salesianos.edu\/colegio\/wp-content\/uploads\/sites\/2\/2021\/03\/sketch-1615466121242.png","contentUrl":"https:\/\/valenciasjb.salesianos.edu\/colegio\/wp-content\/uploads\/sites\/2\/2021\/03\/sketch-1615466121242.png","width":1321,"height":1080},{"@type":"BreadcrumbList","@id":"https:\/\/valenciasjb.salesianos.edu\/colegio\/el-colegio-salesiano-san-juan-bosco-en-la-lista-de-los-30-colegios-publicos-privados-y-concertados-mejor-valorados-de-espana-segun-el-confidencial\/#breadcrumb","itemListElement":[{"@type":"ListItem","position":1,"name":"Portada","item":"https:\/\/valenciasjb.salesianos.edu\/colegio\/"},{"@type":"ListItem","position":2,"name":"El Colegio Salesiano San Juan Bosco Valencia en la lista de \u00ablos 30 colegios p\u00fablicos, privados y concertados mejor valorados de Espa\u00f1a\u00bb, seg\u00fan \u00abEl Confidencial\u00bb"}]},{"@type":"WebSite","@id":"https:\/\/valenciasjb.salesianos.edu\/colegio\/#website","url":"https:\/\/valenciasjb.salesianos.edu\/colegio\/","name":"Colegio San Juan Bosco Valencia","description":"P\u00e1gina oficial del Colegio Salesianos San Juan Bosco Valencia","alternateName":"Salesianos.VSJB","potentialAction":[{"@type":"SearchAction","target":{"@type":"EntryPoint","urlTemplate":"https:\/\/valenciasjb.salesianos.edu\/colegio\/?s={search_term_string}"},"query-input":{"@type":"PropertyValueSpecification","valueRequired":true,"valueName":"search_term_string"}}],"inLanguage":"es"},{"@type":"Person","@id":"https:\/\/valenciasjb.salesianos.edu\/colegio\/#\/schema\/person\/1f45b67e52b27da175190a574db6bed9","name":"veronicapastor","image":{"@type":"ImageObject","inLanguage":"es","@id":"https:\/\/secure.gravatar.com\/avatar\/e29bd40bace3fd935e1d6fdb7313ffc14628cc037c5e16f4c7369b20a2a6f7f0?s=96&d=mm&r=g","url":"https:\/\/secure.gravatar.com\/avatar\/e29bd40bace3fd935e1d6fdb7313ffc14628cc037c5e16f4c7369b20a2a6f7f0?s=96&d=mm&r=g","contentUrl":"https:\/\/secure.gravatar.com\/avatar\/e29bd40bace3fd935e1d6fdb7313ffc14628cc037c5e16f4c7369b20a2a6f7f0?s=96&d=mm&r=g","caption":"veronicapastor"}}]}},"_links":{"self":[{"href":"https:\/\/valenciasjb.salesianos.edu\/colegio\/wp-json\/wp\/v2\/posts\/15023","targetHints":{"allow":["GET"]}}],"collection":[{"href":"https:\/\/valenciasjb.salesianos.edu\/colegio\/wp-json\/wp\/v2\/posts"}],"about":[{"href":"https:\/\/valenciasjb.salesianos.edu\/colegio\/wp-json\/wp\/v2\/types\/post"}],"author":[{"embeddable":true,"href":"https:\/\/valenciasjb.salesianos.edu\/colegio\/wp-json\/wp\/v2\/users\/6"}],"replies":[{"embeddable":true,"href":"https:\/\/valenciasjb.salesianos.edu\/colegio\/wp-json\/wp\/v2\/comments?post=15023"}],"version-history":[{"count":7,"href":"https:\/\/valenciasjb.salesianos.edu\/colegio\/wp-json\/wp\/v2\/posts\/15023\/revisions"}],"predecessor-version":[{"id":15034,"href":"https:\/\/valenciasjb.salesianos.edu\/colegio\/wp-json\/wp\/v2\/posts\/15023\/revisions\/15034"}],"wp:featuredmedia":[{"embeddable":true,"href":"https:\/\/valenciasjb.salesianos.edu\/colegio\/wp-json\/wp\/v2\/media\/15027"}],"wp:attachment":[{"href":"https:\/\/valenciasjb.salesianos.edu\/colegio\/wp-json\/wp\/v2\/media?parent=15023"}],"wp:term":[{"taxonomy":"category","embeddable":true,"href":"https:\/\/valenciasjb.salesianos.edu\/colegio\/wp-json\/wp\/v2\/categories?post=15023"},{"taxonomy":"post_tag","embeddable":true,"href":"https:\/\/valenciasjb.salesianos.edu\/colegio\/wp-json\/wp\/v2\/tags?post=15023"}],"curies":[{"name":"wp","href":"https:\/\/api.w.org\/{rel}","templated":true}]}}