{"id":15038,"date":"2021-03-12T16:21:50","date_gmt":"2021-03-12T15:21:50","guid":{"rendered":"https:\/\/valenciasjb.salesianos.edu\/colegio\/?p=15038"},"modified":"2021-03-12T16:23:56","modified_gmt":"2021-03-12T15:23:56","slug":"fisat","status":"publish","type":"post","link":"https:\/\/valenciasjb.salesianos.edu\/colegio\/fisat\/","title":{"rendered":"Nando Navarro, director de Salesianos San Juan Bosco, ha charlado en FISAT Te cuenta con Cristina Mart\u00ednez, t\u00e9cnica de Voluntariado y Sensibilizaci\u00f3n de la Fundaci\u00f3n \u00c1ngel Tom\u00e1s- FISAT. Una bonita conversaci\u00f3n a trav\u00e9s de la cual conocemos un poco m\u00e1s de cerca el Centro de Atenci\u00f3n Diurna Entre Amics y al hogar de emancipaci\u00f3n Piso Ma\u00edn"},"content":{"rendered":"<div id=\"fb-root\"><\/div>\n<p>[et_pb_section fb_built=\u00bb1&#8243; admin_label=\u00bbsection\u00bb _builder_version=\u00bb3.22&#8243;][et_pb_row admin_label=\u00bbrow\u00bb _builder_version=\u00bb3.25&#8243; background_size=\u00bbinitial\u00bb background_position=\u00bbtop_left\u00bb background_repeat=\u00bbrepeat\u00bb][et_pb_column type=\u00bb4_4&#8243; _builder_version=\u00bb3.25&#8243; custom_padding=\u00bb|||\u00bb custom_padding__hover=\u00bb|||\u00bb][et_pb_text admin_label=\u00bbEntradilla (Texto)\u00bb _builder_version=\u00bb4.9.1&#8243; text_font=\u00bb|on|||\u00bb text_orientation=\u00bbjustified\u00bb module_alignment=\u00bbjustified\u00bb hover_enabled=\u00bb0&#8243; sticky_enabled=\u00bb0&#8243;]<\/p>\n<div id=\"resumen\">\n<p align=\"justify\"><span style=\"font-size: medium\"><b>Nando Navarro: \u201cComo familia salesiana tenemos el reto de cuidarnos a nosotros mismos para cuidar a tanta gente que viene a ponerse en nuestras manos\u201d<\/b><\/span><\/p>\n<\/div>\n<div>\u00a0<\/div>\n<p>[\/et_pb_text][et_pb_text admin_label=\u00bbAutor (Texto)\u00bb _builder_version=\u00bb4.9.1&#8243; text_font=\u00bb||on||\u00bb hover_enabled=\u00bb0&#8243; sticky_enabled=\u00bb0&#8243;]<\/p>\n<p>FISAT.<\/p>\n<p>[\/et_pb_text][et_pb_text admin_label=\u00bbDesarrollo (Texto)\u00bb _builder_version=\u00bb4.9.1&#8243; text_orientation=\u00bbjustified\u00bb module_alignment=\u00bbjustified\u00bb hover_enabled=\u00bb0&#8243; sticky_enabled=\u00bb0&#8243;]<\/p>\n<p align=\"justify\">Sin duda, los directores de las casas salesianas son excelentes embajadores de los proyectos sociales que se desarrollan en el ambiente plataformas.<\/p>\n<p align=\"justify\">Nando nos aporta tambi\u00e9n esa experiencia personal acompa\u00f1ando a los equipos educativos y a los ni\u00f1os, ni\u00f1as y j\u00f3venes de los recursos sociales de la casa salesiana. Y con \u00e9l tenemos la posibilidad de descubrir no s\u00f3lo un recurso al que poder apoyar, sino a las personas que hay en \u00e9l. Nos anima a formar parte de ello.<\/p>\n<p align=\"justify\">\u201cEl socio de FISAT tiene la suerte de poder sentirse parte de ese proceso\u201d. Acercarse al centro de d\u00eda y descubrir de qu\u00e9 vas a formar parte es el valor a\u00f1adido que te ofrece participar en los proyectos sociales de tu propia casa salesiana. La cercan\u00eda, la transparencia y la confianza de unos proyectos que siguen el legado de Don Bosco.<\/p>\n<p align=\"justify\"><b>Los proyectos sociales de Salesianos San Juan Bosco<\/b><\/p>\n<p align=\"justify\">El <b>centro de d\u00eda Entre Amics<\/b> surgi\u00f3 desde el voluntariado de los j\u00f3venes del centro juvenil, de \u201cgente con coraz\u00f3n salesiano en el barrio\u201d, explica Nando. Una muestra de la implicaci\u00f3n de las casas salesianas en la comunidad en la que se ubican. \u201cEl barrio de Na Rovella es de los m\u00e1s necesitados de Valencia y que podamos tener la casa salesiana en este barrio es para nosotros un orgullo porque pensamos que estamos donde tenemos que estar\u201d, apunta.<\/p>\n<p align=\"justify\">Del centro de d\u00eda y del proyecto de apoyo educativo Entre Amics, destaca el ambiente de familia. \u201cEs muy bonito por la alegr\u00eda de los chavales, se sienten en familia, en casa, es su casa\u201d; y la labor que se hace con las propias familias de los ni\u00f1os, ni\u00f1as y adolescentes que asisten. \u201cSe hace un proceso de acompa\u00f1amiento que es muy bonito porque esas familias se sienten apoyadas, tienen un lugar al que acudir, tienen a alguien que les est\u00e1 apoyando en algo tan importante para ellos como son sus hijos\u201d.<\/p>\n<p align=\"justify\">El <b>hogar de emancipaci\u00f3n Piso Ma\u00edn<\/b> acompa\u00f1a a j\u00f3venes extuteladas, que han cumplido la mayor\u00eda de edad para que puedan emanciparse y adquieran autonom\u00eda. Ha sido el primer piso de emancipaci\u00f3n para chicas de la Fundaci\u00f3n \u00c1ngel Tom\u00e1s-FISAT. \u201cEs muy bonito -cuenta Nando- porque cuando estoy con ellas descubro unas chicas muy valientes. Transmiten muchas ganas de vivir, de vivir de verdad. Pese a todas sus dificultades han decidido apostar por la vida. Son un ejemplo\u201d.<\/p>\n<p align=\"justify\">Una de las tareas de los salesianos de las casas es acompa\u00f1ar a los equipos educativos de los recursos sociales. Cuidar a los que cuidan es fundamental en el proceso, como luego reflexiona Nando.<\/p>\n<p align=\"justify\">\u201cLos educadores tanto del centro de d\u00eda como del piso son una pasada. La implicaci\u00f3n, el cari\u00f1o, el trabajo, el \u201cdonbosco\u201d que son para los chavales, esas ganas de crecer en identidad, de crecer ellos como personas para poder transmit\u00edrselo a los chavales. Hay una motivaci\u00f3n brutal.<\/p>\n<p align=\"justify\">Aqu\u00ed en la casa tenemos un gran regalo con los educadores sociales. Nos dan lecciones de amor y sobre todo de opci\u00f3n por lo m\u00e1s dif\u00edcil, por los chavales con m\u00e1s dificultades. Son un faro para el resto de educadores de la casa\u201d.<\/p>\n<p align=\"justify\">Salesianos San Juan Bosco es una casa solidaria. <b>\u00bfSe le puede pedir m\u00e1s a la Familia salesiana? \u00bfqu\u00e9 retos podemos plantearles y c\u00f3mo se les puede acompa\u00f1ar?<\/b><\/p>\n<p align=\"justify\">Tenemos un reto muy importante si queremos seguir siendo un referente en nuestro barrio en el cuidado de nuestros chavales. \u201cTenemos el reto de cuidarnos a nosotros mismos porque la situaci\u00f3n est\u00e1 siendo muy dif\u00edcil. Se impone una reflexi\u00f3n seria sobre c\u00f3mo podemos cuidarnos porque si no, no vamos a estar disponibles y las necesidades son muchas en estos momentos.<\/p>\n<p align=\"justify\">Si no aprendemos a cuidarnos no vamos a ser capaces de cuidar a las personas que vienen a ponerse en nuestras manos\u201d.<\/p>\n<h2 class=\"western\" align=\"justify\"><a name=\"_ia1x7hki73g3\"><\/a> <span style=\"color: #d23d42\"><span style=\"font-size: large\">\u00bfConoces los proyectos sociales de tu casa salesiana?<\/span><\/span><\/h2>\n<p align=\"justify\">Plataforma Social San Juan Bosco Valencia: <a href=\"https:\/\/valenciasjb.salesianos.edu\/social\/\"><span style=\"color: #1155cc\"><u>https:\/\/valenciasjb.salesianos.edu\/social\/<\/u><\/span><\/a><\/p>\n<p align=\"justify\"><span style=\"color: #415363\"><span style=\"font-size: small\">Hay muchas maneras de colaborar con los proyectos sociales de la Fundaci\u00f3n \u00c1ngel Tom\u00e1s- FISAT.<\/span><\/span><\/p>\n<p align=\"justify\"><span style=\"color: #415363\"><span style=\"font-size: small\">Desc\u00fabrelas<\/span><\/span> <span style=\"color: #415363\"><span style=\"font-size: small\">Entra en: <\/span><\/span><a href=\"https:\/\/www.fisat.es\/contigosomosmas\/\"><span style=\"color: #1155cc\"><span style=\"font-size: small\"><u>https:\/\/www.fisat.es\/contigosomosmas\/<\/u><\/span><\/span><\/a><\/p>\n<p align=\"justify\"><span style=\"color: #415363\"><span style=\"font-size: small\">FISAT te cuenta. Actividad para la promoci\u00f3n del voluntariado y el compromiso social. Desarrolla: Voluntariado y Sensibilizaci\u00f3n. Colabora la Conselleria de Igualdad y Pol\u00edticas Inclusivas a trav\u00e9s de la convocatoria del IRPF.<\/span><\/span><\/p>\n<p align=\"justify\">Enlaces:<\/p>\n<p align=\"justify\">Centro de d\u00eda Entre Amics: <a href=\"https:\/\/www.fisat.es\/centro-de-dia-entre-amics-valencia\/\"><span style=\"color: #1155cc\"><u>https:\/\/www.fisat.es\/centro-de-dia-entre-amics-valencia\/<\/u><\/span><\/a><\/p>\n<p align=\"justify\">PAE Entre Amics: <a href=\"https:\/\/www.fisat.es\/pae-entre-amics-valencia\/\"><span style=\"color: #1155cc\"><u>https:\/\/www.fisat.es\/pae-entre-amics-valencia\/<\/u><\/span><\/a><\/p>\n<p align=\"justify\">Piso Ma\u00edn: <a href=\"https:\/\/www.fisat.es\/piso-main\/\"><span style=\"color: #1155cc\"><u>https:\/\/www.fisat.es\/piso-main\/<\/u><\/span><\/a><\/p>\n<p>Entrevista en Instagram: <span style=\"color: #0000ff\"><u><a href=\"https:\/\/www.instagram.com\/tv\/CMPz0nUqmtg\/?utm_source=ig_web_copy_link\"><span style=\"font-family: Helvetica, serif\"><span style=\"font-size: small\"><span lang=\"es-ES\">https:\/\/www.instagram.com\/tv\/CMPz0nUqmtg\/?utm_source=ig_web_copy_link<\/span><\/span><\/span><\/a><\/u><\/span><\/p>\n<p>[\/et_pb_text][et_pb_text disabled_on=\u00bboff|on|on\u00bb admin_label=\u00bbT\u00edtulo: Galer\u00eda de fotos (Texto)\u00bb _builder_version=\u00bb3.27.4&#8243; text_font=\u00bb|on|||\u00bb text_text_color=\u00bb#dc001b\u00bb border_style=\u00bbsolid\u00bb]Galer\u00eda de im\u00e1genes[\/et_pb_text][et_pb_gallery gallery_ids=\u00bb15043&#8243; posts_number=\u00bb8&#8243; show_title_and_caption=\u00bboff\u00bb zoom_icon_color=\u00bb#dc001b\u00bb hover_icon=\u00bb%%51%%\u00bb disabled_on=\u00bboff|off|off\u00bb _builder_version=\u00bb4.9.1&#8243; hover_enabled=\u00bb0&#8243; pagination_font_size_tablet=\u00bb51&#8243; pagination_line_height_tablet=\u00bb2&#8243; sticky_enabled=\u00bb0&#8243;][\/et_pb_gallery][et_pb_video disabled_on=\u00bboff|off|off\u00bb _builder_version=\u00bb4.9.1&#8243; hover_enabled=\u00bb0&#8243; src=\u00bbhttps:\/\/youtu.be\/L8SDJf4IDoo\u00bb sticky_enabled=\u00bb0&#8243;][\/et_pb_video][\/et_pb_column][\/et_pb_row][\/et_pb_section]<\/p>\n<!-- AddThis Advanced Settings generic via filter on the_content --><!-- AddThis Share Buttons generic via filter on the_content -->","protected":false},"excerpt":{"rendered":"<p>Nando Navarro: \u201cComo familia salesiana tenemos el reto de cuidarnos a nosotros mismos para cuidar a tanta gente que viene a ponerse en nuestras manos\u201d \u00a0FISAT.Sin duda, los directores de las casas salesianas son excelentes embajadores de los proyectos sociales que se desarrollan en el ambiente plataformas. Nando nos aporta tambi\u00e9n esa experiencia personal acompa\u00f1ando [&hellip;]<\/p>\n<p><!-- AddThis Advanced Settings generic via filter on get_the_excerpt --><!-- AddThis Share Buttons generic via filter on get_the_excerpt --><\/p>\n","protected":false},"author":6,"featured_media":15043,"comment_status":"closed","ping_status":"open","sticky":false,"template":"","format":"standard","meta":{"_et_pb_use_builder":"on","_et_pb_old_content":"","_et_gb_content_width":"","footnotes":""},"categories":[14,27,41],"tags":[],"class_list":["post-15038","post","type-post","status-publish","format-standard","has-post-thumbnail","hentry","category-noticia_colegio","category-noticia_plataformas","category-noticiascentrodedia"],"yoast_head":"<!-- This site is optimized with the Yoast SEO plugin v28.3 - https:\/\/yoast.com\/product\/yoast-seo-wordpress\/ -->\n<title>Nando Navarro, director de Salesianos San Juan Bosco, ha charlado en FISAT Te cuenta con Cristina Mart\u00ednez, t\u00e9cnica de Voluntariado y Sensibilizaci\u00f3n de la Fundaci\u00f3n \u00c1ngel Tom\u00e1s- FISAT. Una bonita conversaci\u00f3n a trav\u00e9s de la cual conocemos un poco m\u00e1s de cerca el Centro de Atenci\u00f3n Diurna Entre Amics y al hogar de emancipaci\u00f3n Piso Ma\u00edn - Colegio San Juan Bosco Valencia<\/title>\n<meta name=\"robots\" content=\"index, follow, max-snippet:-1, max-image-preview:large, max-video-preview:-1\" \/>\n<link rel=\"canonical\" href=\"https:\/\/valenciasjb.salesianos.edu\/colegio\/fisat\/\" \/>\n<meta property=\"og:locale\" content=\"es_ES\" \/>\n<meta property=\"og:type\" content=\"article\" \/>\n<meta property=\"og:title\" content=\"Nando Navarro, director de Salesianos San Juan Bosco, ha charlado en FISAT Te cuenta con Cristina Mart\u00ednez, t\u00e9cnica de Voluntariado y Sensibilizaci\u00f3n de la Fundaci\u00f3n \u00c1ngel Tom\u00e1s- FISAT. Una bonita conversaci\u00f3n a trav\u00e9s de la cual conocemos un poco m\u00e1s de cerca el Centro de Atenci\u00f3n Diurna Entre Amics y al hogar de emancipaci\u00f3n Piso Ma\u00edn - Colegio San Juan Bosco Valencia\" \/>\n<meta property=\"og:description\" content=\"Nando Navarro: \u201cComo familia salesiana tenemos el reto de cuidarnos a nosotros mismos para cuidar a tanta gente que viene a ponerse en nuestras manos\u201d \u00a0FISAT.Sin duda, los directores de las casas salesianas son excelentes embajadores de los proyectos sociales que se desarrollan en el ambiente plataformas. Nando nos aporta tambi\u00e9n esa experiencia personal acompa\u00f1ando [&hellip;]\" \/>\n<meta property=\"og:url\" content=\"https:\/\/valenciasjb.salesianos.edu\/colegio\/fisat\/\" \/>\n<meta property=\"og:site_name\" content=\"Colegio San Juan Bosco Valencia\" \/>\n<meta property=\"article:publisher\" content=\"https:\/\/www.facebook.com\/ColegioSalesianoSanJuanBoscoValencia\" \/>\n<meta property=\"article:published_time\" content=\"2021-03-12T15:21:50+00:00\" \/>\n<meta property=\"article:modified_time\" content=\"2021-03-12T15:23:56+00:00\" \/>\n<meta property=\"og:image\" content=\"https:\/\/valenciasjb.salesianos.edu\/colegio\/wp-content\/uploads\/sites\/2\/2021\/03\/FISAT-te-cuenta.-SJBV.png\" \/>\n\t<meta property=\"og:image:width\" content=\"400\" \/>\n\t<meta property=\"og:image:height\" content=\"260\" \/>\n\t<meta property=\"og:image:type\" content=\"image\/png\" \/>\n<meta name=\"author\" content=\"veronicapastor\" \/>\n<meta name=\"twitter:card\" content=\"summary_large_image\" \/>\n<meta name=\"twitter:creator\" content=\"@SalesianosVSJB\" \/>\n<meta name=\"twitter:site\" content=\"@SalesianosVSJB\" \/>\n<meta name=\"twitter:label1\" content=\"Escrito por\" \/>\n\t<meta name=\"twitter:data1\" content=\"veronicapastor\" \/>\n\t<meta name=\"twitter:label2\" content=\"Tiempo de lectura\" \/>\n\t<meta name=\"twitter:data2\" content=\"5 minutos\" \/>\n<script type=\"application\/ld+json\" class=\"yoast-schema-graph\">{\"@context\":\"https:\\\/\\\/schema.org\",\"@graph\":[{\"@type\":\"Article\",\"@id\":\"https:\\\/\\\/valenciasjb.salesianos.edu\\\/colegio\\\/fisat\\\/#article\",\"isPartOf\":{\"@id\":\"https:\\\/\\\/valenciasjb.salesianos.edu\\\/colegio\\\/fisat\\\/\"},\"author\":{\"name\":\"veronicapastor\",\"@id\":\"https:\\\/\\\/valenciasjb.salesianos.edu\\\/colegio\\\/#\\\/schema\\\/person\\\/1f45b67e52b27da175190a574db6bed9\"},\"headline\":\"Nando Navarro, director de Salesianos San Juan Bosco, ha charlado en FISAT Te cuenta con Cristina Mart\u00ednez, t\u00e9cnica de Voluntariado y Sensibilizaci\u00f3n de la Fundaci\u00f3n \u00c1ngel Tom\u00e1s- FISAT. Una bonita conversaci\u00f3n a trav\u00e9s de la cual conocemos un poco m\u00e1s de cerca el Centro de Atenci\u00f3n Diurna Entre Amics y al hogar de emancipaci\u00f3n Piso Ma\u00edn\",\"datePublished\":\"2021-03-12T15:21:50+00:00\",\"dateModified\":\"2021-03-12T15:23:56+00:00\",\"mainEntityOfPage\":{\"@id\":\"https:\\\/\\\/valenciasjb.salesianos.edu\\\/colegio\\\/fisat\\\/\"},\"wordCount\":1109,\"image\":{\"@id\":\"https:\\\/\\\/valenciasjb.salesianos.edu\\\/colegio\\\/fisat\\\/#primaryimage\"},\"thumbnailUrl\":\"https:\\\/\\\/valenciasjb.salesianos.edu\\\/colegio\\\/wp-content\\\/uploads\\\/sites\\\/2\\\/2021\\\/03\\\/FISAT-te-cuenta.-SJBV.png\",\"articleSection\":[\"Noticia Colegio\",\"Noticia Plataformas sociales\",\"Noticias Centro de D\u00eda\"],\"inLanguage\":\"es\"},{\"@type\":\"WebPage\",\"@id\":\"https:\\\/\\\/valenciasjb.salesianos.edu\\\/colegio\\\/fisat\\\/\",\"url\":\"https:\\\/\\\/valenciasjb.salesianos.edu\\\/colegio\\\/fisat\\\/\",\"name\":\"Nando Navarro, director de Salesianos San Juan Bosco, ha charlado en FISAT Te cuenta con Cristina Mart\u00ednez, t\u00e9cnica de Voluntariado y Sensibilizaci\u00f3n de la Fundaci\u00f3n \u00c1ngel Tom\u00e1s- FISAT. Una bonita conversaci\u00f3n a trav\u00e9s de la cual conocemos un poco m\u00e1s de cerca el Centro de Atenci\u00f3n Diurna Entre Amics y al hogar de emancipaci\u00f3n Piso Ma\u00edn - Colegio San Juan Bosco Valencia\",\"isPartOf\":{\"@id\":\"https:\\\/\\\/valenciasjb.salesianos.edu\\\/colegio\\\/#website\"},\"primaryImageOfPage\":{\"@id\":\"https:\\\/\\\/valenciasjb.salesianos.edu\\\/colegio\\\/fisat\\\/#primaryimage\"},\"image\":{\"@id\":\"https:\\\/\\\/valenciasjb.salesianos.edu\\\/colegio\\\/fisat\\\/#primaryimage\"},\"thumbnailUrl\":\"https:\\\/\\\/valenciasjb.salesianos.edu\\\/colegio\\\/wp-content\\\/uploads\\\/sites\\\/2\\\/2021\\\/03\\\/FISAT-te-cuenta.-SJBV.png\",\"datePublished\":\"2021-03-12T15:21:50+00:00\",\"dateModified\":\"2021-03-12T15:23:56+00:00\",\"author\":{\"@id\":\"https:\\\/\\\/valenciasjb.salesianos.edu\\\/colegio\\\/#\\\/schema\\\/person\\\/1f45b67e52b27da175190a574db6bed9\"},\"breadcrumb\":{\"@id\":\"https:\\\/\\\/valenciasjb.salesianos.edu\\\/colegio\\\/fisat\\\/#breadcrumb\"},\"inLanguage\":\"es\",\"potentialAction\":[{\"@type\":\"ReadAction\",\"target\":[\"https:\\\/\\\/valenciasjb.salesianos.edu\\\/colegio\\\/fisat\\\/\"]}]},{\"@type\":\"ImageObject\",\"inLanguage\":\"es\",\"@id\":\"https:\\\/\\\/valenciasjb.salesianos.edu\\\/colegio\\\/fisat\\\/#primaryimage\",\"url\":\"https:\\\/\\\/valenciasjb.salesianos.edu\\\/colegio\\\/wp-content\\\/uploads\\\/sites\\\/2\\\/2021\\\/03\\\/FISAT-te-cuenta.-SJBV.png\",\"contentUrl\":\"https:\\\/\\\/valenciasjb.salesianos.edu\\\/colegio\\\/wp-content\\\/uploads\\\/sites\\\/2\\\/2021\\\/03\\\/FISAT-te-cuenta.-SJBV.png\",\"width\":400,\"height\":260},{\"@type\":\"BreadcrumbList\",\"@id\":\"https:\\\/\\\/valenciasjb.salesianos.edu\\\/colegio\\\/fisat\\\/#breadcrumb\",\"itemListElement\":[{\"@type\":\"ListItem\",\"position\":1,\"name\":\"Portada\",\"item\":\"https:\\\/\\\/valenciasjb.salesianos.edu\\\/colegio\\\/\"},{\"@type\":\"ListItem\",\"position\":2,\"name\":\"Nando Navarro, director de Salesianos San Juan Bosco, ha charlado en FISAT Te cuenta con Cristina Mart\u00ednez, t\u00e9cnica de Voluntariado y Sensibilizaci\u00f3n de la Fundaci\u00f3n \u00c1ngel Tom\u00e1s- FISAT. Una bonita conversaci\u00f3n a trav\u00e9s de la cual conocemos un poco m\u00e1s de cerca el Centro de Atenci\u00f3n Diurna Entre Amics y al hogar de emancipaci\u00f3n Piso Ma\u00edn\"}]},{\"@type\":\"WebSite\",\"@id\":\"https:\\\/\\\/valenciasjb.salesianos.edu\\\/colegio\\\/#website\",\"url\":\"https:\\\/\\\/valenciasjb.salesianos.edu\\\/colegio\\\/\",\"name\":\"Colegio San Juan Bosco Valencia\",\"description\":\"P\u00e1gina oficial del Colegio Salesianos San Juan Bosco Valencia\",\"alternateName\":\"Salesianos.VSJB\",\"potentialAction\":[{\"@type\":\"SearchAction\",\"target\":{\"@type\":\"EntryPoint\",\"urlTemplate\":\"https:\\\/\\\/valenciasjb.salesianos.edu\\\/colegio\\\/?s={search_term_string}\"},\"query-input\":{\"@type\":\"PropertyValueSpecification\",\"valueRequired\":true,\"valueName\":\"search_term_string\"}}],\"inLanguage\":\"es\"},{\"@type\":\"Person\",\"@id\":\"https:\\\/\\\/valenciasjb.salesianos.edu\\\/colegio\\\/#\\\/schema\\\/person\\\/1f45b67e52b27da175190a574db6bed9\",\"name\":\"veronicapastor\",\"image\":{\"@type\":\"ImageObject\",\"inLanguage\":\"es\",\"@id\":\"https:\\\/\\\/secure.gravatar.com\\\/avatar\\\/e29bd40bace3fd935e1d6fdb7313ffc14628cc037c5e16f4c7369b20a2a6f7f0?s=96&d=mm&r=g\",\"url\":\"https:\\\/\\\/secure.gravatar.com\\\/avatar\\\/e29bd40bace3fd935e1d6fdb7313ffc14628cc037c5e16f4c7369b20a2a6f7f0?s=96&d=mm&r=g\",\"contentUrl\":\"https:\\\/\\\/secure.gravatar.com\\\/avatar\\\/e29bd40bace3fd935e1d6fdb7313ffc14628cc037c5e16f4c7369b20a2a6f7f0?s=96&d=mm&r=g\",\"caption\":\"veronicapastor\"}}]}<\/script>\n<!-- \/ Yoast SEO plugin. -->","yoast_head_json":{"title":"Nando Navarro, director de Salesianos San Juan Bosco, ha charlado en FISAT Te cuenta con Cristina Mart\u00ednez, t\u00e9cnica de Voluntariado y Sensibilizaci\u00f3n de la Fundaci\u00f3n \u00c1ngel Tom\u00e1s- FISAT. Una bonita conversaci\u00f3n a trav\u00e9s de la cual conocemos un poco m\u00e1s de cerca el Centro de Atenci\u00f3n Diurna Entre Amics y al hogar de emancipaci\u00f3n Piso Ma\u00edn - Colegio San Juan Bosco Valencia","robots":{"index":"index","follow":"follow","max-snippet":"max-snippet:-1","max-image-preview":"max-image-preview:large","max-video-preview":"max-video-preview:-1"},"canonical":"https:\/\/valenciasjb.salesianos.edu\/colegio\/fisat\/","og_locale":"es_ES","og_type":"article","og_title":"Nando Navarro, director de Salesianos San Juan Bosco, ha charlado en FISAT Te cuenta con Cristina Mart\u00ednez, t\u00e9cnica de Voluntariado y Sensibilizaci\u00f3n de la Fundaci\u00f3n \u00c1ngel Tom\u00e1s- FISAT. Una bonita conversaci\u00f3n a trav\u00e9s de la cual conocemos un poco m\u00e1s de cerca el Centro de Atenci\u00f3n Diurna Entre Amics y al hogar de emancipaci\u00f3n Piso Ma\u00edn - Colegio San Juan Bosco Valencia","og_description":"Nando Navarro: \u201cComo familia salesiana tenemos el reto de cuidarnos a nosotros mismos para cuidar a tanta gente que viene a ponerse en nuestras manos\u201d \u00a0FISAT.Sin duda, los directores de las casas salesianas son excelentes embajadores de los proyectos sociales que se desarrollan en el ambiente plataformas. Nando nos aporta tambi\u00e9n esa experiencia personal acompa\u00f1ando [&hellip;]","og_url":"https:\/\/valenciasjb.salesianos.edu\/colegio\/fisat\/","og_site_name":"Colegio San Juan Bosco Valencia","article_publisher":"https:\/\/www.facebook.com\/ColegioSalesianoSanJuanBoscoValencia","article_published_time":"2021-03-12T15:21:50+00:00","article_modified_time":"2021-03-12T15:23:56+00:00","og_image":[{"width":400,"height":260,"url":"https:\/\/valenciasjb.salesianos.edu\/colegio\/wp-content\/uploads\/sites\/2\/2021\/03\/FISAT-te-cuenta.-SJBV.png","type":"image\/png"}],"author":"veronicapastor","twitter_card":"summary_large_image","twitter_creator":"@SalesianosVSJB","twitter_site":"@SalesianosVSJB","twitter_misc":{"Escrito por":"veronicapastor","Tiempo de lectura":"5 minutos"},"schema":{"@context":"https:\/\/schema.org","@graph":[{"@type":"Article","@id":"https:\/\/valenciasjb.salesianos.edu\/colegio\/fisat\/#article","isPartOf":{"@id":"https:\/\/valenciasjb.salesianos.edu\/colegio\/fisat\/"},"author":{"name":"veronicapastor","@id":"https:\/\/valenciasjb.salesianos.edu\/colegio\/#\/schema\/person\/1f45b67e52b27da175190a574db6bed9"},"headline":"Nando Navarro, director de Salesianos San Juan Bosco, ha charlado en FISAT Te cuenta con Cristina Mart\u00ednez, t\u00e9cnica de Voluntariado y Sensibilizaci\u00f3n de la Fundaci\u00f3n \u00c1ngel Tom\u00e1s- FISAT. Una bonita conversaci\u00f3n a trav\u00e9s de la cual conocemos un poco m\u00e1s de cerca el Centro de Atenci\u00f3n Diurna Entre Amics y al hogar de emancipaci\u00f3n Piso Ma\u00edn","datePublished":"2021-03-12T15:21:50+00:00","dateModified":"2021-03-12T15:23:56+00:00","mainEntityOfPage":{"@id":"https:\/\/valenciasjb.salesianos.edu\/colegio\/fisat\/"},"wordCount":1109,"image":{"@id":"https:\/\/valenciasjb.salesianos.edu\/colegio\/fisat\/#primaryimage"},"thumbnailUrl":"https:\/\/valenciasjb.salesianos.edu\/colegio\/wp-content\/uploads\/sites\/2\/2021\/03\/FISAT-te-cuenta.-SJBV.png","articleSection":["Noticia Colegio","Noticia Plataformas sociales","Noticias Centro de D\u00eda"],"inLanguage":"es"},{"@type":"WebPage","@id":"https:\/\/valenciasjb.salesianos.edu\/colegio\/fisat\/","url":"https:\/\/valenciasjb.salesianos.edu\/colegio\/fisat\/","name":"Nando Navarro, director de Salesianos San Juan Bosco, ha charlado en FISAT Te cuenta con Cristina Mart\u00ednez, t\u00e9cnica de Voluntariado y Sensibilizaci\u00f3n de la Fundaci\u00f3n \u00c1ngel Tom\u00e1s- FISAT. Una bonita conversaci\u00f3n a trav\u00e9s de la cual conocemos un poco m\u00e1s de cerca el Centro de Atenci\u00f3n Diurna Entre Amics y al hogar de emancipaci\u00f3n Piso Ma\u00edn - Colegio San Juan Bosco Valencia","isPartOf":{"@id":"https:\/\/valenciasjb.salesianos.edu\/colegio\/#website"},"primaryImageOfPage":{"@id":"https:\/\/valenciasjb.salesianos.edu\/colegio\/fisat\/#primaryimage"},"image":{"@id":"https:\/\/valenciasjb.salesianos.edu\/colegio\/fisat\/#primaryimage"},"thumbnailUrl":"https:\/\/valenciasjb.salesianos.edu\/colegio\/wp-content\/uploads\/sites\/2\/2021\/03\/FISAT-te-cuenta.-SJBV.png","datePublished":"2021-03-12T15:21:50+00:00","dateModified":"2021-03-12T15:23:56+00:00","author":{"@id":"https:\/\/valenciasjb.salesianos.edu\/colegio\/#\/schema\/person\/1f45b67e52b27da175190a574db6bed9"},"breadcrumb":{"@id":"https:\/\/valenciasjb.salesianos.edu\/colegio\/fisat\/#breadcrumb"},"inLanguage":"es","potentialAction":[{"@type":"ReadAction","target":["https:\/\/valenciasjb.salesianos.edu\/colegio\/fisat\/"]}]},{"@type":"ImageObject","inLanguage":"es","@id":"https:\/\/valenciasjb.salesianos.edu\/colegio\/fisat\/#primaryimage","url":"https:\/\/valenciasjb.salesianos.edu\/colegio\/wp-content\/uploads\/sites\/2\/2021\/03\/FISAT-te-cuenta.-SJBV.png","contentUrl":"https:\/\/valenciasjb.salesianos.edu\/colegio\/wp-content\/uploads\/sites\/2\/2021\/03\/FISAT-te-cuenta.-SJBV.png","width":400,"height":260},{"@type":"BreadcrumbList","@id":"https:\/\/valenciasjb.salesianos.edu\/colegio\/fisat\/#breadcrumb","itemListElement":[{"@type":"ListItem","position":1,"name":"Portada","item":"https:\/\/valenciasjb.salesianos.edu\/colegio\/"},{"@type":"ListItem","position":2,"name":"Nando Navarro, director de Salesianos San Juan Bosco, ha charlado en FISAT Te cuenta con Cristina Mart\u00ednez, t\u00e9cnica de Voluntariado y Sensibilizaci\u00f3n de la Fundaci\u00f3n \u00c1ngel Tom\u00e1s- FISAT. Una bonita conversaci\u00f3n a trav\u00e9s de la cual conocemos un poco m\u00e1s de cerca el Centro de Atenci\u00f3n Diurna Entre Amics y al hogar de emancipaci\u00f3n Piso Ma\u00edn"}]},{"@type":"WebSite","@id":"https:\/\/valenciasjb.salesianos.edu\/colegio\/#website","url":"https:\/\/valenciasjb.salesianos.edu\/colegio\/","name":"Colegio San Juan Bosco Valencia","description":"P\u00e1gina oficial del Colegio Salesianos San Juan Bosco Valencia","alternateName":"Salesianos.VSJB","potentialAction":[{"@type":"SearchAction","target":{"@type":"EntryPoint","urlTemplate":"https:\/\/valenciasjb.salesianos.edu\/colegio\/?s={search_term_string}"},"query-input":{"@type":"PropertyValueSpecification","valueRequired":true,"valueName":"search_term_string"}}],"inLanguage":"es"},{"@type":"Person","@id":"https:\/\/valenciasjb.salesianos.edu\/colegio\/#\/schema\/person\/1f45b67e52b27da175190a574db6bed9","name":"veronicapastor","image":{"@type":"ImageObject","inLanguage":"es","@id":"https:\/\/secure.gravatar.com\/avatar\/e29bd40bace3fd935e1d6fdb7313ffc14628cc037c5e16f4c7369b20a2a6f7f0?s=96&d=mm&r=g","url":"https:\/\/secure.gravatar.com\/avatar\/e29bd40bace3fd935e1d6fdb7313ffc14628cc037c5e16f4c7369b20a2a6f7f0?s=96&d=mm&r=g","contentUrl":"https:\/\/secure.gravatar.com\/avatar\/e29bd40bace3fd935e1d6fdb7313ffc14628cc037c5e16f4c7369b20a2a6f7f0?s=96&d=mm&r=g","caption":"veronicapastor"}}]}},"_links":{"self":[{"href":"https:\/\/valenciasjb.salesianos.edu\/colegio\/wp-json\/wp\/v2\/posts\/15038","targetHints":{"allow":["GET"]}}],"collection":[{"href":"https:\/\/valenciasjb.salesianos.edu\/colegio\/wp-json\/wp\/v2\/posts"}],"about":[{"href":"https:\/\/valenciasjb.salesianos.edu\/colegio\/wp-json\/wp\/v2\/types\/post"}],"author":[{"embeddable":true,"href":"https:\/\/valenciasjb.salesianos.edu\/colegio\/wp-json\/wp\/v2\/users\/6"}],"replies":[{"embeddable":true,"href":"https:\/\/valenciasjb.salesianos.edu\/colegio\/wp-json\/wp\/v2\/comments?post=15038"}],"version-history":[{"count":4,"href":"https:\/\/valenciasjb.salesianos.edu\/colegio\/wp-json\/wp\/v2\/posts\/15038\/revisions"}],"predecessor-version":[{"id":15047,"href":"https:\/\/valenciasjb.salesianos.edu\/colegio\/wp-json\/wp\/v2\/posts\/15038\/revisions\/15047"}],"wp:featuredmedia":[{"embeddable":true,"href":"https:\/\/valenciasjb.salesianos.edu\/colegio\/wp-json\/wp\/v2\/media\/15043"}],"wp:attachment":[{"href":"https:\/\/valenciasjb.salesianos.edu\/colegio\/wp-json\/wp\/v2\/media?parent=15038"}],"wp:term":[{"taxonomy":"category","embeddable":true,"href":"https:\/\/valenciasjb.salesianos.edu\/colegio\/wp-json\/wp\/v2\/categories?post=15038"},{"taxonomy":"post_tag","embeddable":true,"href":"https:\/\/valenciasjb.salesianos.edu\/colegio\/wp-json\/wp\/v2\/tags?post=15038"}],"curies":[{"name":"wp","href":"https:\/\/api.w.org\/{rel}","templated":true}]}}