{"id":15141,"date":"2021-03-26T16:12:43","date_gmt":"2021-03-26T15:12:43","guid":{"rendered":"https:\/\/valenciasjb.salesianos.edu\/colegio\/?p=15141"},"modified":"2021-03-26T16:12:47","modified_gmt":"2021-03-26T15:12:47","slug":"mejoras-para-el-barrio-y-los-alrededores-del-colegio-salesiano-salesiano-san-juan-bosco-de-valencia-en-la-prensa-suplemento-aula-del-periodico-levante","status":"publish","type":"post","link":"https:\/\/valenciasjb.salesianos.edu\/colegio\/mejoras-para-el-barrio-y-los-alrededores-del-colegio-salesiano-salesiano-san-juan-bosco-de-valencia-en-la-prensa-suplemento-aula-del-periodico-levante\/","title":{"rendered":"Mejoras para el barrio y los alrededores del Colegio Salesiano Salesiano San Juan Bosco de Valencia, en la prensa \u00abSuplemento AULA\u00bb del peri\u00f3dico Levante"},"content":{"rendered":"<div id=\"fb-root\"><\/div>\n<p>[et_pb_section fb_built=\u00bb1&#8243; admin_label=\u00bbsection\u00bb _builder_version=\u00bb3.22&#8243;][et_pb_row admin_label=\u00bbrow\u00bb _builder_version=\u00bb3.25&#8243; background_size=\u00bbinitial\u00bb background_position=\u00bbtop_left\u00bb background_repeat=\u00bbrepeat\u00bb][et_pb_column type=\u00bb4_4&#8243; _builder_version=\u00bb3.25&#8243; custom_padding=\u00bb|||\u00bb custom_padding__hover=\u00bb|||\u00bb][et_pb_text admin_label=\u00bbEntradilla (Texto)\u00bb _builder_version=\u00bb4.9.2&#8243; text_font=\u00bb|on|||\u00bb text_orientation=\u00bbjustified\u00bb module_alignment=\u00bbjustified\u00bb]<\/p>\n<div id=\"resumen\"><strong>\u00a0<\/strong><\/div>\n<div><b>El \u201cProyecto entorno seguro\u201d, propuesto por AMPAS en colaboraci\u00f3n con el Colegio, al Ayuntamiento de Valencia est\u00e1 mejorando los alrededores del colegio y el barrio.<\/b><\/div>\n<p>[\/et_pb_text][et_pb_text admin_label=\u00bbAutor (Texto)\u00bb _builder_version=\u00bb4.9.2&#8243; text_font=\u00bb||on||\u00bb]<\/p>\n<p>Redacci\u00f3n.<\/p>\n<p>[\/et_pb_text][et_pb_text admin_label=\u00bbDesarrollo (Texto)\u00bb _builder_version=\u00bb4.9.2&#8243; text_orientation=\u00bbjustified\u00bb module_alignment=\u00bbjustified\u00bb hover_enabled=\u00bb0&#8243; sticky_enabled=\u00bb0&#8243;]<\/p>\n<p dir=\"ltr\">De esta noticia se ha hecho eco el peri\u00f3dico Levante, en su suplemento escolar \u00abAULA\u00bb publicado esta semana, el mi\u00e9rcoles 24 de marzo de 2021.<\/p>\n<p dir=\"ltr\">Hace algunos meses nuestro AMPAS se reuni\u00f3 con el Ayuntamiento de Valencia y present\u00f3 en los distintos departamentos la iniciativa que llamaron \u201cProyecto entorno seguro\u201d.<\/p>\n<p dir=\"ltr\">En este proyecto se solicitaron mejoras en las infraestructuras y mantenimiento con el fin de mejorar la calidad, seguridad y salubridad del entorno m\u00e1s cercano de nuestro centro escolar. En estos meses ya se han atendido algunas peticiones como reparaci\u00f3n de aceras, revisi\u00f3n de limpieza en la zona, desratizaci\u00f3n, revisi\u00f3n de se\u00f1alizaci\u00f3n, etc.<\/p>\n<p dir=\"ltr\">Otra de las solicitudes fue la mejora en la seguridad vial en Avda. de la Plata y Fuente de San Luis y que tras reuni\u00f3n con Polic\u00eda Local est\u00e1 en estudio.<\/p>\n<p dir=\"ltr\">Una muestra m\u00e1s del trabajo impecable e incansable de nuestro AMPAS y una comunidad educativa unida, siempre con un objetivo com\u00fan, seguir mejorando la educaci\u00f3n de nuestro alumnado y transformar nuestro mundo, empezando por nuestro entorno m\u00e1s cercano, nuestro barrio.<\/p>\n<p>[\/et_pb_text][et_pb_text disabled_on=\u00bboff|on|on\u00bb admin_label=\u00bbT\u00edtulo: Galer\u00eda de fotos (Texto)\u00bb _builder_version=\u00bb3.27.4&#8243; text_font=\u00bb|on|||\u00bb text_text_color=\u00bb#dc001b\u00bb border_style=\u00bbsolid\u00bb]Galer\u00eda de im\u00e1genes[\/et_pb_text][et_pb_gallery gallery_ids=\u00bb15145&#8243; posts_number=\u00bb8&#8243; show_title_and_caption=\u00bboff\u00bb zoom_icon_color=\u00bb#dc001b\u00bb hover_icon=\u00bb%%51%%\u00bb disabled_on=\u00bboff|off|off\u00bb _builder_version=\u00bb4.9.2&#8243; hover_enabled=\u00bb0&#8243; pagination_font_size_tablet=\u00bb51&#8243; pagination_line_height_tablet=\u00bb2&#8243; sticky_enabled=\u00bb0&#8243;][\/et_pb_gallery][et_pb_video disabled_on=\u00bbon|on|on\u00bb _builder_version=\u00bb3.0.51&#8243; disabled=\u00bbon\u00bb][\/et_pb_video][\/et_pb_column][\/et_pb_row][\/et_pb_section]<\/p>\n<!-- AddThis Advanced Settings generic via filter on the_content --><!-- AddThis Share Buttons generic via filter on the_content -->","protected":false},"excerpt":{"rendered":"<p>\u00a0 El \u201cProyecto entorno seguro\u201d, propuesto por AMPAS en colaboraci\u00f3n con el Colegio, al Ayuntamiento de Valencia est\u00e1 mejorando los alrededores del colegio y el barrio.Redacci\u00f3n.De esta noticia se ha hecho eco el peri\u00f3dico Levante, en su suplemento escolar \u00abAULA\u00bb publicado esta semana, el mi\u00e9rcoles 24 de marzo de 2021. Hace algunos meses nuestro AMPAS [&hellip;]<\/p>\n<p><!-- AddThis Advanced Settings generic via filter on get_the_excerpt --><!-- AddThis Share Buttons generic via filter on get_the_excerpt --><\/p>\n","protected":false},"author":6,"featured_media":15145,"comment_status":"closed","ping_status":"open","sticky":false,"template":"","format":"standard","meta":{"_et_pb_use_builder":"on","_et_pb_old_content":"","_et_gb_content_width":"","footnotes":""},"categories":[14,32],"tags":[],"class_list":["post-15141","post","type-post","status-publish","format-standard","has-post-thumbnail","hentry","category-noticia_colegio","category-noticias-ampas"],"yoast_head":"<!-- This site is optimized with the Yoast SEO plugin v28.4 - https:\/\/yoast.com\/product\/yoast-seo-wordpress\/ -->\n<title>Mejoras para el barrio y los alrededores del Colegio Salesiano Salesiano San Juan Bosco de Valencia, en la prensa &quot;Suplemento AULA&quot; del peri\u00f3dico Levante - Colegio San Juan Bosco Valencia<\/title>\n<meta name=\"robots\" content=\"index, follow, max-snippet:-1, max-image-preview:large, max-video-preview:-1\" \/>\n<link rel=\"canonical\" href=\"https:\/\/valenciasjb.salesianos.edu\/colegio\/mejoras-para-el-barrio-y-los-alrededores-del-colegio-salesiano-salesiano-san-juan-bosco-de-valencia-en-la-prensa-suplemento-aula-del-periodico-levante\/\" \/>\n<meta property=\"og:locale\" content=\"es_ES\" \/>\n<meta property=\"og:type\" content=\"article\" \/>\n<meta property=\"og:title\" content=\"Mejoras para el barrio y los alrededores del Colegio Salesiano Salesiano San Juan Bosco de Valencia, en la prensa &quot;Suplemento AULA&quot; del peri\u00f3dico Levante - Colegio San Juan Bosco Valencia\" \/>\n<meta property=\"og:description\" content=\"\u00a0 El \u201cProyecto entorno seguro\u201d, propuesto por AMPAS en colaboraci\u00f3n con el Colegio, al Ayuntamiento de Valencia est\u00e1 mejorando los alrededores del colegio y el barrio.Redacci\u00f3n.De esta noticia se ha hecho eco el peri\u00f3dico Levante, en su suplemento escolar &quot;AULA&quot; publicado esta semana, el mi\u00e9rcoles 24 de marzo de 2021. Hace algunos meses nuestro AMPAS [&hellip;]\" \/>\n<meta property=\"og:url\" content=\"https:\/\/valenciasjb.salesianos.edu\/colegio\/mejoras-para-el-barrio-y-los-alrededores-del-colegio-salesiano-salesiano-san-juan-bosco-de-valencia-en-la-prensa-suplemento-aula-del-periodico-levante\/\" \/>\n<meta property=\"og:site_name\" content=\"Colegio San Juan Bosco Valencia\" \/>\n<meta property=\"article:publisher\" content=\"https:\/\/www.facebook.com\/ColegioSalesianoSanJuanBoscoValencia\" \/>\n<meta property=\"article:published_time\" content=\"2021-03-26T15:12:43+00:00\" \/>\n<meta property=\"article:modified_time\" content=\"2021-03-26T15:12:47+00:00\" \/>\n<meta property=\"og:image\" content=\"https:\/\/valenciasjb.salesianos.edu\/colegio\/wp-content\/uploads\/sites\/2\/2021\/03\/sketch-1616687027023.png\" \/>\n\t<meta property=\"og:image:width\" content=\"1080\" \/>\n\t<meta property=\"og:image:height\" content=\"1440\" \/>\n\t<meta property=\"og:image:type\" content=\"image\/png\" \/>\n<meta name=\"author\" content=\"veronicapastor\" \/>\n<meta name=\"twitter:card\" content=\"summary_large_image\" \/>\n<meta name=\"twitter:creator\" content=\"@SalesianosVSJB\" \/>\n<meta name=\"twitter:site\" content=\"@SalesianosVSJB\" \/>\n<meta name=\"twitter:label1\" content=\"Escrito por\" \/>\n\t<meta name=\"twitter:data1\" content=\"veronicapastor\" \/>\n\t<meta name=\"twitter:label2\" content=\"Tiempo de lectura\" \/>\n\t<meta name=\"twitter:data2\" content=\"2 minutos\" \/>\n<script type=\"application\/ld+json\" class=\"yoast-schema-graph\">{\"@context\":\"https:\\\/\\\/schema.org\",\"@graph\":[{\"@type\":\"Article\",\"@id\":\"https:\\\/\\\/valenciasjb.salesianos.edu\\\/colegio\\\/mejoras-para-el-barrio-y-los-alrededores-del-colegio-salesiano-salesiano-san-juan-bosco-de-valencia-en-la-prensa-suplemento-aula-del-periodico-levante\\\/#article\",\"isPartOf\":{\"@id\":\"https:\\\/\\\/valenciasjb.salesianos.edu\\\/colegio\\\/mejoras-para-el-barrio-y-los-alrededores-del-colegio-salesiano-salesiano-san-juan-bosco-de-valencia-en-la-prensa-suplemento-aula-del-periodico-levante\\\/\"},\"author\":{\"name\":\"veronicapastor\",\"@id\":\"https:\\\/\\\/valenciasjb.salesianos.edu\\\/colegio\\\/#\\\/schema\\\/person\\\/1f45b67e52b27da175190a574db6bed9\"},\"headline\":\"Mejoras para el barrio y los alrededores del Colegio Salesiano Salesiano San Juan Bosco de Valencia, en la prensa \u00abSuplemento AULA\u00bb del peri\u00f3dico Levante\",\"datePublished\":\"2021-03-26T15:12:43+00:00\",\"dateModified\":\"2021-03-26T15:12:47+00:00\",\"mainEntityOfPage\":{\"@id\":\"https:\\\/\\\/valenciasjb.salesianos.edu\\\/colegio\\\/mejoras-para-el-barrio-y-los-alrededores-del-colegio-salesiano-salesiano-san-juan-bosco-de-valencia-en-la-prensa-suplemento-aula-del-periodico-levante\\\/\"},\"wordCount\":440,\"image\":{\"@id\":\"https:\\\/\\\/valenciasjb.salesianos.edu\\\/colegio\\\/mejoras-para-el-barrio-y-los-alrededores-del-colegio-salesiano-salesiano-san-juan-bosco-de-valencia-en-la-prensa-suplemento-aula-del-periodico-levante\\\/#primaryimage\"},\"thumbnailUrl\":\"https:\\\/\\\/valenciasjb.salesianos.edu\\\/colegio\\\/wp-content\\\/uploads\\\/sites\\\/2\\\/2021\\\/03\\\/sketch-1616687027023.png\",\"articleSection\":[\"Noticia Colegio\",\"Noticias AMPAS\"],\"inLanguage\":\"es\"},{\"@type\":\"WebPage\",\"@id\":\"https:\\\/\\\/valenciasjb.salesianos.edu\\\/colegio\\\/mejoras-para-el-barrio-y-los-alrededores-del-colegio-salesiano-salesiano-san-juan-bosco-de-valencia-en-la-prensa-suplemento-aula-del-periodico-levante\\\/\",\"url\":\"https:\\\/\\\/valenciasjb.salesianos.edu\\\/colegio\\\/mejoras-para-el-barrio-y-los-alrededores-del-colegio-salesiano-salesiano-san-juan-bosco-de-valencia-en-la-prensa-suplemento-aula-del-periodico-levante\\\/\",\"name\":\"Mejoras para el barrio y los alrededores del Colegio Salesiano Salesiano San Juan Bosco de Valencia, en la prensa \\\"Suplemento AULA\\\" del peri\u00f3dico Levante - Colegio San Juan Bosco Valencia\",\"isPartOf\":{\"@id\":\"https:\\\/\\\/valenciasjb.salesianos.edu\\\/colegio\\\/#website\"},\"primaryImageOfPage\":{\"@id\":\"https:\\\/\\\/valenciasjb.salesianos.edu\\\/colegio\\\/mejoras-para-el-barrio-y-los-alrededores-del-colegio-salesiano-salesiano-san-juan-bosco-de-valencia-en-la-prensa-suplemento-aula-del-periodico-levante\\\/#primaryimage\"},\"image\":{\"@id\":\"https:\\\/\\\/valenciasjb.salesianos.edu\\\/colegio\\\/mejoras-para-el-barrio-y-los-alrededores-del-colegio-salesiano-salesiano-san-juan-bosco-de-valencia-en-la-prensa-suplemento-aula-del-periodico-levante\\\/#primaryimage\"},\"thumbnailUrl\":\"https:\\\/\\\/valenciasjb.salesianos.edu\\\/colegio\\\/wp-content\\\/uploads\\\/sites\\\/2\\\/2021\\\/03\\\/sketch-1616687027023.png\",\"datePublished\":\"2021-03-26T15:12:43+00:00\",\"dateModified\":\"2021-03-26T15:12:47+00:00\",\"author\":{\"@id\":\"https:\\\/\\\/valenciasjb.salesianos.edu\\\/colegio\\\/#\\\/schema\\\/person\\\/1f45b67e52b27da175190a574db6bed9\"},\"breadcrumb\":{\"@id\":\"https:\\\/\\\/valenciasjb.salesianos.edu\\\/colegio\\\/mejoras-para-el-barrio-y-los-alrededores-del-colegio-salesiano-salesiano-san-juan-bosco-de-valencia-en-la-prensa-suplemento-aula-del-periodico-levante\\\/#breadcrumb\"},\"inLanguage\":\"es\",\"potentialAction\":[{\"@type\":\"ReadAction\",\"target\":[\"https:\\\/\\\/valenciasjb.salesianos.edu\\\/colegio\\\/mejoras-para-el-barrio-y-los-alrededores-del-colegio-salesiano-salesiano-san-juan-bosco-de-valencia-en-la-prensa-suplemento-aula-del-periodico-levante\\\/\"]}]},{\"@type\":\"ImageObject\",\"inLanguage\":\"es\",\"@id\":\"https:\\\/\\\/valenciasjb.salesianos.edu\\\/colegio\\\/mejoras-para-el-barrio-y-los-alrededores-del-colegio-salesiano-salesiano-san-juan-bosco-de-valencia-en-la-prensa-suplemento-aula-del-periodico-levante\\\/#primaryimage\",\"url\":\"https:\\\/\\\/valenciasjb.salesianos.edu\\\/colegio\\\/wp-content\\\/uploads\\\/sites\\\/2\\\/2021\\\/03\\\/sketch-1616687027023.png\",\"contentUrl\":\"https:\\\/\\\/valenciasjb.salesianos.edu\\\/colegio\\\/wp-content\\\/uploads\\\/sites\\\/2\\\/2021\\\/03\\\/sketch-1616687027023.png\",\"width\":1080,\"height\":1440},{\"@type\":\"BreadcrumbList\",\"@id\":\"https:\\\/\\\/valenciasjb.salesianos.edu\\\/colegio\\\/mejoras-para-el-barrio-y-los-alrededores-del-colegio-salesiano-salesiano-san-juan-bosco-de-valencia-en-la-prensa-suplemento-aula-del-periodico-levante\\\/#breadcrumb\",\"itemListElement\":[{\"@type\":\"ListItem\",\"position\":1,\"name\":\"Portada\",\"item\":\"https:\\\/\\\/valenciasjb.salesianos.edu\\\/colegio\\\/\"},{\"@type\":\"ListItem\",\"position\":2,\"name\":\"Mejoras para el barrio y los alrededores del Colegio Salesiano Salesiano San Juan Bosco de Valencia, en la prensa \u00abSuplemento AULA\u00bb del peri\u00f3dico Levante\"}]},{\"@type\":\"WebSite\",\"@id\":\"https:\\\/\\\/valenciasjb.salesianos.edu\\\/colegio\\\/#website\",\"url\":\"https:\\\/\\\/valenciasjb.salesianos.edu\\\/colegio\\\/\",\"name\":\"Colegio San Juan Bosco Valencia\",\"description\":\"P\u00e1gina oficial del Colegio Salesianos San Juan Bosco Valencia\",\"alternateName\":\"Salesianos.VSJB\",\"potentialAction\":[{\"@type\":\"SearchAction\",\"target\":{\"@type\":\"EntryPoint\",\"urlTemplate\":\"https:\\\/\\\/valenciasjb.salesianos.edu\\\/colegio\\\/?s={search_term_string}\"},\"query-input\":{\"@type\":\"PropertyValueSpecification\",\"valueRequired\":true,\"valueName\":\"search_term_string\"}}],\"inLanguage\":\"es\"},{\"@type\":\"Person\",\"@id\":\"https:\\\/\\\/valenciasjb.salesianos.edu\\\/colegio\\\/#\\\/schema\\\/person\\\/1f45b67e52b27da175190a574db6bed9\",\"name\":\"veronicapastor\",\"image\":{\"@type\":\"ImageObject\",\"inLanguage\":\"es\",\"@id\":\"https:\\\/\\\/secure.gravatar.com\\\/avatar\\\/e29bd40bace3fd935e1d6fdb7313ffc14628cc037c5e16f4c7369b20a2a6f7f0?s=96&d=mm&r=g\",\"url\":\"https:\\\/\\\/secure.gravatar.com\\\/avatar\\\/e29bd40bace3fd935e1d6fdb7313ffc14628cc037c5e16f4c7369b20a2a6f7f0?s=96&d=mm&r=g\",\"contentUrl\":\"https:\\\/\\\/secure.gravatar.com\\\/avatar\\\/e29bd40bace3fd935e1d6fdb7313ffc14628cc037c5e16f4c7369b20a2a6f7f0?s=96&d=mm&r=g\",\"caption\":\"veronicapastor\"}}]}<\/script>\n<!-- \/ Yoast SEO plugin. -->","yoast_head_json":{"title":"Mejoras para el barrio y los alrededores del Colegio Salesiano Salesiano San Juan Bosco de Valencia, en la prensa \"Suplemento AULA\" del peri\u00f3dico Levante - Colegio San Juan Bosco Valencia","robots":{"index":"index","follow":"follow","max-snippet":"max-snippet:-1","max-image-preview":"max-image-preview:large","max-video-preview":"max-video-preview:-1"},"canonical":"https:\/\/valenciasjb.salesianos.edu\/colegio\/mejoras-para-el-barrio-y-los-alrededores-del-colegio-salesiano-salesiano-san-juan-bosco-de-valencia-en-la-prensa-suplemento-aula-del-periodico-levante\/","og_locale":"es_ES","og_type":"article","og_title":"Mejoras para el barrio y los alrededores del Colegio Salesiano Salesiano San Juan Bosco de Valencia, en la prensa \"Suplemento AULA\" del peri\u00f3dico Levante - Colegio San Juan Bosco Valencia","og_description":"\u00a0 El \u201cProyecto entorno seguro\u201d, propuesto por AMPAS en colaboraci\u00f3n con el Colegio, al Ayuntamiento de Valencia est\u00e1 mejorando los alrededores del colegio y el barrio.Redacci\u00f3n.De esta noticia se ha hecho eco el peri\u00f3dico Levante, en su suplemento escolar \"AULA\" publicado esta semana, el mi\u00e9rcoles 24 de marzo de 2021. Hace algunos meses nuestro AMPAS [&hellip;]","og_url":"https:\/\/valenciasjb.salesianos.edu\/colegio\/mejoras-para-el-barrio-y-los-alrededores-del-colegio-salesiano-salesiano-san-juan-bosco-de-valencia-en-la-prensa-suplemento-aula-del-periodico-levante\/","og_site_name":"Colegio San Juan Bosco Valencia","article_publisher":"https:\/\/www.facebook.com\/ColegioSalesianoSanJuanBoscoValencia","article_published_time":"2021-03-26T15:12:43+00:00","article_modified_time":"2021-03-26T15:12:47+00:00","og_image":[{"width":1080,"height":1440,"url":"https:\/\/valenciasjb.salesianos.edu\/colegio\/wp-content\/uploads\/sites\/2\/2021\/03\/sketch-1616687027023.png","type":"image\/png"}],"author":"veronicapastor","twitter_card":"summary_large_image","twitter_creator":"@SalesianosVSJB","twitter_site":"@SalesianosVSJB","twitter_misc":{"Escrito por":"veronicapastor","Tiempo de lectura":"2 minutos"},"schema":{"@context":"https:\/\/schema.org","@graph":[{"@type":"Article","@id":"https:\/\/valenciasjb.salesianos.edu\/colegio\/mejoras-para-el-barrio-y-los-alrededores-del-colegio-salesiano-salesiano-san-juan-bosco-de-valencia-en-la-prensa-suplemento-aula-del-periodico-levante\/#article","isPartOf":{"@id":"https:\/\/valenciasjb.salesianos.edu\/colegio\/mejoras-para-el-barrio-y-los-alrededores-del-colegio-salesiano-salesiano-san-juan-bosco-de-valencia-en-la-prensa-suplemento-aula-del-periodico-levante\/"},"author":{"name":"veronicapastor","@id":"https:\/\/valenciasjb.salesianos.edu\/colegio\/#\/schema\/person\/1f45b67e52b27da175190a574db6bed9"},"headline":"Mejoras para el barrio y los alrededores del Colegio Salesiano Salesiano San Juan Bosco de Valencia, en la prensa \u00abSuplemento AULA\u00bb del peri\u00f3dico Levante","datePublished":"2021-03-26T15:12:43+00:00","dateModified":"2021-03-26T15:12:47+00:00","mainEntityOfPage":{"@id":"https:\/\/valenciasjb.salesianos.edu\/colegio\/mejoras-para-el-barrio-y-los-alrededores-del-colegio-salesiano-salesiano-san-juan-bosco-de-valencia-en-la-prensa-suplemento-aula-del-periodico-levante\/"},"wordCount":440,"image":{"@id":"https:\/\/valenciasjb.salesianos.edu\/colegio\/mejoras-para-el-barrio-y-los-alrededores-del-colegio-salesiano-salesiano-san-juan-bosco-de-valencia-en-la-prensa-suplemento-aula-del-periodico-levante\/#primaryimage"},"thumbnailUrl":"https:\/\/valenciasjb.salesianos.edu\/colegio\/wp-content\/uploads\/sites\/2\/2021\/03\/sketch-1616687027023.png","articleSection":["Noticia Colegio","Noticias AMPAS"],"inLanguage":"es"},{"@type":"WebPage","@id":"https:\/\/valenciasjb.salesianos.edu\/colegio\/mejoras-para-el-barrio-y-los-alrededores-del-colegio-salesiano-salesiano-san-juan-bosco-de-valencia-en-la-prensa-suplemento-aula-del-periodico-levante\/","url":"https:\/\/valenciasjb.salesianos.edu\/colegio\/mejoras-para-el-barrio-y-los-alrededores-del-colegio-salesiano-salesiano-san-juan-bosco-de-valencia-en-la-prensa-suplemento-aula-del-periodico-levante\/","name":"Mejoras para el barrio y los alrededores del Colegio Salesiano Salesiano San Juan Bosco de Valencia, en la prensa \"Suplemento AULA\" del peri\u00f3dico Levante - Colegio San Juan Bosco Valencia","isPartOf":{"@id":"https:\/\/valenciasjb.salesianos.edu\/colegio\/#website"},"primaryImageOfPage":{"@id":"https:\/\/valenciasjb.salesianos.edu\/colegio\/mejoras-para-el-barrio-y-los-alrededores-del-colegio-salesiano-salesiano-san-juan-bosco-de-valencia-en-la-prensa-suplemento-aula-del-periodico-levante\/#primaryimage"},"image":{"@id":"https:\/\/valenciasjb.salesianos.edu\/colegio\/mejoras-para-el-barrio-y-los-alrededores-del-colegio-salesiano-salesiano-san-juan-bosco-de-valencia-en-la-prensa-suplemento-aula-del-periodico-levante\/#primaryimage"},"thumbnailUrl":"https:\/\/valenciasjb.salesianos.edu\/colegio\/wp-content\/uploads\/sites\/2\/2021\/03\/sketch-1616687027023.png","datePublished":"2021-03-26T15:12:43+00:00","dateModified":"2021-03-26T15:12:47+00:00","author":{"@id":"https:\/\/valenciasjb.salesianos.edu\/colegio\/#\/schema\/person\/1f45b67e52b27da175190a574db6bed9"},"breadcrumb":{"@id":"https:\/\/valenciasjb.salesianos.edu\/colegio\/mejoras-para-el-barrio-y-los-alrededores-del-colegio-salesiano-salesiano-san-juan-bosco-de-valencia-en-la-prensa-suplemento-aula-del-periodico-levante\/#breadcrumb"},"inLanguage":"es","potentialAction":[{"@type":"ReadAction","target":["https:\/\/valenciasjb.salesianos.edu\/colegio\/mejoras-para-el-barrio-y-los-alrededores-del-colegio-salesiano-salesiano-san-juan-bosco-de-valencia-en-la-prensa-suplemento-aula-del-periodico-levante\/"]}]},{"@type":"ImageObject","inLanguage":"es","@id":"https:\/\/valenciasjb.salesianos.edu\/colegio\/mejoras-para-el-barrio-y-los-alrededores-del-colegio-salesiano-salesiano-san-juan-bosco-de-valencia-en-la-prensa-suplemento-aula-del-periodico-levante\/#primaryimage","url":"https:\/\/valenciasjb.salesianos.edu\/colegio\/wp-content\/uploads\/sites\/2\/2021\/03\/sketch-1616687027023.png","contentUrl":"https:\/\/valenciasjb.salesianos.edu\/colegio\/wp-content\/uploads\/sites\/2\/2021\/03\/sketch-1616687027023.png","width":1080,"height":1440},{"@type":"BreadcrumbList","@id":"https:\/\/valenciasjb.salesianos.edu\/colegio\/mejoras-para-el-barrio-y-los-alrededores-del-colegio-salesiano-salesiano-san-juan-bosco-de-valencia-en-la-prensa-suplemento-aula-del-periodico-levante\/#breadcrumb","itemListElement":[{"@type":"ListItem","position":1,"name":"Portada","item":"https:\/\/valenciasjb.salesianos.edu\/colegio\/"},{"@type":"ListItem","position":2,"name":"Mejoras para el barrio y los alrededores del Colegio Salesiano Salesiano San Juan Bosco de Valencia, en la prensa \u00abSuplemento AULA\u00bb del peri\u00f3dico Levante"}]},{"@type":"WebSite","@id":"https:\/\/valenciasjb.salesianos.edu\/colegio\/#website","url":"https:\/\/valenciasjb.salesianos.edu\/colegio\/","name":"Colegio San Juan Bosco Valencia","description":"P\u00e1gina oficial del Colegio Salesianos San Juan Bosco Valencia","alternateName":"Salesianos.VSJB","potentialAction":[{"@type":"SearchAction","target":{"@type":"EntryPoint","urlTemplate":"https:\/\/valenciasjb.salesianos.edu\/colegio\/?s={search_term_string}"},"query-input":{"@type":"PropertyValueSpecification","valueRequired":true,"valueName":"search_term_string"}}],"inLanguage":"es"},{"@type":"Person","@id":"https:\/\/valenciasjb.salesianos.edu\/colegio\/#\/schema\/person\/1f45b67e52b27da175190a574db6bed9","name":"veronicapastor","image":{"@type":"ImageObject","inLanguage":"es","@id":"https:\/\/secure.gravatar.com\/avatar\/e29bd40bace3fd935e1d6fdb7313ffc14628cc037c5e16f4c7369b20a2a6f7f0?s=96&d=mm&r=g","url":"https:\/\/secure.gravatar.com\/avatar\/e29bd40bace3fd935e1d6fdb7313ffc14628cc037c5e16f4c7369b20a2a6f7f0?s=96&d=mm&r=g","contentUrl":"https:\/\/secure.gravatar.com\/avatar\/e29bd40bace3fd935e1d6fdb7313ffc14628cc037c5e16f4c7369b20a2a6f7f0?s=96&d=mm&r=g","caption":"veronicapastor"}}]}},"_links":{"self":[{"href":"https:\/\/valenciasjb.salesianos.edu\/colegio\/wp-json\/wp\/v2\/posts\/15141","targetHints":{"allow":["GET"]}}],"collection":[{"href":"https:\/\/valenciasjb.salesianos.edu\/colegio\/wp-json\/wp\/v2\/posts"}],"about":[{"href":"https:\/\/valenciasjb.salesianos.edu\/colegio\/wp-json\/wp\/v2\/types\/post"}],"author":[{"embeddable":true,"href":"https:\/\/valenciasjb.salesianos.edu\/colegio\/wp-json\/wp\/v2\/users\/6"}],"replies":[{"embeddable":true,"href":"https:\/\/valenciasjb.salesianos.edu\/colegio\/wp-json\/wp\/v2\/comments?post=15141"}],"version-history":[{"count":2,"href":"https:\/\/valenciasjb.salesianos.edu\/colegio\/wp-json\/wp\/v2\/posts\/15141\/revisions"}],"predecessor-version":[{"id":15146,"href":"https:\/\/valenciasjb.salesianos.edu\/colegio\/wp-json\/wp\/v2\/posts\/15141\/revisions\/15146"}],"wp:featuredmedia":[{"embeddable":true,"href":"https:\/\/valenciasjb.salesianos.edu\/colegio\/wp-json\/wp\/v2\/media\/15145"}],"wp:attachment":[{"href":"https:\/\/valenciasjb.salesianos.edu\/colegio\/wp-json\/wp\/v2\/media?parent=15141"}],"wp:term":[{"taxonomy":"category","embeddable":true,"href":"https:\/\/valenciasjb.salesianos.edu\/colegio\/wp-json\/wp\/v2\/categories?post=15141"},{"taxonomy":"post_tag","embeddable":true,"href":"https:\/\/valenciasjb.salesianos.edu\/colegio\/wp-json\/wp\/v2\/tags?post=15141"}],"curies":[{"name":"wp","href":"https:\/\/api.w.org\/{rel}","templated":true}]}}