{"id":15178,"date":"2021-03-29T18:24:52","date_gmt":"2021-03-29T17:24:52","guid":{"rendered":"https:\/\/valenciasjb.salesianos.edu\/colegio\/?p=15178"},"modified":"2021-06-03T21:47:54","modified_gmt":"2021-06-03T20:47:54","slug":"es-tiempo-de-literatura-en-el-colegio-salesianos-san-juan-bosco-de-valencia","status":"publish","type":"post","link":"https:\/\/valenciasjb.salesianos.edu\/colegio\/es-tiempo-de-literatura-en-el-colegio-salesianos-san-juan-bosco-de-valencia\/","title":{"rendered":"Es tiempo de literatura en el Colegio Salesianos San Juan Bosco de Valencia"},"content":{"rendered":"<div id=\"fb-root\"><\/div>\n<p>[et_pb_section fb_built=\u00bb1&#8243; admin_label=\u00bbsection\u00bb _builder_version=\u00bb3.22&#8243;][et_pb_row admin_label=\u00bbrow\u00bb _builder_version=\u00bb3.25&#8243; background_size=\u00bbinitial\u00bb background_position=\u00bbtop_left\u00bb background_repeat=\u00bbrepeat\u00bb][et_pb_column type=\u00bb4_4&#8243; _builder_version=\u00bb3.25&#8243; custom_padding=\u00bb|||\u00bb custom_padding__hover=\u00bb|||\u00bb][et_pb_text admin_label=\u00bbEntradilla (Texto)\u00bb _builder_version=\u00bb4.9.2&#8243; text_font=\u00bb|on|||\u00bb text_orientation=\u00bbjustified\u00bb module_alignment=\u00bbjustified\u00bb]<\/p>\n<div id=\"resumen\">\n<div dir=\"auto\"><b>El pasado domingo 21 de marzo fue el D\u00eda de la Poes\u00eda y el pr\u00f3ximo 23 de abril ser\u00e1 el D\u00eda del Libro. Para el Colegio Salesiano San Juan Bosco de Valencia ha comenzado un\u00a0<span class=\"il\">tiempo<\/span>\u00a0donde la literatura va a ser la protagonista. Dentro de su plan de pluriling\u00fcismo, este centro durante todo este\u00a0<span class=\"il\">tiempo<\/span>\u00a0va a promover el uso de las lenguas de una manera creativa.<\/b><\/div>\n<\/div>\n<div>\u00a0<\/div>\n<p>[\/et_pb_text][et_pb_text admin_label=\u00bbAutor (Texto)\u00bb _builder_version=\u00bb3.27.4&#8243; text_font=\u00bb||on||\u00bb]Redacci\u00f3n[\/et_pb_text][et_pb_text admin_label=\u00bbDesarrollo (Texto)\u00bb _builder_version=\u00bb4.9.4&#8243; text_orientation=\u00bbjustified\u00bb module_alignment=\u00bbjustified\u00bb hover_enabled=\u00bb0&#8243; sticky_enabled=\u00bb0&#8243;]<\/p>\n<div dir=\"auto\">Desde el Departamento de Lengua han creado el primer concurso de v\u00eddeo \u00abUna nueva historia\u00bb, cuyo lanzamiento ha emocionado a toda la comunidad educativa. Desde el Departament de Valenci\u00e0 ha vuelto, un a\u00f1o m\u00e1s, el concurso de poes\u00eda \u00abFrancesc Silvestre\u00bb, donde se fomenta el gusto por este arte tan particular que es la poes\u00eda. Ambos concursos patrocinados por AMPAS. Tambi\u00e9n desde el Departamento de Lenguas Extranjeras y dentro del plan lector digital, en colaboraci\u00f3n con la plataforma Milton Education, se ha promovido la redacci\u00f3n de relatos originales, cuyos ganadores tendr\u00e1n su propio libro digital y audio libro editados.<\/div>\n<div dir=\"auto\">\u00a0<\/div>\n<div dir=\"auto\">El Tratamiento Integrado de las Lenguas, dentro del Plan Ling\u00fc\u00edstico de Centro, ha sido siempre una m\u00e1xima en este Colegio salesiano, haci\u00e9ndolo de una manera innovadora, motivadora e inclusiva, en su af\u00e1n por inculcar en el alumnado el gusto por la lectura y una escritura transformadora, por un mundo m\u00e1s justo para todos y todas. Es por ello que nunca han cesado y hay una larga trayectoria en este tipo de iniciativas, incluso en\u00a0<span class=\"il\">tiempo<\/span>\u00a0de confinamiento, donde se potenciaron los actividades literarias como v\u00eda de escape y desarrollo de la imaginaci\u00f3n.<\/div>\n<div dir=\"auto\">\u00a0<\/div>\n<p>En definitiva, una manera de demostrar a los estudiantes el uso real y pr\u00e1ctico de dominar todas las lenguas, fomentando la educaci\u00f3n en valores en los j\u00f3venes y el gusto por la lectura y la escritura creativa.<\/p>\n<p>[\/et_pb_text][et_pb_text disabled_on=\u00bboff|on|on\u00bb admin_label=\u00bbT\u00edtulo: Galer\u00eda de fotos (Texto)\u00bb _builder_version=\u00bb3.27.4&#8243; text_font=\u00bb|on|||\u00bb text_text_color=\u00bb#dc001b\u00bb border_style=\u00bbsolid\u00bb]Galer\u00eda de im\u00e1genes[\/et_pb_text][et_pb_gallery gallery_ids=\u00bb15182&#8243; posts_number=\u00bb8&#8243; show_title_and_caption=\u00bboff\u00bb zoom_icon_color=\u00bb#dc001b\u00bb hover_icon=\u00bb%%51%%\u00bb disabled_on=\u00bboff|off|off\u00bb _builder_version=\u00bb4.9.2&#8243; pagination_font_size_tablet=\u00bb51&#8243; pagination_line_height_tablet=\u00bb2&#8243;][\/et_pb_gallery][et_pb_video src=\u00bbhttps:\/\/youtu.be\/AepP_ZbIffs\u00bb disabled_on=\u00bboff|off|off\u00bb _builder_version=\u00bb4.9.2&#8243;][\/et_pb_video][\/et_pb_column][\/et_pb_row][\/et_pb_section]<\/p>\n<!-- AddThis Advanced Settings generic via filter on the_content --><!-- AddThis Share Buttons generic via filter on the_content -->","protected":false},"excerpt":{"rendered":"<p>El pasado domingo 21 de marzo fue el D\u00eda de la Poes\u00eda y el pr\u00f3ximo 23 de abril ser\u00e1 el D\u00eda del Libro. Para el Colegio Salesiano San Juan Bosco de Valencia ha comenzado un\u00a0tiempo\u00a0donde la literatura va a ser la protagonista. Dentro de su plan de pluriling\u00fcismo, este centro durante todo este\u00a0tiempo\u00a0va a promover [&hellip;]<\/p>\n<p><!-- AddThis Advanced Settings generic via filter on get_the_excerpt --><!-- AddThis Share Buttons generic via filter on get_the_excerpt --><\/p>\n","protected":false},"author":6,"featured_media":15186,"comment_status":"closed","ping_status":"open","sticky":false,"template":"","format":"standard","meta":{"_et_pb_use_builder":"on","_et_pb_old_content":"","_et_gb_content_width":"","footnotes":""},"categories":[14],"tags":[],"class_list":["post-15178","post","type-post","status-publish","format-standard","has-post-thumbnail","hentry","category-noticia_colegio"],"yoast_head":"<!-- This site is optimized with the Yoast SEO plugin v28.4 - https:\/\/yoast.com\/product\/yoast-seo-wordpress\/ -->\n<title>Es tiempo de literatura en el Colegio Salesianos San Juan Bosco de Valencia - Colegio San Juan Bosco Valencia<\/title>\n<meta name=\"robots\" content=\"index, follow, max-snippet:-1, max-image-preview:large, max-video-preview:-1\" \/>\n<link rel=\"canonical\" href=\"https:\/\/valenciasjb.salesianos.edu\/colegio\/es-tiempo-de-literatura-en-el-colegio-salesianos-san-juan-bosco-de-valencia\/\" \/>\n<meta property=\"og:locale\" content=\"es_ES\" \/>\n<meta property=\"og:type\" content=\"article\" \/>\n<meta property=\"og:title\" content=\"Es tiempo de literatura en el Colegio Salesianos San Juan Bosco de Valencia - Colegio San Juan Bosco Valencia\" \/>\n<meta property=\"og:description\" content=\"El pasado domingo 21 de marzo fue el D\u00eda de la Poes\u00eda y el pr\u00f3ximo 23 de abril ser\u00e1 el D\u00eda del Libro. Para el Colegio Salesiano San Juan Bosco de Valencia ha comenzado un\u00a0tiempo\u00a0donde la literatura va a ser la protagonista. Dentro de su plan de pluriling\u00fcismo, este centro durante todo este\u00a0tiempo\u00a0va a promover [&hellip;]\" \/>\n<meta property=\"og:url\" content=\"https:\/\/valenciasjb.salesianos.edu\/colegio\/es-tiempo-de-literatura-en-el-colegio-salesianos-san-juan-bosco-de-valencia\/\" \/>\n<meta property=\"og:site_name\" content=\"Colegio San Juan Bosco Valencia\" \/>\n<meta property=\"article:publisher\" content=\"https:\/\/www.facebook.com\/ColegioSalesianoSanJuanBoscoValencia\" \/>\n<meta property=\"article:published_time\" content=\"2021-03-29T17:24:52+00:00\" \/>\n<meta property=\"article:modified_time\" content=\"2021-06-03T20:47:54+00:00\" \/>\n<meta property=\"og:image\" content=\"https:\/\/valenciasjb.salesianos.edu\/colegio\/wp-content\/uploads\/sites\/2\/2021\/03\/IMG-20210329-WA0047.jpg\" \/>\n\t<meta property=\"og:image:width\" content=\"1062\" \/>\n\t<meta property=\"og:image:height\" content=\"1406\" \/>\n\t<meta property=\"og:image:type\" content=\"image\/jpeg\" \/>\n<meta name=\"author\" content=\"veronicapastor\" \/>\n<meta name=\"twitter:card\" content=\"summary_large_image\" \/>\n<meta name=\"twitter:creator\" content=\"@SalesianosVSJB\" \/>\n<meta name=\"twitter:site\" content=\"@SalesianosVSJB\" \/>\n<meta name=\"twitter:label1\" content=\"Escrito por\" \/>\n\t<meta name=\"twitter:data1\" content=\"veronicapastor\" \/>\n\t<meta name=\"twitter:label2\" content=\"Tiempo de lectura\" \/>\n\t<meta name=\"twitter:data2\" content=\"3 minutos\" \/>\n<script type=\"application\/ld+json\" class=\"yoast-schema-graph\">{\"@context\":\"https:\\\/\\\/schema.org\",\"@graph\":[{\"@type\":\"Article\",\"@id\":\"https:\\\/\\\/valenciasjb.salesianos.edu\\\/colegio\\\/es-tiempo-de-literatura-en-el-colegio-salesianos-san-juan-bosco-de-valencia\\\/#article\",\"isPartOf\":{\"@id\":\"https:\\\/\\\/valenciasjb.salesianos.edu\\\/colegio\\\/es-tiempo-de-literatura-en-el-colegio-salesianos-san-juan-bosco-de-valencia\\\/\"},\"author\":{\"name\":\"veronicapastor\",\"@id\":\"https:\\\/\\\/valenciasjb.salesianos.edu\\\/colegio\\\/#\\\/schema\\\/person\\\/1f45b67e52b27da175190a574db6bed9\"},\"headline\":\"Es tiempo de literatura en el Colegio Salesianos San Juan Bosco de Valencia\",\"datePublished\":\"2021-03-29T17:24:52+00:00\",\"dateModified\":\"2021-06-03T20:47:54+00:00\",\"mainEntityOfPage\":{\"@id\":\"https:\\\/\\\/valenciasjb.salesianos.edu\\\/colegio\\\/es-tiempo-de-literatura-en-el-colegio-salesianos-san-juan-bosco-de-valencia\\\/\"},\"wordCount\":532,\"image\":{\"@id\":\"https:\\\/\\\/valenciasjb.salesianos.edu\\\/colegio\\\/es-tiempo-de-literatura-en-el-colegio-salesianos-san-juan-bosco-de-valencia\\\/#primaryimage\"},\"thumbnailUrl\":\"https:\\\/\\\/valenciasjb.salesianos.edu\\\/colegio\\\/wp-content\\\/uploads\\\/sites\\\/2\\\/2021\\\/03\\\/IMG-20210329-WA0047.jpg\",\"articleSection\":[\"Noticia Colegio\"],\"inLanguage\":\"es\"},{\"@type\":\"WebPage\",\"@id\":\"https:\\\/\\\/valenciasjb.salesianos.edu\\\/colegio\\\/es-tiempo-de-literatura-en-el-colegio-salesianos-san-juan-bosco-de-valencia\\\/\",\"url\":\"https:\\\/\\\/valenciasjb.salesianos.edu\\\/colegio\\\/es-tiempo-de-literatura-en-el-colegio-salesianos-san-juan-bosco-de-valencia\\\/\",\"name\":\"Es tiempo de literatura en el Colegio Salesianos San Juan Bosco de Valencia - Colegio San Juan Bosco Valencia\",\"isPartOf\":{\"@id\":\"https:\\\/\\\/valenciasjb.salesianos.edu\\\/colegio\\\/#website\"},\"primaryImageOfPage\":{\"@id\":\"https:\\\/\\\/valenciasjb.salesianos.edu\\\/colegio\\\/es-tiempo-de-literatura-en-el-colegio-salesianos-san-juan-bosco-de-valencia\\\/#primaryimage\"},\"image\":{\"@id\":\"https:\\\/\\\/valenciasjb.salesianos.edu\\\/colegio\\\/es-tiempo-de-literatura-en-el-colegio-salesianos-san-juan-bosco-de-valencia\\\/#primaryimage\"},\"thumbnailUrl\":\"https:\\\/\\\/valenciasjb.salesianos.edu\\\/colegio\\\/wp-content\\\/uploads\\\/sites\\\/2\\\/2021\\\/03\\\/IMG-20210329-WA0047.jpg\",\"datePublished\":\"2021-03-29T17:24:52+00:00\",\"dateModified\":\"2021-06-03T20:47:54+00:00\",\"author\":{\"@id\":\"https:\\\/\\\/valenciasjb.salesianos.edu\\\/colegio\\\/#\\\/schema\\\/person\\\/1f45b67e52b27da175190a574db6bed9\"},\"breadcrumb\":{\"@id\":\"https:\\\/\\\/valenciasjb.salesianos.edu\\\/colegio\\\/es-tiempo-de-literatura-en-el-colegio-salesianos-san-juan-bosco-de-valencia\\\/#breadcrumb\"},\"inLanguage\":\"es\",\"potentialAction\":[{\"@type\":\"ReadAction\",\"target\":[\"https:\\\/\\\/valenciasjb.salesianos.edu\\\/colegio\\\/es-tiempo-de-literatura-en-el-colegio-salesianos-san-juan-bosco-de-valencia\\\/\"]}]},{\"@type\":\"ImageObject\",\"inLanguage\":\"es\",\"@id\":\"https:\\\/\\\/valenciasjb.salesianos.edu\\\/colegio\\\/es-tiempo-de-literatura-en-el-colegio-salesianos-san-juan-bosco-de-valencia\\\/#primaryimage\",\"url\":\"https:\\\/\\\/valenciasjb.salesianos.edu\\\/colegio\\\/wp-content\\\/uploads\\\/sites\\\/2\\\/2021\\\/03\\\/IMG-20210329-WA0047.jpg\",\"contentUrl\":\"https:\\\/\\\/valenciasjb.salesianos.edu\\\/colegio\\\/wp-content\\\/uploads\\\/sites\\\/2\\\/2021\\\/03\\\/IMG-20210329-WA0047.jpg\",\"width\":1062,\"height\":1406},{\"@type\":\"BreadcrumbList\",\"@id\":\"https:\\\/\\\/valenciasjb.salesianos.edu\\\/colegio\\\/es-tiempo-de-literatura-en-el-colegio-salesianos-san-juan-bosco-de-valencia\\\/#breadcrumb\",\"itemListElement\":[{\"@type\":\"ListItem\",\"position\":1,\"name\":\"Portada\",\"item\":\"https:\\\/\\\/valenciasjb.salesianos.edu\\\/colegio\\\/\"},{\"@type\":\"ListItem\",\"position\":2,\"name\":\"Es tiempo de literatura en el Colegio Salesianos San Juan Bosco de Valencia\"}]},{\"@type\":\"WebSite\",\"@id\":\"https:\\\/\\\/valenciasjb.salesianos.edu\\\/colegio\\\/#website\",\"url\":\"https:\\\/\\\/valenciasjb.salesianos.edu\\\/colegio\\\/\",\"name\":\"Colegio San Juan Bosco Valencia\",\"description\":\"P\u00e1gina oficial del Colegio Salesianos San Juan Bosco Valencia\",\"alternateName\":\"Salesianos.VSJB\",\"potentialAction\":[{\"@type\":\"SearchAction\",\"target\":{\"@type\":\"EntryPoint\",\"urlTemplate\":\"https:\\\/\\\/valenciasjb.salesianos.edu\\\/colegio\\\/?s={search_term_string}\"},\"query-input\":{\"@type\":\"PropertyValueSpecification\",\"valueRequired\":true,\"valueName\":\"search_term_string\"}}],\"inLanguage\":\"es\"},{\"@type\":\"Person\",\"@id\":\"https:\\\/\\\/valenciasjb.salesianos.edu\\\/colegio\\\/#\\\/schema\\\/person\\\/1f45b67e52b27da175190a574db6bed9\",\"name\":\"veronicapastor\",\"image\":{\"@type\":\"ImageObject\",\"inLanguage\":\"es\",\"@id\":\"https:\\\/\\\/secure.gravatar.com\\\/avatar\\\/e29bd40bace3fd935e1d6fdb7313ffc14628cc037c5e16f4c7369b20a2a6f7f0?s=96&d=mm&r=g\",\"url\":\"https:\\\/\\\/secure.gravatar.com\\\/avatar\\\/e29bd40bace3fd935e1d6fdb7313ffc14628cc037c5e16f4c7369b20a2a6f7f0?s=96&d=mm&r=g\",\"contentUrl\":\"https:\\\/\\\/secure.gravatar.com\\\/avatar\\\/e29bd40bace3fd935e1d6fdb7313ffc14628cc037c5e16f4c7369b20a2a6f7f0?s=96&d=mm&r=g\",\"caption\":\"veronicapastor\"}}]}<\/script>\n<!-- \/ Yoast SEO plugin. -->","yoast_head_json":{"title":"Es tiempo de literatura en el Colegio Salesianos San Juan Bosco de Valencia - Colegio San Juan Bosco Valencia","robots":{"index":"index","follow":"follow","max-snippet":"max-snippet:-1","max-image-preview":"max-image-preview:large","max-video-preview":"max-video-preview:-1"},"canonical":"https:\/\/valenciasjb.salesianos.edu\/colegio\/es-tiempo-de-literatura-en-el-colegio-salesianos-san-juan-bosco-de-valencia\/","og_locale":"es_ES","og_type":"article","og_title":"Es tiempo de literatura en el Colegio Salesianos San Juan Bosco de Valencia - Colegio San Juan Bosco Valencia","og_description":"El pasado domingo 21 de marzo fue el D\u00eda de la Poes\u00eda y el pr\u00f3ximo 23 de abril ser\u00e1 el D\u00eda del Libro. Para el Colegio Salesiano San Juan Bosco de Valencia ha comenzado un\u00a0tiempo\u00a0donde la literatura va a ser la protagonista. Dentro de su plan de pluriling\u00fcismo, este centro durante todo este\u00a0tiempo\u00a0va a promover [&hellip;]","og_url":"https:\/\/valenciasjb.salesianos.edu\/colegio\/es-tiempo-de-literatura-en-el-colegio-salesianos-san-juan-bosco-de-valencia\/","og_site_name":"Colegio San Juan Bosco Valencia","article_publisher":"https:\/\/www.facebook.com\/ColegioSalesianoSanJuanBoscoValencia","article_published_time":"2021-03-29T17:24:52+00:00","article_modified_time":"2021-06-03T20:47:54+00:00","og_image":[{"width":1062,"height":1406,"url":"https:\/\/valenciasjb.salesianos.edu\/colegio\/wp-content\/uploads\/sites\/2\/2021\/03\/IMG-20210329-WA0047.jpg","type":"image\/jpeg"}],"author":"veronicapastor","twitter_card":"summary_large_image","twitter_creator":"@SalesianosVSJB","twitter_site":"@SalesianosVSJB","twitter_misc":{"Escrito por":"veronicapastor","Tiempo de lectura":"3 minutos"},"schema":{"@context":"https:\/\/schema.org","@graph":[{"@type":"Article","@id":"https:\/\/valenciasjb.salesianos.edu\/colegio\/es-tiempo-de-literatura-en-el-colegio-salesianos-san-juan-bosco-de-valencia\/#article","isPartOf":{"@id":"https:\/\/valenciasjb.salesianos.edu\/colegio\/es-tiempo-de-literatura-en-el-colegio-salesianos-san-juan-bosco-de-valencia\/"},"author":{"name":"veronicapastor","@id":"https:\/\/valenciasjb.salesianos.edu\/colegio\/#\/schema\/person\/1f45b67e52b27da175190a574db6bed9"},"headline":"Es tiempo de literatura en el Colegio Salesianos San Juan Bosco de Valencia","datePublished":"2021-03-29T17:24:52+00:00","dateModified":"2021-06-03T20:47:54+00:00","mainEntityOfPage":{"@id":"https:\/\/valenciasjb.salesianos.edu\/colegio\/es-tiempo-de-literatura-en-el-colegio-salesianos-san-juan-bosco-de-valencia\/"},"wordCount":532,"image":{"@id":"https:\/\/valenciasjb.salesianos.edu\/colegio\/es-tiempo-de-literatura-en-el-colegio-salesianos-san-juan-bosco-de-valencia\/#primaryimage"},"thumbnailUrl":"https:\/\/valenciasjb.salesianos.edu\/colegio\/wp-content\/uploads\/sites\/2\/2021\/03\/IMG-20210329-WA0047.jpg","articleSection":["Noticia Colegio"],"inLanguage":"es"},{"@type":"WebPage","@id":"https:\/\/valenciasjb.salesianos.edu\/colegio\/es-tiempo-de-literatura-en-el-colegio-salesianos-san-juan-bosco-de-valencia\/","url":"https:\/\/valenciasjb.salesianos.edu\/colegio\/es-tiempo-de-literatura-en-el-colegio-salesianos-san-juan-bosco-de-valencia\/","name":"Es tiempo de literatura en el Colegio Salesianos San Juan Bosco de Valencia - Colegio San Juan Bosco Valencia","isPartOf":{"@id":"https:\/\/valenciasjb.salesianos.edu\/colegio\/#website"},"primaryImageOfPage":{"@id":"https:\/\/valenciasjb.salesianos.edu\/colegio\/es-tiempo-de-literatura-en-el-colegio-salesianos-san-juan-bosco-de-valencia\/#primaryimage"},"image":{"@id":"https:\/\/valenciasjb.salesianos.edu\/colegio\/es-tiempo-de-literatura-en-el-colegio-salesianos-san-juan-bosco-de-valencia\/#primaryimage"},"thumbnailUrl":"https:\/\/valenciasjb.salesianos.edu\/colegio\/wp-content\/uploads\/sites\/2\/2021\/03\/IMG-20210329-WA0047.jpg","datePublished":"2021-03-29T17:24:52+00:00","dateModified":"2021-06-03T20:47:54+00:00","author":{"@id":"https:\/\/valenciasjb.salesianos.edu\/colegio\/#\/schema\/person\/1f45b67e52b27da175190a574db6bed9"},"breadcrumb":{"@id":"https:\/\/valenciasjb.salesianos.edu\/colegio\/es-tiempo-de-literatura-en-el-colegio-salesianos-san-juan-bosco-de-valencia\/#breadcrumb"},"inLanguage":"es","potentialAction":[{"@type":"ReadAction","target":["https:\/\/valenciasjb.salesianos.edu\/colegio\/es-tiempo-de-literatura-en-el-colegio-salesianos-san-juan-bosco-de-valencia\/"]}]},{"@type":"ImageObject","inLanguage":"es","@id":"https:\/\/valenciasjb.salesianos.edu\/colegio\/es-tiempo-de-literatura-en-el-colegio-salesianos-san-juan-bosco-de-valencia\/#primaryimage","url":"https:\/\/valenciasjb.salesianos.edu\/colegio\/wp-content\/uploads\/sites\/2\/2021\/03\/IMG-20210329-WA0047.jpg","contentUrl":"https:\/\/valenciasjb.salesianos.edu\/colegio\/wp-content\/uploads\/sites\/2\/2021\/03\/IMG-20210329-WA0047.jpg","width":1062,"height":1406},{"@type":"BreadcrumbList","@id":"https:\/\/valenciasjb.salesianos.edu\/colegio\/es-tiempo-de-literatura-en-el-colegio-salesianos-san-juan-bosco-de-valencia\/#breadcrumb","itemListElement":[{"@type":"ListItem","position":1,"name":"Portada","item":"https:\/\/valenciasjb.salesianos.edu\/colegio\/"},{"@type":"ListItem","position":2,"name":"Es tiempo de literatura en el Colegio Salesianos San Juan Bosco de Valencia"}]},{"@type":"WebSite","@id":"https:\/\/valenciasjb.salesianos.edu\/colegio\/#website","url":"https:\/\/valenciasjb.salesianos.edu\/colegio\/","name":"Colegio San Juan Bosco Valencia","description":"P\u00e1gina oficial del Colegio Salesianos San Juan Bosco Valencia","alternateName":"Salesianos.VSJB","potentialAction":[{"@type":"SearchAction","target":{"@type":"EntryPoint","urlTemplate":"https:\/\/valenciasjb.salesianos.edu\/colegio\/?s={search_term_string}"},"query-input":{"@type":"PropertyValueSpecification","valueRequired":true,"valueName":"search_term_string"}}],"inLanguage":"es"},{"@type":"Person","@id":"https:\/\/valenciasjb.salesianos.edu\/colegio\/#\/schema\/person\/1f45b67e52b27da175190a574db6bed9","name":"veronicapastor","image":{"@type":"ImageObject","inLanguage":"es","@id":"https:\/\/secure.gravatar.com\/avatar\/e29bd40bace3fd935e1d6fdb7313ffc14628cc037c5e16f4c7369b20a2a6f7f0?s=96&d=mm&r=g","url":"https:\/\/secure.gravatar.com\/avatar\/e29bd40bace3fd935e1d6fdb7313ffc14628cc037c5e16f4c7369b20a2a6f7f0?s=96&d=mm&r=g","contentUrl":"https:\/\/secure.gravatar.com\/avatar\/e29bd40bace3fd935e1d6fdb7313ffc14628cc037c5e16f4c7369b20a2a6f7f0?s=96&d=mm&r=g","caption":"veronicapastor"}}]}},"_links":{"self":[{"href":"https:\/\/valenciasjb.salesianos.edu\/colegio\/wp-json\/wp\/v2\/posts\/15178","targetHints":{"allow":["GET"]}}],"collection":[{"href":"https:\/\/valenciasjb.salesianos.edu\/colegio\/wp-json\/wp\/v2\/posts"}],"about":[{"href":"https:\/\/valenciasjb.salesianos.edu\/colegio\/wp-json\/wp\/v2\/types\/post"}],"author":[{"embeddable":true,"href":"https:\/\/valenciasjb.salesianos.edu\/colegio\/wp-json\/wp\/v2\/users\/6"}],"replies":[{"embeddable":true,"href":"https:\/\/valenciasjb.salesianos.edu\/colegio\/wp-json\/wp\/v2\/comments?post=15178"}],"version-history":[{"count":4,"href":"https:\/\/valenciasjb.salesianos.edu\/colegio\/wp-json\/wp\/v2\/posts\/15178\/revisions"}],"predecessor-version":[{"id":15559,"href":"https:\/\/valenciasjb.salesianos.edu\/colegio\/wp-json\/wp\/v2\/posts\/15178\/revisions\/15559"}],"wp:featuredmedia":[{"embeddable":true,"href":"https:\/\/valenciasjb.salesianos.edu\/colegio\/wp-json\/wp\/v2\/media\/15186"}],"wp:attachment":[{"href":"https:\/\/valenciasjb.salesianos.edu\/colegio\/wp-json\/wp\/v2\/media?parent=15178"}],"wp:term":[{"taxonomy":"category","embeddable":true,"href":"https:\/\/valenciasjb.salesianos.edu\/colegio\/wp-json\/wp\/v2\/categories?post=15178"},{"taxonomy":"post_tag","embeddable":true,"href":"https:\/\/valenciasjb.salesianos.edu\/colegio\/wp-json\/wp\/v2\/tags?post=15178"}],"curies":[{"name":"wp","href":"https:\/\/api.w.org\/{rel}","templated":true}]}}