{"id":15248,"date":"2021-04-15T12:16:52","date_gmt":"2021-04-15T11:16:52","guid":{"rendered":"https:\/\/valenciasjb.salesianos.edu\/colegio\/?p=15248"},"modified":"2021-04-15T12:16:55","modified_gmt":"2021-04-15T11:16:55","slug":"un-sueno-hecho-realidad-escalando-hacia-las-nubes","status":"publish","type":"post","link":"https:\/\/valenciasjb.salesianos.edu\/colegio\/un-sueno-hecho-realidad-escalando-hacia-las-nubes\/","title":{"rendered":"UN SUE\u00d1O HECHO REALIDAD: ESCALANDO HACIA LAS NUBES"},"content":{"rendered":"<div id=\"fb-root\"><\/div>\n<p>[et_pb_section fb_built=\u00bb1&#8243; admin_label=\u00bbsection\u00bb _builder_version=\u00bb3.22&#8243;][et_pb_row admin_label=\u00bbrow\u00bb _builder_version=\u00bb3.25&#8243; background_size=\u00bbinitial\u00bb background_position=\u00bbtop_left\u00bb background_repeat=\u00bbrepeat\u00bb][et_pb_column type=\u00bb4_4&#8243; _builder_version=\u00bb3.25&#8243; custom_padding=\u00bb|||\u00bb custom_padding__hover=\u00bb|||\u00bb][et_pb_text admin_label=\u00bbEntradilla (Texto)\u00bb _builder_version=\u00bb4.9.3&#8243; text_font=\u00bb|on|||\u00bb text_orientation=\u00bbjustified\u00bb module_alignment=\u00bbjustified\u00bb hover_enabled=\u00bb0&#8243; sticky_enabled=\u00bb0&#8243;]<\/p>\n<div id=\"resumen\">\n<p align=\"justify\"><span style=\"font-family: Times New Roman, serif\"><span style=\"font-size: medium\"><span style=\"font-family: Arial, serif\"><i>Escalar es algo innato para los ni\u00f1os, desde muy peque\u00f1os disfrutan trepando casi cualquier cosa, incluso su propia cuna. <\/i><\/span><\/span><\/span><\/p>\n<\/div>\n<div>\u00a0<\/div>\n<p>[\/et_pb_text][et_pb_text admin_label=\u00bbAutor (Texto)\u00bb _builder_version=\u00bb4.9.3&#8243; text_font=\u00bb||on||\u00bb hover_enabled=\u00bb0&#8243; sticky_enabled=\u00bb0&#8243;]<\/p>\n<p>Ana Llopis.<\/p>\n<p>[\/et_pb_text][et_pb_text admin_label=\u00bbDesarrollo (Texto)\u00bb _builder_version=\u00bb4.9.3&#8243; text_orientation=\u00bbjustified\u00bb module_alignment=\u00bbjustified\u00bb hover_enabled=\u00bb0&#8243; sticky_enabled=\u00bb0&#8243;]<\/p>\n<p align=\"justify\"><span style=\"font-family: Times New Roman, serif\"><span style=\"font-size: medium\"><span style=\"font-family: Arial, serif\">Los m\u00e1s peque\u00f1os son una fuente inagotable de energ\u00eda que necesita ser canalizada, y la escalada es una actividad perfecta para ello ya que combina diversi\u00f3n a la vez que muchos otros beneficios. <\/span><\/span><\/span><\/p>\n<p align=\"justify\"><span style=\"font-family: Arial, serif\"><span style=\"font-size: medium\">La escalada es un deporte que aporta muchas <\/span><\/span><span style=\"font-family: Arial, serif\"><span style=\"font-size: medium\"><b>ventajas<\/b><\/span><\/span><span style=\"font-family: Arial, serif\"><span style=\"font-size: medium\"> a nivel <\/span><\/span><span style=\"font-family: Arial, serif\"><span style=\"font-size: medium\"><b>f\u00edsico<\/b><\/span><\/span><span style=\"font-family: Arial, serif\"><span style=\"font-size: medium\"> como <\/span><\/span><span style=\"font-family: Arial, serif\"><span style=\"font-size: medium\"><b>psicol\u00f3gico<\/b><\/span><\/span><span style=\"font-family: Arial, serif\"><span style=\"font-size: medium\">, puesto que, al mismo tiempo que sirve para desarrollar m\u00fasculos, articulaciones y destrezas f\u00edsicas (coordinaci\u00f3n, fuerza en brazos y piernas, sentido del equilibrio\u2026),\u00a0tambi\u00e9n sirve para mejorar la autoestima y enfrentarse a retos.\u00a0Algunos de sus principales beneficios son:<\/span><\/span><\/p>\n<ul>\n<li>\n<p align=\"justify\"><span style=\"font-family: Arial, serif\"><span style=\"font-size: medium\">Sirve para\u00a0<\/span><\/span><span style=\"font-family: Arial, serif\"><span style=\"font-size: medium\"><b>desarrollar la psicomotricidad del ni\u00f1o<\/b><\/span><\/span><span style=\"font-family: Arial, serif\"><span style=\"font-size: medium\">.<\/span><\/span><\/p>\n<\/li>\n<li>\n<p align=\"justify\"><span style=\"font-family: Arial, serif\"><span style=\"font-size: medium\"><b>Mejora la agilidad y el equilibrio<\/b><\/span><\/span><span style=\"font-family: Arial, serif\"><span style=\"font-size: medium\">.<\/span><\/span><\/p>\n<\/li>\n<li>\n<p align=\"justify\"><span style=\"font-family: Arial, serif\"><span style=\"font-size: medium\"><b>Desarrolla la flexibilidad<\/b><\/span><\/span><span style=\"font-family: Arial, serif\"><span style=\"font-size: medium\">, la fuerza muscular en brazos y piernas y la resistencia.<\/span><\/span><\/p>\n<\/li>\n<li>\n<p align=\"justify\"><span style=\"font-family: Arial, serif\"><span style=\"font-size: medium\">Mejora la\u00a0<\/span><\/span><span style=\"font-family: Arial, serif\"><span style=\"font-size: medium\"><b>confianza y la autoestima<\/b><\/span><\/span><span style=\"font-family: Arial, serif\"><span style=\"font-size: medium\">.<\/span><\/span><\/p>\n<\/li>\n<li>\n<p align=\"justify\"><span style=\"font-family: Arial, serif\"><span style=\"font-size: medium\">Ayuda a\u00a0<\/span><\/span><span style=\"font-family: Arial, serif\"><span style=\"font-size: medium\"><b>superar retos<\/b><\/span><\/span><span style=\"font-family: Arial, serif\"><span style=\"font-size: medium\">.<\/span><\/span><\/p>\n<\/li>\n<li>\n<p align=\"justify\"><span style=\"font-family: Arial, serif\"><span style=\"font-size: medium\">Permite<\/span><\/span><span style=\"font-family: Arial, serif\"><span style=\"font-size: medium\"><b>\u00a0combatir el nerviosismo y canalizar mejor la energ\u00eda<\/b><\/span><\/span><span style=\"font-family: Arial, serif\"><span style=\"font-size: medium\">.<\/span><\/span><\/p>\n<\/li>\n<\/ul>\n<p align=\"justify\"><span style=\"font-family: Arial, serif\"><span style=\"font-size: medium\">A nivel f\u00edsico la escalada es una gran aliada de la <\/span><\/span><span style=\"font-family: Arial, serif\"><span style=\"font-size: medium\"><b>psicomotricidad<\/b><\/span><\/span><span style=\"font-family: Arial, serif\"><span style=\"font-size: medium\">.\u00a0 Requiere de una muy<\/span><\/span><b><span style=\"font-family: Arial, serif\"><span style=\"font-size: medium\">\u00a0buena coordinaci\u00f3n<\/span><\/span><\/b><span style=\"font-family: Arial, serif\"><span style=\"font-size: medium\">\u00a0as\u00ed como de una\u00a0<\/span><\/span><b><span style=\"font-family: Arial, serif\"><span style=\"font-size: medium\">sincronizaci\u00f3n ojo-mano<\/span><\/span><\/b><span style=\"font-family: Arial, serif\"><span style=\"font-size: medium\">, con ella se desarrollan las habilidades motoras gruesas (brazos y piernas) as\u00ed como finas (dedos de manos y pies), necesarias para el aprendizaje de la lectoescritura llegado el momento. Tanto es as\u00ed, que se est\u00e1 utilizando como terapia para diferentes trastornos como pueden ser la distrofia muscular, la par\u00e1lisis cerebral o el autismo, ya que ayuda a sus participantes a mejorar su\u00a0memoria motriz\u00a0y a tener una visi\u00f3n m\u00e1s global de su esquema corporal.<\/span><\/span><\/p>\n<p align=\"justify\"><span style=\"font-family: Arial, serif\"><span style=\"font-size: medium\">En nuestro patio m\u00e1s alto de educaci\u00f3n infantil hemos instalado una pared de escalada, cumpli\u00e9ndose as\u00ed nuestro sue\u00f1o y permitiendo a nuestros ni\u00f1os <\/span><\/span><span style=\"font-family: Arial, serif\"><span style=\"font-size: medium\"><b>escalar hacia las nubes. <\/b><\/span><\/span><span style=\"font-family: Arial, serif\"><span style=\"font-size: medium\">Teniendo en cuenta la distancia entre las presas as\u00ed como su disposici\u00f3n podr\u00e1n<\/span><\/span><b> <\/b><span style=\"font-family: Arial, serif\"><span style=\"font-size: medium\">disfrutar de ella los ni\u00f1os de E.I. as\u00ed como de los primeros cursos de E.P. dentro de su hora de psicomotricidad y educaci\u00f3n f\u00edsica.<\/span><\/span><\/p>\n<p>[\/et_pb_text][et_pb_text disabled_on=\u00bboff|on|on\u00bb admin_label=\u00bbT\u00edtulo: Galer\u00eda de fotos (Texto)\u00bb _builder_version=\u00bb3.27.4&#8243; text_font=\u00bb|on|||\u00bb text_text_color=\u00bb#dc001b\u00bb border_style=\u00bbsolid\u00bb]Galer\u00eda de im\u00e1genes<br \/>\n[\/et_pb_text][et_pb_gallery gallery_ids=\u00bb15251,15252,15253,15254,15255&#8243; posts_number=\u00bb8&#8243; show_title_and_caption=\u00bboff\u00bb zoom_icon_color=\u00bb#dc001b\u00bb hover_icon=\u00bb%%51%%\u00bb disabled_on=\u00bboff|off|off\u00bb _builder_version=\u00bb4.9.3&#8243; hover_enabled=\u00bb0&#8243; pagination_font_size_tablet=\u00bb51&#8243; pagination_line_height_tablet=\u00bb2&#8243; sticky_enabled=\u00bb0&#8243;][\/et_pb_gallery][et_pb_video disabled_on=\u00bbon|on|on\u00bb _builder_version=\u00bb3.0.51&#8243; disabled=\u00bbon\u00bb][\/et_pb_video][\/et_pb_column][\/et_pb_row][\/et_pb_section]<\/p>\n<!-- AddThis Advanced Settings generic via filter on the_content --><!-- AddThis Share Buttons generic via filter on the_content -->","protected":false},"excerpt":{"rendered":"<p>Escalar es algo innato para los ni\u00f1os, desde muy peque\u00f1os disfrutan trepando casi cualquier cosa, incluso su propia cuna. \u00a0Ana Llopis.Los m\u00e1s peque\u00f1os son una fuente inagotable de energ\u00eda que necesita ser canalizada, y la escalada es una actividad perfecta para ello ya que combina diversi\u00f3n a la vez que muchos otros beneficios. La escalada [&hellip;]<\/p>\n<p><!-- AddThis Advanced Settings generic via filter on get_the_excerpt --><!-- AddThis Share Buttons generic via filter on get_the_excerpt --><\/p>\n","protected":false},"author":6,"featured_media":15251,"comment_status":"closed","ping_status":"open","sticky":false,"template":"","format":"standard","meta":{"_et_pb_use_builder":"on","_et_pb_old_content":"","_et_gb_content_width":"","footnotes":""},"categories":[14],"tags":[],"class_list":["post-15248","post","type-post","status-publish","format-standard","has-post-thumbnail","hentry","category-noticia_colegio"],"yoast_head":"<!-- This site is optimized with the Yoast SEO plugin v28.4 - https:\/\/yoast.com\/product\/yoast-seo-wordpress\/ -->\n<title>UN SUE\u00d1O HECHO REALIDAD: ESCALANDO HACIA LAS NUBES - Colegio San Juan Bosco Valencia<\/title>\n<meta name=\"robots\" content=\"index, follow, max-snippet:-1, max-image-preview:large, max-video-preview:-1\" \/>\n<link rel=\"canonical\" href=\"https:\/\/valenciasjb.salesianos.edu\/colegio\/un-sueno-hecho-realidad-escalando-hacia-las-nubes\/\" \/>\n<meta property=\"og:locale\" content=\"es_ES\" \/>\n<meta property=\"og:type\" content=\"article\" \/>\n<meta property=\"og:title\" content=\"UN SUE\u00d1O HECHO REALIDAD: ESCALANDO HACIA LAS NUBES - Colegio San Juan Bosco Valencia\" \/>\n<meta property=\"og:description\" content=\"Escalar es algo innato para los ni\u00f1os, desde muy peque\u00f1os disfrutan trepando casi cualquier cosa, incluso su propia cuna. \u00a0Ana Llopis.Los m\u00e1s peque\u00f1os son una fuente inagotable de energ\u00eda que necesita ser canalizada, y la escalada es una actividad perfecta para ello ya que combina diversi\u00f3n a la vez que muchos otros beneficios. La escalada [&hellip;]\" \/>\n<meta property=\"og:url\" content=\"https:\/\/valenciasjb.salesianos.edu\/colegio\/un-sueno-hecho-realidad-escalando-hacia-las-nubes\/\" \/>\n<meta property=\"og:site_name\" content=\"Colegio San Juan Bosco Valencia\" \/>\n<meta property=\"article:publisher\" content=\"https:\/\/www.facebook.com\/ColegioSalesianoSanJuanBoscoValencia\" \/>\n<meta property=\"article:published_time\" content=\"2021-04-15T11:16:52+00:00\" \/>\n<meta property=\"article:modified_time\" content=\"2021-04-15T11:16:55+00:00\" \/>\n<meta property=\"og:image\" content=\"https:\/\/valenciasjb.salesianos.edu\/colegio\/wp-content\/uploads\/sites\/2\/2021\/04\/IMG_7978-scaled.jpg\" \/>\n\t<meta property=\"og:image:width\" content=\"2560\" \/>\n\t<meta property=\"og:image:height\" content=\"1920\" \/>\n\t<meta property=\"og:image:type\" content=\"image\/jpeg\" \/>\n<meta name=\"author\" content=\"veronicapastor\" \/>\n<meta name=\"twitter:card\" content=\"summary_large_image\" \/>\n<meta name=\"twitter:creator\" content=\"@SalesianosVSJB\" \/>\n<meta name=\"twitter:site\" content=\"@SalesianosVSJB\" \/>\n<meta name=\"twitter:label1\" content=\"Escrito por\" \/>\n\t<meta name=\"twitter:data1\" content=\"veronicapastor\" \/>\n\t<meta name=\"twitter:label2\" content=\"Tiempo de lectura\" \/>\n\t<meta name=\"twitter:data2\" content=\"3 minutos\" \/>\n<script type=\"application\/ld+json\" class=\"yoast-schema-graph\">{\"@context\":\"https:\\\/\\\/schema.org\",\"@graph\":[{\"@type\":\"Article\",\"@id\":\"https:\\\/\\\/valenciasjb.salesianos.edu\\\/colegio\\\/un-sueno-hecho-realidad-escalando-hacia-las-nubes\\\/#article\",\"isPartOf\":{\"@id\":\"https:\\\/\\\/valenciasjb.salesianos.edu\\\/colegio\\\/un-sueno-hecho-realidad-escalando-hacia-las-nubes\\\/\"},\"author\":{\"name\":\"veronicapastor\",\"@id\":\"https:\\\/\\\/valenciasjb.salesianos.edu\\\/colegio\\\/#\\\/schema\\\/person\\\/1f45b67e52b27da175190a574db6bed9\"},\"headline\":\"UN SUE\u00d1O HECHO REALIDAD: ESCALANDO HACIA LAS NUBES\",\"datePublished\":\"2021-04-15T11:16:52+00:00\",\"dateModified\":\"2021-04-15T11:16:55+00:00\",\"mainEntityOfPage\":{\"@id\":\"https:\\\/\\\/valenciasjb.salesianos.edu\\\/colegio\\\/un-sueno-hecho-realidad-escalando-hacia-las-nubes\\\/\"},\"wordCount\":564,\"image\":{\"@id\":\"https:\\\/\\\/valenciasjb.salesianos.edu\\\/colegio\\\/un-sueno-hecho-realidad-escalando-hacia-las-nubes\\\/#primaryimage\"},\"thumbnailUrl\":\"https:\\\/\\\/valenciasjb.salesianos.edu\\\/colegio\\\/wp-content\\\/uploads\\\/sites\\\/2\\\/2021\\\/04\\\/IMG_7978-scaled.jpg\",\"articleSection\":[\"Noticia Colegio\"],\"inLanguage\":\"es\"},{\"@type\":\"WebPage\",\"@id\":\"https:\\\/\\\/valenciasjb.salesianos.edu\\\/colegio\\\/un-sueno-hecho-realidad-escalando-hacia-las-nubes\\\/\",\"url\":\"https:\\\/\\\/valenciasjb.salesianos.edu\\\/colegio\\\/un-sueno-hecho-realidad-escalando-hacia-las-nubes\\\/\",\"name\":\"UN SUE\u00d1O HECHO REALIDAD: ESCALANDO HACIA LAS NUBES - Colegio San Juan Bosco Valencia\",\"isPartOf\":{\"@id\":\"https:\\\/\\\/valenciasjb.salesianos.edu\\\/colegio\\\/#website\"},\"primaryImageOfPage\":{\"@id\":\"https:\\\/\\\/valenciasjb.salesianos.edu\\\/colegio\\\/un-sueno-hecho-realidad-escalando-hacia-las-nubes\\\/#primaryimage\"},\"image\":{\"@id\":\"https:\\\/\\\/valenciasjb.salesianos.edu\\\/colegio\\\/un-sueno-hecho-realidad-escalando-hacia-las-nubes\\\/#primaryimage\"},\"thumbnailUrl\":\"https:\\\/\\\/valenciasjb.salesianos.edu\\\/colegio\\\/wp-content\\\/uploads\\\/sites\\\/2\\\/2021\\\/04\\\/IMG_7978-scaled.jpg\",\"datePublished\":\"2021-04-15T11:16:52+00:00\",\"dateModified\":\"2021-04-15T11:16:55+00:00\",\"author\":{\"@id\":\"https:\\\/\\\/valenciasjb.salesianos.edu\\\/colegio\\\/#\\\/schema\\\/person\\\/1f45b67e52b27da175190a574db6bed9\"},\"breadcrumb\":{\"@id\":\"https:\\\/\\\/valenciasjb.salesianos.edu\\\/colegio\\\/un-sueno-hecho-realidad-escalando-hacia-las-nubes\\\/#breadcrumb\"},\"inLanguage\":\"es\",\"potentialAction\":[{\"@type\":\"ReadAction\",\"target\":[\"https:\\\/\\\/valenciasjb.salesianos.edu\\\/colegio\\\/un-sueno-hecho-realidad-escalando-hacia-las-nubes\\\/\"]}]},{\"@type\":\"ImageObject\",\"inLanguage\":\"es\",\"@id\":\"https:\\\/\\\/valenciasjb.salesianos.edu\\\/colegio\\\/un-sueno-hecho-realidad-escalando-hacia-las-nubes\\\/#primaryimage\",\"url\":\"https:\\\/\\\/valenciasjb.salesianos.edu\\\/colegio\\\/wp-content\\\/uploads\\\/sites\\\/2\\\/2021\\\/04\\\/IMG_7978-scaled.jpg\",\"contentUrl\":\"https:\\\/\\\/valenciasjb.salesianos.edu\\\/colegio\\\/wp-content\\\/uploads\\\/sites\\\/2\\\/2021\\\/04\\\/IMG_7978-scaled.jpg\",\"width\":2560,\"height\":1920},{\"@type\":\"BreadcrumbList\",\"@id\":\"https:\\\/\\\/valenciasjb.salesianos.edu\\\/colegio\\\/un-sueno-hecho-realidad-escalando-hacia-las-nubes\\\/#breadcrumb\",\"itemListElement\":[{\"@type\":\"ListItem\",\"position\":1,\"name\":\"Portada\",\"item\":\"https:\\\/\\\/valenciasjb.salesianos.edu\\\/colegio\\\/\"},{\"@type\":\"ListItem\",\"position\":2,\"name\":\"UN SUE\u00d1O HECHO REALIDAD: ESCALANDO HACIA LAS NUBES\"}]},{\"@type\":\"WebSite\",\"@id\":\"https:\\\/\\\/valenciasjb.salesianos.edu\\\/colegio\\\/#website\",\"url\":\"https:\\\/\\\/valenciasjb.salesianos.edu\\\/colegio\\\/\",\"name\":\"Colegio San Juan Bosco Valencia\",\"description\":\"P\u00e1gina oficial del Colegio Salesianos San Juan Bosco Valencia\",\"alternateName\":\"Salesianos.VSJB\",\"potentialAction\":[{\"@type\":\"SearchAction\",\"target\":{\"@type\":\"EntryPoint\",\"urlTemplate\":\"https:\\\/\\\/valenciasjb.salesianos.edu\\\/colegio\\\/?s={search_term_string}\"},\"query-input\":{\"@type\":\"PropertyValueSpecification\",\"valueRequired\":true,\"valueName\":\"search_term_string\"}}],\"inLanguage\":\"es\"},{\"@type\":\"Person\",\"@id\":\"https:\\\/\\\/valenciasjb.salesianos.edu\\\/colegio\\\/#\\\/schema\\\/person\\\/1f45b67e52b27da175190a574db6bed9\",\"name\":\"veronicapastor\",\"image\":{\"@type\":\"ImageObject\",\"inLanguage\":\"es\",\"@id\":\"https:\\\/\\\/secure.gravatar.com\\\/avatar\\\/e29bd40bace3fd935e1d6fdb7313ffc14628cc037c5e16f4c7369b20a2a6f7f0?s=96&d=mm&r=g\",\"url\":\"https:\\\/\\\/secure.gravatar.com\\\/avatar\\\/e29bd40bace3fd935e1d6fdb7313ffc14628cc037c5e16f4c7369b20a2a6f7f0?s=96&d=mm&r=g\",\"contentUrl\":\"https:\\\/\\\/secure.gravatar.com\\\/avatar\\\/e29bd40bace3fd935e1d6fdb7313ffc14628cc037c5e16f4c7369b20a2a6f7f0?s=96&d=mm&r=g\",\"caption\":\"veronicapastor\"}}]}<\/script>\n<!-- \/ Yoast SEO plugin. -->","yoast_head_json":{"title":"UN SUE\u00d1O HECHO REALIDAD: ESCALANDO HACIA LAS NUBES - Colegio San Juan Bosco Valencia","robots":{"index":"index","follow":"follow","max-snippet":"max-snippet:-1","max-image-preview":"max-image-preview:large","max-video-preview":"max-video-preview:-1"},"canonical":"https:\/\/valenciasjb.salesianos.edu\/colegio\/un-sueno-hecho-realidad-escalando-hacia-las-nubes\/","og_locale":"es_ES","og_type":"article","og_title":"UN SUE\u00d1O HECHO REALIDAD: ESCALANDO HACIA LAS NUBES - Colegio San Juan Bosco Valencia","og_description":"Escalar es algo innato para los ni\u00f1os, desde muy peque\u00f1os disfrutan trepando casi cualquier cosa, incluso su propia cuna. \u00a0Ana Llopis.Los m\u00e1s peque\u00f1os son una fuente inagotable de energ\u00eda que necesita ser canalizada, y la escalada es una actividad perfecta para ello ya que combina diversi\u00f3n a la vez que muchos otros beneficios. La escalada [&hellip;]","og_url":"https:\/\/valenciasjb.salesianos.edu\/colegio\/un-sueno-hecho-realidad-escalando-hacia-las-nubes\/","og_site_name":"Colegio San Juan Bosco Valencia","article_publisher":"https:\/\/www.facebook.com\/ColegioSalesianoSanJuanBoscoValencia","article_published_time":"2021-04-15T11:16:52+00:00","article_modified_time":"2021-04-15T11:16:55+00:00","og_image":[{"width":2560,"height":1920,"url":"https:\/\/valenciasjb.salesianos.edu\/colegio\/wp-content\/uploads\/sites\/2\/2021\/04\/IMG_7978-scaled.jpg","type":"image\/jpeg"}],"author":"veronicapastor","twitter_card":"summary_large_image","twitter_creator":"@SalesianosVSJB","twitter_site":"@SalesianosVSJB","twitter_misc":{"Escrito por":"veronicapastor","Tiempo de lectura":"3 minutos"},"schema":{"@context":"https:\/\/schema.org","@graph":[{"@type":"Article","@id":"https:\/\/valenciasjb.salesianos.edu\/colegio\/un-sueno-hecho-realidad-escalando-hacia-las-nubes\/#article","isPartOf":{"@id":"https:\/\/valenciasjb.salesianos.edu\/colegio\/un-sueno-hecho-realidad-escalando-hacia-las-nubes\/"},"author":{"name":"veronicapastor","@id":"https:\/\/valenciasjb.salesianos.edu\/colegio\/#\/schema\/person\/1f45b67e52b27da175190a574db6bed9"},"headline":"UN SUE\u00d1O HECHO REALIDAD: ESCALANDO HACIA LAS NUBES","datePublished":"2021-04-15T11:16:52+00:00","dateModified":"2021-04-15T11:16:55+00:00","mainEntityOfPage":{"@id":"https:\/\/valenciasjb.salesianos.edu\/colegio\/un-sueno-hecho-realidad-escalando-hacia-las-nubes\/"},"wordCount":564,"image":{"@id":"https:\/\/valenciasjb.salesianos.edu\/colegio\/un-sueno-hecho-realidad-escalando-hacia-las-nubes\/#primaryimage"},"thumbnailUrl":"https:\/\/valenciasjb.salesianos.edu\/colegio\/wp-content\/uploads\/sites\/2\/2021\/04\/IMG_7978-scaled.jpg","articleSection":["Noticia Colegio"],"inLanguage":"es"},{"@type":"WebPage","@id":"https:\/\/valenciasjb.salesianos.edu\/colegio\/un-sueno-hecho-realidad-escalando-hacia-las-nubes\/","url":"https:\/\/valenciasjb.salesianos.edu\/colegio\/un-sueno-hecho-realidad-escalando-hacia-las-nubes\/","name":"UN SUE\u00d1O HECHO REALIDAD: ESCALANDO HACIA LAS NUBES - Colegio San Juan Bosco Valencia","isPartOf":{"@id":"https:\/\/valenciasjb.salesianos.edu\/colegio\/#website"},"primaryImageOfPage":{"@id":"https:\/\/valenciasjb.salesianos.edu\/colegio\/un-sueno-hecho-realidad-escalando-hacia-las-nubes\/#primaryimage"},"image":{"@id":"https:\/\/valenciasjb.salesianos.edu\/colegio\/un-sueno-hecho-realidad-escalando-hacia-las-nubes\/#primaryimage"},"thumbnailUrl":"https:\/\/valenciasjb.salesianos.edu\/colegio\/wp-content\/uploads\/sites\/2\/2021\/04\/IMG_7978-scaled.jpg","datePublished":"2021-04-15T11:16:52+00:00","dateModified":"2021-04-15T11:16:55+00:00","author":{"@id":"https:\/\/valenciasjb.salesianos.edu\/colegio\/#\/schema\/person\/1f45b67e52b27da175190a574db6bed9"},"breadcrumb":{"@id":"https:\/\/valenciasjb.salesianos.edu\/colegio\/un-sueno-hecho-realidad-escalando-hacia-las-nubes\/#breadcrumb"},"inLanguage":"es","potentialAction":[{"@type":"ReadAction","target":["https:\/\/valenciasjb.salesianos.edu\/colegio\/un-sueno-hecho-realidad-escalando-hacia-las-nubes\/"]}]},{"@type":"ImageObject","inLanguage":"es","@id":"https:\/\/valenciasjb.salesianos.edu\/colegio\/un-sueno-hecho-realidad-escalando-hacia-las-nubes\/#primaryimage","url":"https:\/\/valenciasjb.salesianos.edu\/colegio\/wp-content\/uploads\/sites\/2\/2021\/04\/IMG_7978-scaled.jpg","contentUrl":"https:\/\/valenciasjb.salesianos.edu\/colegio\/wp-content\/uploads\/sites\/2\/2021\/04\/IMG_7978-scaled.jpg","width":2560,"height":1920},{"@type":"BreadcrumbList","@id":"https:\/\/valenciasjb.salesianos.edu\/colegio\/un-sueno-hecho-realidad-escalando-hacia-las-nubes\/#breadcrumb","itemListElement":[{"@type":"ListItem","position":1,"name":"Portada","item":"https:\/\/valenciasjb.salesianos.edu\/colegio\/"},{"@type":"ListItem","position":2,"name":"UN SUE\u00d1O HECHO REALIDAD: ESCALANDO HACIA LAS NUBES"}]},{"@type":"WebSite","@id":"https:\/\/valenciasjb.salesianos.edu\/colegio\/#website","url":"https:\/\/valenciasjb.salesianos.edu\/colegio\/","name":"Colegio San Juan Bosco Valencia","description":"P\u00e1gina oficial del Colegio Salesianos San Juan Bosco Valencia","alternateName":"Salesianos.VSJB","potentialAction":[{"@type":"SearchAction","target":{"@type":"EntryPoint","urlTemplate":"https:\/\/valenciasjb.salesianos.edu\/colegio\/?s={search_term_string}"},"query-input":{"@type":"PropertyValueSpecification","valueRequired":true,"valueName":"search_term_string"}}],"inLanguage":"es"},{"@type":"Person","@id":"https:\/\/valenciasjb.salesianos.edu\/colegio\/#\/schema\/person\/1f45b67e52b27da175190a574db6bed9","name":"veronicapastor","image":{"@type":"ImageObject","inLanguage":"es","@id":"https:\/\/secure.gravatar.com\/avatar\/e29bd40bace3fd935e1d6fdb7313ffc14628cc037c5e16f4c7369b20a2a6f7f0?s=96&d=mm&r=g","url":"https:\/\/secure.gravatar.com\/avatar\/e29bd40bace3fd935e1d6fdb7313ffc14628cc037c5e16f4c7369b20a2a6f7f0?s=96&d=mm&r=g","contentUrl":"https:\/\/secure.gravatar.com\/avatar\/e29bd40bace3fd935e1d6fdb7313ffc14628cc037c5e16f4c7369b20a2a6f7f0?s=96&d=mm&r=g","caption":"veronicapastor"}}]}},"_links":{"self":[{"href":"https:\/\/valenciasjb.salesianos.edu\/colegio\/wp-json\/wp\/v2\/posts\/15248","targetHints":{"allow":["GET"]}}],"collection":[{"href":"https:\/\/valenciasjb.salesianos.edu\/colegio\/wp-json\/wp\/v2\/posts"}],"about":[{"href":"https:\/\/valenciasjb.salesianos.edu\/colegio\/wp-json\/wp\/v2\/types\/post"}],"author":[{"embeddable":true,"href":"https:\/\/valenciasjb.salesianos.edu\/colegio\/wp-json\/wp\/v2\/users\/6"}],"replies":[{"embeddable":true,"href":"https:\/\/valenciasjb.salesianos.edu\/colegio\/wp-json\/wp\/v2\/comments?post=15248"}],"version-history":[{"count":4,"href":"https:\/\/valenciasjb.salesianos.edu\/colegio\/wp-json\/wp\/v2\/posts\/15248\/revisions"}],"predecessor-version":[{"id":15258,"href":"https:\/\/valenciasjb.salesianos.edu\/colegio\/wp-json\/wp\/v2\/posts\/15248\/revisions\/15258"}],"wp:featuredmedia":[{"embeddable":true,"href":"https:\/\/valenciasjb.salesianos.edu\/colegio\/wp-json\/wp\/v2\/media\/15251"}],"wp:attachment":[{"href":"https:\/\/valenciasjb.salesianos.edu\/colegio\/wp-json\/wp\/v2\/media?parent=15248"}],"wp:term":[{"taxonomy":"category","embeddable":true,"href":"https:\/\/valenciasjb.salesianos.edu\/colegio\/wp-json\/wp\/v2\/categories?post=15248"},{"taxonomy":"post_tag","embeddable":true,"href":"https:\/\/valenciasjb.salesianos.edu\/colegio\/wp-json\/wp\/v2\/tags?post=15248"}],"curies":[{"name":"wp","href":"https:\/\/api.w.org\/{rel}","templated":true}]}}