{"id":15261,"date":"2021-04-20T17:12:19","date_gmt":"2021-04-20T16:12:19","guid":{"rendered":"https:\/\/valenciasjb.salesianos.edu\/colegio\/?p=15261"},"modified":"2021-04-20T17:12:22","modified_gmt":"2021-04-20T16:12:22","slug":"el-observatorio-vocacional-de-bioetica-organiza-una-conferencia-con-el-centro-de-neurovirologia-dependiente-de-la-universidad-autonoma-de-madrid","status":"publish","type":"post","link":"https:\/\/valenciasjb.salesianos.edu\/colegio\/el-observatorio-vocacional-de-bioetica-organiza-una-conferencia-con-el-centro-de-neurovirologia-dependiente-de-la-universidad-autonoma-de-madrid\/","title":{"rendered":"El Observatorio Vocacional de Bio\u00e9tica organiza una conferencia con el Centro de Neurovirolog\u00eda dependiente de la Universidad Aut\u00f3noma de Madrid"},"content":{"rendered":"<div id=\"fb-root\"><\/div>\n<p>[et_pb_section fb_built=\u00bb1&#8243; admin_label=\u00bbsection\u00bb _builder_version=\u00bb3.22&#8243;][et_pb_row admin_label=\u00bbrow\u00bb _builder_version=\u00bb3.25&#8243; background_size=\u00bbinitial\u00bb background_position=\u00bbtop_left\u00bb background_repeat=\u00bbrepeat\u00bb][et_pb_column type=\u00bb4_4&#8243; _builder_version=\u00bb3.25&#8243; custom_padding=\u00bb|||\u00bb custom_padding__hover=\u00bb|||\u00bb][et_pb_text admin_label=\u00bbEntradilla (Texto)\u00bb _builder_version=\u00bb4.9.4&#8243; text_font=\u00bb|on|||\u00bb text_orientation=\u00bbjustified\u00bb module_alignment=\u00bbjustified\u00bb hover_enabled=\u00bb0&#8243; sticky_enabled=\u00bb0&#8243;]<\/p>\n<div id=\"resumen\"><strong>El alumnado de 2\u00b0 de Bachillerato que componen el Observatorio Vocacional de Bio\u00e9tica del Colegio Salesianos San Juan Bosco de Valencia han organizado en la ma\u00f1ana del martes 20 de abril una conferencia con Jos\u00e9 Antonio L\u00f3pez-Guerrero, director del Centro de Neurovirolog\u00eda, dependiente de la Universidad Aut\u00f3noma de Madrid.<\/strong><\/div>\n<div>\u00a0<\/div>\n<p>[\/et_pb_text][et_pb_text admin_label=\u00bbAutor (Texto)\u00bb _builder_version=\u00bb3.27.4&#8243; text_font=\u00bb||on||\u00bb]Redacci\u00f3n<br \/>\n[\/et_pb_text][et_pb_text admin_label=\u00bbDesarrollo (Texto)\u00bb _builder_version=\u00bb4.9.4&#8243; text_orientation=\u00bbjustified\u00bb module_alignment=\u00bbjustified\u00bb hover_enabled=\u00bb0&#8243; sticky_enabled=\u00bb0&#8243;]<\/p>\n<div dir=\"auto\">Entre los objetivos de esta conferencia: presentar en abierto el Observatorio vocacional de Bio\u00e9tica del Colegio Salesianos San Juan Bosco de Valencia; dar a conocer la importancia de la investigaci\u00f3n cient\u00edfica encaminada a mejorar la vida de todas las personas; denunciar la falta de apoyos a estas investigaciones; animar a la participaci\u00f3n del crowfunding propuesto por el centro de neurovirolog\u00eda dirigido por Jos\u00e9 Antonio L\u00f3pez-Guerrero, dependiente de la Universidad Aut\u00f3noma de Madrid, que vive una situaci\u00f3n extrema a pesar de que sus investigaciones ya han dado como resultado un estudio, dos patentes y una tesis.<\/div>\n<div dir=\"auto\">\u00a0<\/div>\n<div dir=\"auto\">La conferencia ha contado con la organizaci\u00f3n del Observatorio formado por el alumnado de 2\u00b0 de Bachillerato: Mateo Canales, Adri\u00e1n Gonz\u00e1lez, Elsa Garc\u00eda, Pilar Cubillos, Irene Rodrigo y Mireia Pastor, junto con el coordinador de este proyecto, su profesor de filosof\u00eda y director del colegio, Juan Peris. A la conferencia ha asistido adem\u00e1s la directora pedag\u00f3gica de ESO y Bachillerato, Cristina Colmenero. El encuentro se ha abierto a toda la comunidad educativa, que han podido seguirlo en directo desde el Facebook del colegio. Al tratarse de un encuentro en l\u00ednea, todo el alumnado de 2\u00b0 de Bachillerato ha asistido a la conferencia desde sus propias clases.<\/div>\n<div dir=\"auto\">\u00a0<\/div>\n<div dir=\"auto\">Con este tipo de iniciativas, el colegio contin\u00faa apostando por ser un centro transformador, por la formaci\u00f3n integral de nuestro alumnado para que sean el motor de cambio que tanto necesita nuestro mundo. \u00a1Contigo abiertos al futuro!<\/div>\n<p>[\/et_pb_text][et_pb_text disabled_on=\u00bboff|on|on\u00bb admin_label=\u00bbT\u00edtulo: Galer\u00eda de fotos (Texto)\u00bb _builder_version=\u00bb3.27.4&#8243; text_font=\u00bb|on|||\u00bb text_text_color=\u00bb#dc001b\u00bb border_style=\u00bbsolid\u00bb]Galer\u00eda de im\u00e1genes<br \/>\n[\/et_pb_text][et_pb_gallery gallery_ids=\u00bb15269,15270&#8243; posts_number=\u00bb8&#8243; show_title_and_caption=\u00bboff\u00bb zoom_icon_color=\u00bb#dc001b\u00bb hover_icon=\u00bb%%51%%\u00bb disabled_on=\u00bboff|off|off\u00bb _builder_version=\u00bb4.9.4&#8243; hover_enabled=\u00bb0&#8243; pagination_font_size_tablet=\u00bb51&#8243; pagination_line_height_tablet=\u00bb2&#8243; sticky_enabled=\u00bb0&#8243;][\/et_pb_gallery][et_pb_video disabled_on=\u00bbon|on|on\u00bb _builder_version=\u00bb3.0.51&#8243; disabled=\u00bbon\u00bb][\/et_pb_video][\/et_pb_column][\/et_pb_row][\/et_pb_section]<\/p>\n<!-- AddThis Advanced Settings generic via filter on the_content --><!-- AddThis Share Buttons generic via filter on the_content -->","protected":false},"excerpt":{"rendered":"<p>El alumnado de 2\u00b0 de Bachillerato que componen el Observatorio Vocacional de Bio\u00e9tica del Colegio Salesianos San Juan Bosco de Valencia han organizado en la ma\u00f1ana del martes 20 de abril una conferencia con Jos\u00e9 Antonio L\u00f3pez-Guerrero, director del Centro de Neurovirolog\u00eda, dependiente de la Universidad Aut\u00f3noma de Madrid. \u00a0Redacci\u00f3n Entre los objetivos de esta [&hellip;]<\/p>\n<p><!-- AddThis Advanced Settings generic via filter on get_the_excerpt --><!-- AddThis Share Buttons generic via filter on get_the_excerpt --><\/p>\n","protected":false},"author":6,"featured_media":15269,"comment_status":"closed","ping_status":"open","sticky":false,"template":"","format":"standard","meta":{"_et_pb_use_builder":"on","_et_pb_old_content":"","_et_gb_content_width":"","footnotes":""},"categories":[14],"tags":[],"class_list":["post-15261","post","type-post","status-publish","format-standard","has-post-thumbnail","hentry","category-noticia_colegio"],"yoast_head":"<!-- This site is optimized with the Yoast SEO plugin v28.4 - https:\/\/yoast.com\/product\/yoast-seo-wordpress\/ -->\n<title>El Observatorio Vocacional de Bio\u00e9tica organiza una conferencia con el Centro de Neurovirolog\u00eda dependiente de la Universidad Aut\u00f3noma de Madrid - Colegio San Juan Bosco Valencia<\/title>\n<meta name=\"robots\" content=\"index, follow, max-snippet:-1, max-image-preview:large, max-video-preview:-1\" \/>\n<link rel=\"canonical\" href=\"https:\/\/valenciasjb.salesianos.edu\/colegio\/el-observatorio-vocacional-de-bioetica-organiza-una-conferencia-con-el-centro-de-neurovirologia-dependiente-de-la-universidad-autonoma-de-madrid\/\" \/>\n<meta property=\"og:locale\" content=\"es_ES\" \/>\n<meta property=\"og:type\" content=\"article\" \/>\n<meta property=\"og:title\" content=\"El Observatorio Vocacional de Bio\u00e9tica organiza una conferencia con el Centro de Neurovirolog\u00eda dependiente de la Universidad Aut\u00f3noma de Madrid - Colegio San Juan Bosco Valencia\" \/>\n<meta property=\"og:description\" content=\"El alumnado de 2\u00b0 de Bachillerato que componen el Observatorio Vocacional de Bio\u00e9tica del Colegio Salesianos San Juan Bosco de Valencia han organizado en la ma\u00f1ana del martes 20 de abril una conferencia con Jos\u00e9 Antonio L\u00f3pez-Guerrero, director del Centro de Neurovirolog\u00eda, dependiente de la Universidad Aut\u00f3noma de Madrid. \u00a0Redacci\u00f3n Entre los objetivos de esta [&hellip;]\" \/>\n<meta property=\"og:url\" content=\"https:\/\/valenciasjb.salesianos.edu\/colegio\/el-observatorio-vocacional-de-bioetica-organiza-una-conferencia-con-el-centro-de-neurovirologia-dependiente-de-la-universidad-autonoma-de-madrid\/\" \/>\n<meta property=\"og:site_name\" content=\"Colegio San Juan Bosco Valencia\" \/>\n<meta property=\"article:publisher\" content=\"https:\/\/www.facebook.com\/ColegioSalesianoSanJuanBoscoValencia\" \/>\n<meta property=\"article:published_time\" content=\"2021-04-20T16:12:19+00:00\" \/>\n<meta property=\"article:modified_time\" content=\"2021-04-20T16:12:22+00:00\" \/>\n<meta property=\"og:image\" content=\"https:\/\/valenciasjb.salesianos.edu\/colegio\/wp-content\/uploads\/sites\/2\/2021\/04\/WhatsApp-Image-2021-04-20-at-14.32.33.jpeg\" \/>\n\t<meta property=\"og:image:width\" content=\"1024\" \/>\n\t<meta property=\"og:image:height\" content=\"768\" \/>\n\t<meta property=\"og:image:type\" content=\"image\/jpeg\" \/>\n<meta name=\"author\" content=\"veronicapastor\" \/>\n<meta name=\"twitter:card\" content=\"summary_large_image\" \/>\n<meta name=\"twitter:creator\" content=\"@SalesianosVSJB\" \/>\n<meta name=\"twitter:site\" content=\"@SalesianosVSJB\" \/>\n<meta name=\"twitter:label1\" content=\"Escrito por\" \/>\n\t<meta name=\"twitter:data1\" content=\"veronicapastor\" \/>\n\t<meta name=\"twitter:label2\" content=\"Tiempo de lectura\" \/>\n\t<meta name=\"twitter:data2\" content=\"3 minutos\" \/>\n<script type=\"application\/ld+json\" class=\"yoast-schema-graph\">{\"@context\":\"https:\\\/\\\/schema.org\",\"@graph\":[{\"@type\":\"Article\",\"@id\":\"https:\\\/\\\/valenciasjb.salesianos.edu\\\/colegio\\\/el-observatorio-vocacional-de-bioetica-organiza-una-conferencia-con-el-centro-de-neurovirologia-dependiente-de-la-universidad-autonoma-de-madrid\\\/#article\",\"isPartOf\":{\"@id\":\"https:\\\/\\\/valenciasjb.salesianos.edu\\\/colegio\\\/el-observatorio-vocacional-de-bioetica-organiza-una-conferencia-con-el-centro-de-neurovirologia-dependiente-de-la-universidad-autonoma-de-madrid\\\/\"},\"author\":{\"name\":\"veronicapastor\",\"@id\":\"https:\\\/\\\/valenciasjb.salesianos.edu\\\/colegio\\\/#\\\/schema\\\/person\\\/1f45b67e52b27da175190a574db6bed9\"},\"headline\":\"El Observatorio Vocacional de Bio\u00e9tica organiza una conferencia con el Centro de Neurovirolog\u00eda dependiente de la Universidad Aut\u00f3noma de Madrid\",\"datePublished\":\"2021-04-20T16:12:19+00:00\",\"dateModified\":\"2021-04-20T16:12:22+00:00\",\"mainEntityOfPage\":{\"@id\":\"https:\\\/\\\/valenciasjb.salesianos.edu\\\/colegio\\\/el-observatorio-vocacional-de-bioetica-organiza-una-conferencia-con-el-centro-de-neurovirologia-dependiente-de-la-universidad-autonoma-de-madrid\\\/\"},\"wordCount\":535,\"image\":{\"@id\":\"https:\\\/\\\/valenciasjb.salesianos.edu\\\/colegio\\\/el-observatorio-vocacional-de-bioetica-organiza-una-conferencia-con-el-centro-de-neurovirologia-dependiente-de-la-universidad-autonoma-de-madrid\\\/#primaryimage\"},\"thumbnailUrl\":\"https:\\\/\\\/valenciasjb.salesianos.edu\\\/colegio\\\/wp-content\\\/uploads\\\/sites\\\/2\\\/2021\\\/04\\\/WhatsApp-Image-2021-04-20-at-14.32.33.jpeg\",\"articleSection\":[\"Noticia Colegio\"],\"inLanguage\":\"es\"},{\"@type\":\"WebPage\",\"@id\":\"https:\\\/\\\/valenciasjb.salesianos.edu\\\/colegio\\\/el-observatorio-vocacional-de-bioetica-organiza-una-conferencia-con-el-centro-de-neurovirologia-dependiente-de-la-universidad-autonoma-de-madrid\\\/\",\"url\":\"https:\\\/\\\/valenciasjb.salesianos.edu\\\/colegio\\\/el-observatorio-vocacional-de-bioetica-organiza-una-conferencia-con-el-centro-de-neurovirologia-dependiente-de-la-universidad-autonoma-de-madrid\\\/\",\"name\":\"El Observatorio Vocacional de Bio\u00e9tica organiza una conferencia con el Centro de Neurovirolog\u00eda dependiente de la Universidad Aut\u00f3noma de Madrid - Colegio San Juan Bosco Valencia\",\"isPartOf\":{\"@id\":\"https:\\\/\\\/valenciasjb.salesianos.edu\\\/colegio\\\/#website\"},\"primaryImageOfPage\":{\"@id\":\"https:\\\/\\\/valenciasjb.salesianos.edu\\\/colegio\\\/el-observatorio-vocacional-de-bioetica-organiza-una-conferencia-con-el-centro-de-neurovirologia-dependiente-de-la-universidad-autonoma-de-madrid\\\/#primaryimage\"},\"image\":{\"@id\":\"https:\\\/\\\/valenciasjb.salesianos.edu\\\/colegio\\\/el-observatorio-vocacional-de-bioetica-organiza-una-conferencia-con-el-centro-de-neurovirologia-dependiente-de-la-universidad-autonoma-de-madrid\\\/#primaryimage\"},\"thumbnailUrl\":\"https:\\\/\\\/valenciasjb.salesianos.edu\\\/colegio\\\/wp-content\\\/uploads\\\/sites\\\/2\\\/2021\\\/04\\\/WhatsApp-Image-2021-04-20-at-14.32.33.jpeg\",\"datePublished\":\"2021-04-20T16:12:19+00:00\",\"dateModified\":\"2021-04-20T16:12:22+00:00\",\"author\":{\"@id\":\"https:\\\/\\\/valenciasjb.salesianos.edu\\\/colegio\\\/#\\\/schema\\\/person\\\/1f45b67e52b27da175190a574db6bed9\"},\"breadcrumb\":{\"@id\":\"https:\\\/\\\/valenciasjb.salesianos.edu\\\/colegio\\\/el-observatorio-vocacional-de-bioetica-organiza-una-conferencia-con-el-centro-de-neurovirologia-dependiente-de-la-universidad-autonoma-de-madrid\\\/#breadcrumb\"},\"inLanguage\":\"es\",\"potentialAction\":[{\"@type\":\"ReadAction\",\"target\":[\"https:\\\/\\\/valenciasjb.salesianos.edu\\\/colegio\\\/el-observatorio-vocacional-de-bioetica-organiza-una-conferencia-con-el-centro-de-neurovirologia-dependiente-de-la-universidad-autonoma-de-madrid\\\/\"]}]},{\"@type\":\"ImageObject\",\"inLanguage\":\"es\",\"@id\":\"https:\\\/\\\/valenciasjb.salesianos.edu\\\/colegio\\\/el-observatorio-vocacional-de-bioetica-organiza-una-conferencia-con-el-centro-de-neurovirologia-dependiente-de-la-universidad-autonoma-de-madrid\\\/#primaryimage\",\"url\":\"https:\\\/\\\/valenciasjb.salesianos.edu\\\/colegio\\\/wp-content\\\/uploads\\\/sites\\\/2\\\/2021\\\/04\\\/WhatsApp-Image-2021-04-20-at-14.32.33.jpeg\",\"contentUrl\":\"https:\\\/\\\/valenciasjb.salesianos.edu\\\/colegio\\\/wp-content\\\/uploads\\\/sites\\\/2\\\/2021\\\/04\\\/WhatsApp-Image-2021-04-20-at-14.32.33.jpeg\",\"width\":1024,\"height\":768},{\"@type\":\"BreadcrumbList\",\"@id\":\"https:\\\/\\\/valenciasjb.salesianos.edu\\\/colegio\\\/el-observatorio-vocacional-de-bioetica-organiza-una-conferencia-con-el-centro-de-neurovirologia-dependiente-de-la-universidad-autonoma-de-madrid\\\/#breadcrumb\",\"itemListElement\":[{\"@type\":\"ListItem\",\"position\":1,\"name\":\"Portada\",\"item\":\"https:\\\/\\\/valenciasjb.salesianos.edu\\\/colegio\\\/\"},{\"@type\":\"ListItem\",\"position\":2,\"name\":\"El Observatorio Vocacional de Bio\u00e9tica organiza una conferencia con el Centro de Neurovirolog\u00eda dependiente de la Universidad Aut\u00f3noma de Madrid\"}]},{\"@type\":\"WebSite\",\"@id\":\"https:\\\/\\\/valenciasjb.salesianos.edu\\\/colegio\\\/#website\",\"url\":\"https:\\\/\\\/valenciasjb.salesianos.edu\\\/colegio\\\/\",\"name\":\"Colegio San Juan Bosco Valencia\",\"description\":\"P\u00e1gina oficial del Colegio Salesianos San Juan Bosco Valencia\",\"alternateName\":\"Salesianos.VSJB\",\"potentialAction\":[{\"@type\":\"SearchAction\",\"target\":{\"@type\":\"EntryPoint\",\"urlTemplate\":\"https:\\\/\\\/valenciasjb.salesianos.edu\\\/colegio\\\/?s={search_term_string}\"},\"query-input\":{\"@type\":\"PropertyValueSpecification\",\"valueRequired\":true,\"valueName\":\"search_term_string\"}}],\"inLanguage\":\"es\"},{\"@type\":\"Person\",\"@id\":\"https:\\\/\\\/valenciasjb.salesianos.edu\\\/colegio\\\/#\\\/schema\\\/person\\\/1f45b67e52b27da175190a574db6bed9\",\"name\":\"veronicapastor\",\"image\":{\"@type\":\"ImageObject\",\"inLanguage\":\"es\",\"@id\":\"https:\\\/\\\/secure.gravatar.com\\\/avatar\\\/e29bd40bace3fd935e1d6fdb7313ffc14628cc037c5e16f4c7369b20a2a6f7f0?s=96&d=mm&r=g\",\"url\":\"https:\\\/\\\/secure.gravatar.com\\\/avatar\\\/e29bd40bace3fd935e1d6fdb7313ffc14628cc037c5e16f4c7369b20a2a6f7f0?s=96&d=mm&r=g\",\"contentUrl\":\"https:\\\/\\\/secure.gravatar.com\\\/avatar\\\/e29bd40bace3fd935e1d6fdb7313ffc14628cc037c5e16f4c7369b20a2a6f7f0?s=96&d=mm&r=g\",\"caption\":\"veronicapastor\"}}]}<\/script>\n<!-- \/ Yoast SEO plugin. -->","yoast_head_json":{"title":"El Observatorio Vocacional de Bio\u00e9tica organiza una conferencia con el Centro de Neurovirolog\u00eda dependiente de la Universidad Aut\u00f3noma de Madrid - Colegio San Juan Bosco Valencia","robots":{"index":"index","follow":"follow","max-snippet":"max-snippet:-1","max-image-preview":"max-image-preview:large","max-video-preview":"max-video-preview:-1"},"canonical":"https:\/\/valenciasjb.salesianos.edu\/colegio\/el-observatorio-vocacional-de-bioetica-organiza-una-conferencia-con-el-centro-de-neurovirologia-dependiente-de-la-universidad-autonoma-de-madrid\/","og_locale":"es_ES","og_type":"article","og_title":"El Observatorio Vocacional de Bio\u00e9tica organiza una conferencia con el Centro de Neurovirolog\u00eda dependiente de la Universidad Aut\u00f3noma de Madrid - Colegio San Juan Bosco Valencia","og_description":"El alumnado de 2\u00b0 de Bachillerato que componen el Observatorio Vocacional de Bio\u00e9tica del Colegio Salesianos San Juan Bosco de Valencia han organizado en la ma\u00f1ana del martes 20 de abril una conferencia con Jos\u00e9 Antonio L\u00f3pez-Guerrero, director del Centro de Neurovirolog\u00eda, dependiente de la Universidad Aut\u00f3noma de Madrid. \u00a0Redacci\u00f3n Entre los objetivos de esta [&hellip;]","og_url":"https:\/\/valenciasjb.salesianos.edu\/colegio\/el-observatorio-vocacional-de-bioetica-organiza-una-conferencia-con-el-centro-de-neurovirologia-dependiente-de-la-universidad-autonoma-de-madrid\/","og_site_name":"Colegio San Juan Bosco Valencia","article_publisher":"https:\/\/www.facebook.com\/ColegioSalesianoSanJuanBoscoValencia","article_published_time":"2021-04-20T16:12:19+00:00","article_modified_time":"2021-04-20T16:12:22+00:00","og_image":[{"width":1024,"height":768,"url":"https:\/\/valenciasjb.salesianos.edu\/colegio\/wp-content\/uploads\/sites\/2\/2021\/04\/WhatsApp-Image-2021-04-20-at-14.32.33.jpeg","type":"image\/jpeg"}],"author":"veronicapastor","twitter_card":"summary_large_image","twitter_creator":"@SalesianosVSJB","twitter_site":"@SalesianosVSJB","twitter_misc":{"Escrito por":"veronicapastor","Tiempo de lectura":"3 minutos"},"schema":{"@context":"https:\/\/schema.org","@graph":[{"@type":"Article","@id":"https:\/\/valenciasjb.salesianos.edu\/colegio\/el-observatorio-vocacional-de-bioetica-organiza-una-conferencia-con-el-centro-de-neurovirologia-dependiente-de-la-universidad-autonoma-de-madrid\/#article","isPartOf":{"@id":"https:\/\/valenciasjb.salesianos.edu\/colegio\/el-observatorio-vocacional-de-bioetica-organiza-una-conferencia-con-el-centro-de-neurovirologia-dependiente-de-la-universidad-autonoma-de-madrid\/"},"author":{"name":"veronicapastor","@id":"https:\/\/valenciasjb.salesianos.edu\/colegio\/#\/schema\/person\/1f45b67e52b27da175190a574db6bed9"},"headline":"El Observatorio Vocacional de Bio\u00e9tica organiza una conferencia con el Centro de Neurovirolog\u00eda dependiente de la Universidad Aut\u00f3noma de Madrid","datePublished":"2021-04-20T16:12:19+00:00","dateModified":"2021-04-20T16:12:22+00:00","mainEntityOfPage":{"@id":"https:\/\/valenciasjb.salesianos.edu\/colegio\/el-observatorio-vocacional-de-bioetica-organiza-una-conferencia-con-el-centro-de-neurovirologia-dependiente-de-la-universidad-autonoma-de-madrid\/"},"wordCount":535,"image":{"@id":"https:\/\/valenciasjb.salesianos.edu\/colegio\/el-observatorio-vocacional-de-bioetica-organiza-una-conferencia-con-el-centro-de-neurovirologia-dependiente-de-la-universidad-autonoma-de-madrid\/#primaryimage"},"thumbnailUrl":"https:\/\/valenciasjb.salesianos.edu\/colegio\/wp-content\/uploads\/sites\/2\/2021\/04\/WhatsApp-Image-2021-04-20-at-14.32.33.jpeg","articleSection":["Noticia Colegio"],"inLanguage":"es"},{"@type":"WebPage","@id":"https:\/\/valenciasjb.salesianos.edu\/colegio\/el-observatorio-vocacional-de-bioetica-organiza-una-conferencia-con-el-centro-de-neurovirologia-dependiente-de-la-universidad-autonoma-de-madrid\/","url":"https:\/\/valenciasjb.salesianos.edu\/colegio\/el-observatorio-vocacional-de-bioetica-organiza-una-conferencia-con-el-centro-de-neurovirologia-dependiente-de-la-universidad-autonoma-de-madrid\/","name":"El Observatorio Vocacional de Bio\u00e9tica organiza una conferencia con el Centro de Neurovirolog\u00eda dependiente de la Universidad Aut\u00f3noma de Madrid - Colegio San Juan Bosco Valencia","isPartOf":{"@id":"https:\/\/valenciasjb.salesianos.edu\/colegio\/#website"},"primaryImageOfPage":{"@id":"https:\/\/valenciasjb.salesianos.edu\/colegio\/el-observatorio-vocacional-de-bioetica-organiza-una-conferencia-con-el-centro-de-neurovirologia-dependiente-de-la-universidad-autonoma-de-madrid\/#primaryimage"},"image":{"@id":"https:\/\/valenciasjb.salesianos.edu\/colegio\/el-observatorio-vocacional-de-bioetica-organiza-una-conferencia-con-el-centro-de-neurovirologia-dependiente-de-la-universidad-autonoma-de-madrid\/#primaryimage"},"thumbnailUrl":"https:\/\/valenciasjb.salesianos.edu\/colegio\/wp-content\/uploads\/sites\/2\/2021\/04\/WhatsApp-Image-2021-04-20-at-14.32.33.jpeg","datePublished":"2021-04-20T16:12:19+00:00","dateModified":"2021-04-20T16:12:22+00:00","author":{"@id":"https:\/\/valenciasjb.salesianos.edu\/colegio\/#\/schema\/person\/1f45b67e52b27da175190a574db6bed9"},"breadcrumb":{"@id":"https:\/\/valenciasjb.salesianos.edu\/colegio\/el-observatorio-vocacional-de-bioetica-organiza-una-conferencia-con-el-centro-de-neurovirologia-dependiente-de-la-universidad-autonoma-de-madrid\/#breadcrumb"},"inLanguage":"es","potentialAction":[{"@type":"ReadAction","target":["https:\/\/valenciasjb.salesianos.edu\/colegio\/el-observatorio-vocacional-de-bioetica-organiza-una-conferencia-con-el-centro-de-neurovirologia-dependiente-de-la-universidad-autonoma-de-madrid\/"]}]},{"@type":"ImageObject","inLanguage":"es","@id":"https:\/\/valenciasjb.salesianos.edu\/colegio\/el-observatorio-vocacional-de-bioetica-organiza-una-conferencia-con-el-centro-de-neurovirologia-dependiente-de-la-universidad-autonoma-de-madrid\/#primaryimage","url":"https:\/\/valenciasjb.salesianos.edu\/colegio\/wp-content\/uploads\/sites\/2\/2021\/04\/WhatsApp-Image-2021-04-20-at-14.32.33.jpeg","contentUrl":"https:\/\/valenciasjb.salesianos.edu\/colegio\/wp-content\/uploads\/sites\/2\/2021\/04\/WhatsApp-Image-2021-04-20-at-14.32.33.jpeg","width":1024,"height":768},{"@type":"BreadcrumbList","@id":"https:\/\/valenciasjb.salesianos.edu\/colegio\/el-observatorio-vocacional-de-bioetica-organiza-una-conferencia-con-el-centro-de-neurovirologia-dependiente-de-la-universidad-autonoma-de-madrid\/#breadcrumb","itemListElement":[{"@type":"ListItem","position":1,"name":"Portada","item":"https:\/\/valenciasjb.salesianos.edu\/colegio\/"},{"@type":"ListItem","position":2,"name":"El Observatorio Vocacional de Bio\u00e9tica organiza una conferencia con el Centro de Neurovirolog\u00eda dependiente de la Universidad Aut\u00f3noma de Madrid"}]},{"@type":"WebSite","@id":"https:\/\/valenciasjb.salesianos.edu\/colegio\/#website","url":"https:\/\/valenciasjb.salesianos.edu\/colegio\/","name":"Colegio San Juan Bosco Valencia","description":"P\u00e1gina oficial del Colegio Salesianos San Juan Bosco Valencia","alternateName":"Salesianos.VSJB","potentialAction":[{"@type":"SearchAction","target":{"@type":"EntryPoint","urlTemplate":"https:\/\/valenciasjb.salesianos.edu\/colegio\/?s={search_term_string}"},"query-input":{"@type":"PropertyValueSpecification","valueRequired":true,"valueName":"search_term_string"}}],"inLanguage":"es"},{"@type":"Person","@id":"https:\/\/valenciasjb.salesianos.edu\/colegio\/#\/schema\/person\/1f45b67e52b27da175190a574db6bed9","name":"veronicapastor","image":{"@type":"ImageObject","inLanguage":"es","@id":"https:\/\/secure.gravatar.com\/avatar\/e29bd40bace3fd935e1d6fdb7313ffc14628cc037c5e16f4c7369b20a2a6f7f0?s=96&d=mm&r=g","url":"https:\/\/secure.gravatar.com\/avatar\/e29bd40bace3fd935e1d6fdb7313ffc14628cc037c5e16f4c7369b20a2a6f7f0?s=96&d=mm&r=g","contentUrl":"https:\/\/secure.gravatar.com\/avatar\/e29bd40bace3fd935e1d6fdb7313ffc14628cc037c5e16f4c7369b20a2a6f7f0?s=96&d=mm&r=g","caption":"veronicapastor"}}]}},"_links":{"self":[{"href":"https:\/\/valenciasjb.salesianos.edu\/colegio\/wp-json\/wp\/v2\/posts\/15261","targetHints":{"allow":["GET"]}}],"collection":[{"href":"https:\/\/valenciasjb.salesianos.edu\/colegio\/wp-json\/wp\/v2\/posts"}],"about":[{"href":"https:\/\/valenciasjb.salesianos.edu\/colegio\/wp-json\/wp\/v2\/types\/post"}],"author":[{"embeddable":true,"href":"https:\/\/valenciasjb.salesianos.edu\/colegio\/wp-json\/wp\/v2\/users\/6"}],"replies":[{"embeddable":true,"href":"https:\/\/valenciasjb.salesianos.edu\/colegio\/wp-json\/wp\/v2\/comments?post=15261"}],"version-history":[{"count":7,"href":"https:\/\/valenciasjb.salesianos.edu\/colegio\/wp-json\/wp\/v2\/posts\/15261\/revisions"}],"predecessor-version":[{"id":15273,"href":"https:\/\/valenciasjb.salesianos.edu\/colegio\/wp-json\/wp\/v2\/posts\/15261\/revisions\/15273"}],"wp:featuredmedia":[{"embeddable":true,"href":"https:\/\/valenciasjb.salesianos.edu\/colegio\/wp-json\/wp\/v2\/media\/15269"}],"wp:attachment":[{"href":"https:\/\/valenciasjb.salesianos.edu\/colegio\/wp-json\/wp\/v2\/media?parent=15261"}],"wp:term":[{"taxonomy":"category","embeddable":true,"href":"https:\/\/valenciasjb.salesianos.edu\/colegio\/wp-json\/wp\/v2\/categories?post=15261"},{"taxonomy":"post_tag","embeddable":true,"href":"https:\/\/valenciasjb.salesianos.edu\/colegio\/wp-json\/wp\/v2\/tags?post=15261"}],"curies":[{"name":"wp","href":"https:\/\/api.w.org\/{rel}","templated":true}]}}