{"id":15276,"date":"2021-04-21T08:38:34","date_gmt":"2021-04-21T07:38:34","guid":{"rendered":"https:\/\/valenciasjb.salesianos.edu\/colegio\/?p=15276"},"modified":"2021-04-21T08:38:37","modified_gmt":"2021-04-21T07:38:37","slug":"fallece-jose-villanueva-salvador-del-club-deportivo-don-bosco","status":"publish","type":"post","link":"https:\/\/valenciasjb.salesianos.edu\/colegio\/fallece-jose-villanueva-salvador-del-club-deportivo-don-bosco\/","title":{"rendered":"Fallece Jos\u00e9 Villanueva Salvador del Club Deportivo Don Bosco"},"content":{"rendered":"<div id=\"fb-root\"><\/div>\n<p>[et_pb_section fb_built=\u00bb1&#8243; admin_label=\u00bbsection\u00bb _builder_version=\u00bb3.22&#8243;][et_pb_row admin_label=\u00bbrow\u00bb _builder_version=\u00bb3.25&#8243; background_size=\u00bbinitial\u00bb background_position=\u00bbtop_left\u00bb background_repeat=\u00bbrepeat\u00bb][et_pb_column type=\u00bb4_4&#8243; _builder_version=\u00bb3.25&#8243; custom_padding=\u00bb|||\u00bb custom_padding__hover=\u00bb|||\u00bb][et_pb_text admin_label=\u00bbEntradilla (Texto)\u00bb _builder_version=\u00bb4.9.4&#8243; text_font=\u00bb|on|||\u00bb text_orientation=\u00bbjustified\u00bb module_alignment=\u00bbjustified\u00bb]<\/p>\n<div id=\"resumen\">\n<p><span style=\"font-weight: 400\">El Club Deportivo Don Bosco, y con \u00e9l toda la Casa Salesiana de Val\u00e8ncia San Juan Bosco, ha sufrido la p\u00e9rdida de Jos\u00e9 Villanueva Salvador (1940-2021) el domingo 18 de abril. Pepe ha sido directivo y presidente durante m\u00e1s de 40 a\u00f1os, as\u00ed como miembro del Consejo de la Obra Salesiana (COS) en la etapa inicial de su constituci\u00f3n.<\/span><\/p>\n<\/div>\n<div>\u00a0<\/div>\n<p>[\/et_pb_text][et_pb_text admin_label=\u00bbAutor (Texto)\u00bb _builder_version=\u00bb4.9.4&#8243; text_font=\u00bb||on||\u00bb]<\/p>\n<p>Palabras de <span class=\"termHighlighted\">Fernando<\/span>\u00a0Carrasco \u00c1lvarez.<\/p>\n<p>[\/et_pb_text][et_pb_text admin_label=\u00bbDesarrollo (Texto)\u00bb _builder_version=\u00bb4.9.4&#8243; text_orientation=\u00bbjustified\u00bb module_alignment=\u00bbjustified\u00bb]<\/p>\n<p><span style=\"font-weight: 400\">Art\u00edfice, precursor y empe\u00f1ado en que el Club, en armon\u00eda con la Casa Salesiana, dispusiera de las extraordinarias instalaciones de las que hoy disfrutamos, as\u00ed como la idea de que las distintas secciones deportivas federadas (futbol, baloncesto, nataci\u00f3n y v\u00f3ley) se unieran para constituir lo que hoy en d\u00eda es el Club Deportivo Don Bosco.<\/span><\/p>\n<p><span style=\"font-weight: 400\">A Pepe Villanueva le debemos la direcci\u00f3n y gesti\u00f3n de un modelo deportivo saneado y ejemplar dirigido a los j\u00f3venes y en el que consigui\u00f3 llevar el nombre de Don Bosco a las categor\u00edas m\u00e1s altas del futbol y baloncesto juvenil, cadete e infantil, siendo un referente en el \u00e1mbito de la Comunidad Valenciana, y marcando siempre un trabajo de formaci\u00f3n, educaci\u00f3n deportiva, de respeto y transmisi\u00f3n de valores para con los j\u00f3venes deportistas.<\/span><\/p>\n<p>&nbsp;<\/p>\n<p><span style=\"font-weight: 400\">Descanse en paz.<\/span><\/p>\n<p>[\/et_pb_text][et_pb_text disabled_on=\u00bboff|on|on\u00bb admin_label=\u00bbT\u00edtulo: Galer\u00eda de fotos (Texto)\u00bb _builder_version=\u00bb3.27.4&#8243; text_font=\u00bb|on|||\u00bb text_text_color=\u00bb#dc001b\u00bb border_style=\u00bbsolid\u00bb]Galer\u00eda de im\u00e1genes[\/et_pb_text][et_pb_gallery gallery_ids=\u00bb15281,15280&#8243; posts_number=\u00bb8&#8243; show_title_and_caption=\u00bboff\u00bb zoom_icon_color=\u00bb#dc001b\u00bb hover_icon=\u00bb%%51%%\u00bb disabled_on=\u00bboff|off|off\u00bb _builder_version=\u00bb4.9.4&#8243; pagination_font_size_tablet=\u00bb51&#8243; pagination_line_height_tablet=\u00bb2&#8243;][\/et_pb_gallery][et_pb_video disabled_on=\u00bbon|on|on\u00bb _builder_version=\u00bb3.0.51&#8243; disabled=\u00bbon\u00bb][\/et_pb_video][\/et_pb_column][\/et_pb_row][\/et_pb_section]<\/p>\n<!-- AddThis Advanced Settings generic via filter on the_content --><!-- AddThis Share Buttons generic via filter on the_content -->","protected":false},"excerpt":{"rendered":"<p>El Club Deportivo Don Bosco, y con \u00e9l toda la Casa Salesiana de Val\u00e8ncia San Juan Bosco, ha sufrido la p\u00e9rdida de Jos\u00e9 Villanueva Salvador (1940-2021) el domingo 18 de abril. Pepe ha sido directivo y presidente durante m\u00e1s de 40 a\u00f1os, as\u00ed como miembro del Consejo de la Obra Salesiana (COS) en la etapa [&hellip;]<\/p>\n<p><!-- AddThis Advanced Settings generic via filter on get_the_excerpt --><!-- AddThis Share Buttons generic via filter on get_the_excerpt --><\/p>\n","protected":false},"author":6,"featured_media":15280,"comment_status":"closed","ping_status":"open","sticky":false,"template":"","format":"standard","meta":{"_et_pb_use_builder":"on","_et_pb_old_content":"","_et_gb_content_width":"","footnotes":""},"categories":[14,26],"tags":[],"class_list":["post-15276","post","type-post","status-publish","format-standard","has-post-thumbnail","hentry","category-noticia_colegio","category-noticia_deportes"],"yoast_head":"<!-- This site is optimized with the Yoast SEO plugin v28.3 - https:\/\/yoast.com\/product\/yoast-seo-wordpress\/ -->\n<title>Fallece Jos\u00e9 Villanueva Salvador del Club Deportivo Don Bosco - Colegio San Juan Bosco Valencia<\/title>\n<meta name=\"robots\" content=\"index, follow, max-snippet:-1, max-image-preview:large, max-video-preview:-1\" \/>\n<link rel=\"canonical\" href=\"https:\/\/valenciasjb.salesianos.edu\/colegio\/fallece-jose-villanueva-salvador-del-club-deportivo-don-bosco\/\" \/>\n<meta property=\"og:locale\" content=\"es_ES\" \/>\n<meta property=\"og:type\" content=\"article\" \/>\n<meta property=\"og:title\" content=\"Fallece Jos\u00e9 Villanueva Salvador del Club Deportivo Don Bosco - Colegio San Juan Bosco Valencia\" \/>\n<meta property=\"og:description\" content=\"El Club Deportivo Don Bosco, y con \u00e9l toda la Casa Salesiana de Val\u00e8ncia San Juan Bosco, ha sufrido la p\u00e9rdida de Jos\u00e9 Villanueva Salvador (1940-2021) el domingo 18 de abril. Pepe ha sido directivo y presidente durante m\u00e1s de 40 a\u00f1os, as\u00ed como miembro del Consejo de la Obra Salesiana (COS) en la etapa [&hellip;]\" \/>\n<meta property=\"og:url\" content=\"https:\/\/valenciasjb.salesianos.edu\/colegio\/fallece-jose-villanueva-salvador-del-club-deportivo-don-bosco\/\" \/>\n<meta property=\"og:site_name\" content=\"Colegio San Juan Bosco Valencia\" \/>\n<meta property=\"article:publisher\" content=\"https:\/\/www.facebook.com\/ColegioSalesianoSanJuanBoscoValencia\" \/>\n<meta property=\"article:published_time\" content=\"2021-04-21T07:38:34+00:00\" \/>\n<meta property=\"article:modified_time\" content=\"2021-04-21T07:38:37+00:00\" \/>\n<meta property=\"og:image\" content=\"https:\/\/valenciasjb.salesianos.edu\/colegio\/wp-content\/uploads\/sites\/2\/2021\/04\/Pepe-Villanueva-5-1.jpg\" \/>\n\t<meta property=\"og:image:width\" content=\"1175\" \/>\n\t<meta property=\"og:image:height\" content=\"1029\" \/>\n\t<meta property=\"og:image:type\" content=\"image\/jpeg\" \/>\n<meta name=\"author\" content=\"veronicapastor\" \/>\n<meta name=\"twitter:card\" content=\"summary_large_image\" \/>\n<meta name=\"twitter:creator\" content=\"@SalesianosVSJB\" \/>\n<meta name=\"twitter:site\" content=\"@SalesianosVSJB\" \/>\n<meta name=\"twitter:label1\" content=\"Escrito por\" \/>\n\t<meta name=\"twitter:data1\" content=\"veronicapastor\" \/>\n\t<meta name=\"twitter:label2\" content=\"Tiempo de lectura\" \/>\n\t<meta name=\"twitter:data2\" content=\"2 minutos\" \/>\n<script type=\"application\/ld+json\" class=\"yoast-schema-graph\">{\"@context\":\"https:\\\/\\\/schema.org\",\"@graph\":[{\"@type\":\"Article\",\"@id\":\"https:\\\/\\\/valenciasjb.salesianos.edu\\\/colegio\\\/fallece-jose-villanueva-salvador-del-club-deportivo-don-bosco\\\/#article\",\"isPartOf\":{\"@id\":\"https:\\\/\\\/valenciasjb.salesianos.edu\\\/colegio\\\/fallece-jose-villanueva-salvador-del-club-deportivo-don-bosco\\\/\"},\"author\":{\"name\":\"veronicapastor\",\"@id\":\"https:\\\/\\\/valenciasjb.salesianos.edu\\\/colegio\\\/#\\\/schema\\\/person\\\/1f45b67e52b27da175190a574db6bed9\"},\"headline\":\"Fallece Jos\u00e9 Villanueva Salvador del Club Deportivo Don Bosco\",\"datePublished\":\"2021-04-21T07:38:34+00:00\",\"dateModified\":\"2021-04-21T07:38:37+00:00\",\"mainEntityOfPage\":{\"@id\":\"https:\\\/\\\/valenciasjb.salesianos.edu\\\/colegio\\\/fallece-jose-villanueva-salvador-del-club-deportivo-don-bosco\\\/\"},\"wordCount\":416,\"image\":{\"@id\":\"https:\\\/\\\/valenciasjb.salesianos.edu\\\/colegio\\\/fallece-jose-villanueva-salvador-del-club-deportivo-don-bosco\\\/#primaryimage\"},\"thumbnailUrl\":\"https:\\\/\\\/valenciasjb.salesianos.edu\\\/colegio\\\/wp-content\\\/uploads\\\/sites\\\/2\\\/2021\\\/04\\\/Pepe-Villanueva-5-1.jpg\",\"articleSection\":[\"Noticia Colegio\",\"Noticia Deportes\"],\"inLanguage\":\"es\"},{\"@type\":\"WebPage\",\"@id\":\"https:\\\/\\\/valenciasjb.salesianos.edu\\\/colegio\\\/fallece-jose-villanueva-salvador-del-club-deportivo-don-bosco\\\/\",\"url\":\"https:\\\/\\\/valenciasjb.salesianos.edu\\\/colegio\\\/fallece-jose-villanueva-salvador-del-club-deportivo-don-bosco\\\/\",\"name\":\"Fallece Jos\u00e9 Villanueva Salvador del Club Deportivo Don Bosco - Colegio San Juan Bosco Valencia\",\"isPartOf\":{\"@id\":\"https:\\\/\\\/valenciasjb.salesianos.edu\\\/colegio\\\/#website\"},\"primaryImageOfPage\":{\"@id\":\"https:\\\/\\\/valenciasjb.salesianos.edu\\\/colegio\\\/fallece-jose-villanueva-salvador-del-club-deportivo-don-bosco\\\/#primaryimage\"},\"image\":{\"@id\":\"https:\\\/\\\/valenciasjb.salesianos.edu\\\/colegio\\\/fallece-jose-villanueva-salvador-del-club-deportivo-don-bosco\\\/#primaryimage\"},\"thumbnailUrl\":\"https:\\\/\\\/valenciasjb.salesianos.edu\\\/colegio\\\/wp-content\\\/uploads\\\/sites\\\/2\\\/2021\\\/04\\\/Pepe-Villanueva-5-1.jpg\",\"datePublished\":\"2021-04-21T07:38:34+00:00\",\"dateModified\":\"2021-04-21T07:38:37+00:00\",\"author\":{\"@id\":\"https:\\\/\\\/valenciasjb.salesianos.edu\\\/colegio\\\/#\\\/schema\\\/person\\\/1f45b67e52b27da175190a574db6bed9\"},\"breadcrumb\":{\"@id\":\"https:\\\/\\\/valenciasjb.salesianos.edu\\\/colegio\\\/fallece-jose-villanueva-salvador-del-club-deportivo-don-bosco\\\/#breadcrumb\"},\"inLanguage\":\"es\",\"potentialAction\":[{\"@type\":\"ReadAction\",\"target\":[\"https:\\\/\\\/valenciasjb.salesianos.edu\\\/colegio\\\/fallece-jose-villanueva-salvador-del-club-deportivo-don-bosco\\\/\"]}]},{\"@type\":\"ImageObject\",\"inLanguage\":\"es\",\"@id\":\"https:\\\/\\\/valenciasjb.salesianos.edu\\\/colegio\\\/fallece-jose-villanueva-salvador-del-club-deportivo-don-bosco\\\/#primaryimage\",\"url\":\"https:\\\/\\\/valenciasjb.salesianos.edu\\\/colegio\\\/wp-content\\\/uploads\\\/sites\\\/2\\\/2021\\\/04\\\/Pepe-Villanueva-5-1.jpg\",\"contentUrl\":\"https:\\\/\\\/valenciasjb.salesianos.edu\\\/colegio\\\/wp-content\\\/uploads\\\/sites\\\/2\\\/2021\\\/04\\\/Pepe-Villanueva-5-1.jpg\",\"width\":1175,\"height\":1029},{\"@type\":\"BreadcrumbList\",\"@id\":\"https:\\\/\\\/valenciasjb.salesianos.edu\\\/colegio\\\/fallece-jose-villanueva-salvador-del-club-deportivo-don-bosco\\\/#breadcrumb\",\"itemListElement\":[{\"@type\":\"ListItem\",\"position\":1,\"name\":\"Portada\",\"item\":\"https:\\\/\\\/valenciasjb.salesianos.edu\\\/colegio\\\/\"},{\"@type\":\"ListItem\",\"position\":2,\"name\":\"Fallece Jos\u00e9 Villanueva Salvador del Club Deportivo Don Bosco\"}]},{\"@type\":\"WebSite\",\"@id\":\"https:\\\/\\\/valenciasjb.salesianos.edu\\\/colegio\\\/#website\",\"url\":\"https:\\\/\\\/valenciasjb.salesianos.edu\\\/colegio\\\/\",\"name\":\"Colegio San Juan Bosco Valencia\",\"description\":\"P\u00e1gina oficial del Colegio Salesianos San Juan Bosco Valencia\",\"alternateName\":\"Salesianos.VSJB\",\"potentialAction\":[{\"@type\":\"SearchAction\",\"target\":{\"@type\":\"EntryPoint\",\"urlTemplate\":\"https:\\\/\\\/valenciasjb.salesianos.edu\\\/colegio\\\/?s={search_term_string}\"},\"query-input\":{\"@type\":\"PropertyValueSpecification\",\"valueRequired\":true,\"valueName\":\"search_term_string\"}}],\"inLanguage\":\"es\"},{\"@type\":\"Person\",\"@id\":\"https:\\\/\\\/valenciasjb.salesianos.edu\\\/colegio\\\/#\\\/schema\\\/person\\\/1f45b67e52b27da175190a574db6bed9\",\"name\":\"veronicapastor\",\"image\":{\"@type\":\"ImageObject\",\"inLanguage\":\"es\",\"@id\":\"https:\\\/\\\/secure.gravatar.com\\\/avatar\\\/e29bd40bace3fd935e1d6fdb7313ffc14628cc037c5e16f4c7369b20a2a6f7f0?s=96&d=mm&r=g\",\"url\":\"https:\\\/\\\/secure.gravatar.com\\\/avatar\\\/e29bd40bace3fd935e1d6fdb7313ffc14628cc037c5e16f4c7369b20a2a6f7f0?s=96&d=mm&r=g\",\"contentUrl\":\"https:\\\/\\\/secure.gravatar.com\\\/avatar\\\/e29bd40bace3fd935e1d6fdb7313ffc14628cc037c5e16f4c7369b20a2a6f7f0?s=96&d=mm&r=g\",\"caption\":\"veronicapastor\"}}]}<\/script>\n<!-- \/ Yoast SEO plugin. -->","yoast_head_json":{"title":"Fallece Jos\u00e9 Villanueva Salvador del Club Deportivo Don Bosco - Colegio San Juan Bosco Valencia","robots":{"index":"index","follow":"follow","max-snippet":"max-snippet:-1","max-image-preview":"max-image-preview:large","max-video-preview":"max-video-preview:-1"},"canonical":"https:\/\/valenciasjb.salesianos.edu\/colegio\/fallece-jose-villanueva-salvador-del-club-deportivo-don-bosco\/","og_locale":"es_ES","og_type":"article","og_title":"Fallece Jos\u00e9 Villanueva Salvador del Club Deportivo Don Bosco - Colegio San Juan Bosco Valencia","og_description":"El Club Deportivo Don Bosco, y con \u00e9l toda la Casa Salesiana de Val\u00e8ncia San Juan Bosco, ha sufrido la p\u00e9rdida de Jos\u00e9 Villanueva Salvador (1940-2021) el domingo 18 de abril. Pepe ha sido directivo y presidente durante m\u00e1s de 40 a\u00f1os, as\u00ed como miembro del Consejo de la Obra Salesiana (COS) en la etapa [&hellip;]","og_url":"https:\/\/valenciasjb.salesianos.edu\/colegio\/fallece-jose-villanueva-salvador-del-club-deportivo-don-bosco\/","og_site_name":"Colegio San Juan Bosco Valencia","article_publisher":"https:\/\/www.facebook.com\/ColegioSalesianoSanJuanBoscoValencia","article_published_time":"2021-04-21T07:38:34+00:00","article_modified_time":"2021-04-21T07:38:37+00:00","og_image":[{"width":1175,"height":1029,"url":"https:\/\/valenciasjb.salesianos.edu\/colegio\/wp-content\/uploads\/sites\/2\/2021\/04\/Pepe-Villanueva-5-1.jpg","type":"image\/jpeg"}],"author":"veronicapastor","twitter_card":"summary_large_image","twitter_creator":"@SalesianosVSJB","twitter_site":"@SalesianosVSJB","twitter_misc":{"Escrito por":"veronicapastor","Tiempo de lectura":"2 minutos"},"schema":{"@context":"https:\/\/schema.org","@graph":[{"@type":"Article","@id":"https:\/\/valenciasjb.salesianos.edu\/colegio\/fallece-jose-villanueva-salvador-del-club-deportivo-don-bosco\/#article","isPartOf":{"@id":"https:\/\/valenciasjb.salesianos.edu\/colegio\/fallece-jose-villanueva-salvador-del-club-deportivo-don-bosco\/"},"author":{"name":"veronicapastor","@id":"https:\/\/valenciasjb.salesianos.edu\/colegio\/#\/schema\/person\/1f45b67e52b27da175190a574db6bed9"},"headline":"Fallece Jos\u00e9 Villanueva Salvador del Club Deportivo Don Bosco","datePublished":"2021-04-21T07:38:34+00:00","dateModified":"2021-04-21T07:38:37+00:00","mainEntityOfPage":{"@id":"https:\/\/valenciasjb.salesianos.edu\/colegio\/fallece-jose-villanueva-salvador-del-club-deportivo-don-bosco\/"},"wordCount":416,"image":{"@id":"https:\/\/valenciasjb.salesianos.edu\/colegio\/fallece-jose-villanueva-salvador-del-club-deportivo-don-bosco\/#primaryimage"},"thumbnailUrl":"https:\/\/valenciasjb.salesianos.edu\/colegio\/wp-content\/uploads\/sites\/2\/2021\/04\/Pepe-Villanueva-5-1.jpg","articleSection":["Noticia Colegio","Noticia Deportes"],"inLanguage":"es"},{"@type":"WebPage","@id":"https:\/\/valenciasjb.salesianos.edu\/colegio\/fallece-jose-villanueva-salvador-del-club-deportivo-don-bosco\/","url":"https:\/\/valenciasjb.salesianos.edu\/colegio\/fallece-jose-villanueva-salvador-del-club-deportivo-don-bosco\/","name":"Fallece Jos\u00e9 Villanueva Salvador del Club Deportivo Don Bosco - Colegio San Juan Bosco Valencia","isPartOf":{"@id":"https:\/\/valenciasjb.salesianos.edu\/colegio\/#website"},"primaryImageOfPage":{"@id":"https:\/\/valenciasjb.salesianos.edu\/colegio\/fallece-jose-villanueva-salvador-del-club-deportivo-don-bosco\/#primaryimage"},"image":{"@id":"https:\/\/valenciasjb.salesianos.edu\/colegio\/fallece-jose-villanueva-salvador-del-club-deportivo-don-bosco\/#primaryimage"},"thumbnailUrl":"https:\/\/valenciasjb.salesianos.edu\/colegio\/wp-content\/uploads\/sites\/2\/2021\/04\/Pepe-Villanueva-5-1.jpg","datePublished":"2021-04-21T07:38:34+00:00","dateModified":"2021-04-21T07:38:37+00:00","author":{"@id":"https:\/\/valenciasjb.salesianos.edu\/colegio\/#\/schema\/person\/1f45b67e52b27da175190a574db6bed9"},"breadcrumb":{"@id":"https:\/\/valenciasjb.salesianos.edu\/colegio\/fallece-jose-villanueva-salvador-del-club-deportivo-don-bosco\/#breadcrumb"},"inLanguage":"es","potentialAction":[{"@type":"ReadAction","target":["https:\/\/valenciasjb.salesianos.edu\/colegio\/fallece-jose-villanueva-salvador-del-club-deportivo-don-bosco\/"]}]},{"@type":"ImageObject","inLanguage":"es","@id":"https:\/\/valenciasjb.salesianos.edu\/colegio\/fallece-jose-villanueva-salvador-del-club-deportivo-don-bosco\/#primaryimage","url":"https:\/\/valenciasjb.salesianos.edu\/colegio\/wp-content\/uploads\/sites\/2\/2021\/04\/Pepe-Villanueva-5-1.jpg","contentUrl":"https:\/\/valenciasjb.salesianos.edu\/colegio\/wp-content\/uploads\/sites\/2\/2021\/04\/Pepe-Villanueva-5-1.jpg","width":1175,"height":1029},{"@type":"BreadcrumbList","@id":"https:\/\/valenciasjb.salesianos.edu\/colegio\/fallece-jose-villanueva-salvador-del-club-deportivo-don-bosco\/#breadcrumb","itemListElement":[{"@type":"ListItem","position":1,"name":"Portada","item":"https:\/\/valenciasjb.salesianos.edu\/colegio\/"},{"@type":"ListItem","position":2,"name":"Fallece Jos\u00e9 Villanueva Salvador del Club Deportivo Don Bosco"}]},{"@type":"WebSite","@id":"https:\/\/valenciasjb.salesianos.edu\/colegio\/#website","url":"https:\/\/valenciasjb.salesianos.edu\/colegio\/","name":"Colegio San Juan Bosco Valencia","description":"P\u00e1gina oficial del Colegio Salesianos San Juan Bosco Valencia","alternateName":"Salesianos.VSJB","potentialAction":[{"@type":"SearchAction","target":{"@type":"EntryPoint","urlTemplate":"https:\/\/valenciasjb.salesianos.edu\/colegio\/?s={search_term_string}"},"query-input":{"@type":"PropertyValueSpecification","valueRequired":true,"valueName":"search_term_string"}}],"inLanguage":"es"},{"@type":"Person","@id":"https:\/\/valenciasjb.salesianos.edu\/colegio\/#\/schema\/person\/1f45b67e52b27da175190a574db6bed9","name":"veronicapastor","image":{"@type":"ImageObject","inLanguage":"es","@id":"https:\/\/secure.gravatar.com\/avatar\/e29bd40bace3fd935e1d6fdb7313ffc14628cc037c5e16f4c7369b20a2a6f7f0?s=96&d=mm&r=g","url":"https:\/\/secure.gravatar.com\/avatar\/e29bd40bace3fd935e1d6fdb7313ffc14628cc037c5e16f4c7369b20a2a6f7f0?s=96&d=mm&r=g","contentUrl":"https:\/\/secure.gravatar.com\/avatar\/e29bd40bace3fd935e1d6fdb7313ffc14628cc037c5e16f4c7369b20a2a6f7f0?s=96&d=mm&r=g","caption":"veronicapastor"}}]}},"_links":{"self":[{"href":"https:\/\/valenciasjb.salesianos.edu\/colegio\/wp-json\/wp\/v2\/posts\/15276","targetHints":{"allow":["GET"]}}],"collection":[{"href":"https:\/\/valenciasjb.salesianos.edu\/colegio\/wp-json\/wp\/v2\/posts"}],"about":[{"href":"https:\/\/valenciasjb.salesianos.edu\/colegio\/wp-json\/wp\/v2\/types\/post"}],"author":[{"embeddable":true,"href":"https:\/\/valenciasjb.salesianos.edu\/colegio\/wp-json\/wp\/v2\/users\/6"}],"replies":[{"embeddable":true,"href":"https:\/\/valenciasjb.salesianos.edu\/colegio\/wp-json\/wp\/v2\/comments?post=15276"}],"version-history":[{"count":2,"href":"https:\/\/valenciasjb.salesianos.edu\/colegio\/wp-json\/wp\/v2\/posts\/15276\/revisions"}],"predecessor-version":[{"id":15282,"href":"https:\/\/valenciasjb.salesianos.edu\/colegio\/wp-json\/wp\/v2\/posts\/15276\/revisions\/15282"}],"wp:featuredmedia":[{"embeddable":true,"href":"https:\/\/valenciasjb.salesianos.edu\/colegio\/wp-json\/wp\/v2\/media\/15280"}],"wp:attachment":[{"href":"https:\/\/valenciasjb.salesianos.edu\/colegio\/wp-json\/wp\/v2\/media?parent=15276"}],"wp:term":[{"taxonomy":"category","embeddable":true,"href":"https:\/\/valenciasjb.salesianos.edu\/colegio\/wp-json\/wp\/v2\/categories?post=15276"},{"taxonomy":"post_tag","embeddable":true,"href":"https:\/\/valenciasjb.salesianos.edu\/colegio\/wp-json\/wp\/v2\/tags?post=15276"}],"curies":[{"name":"wp","href":"https:\/\/api.w.org\/{rel}","templated":true}]}}