{"id":15345,"date":"2021-05-06T10:56:50","date_gmt":"2021-05-06T09:56:50","guid":{"rendered":"https:\/\/valenciasjb.salesianos.edu\/colegio\/?p=15345"},"modified":"2021-05-06T10:56:54","modified_gmt":"2021-05-06T09:56:54","slug":"juan-bautista-peris-roig-director-del-colegio-salesianos-san-juan-bosco-de-valencia-ha-sido-elegido-miembro-de-la-junta-rectora-de-la-asociacion-espanola-de-entidades-colaboradoras-de-la-ensenanza","status":"publish","type":"post","link":"https:\/\/valenciasjb.salesianos.edu\/colegio\/juan-bautista-peris-roig-director-del-colegio-salesianos-san-juan-bosco-de-valencia-ha-sido-elegido-miembro-de-la-junta-rectora-de-la-asociacion-espanola-de-entidades-colaboradoras-de-la-ensenanza\/","title":{"rendered":"Juan Bautista Peris Roig, director del colegio Salesianos San Juan Bosco de Valencia, ha sido elegido miembro de la junta rectora de la Asociaci\u00f3n Espa\u00f1ola de Entidades Colaboradoras de la Ense\u00f1anza (AESECE) en su LXI asamblea general"},"content":{"rendered":"<div id=\"fb-root\"><\/div>\n<p>[et_pb_section fb_built=\u00bb1&#8243; admin_label=\u00bbsection\u00bb _builder_version=\u00bb3.22&#8243;][et_pb_row admin_label=\u00bbrow\u00bb _builder_version=\u00bb3.25&#8243; background_size=\u00bbinitial\u00bb background_position=\u00bbtop_left\u00bb background_repeat=\u00bbrepeat\u00bb][et_pb_column type=\u00bb4_4&#8243; _builder_version=\u00bb3.25&#8243; custom_padding=\u00bb|||\u00bb custom_padding__hover=\u00bb|||\u00bb][et_pb_text admin_label=\u00bbEntradilla (Texto)\u00bb _builder_version=\u00bb4.9.4&#8243; text_font=\u00bb|on|||\u00bb text_orientation=\u00bbjustified\u00bb module_alignment=\u00bbjustified\u00bb]<\/p>\n<div id=\"resumen\">\n<p>AESECE es la organizaci\u00f3n de Titulares de Centros Concertados de Bachillerato en Espa\u00f1a. Afilia a 148 Centros concertados de Bachillerato provenientes de las antiguas Secciones Filiales de Instituto y de los Centros Concertados de Formaci\u00f3n Profesional.<\/p>\n<\/div>\n<div>\u00a0<\/div>\n<p>[\/et_pb_text][et_pb_text admin_label=\u00bbAutor (Texto)\u00bb _builder_version=\u00bb4.9.4&#8243; text_font=\u00bb||on||\u00bb]<\/p>\n<p>Redacci\u00f3n.<\/p>\n<p>[\/et_pb_text][et_pb_text admin_label=\u00bbDesarrollo (Texto)\u00bb _builder_version=\u00bb4.9.4&#8243; text_orientation=\u00bbjustified\u00bb module_alignment=\u00bbjustified\u00bb]<\/p>\n<p>Entre los objetivos de la asociaci\u00f3n est\u00e1 el alcanzar, en colaboraci\u00f3n con las Administraciones educativas, el m\u00e1ximo nivel en la educaci\u00f3n y formaci\u00f3n integral del alumnado que recibe las ense\u00f1anzas impartidas en las antiguas Secciones Filiales, hoy Centros homologados y, en general, en los Centros de Bachillerato de iniciativa social sostenidos con fondos p\u00fablicos.<\/p>\n<p>Las antiguas secciones filiales de Instituto nacieron en los \u00faltimos a\u00f1os 50, en la \u00e9poca en que Espa\u00f1a iniciaba su desarrollo econ\u00f3mico tras la guerra civil y los dif\u00edciles a\u00f1os de la post-guerra. Y nacieron como consecuencia del \u00e9xodo migratorio del campo a las ciudades, en cuyas zonas suburbiales se estaban creando extensos n\u00facleos de poblaci\u00f3n. Las estructuras educativas del Estado se\u00a0 vieron desbordadas por el trasvase migratorio. La Administraci\u00f3n, sin recursos para atender a la poblaci\u00f3n escolar en esas zonas marginales, se vio obligada a buscar f\u00f3rmulas de colaboraci\u00f3n con la sociedad civil: poniendo en pr\u00e1ctica el principio de subsidiariedad, tan propio de la doctrina social cristiana, solicit\u00f3 la cooperaci\u00f3n de Instituciones intermedias, tanto en el campo de los recursos humanos como en el de la financiaci\u00f3n y construcci\u00f3n de nuevos centros educativos. Y diversas Instituciones, la mayor\u00eda eclesiales, plasmaron sus carismas en la satisfacci\u00f3n de perentorias necesidades sociales y religiosas de la poblaci\u00f3n.<\/p>\n<p>Estos Centros han sido un excelente instrumento para la extensi\u00f3n de los estudios de Bachillerato en zonas deprimidas de nuestro pa\u00eds; y que, despu\u00e9s, han ido adapt\u00e1ndose a su evoluci\u00f3n pol\u00edtica, econ\u00f3mica y educativa para acomodar su servicio a las demandas sociales y religiosas de la sociedad.<\/p>\n<p>La existencia de las Filiales a lo largo de m\u00e1s de 40 a\u00f1os constituye un ejemplo espl\u00e9ndido de colaboraci\u00f3n entre el Estado y la sociedad; es testimonio, adem\u00e1s, de una labor que tiene acreditado un alt\u00edsimo valor social por cuanto, excluyendo todo \u00e1nimo de lucro, estos centros\u00a0 han atendido, desde su origen, a una poblaci\u00f3n escolar de estatus modesto en condiciones de pr\u00e1ctica gratuidad; y, por \u00faltimo, ha proporcionado y proporciona un considerable ahorro de fondos p\u00fablicos a la sociedad espa\u00f1ola, ofreciendo, simult\u00e1neamente, una educaci\u00f3n de bajo coste y alta calidad.<\/p>\n<p>JBPR agradece la confianza depositada en \u00e9l y afirma que \u201cquiere ayudar a poner en valor todo el trabajo que realizan las comunidades educativas de nuestros centros para transformar nuestra sociedad desde una vocaci\u00f3n de servicio y educando bajo la perspectiva de la excelencia inclusiva\u201d.<\/p>\n<p>[\/et_pb_text][et_pb_text disabled_on=\u00bboff|on|on\u00bb admin_label=\u00bbT\u00edtulo: Galer\u00eda de fotos (Texto)\u00bb _builder_version=\u00bb3.27.4&#8243; text_font=\u00bb|on|||\u00bb text_text_color=\u00bb#dc001b\u00bb border_style=\u00bbsolid\u00bb]Galer\u00eda de im\u00e1genes<br \/>\n[\/et_pb_text][et_pb_gallery posts_number=\u00bb8&#8243; show_title_and_caption=\u00bboff\u00bb zoom_icon_color=\u00bb#dc001b\u00bb hover_icon=\u00bb%%51%%\u00bb disabled_on=\u00bboff|off|off\u00bb _builder_version=\u00bb4.9.4&#8243; hover_enabled=\u00bb0&#8243; pagination_font_size_tablet=\u00bb51&#8243; pagination_line_height_tablet=\u00bb2&#8243; sticky_enabled=\u00bb0&#8243; gallery_ids=\u00bb15363&#8243;][\/et_pb_gallery][et_pb_video disabled_on=\u00bbon|on|on\u00bb _builder_version=\u00bb3.0.51&#8243; disabled=\u00bbon\u00bb][\/et_pb_video][\/et_pb_column][\/et_pb_row][\/et_pb_section]<\/p>\n<!-- AddThis Advanced Settings generic via filter on the_content --><!-- AddThis Share Buttons generic via filter on the_content -->","protected":false},"excerpt":{"rendered":"<p>AESECE es la organizaci\u00f3n de Titulares de Centros Concertados de Bachillerato en Espa\u00f1a. Afilia a 148 Centros concertados de Bachillerato provenientes de las antiguas Secciones Filiales de Instituto y de los Centros Concertados de Formaci\u00f3n Profesional. \u00a0Redacci\u00f3n.Entre los objetivos de la asociaci\u00f3n est\u00e1 el alcanzar, en colaboraci\u00f3n con las Administraciones educativas, el m\u00e1ximo nivel en [&hellip;]<\/p>\n<p><!-- AddThis Advanced Settings generic via filter on get_the_excerpt --><!-- AddThis Share Buttons generic via filter on get_the_excerpt --><\/p>\n","protected":false},"author":6,"featured_media":15363,"comment_status":"closed","ping_status":"open","sticky":false,"template":"","format":"standard","meta":{"_et_pb_use_builder":"on","_et_pb_old_content":"","_et_gb_content_width":"","footnotes":""},"categories":[14],"tags":[],"class_list":["post-15345","post","type-post","status-publish","format-standard","has-post-thumbnail","hentry","category-noticia_colegio"],"yoast_head":"<!-- This site is optimized with the Yoast SEO plugin v28.4 - https:\/\/yoast.com\/product\/yoast-seo-wordpress\/ -->\n<title>Juan Bautista Peris Roig, director del colegio Salesianos San Juan Bosco de Valencia, ha sido elegido miembro de la junta rectora de la Asociaci\u00f3n Espa\u00f1ola de Entidades Colaboradoras de la Ense\u00f1anza (AESECE) en su LXI asamblea general - Colegio San Juan Bosco Valencia<\/title>\n<meta name=\"robots\" content=\"index, follow, max-snippet:-1, max-image-preview:large, max-video-preview:-1\" \/>\n<link rel=\"canonical\" href=\"https:\/\/valenciasjb.salesianos.edu\/colegio\/juan-bautista-peris-roig-director-del-colegio-salesianos-san-juan-bosco-de-valencia-ha-sido-elegido-miembro-de-la-junta-rectora-de-la-asociacion-espanola-de-entidades-colaboradoras-de-la-ensenanza\/\" \/>\n<meta property=\"og:locale\" content=\"es_ES\" \/>\n<meta property=\"og:type\" content=\"article\" \/>\n<meta property=\"og:title\" content=\"Juan Bautista Peris Roig, director del colegio Salesianos San Juan Bosco de Valencia, ha sido elegido miembro de la junta rectora de la Asociaci\u00f3n Espa\u00f1ola de Entidades Colaboradoras de la Ense\u00f1anza (AESECE) en su LXI asamblea general - Colegio San Juan Bosco Valencia\" \/>\n<meta property=\"og:description\" content=\"AESECE es la organizaci\u00f3n de Titulares de Centros Concertados de Bachillerato en Espa\u00f1a. Afilia a 148 Centros concertados de Bachillerato provenientes de las antiguas Secciones Filiales de Instituto y de los Centros Concertados de Formaci\u00f3n Profesional. \u00a0Redacci\u00f3n.Entre los objetivos de la asociaci\u00f3n est\u00e1 el alcanzar, en colaboraci\u00f3n con las Administraciones educativas, el m\u00e1ximo nivel en [&hellip;]\" \/>\n<meta property=\"og:url\" content=\"https:\/\/valenciasjb.salesianos.edu\/colegio\/juan-bautista-peris-roig-director-del-colegio-salesianos-san-juan-bosco-de-valencia-ha-sido-elegido-miembro-de-la-junta-rectora-de-la-asociacion-espanola-de-entidades-colaboradoras-de-la-ensenanza\/\" \/>\n<meta property=\"og:site_name\" content=\"Colegio San Juan Bosco Valencia\" \/>\n<meta property=\"article:publisher\" content=\"https:\/\/www.facebook.com\/ColegioSalesianoSanJuanBoscoValencia\" \/>\n<meta property=\"article:published_time\" content=\"2021-05-06T09:56:50+00:00\" \/>\n<meta property=\"article:modified_time\" content=\"2021-05-06T09:56:54+00:00\" \/>\n<meta property=\"og:image\" content=\"https:\/\/valenciasjb.salesianos.edu\/colegio\/wp-content\/uploads\/sites\/2\/2021\/05\/20796224S.jpg\" \/>\n\t<meta property=\"og:image:width\" content=\"349\" \/>\n\t<meta property=\"og:image:height\" content=\"350\" \/>\n\t<meta property=\"og:image:type\" content=\"image\/jpeg\" \/>\n<meta name=\"author\" content=\"veronicapastor\" \/>\n<meta name=\"twitter:card\" content=\"summary_large_image\" \/>\n<meta name=\"twitter:creator\" content=\"@SalesianosVSJB\" \/>\n<meta name=\"twitter:site\" content=\"@SalesianosVSJB\" \/>\n<meta name=\"twitter:label1\" content=\"Escrito por\" \/>\n\t<meta name=\"twitter:data1\" content=\"veronicapastor\" \/>\n\t<meta name=\"twitter:label2\" content=\"Tiempo de lectura\" \/>\n\t<meta name=\"twitter:data2\" content=\"3 minutos\" \/>\n<script type=\"application\/ld+json\" class=\"yoast-schema-graph\">{\"@context\":\"https:\\\/\\\/schema.org\",\"@graph\":[{\"@type\":\"Article\",\"@id\":\"https:\\\/\\\/valenciasjb.salesianos.edu\\\/colegio\\\/juan-bautista-peris-roig-director-del-colegio-salesianos-san-juan-bosco-de-valencia-ha-sido-elegido-miembro-de-la-junta-rectora-de-la-asociacion-espanola-de-entidades-colaboradoras-de-la-ensenanza\\\/#article\",\"isPartOf\":{\"@id\":\"https:\\\/\\\/valenciasjb.salesianos.edu\\\/colegio\\\/juan-bautista-peris-roig-director-del-colegio-salesianos-san-juan-bosco-de-valencia-ha-sido-elegido-miembro-de-la-junta-rectora-de-la-asociacion-espanola-de-entidades-colaboradoras-de-la-ensenanza\\\/\"},\"author\":{\"name\":\"veronicapastor\",\"@id\":\"https:\\\/\\\/valenciasjb.salesianos.edu\\\/colegio\\\/#\\\/schema\\\/person\\\/1f45b67e52b27da175190a574db6bed9\"},\"headline\":\"Juan Bautista Peris Roig, director del colegio Salesianos San Juan Bosco de Valencia, ha sido elegido miembro de la junta rectora de la Asociaci\u00f3n Espa\u00f1ola de Entidades Colaboradoras de la Ense\u00f1anza (AESECE) en su LXI asamblea general\",\"datePublished\":\"2021-05-06T09:56:50+00:00\",\"dateModified\":\"2021-05-06T09:56:54+00:00\",\"mainEntityOfPage\":{\"@id\":\"https:\\\/\\\/valenciasjb.salesianos.edu\\\/colegio\\\/juan-bautista-peris-roig-director-del-colegio-salesianos-san-juan-bosco-de-valencia-ha-sido-elegido-miembro-de-la-junta-rectora-de-la-asociacion-espanola-de-entidades-colaboradoras-de-la-ensenanza\\\/\"},\"wordCount\":711,\"image\":{\"@id\":\"https:\\\/\\\/valenciasjb.salesianos.edu\\\/colegio\\\/juan-bautista-peris-roig-director-del-colegio-salesianos-san-juan-bosco-de-valencia-ha-sido-elegido-miembro-de-la-junta-rectora-de-la-asociacion-espanola-de-entidades-colaboradoras-de-la-ensenanza\\\/#primaryimage\"},\"thumbnailUrl\":\"https:\\\/\\\/valenciasjb.salesianos.edu\\\/colegio\\\/wp-content\\\/uploads\\\/sites\\\/2\\\/2021\\\/05\\\/20796224S.jpg\",\"articleSection\":[\"Noticia Colegio\"],\"inLanguage\":\"es\"},{\"@type\":\"WebPage\",\"@id\":\"https:\\\/\\\/valenciasjb.salesianos.edu\\\/colegio\\\/juan-bautista-peris-roig-director-del-colegio-salesianos-san-juan-bosco-de-valencia-ha-sido-elegido-miembro-de-la-junta-rectora-de-la-asociacion-espanola-de-entidades-colaboradoras-de-la-ensenanza\\\/\",\"url\":\"https:\\\/\\\/valenciasjb.salesianos.edu\\\/colegio\\\/juan-bautista-peris-roig-director-del-colegio-salesianos-san-juan-bosco-de-valencia-ha-sido-elegido-miembro-de-la-junta-rectora-de-la-asociacion-espanola-de-entidades-colaboradoras-de-la-ensenanza\\\/\",\"name\":\"Juan Bautista Peris Roig, director del colegio Salesianos San Juan Bosco de Valencia, ha sido elegido miembro de la junta rectora de la Asociaci\u00f3n Espa\u00f1ola de Entidades Colaboradoras de la Ense\u00f1anza (AESECE) en su LXI asamblea general - Colegio San Juan Bosco Valencia\",\"isPartOf\":{\"@id\":\"https:\\\/\\\/valenciasjb.salesianos.edu\\\/colegio\\\/#website\"},\"primaryImageOfPage\":{\"@id\":\"https:\\\/\\\/valenciasjb.salesianos.edu\\\/colegio\\\/juan-bautista-peris-roig-director-del-colegio-salesianos-san-juan-bosco-de-valencia-ha-sido-elegido-miembro-de-la-junta-rectora-de-la-asociacion-espanola-de-entidades-colaboradoras-de-la-ensenanza\\\/#primaryimage\"},\"image\":{\"@id\":\"https:\\\/\\\/valenciasjb.salesianos.edu\\\/colegio\\\/juan-bautista-peris-roig-director-del-colegio-salesianos-san-juan-bosco-de-valencia-ha-sido-elegido-miembro-de-la-junta-rectora-de-la-asociacion-espanola-de-entidades-colaboradoras-de-la-ensenanza\\\/#primaryimage\"},\"thumbnailUrl\":\"https:\\\/\\\/valenciasjb.salesianos.edu\\\/colegio\\\/wp-content\\\/uploads\\\/sites\\\/2\\\/2021\\\/05\\\/20796224S.jpg\",\"datePublished\":\"2021-05-06T09:56:50+00:00\",\"dateModified\":\"2021-05-06T09:56:54+00:00\",\"author\":{\"@id\":\"https:\\\/\\\/valenciasjb.salesianos.edu\\\/colegio\\\/#\\\/schema\\\/person\\\/1f45b67e52b27da175190a574db6bed9\"},\"breadcrumb\":{\"@id\":\"https:\\\/\\\/valenciasjb.salesianos.edu\\\/colegio\\\/juan-bautista-peris-roig-director-del-colegio-salesianos-san-juan-bosco-de-valencia-ha-sido-elegido-miembro-de-la-junta-rectora-de-la-asociacion-espanola-de-entidades-colaboradoras-de-la-ensenanza\\\/#breadcrumb\"},\"inLanguage\":\"es\",\"potentialAction\":[{\"@type\":\"ReadAction\",\"target\":[\"https:\\\/\\\/valenciasjb.salesianos.edu\\\/colegio\\\/juan-bautista-peris-roig-director-del-colegio-salesianos-san-juan-bosco-de-valencia-ha-sido-elegido-miembro-de-la-junta-rectora-de-la-asociacion-espanola-de-entidades-colaboradoras-de-la-ensenanza\\\/\"]}]},{\"@type\":\"ImageObject\",\"inLanguage\":\"es\",\"@id\":\"https:\\\/\\\/valenciasjb.salesianos.edu\\\/colegio\\\/juan-bautista-peris-roig-director-del-colegio-salesianos-san-juan-bosco-de-valencia-ha-sido-elegido-miembro-de-la-junta-rectora-de-la-asociacion-espanola-de-entidades-colaboradoras-de-la-ensenanza\\\/#primaryimage\",\"url\":\"https:\\\/\\\/valenciasjb.salesianos.edu\\\/colegio\\\/wp-content\\\/uploads\\\/sites\\\/2\\\/2021\\\/05\\\/20796224S.jpg\",\"contentUrl\":\"https:\\\/\\\/valenciasjb.salesianos.edu\\\/colegio\\\/wp-content\\\/uploads\\\/sites\\\/2\\\/2021\\\/05\\\/20796224S.jpg\",\"width\":349,\"height\":350},{\"@type\":\"BreadcrumbList\",\"@id\":\"https:\\\/\\\/valenciasjb.salesianos.edu\\\/colegio\\\/juan-bautista-peris-roig-director-del-colegio-salesianos-san-juan-bosco-de-valencia-ha-sido-elegido-miembro-de-la-junta-rectora-de-la-asociacion-espanola-de-entidades-colaboradoras-de-la-ensenanza\\\/#breadcrumb\",\"itemListElement\":[{\"@type\":\"ListItem\",\"position\":1,\"name\":\"Portada\",\"item\":\"https:\\\/\\\/valenciasjb.salesianos.edu\\\/colegio\\\/\"},{\"@type\":\"ListItem\",\"position\":2,\"name\":\"Juan Bautista Peris Roig, director del colegio Salesianos San Juan Bosco de Valencia, ha sido elegido miembro de la junta rectora de la Asociaci\u00f3n Espa\u00f1ola de Entidades Colaboradoras de la Ense\u00f1anza (AESECE) en su LXI asamblea general\"}]},{\"@type\":\"WebSite\",\"@id\":\"https:\\\/\\\/valenciasjb.salesianos.edu\\\/colegio\\\/#website\",\"url\":\"https:\\\/\\\/valenciasjb.salesianos.edu\\\/colegio\\\/\",\"name\":\"Colegio San Juan Bosco Valencia\",\"description\":\"P\u00e1gina oficial del Colegio Salesianos San Juan Bosco Valencia\",\"alternateName\":\"Salesianos.VSJB\",\"potentialAction\":[{\"@type\":\"SearchAction\",\"target\":{\"@type\":\"EntryPoint\",\"urlTemplate\":\"https:\\\/\\\/valenciasjb.salesianos.edu\\\/colegio\\\/?s={search_term_string}\"},\"query-input\":{\"@type\":\"PropertyValueSpecification\",\"valueRequired\":true,\"valueName\":\"search_term_string\"}}],\"inLanguage\":\"es\"},{\"@type\":\"Person\",\"@id\":\"https:\\\/\\\/valenciasjb.salesianos.edu\\\/colegio\\\/#\\\/schema\\\/person\\\/1f45b67e52b27da175190a574db6bed9\",\"name\":\"veronicapastor\",\"image\":{\"@type\":\"ImageObject\",\"inLanguage\":\"es\",\"@id\":\"https:\\\/\\\/secure.gravatar.com\\\/avatar\\\/e29bd40bace3fd935e1d6fdb7313ffc14628cc037c5e16f4c7369b20a2a6f7f0?s=96&d=mm&r=g\",\"url\":\"https:\\\/\\\/secure.gravatar.com\\\/avatar\\\/e29bd40bace3fd935e1d6fdb7313ffc14628cc037c5e16f4c7369b20a2a6f7f0?s=96&d=mm&r=g\",\"contentUrl\":\"https:\\\/\\\/secure.gravatar.com\\\/avatar\\\/e29bd40bace3fd935e1d6fdb7313ffc14628cc037c5e16f4c7369b20a2a6f7f0?s=96&d=mm&r=g\",\"caption\":\"veronicapastor\"}}]}<\/script>\n<!-- \/ Yoast SEO plugin. -->","yoast_head_json":{"title":"Juan Bautista Peris Roig, director del colegio Salesianos San Juan Bosco de Valencia, ha sido elegido miembro de la junta rectora de la Asociaci\u00f3n Espa\u00f1ola de Entidades Colaboradoras de la Ense\u00f1anza (AESECE) en su LXI asamblea general - Colegio San Juan Bosco Valencia","robots":{"index":"index","follow":"follow","max-snippet":"max-snippet:-1","max-image-preview":"max-image-preview:large","max-video-preview":"max-video-preview:-1"},"canonical":"https:\/\/valenciasjb.salesianos.edu\/colegio\/juan-bautista-peris-roig-director-del-colegio-salesianos-san-juan-bosco-de-valencia-ha-sido-elegido-miembro-de-la-junta-rectora-de-la-asociacion-espanola-de-entidades-colaboradoras-de-la-ensenanza\/","og_locale":"es_ES","og_type":"article","og_title":"Juan Bautista Peris Roig, director del colegio Salesianos San Juan Bosco de Valencia, ha sido elegido miembro de la junta rectora de la Asociaci\u00f3n Espa\u00f1ola de Entidades Colaboradoras de la Ense\u00f1anza (AESECE) en su LXI asamblea general - Colegio San Juan Bosco Valencia","og_description":"AESECE es la organizaci\u00f3n de Titulares de Centros Concertados de Bachillerato en Espa\u00f1a. Afilia a 148 Centros concertados de Bachillerato provenientes de las antiguas Secciones Filiales de Instituto y de los Centros Concertados de Formaci\u00f3n Profesional. \u00a0Redacci\u00f3n.Entre los objetivos de la asociaci\u00f3n est\u00e1 el alcanzar, en colaboraci\u00f3n con las Administraciones educativas, el m\u00e1ximo nivel en [&hellip;]","og_url":"https:\/\/valenciasjb.salesianos.edu\/colegio\/juan-bautista-peris-roig-director-del-colegio-salesianos-san-juan-bosco-de-valencia-ha-sido-elegido-miembro-de-la-junta-rectora-de-la-asociacion-espanola-de-entidades-colaboradoras-de-la-ensenanza\/","og_site_name":"Colegio San Juan Bosco Valencia","article_publisher":"https:\/\/www.facebook.com\/ColegioSalesianoSanJuanBoscoValencia","article_published_time":"2021-05-06T09:56:50+00:00","article_modified_time":"2021-05-06T09:56:54+00:00","og_image":[{"width":349,"height":350,"url":"https:\/\/valenciasjb.salesianos.edu\/colegio\/wp-content\/uploads\/sites\/2\/2021\/05\/20796224S.jpg","type":"image\/jpeg"}],"author":"veronicapastor","twitter_card":"summary_large_image","twitter_creator":"@SalesianosVSJB","twitter_site":"@SalesianosVSJB","twitter_misc":{"Escrito por":"veronicapastor","Tiempo de lectura":"3 minutos"},"schema":{"@context":"https:\/\/schema.org","@graph":[{"@type":"Article","@id":"https:\/\/valenciasjb.salesianos.edu\/colegio\/juan-bautista-peris-roig-director-del-colegio-salesianos-san-juan-bosco-de-valencia-ha-sido-elegido-miembro-de-la-junta-rectora-de-la-asociacion-espanola-de-entidades-colaboradoras-de-la-ensenanza\/#article","isPartOf":{"@id":"https:\/\/valenciasjb.salesianos.edu\/colegio\/juan-bautista-peris-roig-director-del-colegio-salesianos-san-juan-bosco-de-valencia-ha-sido-elegido-miembro-de-la-junta-rectora-de-la-asociacion-espanola-de-entidades-colaboradoras-de-la-ensenanza\/"},"author":{"name":"veronicapastor","@id":"https:\/\/valenciasjb.salesianos.edu\/colegio\/#\/schema\/person\/1f45b67e52b27da175190a574db6bed9"},"headline":"Juan Bautista Peris Roig, director del colegio Salesianos San Juan Bosco de Valencia, ha sido elegido miembro de la junta rectora de la Asociaci\u00f3n Espa\u00f1ola de Entidades Colaboradoras de la Ense\u00f1anza (AESECE) en su LXI asamblea general","datePublished":"2021-05-06T09:56:50+00:00","dateModified":"2021-05-06T09:56:54+00:00","mainEntityOfPage":{"@id":"https:\/\/valenciasjb.salesianos.edu\/colegio\/juan-bautista-peris-roig-director-del-colegio-salesianos-san-juan-bosco-de-valencia-ha-sido-elegido-miembro-de-la-junta-rectora-de-la-asociacion-espanola-de-entidades-colaboradoras-de-la-ensenanza\/"},"wordCount":711,"image":{"@id":"https:\/\/valenciasjb.salesianos.edu\/colegio\/juan-bautista-peris-roig-director-del-colegio-salesianos-san-juan-bosco-de-valencia-ha-sido-elegido-miembro-de-la-junta-rectora-de-la-asociacion-espanola-de-entidades-colaboradoras-de-la-ensenanza\/#primaryimage"},"thumbnailUrl":"https:\/\/valenciasjb.salesianos.edu\/colegio\/wp-content\/uploads\/sites\/2\/2021\/05\/20796224S.jpg","articleSection":["Noticia Colegio"],"inLanguage":"es"},{"@type":"WebPage","@id":"https:\/\/valenciasjb.salesianos.edu\/colegio\/juan-bautista-peris-roig-director-del-colegio-salesianos-san-juan-bosco-de-valencia-ha-sido-elegido-miembro-de-la-junta-rectora-de-la-asociacion-espanola-de-entidades-colaboradoras-de-la-ensenanza\/","url":"https:\/\/valenciasjb.salesianos.edu\/colegio\/juan-bautista-peris-roig-director-del-colegio-salesianos-san-juan-bosco-de-valencia-ha-sido-elegido-miembro-de-la-junta-rectora-de-la-asociacion-espanola-de-entidades-colaboradoras-de-la-ensenanza\/","name":"Juan Bautista Peris Roig, director del colegio Salesianos San Juan Bosco de Valencia, ha sido elegido miembro de la junta rectora de la Asociaci\u00f3n Espa\u00f1ola de Entidades Colaboradoras de la Ense\u00f1anza (AESECE) en su LXI asamblea general - Colegio San Juan Bosco Valencia","isPartOf":{"@id":"https:\/\/valenciasjb.salesianos.edu\/colegio\/#website"},"primaryImageOfPage":{"@id":"https:\/\/valenciasjb.salesianos.edu\/colegio\/juan-bautista-peris-roig-director-del-colegio-salesianos-san-juan-bosco-de-valencia-ha-sido-elegido-miembro-de-la-junta-rectora-de-la-asociacion-espanola-de-entidades-colaboradoras-de-la-ensenanza\/#primaryimage"},"image":{"@id":"https:\/\/valenciasjb.salesianos.edu\/colegio\/juan-bautista-peris-roig-director-del-colegio-salesianos-san-juan-bosco-de-valencia-ha-sido-elegido-miembro-de-la-junta-rectora-de-la-asociacion-espanola-de-entidades-colaboradoras-de-la-ensenanza\/#primaryimage"},"thumbnailUrl":"https:\/\/valenciasjb.salesianos.edu\/colegio\/wp-content\/uploads\/sites\/2\/2021\/05\/20796224S.jpg","datePublished":"2021-05-06T09:56:50+00:00","dateModified":"2021-05-06T09:56:54+00:00","author":{"@id":"https:\/\/valenciasjb.salesianos.edu\/colegio\/#\/schema\/person\/1f45b67e52b27da175190a574db6bed9"},"breadcrumb":{"@id":"https:\/\/valenciasjb.salesianos.edu\/colegio\/juan-bautista-peris-roig-director-del-colegio-salesianos-san-juan-bosco-de-valencia-ha-sido-elegido-miembro-de-la-junta-rectora-de-la-asociacion-espanola-de-entidades-colaboradoras-de-la-ensenanza\/#breadcrumb"},"inLanguage":"es","potentialAction":[{"@type":"ReadAction","target":["https:\/\/valenciasjb.salesianos.edu\/colegio\/juan-bautista-peris-roig-director-del-colegio-salesianos-san-juan-bosco-de-valencia-ha-sido-elegido-miembro-de-la-junta-rectora-de-la-asociacion-espanola-de-entidades-colaboradoras-de-la-ensenanza\/"]}]},{"@type":"ImageObject","inLanguage":"es","@id":"https:\/\/valenciasjb.salesianos.edu\/colegio\/juan-bautista-peris-roig-director-del-colegio-salesianos-san-juan-bosco-de-valencia-ha-sido-elegido-miembro-de-la-junta-rectora-de-la-asociacion-espanola-de-entidades-colaboradoras-de-la-ensenanza\/#primaryimage","url":"https:\/\/valenciasjb.salesianos.edu\/colegio\/wp-content\/uploads\/sites\/2\/2021\/05\/20796224S.jpg","contentUrl":"https:\/\/valenciasjb.salesianos.edu\/colegio\/wp-content\/uploads\/sites\/2\/2021\/05\/20796224S.jpg","width":349,"height":350},{"@type":"BreadcrumbList","@id":"https:\/\/valenciasjb.salesianos.edu\/colegio\/juan-bautista-peris-roig-director-del-colegio-salesianos-san-juan-bosco-de-valencia-ha-sido-elegido-miembro-de-la-junta-rectora-de-la-asociacion-espanola-de-entidades-colaboradoras-de-la-ensenanza\/#breadcrumb","itemListElement":[{"@type":"ListItem","position":1,"name":"Portada","item":"https:\/\/valenciasjb.salesianos.edu\/colegio\/"},{"@type":"ListItem","position":2,"name":"Juan Bautista Peris Roig, director del colegio Salesianos San Juan Bosco de Valencia, ha sido elegido miembro de la junta rectora de la Asociaci\u00f3n Espa\u00f1ola de Entidades Colaboradoras de la Ense\u00f1anza (AESECE) en su LXI asamblea general"}]},{"@type":"WebSite","@id":"https:\/\/valenciasjb.salesianos.edu\/colegio\/#website","url":"https:\/\/valenciasjb.salesianos.edu\/colegio\/","name":"Colegio San Juan Bosco Valencia","description":"P\u00e1gina oficial del Colegio Salesianos San Juan Bosco Valencia","alternateName":"Salesianos.VSJB","potentialAction":[{"@type":"SearchAction","target":{"@type":"EntryPoint","urlTemplate":"https:\/\/valenciasjb.salesianos.edu\/colegio\/?s={search_term_string}"},"query-input":{"@type":"PropertyValueSpecification","valueRequired":true,"valueName":"search_term_string"}}],"inLanguage":"es"},{"@type":"Person","@id":"https:\/\/valenciasjb.salesianos.edu\/colegio\/#\/schema\/person\/1f45b67e52b27da175190a574db6bed9","name":"veronicapastor","image":{"@type":"ImageObject","inLanguage":"es","@id":"https:\/\/secure.gravatar.com\/avatar\/e29bd40bace3fd935e1d6fdb7313ffc14628cc037c5e16f4c7369b20a2a6f7f0?s=96&d=mm&r=g","url":"https:\/\/secure.gravatar.com\/avatar\/e29bd40bace3fd935e1d6fdb7313ffc14628cc037c5e16f4c7369b20a2a6f7f0?s=96&d=mm&r=g","contentUrl":"https:\/\/secure.gravatar.com\/avatar\/e29bd40bace3fd935e1d6fdb7313ffc14628cc037c5e16f4c7369b20a2a6f7f0?s=96&d=mm&r=g","caption":"veronicapastor"}}]}},"_links":{"self":[{"href":"https:\/\/valenciasjb.salesianos.edu\/colegio\/wp-json\/wp\/v2\/posts\/15345","targetHints":{"allow":["GET"]}}],"collection":[{"href":"https:\/\/valenciasjb.salesianos.edu\/colegio\/wp-json\/wp\/v2\/posts"}],"about":[{"href":"https:\/\/valenciasjb.salesianos.edu\/colegio\/wp-json\/wp\/v2\/types\/post"}],"author":[{"embeddable":true,"href":"https:\/\/valenciasjb.salesianos.edu\/colegio\/wp-json\/wp\/v2\/users\/6"}],"replies":[{"embeddable":true,"href":"https:\/\/valenciasjb.salesianos.edu\/colegio\/wp-json\/wp\/v2\/comments?post=15345"}],"version-history":[{"count":4,"href":"https:\/\/valenciasjb.salesianos.edu\/colegio\/wp-json\/wp\/v2\/posts\/15345\/revisions"}],"predecessor-version":[{"id":15364,"href":"https:\/\/valenciasjb.salesianos.edu\/colegio\/wp-json\/wp\/v2\/posts\/15345\/revisions\/15364"}],"wp:featuredmedia":[{"embeddable":true,"href":"https:\/\/valenciasjb.salesianos.edu\/colegio\/wp-json\/wp\/v2\/media\/15363"}],"wp:attachment":[{"href":"https:\/\/valenciasjb.salesianos.edu\/colegio\/wp-json\/wp\/v2\/media?parent=15345"}],"wp:term":[{"taxonomy":"category","embeddable":true,"href":"https:\/\/valenciasjb.salesianos.edu\/colegio\/wp-json\/wp\/v2\/categories?post=15345"},{"taxonomy":"post_tag","embeddable":true,"href":"https:\/\/valenciasjb.salesianos.edu\/colegio\/wp-json\/wp\/v2\/tags?post=15345"}],"curies":[{"name":"wp","href":"https:\/\/api.w.org\/{rel}","templated":true}]}}