{"id":15451,"date":"2021-05-14T18:46:10","date_gmt":"2021-05-14T17:46:10","guid":{"rendered":"https:\/\/valenciasjb.salesianos.edu\/colegio\/?p=15451"},"modified":"2021-05-14T18:46:14","modified_gmt":"2021-05-14T17:46:14","slug":"emotiva-fiesta-de-graduacion-del-alumnado-de-segundo-de-bachillerato-2","status":"publish","type":"post","link":"https:\/\/valenciasjb.salesianos.edu\/colegio\/emotiva-fiesta-de-graduacion-del-alumnado-de-segundo-de-bachillerato-2\/","title":{"rendered":"Emotiva fiesta de graduaci\u00f3n del alumnado de segundo de Bachillerato"},"content":{"rendered":"<div id=\"fb-root\"><\/div>\n<p>[et_pb_section fb_built=\u00bb1&#8243; admin_label=\u00bbsection\u00bb _builder_version=\u00bb3.22&#8243;][et_pb_row admin_label=\u00bbrow\u00bb _builder_version=\u00bb3.25&#8243; background_size=\u00bbinitial\u00bb background_position=\u00bbtop_left\u00bb background_repeat=\u00bbrepeat\u00bb][et_pb_column type=\u00bb4_4&#8243; _builder_version=\u00bb3.25&#8243; custom_padding=\u00bb|||\u00bb custom_padding__hover=\u00bb|||\u00bb][et_pb_text admin_label=\u00bbEntradilla (Texto)\u00bb _builder_version=\u00bb4.9.4&#8243; text_font=\u00bb|on|||\u00bb text_orientation=\u00bbjustified\u00bb module_alignment=\u00bbjustified\u00bb]<\/p>\n<div id=\"resumen\"><strong>Los alumnos y alumnas de segundo de Bachillerato han celebrado su fiesta fin de etapa en un sentido acto de graduaci\u00f3n que ha tenido lugar el viernes, 14 de mayo, en el que han estado acompa\u00f1ados de sus tutores y algunos profesores, con la retransmisi\u00f3n online en directo del acto para que familiares y amigos pudieran estar tambi\u00e9n \u00abpresentes\u00bb.<br \/><\/strong><\/div>\n<div>\u00a0<\/div>\n<p>[\/et_pb_text][et_pb_text admin_label=\u00bbAutor (Texto)\u00bb _builder_version=\u00bb4.9.4&#8243; text_font=\u00bb||on||\u00bb]<\/p>\n<p>Redacci\u00f3n.<\/p>\n<p>[\/et_pb_text][et_pb_text admin_label=\u00bbDesarrollo (Texto)\u00bb _builder_version=\u00bb4.9.4&#8243; text_orientation=\u00bbjustified\u00bb module_alignment=\u00bbjustified\u00bb hover_enabled=\u00bb0&#8243; sticky_enabled=\u00bb0&#8243;]<\/p>\n<p>La fiesta fin de etapa de segundo de Bachillerato comenz\u00f3 el viernes, 14 de mayo, con una celebraci\u00f3n presidida por el director de la casa, Fernando Navarro, en la que los alumnos y alumnas, reunidos en la iglesia, dieron gracias a Dios por todos estos a\u00f1os que han pasado juntos en el colegio. Sus tutores tuvieron unas sentidas palabras hacia ellos, as\u00ed como el director del colegio, Juan Peris, y la jefa de estudios, Esther Galiana.<\/p>\n<p>En el acto acad\u00e9mico en el teatro del colegio, estuvo tambi\u00e9n presente Vicente Verd\u00fa, que les dedic\u00f3 unas emotivas palabras como representante de AMPAS, y donde ha destacado el sentido discurso del alumnado de 2\u00b0 de Bachillerato.<\/p>\n<p>Finalmente, la jefa de estudios, Esther Galiana, llam\u00f3 uno a uno al alumnado de cada clase y subieron al escenario, donde los tutores les entregaron un diploma y un detalle y donde se realizaron una foto de grupo. El acto concluy\u00f3 con un v\u00eddeo de fotos recordatorio de su paso por el colegio, desde m\u00e1s peque\u00f1os hasta la actualidad.<\/p>\n<p>Un acto sencillo, con limitaciones en cuanto a asistencia para cumplir estrictamente con las medidas de seguridad actuales, pero no por ello menos emotivo. Adem\u00e1s, la retransmisi\u00f3n en directo por el canal de Youtube del colegio ha permitido seguir el acto en tiempo real a familiares y amigos.<\/p>\n<p>\u00a1Contigo abiertos al futuro!<\/p>\n<p>[\/et_pb_text][et_pb_text disabled_on=\u00bboff|on|on\u00bb admin_label=\u00bbT\u00edtulo: Galer\u00eda de fotos (Texto)\u00bb _builder_version=\u00bb3.27.4&#8243; text_font=\u00bb|on|||\u00bb text_text_color=\u00bb#dc001b\u00bb border_style=\u00bbsolid\u00bb]Galer\u00eda de im\u00e1genes[\/et_pb_text][et_pb_gallery posts_number=\u00bb8&#8243; show_title_and_caption=\u00bboff\u00bb zoom_icon_color=\u00bb#dc001b\u00bb hover_icon=\u00bb%%51%%\u00bb disabled_on=\u00bboff|off|off\u00bb _builder_version=\u00bb4.9.4&#8243; hover_enabled=\u00bb0&#8243; pagination_font_size_tablet=\u00bb51&#8243; pagination_line_height_tablet=\u00bb2&#8243; sticky_enabled=\u00bb0&#8243; gallery_ids=\u00bb15465,15466,15467,15461,15460,15459,15463,15462&#8243;][\/et_pb_gallery][et_pb_video disabled_on=\u00bbon|on|on\u00bb _builder_version=\u00bb3.0.51&#8243; disabled=\u00bbon\u00bb][\/et_pb_video][\/et_pb_column][\/et_pb_row][\/et_pb_section]<\/p>\n<!-- AddThis Advanced Settings generic via filter on the_content --><!-- AddThis Share Buttons generic via filter on the_content -->","protected":false},"excerpt":{"rendered":"<p>Los alumnos y alumnas de segundo de Bachillerato han celebrado su fiesta fin de etapa en un sentido acto de graduaci\u00f3n que ha tenido lugar el viernes, 14 de mayo, en el que han estado acompa\u00f1ados de sus tutores y algunos profesores, con la retransmisi\u00f3n online en directo del acto para que familiares y amigos [&hellip;]<\/p>\n<p><!-- AddThis Advanced Settings generic via filter on get_the_excerpt --><!-- AddThis Share Buttons generic via filter on get_the_excerpt --><\/p>\n","protected":false},"author":6,"featured_media":15460,"comment_status":"closed","ping_status":"open","sticky":false,"template":"","format":"standard","meta":{"_et_pb_use_builder":"on","_et_pb_old_content":"","_et_gb_content_width":"","footnotes":""},"categories":[14],"tags":[],"class_list":["post-15451","post","type-post","status-publish","format-standard","has-post-thumbnail","hentry","category-noticia_colegio"],"yoast_head":"<!-- This site is optimized with the Yoast SEO plugin v28.4 - https:\/\/yoast.com\/product\/yoast-seo-wordpress\/ -->\n<title>Emotiva fiesta de graduaci\u00f3n del alumnado de segundo de Bachillerato - Colegio San Juan Bosco Valencia<\/title>\n<meta name=\"robots\" content=\"index, follow, max-snippet:-1, max-image-preview:large, max-video-preview:-1\" \/>\n<link rel=\"canonical\" href=\"https:\/\/valenciasjb.salesianos.edu\/colegio\/emotiva-fiesta-de-graduacion-del-alumnado-de-segundo-de-bachillerato-2\/\" \/>\n<meta property=\"og:locale\" content=\"es_ES\" \/>\n<meta property=\"og:type\" content=\"article\" \/>\n<meta property=\"og:title\" content=\"Emotiva fiesta de graduaci\u00f3n del alumnado de segundo de Bachillerato - Colegio San Juan Bosco Valencia\" \/>\n<meta property=\"og:description\" content=\"Los alumnos y alumnas de segundo de Bachillerato han celebrado su fiesta fin de etapa en un sentido acto de graduaci\u00f3n que ha tenido lugar el viernes, 14 de mayo, en el que han estado acompa\u00f1ados de sus tutores y algunos profesores, con la retransmisi\u00f3n online en directo del acto para que familiares y amigos [&hellip;]\" \/>\n<meta property=\"og:url\" content=\"https:\/\/valenciasjb.salesianos.edu\/colegio\/emotiva-fiesta-de-graduacion-del-alumnado-de-segundo-de-bachillerato-2\/\" \/>\n<meta property=\"og:site_name\" content=\"Colegio San Juan Bosco Valencia\" \/>\n<meta property=\"article:publisher\" content=\"https:\/\/www.facebook.com\/ColegioSalesianoSanJuanBoscoValencia\" \/>\n<meta property=\"article:published_time\" content=\"2021-05-14T17:46:10+00:00\" \/>\n<meta property=\"article:modified_time\" content=\"2021-05-14T17:46:14+00:00\" \/>\n<meta property=\"og:image\" content=\"https:\/\/valenciasjb.salesianos.edu\/colegio\/wp-content\/uploads\/sites\/2\/2021\/05\/IMG-20210514-WA0061.jpg\" \/>\n\t<meta property=\"og:image:width\" content=\"2048\" \/>\n\t<meta property=\"og:image:height\" content=\"1365\" \/>\n\t<meta property=\"og:image:type\" content=\"image\/jpeg\" \/>\n<meta name=\"author\" content=\"veronicapastor\" \/>\n<meta name=\"twitter:card\" content=\"summary_large_image\" \/>\n<meta name=\"twitter:creator\" content=\"@SalesianosVSJB\" \/>\n<meta name=\"twitter:site\" content=\"@SalesianosVSJB\" \/>\n<meta name=\"twitter:label1\" content=\"Escrito por\" \/>\n\t<meta name=\"twitter:data1\" content=\"veronicapastor\" \/>\n\t<meta name=\"twitter:label2\" content=\"Tiempo de lectura\" \/>\n\t<meta name=\"twitter:data2\" content=\"2 minutos\" \/>\n<script type=\"application\/ld+json\" class=\"yoast-schema-graph\">{\"@context\":\"https:\\\/\\\/schema.org\",\"@graph\":[{\"@type\":\"Article\",\"@id\":\"https:\\\/\\\/valenciasjb.salesianos.edu\\\/colegio\\\/emotiva-fiesta-de-graduacion-del-alumnado-de-segundo-de-bachillerato-2\\\/#article\",\"isPartOf\":{\"@id\":\"https:\\\/\\\/valenciasjb.salesianos.edu\\\/colegio\\\/emotiva-fiesta-de-graduacion-del-alumnado-de-segundo-de-bachillerato-2\\\/\"},\"author\":{\"name\":\"veronicapastor\",\"@id\":\"https:\\\/\\\/valenciasjb.salesianos.edu\\\/colegio\\\/#\\\/schema\\\/person\\\/1f45b67e52b27da175190a574db6bed9\"},\"headline\":\"Emotiva fiesta de graduaci\u00f3n del alumnado de segundo de Bachillerato\",\"datePublished\":\"2021-05-14T17:46:10+00:00\",\"dateModified\":\"2021-05-14T17:46:14+00:00\",\"mainEntityOfPage\":{\"@id\":\"https:\\\/\\\/valenciasjb.salesianos.edu\\\/colegio\\\/emotiva-fiesta-de-graduacion-del-alumnado-de-segundo-de-bachillerato-2\\\/\"},\"wordCount\":506,\"image\":{\"@id\":\"https:\\\/\\\/valenciasjb.salesianos.edu\\\/colegio\\\/emotiva-fiesta-de-graduacion-del-alumnado-de-segundo-de-bachillerato-2\\\/#primaryimage\"},\"thumbnailUrl\":\"https:\\\/\\\/valenciasjb.salesianos.edu\\\/colegio\\\/wp-content\\\/uploads\\\/sites\\\/2\\\/2021\\\/05\\\/IMG-20210514-WA0061.jpg\",\"articleSection\":[\"Noticia Colegio\"],\"inLanguage\":\"es\"},{\"@type\":\"WebPage\",\"@id\":\"https:\\\/\\\/valenciasjb.salesianos.edu\\\/colegio\\\/emotiva-fiesta-de-graduacion-del-alumnado-de-segundo-de-bachillerato-2\\\/\",\"url\":\"https:\\\/\\\/valenciasjb.salesianos.edu\\\/colegio\\\/emotiva-fiesta-de-graduacion-del-alumnado-de-segundo-de-bachillerato-2\\\/\",\"name\":\"Emotiva fiesta de graduaci\u00f3n del alumnado de segundo de Bachillerato - Colegio San Juan Bosco Valencia\",\"isPartOf\":{\"@id\":\"https:\\\/\\\/valenciasjb.salesianos.edu\\\/colegio\\\/#website\"},\"primaryImageOfPage\":{\"@id\":\"https:\\\/\\\/valenciasjb.salesianos.edu\\\/colegio\\\/emotiva-fiesta-de-graduacion-del-alumnado-de-segundo-de-bachillerato-2\\\/#primaryimage\"},\"image\":{\"@id\":\"https:\\\/\\\/valenciasjb.salesianos.edu\\\/colegio\\\/emotiva-fiesta-de-graduacion-del-alumnado-de-segundo-de-bachillerato-2\\\/#primaryimage\"},\"thumbnailUrl\":\"https:\\\/\\\/valenciasjb.salesianos.edu\\\/colegio\\\/wp-content\\\/uploads\\\/sites\\\/2\\\/2021\\\/05\\\/IMG-20210514-WA0061.jpg\",\"datePublished\":\"2021-05-14T17:46:10+00:00\",\"dateModified\":\"2021-05-14T17:46:14+00:00\",\"author\":{\"@id\":\"https:\\\/\\\/valenciasjb.salesianos.edu\\\/colegio\\\/#\\\/schema\\\/person\\\/1f45b67e52b27da175190a574db6bed9\"},\"breadcrumb\":{\"@id\":\"https:\\\/\\\/valenciasjb.salesianos.edu\\\/colegio\\\/emotiva-fiesta-de-graduacion-del-alumnado-de-segundo-de-bachillerato-2\\\/#breadcrumb\"},\"inLanguage\":\"es\",\"potentialAction\":[{\"@type\":\"ReadAction\",\"target\":[\"https:\\\/\\\/valenciasjb.salesianos.edu\\\/colegio\\\/emotiva-fiesta-de-graduacion-del-alumnado-de-segundo-de-bachillerato-2\\\/\"]}]},{\"@type\":\"ImageObject\",\"inLanguage\":\"es\",\"@id\":\"https:\\\/\\\/valenciasjb.salesianos.edu\\\/colegio\\\/emotiva-fiesta-de-graduacion-del-alumnado-de-segundo-de-bachillerato-2\\\/#primaryimage\",\"url\":\"https:\\\/\\\/valenciasjb.salesianos.edu\\\/colegio\\\/wp-content\\\/uploads\\\/sites\\\/2\\\/2021\\\/05\\\/IMG-20210514-WA0061.jpg\",\"contentUrl\":\"https:\\\/\\\/valenciasjb.salesianos.edu\\\/colegio\\\/wp-content\\\/uploads\\\/sites\\\/2\\\/2021\\\/05\\\/IMG-20210514-WA0061.jpg\",\"width\":2048,\"height\":1365},{\"@type\":\"BreadcrumbList\",\"@id\":\"https:\\\/\\\/valenciasjb.salesianos.edu\\\/colegio\\\/emotiva-fiesta-de-graduacion-del-alumnado-de-segundo-de-bachillerato-2\\\/#breadcrumb\",\"itemListElement\":[{\"@type\":\"ListItem\",\"position\":1,\"name\":\"Portada\",\"item\":\"https:\\\/\\\/valenciasjb.salesianos.edu\\\/colegio\\\/\"},{\"@type\":\"ListItem\",\"position\":2,\"name\":\"Emotiva fiesta de graduaci\u00f3n del alumnado de segundo de Bachillerato\"}]},{\"@type\":\"WebSite\",\"@id\":\"https:\\\/\\\/valenciasjb.salesianos.edu\\\/colegio\\\/#website\",\"url\":\"https:\\\/\\\/valenciasjb.salesianos.edu\\\/colegio\\\/\",\"name\":\"Colegio San Juan Bosco Valencia\",\"description\":\"P\u00e1gina oficial del Colegio Salesianos San Juan Bosco Valencia\",\"alternateName\":\"Salesianos.VSJB\",\"potentialAction\":[{\"@type\":\"SearchAction\",\"target\":{\"@type\":\"EntryPoint\",\"urlTemplate\":\"https:\\\/\\\/valenciasjb.salesianos.edu\\\/colegio\\\/?s={search_term_string}\"},\"query-input\":{\"@type\":\"PropertyValueSpecification\",\"valueRequired\":true,\"valueName\":\"search_term_string\"}}],\"inLanguage\":\"es\"},{\"@type\":\"Person\",\"@id\":\"https:\\\/\\\/valenciasjb.salesianos.edu\\\/colegio\\\/#\\\/schema\\\/person\\\/1f45b67e52b27da175190a574db6bed9\",\"name\":\"veronicapastor\",\"image\":{\"@type\":\"ImageObject\",\"inLanguage\":\"es\",\"@id\":\"https:\\\/\\\/secure.gravatar.com\\\/avatar\\\/e29bd40bace3fd935e1d6fdb7313ffc14628cc037c5e16f4c7369b20a2a6f7f0?s=96&d=mm&r=g\",\"url\":\"https:\\\/\\\/secure.gravatar.com\\\/avatar\\\/e29bd40bace3fd935e1d6fdb7313ffc14628cc037c5e16f4c7369b20a2a6f7f0?s=96&d=mm&r=g\",\"contentUrl\":\"https:\\\/\\\/secure.gravatar.com\\\/avatar\\\/e29bd40bace3fd935e1d6fdb7313ffc14628cc037c5e16f4c7369b20a2a6f7f0?s=96&d=mm&r=g\",\"caption\":\"veronicapastor\"}}]}<\/script>\n<!-- \/ Yoast SEO plugin. -->","yoast_head_json":{"title":"Emotiva fiesta de graduaci\u00f3n del alumnado de segundo de Bachillerato - Colegio San Juan Bosco Valencia","robots":{"index":"index","follow":"follow","max-snippet":"max-snippet:-1","max-image-preview":"max-image-preview:large","max-video-preview":"max-video-preview:-1"},"canonical":"https:\/\/valenciasjb.salesianos.edu\/colegio\/emotiva-fiesta-de-graduacion-del-alumnado-de-segundo-de-bachillerato-2\/","og_locale":"es_ES","og_type":"article","og_title":"Emotiva fiesta de graduaci\u00f3n del alumnado de segundo de Bachillerato - Colegio San Juan Bosco Valencia","og_description":"Los alumnos y alumnas de segundo de Bachillerato han celebrado su fiesta fin de etapa en un sentido acto de graduaci\u00f3n que ha tenido lugar el viernes, 14 de mayo, en el que han estado acompa\u00f1ados de sus tutores y algunos profesores, con la retransmisi\u00f3n online en directo del acto para que familiares y amigos [&hellip;]","og_url":"https:\/\/valenciasjb.salesianos.edu\/colegio\/emotiva-fiesta-de-graduacion-del-alumnado-de-segundo-de-bachillerato-2\/","og_site_name":"Colegio San Juan Bosco Valencia","article_publisher":"https:\/\/www.facebook.com\/ColegioSalesianoSanJuanBoscoValencia","article_published_time":"2021-05-14T17:46:10+00:00","article_modified_time":"2021-05-14T17:46:14+00:00","og_image":[{"width":2048,"height":1365,"url":"https:\/\/valenciasjb.salesianos.edu\/colegio\/wp-content\/uploads\/sites\/2\/2021\/05\/IMG-20210514-WA0061.jpg","type":"image\/jpeg"}],"author":"veronicapastor","twitter_card":"summary_large_image","twitter_creator":"@SalesianosVSJB","twitter_site":"@SalesianosVSJB","twitter_misc":{"Escrito por":"veronicapastor","Tiempo de lectura":"2 minutos"},"schema":{"@context":"https:\/\/schema.org","@graph":[{"@type":"Article","@id":"https:\/\/valenciasjb.salesianos.edu\/colegio\/emotiva-fiesta-de-graduacion-del-alumnado-de-segundo-de-bachillerato-2\/#article","isPartOf":{"@id":"https:\/\/valenciasjb.salesianos.edu\/colegio\/emotiva-fiesta-de-graduacion-del-alumnado-de-segundo-de-bachillerato-2\/"},"author":{"name":"veronicapastor","@id":"https:\/\/valenciasjb.salesianos.edu\/colegio\/#\/schema\/person\/1f45b67e52b27da175190a574db6bed9"},"headline":"Emotiva fiesta de graduaci\u00f3n del alumnado de segundo de Bachillerato","datePublished":"2021-05-14T17:46:10+00:00","dateModified":"2021-05-14T17:46:14+00:00","mainEntityOfPage":{"@id":"https:\/\/valenciasjb.salesianos.edu\/colegio\/emotiva-fiesta-de-graduacion-del-alumnado-de-segundo-de-bachillerato-2\/"},"wordCount":506,"image":{"@id":"https:\/\/valenciasjb.salesianos.edu\/colegio\/emotiva-fiesta-de-graduacion-del-alumnado-de-segundo-de-bachillerato-2\/#primaryimage"},"thumbnailUrl":"https:\/\/valenciasjb.salesianos.edu\/colegio\/wp-content\/uploads\/sites\/2\/2021\/05\/IMG-20210514-WA0061.jpg","articleSection":["Noticia Colegio"],"inLanguage":"es"},{"@type":"WebPage","@id":"https:\/\/valenciasjb.salesianos.edu\/colegio\/emotiva-fiesta-de-graduacion-del-alumnado-de-segundo-de-bachillerato-2\/","url":"https:\/\/valenciasjb.salesianos.edu\/colegio\/emotiva-fiesta-de-graduacion-del-alumnado-de-segundo-de-bachillerato-2\/","name":"Emotiva fiesta de graduaci\u00f3n del alumnado de segundo de Bachillerato - Colegio San Juan Bosco Valencia","isPartOf":{"@id":"https:\/\/valenciasjb.salesianos.edu\/colegio\/#website"},"primaryImageOfPage":{"@id":"https:\/\/valenciasjb.salesianos.edu\/colegio\/emotiva-fiesta-de-graduacion-del-alumnado-de-segundo-de-bachillerato-2\/#primaryimage"},"image":{"@id":"https:\/\/valenciasjb.salesianos.edu\/colegio\/emotiva-fiesta-de-graduacion-del-alumnado-de-segundo-de-bachillerato-2\/#primaryimage"},"thumbnailUrl":"https:\/\/valenciasjb.salesianos.edu\/colegio\/wp-content\/uploads\/sites\/2\/2021\/05\/IMG-20210514-WA0061.jpg","datePublished":"2021-05-14T17:46:10+00:00","dateModified":"2021-05-14T17:46:14+00:00","author":{"@id":"https:\/\/valenciasjb.salesianos.edu\/colegio\/#\/schema\/person\/1f45b67e52b27da175190a574db6bed9"},"breadcrumb":{"@id":"https:\/\/valenciasjb.salesianos.edu\/colegio\/emotiva-fiesta-de-graduacion-del-alumnado-de-segundo-de-bachillerato-2\/#breadcrumb"},"inLanguage":"es","potentialAction":[{"@type":"ReadAction","target":["https:\/\/valenciasjb.salesianos.edu\/colegio\/emotiva-fiesta-de-graduacion-del-alumnado-de-segundo-de-bachillerato-2\/"]}]},{"@type":"ImageObject","inLanguage":"es","@id":"https:\/\/valenciasjb.salesianos.edu\/colegio\/emotiva-fiesta-de-graduacion-del-alumnado-de-segundo-de-bachillerato-2\/#primaryimage","url":"https:\/\/valenciasjb.salesianos.edu\/colegio\/wp-content\/uploads\/sites\/2\/2021\/05\/IMG-20210514-WA0061.jpg","contentUrl":"https:\/\/valenciasjb.salesianos.edu\/colegio\/wp-content\/uploads\/sites\/2\/2021\/05\/IMG-20210514-WA0061.jpg","width":2048,"height":1365},{"@type":"BreadcrumbList","@id":"https:\/\/valenciasjb.salesianos.edu\/colegio\/emotiva-fiesta-de-graduacion-del-alumnado-de-segundo-de-bachillerato-2\/#breadcrumb","itemListElement":[{"@type":"ListItem","position":1,"name":"Portada","item":"https:\/\/valenciasjb.salesianos.edu\/colegio\/"},{"@type":"ListItem","position":2,"name":"Emotiva fiesta de graduaci\u00f3n del alumnado de segundo de Bachillerato"}]},{"@type":"WebSite","@id":"https:\/\/valenciasjb.salesianos.edu\/colegio\/#website","url":"https:\/\/valenciasjb.salesianos.edu\/colegio\/","name":"Colegio San Juan Bosco Valencia","description":"P\u00e1gina oficial del Colegio Salesianos San Juan Bosco Valencia","alternateName":"Salesianos.VSJB","potentialAction":[{"@type":"SearchAction","target":{"@type":"EntryPoint","urlTemplate":"https:\/\/valenciasjb.salesianos.edu\/colegio\/?s={search_term_string}"},"query-input":{"@type":"PropertyValueSpecification","valueRequired":true,"valueName":"search_term_string"}}],"inLanguage":"es"},{"@type":"Person","@id":"https:\/\/valenciasjb.salesianos.edu\/colegio\/#\/schema\/person\/1f45b67e52b27da175190a574db6bed9","name":"veronicapastor","image":{"@type":"ImageObject","inLanguage":"es","@id":"https:\/\/secure.gravatar.com\/avatar\/e29bd40bace3fd935e1d6fdb7313ffc14628cc037c5e16f4c7369b20a2a6f7f0?s=96&d=mm&r=g","url":"https:\/\/secure.gravatar.com\/avatar\/e29bd40bace3fd935e1d6fdb7313ffc14628cc037c5e16f4c7369b20a2a6f7f0?s=96&d=mm&r=g","contentUrl":"https:\/\/secure.gravatar.com\/avatar\/e29bd40bace3fd935e1d6fdb7313ffc14628cc037c5e16f4c7369b20a2a6f7f0?s=96&d=mm&r=g","caption":"veronicapastor"}}]}},"_links":{"self":[{"href":"https:\/\/valenciasjb.salesianos.edu\/colegio\/wp-json\/wp\/v2\/posts\/15451","targetHints":{"allow":["GET"]}}],"collection":[{"href":"https:\/\/valenciasjb.salesianos.edu\/colegio\/wp-json\/wp\/v2\/posts"}],"about":[{"href":"https:\/\/valenciasjb.salesianos.edu\/colegio\/wp-json\/wp\/v2\/types\/post"}],"author":[{"embeddable":true,"href":"https:\/\/valenciasjb.salesianos.edu\/colegio\/wp-json\/wp\/v2\/users\/6"}],"replies":[{"embeddable":true,"href":"https:\/\/valenciasjb.salesianos.edu\/colegio\/wp-json\/wp\/v2\/comments?post=15451"}],"version-history":[{"count":2,"href":"https:\/\/valenciasjb.salesianos.edu\/colegio\/wp-json\/wp\/v2\/posts\/15451\/revisions"}],"predecessor-version":[{"id":15468,"href":"https:\/\/valenciasjb.salesianos.edu\/colegio\/wp-json\/wp\/v2\/posts\/15451\/revisions\/15468"}],"wp:featuredmedia":[{"embeddable":true,"href":"https:\/\/valenciasjb.salesianos.edu\/colegio\/wp-json\/wp\/v2\/media\/15460"}],"wp:attachment":[{"href":"https:\/\/valenciasjb.salesianos.edu\/colegio\/wp-json\/wp\/v2\/media?parent=15451"}],"wp:term":[{"taxonomy":"category","embeddable":true,"href":"https:\/\/valenciasjb.salesianos.edu\/colegio\/wp-json\/wp\/v2\/categories?post=15451"},{"taxonomy":"post_tag","embeddable":true,"href":"https:\/\/valenciasjb.salesianos.edu\/colegio\/wp-json\/wp\/v2\/tags?post=15451"}],"curies":[{"name":"wp","href":"https:\/\/api.w.org\/{rel}","templated":true}]}}