{"id":15469,"date":"2021-05-20T19:25:34","date_gmt":"2021-05-20T18:25:34","guid":{"rendered":"https:\/\/valenciasjb.salesianos.edu\/colegio\/?p=15469"},"modified":"2021-05-20T19:25:38","modified_gmt":"2021-05-20T18:25:38","slug":"nuestro-colegio-ha-podido-abrir-sus-puertas-de-par-en-par-para-una-jornada-de-puertas-abiertas-muy-especial-respetando-todos-los-protocolos-sanitarios-requeridos-en-estos-momentos","status":"publish","type":"post","link":"https:\/\/valenciasjb.salesianos.edu\/colegio\/nuestro-colegio-ha-podido-abrir-sus-puertas-de-par-en-par-para-una-jornada-de-puertas-abiertas-muy-especial-respetando-todos-los-protocolos-sanitarios-requeridos-en-estos-momentos\/","title":{"rendered":"Nuestro colegio ha podido abrir sus puertas \u00abde par en par\u00bb para una jornada de puertas abiertas muy especial respetando todos los protocolos sanitarios requeridos en estos momentos"},"content":{"rendered":"<div id=\"fb-root\"><\/div>\n<p>[et_pb_section fb_built=\u00bb1&#8243; admin_label=\u00bbsection\u00bb _builder_version=\u00bb3.22&#8243;][et_pb_row admin_label=\u00bbrow\u00bb _builder_version=\u00bb3.25&#8243; background_size=\u00bbinitial\u00bb background_position=\u00bbtop_left\u00bb background_repeat=\u00bbrepeat\u00bb][et_pb_column type=\u00bb4_4&#8243; _builder_version=\u00bb3.25&#8243; custom_padding=\u00bb|||\u00bb custom_padding__hover=\u00bb|||\u00bb][et_pb_text admin_label=\u00bbEntradilla (Texto)\u00bb _builder_version=\u00bb4.9.4&#8243; text_font=\u00bb|on|||\u00bb text_orientation=\u00bbjustified\u00bb module_alignment=\u00bbjustified\u00bb]<\/p>\n<div id=\"resumen\"><strong>\u00a0<\/strong><\/div>\n<div>En la tarde del jueves 20 de mayo, el Colegio Salesiano San Juan Bosco de Valencia ha organizado una jornada para familias de nueva admisi\u00f3n donde todo aquel que as\u00ed lo ha solicitado previamente ha podido conocer de primera mano el colegio.<\/div>\n<p>[\/et_pb_text][et_pb_text admin_label=\u00bbAutor (Texto)\u00bb _builder_version=\u00bb4.9.4&#8243; text_font=\u00bb||on||\u00bb]<\/p>\n<p>Redacci\u00f3n.<\/p>\n<p>[\/et_pb_text][et_pb_text admin_label=\u00bbDesarrollo (Texto)\u00bb _builder_version=\u00bb4.9.4&#8243; text_orientation=\u00bbjustified\u00bb module_alignment=\u00bbjustified\u00bb]<\/p>\n<p>El equipo directivo y un n\u00famero importante de profesorado y personal de administraci\u00f3n y servicios ha asistido en todo momento para poder contar con grupos reducidos que, despu\u00e9s de unas primeras informaciones generales, han podido visitar las instalaciones y preguntar cualquier duda.<\/p>\n<p>Con estas jornadas se complementa el servicio que el colegio est\u00e1 ofreciendo a todas las familias de nueva admisi\u00f3n que se han interesado por nuestro centro. Durante los \u00faltimos meses se han concertado tambi\u00e9n citas personalizadas con familias para conocer el centro y guiarles en todo este proceso tan importante y a la vez emocionante.<\/p>\n<p>\u00a1Contigo abiertos al futuro!<\/p>\n<p>[\/et_pb_text][et_pb_text disabled_on=\u00bboff|on|on\u00bb admin_label=\u00bbT\u00edtulo: Galer\u00eda de fotos (Texto)\u00bb _builder_version=\u00bb3.27.4&#8243; text_font=\u00bb|on|||\u00bb text_text_color=\u00bb#dc001b\u00bb border_style=\u00bbsolid\u00bb]Galer\u00eda de im\u00e1genes[\/et_pb_text][et_pb_gallery posts_number=\u00bb8&#8243; show_title_and_caption=\u00bboff\u00bb zoom_icon_color=\u00bb#dc001b\u00bb hover_icon=\u00bb%%51%%\u00bb disabled_on=\u00bboff|off|off\u00bb _builder_version=\u00bb4.9.4&#8243; hover_enabled=\u00bb0&#8243; pagination_font_size_tablet=\u00bb51&#8243; pagination_line_height_tablet=\u00bb2&#8243; sticky_enabled=\u00bb0&#8243; gallery_ids=\u00bb15474&#8243;][\/et_pb_gallery][et_pb_video disabled_on=\u00bbon|on|on\u00bb _builder_version=\u00bb3.0.51&#8243; disabled=\u00bbon\u00bb][\/et_pb_video][\/et_pb_column][\/et_pb_row][\/et_pb_section]<\/p>\n<!-- AddThis Advanced Settings generic via filter on the_content --><!-- AddThis Share Buttons generic via filter on the_content -->","protected":false},"excerpt":{"rendered":"<p>\u00a0 En la tarde del jueves 20 de mayo, el Colegio Salesiano San Juan Bosco de Valencia ha organizado una jornada para familias de nueva admisi\u00f3n donde todo aquel que as\u00ed lo ha solicitado previamente ha podido conocer de primera mano el colegio.Redacci\u00f3n.El equipo directivo y un n\u00famero importante de profesorado y personal de administraci\u00f3n [&hellip;]<\/p>\n<p><!-- AddThis Advanced Settings generic via filter on get_the_excerpt --><!-- AddThis Share Buttons generic via filter on get_the_excerpt --><\/p>\n","protected":false},"author":6,"featured_media":15474,"comment_status":"closed","ping_status":"open","sticky":false,"template":"","format":"standard","meta":{"_et_pb_use_builder":"on","_et_pb_old_content":"","_et_gb_content_width":"","footnotes":""},"categories":[14],"tags":[],"class_list":["post-15469","post","type-post","status-publish","format-standard","has-post-thumbnail","hentry","category-noticia_colegio"],"yoast_head":"<!-- This site is optimized with the Yoast SEO plugin v28.4 - https:\/\/yoast.com\/product\/yoast-seo-wordpress\/ -->\n<title>Nuestro colegio ha podido abrir sus puertas &quot;de par en par&quot; para una jornada de puertas abiertas muy especial respetando todos los protocolos sanitarios requeridos en estos momentos - Colegio San Juan Bosco Valencia<\/title>\n<meta name=\"robots\" content=\"index, follow, max-snippet:-1, max-image-preview:large, max-video-preview:-1\" \/>\n<link rel=\"canonical\" href=\"https:\/\/valenciasjb.salesianos.edu\/colegio\/nuestro-colegio-ha-podido-abrir-sus-puertas-de-par-en-par-para-una-jornada-de-puertas-abiertas-muy-especial-respetando-todos-los-protocolos-sanitarios-requeridos-en-estos-momentos\/\" \/>\n<meta property=\"og:locale\" content=\"es_ES\" \/>\n<meta property=\"og:type\" content=\"article\" \/>\n<meta property=\"og:title\" content=\"Nuestro colegio ha podido abrir sus puertas &quot;de par en par&quot; para una jornada de puertas abiertas muy especial respetando todos los protocolos sanitarios requeridos en estos momentos - Colegio San Juan Bosco Valencia\" \/>\n<meta property=\"og:description\" content=\"\u00a0 En la tarde del jueves 20 de mayo, el Colegio Salesiano San Juan Bosco de Valencia ha organizado una jornada para familias de nueva admisi\u00f3n donde todo aquel que as\u00ed lo ha solicitado previamente ha podido conocer de primera mano el colegio.Redacci\u00f3n.El equipo directivo y un n\u00famero importante de profesorado y personal de administraci\u00f3n [&hellip;]\" \/>\n<meta property=\"og:url\" content=\"https:\/\/valenciasjb.salesianos.edu\/colegio\/nuestro-colegio-ha-podido-abrir-sus-puertas-de-par-en-par-para-una-jornada-de-puertas-abiertas-muy-especial-respetando-todos-los-protocolos-sanitarios-requeridos-en-estos-momentos\/\" \/>\n<meta property=\"og:site_name\" content=\"Colegio San Juan Bosco Valencia\" \/>\n<meta property=\"article:publisher\" content=\"https:\/\/www.facebook.com\/ColegioSalesianoSanJuanBoscoValencia\" \/>\n<meta property=\"article:published_time\" content=\"2021-05-20T18:25:34+00:00\" \/>\n<meta property=\"article:modified_time\" content=\"2021-05-20T18:25:38+00:00\" \/>\n<meta property=\"og:image\" content=\"https:\/\/valenciasjb.salesianos.edu\/colegio\/wp-content\/uploads\/sites\/2\/2021\/05\/Screenshot_2021-05-20-20-23-33-487_com.whatsapp.jpg\" \/>\n\t<meta property=\"og:image:width\" content=\"2340\" \/>\n\t<meta property=\"og:image:height\" content=\"1080\" \/>\n\t<meta property=\"og:image:type\" content=\"image\/jpeg\" \/>\n<meta name=\"author\" content=\"veronicapastor\" \/>\n<meta name=\"twitter:card\" content=\"summary_large_image\" \/>\n<meta name=\"twitter:creator\" content=\"@SalesianosVSJB\" \/>\n<meta name=\"twitter:site\" content=\"@SalesianosVSJB\" \/>\n<meta name=\"twitter:label1\" content=\"Escrito por\" \/>\n\t<meta name=\"twitter:data1\" content=\"veronicapastor\" \/>\n\t<meta name=\"twitter:label2\" content=\"Tiempo de lectura\" \/>\n\t<meta name=\"twitter:data2\" content=\"2 minutos\" \/>\n<script type=\"application\/ld+json\" class=\"yoast-schema-graph\">{\"@context\":\"https:\\\/\\\/schema.org\",\"@graph\":[{\"@type\":\"Article\",\"@id\":\"https:\\\/\\\/valenciasjb.salesianos.edu\\\/colegio\\\/nuestro-colegio-ha-podido-abrir-sus-puertas-de-par-en-par-para-una-jornada-de-puertas-abiertas-muy-especial-respetando-todos-los-protocolos-sanitarios-requeridos-en-estos-momentos\\\/#article\",\"isPartOf\":{\"@id\":\"https:\\\/\\\/valenciasjb.salesianos.edu\\\/colegio\\\/nuestro-colegio-ha-podido-abrir-sus-puertas-de-par-en-par-para-una-jornada-de-puertas-abiertas-muy-especial-respetando-todos-los-protocolos-sanitarios-requeridos-en-estos-momentos\\\/\"},\"author\":{\"name\":\"veronicapastor\",\"@id\":\"https:\\\/\\\/valenciasjb.salesianos.edu\\\/colegio\\\/#\\\/schema\\\/person\\\/1f45b67e52b27da175190a574db6bed9\"},\"headline\":\"Nuestro colegio ha podido abrir sus puertas \u00abde par en par\u00bb para una jornada de puertas abiertas muy especial respetando todos los protocolos sanitarios requeridos en estos momentos\",\"datePublished\":\"2021-05-20T18:25:34+00:00\",\"dateModified\":\"2021-05-20T18:25:38+00:00\",\"mainEntityOfPage\":{\"@id\":\"https:\\\/\\\/valenciasjb.salesianos.edu\\\/colegio\\\/nuestro-colegio-ha-podido-abrir-sus-puertas-de-par-en-par-para-una-jornada-de-puertas-abiertas-muy-especial-respetando-todos-los-protocolos-sanitarios-requeridos-en-estos-momentos\\\/\"},\"wordCount\":374,\"image\":{\"@id\":\"https:\\\/\\\/valenciasjb.salesianos.edu\\\/colegio\\\/nuestro-colegio-ha-podido-abrir-sus-puertas-de-par-en-par-para-una-jornada-de-puertas-abiertas-muy-especial-respetando-todos-los-protocolos-sanitarios-requeridos-en-estos-momentos\\\/#primaryimage\"},\"thumbnailUrl\":\"https:\\\/\\\/valenciasjb.salesianos.edu\\\/colegio\\\/wp-content\\\/uploads\\\/sites\\\/2\\\/2021\\\/05\\\/Screenshot_2021-05-20-20-23-33-487_com.whatsapp.jpg\",\"articleSection\":[\"Noticia Colegio\"],\"inLanguage\":\"es\"},{\"@type\":\"WebPage\",\"@id\":\"https:\\\/\\\/valenciasjb.salesianos.edu\\\/colegio\\\/nuestro-colegio-ha-podido-abrir-sus-puertas-de-par-en-par-para-una-jornada-de-puertas-abiertas-muy-especial-respetando-todos-los-protocolos-sanitarios-requeridos-en-estos-momentos\\\/\",\"url\":\"https:\\\/\\\/valenciasjb.salesianos.edu\\\/colegio\\\/nuestro-colegio-ha-podido-abrir-sus-puertas-de-par-en-par-para-una-jornada-de-puertas-abiertas-muy-especial-respetando-todos-los-protocolos-sanitarios-requeridos-en-estos-momentos\\\/\",\"name\":\"Nuestro colegio ha podido abrir sus puertas \\\"de par en par\\\" para una jornada de puertas abiertas muy especial respetando todos los protocolos sanitarios requeridos en estos momentos - Colegio San Juan Bosco Valencia\",\"isPartOf\":{\"@id\":\"https:\\\/\\\/valenciasjb.salesianos.edu\\\/colegio\\\/#website\"},\"primaryImageOfPage\":{\"@id\":\"https:\\\/\\\/valenciasjb.salesianos.edu\\\/colegio\\\/nuestro-colegio-ha-podido-abrir-sus-puertas-de-par-en-par-para-una-jornada-de-puertas-abiertas-muy-especial-respetando-todos-los-protocolos-sanitarios-requeridos-en-estos-momentos\\\/#primaryimage\"},\"image\":{\"@id\":\"https:\\\/\\\/valenciasjb.salesianos.edu\\\/colegio\\\/nuestro-colegio-ha-podido-abrir-sus-puertas-de-par-en-par-para-una-jornada-de-puertas-abiertas-muy-especial-respetando-todos-los-protocolos-sanitarios-requeridos-en-estos-momentos\\\/#primaryimage\"},\"thumbnailUrl\":\"https:\\\/\\\/valenciasjb.salesianos.edu\\\/colegio\\\/wp-content\\\/uploads\\\/sites\\\/2\\\/2021\\\/05\\\/Screenshot_2021-05-20-20-23-33-487_com.whatsapp.jpg\",\"datePublished\":\"2021-05-20T18:25:34+00:00\",\"dateModified\":\"2021-05-20T18:25:38+00:00\",\"author\":{\"@id\":\"https:\\\/\\\/valenciasjb.salesianos.edu\\\/colegio\\\/#\\\/schema\\\/person\\\/1f45b67e52b27da175190a574db6bed9\"},\"breadcrumb\":{\"@id\":\"https:\\\/\\\/valenciasjb.salesianos.edu\\\/colegio\\\/nuestro-colegio-ha-podido-abrir-sus-puertas-de-par-en-par-para-una-jornada-de-puertas-abiertas-muy-especial-respetando-todos-los-protocolos-sanitarios-requeridos-en-estos-momentos\\\/#breadcrumb\"},\"inLanguage\":\"es\",\"potentialAction\":[{\"@type\":\"ReadAction\",\"target\":[\"https:\\\/\\\/valenciasjb.salesianos.edu\\\/colegio\\\/nuestro-colegio-ha-podido-abrir-sus-puertas-de-par-en-par-para-una-jornada-de-puertas-abiertas-muy-especial-respetando-todos-los-protocolos-sanitarios-requeridos-en-estos-momentos\\\/\"]}]},{\"@type\":\"ImageObject\",\"inLanguage\":\"es\",\"@id\":\"https:\\\/\\\/valenciasjb.salesianos.edu\\\/colegio\\\/nuestro-colegio-ha-podido-abrir-sus-puertas-de-par-en-par-para-una-jornada-de-puertas-abiertas-muy-especial-respetando-todos-los-protocolos-sanitarios-requeridos-en-estos-momentos\\\/#primaryimage\",\"url\":\"https:\\\/\\\/valenciasjb.salesianos.edu\\\/colegio\\\/wp-content\\\/uploads\\\/sites\\\/2\\\/2021\\\/05\\\/Screenshot_2021-05-20-20-23-33-487_com.whatsapp.jpg\",\"contentUrl\":\"https:\\\/\\\/valenciasjb.salesianos.edu\\\/colegio\\\/wp-content\\\/uploads\\\/sites\\\/2\\\/2021\\\/05\\\/Screenshot_2021-05-20-20-23-33-487_com.whatsapp.jpg\",\"width\":2340,\"height\":1080},{\"@type\":\"BreadcrumbList\",\"@id\":\"https:\\\/\\\/valenciasjb.salesianos.edu\\\/colegio\\\/nuestro-colegio-ha-podido-abrir-sus-puertas-de-par-en-par-para-una-jornada-de-puertas-abiertas-muy-especial-respetando-todos-los-protocolos-sanitarios-requeridos-en-estos-momentos\\\/#breadcrumb\",\"itemListElement\":[{\"@type\":\"ListItem\",\"position\":1,\"name\":\"Portada\",\"item\":\"https:\\\/\\\/valenciasjb.salesianos.edu\\\/colegio\\\/\"},{\"@type\":\"ListItem\",\"position\":2,\"name\":\"Nuestro colegio ha podido abrir sus puertas \u00abde par en par\u00bb para una jornada de puertas abiertas muy especial respetando todos los protocolos sanitarios requeridos en estos momentos\"}]},{\"@type\":\"WebSite\",\"@id\":\"https:\\\/\\\/valenciasjb.salesianos.edu\\\/colegio\\\/#website\",\"url\":\"https:\\\/\\\/valenciasjb.salesianos.edu\\\/colegio\\\/\",\"name\":\"Colegio San Juan Bosco Valencia\",\"description\":\"P\u00e1gina oficial del Colegio Salesianos San Juan Bosco Valencia\",\"alternateName\":\"Salesianos.VSJB\",\"potentialAction\":[{\"@type\":\"SearchAction\",\"target\":{\"@type\":\"EntryPoint\",\"urlTemplate\":\"https:\\\/\\\/valenciasjb.salesianos.edu\\\/colegio\\\/?s={search_term_string}\"},\"query-input\":{\"@type\":\"PropertyValueSpecification\",\"valueRequired\":true,\"valueName\":\"search_term_string\"}}],\"inLanguage\":\"es\"},{\"@type\":\"Person\",\"@id\":\"https:\\\/\\\/valenciasjb.salesianos.edu\\\/colegio\\\/#\\\/schema\\\/person\\\/1f45b67e52b27da175190a574db6bed9\",\"name\":\"veronicapastor\",\"image\":{\"@type\":\"ImageObject\",\"inLanguage\":\"es\",\"@id\":\"https:\\\/\\\/secure.gravatar.com\\\/avatar\\\/e29bd40bace3fd935e1d6fdb7313ffc14628cc037c5e16f4c7369b20a2a6f7f0?s=96&d=mm&r=g\",\"url\":\"https:\\\/\\\/secure.gravatar.com\\\/avatar\\\/e29bd40bace3fd935e1d6fdb7313ffc14628cc037c5e16f4c7369b20a2a6f7f0?s=96&d=mm&r=g\",\"contentUrl\":\"https:\\\/\\\/secure.gravatar.com\\\/avatar\\\/e29bd40bace3fd935e1d6fdb7313ffc14628cc037c5e16f4c7369b20a2a6f7f0?s=96&d=mm&r=g\",\"caption\":\"veronicapastor\"}}]}<\/script>\n<!-- \/ Yoast SEO plugin. -->","yoast_head_json":{"title":"Nuestro colegio ha podido abrir sus puertas \"de par en par\" para una jornada de puertas abiertas muy especial respetando todos los protocolos sanitarios requeridos en estos momentos - Colegio San Juan Bosco Valencia","robots":{"index":"index","follow":"follow","max-snippet":"max-snippet:-1","max-image-preview":"max-image-preview:large","max-video-preview":"max-video-preview:-1"},"canonical":"https:\/\/valenciasjb.salesianos.edu\/colegio\/nuestro-colegio-ha-podido-abrir-sus-puertas-de-par-en-par-para-una-jornada-de-puertas-abiertas-muy-especial-respetando-todos-los-protocolos-sanitarios-requeridos-en-estos-momentos\/","og_locale":"es_ES","og_type":"article","og_title":"Nuestro colegio ha podido abrir sus puertas \"de par en par\" para una jornada de puertas abiertas muy especial respetando todos los protocolos sanitarios requeridos en estos momentos - Colegio San Juan Bosco Valencia","og_description":"\u00a0 En la tarde del jueves 20 de mayo, el Colegio Salesiano San Juan Bosco de Valencia ha organizado una jornada para familias de nueva admisi\u00f3n donde todo aquel que as\u00ed lo ha solicitado previamente ha podido conocer de primera mano el colegio.Redacci\u00f3n.El equipo directivo y un n\u00famero importante de profesorado y personal de administraci\u00f3n [&hellip;]","og_url":"https:\/\/valenciasjb.salesianos.edu\/colegio\/nuestro-colegio-ha-podido-abrir-sus-puertas-de-par-en-par-para-una-jornada-de-puertas-abiertas-muy-especial-respetando-todos-los-protocolos-sanitarios-requeridos-en-estos-momentos\/","og_site_name":"Colegio San Juan Bosco Valencia","article_publisher":"https:\/\/www.facebook.com\/ColegioSalesianoSanJuanBoscoValencia","article_published_time":"2021-05-20T18:25:34+00:00","article_modified_time":"2021-05-20T18:25:38+00:00","og_image":[{"width":2340,"height":1080,"url":"https:\/\/valenciasjb.salesianos.edu\/colegio\/wp-content\/uploads\/sites\/2\/2021\/05\/Screenshot_2021-05-20-20-23-33-487_com.whatsapp.jpg","type":"image\/jpeg"}],"author":"veronicapastor","twitter_card":"summary_large_image","twitter_creator":"@SalesianosVSJB","twitter_site":"@SalesianosVSJB","twitter_misc":{"Escrito por":"veronicapastor","Tiempo de lectura":"2 minutos"},"schema":{"@context":"https:\/\/schema.org","@graph":[{"@type":"Article","@id":"https:\/\/valenciasjb.salesianos.edu\/colegio\/nuestro-colegio-ha-podido-abrir-sus-puertas-de-par-en-par-para-una-jornada-de-puertas-abiertas-muy-especial-respetando-todos-los-protocolos-sanitarios-requeridos-en-estos-momentos\/#article","isPartOf":{"@id":"https:\/\/valenciasjb.salesianos.edu\/colegio\/nuestro-colegio-ha-podido-abrir-sus-puertas-de-par-en-par-para-una-jornada-de-puertas-abiertas-muy-especial-respetando-todos-los-protocolos-sanitarios-requeridos-en-estos-momentos\/"},"author":{"name":"veronicapastor","@id":"https:\/\/valenciasjb.salesianos.edu\/colegio\/#\/schema\/person\/1f45b67e52b27da175190a574db6bed9"},"headline":"Nuestro colegio ha podido abrir sus puertas \u00abde par en par\u00bb para una jornada de puertas abiertas muy especial respetando todos los protocolos sanitarios requeridos en estos momentos","datePublished":"2021-05-20T18:25:34+00:00","dateModified":"2021-05-20T18:25:38+00:00","mainEntityOfPage":{"@id":"https:\/\/valenciasjb.salesianos.edu\/colegio\/nuestro-colegio-ha-podido-abrir-sus-puertas-de-par-en-par-para-una-jornada-de-puertas-abiertas-muy-especial-respetando-todos-los-protocolos-sanitarios-requeridos-en-estos-momentos\/"},"wordCount":374,"image":{"@id":"https:\/\/valenciasjb.salesianos.edu\/colegio\/nuestro-colegio-ha-podido-abrir-sus-puertas-de-par-en-par-para-una-jornada-de-puertas-abiertas-muy-especial-respetando-todos-los-protocolos-sanitarios-requeridos-en-estos-momentos\/#primaryimage"},"thumbnailUrl":"https:\/\/valenciasjb.salesianos.edu\/colegio\/wp-content\/uploads\/sites\/2\/2021\/05\/Screenshot_2021-05-20-20-23-33-487_com.whatsapp.jpg","articleSection":["Noticia Colegio"],"inLanguage":"es"},{"@type":"WebPage","@id":"https:\/\/valenciasjb.salesianos.edu\/colegio\/nuestro-colegio-ha-podido-abrir-sus-puertas-de-par-en-par-para-una-jornada-de-puertas-abiertas-muy-especial-respetando-todos-los-protocolos-sanitarios-requeridos-en-estos-momentos\/","url":"https:\/\/valenciasjb.salesianos.edu\/colegio\/nuestro-colegio-ha-podido-abrir-sus-puertas-de-par-en-par-para-una-jornada-de-puertas-abiertas-muy-especial-respetando-todos-los-protocolos-sanitarios-requeridos-en-estos-momentos\/","name":"Nuestro colegio ha podido abrir sus puertas \"de par en par\" para una jornada de puertas abiertas muy especial respetando todos los protocolos sanitarios requeridos en estos momentos - Colegio San Juan Bosco Valencia","isPartOf":{"@id":"https:\/\/valenciasjb.salesianos.edu\/colegio\/#website"},"primaryImageOfPage":{"@id":"https:\/\/valenciasjb.salesianos.edu\/colegio\/nuestro-colegio-ha-podido-abrir-sus-puertas-de-par-en-par-para-una-jornada-de-puertas-abiertas-muy-especial-respetando-todos-los-protocolos-sanitarios-requeridos-en-estos-momentos\/#primaryimage"},"image":{"@id":"https:\/\/valenciasjb.salesianos.edu\/colegio\/nuestro-colegio-ha-podido-abrir-sus-puertas-de-par-en-par-para-una-jornada-de-puertas-abiertas-muy-especial-respetando-todos-los-protocolos-sanitarios-requeridos-en-estos-momentos\/#primaryimage"},"thumbnailUrl":"https:\/\/valenciasjb.salesianos.edu\/colegio\/wp-content\/uploads\/sites\/2\/2021\/05\/Screenshot_2021-05-20-20-23-33-487_com.whatsapp.jpg","datePublished":"2021-05-20T18:25:34+00:00","dateModified":"2021-05-20T18:25:38+00:00","author":{"@id":"https:\/\/valenciasjb.salesianos.edu\/colegio\/#\/schema\/person\/1f45b67e52b27da175190a574db6bed9"},"breadcrumb":{"@id":"https:\/\/valenciasjb.salesianos.edu\/colegio\/nuestro-colegio-ha-podido-abrir-sus-puertas-de-par-en-par-para-una-jornada-de-puertas-abiertas-muy-especial-respetando-todos-los-protocolos-sanitarios-requeridos-en-estos-momentos\/#breadcrumb"},"inLanguage":"es","potentialAction":[{"@type":"ReadAction","target":["https:\/\/valenciasjb.salesianos.edu\/colegio\/nuestro-colegio-ha-podido-abrir-sus-puertas-de-par-en-par-para-una-jornada-de-puertas-abiertas-muy-especial-respetando-todos-los-protocolos-sanitarios-requeridos-en-estos-momentos\/"]}]},{"@type":"ImageObject","inLanguage":"es","@id":"https:\/\/valenciasjb.salesianos.edu\/colegio\/nuestro-colegio-ha-podido-abrir-sus-puertas-de-par-en-par-para-una-jornada-de-puertas-abiertas-muy-especial-respetando-todos-los-protocolos-sanitarios-requeridos-en-estos-momentos\/#primaryimage","url":"https:\/\/valenciasjb.salesianos.edu\/colegio\/wp-content\/uploads\/sites\/2\/2021\/05\/Screenshot_2021-05-20-20-23-33-487_com.whatsapp.jpg","contentUrl":"https:\/\/valenciasjb.salesianos.edu\/colegio\/wp-content\/uploads\/sites\/2\/2021\/05\/Screenshot_2021-05-20-20-23-33-487_com.whatsapp.jpg","width":2340,"height":1080},{"@type":"BreadcrumbList","@id":"https:\/\/valenciasjb.salesianos.edu\/colegio\/nuestro-colegio-ha-podido-abrir-sus-puertas-de-par-en-par-para-una-jornada-de-puertas-abiertas-muy-especial-respetando-todos-los-protocolos-sanitarios-requeridos-en-estos-momentos\/#breadcrumb","itemListElement":[{"@type":"ListItem","position":1,"name":"Portada","item":"https:\/\/valenciasjb.salesianos.edu\/colegio\/"},{"@type":"ListItem","position":2,"name":"Nuestro colegio ha podido abrir sus puertas \u00abde par en par\u00bb para una jornada de puertas abiertas muy especial respetando todos los protocolos sanitarios requeridos en estos momentos"}]},{"@type":"WebSite","@id":"https:\/\/valenciasjb.salesianos.edu\/colegio\/#website","url":"https:\/\/valenciasjb.salesianos.edu\/colegio\/","name":"Colegio San Juan Bosco Valencia","description":"P\u00e1gina oficial del Colegio Salesianos San Juan Bosco Valencia","alternateName":"Salesianos.VSJB","potentialAction":[{"@type":"SearchAction","target":{"@type":"EntryPoint","urlTemplate":"https:\/\/valenciasjb.salesianos.edu\/colegio\/?s={search_term_string}"},"query-input":{"@type":"PropertyValueSpecification","valueRequired":true,"valueName":"search_term_string"}}],"inLanguage":"es"},{"@type":"Person","@id":"https:\/\/valenciasjb.salesianos.edu\/colegio\/#\/schema\/person\/1f45b67e52b27da175190a574db6bed9","name":"veronicapastor","image":{"@type":"ImageObject","inLanguage":"es","@id":"https:\/\/secure.gravatar.com\/avatar\/e29bd40bace3fd935e1d6fdb7313ffc14628cc037c5e16f4c7369b20a2a6f7f0?s=96&d=mm&r=g","url":"https:\/\/secure.gravatar.com\/avatar\/e29bd40bace3fd935e1d6fdb7313ffc14628cc037c5e16f4c7369b20a2a6f7f0?s=96&d=mm&r=g","contentUrl":"https:\/\/secure.gravatar.com\/avatar\/e29bd40bace3fd935e1d6fdb7313ffc14628cc037c5e16f4c7369b20a2a6f7f0?s=96&d=mm&r=g","caption":"veronicapastor"}}]}},"_links":{"self":[{"href":"https:\/\/valenciasjb.salesianos.edu\/colegio\/wp-json\/wp\/v2\/posts\/15469","targetHints":{"allow":["GET"]}}],"collection":[{"href":"https:\/\/valenciasjb.salesianos.edu\/colegio\/wp-json\/wp\/v2\/posts"}],"about":[{"href":"https:\/\/valenciasjb.salesianos.edu\/colegio\/wp-json\/wp\/v2\/types\/post"}],"author":[{"embeddable":true,"href":"https:\/\/valenciasjb.salesianos.edu\/colegio\/wp-json\/wp\/v2\/users\/6"}],"replies":[{"embeddable":true,"href":"https:\/\/valenciasjb.salesianos.edu\/colegio\/wp-json\/wp\/v2\/comments?post=15469"}],"version-history":[{"count":2,"href":"https:\/\/valenciasjb.salesianos.edu\/colegio\/wp-json\/wp\/v2\/posts\/15469\/revisions"}],"predecessor-version":[{"id":15475,"href":"https:\/\/valenciasjb.salesianos.edu\/colegio\/wp-json\/wp\/v2\/posts\/15469\/revisions\/15475"}],"wp:featuredmedia":[{"embeddable":true,"href":"https:\/\/valenciasjb.salesianos.edu\/colegio\/wp-json\/wp\/v2\/media\/15474"}],"wp:attachment":[{"href":"https:\/\/valenciasjb.salesianos.edu\/colegio\/wp-json\/wp\/v2\/media?parent=15469"}],"wp:term":[{"taxonomy":"category","embeddable":true,"href":"https:\/\/valenciasjb.salesianos.edu\/colegio\/wp-json\/wp\/v2\/categories?post=15469"},{"taxonomy":"post_tag","embeddable":true,"href":"https:\/\/valenciasjb.salesianos.edu\/colegio\/wp-json\/wp\/v2\/tags?post=15469"}],"curies":[{"name":"wp","href":"https:\/\/api.w.org\/{rel}","templated":true}]}}