{"id":15535,"date":"2021-05-31T19:29:21","date_gmt":"2021-05-31T18:29:21","guid":{"rendered":"https:\/\/valenciasjb.salesianos.edu\/colegio\/?p=15535"},"modified":"2021-05-31T19:29:25","modified_gmt":"2021-05-31T18:29:25","slug":"la-xlvi-edicion-del-festival-de-la-cancion-se-ha-celebrado-bajo-el-maximo-cumplimiento-de-las-medidas-sanitarias","status":"publish","type":"post","link":"https:\/\/valenciasjb.salesianos.edu\/colegio\/la-xlvi-edicion-del-festival-de-la-cancion-se-ha-celebrado-bajo-el-maximo-cumplimiento-de-las-medidas-sanitarias\/","title":{"rendered":"La XLVI edici\u00f3n del \u201cFestival de la Canci\u00f3n\u201d se ha celebrado bajo el m\u00e1ximo cumplimiento de las medidas sanitarias\u00a0"},"content":{"rendered":"<div id=\"fb-root\"><\/div>\n<p>[et_pb_section fb_built=\u00bb1&#8243; admin_label=\u00bbsection\u00bb _builder_version=\u00bb3.22&#8243;][et_pb_row admin_label=\u00bbrow\u00bb _builder_version=\u00bb3.25&#8243; background_size=\u00bbinitial\u00bb background_position=\u00bbtop_left\u00bb background_repeat=\u00bbrepeat\u00bb][et_pb_column type=\u00bb4_4&#8243; _builder_version=\u00bb3.25&#8243; custom_padding=\u00bb|||\u00bb custom_padding__hover=\u00bb|||\u00bb][et_pb_text admin_label=\u00bbEntradilla (Texto)\u00bb _builder_version=\u00bb4.9.4&#8243; text_font=\u00bb|on|||\u00bb text_orientation=\u00bbjustified\u00bb module_alignment=\u00bbjustified\u00bb hover_enabled=\u00bb0&#8243; sticky_enabled=\u00bb0&#8243;]<\/p>\n<p>A pesar de la situaci\u00f3n de pandemia, los alumnos de 5\u00ba y 6\u00ba de primaria han podido disfrutar de una nueva edici\u00f3n del tradicional \u201cFestival de la Canci\u00f3n\u201d.<\/p>\n<p>[\/et_pb_text][et_pb_text admin_label=\u00bbAutor (Texto)\u00bb _builder_version=\u00bb4.9.4&#8243; text_font=\u00bb||on||\u00bb hover_enabled=\u00bb0&#8243; sticky_enabled=\u00bb0&#8243;]<\/p>\n<p>Fran Hern\u00e1ndez y\u00a0Cristina Berrocal-del Br\u00edo.<\/p>\n<p>[\/et_pb_text][et_pb_text admin_label=\u00bbDesarrollo (Texto)\u00bb _builder_version=\u00bb4.9.4&#8243; text_orientation=\u00bbjustified\u00bb module_alignment=\u00bbjustified\u00bb hover_enabled=\u00bb0&#8243; sticky_enabled=\u00bb0&#8243;]<\/p>\n<p>Como dec\u00eda Don Bosco, \u201cuna casa salesiana sin m\u00fasica es como un cuerpo sin alma\u201d. Es por ello que nuestro colegio lleva desde hace 46 a\u00f1os celebrando el \u201cFestival de la Canci\u00f3n\u201d, con la intenci\u00f3n de mantener vivo el esp\u00edritu de su patr\u00f3n salesiano.<\/p>\n<p>Pero el \u201cFestival de la Canci\u00f3n\u201d no es simplemente una tradici\u00f3n; es un ejemplo de escucha activa, de compa\u00f1erismo, de esfuerzo, de superaci\u00f3n, de apoyo, de respeto, de amistad\u2026 que se vive en las aulas durante todo el proceso.<\/p>\n<p>Este a\u00f1o, debido a las medidas sanitarias, las primeras audiciones se realizaron en formato digital, con v\u00eddeos que los alumnos grabaron en sus casas y que compartieron en el aula con el resto de sus compa\u00f1eros. Este formato ha dado pie a un gran desarrollo de la creatividad de los alumnos, que han aprovechado para recrear escenarios, imitar vestimenta y caracterizarse como sus \u00eddolos, as\u00ed como a la participaci\u00f3n de algunos miembros de sus familias como \u201cextras\u201d de sus videoclips.\u00a0<\/p>\n<p>Tras la dif\u00edcil selecci\u00f3n de los diez finalistas que hoy, d\u00eda 31 de mayo, nos han deleitado con sus voces en directo en el tan a\u00f1orado teatro de nuestro colegio, podemos concluir que las tres alumnas ganadoras del festival han sido:<\/p>\n<p>&#8211; Primer premio: Bea de Llago, de 5\u00baC.<\/p>\n<p>&#8211; Segundo premio: Pau Ll\u00e1cer, de 5\u00baD.<\/p>\n<p>&#8211; Tercer premio: Sandra Aguilar, de 6\u00baB.<\/p>\n<p>En el festival, el director de la etapa de Infantil y Primaria, Jose Valero, ha hecho entrega a todos los finalistas de un diploma de reconocimiento a su esfuerzo y participaci\u00f3n. Adem\u00e1s, las tres alumnas ganadoras han recibido sus respectivos trofeos y en breve podr\u00e1n grabar sus temas individuales y llevarse a casa los CD con sus propias canciones gracias al apoyo y colaboraci\u00f3n de ASSISI Producciones.<\/p>\n<p>Os esperamos de nuevo el pr\u00f3ximo a\u00f1o para disfrutar de la XLVII edici\u00f3n. \u00a1Que la m\u00fasica os acompa\u00f1e!<\/p>\n<p>[\/et_pb_text][et_pb_text disabled_on=\u00bboff|on|on\u00bb admin_label=\u00bbT\u00edtulo: Galer\u00eda de fotos (Texto)\u00bb _builder_version=\u00bb3.27.4&#8243; text_font=\u00bb|on|||\u00bb text_text_color=\u00bb#dc001b\u00bb border_style=\u00bbsolid\u00bb]Galer\u00eda de im\u00e1genes<br \/>\n[\/et_pb_text][et_pb_gallery gallery_ids=\u00bb15538&#8243; posts_number=\u00bb8&#8243; show_title_and_caption=\u00bboff\u00bb zoom_icon_color=\u00bb#dc001b\u00bb hover_icon=\u00bb%%51%%\u00bb disabled_on=\u00bboff|off|off\u00bb _builder_version=\u00bb4.9.4&#8243; hover_enabled=\u00bb0&#8243; pagination_font_size_tablet=\u00bb51&#8243; pagination_line_height_tablet=\u00bb2&#8243; sticky_enabled=\u00bb0&#8243;][\/et_pb_gallery][et_pb_video disabled_on=\u00bbon|on|on\u00bb _builder_version=\u00bb3.0.51&#8243; disabled=\u00bbon\u00bb][\/et_pb_video][\/et_pb_column][\/et_pb_row][\/et_pb_section]<\/p>\n<!-- AddThis Advanced Settings generic via filter on the_content --><!-- AddThis Share Buttons generic via filter on the_content -->","protected":false},"excerpt":{"rendered":"<p>A pesar de la situaci\u00f3n de pandemia, los alumnos de 5\u00ba y 6\u00ba de primaria han podido disfrutar de una nueva edici\u00f3n del tradicional \u201cFestival de la Canci\u00f3n\u201d.Fran Hern\u00e1ndez y\u00a0Cristina Berrocal-del Br\u00edo.Como dec\u00eda Don Bosco, \u201cuna casa salesiana sin m\u00fasica es como un cuerpo sin alma\u201d. Es por ello que nuestro colegio lleva desde hace [&hellip;]<\/p>\n<p><!-- AddThis Advanced Settings generic via filter on get_the_excerpt --><!-- AddThis Share Buttons generic via filter on get_the_excerpt --><\/p>\n","protected":false},"author":6,"featured_media":15539,"comment_status":"closed","ping_status":"open","sticky":false,"template":"","format":"standard","meta":{"_et_pb_use_builder":"on","_et_pb_old_content":"","_et_gb_content_width":"","footnotes":""},"categories":[14],"tags":[],"class_list":["post-15535","post","type-post","status-publish","format-standard","has-post-thumbnail","hentry","category-noticia_colegio"],"yoast_head":"<!-- This site is optimized with the Yoast SEO plugin v28.4 - https:\/\/yoast.com\/product\/yoast-seo-wordpress\/ -->\n<title>La XLVI edici\u00f3n del \u201cFestival de la Canci\u00f3n\u201d se ha celebrado bajo el m\u00e1ximo cumplimiento de las medidas sanitarias\u00a0 - Colegio San Juan Bosco Valencia<\/title>\n<meta name=\"robots\" content=\"index, follow, max-snippet:-1, max-image-preview:large, max-video-preview:-1\" \/>\n<link rel=\"canonical\" href=\"https:\/\/valenciasjb.salesianos.edu\/colegio\/la-xlvi-edicion-del-festival-de-la-cancion-se-ha-celebrado-bajo-el-maximo-cumplimiento-de-las-medidas-sanitarias\/\" \/>\n<meta property=\"og:locale\" content=\"es_ES\" \/>\n<meta property=\"og:type\" content=\"article\" \/>\n<meta property=\"og:title\" content=\"La XLVI edici\u00f3n del \u201cFestival de la Canci\u00f3n\u201d se ha celebrado bajo el m\u00e1ximo cumplimiento de las medidas sanitarias\u00a0 - Colegio San Juan Bosco Valencia\" \/>\n<meta property=\"og:description\" content=\"A pesar de la situaci\u00f3n de pandemia, los alumnos de 5\u00ba y 6\u00ba de primaria han podido disfrutar de una nueva edici\u00f3n del tradicional \u201cFestival de la Canci\u00f3n\u201d.Fran Hern\u00e1ndez y\u00a0Cristina Berrocal-del Br\u00edo.Como dec\u00eda Don Bosco, \u201cuna casa salesiana sin m\u00fasica es como un cuerpo sin alma\u201d. Es por ello que nuestro colegio lleva desde hace [&hellip;]\" \/>\n<meta property=\"og:url\" content=\"https:\/\/valenciasjb.salesianos.edu\/colegio\/la-xlvi-edicion-del-festival-de-la-cancion-se-ha-celebrado-bajo-el-maximo-cumplimiento-de-las-medidas-sanitarias\/\" \/>\n<meta property=\"og:site_name\" content=\"Colegio San Juan Bosco Valencia\" \/>\n<meta property=\"article:publisher\" content=\"https:\/\/www.facebook.com\/ColegioSalesianoSanJuanBoscoValencia\" \/>\n<meta property=\"article:published_time\" content=\"2021-05-31T18:29:21+00:00\" \/>\n<meta property=\"article:modified_time\" content=\"2021-05-31T18:29:25+00:00\" \/>\n<meta property=\"og:image\" content=\"https:\/\/valenciasjb.salesianos.edu\/colegio\/wp-content\/uploads\/sites\/2\/2021\/05\/IMG_20210531_202816.jpg\" \/>\n\t<meta property=\"og:image:width\" content=\"1490\" \/>\n\t<meta property=\"og:image:height\" content=\"1039\" \/>\n\t<meta property=\"og:image:type\" content=\"image\/jpeg\" \/>\n<meta name=\"author\" content=\"veronicapastor\" \/>\n<meta name=\"twitter:card\" content=\"summary_large_image\" \/>\n<meta name=\"twitter:creator\" content=\"@SalesianosVSJB\" \/>\n<meta name=\"twitter:site\" content=\"@SalesianosVSJB\" \/>\n<meta name=\"twitter:label1\" content=\"Escrito por\" \/>\n\t<meta name=\"twitter:data1\" content=\"veronicapastor\" \/>\n\t<meta name=\"twitter:label2\" content=\"Tiempo de lectura\" \/>\n\t<meta name=\"twitter:data2\" content=\"3 minutos\" \/>\n<script type=\"application\/ld+json\" class=\"yoast-schema-graph\">{\"@context\":\"https:\\\/\\\/schema.org\",\"@graph\":[{\"@type\":\"Article\",\"@id\":\"https:\\\/\\\/valenciasjb.salesianos.edu\\\/colegio\\\/la-xlvi-edicion-del-festival-de-la-cancion-se-ha-celebrado-bajo-el-maximo-cumplimiento-de-las-medidas-sanitarias\\\/#article\",\"isPartOf\":{\"@id\":\"https:\\\/\\\/valenciasjb.salesianos.edu\\\/colegio\\\/la-xlvi-edicion-del-festival-de-la-cancion-se-ha-celebrado-bajo-el-maximo-cumplimiento-de-las-medidas-sanitarias\\\/\"},\"author\":{\"name\":\"veronicapastor\",\"@id\":\"https:\\\/\\\/valenciasjb.salesianos.edu\\\/colegio\\\/#\\\/schema\\\/person\\\/1f45b67e52b27da175190a574db6bed9\"},\"headline\":\"La XLVI edici\u00f3n del \u201cFestival de la Canci\u00f3n\u201d se ha celebrado bajo el m\u00e1ximo cumplimiento de las medidas sanitarias\u00a0\",\"datePublished\":\"2021-05-31T18:29:21+00:00\",\"dateModified\":\"2021-05-31T18:29:25+00:00\",\"mainEntityOfPage\":{\"@id\":\"https:\\\/\\\/valenciasjb.salesianos.edu\\\/colegio\\\/la-xlvi-edicion-del-festival-de-la-cancion-se-ha-celebrado-bajo-el-maximo-cumplimiento-de-las-medidas-sanitarias\\\/\"},\"wordCount\":605,\"image\":{\"@id\":\"https:\\\/\\\/valenciasjb.salesianos.edu\\\/colegio\\\/la-xlvi-edicion-del-festival-de-la-cancion-se-ha-celebrado-bajo-el-maximo-cumplimiento-de-las-medidas-sanitarias\\\/#primaryimage\"},\"thumbnailUrl\":\"https:\\\/\\\/valenciasjb.salesianos.edu\\\/colegio\\\/wp-content\\\/uploads\\\/sites\\\/2\\\/2021\\\/05\\\/IMG_20210531_202816.jpg\",\"articleSection\":[\"Noticia Colegio\"],\"inLanguage\":\"es\"},{\"@type\":\"WebPage\",\"@id\":\"https:\\\/\\\/valenciasjb.salesianos.edu\\\/colegio\\\/la-xlvi-edicion-del-festival-de-la-cancion-se-ha-celebrado-bajo-el-maximo-cumplimiento-de-las-medidas-sanitarias\\\/\",\"url\":\"https:\\\/\\\/valenciasjb.salesianos.edu\\\/colegio\\\/la-xlvi-edicion-del-festival-de-la-cancion-se-ha-celebrado-bajo-el-maximo-cumplimiento-de-las-medidas-sanitarias\\\/\",\"name\":\"La XLVI edici\u00f3n del \u201cFestival de la Canci\u00f3n\u201d se ha celebrado bajo el m\u00e1ximo cumplimiento de las medidas sanitarias\u00a0 - Colegio San Juan Bosco Valencia\",\"isPartOf\":{\"@id\":\"https:\\\/\\\/valenciasjb.salesianos.edu\\\/colegio\\\/#website\"},\"primaryImageOfPage\":{\"@id\":\"https:\\\/\\\/valenciasjb.salesianos.edu\\\/colegio\\\/la-xlvi-edicion-del-festival-de-la-cancion-se-ha-celebrado-bajo-el-maximo-cumplimiento-de-las-medidas-sanitarias\\\/#primaryimage\"},\"image\":{\"@id\":\"https:\\\/\\\/valenciasjb.salesianos.edu\\\/colegio\\\/la-xlvi-edicion-del-festival-de-la-cancion-se-ha-celebrado-bajo-el-maximo-cumplimiento-de-las-medidas-sanitarias\\\/#primaryimage\"},\"thumbnailUrl\":\"https:\\\/\\\/valenciasjb.salesianos.edu\\\/colegio\\\/wp-content\\\/uploads\\\/sites\\\/2\\\/2021\\\/05\\\/IMG_20210531_202816.jpg\",\"datePublished\":\"2021-05-31T18:29:21+00:00\",\"dateModified\":\"2021-05-31T18:29:25+00:00\",\"author\":{\"@id\":\"https:\\\/\\\/valenciasjb.salesianos.edu\\\/colegio\\\/#\\\/schema\\\/person\\\/1f45b67e52b27da175190a574db6bed9\"},\"breadcrumb\":{\"@id\":\"https:\\\/\\\/valenciasjb.salesianos.edu\\\/colegio\\\/la-xlvi-edicion-del-festival-de-la-cancion-se-ha-celebrado-bajo-el-maximo-cumplimiento-de-las-medidas-sanitarias\\\/#breadcrumb\"},\"inLanguage\":\"es\",\"potentialAction\":[{\"@type\":\"ReadAction\",\"target\":[\"https:\\\/\\\/valenciasjb.salesianos.edu\\\/colegio\\\/la-xlvi-edicion-del-festival-de-la-cancion-se-ha-celebrado-bajo-el-maximo-cumplimiento-de-las-medidas-sanitarias\\\/\"]}]},{\"@type\":\"ImageObject\",\"inLanguage\":\"es\",\"@id\":\"https:\\\/\\\/valenciasjb.salesianos.edu\\\/colegio\\\/la-xlvi-edicion-del-festival-de-la-cancion-se-ha-celebrado-bajo-el-maximo-cumplimiento-de-las-medidas-sanitarias\\\/#primaryimage\",\"url\":\"https:\\\/\\\/valenciasjb.salesianos.edu\\\/colegio\\\/wp-content\\\/uploads\\\/sites\\\/2\\\/2021\\\/05\\\/IMG_20210531_202816.jpg\",\"contentUrl\":\"https:\\\/\\\/valenciasjb.salesianos.edu\\\/colegio\\\/wp-content\\\/uploads\\\/sites\\\/2\\\/2021\\\/05\\\/IMG_20210531_202816.jpg\",\"width\":1490,\"height\":1039},{\"@type\":\"BreadcrumbList\",\"@id\":\"https:\\\/\\\/valenciasjb.salesianos.edu\\\/colegio\\\/la-xlvi-edicion-del-festival-de-la-cancion-se-ha-celebrado-bajo-el-maximo-cumplimiento-de-las-medidas-sanitarias\\\/#breadcrumb\",\"itemListElement\":[{\"@type\":\"ListItem\",\"position\":1,\"name\":\"Portada\",\"item\":\"https:\\\/\\\/valenciasjb.salesianos.edu\\\/colegio\\\/\"},{\"@type\":\"ListItem\",\"position\":2,\"name\":\"La XLVI edici\u00f3n del \u201cFestival de la Canci\u00f3n\u201d se ha celebrado bajo el m\u00e1ximo cumplimiento de las medidas sanitarias\u00a0\"}]},{\"@type\":\"WebSite\",\"@id\":\"https:\\\/\\\/valenciasjb.salesianos.edu\\\/colegio\\\/#website\",\"url\":\"https:\\\/\\\/valenciasjb.salesianos.edu\\\/colegio\\\/\",\"name\":\"Colegio San Juan Bosco Valencia\",\"description\":\"P\u00e1gina oficial del Colegio Salesianos San Juan Bosco Valencia\",\"alternateName\":\"Salesianos.VSJB\",\"potentialAction\":[{\"@type\":\"SearchAction\",\"target\":{\"@type\":\"EntryPoint\",\"urlTemplate\":\"https:\\\/\\\/valenciasjb.salesianos.edu\\\/colegio\\\/?s={search_term_string}\"},\"query-input\":{\"@type\":\"PropertyValueSpecification\",\"valueRequired\":true,\"valueName\":\"search_term_string\"}}],\"inLanguage\":\"es\"},{\"@type\":\"Person\",\"@id\":\"https:\\\/\\\/valenciasjb.salesianos.edu\\\/colegio\\\/#\\\/schema\\\/person\\\/1f45b67e52b27da175190a574db6bed9\",\"name\":\"veronicapastor\",\"image\":{\"@type\":\"ImageObject\",\"inLanguage\":\"es\",\"@id\":\"https:\\\/\\\/secure.gravatar.com\\\/avatar\\\/e29bd40bace3fd935e1d6fdb7313ffc14628cc037c5e16f4c7369b20a2a6f7f0?s=96&d=mm&r=g\",\"url\":\"https:\\\/\\\/secure.gravatar.com\\\/avatar\\\/e29bd40bace3fd935e1d6fdb7313ffc14628cc037c5e16f4c7369b20a2a6f7f0?s=96&d=mm&r=g\",\"contentUrl\":\"https:\\\/\\\/secure.gravatar.com\\\/avatar\\\/e29bd40bace3fd935e1d6fdb7313ffc14628cc037c5e16f4c7369b20a2a6f7f0?s=96&d=mm&r=g\",\"caption\":\"veronicapastor\"}}]}<\/script>\n<!-- \/ Yoast SEO plugin. -->","yoast_head_json":{"title":"La XLVI edici\u00f3n del \u201cFestival de la Canci\u00f3n\u201d se ha celebrado bajo el m\u00e1ximo cumplimiento de las medidas sanitarias\u00a0 - Colegio San Juan Bosco Valencia","robots":{"index":"index","follow":"follow","max-snippet":"max-snippet:-1","max-image-preview":"max-image-preview:large","max-video-preview":"max-video-preview:-1"},"canonical":"https:\/\/valenciasjb.salesianos.edu\/colegio\/la-xlvi-edicion-del-festival-de-la-cancion-se-ha-celebrado-bajo-el-maximo-cumplimiento-de-las-medidas-sanitarias\/","og_locale":"es_ES","og_type":"article","og_title":"La XLVI edici\u00f3n del \u201cFestival de la Canci\u00f3n\u201d se ha celebrado bajo el m\u00e1ximo cumplimiento de las medidas sanitarias\u00a0 - Colegio San Juan Bosco Valencia","og_description":"A pesar de la situaci\u00f3n de pandemia, los alumnos de 5\u00ba y 6\u00ba de primaria han podido disfrutar de una nueva edici\u00f3n del tradicional \u201cFestival de la Canci\u00f3n\u201d.Fran Hern\u00e1ndez y\u00a0Cristina Berrocal-del Br\u00edo.Como dec\u00eda Don Bosco, \u201cuna casa salesiana sin m\u00fasica es como un cuerpo sin alma\u201d. Es por ello que nuestro colegio lleva desde hace [&hellip;]","og_url":"https:\/\/valenciasjb.salesianos.edu\/colegio\/la-xlvi-edicion-del-festival-de-la-cancion-se-ha-celebrado-bajo-el-maximo-cumplimiento-de-las-medidas-sanitarias\/","og_site_name":"Colegio San Juan Bosco Valencia","article_publisher":"https:\/\/www.facebook.com\/ColegioSalesianoSanJuanBoscoValencia","article_published_time":"2021-05-31T18:29:21+00:00","article_modified_time":"2021-05-31T18:29:25+00:00","og_image":[{"width":1490,"height":1039,"url":"https:\/\/valenciasjb.salesianos.edu\/colegio\/wp-content\/uploads\/sites\/2\/2021\/05\/IMG_20210531_202816.jpg","type":"image\/jpeg"}],"author":"veronicapastor","twitter_card":"summary_large_image","twitter_creator":"@SalesianosVSJB","twitter_site":"@SalesianosVSJB","twitter_misc":{"Escrito por":"veronicapastor","Tiempo de lectura":"3 minutos"},"schema":{"@context":"https:\/\/schema.org","@graph":[{"@type":"Article","@id":"https:\/\/valenciasjb.salesianos.edu\/colegio\/la-xlvi-edicion-del-festival-de-la-cancion-se-ha-celebrado-bajo-el-maximo-cumplimiento-de-las-medidas-sanitarias\/#article","isPartOf":{"@id":"https:\/\/valenciasjb.salesianos.edu\/colegio\/la-xlvi-edicion-del-festival-de-la-cancion-se-ha-celebrado-bajo-el-maximo-cumplimiento-de-las-medidas-sanitarias\/"},"author":{"name":"veronicapastor","@id":"https:\/\/valenciasjb.salesianos.edu\/colegio\/#\/schema\/person\/1f45b67e52b27da175190a574db6bed9"},"headline":"La XLVI edici\u00f3n del \u201cFestival de la Canci\u00f3n\u201d se ha celebrado bajo el m\u00e1ximo cumplimiento de las medidas sanitarias\u00a0","datePublished":"2021-05-31T18:29:21+00:00","dateModified":"2021-05-31T18:29:25+00:00","mainEntityOfPage":{"@id":"https:\/\/valenciasjb.salesianos.edu\/colegio\/la-xlvi-edicion-del-festival-de-la-cancion-se-ha-celebrado-bajo-el-maximo-cumplimiento-de-las-medidas-sanitarias\/"},"wordCount":605,"image":{"@id":"https:\/\/valenciasjb.salesianos.edu\/colegio\/la-xlvi-edicion-del-festival-de-la-cancion-se-ha-celebrado-bajo-el-maximo-cumplimiento-de-las-medidas-sanitarias\/#primaryimage"},"thumbnailUrl":"https:\/\/valenciasjb.salesianos.edu\/colegio\/wp-content\/uploads\/sites\/2\/2021\/05\/IMG_20210531_202816.jpg","articleSection":["Noticia Colegio"],"inLanguage":"es"},{"@type":"WebPage","@id":"https:\/\/valenciasjb.salesianos.edu\/colegio\/la-xlvi-edicion-del-festival-de-la-cancion-se-ha-celebrado-bajo-el-maximo-cumplimiento-de-las-medidas-sanitarias\/","url":"https:\/\/valenciasjb.salesianos.edu\/colegio\/la-xlvi-edicion-del-festival-de-la-cancion-se-ha-celebrado-bajo-el-maximo-cumplimiento-de-las-medidas-sanitarias\/","name":"La XLVI edici\u00f3n del \u201cFestival de la Canci\u00f3n\u201d se ha celebrado bajo el m\u00e1ximo cumplimiento de las medidas sanitarias\u00a0 - Colegio San Juan Bosco Valencia","isPartOf":{"@id":"https:\/\/valenciasjb.salesianos.edu\/colegio\/#website"},"primaryImageOfPage":{"@id":"https:\/\/valenciasjb.salesianos.edu\/colegio\/la-xlvi-edicion-del-festival-de-la-cancion-se-ha-celebrado-bajo-el-maximo-cumplimiento-de-las-medidas-sanitarias\/#primaryimage"},"image":{"@id":"https:\/\/valenciasjb.salesianos.edu\/colegio\/la-xlvi-edicion-del-festival-de-la-cancion-se-ha-celebrado-bajo-el-maximo-cumplimiento-de-las-medidas-sanitarias\/#primaryimage"},"thumbnailUrl":"https:\/\/valenciasjb.salesianos.edu\/colegio\/wp-content\/uploads\/sites\/2\/2021\/05\/IMG_20210531_202816.jpg","datePublished":"2021-05-31T18:29:21+00:00","dateModified":"2021-05-31T18:29:25+00:00","author":{"@id":"https:\/\/valenciasjb.salesianos.edu\/colegio\/#\/schema\/person\/1f45b67e52b27da175190a574db6bed9"},"breadcrumb":{"@id":"https:\/\/valenciasjb.salesianos.edu\/colegio\/la-xlvi-edicion-del-festival-de-la-cancion-se-ha-celebrado-bajo-el-maximo-cumplimiento-de-las-medidas-sanitarias\/#breadcrumb"},"inLanguage":"es","potentialAction":[{"@type":"ReadAction","target":["https:\/\/valenciasjb.salesianos.edu\/colegio\/la-xlvi-edicion-del-festival-de-la-cancion-se-ha-celebrado-bajo-el-maximo-cumplimiento-de-las-medidas-sanitarias\/"]}]},{"@type":"ImageObject","inLanguage":"es","@id":"https:\/\/valenciasjb.salesianos.edu\/colegio\/la-xlvi-edicion-del-festival-de-la-cancion-se-ha-celebrado-bajo-el-maximo-cumplimiento-de-las-medidas-sanitarias\/#primaryimage","url":"https:\/\/valenciasjb.salesianos.edu\/colegio\/wp-content\/uploads\/sites\/2\/2021\/05\/IMG_20210531_202816.jpg","contentUrl":"https:\/\/valenciasjb.salesianos.edu\/colegio\/wp-content\/uploads\/sites\/2\/2021\/05\/IMG_20210531_202816.jpg","width":1490,"height":1039},{"@type":"BreadcrumbList","@id":"https:\/\/valenciasjb.salesianos.edu\/colegio\/la-xlvi-edicion-del-festival-de-la-cancion-se-ha-celebrado-bajo-el-maximo-cumplimiento-de-las-medidas-sanitarias\/#breadcrumb","itemListElement":[{"@type":"ListItem","position":1,"name":"Portada","item":"https:\/\/valenciasjb.salesianos.edu\/colegio\/"},{"@type":"ListItem","position":2,"name":"La XLVI edici\u00f3n del \u201cFestival de la Canci\u00f3n\u201d se ha celebrado bajo el m\u00e1ximo cumplimiento de las medidas sanitarias\u00a0"}]},{"@type":"WebSite","@id":"https:\/\/valenciasjb.salesianos.edu\/colegio\/#website","url":"https:\/\/valenciasjb.salesianos.edu\/colegio\/","name":"Colegio San Juan Bosco Valencia","description":"P\u00e1gina oficial del Colegio Salesianos San Juan Bosco Valencia","alternateName":"Salesianos.VSJB","potentialAction":[{"@type":"SearchAction","target":{"@type":"EntryPoint","urlTemplate":"https:\/\/valenciasjb.salesianos.edu\/colegio\/?s={search_term_string}"},"query-input":{"@type":"PropertyValueSpecification","valueRequired":true,"valueName":"search_term_string"}}],"inLanguage":"es"},{"@type":"Person","@id":"https:\/\/valenciasjb.salesianos.edu\/colegio\/#\/schema\/person\/1f45b67e52b27da175190a574db6bed9","name":"veronicapastor","image":{"@type":"ImageObject","inLanguage":"es","@id":"https:\/\/secure.gravatar.com\/avatar\/e29bd40bace3fd935e1d6fdb7313ffc14628cc037c5e16f4c7369b20a2a6f7f0?s=96&d=mm&r=g","url":"https:\/\/secure.gravatar.com\/avatar\/e29bd40bace3fd935e1d6fdb7313ffc14628cc037c5e16f4c7369b20a2a6f7f0?s=96&d=mm&r=g","contentUrl":"https:\/\/secure.gravatar.com\/avatar\/e29bd40bace3fd935e1d6fdb7313ffc14628cc037c5e16f4c7369b20a2a6f7f0?s=96&d=mm&r=g","caption":"veronicapastor"}}]}},"_links":{"self":[{"href":"https:\/\/valenciasjb.salesianos.edu\/colegio\/wp-json\/wp\/v2\/posts\/15535","targetHints":{"allow":["GET"]}}],"collection":[{"href":"https:\/\/valenciasjb.salesianos.edu\/colegio\/wp-json\/wp\/v2\/posts"}],"about":[{"href":"https:\/\/valenciasjb.salesianos.edu\/colegio\/wp-json\/wp\/v2\/types\/post"}],"author":[{"embeddable":true,"href":"https:\/\/valenciasjb.salesianos.edu\/colegio\/wp-json\/wp\/v2\/users\/6"}],"replies":[{"embeddable":true,"href":"https:\/\/valenciasjb.salesianos.edu\/colegio\/wp-json\/wp\/v2\/comments?post=15535"}],"version-history":[{"count":4,"href":"https:\/\/valenciasjb.salesianos.edu\/colegio\/wp-json\/wp\/v2\/posts\/15535\/revisions"}],"predecessor-version":[{"id":15542,"href":"https:\/\/valenciasjb.salesianos.edu\/colegio\/wp-json\/wp\/v2\/posts\/15535\/revisions\/15542"}],"wp:featuredmedia":[{"embeddable":true,"href":"https:\/\/valenciasjb.salesianos.edu\/colegio\/wp-json\/wp\/v2\/media\/15539"}],"wp:attachment":[{"href":"https:\/\/valenciasjb.salesianos.edu\/colegio\/wp-json\/wp\/v2\/media?parent=15535"}],"wp:term":[{"taxonomy":"category","embeddable":true,"href":"https:\/\/valenciasjb.salesianos.edu\/colegio\/wp-json\/wp\/v2\/categories?post=15535"},{"taxonomy":"post_tag","embeddable":true,"href":"https:\/\/valenciasjb.salesianos.edu\/colegio\/wp-json\/wp\/v2\/tags?post=15535"}],"curies":[{"name":"wp","href":"https:\/\/api.w.org\/{rel}","templated":true}]}}