{"id":15697,"date":"2021-06-16T08:42:21","date_gmt":"2021-06-16T07:42:21","guid":{"rendered":"https:\/\/valenciasjb.salesianos.edu\/colegio\/?p=15697"},"modified":"2021-06-16T08:47:20","modified_gmt":"2021-06-16T07:47:20","slug":"entrevista-con-nuestra-antigua-alumna-mar-carrascosa-agustin-jugadora-profesional-de-voleibol-en-la-maxima-categoria-la-liga-iberdrola","status":"publish","type":"post","link":"https:\/\/valenciasjb.salesianos.edu\/colegio\/entrevista-con-nuestra-antigua-alumna-mar-carrascosa-agustin-jugadora-profesional-de-voleibol-en-la-maxima-categoria-la-liga-iberdrola\/","title":{"rendered":"Entrevista con nuestra antigua alumna Mar Carrascosa Agust\u00edn, jugadora profesional de voleibol en la m\u00e1xima categor\u00eda, la Liga Iberdrola"},"content":{"rendered":"<div id=\"fb-root\"><\/div>\n<p>[et_pb_section fb_built=\u00bb1&#8243; admin_label=\u00bbsection\u00bb _builder_version=\u00bb3.22&#8243;][et_pb_row admin_label=\u00bbrow\u00bb _builder_version=\u00bb3.25&#8243; background_size=\u00bbinitial\u00bb background_position=\u00bbtop_left\u00bb background_repeat=\u00bbrepeat\u00bb][et_pb_column type=\u00bb4_4&#8243; _builder_version=\u00bb3.25&#8243; custom_padding=\u00bb|||\u00bb custom_padding__hover=\u00bb|||\u00bb][et_pb_text admin_label=\u00bbEntradilla (Texto)\u00bb _builder_version=\u00bb4.9.7&#8243; text_font=\u00bb|on|||\u00bb text_orientation=\u00bbjustified\u00bb module_alignment=\u00bbjustified\u00bb hover_enabled=\u00bb0&#8243; sticky_enabled=\u00bb0&#8243;]<\/p>\n<div id=\"resumen\"><strong>\u00a0<\/strong><\/div>\n<div>Mar fue alumna del colegio desde Infantil hasta 4\u00b0 de ESO (a\u00f1o 2015). Ha estudiado Bellas Artes en la Universidad Polit\u00e9cnica de Valencia. Es deportista de \u00e9lite desde el a\u00f1o 2018 y ha jugado dos temporadas en el Volei Grao Castell\u00f3n y una en Mairena Voley Club de Sevilla en la categor\u00eda Superliga Femenina 2. Para esta temporada que viene ha sido fichada en el Club Voleibol Sayre Mayser GC en la m\u00e1xima categor\u00eda del voleibol, la Liga Iberdrola. Mar estuvo tambi\u00e9n colaborando en el colegio en la extraescolar de voleibol.<\/div>\n<p>[\/et_pb_text][et_pb_text admin_label=\u00bbAutor (Texto)\u00bb _builder_version=\u00bb3.27.4&#8243; text_font=\u00bb||on||\u00bb]Redacci\u00f3n<br \/>\n[\/et_pb_text][et_pb_text admin_label=\u00bbDesarrollo (Texto)\u00bb _builder_version=\u00bb4.9.7&#8243; text_orientation=\u00bbjustified\u00bb module_alignment=\u00bbjustified\u00bb]<\/p>\n<p>&#8211; \u00bfQu\u00e9 supone para ti el deporte?<\/p>\n<p>&#8211; El deporte para m\u00ed supone una forma de vida, es una parte esencial sin la cual actualmente no podr\u00eda vivir. Son muchos a\u00f1os los que llevo jugando a voleibol y, a lo largo de este tiempo, me ha servido para\u00a0 crecer como persona y como deportista. Ha hecho que crea en m\u00ed misma y que aprenda a no rendirme nunca. Adem\u00e1s, una de las cosas que m\u00e1s me gusta del deporte, en mi caso del deporte de equipo, es que tienes la oportunidad de aprender de tus compa\u00f1eras y conocer gente que pasa a formar parte de tu vida para siempre.<\/p>\n<p>-Como alumna salesiana, \u00bfqu\u00e9 valores de Don Bosco has aprendido que te ayudan en tu vida diaria, en el deporte y fuera de \u00e9l?<\/p>\n<p>He aprendido a ser una persona generosa con los dem\u00e1s, a ofrecer al equipo la mejor versi\u00f3n de m\u00ed misma por el bien grupal y no por destacar yo. Tambi\u00e9n el respeto por los dem\u00e1s y por sus valores y creencias sobre todo a la hora de la convivencia. A\u00f1adir\u00eda el ser una persona trabajadora, constante y entusiasmada con lo que hace.<\/p>\n<p>&#8211; \u00bfQu\u00e9 le dir\u00edas a los chavales que, como t\u00fa hace unos a\u00f1os, est\u00e1n sentados ahora mismo en los pupitres que t\u00fa utilizaste?<\/p>\n<p>Les dir\u00eda que si tienen alg\u00fan sue\u00f1o, ya sea en el \u00e1mbito deportivo o el laboral, que luchen por \u00e9l. Puede que llegue ma\u00f1ana o dentro de tres a\u00f1os o qui\u00e9n sabe cu\u00e1ndo, pero s\u00ed luchas por ello al final se consigue. Para lograrlo es necesario poner pasi\u00f3n en lo que haces, disfrutar de cada momento del camino y sacar siempre algo positivo de ello. Habr\u00e1 muchas veces que las cosas no ir\u00e1n bien y pensar\u00e1n en abandonar, pero todo esfuerzo siempre acaba teniendo su recompensa. En mi caso, han sido tres a\u00f1os de mucho esfuerzo. Desplazarme a distintas ciudades y dedicarle much\u00edsimas horas. Adem\u00e1s compaginando mi formaci\u00f3n acad\u00e9mica con toda la actividad deportiva. Porque siempre hay tiempo para hacer lo que te gusta si te organizas y el tiempo que le dedicas a los estudios es de calidad. Y aunque muchas veces he sufrido y he pensado en dejarlo, conseguir lograr mi sue\u00f1o de jugar en la m\u00e1xima categor\u00eda del voleibol ha hecho que nunca abandonara. Esto ha sido reforzado por el continuo apoyo de mi familia a lo largo de mi trayectoria deportiva. Todos los partidos a los que me han acompa\u00f1ado. La veces que me han llevado a entrenar. Todo esto ha hecho que me sintiera siempre acompa\u00f1ada y no dejase de luchar por mi objetivo. Siempre les voy a estar muy agradecida.<\/p>\n<p>El Colegio quiere dar la enhorabuena a Mar por este magn\u00edfico reconocimiento a a\u00f1os de trabajo y esfuerzo. \u00a1Contigo abiertos al futuro!<\/p>\n<p>[\/et_pb_text][et_pb_text disabled_on=\u00bboff|on|on\u00bb admin_label=\u00bbT\u00edtulo: Galer\u00eda de fotos (Texto)\u00bb _builder_version=\u00bb3.27.4&#8243; text_font=\u00bb|on|||\u00bb text_text_color=\u00bb#dc001b\u00bb border_style=\u00bbsolid\u00bb]Galer\u00eda de im\u00e1genes<br \/>\n[\/et_pb_text][et_pb_gallery gallery_ids=\u00bb15700,15701,15702,15703,15704,15705,15706,15707&#8243; posts_number=\u00bb8&#8243; show_title_and_caption=\u00bboff\u00bb zoom_icon_color=\u00bb#dc001b\u00bb hover_icon=\u00bb%%51%%\u00bb disabled_on=\u00bboff|off|off\u00bb _builder_version=\u00bb4.9.7&#8243; pagination_font_size_tablet=\u00bb51&#8243; pagination_line_height_tablet=\u00bb2&#8243;][\/et_pb_gallery][et_pb_video disabled_on=\u00bbon|on|on\u00bb _builder_version=\u00bb3.0.51&#8243; disabled=\u00bbon\u00bb][\/et_pb_video][\/et_pb_column][\/et_pb_row][\/et_pb_section]<\/p>\n<!-- AddThis Advanced Settings generic via filter on the_content --><!-- AddThis Share Buttons generic via filter on the_content -->","protected":false},"excerpt":{"rendered":"<p>\u00a0 Mar fue alumna del colegio desde Infantil hasta 4\u00b0 de ESO (a\u00f1o 2015). Ha estudiado Bellas Artes en la Universidad Polit\u00e9cnica de Valencia. Es deportista de \u00e9lite desde el a\u00f1o 2018 y ha jugado dos temporadas en el Volei Grao Castell\u00f3n y una en Mairena Voley Club de Sevilla en la categor\u00eda Superliga Femenina [&hellip;]<\/p>\n<p><!-- AddThis Advanced Settings generic via filter on get_the_excerpt --><!-- AddThis Share Buttons generic via filter on get_the_excerpt --><\/p>\n","protected":false},"author":6,"featured_media":15707,"comment_status":"closed","ping_status":"open","sticky":false,"template":"","format":"standard","meta":{"_et_pb_use_builder":"on","_et_pb_old_content":"","_et_gb_content_width":"","footnotes":""},"categories":[14],"tags":[],"class_list":["post-15697","post","type-post","status-publish","format-standard","has-post-thumbnail","hentry","category-noticia_colegio"],"yoast_head":"<!-- This site is optimized with the Yoast SEO plugin v28.4 - https:\/\/yoast.com\/product\/yoast-seo-wordpress\/ -->\n<title>Entrevista con nuestra antigua alumna Mar Carrascosa Agust\u00edn, jugadora profesional de voleibol en la m\u00e1xima categor\u00eda, la Liga Iberdrola - Colegio San Juan Bosco Valencia<\/title>\n<meta name=\"robots\" content=\"index, follow, max-snippet:-1, max-image-preview:large, max-video-preview:-1\" \/>\n<link rel=\"canonical\" href=\"https:\/\/valenciasjb.salesianos.edu\/colegio\/entrevista-con-nuestra-antigua-alumna-mar-carrascosa-agustin-jugadora-profesional-de-voleibol-en-la-maxima-categoria-la-liga-iberdrola\/\" \/>\n<meta property=\"og:locale\" content=\"es_ES\" \/>\n<meta property=\"og:type\" content=\"article\" \/>\n<meta property=\"og:title\" content=\"Entrevista con nuestra antigua alumna Mar Carrascosa Agust\u00edn, jugadora profesional de voleibol en la m\u00e1xima categor\u00eda, la Liga Iberdrola - Colegio San Juan Bosco Valencia\" \/>\n<meta property=\"og:description\" content=\"\u00a0 Mar fue alumna del colegio desde Infantil hasta 4\u00b0 de ESO (a\u00f1o 2015). Ha estudiado Bellas Artes en la Universidad Polit\u00e9cnica de Valencia. Es deportista de \u00e9lite desde el a\u00f1o 2018 y ha jugado dos temporadas en el Volei Grao Castell\u00f3n y una en Mairena Voley Club de Sevilla en la categor\u00eda Superliga Femenina [&hellip;]\" \/>\n<meta property=\"og:url\" content=\"https:\/\/valenciasjb.salesianos.edu\/colegio\/entrevista-con-nuestra-antigua-alumna-mar-carrascosa-agustin-jugadora-profesional-de-voleibol-en-la-maxima-categoria-la-liga-iberdrola\/\" \/>\n<meta property=\"og:site_name\" content=\"Colegio San Juan Bosco Valencia\" \/>\n<meta property=\"article:publisher\" content=\"https:\/\/www.facebook.com\/ColegioSalesianoSanJuanBoscoValencia\" \/>\n<meta property=\"article:published_time\" content=\"2021-06-16T07:42:21+00:00\" \/>\n<meta property=\"article:modified_time\" content=\"2021-06-16T07:47:20+00:00\" \/>\n<meta property=\"og:image\" content=\"https:\/\/valenciasjb.salesianos.edu\/colegio\/wp-content\/uploads\/sites\/2\/2021\/06\/IMG-20210610-WA0014.jpg\" \/>\n\t<meta property=\"og:image:width\" content=\"1959\" \/>\n\t<meta property=\"og:image:height\" content=\"1533\" \/>\n\t<meta property=\"og:image:type\" content=\"image\/jpeg\" \/>\n<meta name=\"author\" content=\"veronicapastor\" \/>\n<meta name=\"twitter:card\" content=\"summary_large_image\" \/>\n<meta name=\"twitter:creator\" content=\"@SalesianosVSJB\" \/>\n<meta name=\"twitter:site\" content=\"@SalesianosVSJB\" \/>\n<meta name=\"twitter:label1\" content=\"Escrito por\" \/>\n\t<meta name=\"twitter:data1\" content=\"veronicapastor\" \/>\n\t<meta name=\"twitter:label2\" content=\"Tiempo de lectura\" \/>\n\t<meta name=\"twitter:data2\" content=\"4 minutos\" \/>\n<script type=\"application\/ld+json\" class=\"yoast-schema-graph\">{\"@context\":\"https:\\\/\\\/schema.org\",\"@graph\":[{\"@type\":\"Article\",\"@id\":\"https:\\\/\\\/valenciasjb.salesianos.edu\\\/colegio\\\/entrevista-con-nuestra-antigua-alumna-mar-carrascosa-agustin-jugadora-profesional-de-voleibol-en-la-maxima-categoria-la-liga-iberdrola\\\/#article\",\"isPartOf\":{\"@id\":\"https:\\\/\\\/valenciasjb.salesianos.edu\\\/colegio\\\/entrevista-con-nuestra-antigua-alumna-mar-carrascosa-agustin-jugadora-profesional-de-voleibol-en-la-maxima-categoria-la-liga-iberdrola\\\/\"},\"author\":{\"name\":\"veronicapastor\",\"@id\":\"https:\\\/\\\/valenciasjb.salesianos.edu\\\/colegio\\\/#\\\/schema\\\/person\\\/1f45b67e52b27da175190a574db6bed9\"},\"headline\":\"Entrevista con nuestra antigua alumna Mar Carrascosa Agust\u00edn, jugadora profesional de voleibol en la m\u00e1xima categor\u00eda, la Liga Iberdrola\",\"datePublished\":\"2021-06-16T07:42:21+00:00\",\"dateModified\":\"2021-06-16T07:47:20+00:00\",\"mainEntityOfPage\":{\"@id\":\"https:\\\/\\\/valenciasjb.salesianos.edu\\\/colegio\\\/entrevista-con-nuestra-antigua-alumna-mar-carrascosa-agustin-jugadora-profesional-de-voleibol-en-la-maxima-categoria-la-liga-iberdrola\\\/\"},\"wordCount\":817,\"image\":{\"@id\":\"https:\\\/\\\/valenciasjb.salesianos.edu\\\/colegio\\\/entrevista-con-nuestra-antigua-alumna-mar-carrascosa-agustin-jugadora-profesional-de-voleibol-en-la-maxima-categoria-la-liga-iberdrola\\\/#primaryimage\"},\"thumbnailUrl\":\"https:\\\/\\\/valenciasjb.salesianos.edu\\\/colegio\\\/wp-content\\\/uploads\\\/sites\\\/2\\\/2021\\\/06\\\/IMG-20210610-WA0014.jpg\",\"articleSection\":[\"Noticia Colegio\"],\"inLanguage\":\"es\"},{\"@type\":\"WebPage\",\"@id\":\"https:\\\/\\\/valenciasjb.salesianos.edu\\\/colegio\\\/entrevista-con-nuestra-antigua-alumna-mar-carrascosa-agustin-jugadora-profesional-de-voleibol-en-la-maxima-categoria-la-liga-iberdrola\\\/\",\"url\":\"https:\\\/\\\/valenciasjb.salesianos.edu\\\/colegio\\\/entrevista-con-nuestra-antigua-alumna-mar-carrascosa-agustin-jugadora-profesional-de-voleibol-en-la-maxima-categoria-la-liga-iberdrola\\\/\",\"name\":\"Entrevista con nuestra antigua alumna Mar Carrascosa Agust\u00edn, jugadora profesional de voleibol en la m\u00e1xima categor\u00eda, la Liga Iberdrola - Colegio San Juan Bosco Valencia\",\"isPartOf\":{\"@id\":\"https:\\\/\\\/valenciasjb.salesianos.edu\\\/colegio\\\/#website\"},\"primaryImageOfPage\":{\"@id\":\"https:\\\/\\\/valenciasjb.salesianos.edu\\\/colegio\\\/entrevista-con-nuestra-antigua-alumna-mar-carrascosa-agustin-jugadora-profesional-de-voleibol-en-la-maxima-categoria-la-liga-iberdrola\\\/#primaryimage\"},\"image\":{\"@id\":\"https:\\\/\\\/valenciasjb.salesianos.edu\\\/colegio\\\/entrevista-con-nuestra-antigua-alumna-mar-carrascosa-agustin-jugadora-profesional-de-voleibol-en-la-maxima-categoria-la-liga-iberdrola\\\/#primaryimage\"},\"thumbnailUrl\":\"https:\\\/\\\/valenciasjb.salesianos.edu\\\/colegio\\\/wp-content\\\/uploads\\\/sites\\\/2\\\/2021\\\/06\\\/IMG-20210610-WA0014.jpg\",\"datePublished\":\"2021-06-16T07:42:21+00:00\",\"dateModified\":\"2021-06-16T07:47:20+00:00\",\"author\":{\"@id\":\"https:\\\/\\\/valenciasjb.salesianos.edu\\\/colegio\\\/#\\\/schema\\\/person\\\/1f45b67e52b27da175190a574db6bed9\"},\"breadcrumb\":{\"@id\":\"https:\\\/\\\/valenciasjb.salesianos.edu\\\/colegio\\\/entrevista-con-nuestra-antigua-alumna-mar-carrascosa-agustin-jugadora-profesional-de-voleibol-en-la-maxima-categoria-la-liga-iberdrola\\\/#breadcrumb\"},\"inLanguage\":\"es\",\"potentialAction\":[{\"@type\":\"ReadAction\",\"target\":[\"https:\\\/\\\/valenciasjb.salesianos.edu\\\/colegio\\\/entrevista-con-nuestra-antigua-alumna-mar-carrascosa-agustin-jugadora-profesional-de-voleibol-en-la-maxima-categoria-la-liga-iberdrola\\\/\"]}]},{\"@type\":\"ImageObject\",\"inLanguage\":\"es\",\"@id\":\"https:\\\/\\\/valenciasjb.salesianos.edu\\\/colegio\\\/entrevista-con-nuestra-antigua-alumna-mar-carrascosa-agustin-jugadora-profesional-de-voleibol-en-la-maxima-categoria-la-liga-iberdrola\\\/#primaryimage\",\"url\":\"https:\\\/\\\/valenciasjb.salesianos.edu\\\/colegio\\\/wp-content\\\/uploads\\\/sites\\\/2\\\/2021\\\/06\\\/IMG-20210610-WA0014.jpg\",\"contentUrl\":\"https:\\\/\\\/valenciasjb.salesianos.edu\\\/colegio\\\/wp-content\\\/uploads\\\/sites\\\/2\\\/2021\\\/06\\\/IMG-20210610-WA0014.jpg\",\"width\":1959,\"height\":1533},{\"@type\":\"BreadcrumbList\",\"@id\":\"https:\\\/\\\/valenciasjb.salesianos.edu\\\/colegio\\\/entrevista-con-nuestra-antigua-alumna-mar-carrascosa-agustin-jugadora-profesional-de-voleibol-en-la-maxima-categoria-la-liga-iberdrola\\\/#breadcrumb\",\"itemListElement\":[{\"@type\":\"ListItem\",\"position\":1,\"name\":\"Portada\",\"item\":\"https:\\\/\\\/valenciasjb.salesianos.edu\\\/colegio\\\/\"},{\"@type\":\"ListItem\",\"position\":2,\"name\":\"Entrevista con nuestra antigua alumna Mar Carrascosa Agust\u00edn, jugadora profesional de voleibol en la m\u00e1xima categor\u00eda, la Liga Iberdrola\"}]},{\"@type\":\"WebSite\",\"@id\":\"https:\\\/\\\/valenciasjb.salesianos.edu\\\/colegio\\\/#website\",\"url\":\"https:\\\/\\\/valenciasjb.salesianos.edu\\\/colegio\\\/\",\"name\":\"Colegio San Juan Bosco Valencia\",\"description\":\"P\u00e1gina oficial del Colegio Salesianos San Juan Bosco Valencia\",\"alternateName\":\"Salesianos.VSJB\",\"potentialAction\":[{\"@type\":\"SearchAction\",\"target\":{\"@type\":\"EntryPoint\",\"urlTemplate\":\"https:\\\/\\\/valenciasjb.salesianos.edu\\\/colegio\\\/?s={search_term_string}\"},\"query-input\":{\"@type\":\"PropertyValueSpecification\",\"valueRequired\":true,\"valueName\":\"search_term_string\"}}],\"inLanguage\":\"es\"},{\"@type\":\"Person\",\"@id\":\"https:\\\/\\\/valenciasjb.salesianos.edu\\\/colegio\\\/#\\\/schema\\\/person\\\/1f45b67e52b27da175190a574db6bed9\",\"name\":\"veronicapastor\",\"image\":{\"@type\":\"ImageObject\",\"inLanguage\":\"es\",\"@id\":\"https:\\\/\\\/secure.gravatar.com\\\/avatar\\\/e29bd40bace3fd935e1d6fdb7313ffc14628cc037c5e16f4c7369b20a2a6f7f0?s=96&d=mm&r=g\",\"url\":\"https:\\\/\\\/secure.gravatar.com\\\/avatar\\\/e29bd40bace3fd935e1d6fdb7313ffc14628cc037c5e16f4c7369b20a2a6f7f0?s=96&d=mm&r=g\",\"contentUrl\":\"https:\\\/\\\/secure.gravatar.com\\\/avatar\\\/e29bd40bace3fd935e1d6fdb7313ffc14628cc037c5e16f4c7369b20a2a6f7f0?s=96&d=mm&r=g\",\"caption\":\"veronicapastor\"}}]}<\/script>\n<!-- \/ Yoast SEO plugin. -->","yoast_head_json":{"title":"Entrevista con nuestra antigua alumna Mar Carrascosa Agust\u00edn, jugadora profesional de voleibol en la m\u00e1xima categor\u00eda, la Liga Iberdrola - Colegio San Juan Bosco Valencia","robots":{"index":"index","follow":"follow","max-snippet":"max-snippet:-1","max-image-preview":"max-image-preview:large","max-video-preview":"max-video-preview:-1"},"canonical":"https:\/\/valenciasjb.salesianos.edu\/colegio\/entrevista-con-nuestra-antigua-alumna-mar-carrascosa-agustin-jugadora-profesional-de-voleibol-en-la-maxima-categoria-la-liga-iberdrola\/","og_locale":"es_ES","og_type":"article","og_title":"Entrevista con nuestra antigua alumna Mar Carrascosa Agust\u00edn, jugadora profesional de voleibol en la m\u00e1xima categor\u00eda, la Liga Iberdrola - Colegio San Juan Bosco Valencia","og_description":"\u00a0 Mar fue alumna del colegio desde Infantil hasta 4\u00b0 de ESO (a\u00f1o 2015). Ha estudiado Bellas Artes en la Universidad Polit\u00e9cnica de Valencia. Es deportista de \u00e9lite desde el a\u00f1o 2018 y ha jugado dos temporadas en el Volei Grao Castell\u00f3n y una en Mairena Voley Club de Sevilla en la categor\u00eda Superliga Femenina [&hellip;]","og_url":"https:\/\/valenciasjb.salesianos.edu\/colegio\/entrevista-con-nuestra-antigua-alumna-mar-carrascosa-agustin-jugadora-profesional-de-voleibol-en-la-maxima-categoria-la-liga-iberdrola\/","og_site_name":"Colegio San Juan Bosco Valencia","article_publisher":"https:\/\/www.facebook.com\/ColegioSalesianoSanJuanBoscoValencia","article_published_time":"2021-06-16T07:42:21+00:00","article_modified_time":"2021-06-16T07:47:20+00:00","og_image":[{"width":1959,"height":1533,"url":"https:\/\/valenciasjb.salesianos.edu\/colegio\/wp-content\/uploads\/sites\/2\/2021\/06\/IMG-20210610-WA0014.jpg","type":"image\/jpeg"}],"author":"veronicapastor","twitter_card":"summary_large_image","twitter_creator":"@SalesianosVSJB","twitter_site":"@SalesianosVSJB","twitter_misc":{"Escrito por":"veronicapastor","Tiempo de lectura":"4 minutos"},"schema":{"@context":"https:\/\/schema.org","@graph":[{"@type":"Article","@id":"https:\/\/valenciasjb.salesianos.edu\/colegio\/entrevista-con-nuestra-antigua-alumna-mar-carrascosa-agustin-jugadora-profesional-de-voleibol-en-la-maxima-categoria-la-liga-iberdrola\/#article","isPartOf":{"@id":"https:\/\/valenciasjb.salesianos.edu\/colegio\/entrevista-con-nuestra-antigua-alumna-mar-carrascosa-agustin-jugadora-profesional-de-voleibol-en-la-maxima-categoria-la-liga-iberdrola\/"},"author":{"name":"veronicapastor","@id":"https:\/\/valenciasjb.salesianos.edu\/colegio\/#\/schema\/person\/1f45b67e52b27da175190a574db6bed9"},"headline":"Entrevista con nuestra antigua alumna Mar Carrascosa Agust\u00edn, jugadora profesional de voleibol en la m\u00e1xima categor\u00eda, la Liga Iberdrola","datePublished":"2021-06-16T07:42:21+00:00","dateModified":"2021-06-16T07:47:20+00:00","mainEntityOfPage":{"@id":"https:\/\/valenciasjb.salesianos.edu\/colegio\/entrevista-con-nuestra-antigua-alumna-mar-carrascosa-agustin-jugadora-profesional-de-voleibol-en-la-maxima-categoria-la-liga-iberdrola\/"},"wordCount":817,"image":{"@id":"https:\/\/valenciasjb.salesianos.edu\/colegio\/entrevista-con-nuestra-antigua-alumna-mar-carrascosa-agustin-jugadora-profesional-de-voleibol-en-la-maxima-categoria-la-liga-iberdrola\/#primaryimage"},"thumbnailUrl":"https:\/\/valenciasjb.salesianos.edu\/colegio\/wp-content\/uploads\/sites\/2\/2021\/06\/IMG-20210610-WA0014.jpg","articleSection":["Noticia Colegio"],"inLanguage":"es"},{"@type":"WebPage","@id":"https:\/\/valenciasjb.salesianos.edu\/colegio\/entrevista-con-nuestra-antigua-alumna-mar-carrascosa-agustin-jugadora-profesional-de-voleibol-en-la-maxima-categoria-la-liga-iberdrola\/","url":"https:\/\/valenciasjb.salesianos.edu\/colegio\/entrevista-con-nuestra-antigua-alumna-mar-carrascosa-agustin-jugadora-profesional-de-voleibol-en-la-maxima-categoria-la-liga-iberdrola\/","name":"Entrevista con nuestra antigua alumna Mar Carrascosa Agust\u00edn, jugadora profesional de voleibol en la m\u00e1xima categor\u00eda, la Liga Iberdrola - Colegio San Juan Bosco Valencia","isPartOf":{"@id":"https:\/\/valenciasjb.salesianos.edu\/colegio\/#website"},"primaryImageOfPage":{"@id":"https:\/\/valenciasjb.salesianos.edu\/colegio\/entrevista-con-nuestra-antigua-alumna-mar-carrascosa-agustin-jugadora-profesional-de-voleibol-en-la-maxima-categoria-la-liga-iberdrola\/#primaryimage"},"image":{"@id":"https:\/\/valenciasjb.salesianos.edu\/colegio\/entrevista-con-nuestra-antigua-alumna-mar-carrascosa-agustin-jugadora-profesional-de-voleibol-en-la-maxima-categoria-la-liga-iberdrola\/#primaryimage"},"thumbnailUrl":"https:\/\/valenciasjb.salesianos.edu\/colegio\/wp-content\/uploads\/sites\/2\/2021\/06\/IMG-20210610-WA0014.jpg","datePublished":"2021-06-16T07:42:21+00:00","dateModified":"2021-06-16T07:47:20+00:00","author":{"@id":"https:\/\/valenciasjb.salesianos.edu\/colegio\/#\/schema\/person\/1f45b67e52b27da175190a574db6bed9"},"breadcrumb":{"@id":"https:\/\/valenciasjb.salesianos.edu\/colegio\/entrevista-con-nuestra-antigua-alumna-mar-carrascosa-agustin-jugadora-profesional-de-voleibol-en-la-maxima-categoria-la-liga-iberdrola\/#breadcrumb"},"inLanguage":"es","potentialAction":[{"@type":"ReadAction","target":["https:\/\/valenciasjb.salesianos.edu\/colegio\/entrevista-con-nuestra-antigua-alumna-mar-carrascosa-agustin-jugadora-profesional-de-voleibol-en-la-maxima-categoria-la-liga-iberdrola\/"]}]},{"@type":"ImageObject","inLanguage":"es","@id":"https:\/\/valenciasjb.salesianos.edu\/colegio\/entrevista-con-nuestra-antigua-alumna-mar-carrascosa-agustin-jugadora-profesional-de-voleibol-en-la-maxima-categoria-la-liga-iberdrola\/#primaryimage","url":"https:\/\/valenciasjb.salesianos.edu\/colegio\/wp-content\/uploads\/sites\/2\/2021\/06\/IMG-20210610-WA0014.jpg","contentUrl":"https:\/\/valenciasjb.salesianos.edu\/colegio\/wp-content\/uploads\/sites\/2\/2021\/06\/IMG-20210610-WA0014.jpg","width":1959,"height":1533},{"@type":"BreadcrumbList","@id":"https:\/\/valenciasjb.salesianos.edu\/colegio\/entrevista-con-nuestra-antigua-alumna-mar-carrascosa-agustin-jugadora-profesional-de-voleibol-en-la-maxima-categoria-la-liga-iberdrola\/#breadcrumb","itemListElement":[{"@type":"ListItem","position":1,"name":"Portada","item":"https:\/\/valenciasjb.salesianos.edu\/colegio\/"},{"@type":"ListItem","position":2,"name":"Entrevista con nuestra antigua alumna Mar Carrascosa Agust\u00edn, jugadora profesional de voleibol en la m\u00e1xima categor\u00eda, la Liga Iberdrola"}]},{"@type":"WebSite","@id":"https:\/\/valenciasjb.salesianos.edu\/colegio\/#website","url":"https:\/\/valenciasjb.salesianos.edu\/colegio\/","name":"Colegio San Juan Bosco Valencia","description":"P\u00e1gina oficial del Colegio Salesianos San Juan Bosco Valencia","alternateName":"Salesianos.VSJB","potentialAction":[{"@type":"SearchAction","target":{"@type":"EntryPoint","urlTemplate":"https:\/\/valenciasjb.salesianos.edu\/colegio\/?s={search_term_string}"},"query-input":{"@type":"PropertyValueSpecification","valueRequired":true,"valueName":"search_term_string"}}],"inLanguage":"es"},{"@type":"Person","@id":"https:\/\/valenciasjb.salesianos.edu\/colegio\/#\/schema\/person\/1f45b67e52b27da175190a574db6bed9","name":"veronicapastor","image":{"@type":"ImageObject","inLanguage":"es","@id":"https:\/\/secure.gravatar.com\/avatar\/e29bd40bace3fd935e1d6fdb7313ffc14628cc037c5e16f4c7369b20a2a6f7f0?s=96&d=mm&r=g","url":"https:\/\/secure.gravatar.com\/avatar\/e29bd40bace3fd935e1d6fdb7313ffc14628cc037c5e16f4c7369b20a2a6f7f0?s=96&d=mm&r=g","contentUrl":"https:\/\/secure.gravatar.com\/avatar\/e29bd40bace3fd935e1d6fdb7313ffc14628cc037c5e16f4c7369b20a2a6f7f0?s=96&d=mm&r=g","caption":"veronicapastor"}}]}},"_links":{"self":[{"href":"https:\/\/valenciasjb.salesianos.edu\/colegio\/wp-json\/wp\/v2\/posts\/15697","targetHints":{"allow":["GET"]}}],"collection":[{"href":"https:\/\/valenciasjb.salesianos.edu\/colegio\/wp-json\/wp\/v2\/posts"}],"about":[{"href":"https:\/\/valenciasjb.salesianos.edu\/colegio\/wp-json\/wp\/v2\/types\/post"}],"author":[{"embeddable":true,"href":"https:\/\/valenciasjb.salesianos.edu\/colegio\/wp-json\/wp\/v2\/users\/6"}],"replies":[{"embeddable":true,"href":"https:\/\/valenciasjb.salesianos.edu\/colegio\/wp-json\/wp\/v2\/comments?post=15697"}],"version-history":[{"count":5,"href":"https:\/\/valenciasjb.salesianos.edu\/colegio\/wp-json\/wp\/v2\/posts\/15697\/revisions"}],"predecessor-version":[{"id":15711,"href":"https:\/\/valenciasjb.salesianos.edu\/colegio\/wp-json\/wp\/v2\/posts\/15697\/revisions\/15711"}],"wp:featuredmedia":[{"embeddable":true,"href":"https:\/\/valenciasjb.salesianos.edu\/colegio\/wp-json\/wp\/v2\/media\/15707"}],"wp:attachment":[{"href":"https:\/\/valenciasjb.salesianos.edu\/colegio\/wp-json\/wp\/v2\/media?parent=15697"}],"wp:term":[{"taxonomy":"category","embeddable":true,"href":"https:\/\/valenciasjb.salesianos.edu\/colegio\/wp-json\/wp\/v2\/categories?post=15697"},{"taxonomy":"post_tag","embeddable":true,"href":"https:\/\/valenciasjb.salesianos.edu\/colegio\/wp-json\/wp\/v2\/tags?post=15697"}],"curies":[{"name":"wp","href":"https:\/\/api.w.org\/{rel}","templated":true}]}}