{"id":15836,"date":"2021-06-23T16:47:46","date_gmt":"2021-06-23T15:47:46","guid":{"rendered":"https:\/\/valenciasjb.salesianos.edu\/colegio\/?p=15836"},"modified":"2021-06-23T16:47:52","modified_gmt":"2021-06-23T15:47:52","slug":"fiesta-fin-de-etapa-de-6o-de-primaria-con-una-sentida-celebracion-en-la-parroquia-y-acto-academico-en-el-teatro","status":"publish","type":"post","link":"https:\/\/valenciasjb.salesianos.edu\/colegio\/fiesta-fin-de-etapa-de-6o-de-primaria-con-una-sentida-celebracion-en-la-parroquia-y-acto-academico-en-el-teatro\/","title":{"rendered":"Fiesta fin de etapa de 6\u00ba de Primaria con una sentida celebraci\u00f3n en la Parroquia y acto acad\u00e9mico en el teatro"},"content":{"rendered":"<div id=\"fb-root\"><\/div>\n<p>[et_pb_section fb_built=\u00bb1&#8243; admin_label=\u00bbsection\u00bb _builder_version=\u00bb3.22&#8243;][et_pb_row admin_label=\u00bbrow\u00bb _builder_version=\u00bb3.25&#8243; background_size=\u00bbinitial\u00bb background_position=\u00bbtop_left\u00bb background_repeat=\u00bbrepeat\u00bb][et_pb_column type=\u00bb4_4&#8243; _builder_version=\u00bb3.25&#8243; custom_padding=\u00bb|||\u00bb custom_padding__hover=\u00bb|||\u00bb][et_pb_text admin_label=\u00bbEntradilla (Texto)\u00bb _builder_version=\u00bb4.9.7&#8243; text_font=\u00bb|on|||\u00bb text_orientation=\u00bbjustified\u00bb module_alignment=\u00bbjustified\u00bb hover_enabled=\u00bb0&#8243; sticky_enabled=\u00bb0&#8243;]<\/p>\n<div id=\"resumen\"><strong>El mi\u00e9rcoles, 23 de junio, los alumnos y alumnas de sexto de Primaria han dicho adi\u00f3s a una etapa con una sentida celebraci\u00f3n en la Parroquia y acto acad\u00e9mico en el teatro, acompa\u00f1ados de sus tutores, jefe de estudios, director pedag\u00f3gico de primaria, director del colegio, representaci\u00f3n de AMPAS y, finalmente, sus familiares, aunque en este caso, por motivos del protocolo sanitario actual, su presencia ha sido a trav\u00e9s de nuestro canal de YouTube con los dos directos que se han realizado.<\/strong><\/div>\n<div>\u00a0<\/div>\n<p>[\/et_pb_text][et_pb_text admin_label=\u00bbAutor (Texto)\u00bb _builder_version=\u00bb4.9.7&#8243; text_font=\u00bb||on||\u00bb hover_enabled=\u00bb0&#8243; sticky_enabled=\u00bb0&#8243;]<\/p>\n<p>Redacci\u00f3n.<\/p>\n<p>[\/et_pb_text][et_pb_text admin_label=\u00bbDesarrollo (Texto)\u00bb _builder_version=\u00bb4.9.7&#8243; text_orientation=\u00bbjustified\u00bb module_alignment=\u00bbjustified\u00bb hover_enabled=\u00bb0&#8243; sticky_enabled=\u00bb0&#8243;]<\/p>\n<p>La celebraci\u00f3n ha comenzado a las 9:15 horas. En la Iglesia, con m\u00fasica a cargo de un coro excepcional, el alumnado de 6\u00ba A, 6\u00ba B, 6\u00ba C y 6\u00ba D han protagonizado una emotiva celebraci\u00f3n que hab\u00edan preparado con mucho cari\u00f1o, oficiada por el director de esta casa, el salesiano Nando Navarro. Han repasado momentos importantes de este curso y han realizado diferentes gestos simb\u00f3licos sobre el buen comportamiento en cuanto al estricto protocolo sanitario cumplido que, aunque ha sido dif\u00edcil para todos y todas, nos ha permitido llegar al final de curso en las mejores condiciones. Han ofrecido al Se\u00f1or los frutos de su trabajo y de todos los momentos vividos con sus compa\u00f1eros en el deporte, las convivencias\u2026 y han destacado tantos momentos de alegr\u00eda en los cuales siempre se sintieron acompa\u00f1ados y guiados por Mar\u00eda Auxiliadora.<\/p>\n<p>Tras la acci\u00f3n de gracias, se ha procedido al acto acad\u00e9mico en el teatro, con sentidos\u00a0 discursos del director del colegio, Juan Peris, director pedag\u00f3gico, Jose Valero, jefe de estudios, Manuel Pla, representante de AMPAS, Gemma Fenech, los tutores, Ram\u00f3n Labari, Carlos G\u00f3mez, Eudosia Garrido y Marta Medina, as\u00ed como 4 representantes de los propios alumnos. Seguidamente, se han realizado las tradicionales fotos de grupo. Tras lo cual se ha dado por finalizada la celebraci\u00f3n con la proyecci\u00f3n de un entra\u00f1able v\u00eddeo de fotos que recog\u00eda su paso por el colegio desde los 3 hasta los 12 a\u00f1os.<\/p>\n<p>A todos y todas les deseamos lo mejor en esta nueva etapa que comienzan.<\/p>\n<p>Enlace al directo de la celebraci\u00f3n en la iglesia: <a href=\"https:\/\/youtu.be\/jOlM9412Ohg\">https:\/\/youtu.be\/jOlM9412Ohg<\/a><\/p>\n<p>Enlace al acto acad\u00e9mico en el teatro: <a href=\"https:\/\/youtu.be\/nU93fplNavU\">https:\/\/youtu.be\/nU93fplNavU<\/a><\/p>\n<p>[\/et_pb_text][et_pb_text disabled_on=\u00bboff|on|on\u00bb admin_label=\u00bbT\u00edtulo: Galer\u00eda de fotos (Texto)\u00bb _builder_version=\u00bb3.27.4&#8243; text_font=\u00bb|on|||\u00bb text_text_color=\u00bb#dc001b\u00bb border_style=\u00bbsolid\u00bb]Galer\u00eda de im\u00e1genes<br \/>\n[\/et_pb_text][et_pb_gallery gallery_ids=\u00bb15839,15840,15841,15842,15843,15844,15845,15846&#8243; posts_number=\u00bb8&#8243; show_title_and_caption=\u00bboff\u00bb zoom_icon_color=\u00bb#dc001b\u00bb hover_icon=\u00bb%%51%%\u00bb disabled_on=\u00bboff|off|off\u00bb _builder_version=\u00bb4.9.7&#8243; hover_enabled=\u00bb0&#8243; pagination_font_size_tablet=\u00bb51&#8243; pagination_line_height_tablet=\u00bb2&#8243; sticky_enabled=\u00bb0&#8243;][\/et_pb_gallery][et_pb_video disabled_on=\u00bbon|on|on\u00bb _builder_version=\u00bb3.0.51&#8243; disabled=\u00bbon\u00bb][\/et_pb_video][\/et_pb_column][\/et_pb_row][\/et_pb_section]<\/p>\n<!-- AddThis Advanced Settings generic via filter on the_content --><!-- AddThis Share Buttons generic via filter on the_content -->","protected":false},"excerpt":{"rendered":"<p>El mi\u00e9rcoles, 23 de junio, los alumnos y alumnas de sexto de Primaria han dicho adi\u00f3s a una etapa con una sentida celebraci\u00f3n en la Parroquia y acto acad\u00e9mico en el teatro, acompa\u00f1ados de sus tutores, jefe de estudios, director pedag\u00f3gico de primaria, director del colegio, representaci\u00f3n de AMPAS y, finalmente, sus familiares, aunque en [&hellip;]<\/p>\n<p><!-- AddThis Advanced Settings generic via filter on get_the_excerpt --><!-- AddThis Share Buttons generic via filter on get_the_excerpt --><\/p>\n","protected":false},"author":6,"featured_media":15841,"comment_status":"closed","ping_status":"open","sticky":false,"template":"","format":"standard","meta":{"_et_pb_use_builder":"on","_et_pb_old_content":"","_et_gb_content_width":"","footnotes":""},"categories":[14],"tags":[],"class_list":["post-15836","post","type-post","status-publish","format-standard","has-post-thumbnail","hentry","category-noticia_colegio"],"yoast_head":"<!-- This site is optimized with the Yoast SEO plugin v28.4 - https:\/\/yoast.com\/product\/yoast-seo-wordpress\/ -->\n<title>Fiesta fin de etapa de 6\u00ba de Primaria con una sentida celebraci\u00f3n en la Parroquia y acto acad\u00e9mico en el teatro - Colegio San Juan Bosco Valencia<\/title>\n<meta name=\"robots\" content=\"index, follow, max-snippet:-1, max-image-preview:large, max-video-preview:-1\" \/>\n<link rel=\"canonical\" href=\"https:\/\/valenciasjb.salesianos.edu\/colegio\/fiesta-fin-de-etapa-de-6o-de-primaria-con-una-sentida-celebracion-en-la-parroquia-y-acto-academico-en-el-teatro\/\" \/>\n<meta property=\"og:locale\" content=\"es_ES\" \/>\n<meta property=\"og:type\" content=\"article\" \/>\n<meta property=\"og:title\" content=\"Fiesta fin de etapa de 6\u00ba de Primaria con una sentida celebraci\u00f3n en la Parroquia y acto acad\u00e9mico en el teatro - Colegio San Juan Bosco Valencia\" \/>\n<meta property=\"og:description\" content=\"El mi\u00e9rcoles, 23 de junio, los alumnos y alumnas de sexto de Primaria han dicho adi\u00f3s a una etapa con una sentida celebraci\u00f3n en la Parroquia y acto acad\u00e9mico en el teatro, acompa\u00f1ados de sus tutores, jefe de estudios, director pedag\u00f3gico de primaria, director del colegio, representaci\u00f3n de AMPAS y, finalmente, sus familiares, aunque en [&hellip;]\" \/>\n<meta property=\"og:url\" content=\"https:\/\/valenciasjb.salesianos.edu\/colegio\/fiesta-fin-de-etapa-de-6o-de-primaria-con-una-sentida-celebracion-en-la-parroquia-y-acto-academico-en-el-teatro\/\" \/>\n<meta property=\"og:site_name\" content=\"Colegio San Juan Bosco Valencia\" \/>\n<meta property=\"article:publisher\" content=\"https:\/\/www.facebook.com\/ColegioSalesianoSanJuanBoscoValencia\" \/>\n<meta property=\"article:published_time\" content=\"2021-06-23T15:47:46+00:00\" \/>\n<meta property=\"article:modified_time\" content=\"2021-06-23T15:47:52+00:00\" \/>\n<meta property=\"og:image\" content=\"https:\/\/valenciasjb.salesianos.edu\/colegio\/wp-content\/uploads\/sites\/2\/2021\/06\/IMG_2186-scaled.jpg\" \/>\n\t<meta property=\"og:image:width\" content=\"2560\" \/>\n\t<meta property=\"og:image:height\" content=\"1707\" \/>\n\t<meta property=\"og:image:type\" content=\"image\/jpeg\" \/>\n<meta name=\"author\" content=\"veronicapastor\" \/>\n<meta name=\"twitter:card\" content=\"summary_large_image\" \/>\n<meta name=\"twitter:creator\" content=\"@SalesianosVSJB\" \/>\n<meta name=\"twitter:site\" content=\"@SalesianosVSJB\" \/>\n<meta name=\"twitter:label1\" content=\"Escrito por\" \/>\n\t<meta name=\"twitter:data1\" content=\"veronicapastor\" \/>\n\t<meta name=\"twitter:label2\" content=\"Tiempo de lectura\" \/>\n\t<meta name=\"twitter:data2\" content=\"3 minutos\" \/>\n<script type=\"application\/ld+json\" class=\"yoast-schema-graph\">{\"@context\":\"https:\\\/\\\/schema.org\",\"@graph\":[{\"@type\":\"Article\",\"@id\":\"https:\\\/\\\/valenciasjb.salesianos.edu\\\/colegio\\\/fiesta-fin-de-etapa-de-6o-de-primaria-con-una-sentida-celebracion-en-la-parroquia-y-acto-academico-en-el-teatro\\\/#article\",\"isPartOf\":{\"@id\":\"https:\\\/\\\/valenciasjb.salesianos.edu\\\/colegio\\\/fiesta-fin-de-etapa-de-6o-de-primaria-con-una-sentida-celebracion-en-la-parroquia-y-acto-academico-en-el-teatro\\\/\"},\"author\":{\"name\":\"veronicapastor\",\"@id\":\"https:\\\/\\\/valenciasjb.salesianos.edu\\\/colegio\\\/#\\\/schema\\\/person\\\/1f45b67e52b27da175190a574db6bed9\"},\"headline\":\"Fiesta fin de etapa de 6\u00ba de Primaria con una sentida celebraci\u00f3n en la Parroquia y acto acad\u00e9mico en el teatro\",\"datePublished\":\"2021-06-23T15:47:46+00:00\",\"dateModified\":\"2021-06-23T15:47:52+00:00\",\"mainEntityOfPage\":{\"@id\":\"https:\\\/\\\/valenciasjb.salesianos.edu\\\/colegio\\\/fiesta-fin-de-etapa-de-6o-de-primaria-con-una-sentida-celebracion-en-la-parroquia-y-acto-academico-en-el-teatro\\\/\"},\"wordCount\":616,\"image\":{\"@id\":\"https:\\\/\\\/valenciasjb.salesianos.edu\\\/colegio\\\/fiesta-fin-de-etapa-de-6o-de-primaria-con-una-sentida-celebracion-en-la-parroquia-y-acto-academico-en-el-teatro\\\/#primaryimage\"},\"thumbnailUrl\":\"https:\\\/\\\/valenciasjb.salesianos.edu\\\/colegio\\\/wp-content\\\/uploads\\\/sites\\\/2\\\/2021\\\/06\\\/IMG_2186-scaled.jpg\",\"articleSection\":[\"Noticia Colegio\"],\"inLanguage\":\"es\"},{\"@type\":\"WebPage\",\"@id\":\"https:\\\/\\\/valenciasjb.salesianos.edu\\\/colegio\\\/fiesta-fin-de-etapa-de-6o-de-primaria-con-una-sentida-celebracion-en-la-parroquia-y-acto-academico-en-el-teatro\\\/\",\"url\":\"https:\\\/\\\/valenciasjb.salesianos.edu\\\/colegio\\\/fiesta-fin-de-etapa-de-6o-de-primaria-con-una-sentida-celebracion-en-la-parroquia-y-acto-academico-en-el-teatro\\\/\",\"name\":\"Fiesta fin de etapa de 6\u00ba de Primaria con una sentida celebraci\u00f3n en la Parroquia y acto acad\u00e9mico en el teatro - Colegio San Juan Bosco Valencia\",\"isPartOf\":{\"@id\":\"https:\\\/\\\/valenciasjb.salesianos.edu\\\/colegio\\\/#website\"},\"primaryImageOfPage\":{\"@id\":\"https:\\\/\\\/valenciasjb.salesianos.edu\\\/colegio\\\/fiesta-fin-de-etapa-de-6o-de-primaria-con-una-sentida-celebracion-en-la-parroquia-y-acto-academico-en-el-teatro\\\/#primaryimage\"},\"image\":{\"@id\":\"https:\\\/\\\/valenciasjb.salesianos.edu\\\/colegio\\\/fiesta-fin-de-etapa-de-6o-de-primaria-con-una-sentida-celebracion-en-la-parroquia-y-acto-academico-en-el-teatro\\\/#primaryimage\"},\"thumbnailUrl\":\"https:\\\/\\\/valenciasjb.salesianos.edu\\\/colegio\\\/wp-content\\\/uploads\\\/sites\\\/2\\\/2021\\\/06\\\/IMG_2186-scaled.jpg\",\"datePublished\":\"2021-06-23T15:47:46+00:00\",\"dateModified\":\"2021-06-23T15:47:52+00:00\",\"author\":{\"@id\":\"https:\\\/\\\/valenciasjb.salesianos.edu\\\/colegio\\\/#\\\/schema\\\/person\\\/1f45b67e52b27da175190a574db6bed9\"},\"breadcrumb\":{\"@id\":\"https:\\\/\\\/valenciasjb.salesianos.edu\\\/colegio\\\/fiesta-fin-de-etapa-de-6o-de-primaria-con-una-sentida-celebracion-en-la-parroquia-y-acto-academico-en-el-teatro\\\/#breadcrumb\"},\"inLanguage\":\"es\",\"potentialAction\":[{\"@type\":\"ReadAction\",\"target\":[\"https:\\\/\\\/valenciasjb.salesianos.edu\\\/colegio\\\/fiesta-fin-de-etapa-de-6o-de-primaria-con-una-sentida-celebracion-en-la-parroquia-y-acto-academico-en-el-teatro\\\/\"]}]},{\"@type\":\"ImageObject\",\"inLanguage\":\"es\",\"@id\":\"https:\\\/\\\/valenciasjb.salesianos.edu\\\/colegio\\\/fiesta-fin-de-etapa-de-6o-de-primaria-con-una-sentida-celebracion-en-la-parroquia-y-acto-academico-en-el-teatro\\\/#primaryimage\",\"url\":\"https:\\\/\\\/valenciasjb.salesianos.edu\\\/colegio\\\/wp-content\\\/uploads\\\/sites\\\/2\\\/2021\\\/06\\\/IMG_2186-scaled.jpg\",\"contentUrl\":\"https:\\\/\\\/valenciasjb.salesianos.edu\\\/colegio\\\/wp-content\\\/uploads\\\/sites\\\/2\\\/2021\\\/06\\\/IMG_2186-scaled.jpg\",\"width\":2560,\"height\":1707},{\"@type\":\"BreadcrumbList\",\"@id\":\"https:\\\/\\\/valenciasjb.salesianos.edu\\\/colegio\\\/fiesta-fin-de-etapa-de-6o-de-primaria-con-una-sentida-celebracion-en-la-parroquia-y-acto-academico-en-el-teatro\\\/#breadcrumb\",\"itemListElement\":[{\"@type\":\"ListItem\",\"position\":1,\"name\":\"Portada\",\"item\":\"https:\\\/\\\/valenciasjb.salesianos.edu\\\/colegio\\\/\"},{\"@type\":\"ListItem\",\"position\":2,\"name\":\"Fiesta fin de etapa de 6\u00ba de Primaria con una sentida celebraci\u00f3n en la Parroquia y acto acad\u00e9mico en el teatro\"}]},{\"@type\":\"WebSite\",\"@id\":\"https:\\\/\\\/valenciasjb.salesianos.edu\\\/colegio\\\/#website\",\"url\":\"https:\\\/\\\/valenciasjb.salesianos.edu\\\/colegio\\\/\",\"name\":\"Colegio San Juan Bosco Valencia\",\"description\":\"P\u00e1gina oficial del Colegio Salesianos San Juan Bosco Valencia\",\"alternateName\":\"Salesianos.VSJB\",\"potentialAction\":[{\"@type\":\"SearchAction\",\"target\":{\"@type\":\"EntryPoint\",\"urlTemplate\":\"https:\\\/\\\/valenciasjb.salesianos.edu\\\/colegio\\\/?s={search_term_string}\"},\"query-input\":{\"@type\":\"PropertyValueSpecification\",\"valueRequired\":true,\"valueName\":\"search_term_string\"}}],\"inLanguage\":\"es\"},{\"@type\":\"Person\",\"@id\":\"https:\\\/\\\/valenciasjb.salesianos.edu\\\/colegio\\\/#\\\/schema\\\/person\\\/1f45b67e52b27da175190a574db6bed9\",\"name\":\"veronicapastor\",\"image\":{\"@type\":\"ImageObject\",\"inLanguage\":\"es\",\"@id\":\"https:\\\/\\\/secure.gravatar.com\\\/avatar\\\/e29bd40bace3fd935e1d6fdb7313ffc14628cc037c5e16f4c7369b20a2a6f7f0?s=96&d=mm&r=g\",\"url\":\"https:\\\/\\\/secure.gravatar.com\\\/avatar\\\/e29bd40bace3fd935e1d6fdb7313ffc14628cc037c5e16f4c7369b20a2a6f7f0?s=96&d=mm&r=g\",\"contentUrl\":\"https:\\\/\\\/secure.gravatar.com\\\/avatar\\\/e29bd40bace3fd935e1d6fdb7313ffc14628cc037c5e16f4c7369b20a2a6f7f0?s=96&d=mm&r=g\",\"caption\":\"veronicapastor\"}}]}<\/script>\n<!-- \/ Yoast SEO plugin. -->","yoast_head_json":{"title":"Fiesta fin de etapa de 6\u00ba de Primaria con una sentida celebraci\u00f3n en la Parroquia y acto acad\u00e9mico en el teatro - Colegio San Juan Bosco Valencia","robots":{"index":"index","follow":"follow","max-snippet":"max-snippet:-1","max-image-preview":"max-image-preview:large","max-video-preview":"max-video-preview:-1"},"canonical":"https:\/\/valenciasjb.salesianos.edu\/colegio\/fiesta-fin-de-etapa-de-6o-de-primaria-con-una-sentida-celebracion-en-la-parroquia-y-acto-academico-en-el-teatro\/","og_locale":"es_ES","og_type":"article","og_title":"Fiesta fin de etapa de 6\u00ba de Primaria con una sentida celebraci\u00f3n en la Parroquia y acto acad\u00e9mico en el teatro - Colegio San Juan Bosco Valencia","og_description":"El mi\u00e9rcoles, 23 de junio, los alumnos y alumnas de sexto de Primaria han dicho adi\u00f3s a una etapa con una sentida celebraci\u00f3n en la Parroquia y acto acad\u00e9mico en el teatro, acompa\u00f1ados de sus tutores, jefe de estudios, director pedag\u00f3gico de primaria, director del colegio, representaci\u00f3n de AMPAS y, finalmente, sus familiares, aunque en [&hellip;]","og_url":"https:\/\/valenciasjb.salesianos.edu\/colegio\/fiesta-fin-de-etapa-de-6o-de-primaria-con-una-sentida-celebracion-en-la-parroquia-y-acto-academico-en-el-teatro\/","og_site_name":"Colegio San Juan Bosco Valencia","article_publisher":"https:\/\/www.facebook.com\/ColegioSalesianoSanJuanBoscoValencia","article_published_time":"2021-06-23T15:47:46+00:00","article_modified_time":"2021-06-23T15:47:52+00:00","og_image":[{"width":2560,"height":1707,"url":"https:\/\/valenciasjb.salesianos.edu\/colegio\/wp-content\/uploads\/sites\/2\/2021\/06\/IMG_2186-scaled.jpg","type":"image\/jpeg"}],"author":"veronicapastor","twitter_card":"summary_large_image","twitter_creator":"@SalesianosVSJB","twitter_site":"@SalesianosVSJB","twitter_misc":{"Escrito por":"veronicapastor","Tiempo de lectura":"3 minutos"},"schema":{"@context":"https:\/\/schema.org","@graph":[{"@type":"Article","@id":"https:\/\/valenciasjb.salesianos.edu\/colegio\/fiesta-fin-de-etapa-de-6o-de-primaria-con-una-sentida-celebracion-en-la-parroquia-y-acto-academico-en-el-teatro\/#article","isPartOf":{"@id":"https:\/\/valenciasjb.salesianos.edu\/colegio\/fiesta-fin-de-etapa-de-6o-de-primaria-con-una-sentida-celebracion-en-la-parroquia-y-acto-academico-en-el-teatro\/"},"author":{"name":"veronicapastor","@id":"https:\/\/valenciasjb.salesianos.edu\/colegio\/#\/schema\/person\/1f45b67e52b27da175190a574db6bed9"},"headline":"Fiesta fin de etapa de 6\u00ba de Primaria con una sentida celebraci\u00f3n en la Parroquia y acto acad\u00e9mico en el teatro","datePublished":"2021-06-23T15:47:46+00:00","dateModified":"2021-06-23T15:47:52+00:00","mainEntityOfPage":{"@id":"https:\/\/valenciasjb.salesianos.edu\/colegio\/fiesta-fin-de-etapa-de-6o-de-primaria-con-una-sentida-celebracion-en-la-parroquia-y-acto-academico-en-el-teatro\/"},"wordCount":616,"image":{"@id":"https:\/\/valenciasjb.salesianos.edu\/colegio\/fiesta-fin-de-etapa-de-6o-de-primaria-con-una-sentida-celebracion-en-la-parroquia-y-acto-academico-en-el-teatro\/#primaryimage"},"thumbnailUrl":"https:\/\/valenciasjb.salesianos.edu\/colegio\/wp-content\/uploads\/sites\/2\/2021\/06\/IMG_2186-scaled.jpg","articleSection":["Noticia Colegio"],"inLanguage":"es"},{"@type":"WebPage","@id":"https:\/\/valenciasjb.salesianos.edu\/colegio\/fiesta-fin-de-etapa-de-6o-de-primaria-con-una-sentida-celebracion-en-la-parroquia-y-acto-academico-en-el-teatro\/","url":"https:\/\/valenciasjb.salesianos.edu\/colegio\/fiesta-fin-de-etapa-de-6o-de-primaria-con-una-sentida-celebracion-en-la-parroquia-y-acto-academico-en-el-teatro\/","name":"Fiesta fin de etapa de 6\u00ba de Primaria con una sentida celebraci\u00f3n en la Parroquia y acto acad\u00e9mico en el teatro - Colegio San Juan Bosco Valencia","isPartOf":{"@id":"https:\/\/valenciasjb.salesianos.edu\/colegio\/#website"},"primaryImageOfPage":{"@id":"https:\/\/valenciasjb.salesianos.edu\/colegio\/fiesta-fin-de-etapa-de-6o-de-primaria-con-una-sentida-celebracion-en-la-parroquia-y-acto-academico-en-el-teatro\/#primaryimage"},"image":{"@id":"https:\/\/valenciasjb.salesianos.edu\/colegio\/fiesta-fin-de-etapa-de-6o-de-primaria-con-una-sentida-celebracion-en-la-parroquia-y-acto-academico-en-el-teatro\/#primaryimage"},"thumbnailUrl":"https:\/\/valenciasjb.salesianos.edu\/colegio\/wp-content\/uploads\/sites\/2\/2021\/06\/IMG_2186-scaled.jpg","datePublished":"2021-06-23T15:47:46+00:00","dateModified":"2021-06-23T15:47:52+00:00","author":{"@id":"https:\/\/valenciasjb.salesianos.edu\/colegio\/#\/schema\/person\/1f45b67e52b27da175190a574db6bed9"},"breadcrumb":{"@id":"https:\/\/valenciasjb.salesianos.edu\/colegio\/fiesta-fin-de-etapa-de-6o-de-primaria-con-una-sentida-celebracion-en-la-parroquia-y-acto-academico-en-el-teatro\/#breadcrumb"},"inLanguage":"es","potentialAction":[{"@type":"ReadAction","target":["https:\/\/valenciasjb.salesianos.edu\/colegio\/fiesta-fin-de-etapa-de-6o-de-primaria-con-una-sentida-celebracion-en-la-parroquia-y-acto-academico-en-el-teatro\/"]}]},{"@type":"ImageObject","inLanguage":"es","@id":"https:\/\/valenciasjb.salesianos.edu\/colegio\/fiesta-fin-de-etapa-de-6o-de-primaria-con-una-sentida-celebracion-en-la-parroquia-y-acto-academico-en-el-teatro\/#primaryimage","url":"https:\/\/valenciasjb.salesianos.edu\/colegio\/wp-content\/uploads\/sites\/2\/2021\/06\/IMG_2186-scaled.jpg","contentUrl":"https:\/\/valenciasjb.salesianos.edu\/colegio\/wp-content\/uploads\/sites\/2\/2021\/06\/IMG_2186-scaled.jpg","width":2560,"height":1707},{"@type":"BreadcrumbList","@id":"https:\/\/valenciasjb.salesianos.edu\/colegio\/fiesta-fin-de-etapa-de-6o-de-primaria-con-una-sentida-celebracion-en-la-parroquia-y-acto-academico-en-el-teatro\/#breadcrumb","itemListElement":[{"@type":"ListItem","position":1,"name":"Portada","item":"https:\/\/valenciasjb.salesianos.edu\/colegio\/"},{"@type":"ListItem","position":2,"name":"Fiesta fin de etapa de 6\u00ba de Primaria con una sentida celebraci\u00f3n en la Parroquia y acto acad\u00e9mico en el teatro"}]},{"@type":"WebSite","@id":"https:\/\/valenciasjb.salesianos.edu\/colegio\/#website","url":"https:\/\/valenciasjb.salesianos.edu\/colegio\/","name":"Colegio San Juan Bosco Valencia","description":"P\u00e1gina oficial del Colegio Salesianos San Juan Bosco Valencia","alternateName":"Salesianos.VSJB","potentialAction":[{"@type":"SearchAction","target":{"@type":"EntryPoint","urlTemplate":"https:\/\/valenciasjb.salesianos.edu\/colegio\/?s={search_term_string}"},"query-input":{"@type":"PropertyValueSpecification","valueRequired":true,"valueName":"search_term_string"}}],"inLanguage":"es"},{"@type":"Person","@id":"https:\/\/valenciasjb.salesianos.edu\/colegio\/#\/schema\/person\/1f45b67e52b27da175190a574db6bed9","name":"veronicapastor","image":{"@type":"ImageObject","inLanguage":"es","@id":"https:\/\/secure.gravatar.com\/avatar\/e29bd40bace3fd935e1d6fdb7313ffc14628cc037c5e16f4c7369b20a2a6f7f0?s=96&d=mm&r=g","url":"https:\/\/secure.gravatar.com\/avatar\/e29bd40bace3fd935e1d6fdb7313ffc14628cc037c5e16f4c7369b20a2a6f7f0?s=96&d=mm&r=g","contentUrl":"https:\/\/secure.gravatar.com\/avatar\/e29bd40bace3fd935e1d6fdb7313ffc14628cc037c5e16f4c7369b20a2a6f7f0?s=96&d=mm&r=g","caption":"veronicapastor"}}]}},"_links":{"self":[{"href":"https:\/\/valenciasjb.salesianos.edu\/colegio\/wp-json\/wp\/v2\/posts\/15836","targetHints":{"allow":["GET"]}}],"collection":[{"href":"https:\/\/valenciasjb.salesianos.edu\/colegio\/wp-json\/wp\/v2\/posts"}],"about":[{"href":"https:\/\/valenciasjb.salesianos.edu\/colegio\/wp-json\/wp\/v2\/types\/post"}],"author":[{"embeddable":true,"href":"https:\/\/valenciasjb.salesianos.edu\/colegio\/wp-json\/wp\/v2\/users\/6"}],"replies":[{"embeddable":true,"href":"https:\/\/valenciasjb.salesianos.edu\/colegio\/wp-json\/wp\/v2\/comments?post=15836"}],"version-history":[{"count":4,"href":"https:\/\/valenciasjb.salesianos.edu\/colegio\/wp-json\/wp\/v2\/posts\/15836\/revisions"}],"predecessor-version":[{"id":15850,"href":"https:\/\/valenciasjb.salesianos.edu\/colegio\/wp-json\/wp\/v2\/posts\/15836\/revisions\/15850"}],"wp:featuredmedia":[{"embeddable":true,"href":"https:\/\/valenciasjb.salesianos.edu\/colegio\/wp-json\/wp\/v2\/media\/15841"}],"wp:attachment":[{"href":"https:\/\/valenciasjb.salesianos.edu\/colegio\/wp-json\/wp\/v2\/media?parent=15836"}],"wp:term":[{"taxonomy":"category","embeddable":true,"href":"https:\/\/valenciasjb.salesianos.edu\/colegio\/wp-json\/wp\/v2\/categories?post=15836"},{"taxonomy":"post_tag","embeddable":true,"href":"https:\/\/valenciasjb.salesianos.edu\/colegio\/wp-json\/wp\/v2\/tags?post=15836"}],"curies":[{"name":"wp","href":"https:\/\/api.w.org\/{rel}","templated":true}]}}