{"id":15895,"date":"2021-06-25T10:04:49","date_gmt":"2021-06-25T09:04:49","guid":{"rendered":"https:\/\/valenciasjb.salesianos.edu\/colegio\/?p=15895"},"modified":"2021-06-25T10:04:53","modified_gmt":"2021-06-25T09:04:53","slug":"pequenas-grandes-acciones-por-un-mundo-mejor","status":"publish","type":"post","link":"https:\/\/valenciasjb.salesianos.edu\/colegio\/pequenas-grandes-acciones-por-un-mundo-mejor\/","title":{"rendered":"PEQUE\u00d1AS GRANDES ACCIONES POR UN MUNDO MEJOR"},"content":{"rendered":"<div id=\"fb-root\"><\/div>\n<p>[et_pb_section fb_built=\u00bb1&#8243; admin_label=\u00bbsection\u00bb _builder_version=\u00bb3.22&#8243;][et_pb_row admin_label=\u00bbrow\u00bb _builder_version=\u00bb3.25&#8243; background_size=\u00bbinitial\u00bb background_position=\u00bbtop_left\u00bb background_repeat=\u00bbrepeat\u00bb][et_pb_column type=\u00bb4_4&#8243; _builder_version=\u00bb3.25&#8243; custom_padding=\u00bb|||\u00bb custom_padding__hover=\u00bb|||\u00bb][et_pb_text admin_label=\u00bbEntradilla (Texto)\u00bb _builder_version=\u00bb4.9.7&#8243; text_font=\u00bb|on|||\u00bb text_orientation=\u00bbjustified\u00bb module_alignment=\u00bbjustified\u00bb hover_enabled=\u00bb0&#8243; sticky_enabled=\u00bb0&#8243;]<\/p>\n<div id=\"resumen\">\n<p><strong>Gracias a la colaboraci\u00f3n EMPRESA\/FAMILIAS, m\u00e1s de 350 ni\u00f1os de Madagascar dispondr\u00e1n de una biblioteca con 1.200 libros en franc\u00e9s, una de las lenguas cooficiales junto con el malgache.<\/strong><\/p>\n<\/div>\n<div>\u00a0<\/div>\n<p>[\/et_pb_text][et_pb_text admin_label=\u00bbAutor (Texto)\u00bb _builder_version=\u00bb4.9.7&#8243; text_font=\u00bb||on||\u00bb hover_enabled=\u00bb0&#8243; sticky_enabled=\u00bb0&#8243;]<\/p>\n<p>Vicente Verd\u00fa, presidente de la Junta de AMPAS.<\/p>\n<p>[\/et_pb_text][et_pb_text admin_label=\u00bbDesarrollo (Texto)\u00bb _builder_version=\u00bb4.9.7&#8243; text_orientation=\u00bbjustified\u00bb module_alignment=\u00bbjustified\u00bb hover_enabled=\u00bb0&#8243; sticky_enabled=\u00bb0&#8243;]<\/p>\n<p>Una iniciativa que parte del AMPAS del Colegio Salesianos San Juan Bosco de Valencia, en la que la implicaci\u00f3n del Apae del Liceo Franc\u00e9s de Valencia ha sido parte fundamental y de la empresa SUARDIAZ GROUP sin la cual hubiera sido casi imposible llevarla a t\u00e9rmino.<\/p>\n<p>Y\u00a0 todo nace desde el COMPROMISO de todos con una causa m\u00e1s que loable como el proyecto Willka. Un proyecto cuyo nombre responde a la construcci\u00f3n de una escuela en la aldea de Soavinarivo, Madagascar que ha sido una realidad gracias al esfuerzo de muchos colaboradores y con los fondos recaudados con el libro escrito por Carlos G\u00f3mez, profesor del Colegio Salesianos San Juan Bosco de Valencia y cuyo t\u00edtulo es precisamente Willka.<\/p>\n<p>Ante la necesidad transmitida por Carlos G\u00f3mez en Febrero de 2020 al AMPAS del Colegio Salesianos San Juan Bosco de Valencia de dotar a esta escuela con material escolar, porque montar una biblioteca de libros en franc\u00e9s all\u00ed era casi imposible, la maquinaria se puso en marcha.<\/p>\n<p>El AMPAS de los Salesianos se puso en contacto con el APAE del Liceo Franc\u00e9s, hicieron suyo el proyecto y con la implicaci\u00f3n de las familias consiguieron recoger los 1.200 libros que el d\u00eda 27 de junio saldr\u00e1n hacia Soavinarivo. Pero faltaba alguien experto en la log\u00edstica a Madagascar que lo hiciera posible. El AMPAS de los Salesianos contact\u00f3 con Jos\u00e9 Ignacio S\u00e1ez, Director en Valencia de SUARDIAZ GROUP, que desde el primer momento se implic\u00f3\u00a0 junto con su compa\u00f1\u00eda y \u00a1se ha conseguido! Ellos han organizado, gestionado y patrocinado el env\u00edo, comprometidos e ilusionados con el proyecto, que tambi\u00e9n han hecho suyo,\u00a0 y que har\u00e1 que en 40 d\u00edas, en otra parte del mundo, m\u00e1s de 350 ni\u00f1os y ni\u00f1as sin recursos dispongan de una gran biblioteca de libros de lectura para todas las edades. Algo que en esa aldea remota de Madagascar es un sue\u00f1o que se har\u00e1 realidad.<\/p>\n<p>Una peque\u00f1a gran acci\u00f3n que contribuye a que el futuro de Madagascar y sus ni\u00f1os y ni\u00f1as sea un poco mejor. El desarrollo de las naciones pobres depende en gran medida de la educaci\u00f3n de sus ni\u00f1os y j\u00f3venes, y que necesita de la solidaridad de familias y empresas de esta parte del mundo para conseguirlo<\/p>\n<p>Un ejemplo este, de que la colaboraci\u00f3n EMPRESA\/FAMILIA puede conseguir cambiar, al menos, un parte de nuestro mundo, haciendo personas m\u00e1s formadas y felices.<\/p>\n<p>GRACIAS A TODOS LOS QUE HAN COLABORADO EN ESTA PEQUE\u00d1A\/GRAN ACCI\u00d3N.<\/p>\n<p>P.D. Una persona de la junta de Ampas de los Salesianos vio la mano de Dios en esta acci\u00f3n con una reflexi\u00f3n que compartimos.<\/p>\n<p>\u00abA veces pasa que te das cuenta&#8230;<\/p>\n<p>Hay una Aldea en Madagascar con una nueva escuela y muchas necesidades&#8230;son tantas, que conseguir alg\u00fan libro en franc\u00e9s es para ellos una bendici\u00f3n.<\/p>\n<p>Hay una persona que descuelga el tel\u00e9fono y, con el descaro que s\u00f3lo se explica cuando pides algo para otro que realmente necesita, pregunta en el Liceo Franc\u00e9s si les \u00absobra alg\u00fan libro en buen estado\u00bb&#8230;<\/p>\n<p>Se produce una respuesta abrumadora y, como si de panes y peces se tratara, todo \ufb02uye: 1200 maravillosos libros en perfecto estado y en franc\u00e9s caen en nuestras manos.<\/p>\n<p>Una vez m\u00e1s, con la tranquilidad y la tenacidad del que pide para quien de verdad necesita, mi amigo descuelga el tel\u00e9fono y recibe un \u00abs\u00ed\u00bb por respuesta: Los libros ser\u00e1n enviados a \u00c1frica y la empresa log\u00edstica asume los gastos del env\u00edo.<\/p>\n<p>Y esta Aldea, con una escuela llena de ni\u00f1os que tienen tantas ganas de aprender como necesidades, se va a llenar de libros con los que podr\u00e1n formarse y crecer.<\/p>\n<p>A veces Dios necesita unas manos para poder actuar, a veces nos toca ser esas manos y a veces pasa que nos damos cuenta. Y te llenas de alegr\u00eda.<\/p>\n<p>Y es que hoy he descubierto en los logros de un amigo las manos de Dios.<\/p>\n<p>Mi amigo Vicente ha conseguido hacer el mundo un poco mejor. Y desde que descolg\u00f3 el tel\u00e9fono para llamar al Liceo nos ha hecho parte de ese plan de Dios.<\/p>\n<p>\u00c9l dice que cuando se hacen cosas, pasan cosas.<\/p>\n<p>Y, mirad, es que yo&#8230;es que yo no puedo dejar de dar gracias\u00bb.<\/p>\n<p>[\/et_pb_text][et_pb_text disabled_on=\u00bboff|on|on\u00bb admin_label=\u00bbT\u00edtulo: Galer\u00eda de fotos (Texto)\u00bb _builder_version=\u00bb3.27.4&#8243; text_font=\u00bb|on|||\u00bb text_text_color=\u00bb#dc001b\u00bb border_style=\u00bbsolid\u00bb]Galer\u00eda de im\u00e1genes<br \/>\n[\/et_pb_text][et_pb_gallery gallery_ids=\u00bb15898,15899,15900,15901,15902,15903,15904&#8243; posts_number=\u00bb8&#8243; show_title_and_caption=\u00bboff\u00bb zoom_icon_color=\u00bb#dc001b\u00bb hover_icon=\u00bb%%51%%\u00bb disabled_on=\u00bboff|off|off\u00bb _builder_version=\u00bb4.9.7&#8243; hover_enabled=\u00bb0&#8243; pagination_font_size_tablet=\u00bb51&#8243; pagination_line_height_tablet=\u00bb2&#8243; sticky_enabled=\u00bb0&#8243;][\/et_pb_gallery][et_pb_video disabled_on=\u00bbon|on|on\u00bb _builder_version=\u00bb3.0.51&#8243; disabled=\u00bbon\u00bb][\/et_pb_video][\/et_pb_column][\/et_pb_row][\/et_pb_section]<\/p>\n<!-- AddThis Advanced Settings generic via filter on the_content --><!-- AddThis Share Buttons generic via filter on the_content -->","protected":false},"excerpt":{"rendered":"<p>Gracias a la colaboraci\u00f3n EMPRESA\/FAMILIAS, m\u00e1s de 350 ni\u00f1os de Madagascar dispondr\u00e1n de una biblioteca con 1.200 libros en franc\u00e9s, una de las lenguas cooficiales junto con el malgache. \u00a0Vicente Verd\u00fa, presidente de la Junta de AMPAS.Una iniciativa que parte del AMPAS del Colegio Salesianos San Juan Bosco de Valencia, en la que la implicaci\u00f3n [&hellip;]<\/p>\n<p><!-- AddThis Advanced Settings generic via filter on get_the_excerpt --><!-- AddThis Share Buttons generic via filter on get_the_excerpt --><\/p>\n","protected":false},"author":6,"featured_media":15900,"comment_status":"closed","ping_status":"open","sticky":false,"template":"","format":"standard","meta":{"_et_pb_use_builder":"on","_et_pb_old_content":"","_et_gb_content_width":"","footnotes":""},"categories":[14,32],"tags":[],"class_list":["post-15895","post","type-post","status-publish","format-standard","has-post-thumbnail","hentry","category-noticia_colegio","category-noticias-ampas"],"yoast_head":"<!-- This site is optimized with the Yoast SEO plugin v28.3 - https:\/\/yoast.com\/product\/yoast-seo-wordpress\/ -->\n<title>PEQUE\u00d1AS GRANDES ACCIONES POR UN MUNDO MEJOR - Colegio San Juan Bosco Valencia<\/title>\n<meta name=\"robots\" content=\"index, follow, max-snippet:-1, max-image-preview:large, max-video-preview:-1\" \/>\n<link rel=\"canonical\" href=\"https:\/\/valenciasjb.salesianos.edu\/colegio\/pequenas-grandes-acciones-por-un-mundo-mejor\/\" \/>\n<meta property=\"og:locale\" content=\"es_ES\" \/>\n<meta property=\"og:type\" content=\"article\" \/>\n<meta property=\"og:title\" content=\"PEQUE\u00d1AS GRANDES ACCIONES POR UN MUNDO MEJOR - Colegio San Juan Bosco Valencia\" \/>\n<meta property=\"og:description\" content=\"Gracias a la colaboraci\u00f3n EMPRESA\/FAMILIAS, m\u00e1s de 350 ni\u00f1os de Madagascar dispondr\u00e1n de una biblioteca con 1.200 libros en franc\u00e9s, una de las lenguas cooficiales junto con el malgache. \u00a0Vicente Verd\u00fa, presidente de la Junta de AMPAS.Una iniciativa que parte del AMPAS del Colegio Salesianos San Juan Bosco de Valencia, en la que la implicaci\u00f3n [&hellip;]\" \/>\n<meta property=\"og:url\" content=\"https:\/\/valenciasjb.salesianos.edu\/colegio\/pequenas-grandes-acciones-por-un-mundo-mejor\/\" \/>\n<meta property=\"og:site_name\" content=\"Colegio San Juan Bosco Valencia\" \/>\n<meta property=\"article:publisher\" content=\"https:\/\/www.facebook.com\/ColegioSalesianoSanJuanBoscoValencia\" \/>\n<meta property=\"article:published_time\" content=\"2021-06-25T09:04:49+00:00\" \/>\n<meta property=\"article:modified_time\" content=\"2021-06-25T09:04:53+00:00\" \/>\n<meta property=\"og:image\" content=\"https:\/\/valenciasjb.salesianos.edu\/colegio\/wp-content\/uploads\/sites\/2\/2021\/06\/ampas-liceo-y-salesianos.jpg\" \/>\n\t<meta property=\"og:image:width\" content=\"2304\" \/>\n\t<meta property=\"og:image:height\" content=\"1728\" \/>\n\t<meta property=\"og:image:type\" content=\"image\/jpeg\" \/>\n<meta name=\"author\" content=\"veronicapastor\" \/>\n<meta name=\"twitter:card\" content=\"summary_large_image\" \/>\n<meta name=\"twitter:creator\" content=\"@SalesianosVSJB\" \/>\n<meta name=\"twitter:site\" content=\"@SalesianosVSJB\" \/>\n<meta name=\"twitter:label1\" content=\"Escrito por\" \/>\n\t<meta name=\"twitter:data1\" content=\"veronicapastor\" \/>\n\t<meta name=\"twitter:label2\" content=\"Tiempo de lectura\" \/>\n\t<meta name=\"twitter:data2\" content=\"5 minutos\" \/>\n<script type=\"application\/ld+json\" class=\"yoast-schema-graph\">{\"@context\":\"https:\\\/\\\/schema.org\",\"@graph\":[{\"@type\":\"Article\",\"@id\":\"https:\\\/\\\/valenciasjb.salesianos.edu\\\/colegio\\\/pequenas-grandes-acciones-por-un-mundo-mejor\\\/#article\",\"isPartOf\":{\"@id\":\"https:\\\/\\\/valenciasjb.salesianos.edu\\\/colegio\\\/pequenas-grandes-acciones-por-un-mundo-mejor\\\/\"},\"author\":{\"name\":\"veronicapastor\",\"@id\":\"https:\\\/\\\/valenciasjb.salesianos.edu\\\/colegio\\\/#\\\/schema\\\/person\\\/1f45b67e52b27da175190a574db6bed9\"},\"headline\":\"PEQUE\u00d1AS GRANDES ACCIONES POR UN MUNDO MEJOR\",\"datePublished\":\"2021-06-25T09:04:49+00:00\",\"dateModified\":\"2021-06-25T09:04:53+00:00\",\"mainEntityOfPage\":{\"@id\":\"https:\\\/\\\/valenciasjb.salesianos.edu\\\/colegio\\\/pequenas-grandes-acciones-por-un-mundo-mejor\\\/\"},\"wordCount\":1007,\"image\":{\"@id\":\"https:\\\/\\\/valenciasjb.salesianos.edu\\\/colegio\\\/pequenas-grandes-acciones-por-un-mundo-mejor\\\/#primaryimage\"},\"thumbnailUrl\":\"https:\\\/\\\/valenciasjb.salesianos.edu\\\/colegio\\\/wp-content\\\/uploads\\\/sites\\\/2\\\/2021\\\/06\\\/ampas-liceo-y-salesianos.jpg\",\"articleSection\":[\"Noticia Colegio\",\"Noticias AMPAS\"],\"inLanguage\":\"es\"},{\"@type\":\"WebPage\",\"@id\":\"https:\\\/\\\/valenciasjb.salesianos.edu\\\/colegio\\\/pequenas-grandes-acciones-por-un-mundo-mejor\\\/\",\"url\":\"https:\\\/\\\/valenciasjb.salesianos.edu\\\/colegio\\\/pequenas-grandes-acciones-por-un-mundo-mejor\\\/\",\"name\":\"PEQUE\u00d1AS GRANDES ACCIONES POR UN MUNDO MEJOR - Colegio San Juan Bosco Valencia\",\"isPartOf\":{\"@id\":\"https:\\\/\\\/valenciasjb.salesianos.edu\\\/colegio\\\/#website\"},\"primaryImageOfPage\":{\"@id\":\"https:\\\/\\\/valenciasjb.salesianos.edu\\\/colegio\\\/pequenas-grandes-acciones-por-un-mundo-mejor\\\/#primaryimage\"},\"image\":{\"@id\":\"https:\\\/\\\/valenciasjb.salesianos.edu\\\/colegio\\\/pequenas-grandes-acciones-por-un-mundo-mejor\\\/#primaryimage\"},\"thumbnailUrl\":\"https:\\\/\\\/valenciasjb.salesianos.edu\\\/colegio\\\/wp-content\\\/uploads\\\/sites\\\/2\\\/2021\\\/06\\\/ampas-liceo-y-salesianos.jpg\",\"datePublished\":\"2021-06-25T09:04:49+00:00\",\"dateModified\":\"2021-06-25T09:04:53+00:00\",\"author\":{\"@id\":\"https:\\\/\\\/valenciasjb.salesianos.edu\\\/colegio\\\/#\\\/schema\\\/person\\\/1f45b67e52b27da175190a574db6bed9\"},\"breadcrumb\":{\"@id\":\"https:\\\/\\\/valenciasjb.salesianos.edu\\\/colegio\\\/pequenas-grandes-acciones-por-un-mundo-mejor\\\/#breadcrumb\"},\"inLanguage\":\"es\",\"potentialAction\":[{\"@type\":\"ReadAction\",\"target\":[\"https:\\\/\\\/valenciasjb.salesianos.edu\\\/colegio\\\/pequenas-grandes-acciones-por-un-mundo-mejor\\\/\"]}]},{\"@type\":\"ImageObject\",\"inLanguage\":\"es\",\"@id\":\"https:\\\/\\\/valenciasjb.salesianos.edu\\\/colegio\\\/pequenas-grandes-acciones-por-un-mundo-mejor\\\/#primaryimage\",\"url\":\"https:\\\/\\\/valenciasjb.salesianos.edu\\\/colegio\\\/wp-content\\\/uploads\\\/sites\\\/2\\\/2021\\\/06\\\/ampas-liceo-y-salesianos.jpg\",\"contentUrl\":\"https:\\\/\\\/valenciasjb.salesianos.edu\\\/colegio\\\/wp-content\\\/uploads\\\/sites\\\/2\\\/2021\\\/06\\\/ampas-liceo-y-salesianos.jpg\",\"width\":2304,\"height\":1728,\"caption\":\"dav\"},{\"@type\":\"BreadcrumbList\",\"@id\":\"https:\\\/\\\/valenciasjb.salesianos.edu\\\/colegio\\\/pequenas-grandes-acciones-por-un-mundo-mejor\\\/#breadcrumb\",\"itemListElement\":[{\"@type\":\"ListItem\",\"position\":1,\"name\":\"Portada\",\"item\":\"https:\\\/\\\/valenciasjb.salesianos.edu\\\/colegio\\\/\"},{\"@type\":\"ListItem\",\"position\":2,\"name\":\"PEQUE\u00d1AS GRANDES ACCIONES POR UN MUNDO MEJOR\"}]},{\"@type\":\"WebSite\",\"@id\":\"https:\\\/\\\/valenciasjb.salesianos.edu\\\/colegio\\\/#website\",\"url\":\"https:\\\/\\\/valenciasjb.salesianos.edu\\\/colegio\\\/\",\"name\":\"Colegio San Juan Bosco Valencia\",\"description\":\"P\u00e1gina oficial del Colegio Salesianos San Juan Bosco Valencia\",\"alternateName\":\"Salesianos.VSJB\",\"potentialAction\":[{\"@type\":\"SearchAction\",\"target\":{\"@type\":\"EntryPoint\",\"urlTemplate\":\"https:\\\/\\\/valenciasjb.salesianos.edu\\\/colegio\\\/?s={search_term_string}\"},\"query-input\":{\"@type\":\"PropertyValueSpecification\",\"valueRequired\":true,\"valueName\":\"search_term_string\"}}],\"inLanguage\":\"es\"},{\"@type\":\"Person\",\"@id\":\"https:\\\/\\\/valenciasjb.salesianos.edu\\\/colegio\\\/#\\\/schema\\\/person\\\/1f45b67e52b27da175190a574db6bed9\",\"name\":\"veronicapastor\",\"image\":{\"@type\":\"ImageObject\",\"inLanguage\":\"es\",\"@id\":\"https:\\\/\\\/secure.gravatar.com\\\/avatar\\\/e29bd40bace3fd935e1d6fdb7313ffc14628cc037c5e16f4c7369b20a2a6f7f0?s=96&d=mm&r=g\",\"url\":\"https:\\\/\\\/secure.gravatar.com\\\/avatar\\\/e29bd40bace3fd935e1d6fdb7313ffc14628cc037c5e16f4c7369b20a2a6f7f0?s=96&d=mm&r=g\",\"contentUrl\":\"https:\\\/\\\/secure.gravatar.com\\\/avatar\\\/e29bd40bace3fd935e1d6fdb7313ffc14628cc037c5e16f4c7369b20a2a6f7f0?s=96&d=mm&r=g\",\"caption\":\"veronicapastor\"}}]}<\/script>\n<!-- \/ Yoast SEO plugin. -->","yoast_head_json":{"title":"PEQUE\u00d1AS GRANDES ACCIONES POR UN MUNDO MEJOR - Colegio San Juan Bosco Valencia","robots":{"index":"index","follow":"follow","max-snippet":"max-snippet:-1","max-image-preview":"max-image-preview:large","max-video-preview":"max-video-preview:-1"},"canonical":"https:\/\/valenciasjb.salesianos.edu\/colegio\/pequenas-grandes-acciones-por-un-mundo-mejor\/","og_locale":"es_ES","og_type":"article","og_title":"PEQUE\u00d1AS GRANDES ACCIONES POR UN MUNDO MEJOR - Colegio San Juan Bosco Valencia","og_description":"Gracias a la colaboraci\u00f3n EMPRESA\/FAMILIAS, m\u00e1s de 350 ni\u00f1os de Madagascar dispondr\u00e1n de una biblioteca con 1.200 libros en franc\u00e9s, una de las lenguas cooficiales junto con el malgache. \u00a0Vicente Verd\u00fa, presidente de la Junta de AMPAS.Una iniciativa que parte del AMPAS del Colegio Salesianos San Juan Bosco de Valencia, en la que la implicaci\u00f3n [&hellip;]","og_url":"https:\/\/valenciasjb.salesianos.edu\/colegio\/pequenas-grandes-acciones-por-un-mundo-mejor\/","og_site_name":"Colegio San Juan Bosco Valencia","article_publisher":"https:\/\/www.facebook.com\/ColegioSalesianoSanJuanBoscoValencia","article_published_time":"2021-06-25T09:04:49+00:00","article_modified_time":"2021-06-25T09:04:53+00:00","og_image":[{"width":2304,"height":1728,"url":"https:\/\/valenciasjb.salesianos.edu\/colegio\/wp-content\/uploads\/sites\/2\/2021\/06\/ampas-liceo-y-salesianos.jpg","type":"image\/jpeg"}],"author":"veronicapastor","twitter_card":"summary_large_image","twitter_creator":"@SalesianosVSJB","twitter_site":"@SalesianosVSJB","twitter_misc":{"Escrito por":"veronicapastor","Tiempo de lectura":"5 minutos"},"schema":{"@context":"https:\/\/schema.org","@graph":[{"@type":"Article","@id":"https:\/\/valenciasjb.salesianos.edu\/colegio\/pequenas-grandes-acciones-por-un-mundo-mejor\/#article","isPartOf":{"@id":"https:\/\/valenciasjb.salesianos.edu\/colegio\/pequenas-grandes-acciones-por-un-mundo-mejor\/"},"author":{"name":"veronicapastor","@id":"https:\/\/valenciasjb.salesianos.edu\/colegio\/#\/schema\/person\/1f45b67e52b27da175190a574db6bed9"},"headline":"PEQUE\u00d1AS GRANDES ACCIONES POR UN MUNDO MEJOR","datePublished":"2021-06-25T09:04:49+00:00","dateModified":"2021-06-25T09:04:53+00:00","mainEntityOfPage":{"@id":"https:\/\/valenciasjb.salesianos.edu\/colegio\/pequenas-grandes-acciones-por-un-mundo-mejor\/"},"wordCount":1007,"image":{"@id":"https:\/\/valenciasjb.salesianos.edu\/colegio\/pequenas-grandes-acciones-por-un-mundo-mejor\/#primaryimage"},"thumbnailUrl":"https:\/\/valenciasjb.salesianos.edu\/colegio\/wp-content\/uploads\/sites\/2\/2021\/06\/ampas-liceo-y-salesianos.jpg","articleSection":["Noticia Colegio","Noticias AMPAS"],"inLanguage":"es"},{"@type":"WebPage","@id":"https:\/\/valenciasjb.salesianos.edu\/colegio\/pequenas-grandes-acciones-por-un-mundo-mejor\/","url":"https:\/\/valenciasjb.salesianos.edu\/colegio\/pequenas-grandes-acciones-por-un-mundo-mejor\/","name":"PEQUE\u00d1AS GRANDES ACCIONES POR UN MUNDO MEJOR - Colegio San Juan Bosco Valencia","isPartOf":{"@id":"https:\/\/valenciasjb.salesianos.edu\/colegio\/#website"},"primaryImageOfPage":{"@id":"https:\/\/valenciasjb.salesianos.edu\/colegio\/pequenas-grandes-acciones-por-un-mundo-mejor\/#primaryimage"},"image":{"@id":"https:\/\/valenciasjb.salesianos.edu\/colegio\/pequenas-grandes-acciones-por-un-mundo-mejor\/#primaryimage"},"thumbnailUrl":"https:\/\/valenciasjb.salesianos.edu\/colegio\/wp-content\/uploads\/sites\/2\/2021\/06\/ampas-liceo-y-salesianos.jpg","datePublished":"2021-06-25T09:04:49+00:00","dateModified":"2021-06-25T09:04:53+00:00","author":{"@id":"https:\/\/valenciasjb.salesianos.edu\/colegio\/#\/schema\/person\/1f45b67e52b27da175190a574db6bed9"},"breadcrumb":{"@id":"https:\/\/valenciasjb.salesianos.edu\/colegio\/pequenas-grandes-acciones-por-un-mundo-mejor\/#breadcrumb"},"inLanguage":"es","potentialAction":[{"@type":"ReadAction","target":["https:\/\/valenciasjb.salesianos.edu\/colegio\/pequenas-grandes-acciones-por-un-mundo-mejor\/"]}]},{"@type":"ImageObject","inLanguage":"es","@id":"https:\/\/valenciasjb.salesianos.edu\/colegio\/pequenas-grandes-acciones-por-un-mundo-mejor\/#primaryimage","url":"https:\/\/valenciasjb.salesianos.edu\/colegio\/wp-content\/uploads\/sites\/2\/2021\/06\/ampas-liceo-y-salesianos.jpg","contentUrl":"https:\/\/valenciasjb.salesianos.edu\/colegio\/wp-content\/uploads\/sites\/2\/2021\/06\/ampas-liceo-y-salesianos.jpg","width":2304,"height":1728,"caption":"dav"},{"@type":"BreadcrumbList","@id":"https:\/\/valenciasjb.salesianos.edu\/colegio\/pequenas-grandes-acciones-por-un-mundo-mejor\/#breadcrumb","itemListElement":[{"@type":"ListItem","position":1,"name":"Portada","item":"https:\/\/valenciasjb.salesianos.edu\/colegio\/"},{"@type":"ListItem","position":2,"name":"PEQUE\u00d1AS GRANDES ACCIONES POR UN MUNDO MEJOR"}]},{"@type":"WebSite","@id":"https:\/\/valenciasjb.salesianos.edu\/colegio\/#website","url":"https:\/\/valenciasjb.salesianos.edu\/colegio\/","name":"Colegio San Juan Bosco Valencia","description":"P\u00e1gina oficial del Colegio Salesianos San Juan Bosco Valencia","alternateName":"Salesianos.VSJB","potentialAction":[{"@type":"SearchAction","target":{"@type":"EntryPoint","urlTemplate":"https:\/\/valenciasjb.salesianos.edu\/colegio\/?s={search_term_string}"},"query-input":{"@type":"PropertyValueSpecification","valueRequired":true,"valueName":"search_term_string"}}],"inLanguage":"es"},{"@type":"Person","@id":"https:\/\/valenciasjb.salesianos.edu\/colegio\/#\/schema\/person\/1f45b67e52b27da175190a574db6bed9","name":"veronicapastor","image":{"@type":"ImageObject","inLanguage":"es","@id":"https:\/\/secure.gravatar.com\/avatar\/e29bd40bace3fd935e1d6fdb7313ffc14628cc037c5e16f4c7369b20a2a6f7f0?s=96&d=mm&r=g","url":"https:\/\/secure.gravatar.com\/avatar\/e29bd40bace3fd935e1d6fdb7313ffc14628cc037c5e16f4c7369b20a2a6f7f0?s=96&d=mm&r=g","contentUrl":"https:\/\/secure.gravatar.com\/avatar\/e29bd40bace3fd935e1d6fdb7313ffc14628cc037c5e16f4c7369b20a2a6f7f0?s=96&d=mm&r=g","caption":"veronicapastor"}}]}},"_links":{"self":[{"href":"https:\/\/valenciasjb.salesianos.edu\/colegio\/wp-json\/wp\/v2\/posts\/15895","targetHints":{"allow":["GET"]}}],"collection":[{"href":"https:\/\/valenciasjb.salesianos.edu\/colegio\/wp-json\/wp\/v2\/posts"}],"about":[{"href":"https:\/\/valenciasjb.salesianos.edu\/colegio\/wp-json\/wp\/v2\/types\/post"}],"author":[{"embeddable":true,"href":"https:\/\/valenciasjb.salesianos.edu\/colegio\/wp-json\/wp\/v2\/users\/6"}],"replies":[{"embeddable":true,"href":"https:\/\/valenciasjb.salesianos.edu\/colegio\/wp-json\/wp\/v2\/comments?post=15895"}],"version-history":[{"count":4,"href":"https:\/\/valenciasjb.salesianos.edu\/colegio\/wp-json\/wp\/v2\/posts\/15895\/revisions"}],"predecessor-version":[{"id":15908,"href":"https:\/\/valenciasjb.salesianos.edu\/colegio\/wp-json\/wp\/v2\/posts\/15895\/revisions\/15908"}],"wp:featuredmedia":[{"embeddable":true,"href":"https:\/\/valenciasjb.salesianos.edu\/colegio\/wp-json\/wp\/v2\/media\/15900"}],"wp:attachment":[{"href":"https:\/\/valenciasjb.salesianos.edu\/colegio\/wp-json\/wp\/v2\/media?parent=15895"}],"wp:term":[{"taxonomy":"category","embeddable":true,"href":"https:\/\/valenciasjb.salesianos.edu\/colegio\/wp-json\/wp\/v2\/categories?post=15895"},{"taxonomy":"post_tag","embeddable":true,"href":"https:\/\/valenciasjb.salesianos.edu\/colegio\/wp-json\/wp\/v2\/tags?post=15895"}],"curies":[{"name":"wp","href":"https:\/\/api.w.org\/{rel}","templated":true}]}}