{"id":15921,"date":"2021-07-01T17:52:35","date_gmt":"2021-07-01T16:52:35","guid":{"rendered":"https:\/\/valenciasjb.salesianos.edu\/colegio\/?p=15921"},"modified":"2021-07-01T17:52:39","modified_gmt":"2021-07-01T16:52:39","slug":"un-claustro-de-fin-de-curso-en-el-teatro-marcado-por-los-homenajes-y-los-agradecimientos","status":"publish","type":"post","link":"https:\/\/valenciasjb.salesianos.edu\/colegio\/un-claustro-de-fin-de-curso-en-el-teatro-marcado-por-los-homenajes-y-los-agradecimientos\/","title":{"rendered":"Un claustro de fin de curso en el teatro marcado por los homenajes y los agradecimientos"},"content":{"rendered":"<div id=\"fb-root\"><\/div>\n<p>[et_pb_section fb_built=\u00bb1&#8243; admin_label=\u00bbsection\u00bb _builder_version=\u00bb3.22&#8243;][et_pb_row admin_label=\u00bbrow\u00bb _builder_version=\u00bb3.25&#8243; background_size=\u00bbinitial\u00bb background_position=\u00bbtop_left\u00bb background_repeat=\u00bbrepeat\u00bb][et_pb_column type=\u00bb4_4&#8243; _builder_version=\u00bb3.25&#8243; custom_padding=\u00bb|||\u00bb custom_padding__hover=\u00bb|||\u00bb][et_pb_text admin_label=\u00bbEntradilla (Texto)\u00bb _builder_version=\u00bb4.9.7&#8243; text_font=\u00bb|on|||\u00bb text_orientation=\u00bbjustified\u00bb module_alignment=\u00bbjustified\u00bb hover_enabled=\u00bb0&#8243; sticky_enabled=\u00bb0&#8243;]<\/p>\n<div id=\"resumen\"><strong>En la Jornada del jueves 1 de julio, el colegio al completo ha vivido una jornada donde el claustro ha tenido su reuni\u00f3n de final de curso y, a continuaci\u00f3n, se ha realizado una celebraci\u00f3n para dar gracias al Se\u00f1or por este curso en el que hemos cuidado los unos de los otros.\u00a0<\/strong><\/div>\n<div>\u00a0<\/div>\n<p>[\/et_pb_text][et_pb_text admin_label=\u00bbAutor (Texto)\u00bb _builder_version=\u00bb3.27.4&#8243; text_font=\u00bb||on||\u00bb]Redacci\u00f3n<br \/>\n[\/et_pb_text][et_pb_text admin_label=\u00bbDesarrollo (Texto)\u00bb _builder_version=\u00bb4.9.7&#8243; text_orientation=\u00bbjustified\u00bb module_alignment=\u00bbjustified\u00bb hover_enabled=\u00bb0&#8243; sticky_enabled=\u00bb0&#8243;]<\/p>\n<div id=\"resumen\">\n<div dir=\"auto\">La reuni\u00f3n del claustro ha comenzado con una oraci\u00f3n especialmente preparada por el equipo de pastoral. A continuaci\u00f3n, un resumen del curso por parte de distintos equipos de trabajo: Pastoral, Departamento de Orientaci\u00f3n, Equipo TIC, Servicios Complementarios, Deporte Escolar, Relaciones Externas, Calidad, Registro COVID, Comunicaci\u00f3n Social y Erasmus Plus. Entonces, Juan Peris, director del colegio, ha tomado la palabra para rendir homenaje a tres compa\u00f1eros que este curso dejan su cargo: Esther Galiana, jefa de estudios de Bachillerato, Ricard Soler, jefe de estudios de la ESO, y Jos\u00e9 Antonio Chaveli, Administrador. Sus compa\u00f1eros, Mayte Briz, Maite \u00c1lvarez y Juan Peris, en nombre de todos y todas, les han dedicado unas sentidas palabras. Tras lo cual ha tenido lugar el descanso en el comedor del colegio, donde los tres han recibido diferentes obsequios de sus compa\u00f1eros de Secundaria y el PAS; M\u00aa Eugenia Morales en nombre de los compa\u00f1eros del PAS ha dado las gracias a Jos\u00e9 Antonio Chaveli por todos sus a\u00f1os de buen hacer.<\/div>\n<\/div>\n<div dir=\"auto\">\u00a0<\/div>\n<div dir=\"auto\">En la segunda parte del claustro, AMPAS ha estado presente por medio de su presidente, Vicente Verd\u00fa, tras lo cual las direcciones pedag\u00f3gicas de Infantil y Primaria, ESO y Bachillerato han hecho el seguimiento de las etapas. El director del colegio ha tomado la palabra para dar diferentes informaciones en cuanto al concierto educativo, nueva admisi\u00f3n, inclusi\u00f3n y atenci\u00f3n a la diversidad, algunas cuestiones de cara al nuevo curso e identidad salesiana. Despu\u00e9s, ha tenido lugar una segunda parte de agradecimientos, a aquellos compa\u00f1eros y compa\u00f1eras que cumplen este curso 25 a\u00f1os en la casa: Presentaci\u00f3n Castellano, Isabel Mart\u00edn, Eva Mar\u00eda Rojas, Mar\u00eda Jos\u00e9 Agust\u00edn y el propio Juan Peris. A continuaci\u00f3n, dos homenajes a dos queridos compa\u00f1eros que se jubilan este curso: Fernando Rodrigo y Voro Soler, con palabras de Ram\u00f3n Labari y Rafa Gomar.<\/div>\n<div id=\"resumen\">\n<div dir=\"auto\">\n<div dir=\"auto\">\u00a0<\/div>\n<div dir=\"auto\">El claustro ha finalizado con un agradecimiento a todos los compa\u00f1eros y compa\u00f1eras por este curso que hemos vivido con intensidad y que ya queda en la historia de esta casa. Finalmente, en la celebraci\u00f3n en la iglesia, hemos pedido al Se\u00f1or y le hemos dado gracias por esta comunidad educativa unida en los tiempos dif\u00edciles que estamos viviendo. Por nuestros compa\u00f1eros y compa\u00f1eras, nuestros alumnos y alumnas y sus familias, para que todos juntos sigamos haciendo realidad el sue\u00f1o de Don Bosco en la Avenida de la Plata.<\/div>\n<\/div>\n<\/div>\n<div id=\"resumen\">\n<div dir=\"auto\">\n<div dir=\"auto\">\u00a0<\/div>\n<div dir=\"auto\">\u00a1Contigo abiertos al futuro, somos uno!<\/div>\n<\/div>\n<\/div>\n<p>[\/et_pb_text][et_pb_text disabled_on=\u00bboff|on|on\u00bb admin_label=\u00bbT\u00edtulo: Galer\u00eda de fotos (Texto)\u00bb _builder_version=\u00bb3.27.4&#8243; text_font=\u00bb|on|||\u00bb text_text_color=\u00bb#dc001b\u00bb border_style=\u00bbsolid\u00bb]Galer\u00eda de im\u00e1genes<br \/>\n[\/et_pb_text][et_pb_gallery gallery_ids=\u00bb15924,15925,15926,15927,15928,15929,15930,15931,15932,15933,15934,15935,15936,15937,15938,15939,15940,15941,15942,15943,15944,15945,15946,15947,15948,15949,15950,15951,15952,15953,15954,15955,15956,15957&#8243; posts_number=\u00bb8&#8243; show_title_and_caption=\u00bboff\u00bb zoom_icon_color=\u00bb#dc001b\u00bb hover_icon=\u00bb%%51%%\u00bb disabled_on=\u00bboff|off|off\u00bb _builder_version=\u00bb4.9.7&#8243; hover_enabled=\u00bb0&#8243; pagination_font_size_tablet=\u00bb51&#8243; pagination_line_height_tablet=\u00bb2&#8243; sticky_enabled=\u00bb0&#8243;][\/et_pb_gallery][et_pb_video disabled_on=\u00bbon|on|on\u00bb _builder_version=\u00bb3.0.51&#8243; disabled=\u00bbon\u00bb][\/et_pb_video][\/et_pb_column][\/et_pb_row][\/et_pb_section]<\/p>\n<!-- AddThis Advanced Settings generic via filter on the_content --><!-- AddThis Share Buttons generic via filter on the_content -->","protected":false},"excerpt":{"rendered":"<p>En la Jornada del jueves 1 de julio, el colegio al completo ha vivido una jornada donde el claustro ha tenido su reuni\u00f3n de final de curso y, a continuaci\u00f3n, se ha realizado una celebraci\u00f3n para dar gracias al Se\u00f1or por este curso en el que hemos cuidado los unos de los otros.\u00a0 \u00a0Redacci\u00f3n La [&hellip;]<\/p>\n<p><!-- AddThis Advanced Settings generic via filter on get_the_excerpt --><!-- AddThis Share Buttons generic via filter on get_the_excerpt --><\/p>\n","protected":false},"author":6,"featured_media":15928,"comment_status":"closed","ping_status":"open","sticky":false,"template":"","format":"standard","meta":{"_et_pb_use_builder":"on","_et_pb_old_content":"","_et_gb_content_width":"","footnotes":""},"categories":[14],"tags":[],"class_list":["post-15921","post","type-post","status-publish","format-standard","has-post-thumbnail","hentry","category-noticia_colegio"],"yoast_head":"<!-- This site is optimized with the Yoast SEO plugin v28.4 - https:\/\/yoast.com\/product\/yoast-seo-wordpress\/ -->\n<title>Un claustro de fin de curso en el teatro marcado por los homenajes y los agradecimientos - Colegio San Juan Bosco Valencia<\/title>\n<meta name=\"robots\" content=\"index, follow, max-snippet:-1, max-image-preview:large, max-video-preview:-1\" \/>\n<link rel=\"canonical\" href=\"https:\/\/valenciasjb.salesianos.edu\/colegio\/un-claustro-de-fin-de-curso-en-el-teatro-marcado-por-los-homenajes-y-los-agradecimientos\/\" \/>\n<meta property=\"og:locale\" content=\"es_ES\" \/>\n<meta property=\"og:type\" content=\"article\" \/>\n<meta property=\"og:title\" content=\"Un claustro de fin de curso en el teatro marcado por los homenajes y los agradecimientos - Colegio San Juan Bosco Valencia\" \/>\n<meta property=\"og:description\" content=\"En la Jornada del jueves 1 de julio, el colegio al completo ha vivido una jornada donde el claustro ha tenido su reuni\u00f3n de final de curso y, a continuaci\u00f3n, se ha realizado una celebraci\u00f3n para dar gracias al Se\u00f1or por este curso en el que hemos cuidado los unos de los otros.\u00a0 \u00a0Redacci\u00f3n La [&hellip;]\" \/>\n<meta property=\"og:url\" content=\"https:\/\/valenciasjb.salesianos.edu\/colegio\/un-claustro-de-fin-de-curso-en-el-teatro-marcado-por-los-homenajes-y-los-agradecimientos\/\" \/>\n<meta property=\"og:site_name\" content=\"Colegio San Juan Bosco Valencia\" \/>\n<meta property=\"article:publisher\" content=\"https:\/\/www.facebook.com\/ColegioSalesianoSanJuanBoscoValencia\" \/>\n<meta property=\"article:published_time\" content=\"2021-07-01T16:52:35+00:00\" \/>\n<meta property=\"article:modified_time\" content=\"2021-07-01T16:52:39+00:00\" \/>\n<meta property=\"og:image\" content=\"https:\/\/valenciasjb.salesianos.edu\/colegio\/wp-content\/uploads\/sites\/2\/2021\/07\/IMG_20210701_091306.jpg\" \/>\n\t<meta property=\"og:image:width\" content=\"2000\" \/>\n\t<meta property=\"og:image:height\" content=\"1496\" \/>\n\t<meta property=\"og:image:type\" content=\"image\/jpeg\" \/>\n<meta name=\"author\" content=\"veronicapastor\" \/>\n<meta name=\"twitter:card\" content=\"summary_large_image\" \/>\n<meta name=\"twitter:creator\" content=\"@SalesianosVSJB\" \/>\n<meta name=\"twitter:site\" content=\"@SalesianosVSJB\" \/>\n<meta name=\"twitter:label1\" content=\"Escrito por\" \/>\n\t<meta name=\"twitter:data1\" content=\"veronicapastor\" \/>\n\t<meta name=\"twitter:label2\" content=\"Tiempo de lectura\" \/>\n\t<meta name=\"twitter:data2\" content=\"3 minutos\" \/>\n<script type=\"application\/ld+json\" class=\"yoast-schema-graph\">{\"@context\":\"https:\\\/\\\/schema.org\",\"@graph\":[{\"@type\":\"Article\",\"@id\":\"https:\\\/\\\/valenciasjb.salesianos.edu\\\/colegio\\\/un-claustro-de-fin-de-curso-en-el-teatro-marcado-por-los-homenajes-y-los-agradecimientos\\\/#article\",\"isPartOf\":{\"@id\":\"https:\\\/\\\/valenciasjb.salesianos.edu\\\/colegio\\\/un-claustro-de-fin-de-curso-en-el-teatro-marcado-por-los-homenajes-y-los-agradecimientos\\\/\"},\"author\":{\"name\":\"veronicapastor\",\"@id\":\"https:\\\/\\\/valenciasjb.salesianos.edu\\\/colegio\\\/#\\\/schema\\\/person\\\/1f45b67e52b27da175190a574db6bed9\"},\"headline\":\"Un claustro de fin de curso en el teatro marcado por los homenajes y los agradecimientos\",\"datePublished\":\"2021-07-01T16:52:35+00:00\",\"dateModified\":\"2021-07-01T16:52:39+00:00\",\"mainEntityOfPage\":{\"@id\":\"https:\\\/\\\/valenciasjb.salesianos.edu\\\/colegio\\\/un-claustro-de-fin-de-curso-en-el-teatro-marcado-por-los-homenajes-y-los-agradecimientos\\\/\"},\"wordCount\":707,\"image\":{\"@id\":\"https:\\\/\\\/valenciasjb.salesianos.edu\\\/colegio\\\/un-claustro-de-fin-de-curso-en-el-teatro-marcado-por-los-homenajes-y-los-agradecimientos\\\/#primaryimage\"},\"thumbnailUrl\":\"https:\\\/\\\/valenciasjb.salesianos.edu\\\/colegio\\\/wp-content\\\/uploads\\\/sites\\\/2\\\/2021\\\/07\\\/IMG_20210701_091306.jpg\",\"articleSection\":[\"Noticia Colegio\"],\"inLanguage\":\"es\"},{\"@type\":\"WebPage\",\"@id\":\"https:\\\/\\\/valenciasjb.salesianos.edu\\\/colegio\\\/un-claustro-de-fin-de-curso-en-el-teatro-marcado-por-los-homenajes-y-los-agradecimientos\\\/\",\"url\":\"https:\\\/\\\/valenciasjb.salesianos.edu\\\/colegio\\\/un-claustro-de-fin-de-curso-en-el-teatro-marcado-por-los-homenajes-y-los-agradecimientos\\\/\",\"name\":\"Un claustro de fin de curso en el teatro marcado por los homenajes y los agradecimientos - Colegio San Juan Bosco Valencia\",\"isPartOf\":{\"@id\":\"https:\\\/\\\/valenciasjb.salesianos.edu\\\/colegio\\\/#website\"},\"primaryImageOfPage\":{\"@id\":\"https:\\\/\\\/valenciasjb.salesianos.edu\\\/colegio\\\/un-claustro-de-fin-de-curso-en-el-teatro-marcado-por-los-homenajes-y-los-agradecimientos\\\/#primaryimage\"},\"image\":{\"@id\":\"https:\\\/\\\/valenciasjb.salesianos.edu\\\/colegio\\\/un-claustro-de-fin-de-curso-en-el-teatro-marcado-por-los-homenajes-y-los-agradecimientos\\\/#primaryimage\"},\"thumbnailUrl\":\"https:\\\/\\\/valenciasjb.salesianos.edu\\\/colegio\\\/wp-content\\\/uploads\\\/sites\\\/2\\\/2021\\\/07\\\/IMG_20210701_091306.jpg\",\"datePublished\":\"2021-07-01T16:52:35+00:00\",\"dateModified\":\"2021-07-01T16:52:39+00:00\",\"author\":{\"@id\":\"https:\\\/\\\/valenciasjb.salesianos.edu\\\/colegio\\\/#\\\/schema\\\/person\\\/1f45b67e52b27da175190a574db6bed9\"},\"breadcrumb\":{\"@id\":\"https:\\\/\\\/valenciasjb.salesianos.edu\\\/colegio\\\/un-claustro-de-fin-de-curso-en-el-teatro-marcado-por-los-homenajes-y-los-agradecimientos\\\/#breadcrumb\"},\"inLanguage\":\"es\",\"potentialAction\":[{\"@type\":\"ReadAction\",\"target\":[\"https:\\\/\\\/valenciasjb.salesianos.edu\\\/colegio\\\/un-claustro-de-fin-de-curso-en-el-teatro-marcado-por-los-homenajes-y-los-agradecimientos\\\/\"]}]},{\"@type\":\"ImageObject\",\"inLanguage\":\"es\",\"@id\":\"https:\\\/\\\/valenciasjb.salesianos.edu\\\/colegio\\\/un-claustro-de-fin-de-curso-en-el-teatro-marcado-por-los-homenajes-y-los-agradecimientos\\\/#primaryimage\",\"url\":\"https:\\\/\\\/valenciasjb.salesianos.edu\\\/colegio\\\/wp-content\\\/uploads\\\/sites\\\/2\\\/2021\\\/07\\\/IMG_20210701_091306.jpg\",\"contentUrl\":\"https:\\\/\\\/valenciasjb.salesianos.edu\\\/colegio\\\/wp-content\\\/uploads\\\/sites\\\/2\\\/2021\\\/07\\\/IMG_20210701_091306.jpg\",\"width\":2000,\"height\":1496},{\"@type\":\"BreadcrumbList\",\"@id\":\"https:\\\/\\\/valenciasjb.salesianos.edu\\\/colegio\\\/un-claustro-de-fin-de-curso-en-el-teatro-marcado-por-los-homenajes-y-los-agradecimientos\\\/#breadcrumb\",\"itemListElement\":[{\"@type\":\"ListItem\",\"position\":1,\"name\":\"Portada\",\"item\":\"https:\\\/\\\/valenciasjb.salesianos.edu\\\/colegio\\\/\"},{\"@type\":\"ListItem\",\"position\":2,\"name\":\"Un claustro de fin de curso en el teatro marcado por los homenajes y los agradecimientos\"}]},{\"@type\":\"WebSite\",\"@id\":\"https:\\\/\\\/valenciasjb.salesianos.edu\\\/colegio\\\/#website\",\"url\":\"https:\\\/\\\/valenciasjb.salesianos.edu\\\/colegio\\\/\",\"name\":\"Colegio San Juan Bosco Valencia\",\"description\":\"P\u00e1gina oficial del Colegio Salesianos San Juan Bosco Valencia\",\"alternateName\":\"Salesianos.VSJB\",\"potentialAction\":[{\"@type\":\"SearchAction\",\"target\":{\"@type\":\"EntryPoint\",\"urlTemplate\":\"https:\\\/\\\/valenciasjb.salesianos.edu\\\/colegio\\\/?s={search_term_string}\"},\"query-input\":{\"@type\":\"PropertyValueSpecification\",\"valueRequired\":true,\"valueName\":\"search_term_string\"}}],\"inLanguage\":\"es\"},{\"@type\":\"Person\",\"@id\":\"https:\\\/\\\/valenciasjb.salesianos.edu\\\/colegio\\\/#\\\/schema\\\/person\\\/1f45b67e52b27da175190a574db6bed9\",\"name\":\"veronicapastor\",\"image\":{\"@type\":\"ImageObject\",\"inLanguage\":\"es\",\"@id\":\"https:\\\/\\\/secure.gravatar.com\\\/avatar\\\/e29bd40bace3fd935e1d6fdb7313ffc14628cc037c5e16f4c7369b20a2a6f7f0?s=96&d=mm&r=g\",\"url\":\"https:\\\/\\\/secure.gravatar.com\\\/avatar\\\/e29bd40bace3fd935e1d6fdb7313ffc14628cc037c5e16f4c7369b20a2a6f7f0?s=96&d=mm&r=g\",\"contentUrl\":\"https:\\\/\\\/secure.gravatar.com\\\/avatar\\\/e29bd40bace3fd935e1d6fdb7313ffc14628cc037c5e16f4c7369b20a2a6f7f0?s=96&d=mm&r=g\",\"caption\":\"veronicapastor\"}}]}<\/script>\n<!-- \/ Yoast SEO plugin. -->","yoast_head_json":{"title":"Un claustro de fin de curso en el teatro marcado por los homenajes y los agradecimientos - Colegio San Juan Bosco Valencia","robots":{"index":"index","follow":"follow","max-snippet":"max-snippet:-1","max-image-preview":"max-image-preview:large","max-video-preview":"max-video-preview:-1"},"canonical":"https:\/\/valenciasjb.salesianos.edu\/colegio\/un-claustro-de-fin-de-curso-en-el-teatro-marcado-por-los-homenajes-y-los-agradecimientos\/","og_locale":"es_ES","og_type":"article","og_title":"Un claustro de fin de curso en el teatro marcado por los homenajes y los agradecimientos - Colegio San Juan Bosco Valencia","og_description":"En la Jornada del jueves 1 de julio, el colegio al completo ha vivido una jornada donde el claustro ha tenido su reuni\u00f3n de final de curso y, a continuaci\u00f3n, se ha realizado una celebraci\u00f3n para dar gracias al Se\u00f1or por este curso en el que hemos cuidado los unos de los otros.\u00a0 \u00a0Redacci\u00f3n La [&hellip;]","og_url":"https:\/\/valenciasjb.salesianos.edu\/colegio\/un-claustro-de-fin-de-curso-en-el-teatro-marcado-por-los-homenajes-y-los-agradecimientos\/","og_site_name":"Colegio San Juan Bosco Valencia","article_publisher":"https:\/\/www.facebook.com\/ColegioSalesianoSanJuanBoscoValencia","article_published_time":"2021-07-01T16:52:35+00:00","article_modified_time":"2021-07-01T16:52:39+00:00","og_image":[{"width":2000,"height":1496,"url":"https:\/\/valenciasjb.salesianos.edu\/colegio\/wp-content\/uploads\/sites\/2\/2021\/07\/IMG_20210701_091306.jpg","type":"image\/jpeg"}],"author":"veronicapastor","twitter_card":"summary_large_image","twitter_creator":"@SalesianosVSJB","twitter_site":"@SalesianosVSJB","twitter_misc":{"Escrito por":"veronicapastor","Tiempo de lectura":"3 minutos"},"schema":{"@context":"https:\/\/schema.org","@graph":[{"@type":"Article","@id":"https:\/\/valenciasjb.salesianos.edu\/colegio\/un-claustro-de-fin-de-curso-en-el-teatro-marcado-por-los-homenajes-y-los-agradecimientos\/#article","isPartOf":{"@id":"https:\/\/valenciasjb.salesianos.edu\/colegio\/un-claustro-de-fin-de-curso-en-el-teatro-marcado-por-los-homenajes-y-los-agradecimientos\/"},"author":{"name":"veronicapastor","@id":"https:\/\/valenciasjb.salesianos.edu\/colegio\/#\/schema\/person\/1f45b67e52b27da175190a574db6bed9"},"headline":"Un claustro de fin de curso en el teatro marcado por los homenajes y los agradecimientos","datePublished":"2021-07-01T16:52:35+00:00","dateModified":"2021-07-01T16:52:39+00:00","mainEntityOfPage":{"@id":"https:\/\/valenciasjb.salesianos.edu\/colegio\/un-claustro-de-fin-de-curso-en-el-teatro-marcado-por-los-homenajes-y-los-agradecimientos\/"},"wordCount":707,"image":{"@id":"https:\/\/valenciasjb.salesianos.edu\/colegio\/un-claustro-de-fin-de-curso-en-el-teatro-marcado-por-los-homenajes-y-los-agradecimientos\/#primaryimage"},"thumbnailUrl":"https:\/\/valenciasjb.salesianos.edu\/colegio\/wp-content\/uploads\/sites\/2\/2021\/07\/IMG_20210701_091306.jpg","articleSection":["Noticia Colegio"],"inLanguage":"es"},{"@type":"WebPage","@id":"https:\/\/valenciasjb.salesianos.edu\/colegio\/un-claustro-de-fin-de-curso-en-el-teatro-marcado-por-los-homenajes-y-los-agradecimientos\/","url":"https:\/\/valenciasjb.salesianos.edu\/colegio\/un-claustro-de-fin-de-curso-en-el-teatro-marcado-por-los-homenajes-y-los-agradecimientos\/","name":"Un claustro de fin de curso en el teatro marcado por los homenajes y los agradecimientos - Colegio San Juan Bosco Valencia","isPartOf":{"@id":"https:\/\/valenciasjb.salesianos.edu\/colegio\/#website"},"primaryImageOfPage":{"@id":"https:\/\/valenciasjb.salesianos.edu\/colegio\/un-claustro-de-fin-de-curso-en-el-teatro-marcado-por-los-homenajes-y-los-agradecimientos\/#primaryimage"},"image":{"@id":"https:\/\/valenciasjb.salesianos.edu\/colegio\/un-claustro-de-fin-de-curso-en-el-teatro-marcado-por-los-homenajes-y-los-agradecimientos\/#primaryimage"},"thumbnailUrl":"https:\/\/valenciasjb.salesianos.edu\/colegio\/wp-content\/uploads\/sites\/2\/2021\/07\/IMG_20210701_091306.jpg","datePublished":"2021-07-01T16:52:35+00:00","dateModified":"2021-07-01T16:52:39+00:00","author":{"@id":"https:\/\/valenciasjb.salesianos.edu\/colegio\/#\/schema\/person\/1f45b67e52b27da175190a574db6bed9"},"breadcrumb":{"@id":"https:\/\/valenciasjb.salesianos.edu\/colegio\/un-claustro-de-fin-de-curso-en-el-teatro-marcado-por-los-homenajes-y-los-agradecimientos\/#breadcrumb"},"inLanguage":"es","potentialAction":[{"@type":"ReadAction","target":["https:\/\/valenciasjb.salesianos.edu\/colegio\/un-claustro-de-fin-de-curso-en-el-teatro-marcado-por-los-homenajes-y-los-agradecimientos\/"]}]},{"@type":"ImageObject","inLanguage":"es","@id":"https:\/\/valenciasjb.salesianos.edu\/colegio\/un-claustro-de-fin-de-curso-en-el-teatro-marcado-por-los-homenajes-y-los-agradecimientos\/#primaryimage","url":"https:\/\/valenciasjb.salesianos.edu\/colegio\/wp-content\/uploads\/sites\/2\/2021\/07\/IMG_20210701_091306.jpg","contentUrl":"https:\/\/valenciasjb.salesianos.edu\/colegio\/wp-content\/uploads\/sites\/2\/2021\/07\/IMG_20210701_091306.jpg","width":2000,"height":1496},{"@type":"BreadcrumbList","@id":"https:\/\/valenciasjb.salesianos.edu\/colegio\/un-claustro-de-fin-de-curso-en-el-teatro-marcado-por-los-homenajes-y-los-agradecimientos\/#breadcrumb","itemListElement":[{"@type":"ListItem","position":1,"name":"Portada","item":"https:\/\/valenciasjb.salesianos.edu\/colegio\/"},{"@type":"ListItem","position":2,"name":"Un claustro de fin de curso en el teatro marcado por los homenajes y los agradecimientos"}]},{"@type":"WebSite","@id":"https:\/\/valenciasjb.salesianos.edu\/colegio\/#website","url":"https:\/\/valenciasjb.salesianos.edu\/colegio\/","name":"Colegio San Juan Bosco Valencia","description":"P\u00e1gina oficial del Colegio Salesianos San Juan Bosco Valencia","alternateName":"Salesianos.VSJB","potentialAction":[{"@type":"SearchAction","target":{"@type":"EntryPoint","urlTemplate":"https:\/\/valenciasjb.salesianos.edu\/colegio\/?s={search_term_string}"},"query-input":{"@type":"PropertyValueSpecification","valueRequired":true,"valueName":"search_term_string"}}],"inLanguage":"es"},{"@type":"Person","@id":"https:\/\/valenciasjb.salesianos.edu\/colegio\/#\/schema\/person\/1f45b67e52b27da175190a574db6bed9","name":"veronicapastor","image":{"@type":"ImageObject","inLanguage":"es","@id":"https:\/\/secure.gravatar.com\/avatar\/e29bd40bace3fd935e1d6fdb7313ffc14628cc037c5e16f4c7369b20a2a6f7f0?s=96&d=mm&r=g","url":"https:\/\/secure.gravatar.com\/avatar\/e29bd40bace3fd935e1d6fdb7313ffc14628cc037c5e16f4c7369b20a2a6f7f0?s=96&d=mm&r=g","contentUrl":"https:\/\/secure.gravatar.com\/avatar\/e29bd40bace3fd935e1d6fdb7313ffc14628cc037c5e16f4c7369b20a2a6f7f0?s=96&d=mm&r=g","caption":"veronicapastor"}}]}},"_links":{"self":[{"href":"https:\/\/valenciasjb.salesianos.edu\/colegio\/wp-json\/wp\/v2\/posts\/15921","targetHints":{"allow":["GET"]}}],"collection":[{"href":"https:\/\/valenciasjb.salesianos.edu\/colegio\/wp-json\/wp\/v2\/posts"}],"about":[{"href":"https:\/\/valenciasjb.salesianos.edu\/colegio\/wp-json\/wp\/v2\/types\/post"}],"author":[{"embeddable":true,"href":"https:\/\/valenciasjb.salesianos.edu\/colegio\/wp-json\/wp\/v2\/users\/6"}],"replies":[{"embeddable":true,"href":"https:\/\/valenciasjb.salesianos.edu\/colegio\/wp-json\/wp\/v2\/comments?post=15921"}],"version-history":[{"count":5,"href":"https:\/\/valenciasjb.salesianos.edu\/colegio\/wp-json\/wp\/v2\/posts\/15921\/revisions"}],"predecessor-version":[{"id":16852,"href":"https:\/\/valenciasjb.salesianos.edu\/colegio\/wp-json\/wp\/v2\/posts\/15921\/revisions\/16852"}],"wp:featuredmedia":[{"embeddable":true,"href":"https:\/\/valenciasjb.salesianos.edu\/colegio\/wp-json\/wp\/v2\/media\/15928"}],"wp:attachment":[{"href":"https:\/\/valenciasjb.salesianos.edu\/colegio\/wp-json\/wp\/v2\/media?parent=15921"}],"wp:term":[{"taxonomy":"category","embeddable":true,"href":"https:\/\/valenciasjb.salesianos.edu\/colegio\/wp-json\/wp\/v2\/categories?post=15921"},{"taxonomy":"post_tag","embeddable":true,"href":"https:\/\/valenciasjb.salesianos.edu\/colegio\/wp-json\/wp\/v2\/tags?post=15921"}],"curies":[{"name":"wp","href":"https:\/\/api.w.org\/{rel}","templated":true}]}}