{"id":16038,"date":"2021-09-01T18:56:22","date_gmt":"2021-09-01T17:56:22","guid":{"rendered":"https:\/\/valenciasjb.salesianos.edu\/colegio\/?p=16038"},"modified":"2021-09-01T19:01:54","modified_gmt":"2021-09-01T18:01:54","slug":"un-nuevo-curso-comienza-bajo-el-lema-nos-mueve-la-esperanza","status":"publish","type":"post","link":"https:\/\/valenciasjb.salesianos.edu\/colegio\/un-nuevo-curso-comienza-bajo-el-lema-nos-mueve-la-esperanza\/","title":{"rendered":"Un nuevo curso comienza bajo el lema: \u00abNos mueve la Esperanza\u00bb"},"content":{"rendered":"<div id=\"fb-root\"><\/div>\n<p>[et_pb_section fb_built=\u00bb1&#8243; admin_label=\u00bbsection\u00bb _builder_version=\u00bb3.22&#8243; global_colors_info=\u00bb{}\u00bb][et_pb_row admin_label=\u00bbrow\u00bb _builder_version=\u00bb3.25&#8243; background_size=\u00bbinitial\u00bb background_position=\u00bbtop_left\u00bb background_repeat=\u00bbrepeat\u00bb global_colors_info=\u00bb{}\u00bb][et_pb_column type=\u00bb4_4&#8243; _builder_version=\u00bb3.25&#8243; custom_padding=\u00bb|||\u00bb global_colors_info=\u00bb{}\u00bb custom_padding__hover=\u00bb|||\u00bb][et_pb_text admin_label=\u00bbEntradilla (Texto)\u00bb _builder_version=\u00bb4.10.5&#8243; text_font=\u00bb|on|||\u00bb text_orientation=\u00bbjustified\u00bb module_alignment=\u00bbjustified\u00bb global_colors_info=\u00bb{}\u00bb]<\/p>\n<div id=\"resumen\"><strong>\u00a0<\/strong><\/div>\n<div>Esta semana han comenzado las reuniones para preparar el nuevo curso 2021-2022. Despu\u00e9s de un verano todav\u00eda afectado por la pandemia, el colegio ha retomado el trabajo con esfuerzo e ilusi\u00f3n, siempre teniendo presente el objetivo de seguir cuidando a las personas a trav\u00e9s de la educaci\u00f3n y de seguir protegiendo la salud f\u00edsica, mental y espiritual, al estilo salesiano. Para ello, se ha realizado una planificaci\u00f3n del curso en los \u00e1mbitos: organizativo, sanitario, acad\u00e9mico y pastoral.<\/div>\n<p>[\/et_pb_text][et_pb_text admin_label=\u00bbAutor (Texto)\u00bb _builder_version=\u00bb4.10.5&#8243; text_font=\u00bb||on||\u00bb global_colors_info=\u00bb{}\u00bb]<\/p>\n<p>Redacci\u00f3n.<\/p>\n<p>[\/et_pb_text][et_pb_text admin_label=\u00bbDesarrollo (Texto)\u00bb _builder_version=\u00bb4.10.5&#8243; text_orientation=\u00bbjustified\u00bb module_alignment=\u00bbjustified\u00bb global_colors_info=\u00bb{}\u00bb]<\/p>\n<p>El mi\u00e9rcoles 1 de septiembre ha tenido lugar el claustro general de inicio de curso, al que han asistido miembros del personal docente y PAS. Juan Peris, director del colegio, ha dado la bienvenida a los presentes y ha tratado algunos datos colegiales, protocolo COVID, nuevos hitos, entre otras cuestiones. Nando Navarro, director de la casa ha animado a la participaci\u00f3n en las nuevas actividades que se est\u00e1n organizando en las que participar\u00e1n todos los ambientes de la obra y ha presentado de manera oficial al nuevo administrador, Rub\u00e9n Mart\u00edn, que ha dedicado unas palabras al claustro. El equipo de pastoral ha desvelado el nuevo lema y los principales objetivos que se ir\u00e1n trabajando a lo largo del curso. Al finalizar, el claustro ha compartido una celebraci\u00f3n conjunta para ponerse en manos del Se\u00f1or en este nuevo curso con una mirada esperanzada.<\/p>\n<p>El objetivo general de la casa salesiana contin\u00faa siendo el de RECORDAR quienes somos, para ser misi\u00f3n compartida para los j\u00f3venes de hoy y con ellos en nuestro barrio; todo ello bajo el nuevo lema: \u00abNos mueve la Esperanza\u00bb. Ante una realidad que nos interpela y que no podemos ignorar, este curso tiene como objetivo educar bajo el dinamismo de la esperanza afianzando nuestra identidad cristiana y salesiana y trabajando por la excelencia inclusiva, para sentirnos parte de una misma comunidad educativo-pastoral y favorecer espacios donde toda la comunidad educativa sea cuidada y pueda crecer en la fe. El equipo de pastoral ofrecer\u00e1 a lo largo del curso varias iniciativas, actividades y encuentros donde toda la comunidad podr\u00e1 participar y, as\u00ed, seguir trabajando para cuidar nuestra identidad.<\/p>\n<p>Estos d\u00edas continuar\u00e1n las diferentes reuniones para poner a punto el nuevo curso: coordinaciones en las etapas, organizaci\u00f3n de extraescolares y comedor, preparaci\u00f3n de lotes tanto en el banco de libros como en la sala 80, acondicionamiento de espacios, labores de limpieza, trabajo en el plan de contingencia para las nuevas medidas de prevenci\u00f3n contra el COVID-19, entre muchas otras. \u00a1Nos mueve la esperanza! \u00a1Feliz curso 2021-2022!<\/p>\n<p>[\/et_pb_text][et_pb_text disabled_on=\u00bboff|on|on\u00bb admin_label=\u00bbT\u00edtulo: Galer\u00eda de fotos (Texto)\u00bb _builder_version=\u00bb3.27.4&#8243; text_font=\u00bb|on|||\u00bb text_text_color=\u00bb#dc001b\u00bb border_style=\u00bbsolid\u00bb global_colors_info=\u00bb{}\u00bb]Galer\u00eda de im\u00e1genes[\/et_pb_text][et_pb_gallery gallery_ids=\u00bb16053,16060,16059,16058,16057,16056,16055,16052&#8243; posts_number=\u00bb8&#8243; show_title_and_caption=\u00bboff\u00bb zoom_icon_color=\u00bb#dc001b\u00bb hover_icon=\u00bb%%51%%\u00bb disabled_on=\u00bboff|off|off\u00bb _builder_version=\u00bb4.10.5&#8243; hover_enabled=\u00bb0&#8243; pagination_font_size_tablet=\u00bb51&#8243; pagination_line_height_tablet=\u00bb2&#8243; global_colors_info=\u00bb{}\u00bb sticky_enabled=\u00bb0&#8243;][\/et_pb_gallery][et_pb_video disabled_on=\u00bbon|on|on\u00bb _builder_version=\u00bb3.0.51&#8243; disabled=\u00bbon\u00bb global_colors_info=\u00bb{}\u00bb][\/et_pb_video][\/et_pb_column][\/et_pb_row][\/et_pb_section]<\/p>\n<!-- AddThis Advanced Settings generic via filter on the_content --><!-- AddThis Share Buttons generic via filter on the_content -->","protected":false},"excerpt":{"rendered":"<p>\u00a0 Esta semana han comenzado las reuniones para preparar el nuevo curso 2021-2022. Despu\u00e9s de un verano todav\u00eda afectado por la pandemia, el colegio ha retomado el trabajo con esfuerzo e ilusi\u00f3n, siempre teniendo presente el objetivo de seguir cuidando a las personas a trav\u00e9s de la educaci\u00f3n y de seguir protegiendo la salud f\u00edsica, [&hellip;]<\/p>\n<p><!-- AddThis Advanced Settings generic via filter on get_the_excerpt --><!-- AddThis Share Buttons generic via filter on get_the_excerpt --><\/p>\n","protected":false},"author":6,"featured_media":16059,"comment_status":"closed","ping_status":"open","sticky":false,"template":"","format":"standard","meta":{"_et_pb_use_builder":"on","_et_pb_old_content":"","_et_gb_content_width":"","footnotes":""},"categories":[14],"tags":[],"class_list":["post-16038","post","type-post","status-publish","format-standard","has-post-thumbnail","hentry","category-noticia_colegio"],"yoast_head":"<!-- This site is optimized with the Yoast SEO plugin v28.4 - https:\/\/yoast.com\/product\/yoast-seo-wordpress\/ -->\n<title>Un nuevo curso comienza bajo el lema: \u00abNos mueve la Esperanza\u00bb - Colegio San Juan Bosco Valencia<\/title>\n<meta name=\"robots\" content=\"index, follow, max-snippet:-1, max-image-preview:large, max-video-preview:-1\" \/>\n<link rel=\"canonical\" href=\"https:\/\/valenciasjb.salesianos.edu\/colegio\/un-nuevo-curso-comienza-bajo-el-lema-nos-mueve-la-esperanza\/\" \/>\n<meta property=\"og:locale\" content=\"es_ES\" \/>\n<meta property=\"og:type\" content=\"article\" \/>\n<meta property=\"og:title\" content=\"Un nuevo curso comienza bajo el lema: \u00abNos mueve la Esperanza\u00bb - Colegio San Juan Bosco Valencia\" \/>\n<meta property=\"og:description\" content=\"\u00a0 Esta semana han comenzado las reuniones para preparar el nuevo curso 2021-2022. Despu\u00e9s de un verano todav\u00eda afectado por la pandemia, el colegio ha retomado el trabajo con esfuerzo e ilusi\u00f3n, siempre teniendo presente el objetivo de seguir cuidando a las personas a trav\u00e9s de la educaci\u00f3n y de seguir protegiendo la salud f\u00edsica, [&hellip;]\" \/>\n<meta property=\"og:url\" content=\"https:\/\/valenciasjb.salesianos.edu\/colegio\/un-nuevo-curso-comienza-bajo-el-lema-nos-mueve-la-esperanza\/\" \/>\n<meta property=\"og:site_name\" content=\"Colegio San Juan Bosco Valencia\" \/>\n<meta property=\"article:publisher\" content=\"https:\/\/www.facebook.com\/ColegioSalesianoSanJuanBoscoValencia\" \/>\n<meta property=\"article:published_time\" content=\"2021-09-01T17:56:22+00:00\" \/>\n<meta property=\"article:modified_time\" content=\"2021-09-01T18:01:54+00:00\" \/>\n<meta property=\"og:image\" content=\"https:\/\/valenciasjb.salesianos.edu\/colegio\/wp-content\/uploads\/sites\/2\/2021\/09\/IMG-20210901-WA0020.jpg\" \/>\n\t<meta property=\"og:image:width\" content=\"2048\" \/>\n\t<meta property=\"og:image:height\" content=\"1536\" \/>\n\t<meta property=\"og:image:type\" content=\"image\/jpeg\" \/>\n<meta name=\"author\" content=\"veronicapastor\" \/>\n<meta name=\"twitter:card\" content=\"summary_large_image\" \/>\n<meta name=\"twitter:creator\" content=\"@SalesianosVSJB\" \/>\n<meta name=\"twitter:site\" content=\"@SalesianosVSJB\" \/>\n<meta name=\"twitter:label1\" content=\"Escrito por\" \/>\n\t<meta name=\"twitter:data1\" content=\"veronicapastor\" \/>\n\t<meta name=\"twitter:label2\" content=\"Tiempo de lectura\" \/>\n\t<meta name=\"twitter:data2\" content=\"3 minutos\" \/>\n<script type=\"application\/ld+json\" class=\"yoast-schema-graph\">{\"@context\":\"https:\\\/\\\/schema.org\",\"@graph\":[{\"@type\":\"Article\",\"@id\":\"https:\\\/\\\/valenciasjb.salesianos.edu\\\/colegio\\\/un-nuevo-curso-comienza-bajo-el-lema-nos-mueve-la-esperanza\\\/#article\",\"isPartOf\":{\"@id\":\"https:\\\/\\\/valenciasjb.salesianos.edu\\\/colegio\\\/un-nuevo-curso-comienza-bajo-el-lema-nos-mueve-la-esperanza\\\/\"},\"author\":{\"name\":\"veronicapastor\",\"@id\":\"https:\\\/\\\/valenciasjb.salesianos.edu\\\/colegio\\\/#\\\/schema\\\/person\\\/1f45b67e52b27da175190a574db6bed9\"},\"headline\":\"Un nuevo curso comienza bajo el lema: \u00abNos mueve la Esperanza\u00bb\",\"datePublished\":\"2021-09-01T17:56:22+00:00\",\"dateModified\":\"2021-09-01T18:01:54+00:00\",\"mainEntityOfPage\":{\"@id\":\"https:\\\/\\\/valenciasjb.salesianos.edu\\\/colegio\\\/un-nuevo-curso-comienza-bajo-el-lema-nos-mueve-la-esperanza\\\/\"},\"wordCount\":672,\"image\":{\"@id\":\"https:\\\/\\\/valenciasjb.salesianos.edu\\\/colegio\\\/un-nuevo-curso-comienza-bajo-el-lema-nos-mueve-la-esperanza\\\/#primaryimage\"},\"thumbnailUrl\":\"https:\\\/\\\/valenciasjb.salesianos.edu\\\/colegio\\\/wp-content\\\/uploads\\\/sites\\\/2\\\/2021\\\/09\\\/IMG-20210901-WA0020.jpg\",\"articleSection\":[\"Noticia Colegio\"],\"inLanguage\":\"es\"},{\"@type\":\"WebPage\",\"@id\":\"https:\\\/\\\/valenciasjb.salesianos.edu\\\/colegio\\\/un-nuevo-curso-comienza-bajo-el-lema-nos-mueve-la-esperanza\\\/\",\"url\":\"https:\\\/\\\/valenciasjb.salesianos.edu\\\/colegio\\\/un-nuevo-curso-comienza-bajo-el-lema-nos-mueve-la-esperanza\\\/\",\"name\":\"Un nuevo curso comienza bajo el lema: \u00abNos mueve la Esperanza\u00bb - Colegio San Juan Bosco Valencia\",\"isPartOf\":{\"@id\":\"https:\\\/\\\/valenciasjb.salesianos.edu\\\/colegio\\\/#website\"},\"primaryImageOfPage\":{\"@id\":\"https:\\\/\\\/valenciasjb.salesianos.edu\\\/colegio\\\/un-nuevo-curso-comienza-bajo-el-lema-nos-mueve-la-esperanza\\\/#primaryimage\"},\"image\":{\"@id\":\"https:\\\/\\\/valenciasjb.salesianos.edu\\\/colegio\\\/un-nuevo-curso-comienza-bajo-el-lema-nos-mueve-la-esperanza\\\/#primaryimage\"},\"thumbnailUrl\":\"https:\\\/\\\/valenciasjb.salesianos.edu\\\/colegio\\\/wp-content\\\/uploads\\\/sites\\\/2\\\/2021\\\/09\\\/IMG-20210901-WA0020.jpg\",\"datePublished\":\"2021-09-01T17:56:22+00:00\",\"dateModified\":\"2021-09-01T18:01:54+00:00\",\"author\":{\"@id\":\"https:\\\/\\\/valenciasjb.salesianos.edu\\\/colegio\\\/#\\\/schema\\\/person\\\/1f45b67e52b27da175190a574db6bed9\"},\"breadcrumb\":{\"@id\":\"https:\\\/\\\/valenciasjb.salesianos.edu\\\/colegio\\\/un-nuevo-curso-comienza-bajo-el-lema-nos-mueve-la-esperanza\\\/#breadcrumb\"},\"inLanguage\":\"es\",\"potentialAction\":[{\"@type\":\"ReadAction\",\"target\":[\"https:\\\/\\\/valenciasjb.salesianos.edu\\\/colegio\\\/un-nuevo-curso-comienza-bajo-el-lema-nos-mueve-la-esperanza\\\/\"]}]},{\"@type\":\"ImageObject\",\"inLanguage\":\"es\",\"@id\":\"https:\\\/\\\/valenciasjb.salesianos.edu\\\/colegio\\\/un-nuevo-curso-comienza-bajo-el-lema-nos-mueve-la-esperanza\\\/#primaryimage\",\"url\":\"https:\\\/\\\/valenciasjb.salesianos.edu\\\/colegio\\\/wp-content\\\/uploads\\\/sites\\\/2\\\/2021\\\/09\\\/IMG-20210901-WA0020.jpg\",\"contentUrl\":\"https:\\\/\\\/valenciasjb.salesianos.edu\\\/colegio\\\/wp-content\\\/uploads\\\/sites\\\/2\\\/2021\\\/09\\\/IMG-20210901-WA0020.jpg\",\"width\":2048,\"height\":1536},{\"@type\":\"BreadcrumbList\",\"@id\":\"https:\\\/\\\/valenciasjb.salesianos.edu\\\/colegio\\\/un-nuevo-curso-comienza-bajo-el-lema-nos-mueve-la-esperanza\\\/#breadcrumb\",\"itemListElement\":[{\"@type\":\"ListItem\",\"position\":1,\"name\":\"Portada\",\"item\":\"https:\\\/\\\/valenciasjb.salesianos.edu\\\/colegio\\\/\"},{\"@type\":\"ListItem\",\"position\":2,\"name\":\"Un nuevo curso comienza bajo el lema: \u00abNos mueve la Esperanza\u00bb\"}]},{\"@type\":\"WebSite\",\"@id\":\"https:\\\/\\\/valenciasjb.salesianos.edu\\\/colegio\\\/#website\",\"url\":\"https:\\\/\\\/valenciasjb.salesianos.edu\\\/colegio\\\/\",\"name\":\"Colegio San Juan Bosco Valencia\",\"description\":\"P\u00e1gina oficial del Colegio Salesianos San Juan Bosco Valencia\",\"alternateName\":\"Salesianos.VSJB\",\"potentialAction\":[{\"@type\":\"SearchAction\",\"target\":{\"@type\":\"EntryPoint\",\"urlTemplate\":\"https:\\\/\\\/valenciasjb.salesianos.edu\\\/colegio\\\/?s={search_term_string}\"},\"query-input\":{\"@type\":\"PropertyValueSpecification\",\"valueRequired\":true,\"valueName\":\"search_term_string\"}}],\"inLanguage\":\"es\"},{\"@type\":\"Person\",\"@id\":\"https:\\\/\\\/valenciasjb.salesianos.edu\\\/colegio\\\/#\\\/schema\\\/person\\\/1f45b67e52b27da175190a574db6bed9\",\"name\":\"veronicapastor\",\"image\":{\"@type\":\"ImageObject\",\"inLanguage\":\"es\",\"@id\":\"https:\\\/\\\/secure.gravatar.com\\\/avatar\\\/e29bd40bace3fd935e1d6fdb7313ffc14628cc037c5e16f4c7369b20a2a6f7f0?s=96&d=mm&r=g\",\"url\":\"https:\\\/\\\/secure.gravatar.com\\\/avatar\\\/e29bd40bace3fd935e1d6fdb7313ffc14628cc037c5e16f4c7369b20a2a6f7f0?s=96&d=mm&r=g\",\"contentUrl\":\"https:\\\/\\\/secure.gravatar.com\\\/avatar\\\/e29bd40bace3fd935e1d6fdb7313ffc14628cc037c5e16f4c7369b20a2a6f7f0?s=96&d=mm&r=g\",\"caption\":\"veronicapastor\"}}]}<\/script>\n<!-- \/ Yoast SEO plugin. -->","yoast_head_json":{"title":"Un nuevo curso comienza bajo el lema: \u00abNos mueve la Esperanza\u00bb - Colegio San Juan Bosco Valencia","robots":{"index":"index","follow":"follow","max-snippet":"max-snippet:-1","max-image-preview":"max-image-preview:large","max-video-preview":"max-video-preview:-1"},"canonical":"https:\/\/valenciasjb.salesianos.edu\/colegio\/un-nuevo-curso-comienza-bajo-el-lema-nos-mueve-la-esperanza\/","og_locale":"es_ES","og_type":"article","og_title":"Un nuevo curso comienza bajo el lema: \u00abNos mueve la Esperanza\u00bb - Colegio San Juan Bosco Valencia","og_description":"\u00a0 Esta semana han comenzado las reuniones para preparar el nuevo curso 2021-2022. Despu\u00e9s de un verano todav\u00eda afectado por la pandemia, el colegio ha retomado el trabajo con esfuerzo e ilusi\u00f3n, siempre teniendo presente el objetivo de seguir cuidando a las personas a trav\u00e9s de la educaci\u00f3n y de seguir protegiendo la salud f\u00edsica, [&hellip;]","og_url":"https:\/\/valenciasjb.salesianos.edu\/colegio\/un-nuevo-curso-comienza-bajo-el-lema-nos-mueve-la-esperanza\/","og_site_name":"Colegio San Juan Bosco Valencia","article_publisher":"https:\/\/www.facebook.com\/ColegioSalesianoSanJuanBoscoValencia","article_published_time":"2021-09-01T17:56:22+00:00","article_modified_time":"2021-09-01T18:01:54+00:00","og_image":[{"width":2048,"height":1536,"url":"https:\/\/valenciasjb.salesianos.edu\/colegio\/wp-content\/uploads\/sites\/2\/2021\/09\/IMG-20210901-WA0020.jpg","type":"image\/jpeg"}],"author":"veronicapastor","twitter_card":"summary_large_image","twitter_creator":"@SalesianosVSJB","twitter_site":"@SalesianosVSJB","twitter_misc":{"Escrito por":"veronicapastor","Tiempo de lectura":"3 minutos"},"schema":{"@context":"https:\/\/schema.org","@graph":[{"@type":"Article","@id":"https:\/\/valenciasjb.salesianos.edu\/colegio\/un-nuevo-curso-comienza-bajo-el-lema-nos-mueve-la-esperanza\/#article","isPartOf":{"@id":"https:\/\/valenciasjb.salesianos.edu\/colegio\/un-nuevo-curso-comienza-bajo-el-lema-nos-mueve-la-esperanza\/"},"author":{"name":"veronicapastor","@id":"https:\/\/valenciasjb.salesianos.edu\/colegio\/#\/schema\/person\/1f45b67e52b27da175190a574db6bed9"},"headline":"Un nuevo curso comienza bajo el lema: \u00abNos mueve la Esperanza\u00bb","datePublished":"2021-09-01T17:56:22+00:00","dateModified":"2021-09-01T18:01:54+00:00","mainEntityOfPage":{"@id":"https:\/\/valenciasjb.salesianos.edu\/colegio\/un-nuevo-curso-comienza-bajo-el-lema-nos-mueve-la-esperanza\/"},"wordCount":672,"image":{"@id":"https:\/\/valenciasjb.salesianos.edu\/colegio\/un-nuevo-curso-comienza-bajo-el-lema-nos-mueve-la-esperanza\/#primaryimage"},"thumbnailUrl":"https:\/\/valenciasjb.salesianos.edu\/colegio\/wp-content\/uploads\/sites\/2\/2021\/09\/IMG-20210901-WA0020.jpg","articleSection":["Noticia Colegio"],"inLanguage":"es"},{"@type":"WebPage","@id":"https:\/\/valenciasjb.salesianos.edu\/colegio\/un-nuevo-curso-comienza-bajo-el-lema-nos-mueve-la-esperanza\/","url":"https:\/\/valenciasjb.salesianos.edu\/colegio\/un-nuevo-curso-comienza-bajo-el-lema-nos-mueve-la-esperanza\/","name":"Un nuevo curso comienza bajo el lema: \u00abNos mueve la Esperanza\u00bb - Colegio San Juan Bosco Valencia","isPartOf":{"@id":"https:\/\/valenciasjb.salesianos.edu\/colegio\/#website"},"primaryImageOfPage":{"@id":"https:\/\/valenciasjb.salesianos.edu\/colegio\/un-nuevo-curso-comienza-bajo-el-lema-nos-mueve-la-esperanza\/#primaryimage"},"image":{"@id":"https:\/\/valenciasjb.salesianos.edu\/colegio\/un-nuevo-curso-comienza-bajo-el-lema-nos-mueve-la-esperanza\/#primaryimage"},"thumbnailUrl":"https:\/\/valenciasjb.salesianos.edu\/colegio\/wp-content\/uploads\/sites\/2\/2021\/09\/IMG-20210901-WA0020.jpg","datePublished":"2021-09-01T17:56:22+00:00","dateModified":"2021-09-01T18:01:54+00:00","author":{"@id":"https:\/\/valenciasjb.salesianos.edu\/colegio\/#\/schema\/person\/1f45b67e52b27da175190a574db6bed9"},"breadcrumb":{"@id":"https:\/\/valenciasjb.salesianos.edu\/colegio\/un-nuevo-curso-comienza-bajo-el-lema-nos-mueve-la-esperanza\/#breadcrumb"},"inLanguage":"es","potentialAction":[{"@type":"ReadAction","target":["https:\/\/valenciasjb.salesianos.edu\/colegio\/un-nuevo-curso-comienza-bajo-el-lema-nos-mueve-la-esperanza\/"]}]},{"@type":"ImageObject","inLanguage":"es","@id":"https:\/\/valenciasjb.salesianos.edu\/colegio\/un-nuevo-curso-comienza-bajo-el-lema-nos-mueve-la-esperanza\/#primaryimage","url":"https:\/\/valenciasjb.salesianos.edu\/colegio\/wp-content\/uploads\/sites\/2\/2021\/09\/IMG-20210901-WA0020.jpg","contentUrl":"https:\/\/valenciasjb.salesianos.edu\/colegio\/wp-content\/uploads\/sites\/2\/2021\/09\/IMG-20210901-WA0020.jpg","width":2048,"height":1536},{"@type":"BreadcrumbList","@id":"https:\/\/valenciasjb.salesianos.edu\/colegio\/un-nuevo-curso-comienza-bajo-el-lema-nos-mueve-la-esperanza\/#breadcrumb","itemListElement":[{"@type":"ListItem","position":1,"name":"Portada","item":"https:\/\/valenciasjb.salesianos.edu\/colegio\/"},{"@type":"ListItem","position":2,"name":"Un nuevo curso comienza bajo el lema: \u00abNos mueve la Esperanza\u00bb"}]},{"@type":"WebSite","@id":"https:\/\/valenciasjb.salesianos.edu\/colegio\/#website","url":"https:\/\/valenciasjb.salesianos.edu\/colegio\/","name":"Colegio San Juan Bosco Valencia","description":"P\u00e1gina oficial del Colegio Salesianos San Juan Bosco Valencia","alternateName":"Salesianos.VSJB","potentialAction":[{"@type":"SearchAction","target":{"@type":"EntryPoint","urlTemplate":"https:\/\/valenciasjb.salesianos.edu\/colegio\/?s={search_term_string}"},"query-input":{"@type":"PropertyValueSpecification","valueRequired":true,"valueName":"search_term_string"}}],"inLanguage":"es"},{"@type":"Person","@id":"https:\/\/valenciasjb.salesianos.edu\/colegio\/#\/schema\/person\/1f45b67e52b27da175190a574db6bed9","name":"veronicapastor","image":{"@type":"ImageObject","inLanguage":"es","@id":"https:\/\/secure.gravatar.com\/avatar\/e29bd40bace3fd935e1d6fdb7313ffc14628cc037c5e16f4c7369b20a2a6f7f0?s=96&d=mm&r=g","url":"https:\/\/secure.gravatar.com\/avatar\/e29bd40bace3fd935e1d6fdb7313ffc14628cc037c5e16f4c7369b20a2a6f7f0?s=96&d=mm&r=g","contentUrl":"https:\/\/secure.gravatar.com\/avatar\/e29bd40bace3fd935e1d6fdb7313ffc14628cc037c5e16f4c7369b20a2a6f7f0?s=96&d=mm&r=g","caption":"veronicapastor"}}]}},"_links":{"self":[{"href":"https:\/\/valenciasjb.salesianos.edu\/colegio\/wp-json\/wp\/v2\/posts\/16038","targetHints":{"allow":["GET"]}}],"collection":[{"href":"https:\/\/valenciasjb.salesianos.edu\/colegio\/wp-json\/wp\/v2\/posts"}],"about":[{"href":"https:\/\/valenciasjb.salesianos.edu\/colegio\/wp-json\/wp\/v2\/types\/post"}],"author":[{"embeddable":true,"href":"https:\/\/valenciasjb.salesianos.edu\/colegio\/wp-json\/wp\/v2\/users\/6"}],"replies":[{"embeddable":true,"href":"https:\/\/valenciasjb.salesianos.edu\/colegio\/wp-json\/wp\/v2\/comments?post=16038"}],"version-history":[{"count":9,"href":"https:\/\/valenciasjb.salesianos.edu\/colegio\/wp-json\/wp\/v2\/posts\/16038\/revisions"}],"predecessor-version":[{"id":16069,"href":"https:\/\/valenciasjb.salesianos.edu\/colegio\/wp-json\/wp\/v2\/posts\/16038\/revisions\/16069"}],"wp:featuredmedia":[{"embeddable":true,"href":"https:\/\/valenciasjb.salesianos.edu\/colegio\/wp-json\/wp\/v2\/media\/16059"}],"wp:attachment":[{"href":"https:\/\/valenciasjb.salesianos.edu\/colegio\/wp-json\/wp\/v2\/media?parent=16038"}],"wp:term":[{"taxonomy":"category","embeddable":true,"href":"https:\/\/valenciasjb.salesianos.edu\/colegio\/wp-json\/wp\/v2\/categories?post=16038"},{"taxonomy":"post_tag","embeddable":true,"href":"https:\/\/valenciasjb.salesianos.edu\/colegio\/wp-json\/wp\/v2\/tags?post=16038"}],"curies":[{"name":"wp","href":"https:\/\/api.w.org\/{rel}","templated":true}]}}