{"id":16431,"date":"2021-11-06T12:02:36","date_gmt":"2021-11-06T11:02:36","guid":{"rendered":"https:\/\/valenciasjb.salesianos.edu\/colegio\/?p=16431"},"modified":"2021-11-06T12:02:40","modified_gmt":"2021-11-06T11:02:40","slug":"en-la-manana-de-ayer-el-colegio-tuvo-una-inspeccion-educativa-por-parte-del-inspector-joaquim-pardo","status":"publish","type":"post","link":"https:\/\/valenciasjb.salesianos.edu\/colegio\/en-la-manana-de-ayer-el-colegio-tuvo-una-inspeccion-educativa-por-parte-del-inspector-joaquim-pardo\/","title":{"rendered":"En la ma\u00f1ana de ayer el colegio tuvo una inspecci\u00f3n educativa por parte del inspector Joaquim Pardo"},"content":{"rendered":"<div id=\"fb-root\"><\/div>\n<p>[et_pb_section fb_built=\u00bb1&#8243; admin_label=\u00bbsection\u00bb _builder_version=\u00bb3.22&#8243; global_colors_info=\u00bb{}\u00bb][et_pb_row admin_label=\u00bbrow\u00bb _builder_version=\u00bb3.25&#8243; background_size=\u00bbinitial\u00bb background_position=\u00bbtop_left\u00bb background_repeat=\u00bbrepeat\u00bb global_colors_info=\u00bb{}\u00bb][et_pb_column type=\u00bb4_4&#8243; _builder_version=\u00bb3.25&#8243; custom_padding=\u00bb|||\u00bb global_colors_info=\u00bb{}\u00bb custom_padding__hover=\u00bb|||\u00bb][et_pb_text admin_label=\u00bbEntradilla (Texto)\u00bb _builder_version=\u00bb4.11.4&#8243; text_font=\u00bb|on|||\u00bb text_orientation=\u00bbjustified\u00bb module_alignment=\u00bbjustified\u00bb hover_enabled=\u00bb0&#8243; global_colors_info=\u00bb{}\u00bb sticky_enabled=\u00bb0&#8243;]<\/p>\n<div id=\"resumen\">\n<p>Durante cuatro horas y media estuvieron presentes las direcciones pedag\u00f3gicas, junto con la ayuda de secretar\u00eda y del coordinador de qualitas, as\u00ed como de las dos profesoras que representaron de manera excelente a todo el claustro de profesores.<\/p>\n<\/div>\n<p>[\/et_pb_text][et_pb_text admin_label=\u00bbAutor (Texto)\u00bb _builder_version=\u00bb3.27.4&#8243; text_font=\u00bb||on||\u00bb global_colors_info=\u00bb{}\u00bb]Redacci\u00f3n<br \/>\n[\/et_pb_text][et_pb_text admin_label=\u00bbDesarrollo (Texto)\u00bb _builder_version=\u00bb4.11.4&#8243; text_orientation=\u00bbjustified\u00bb module_alignment=\u00bbjustified\u00bb hover_enabled=\u00bb0&#8243; global_colors_info=\u00bb{}\u00bb sticky_enabled=\u00bb0&#8243;]<\/p>\n<div id=\"resumen\">\n<p>Entre otros aspectos, se ha quedado gratamente sorprendido por la uni\u00f3n y coordinaci\u00f3n interetapas. Seg\u00fan sus palabras dec\u00eda que le \u201cconsta, por lo que le llega de diferentes ambientes, que somos un gran equipo profesional\u201d.<\/p>\n<p>La inspecci\u00f3n educativa nos felicita por ser un colegio de promoci\u00f3n que, a pesar del contexto en el que estamos inmersos, obtenemos mejoras en los resultados gracias a las iniciativas y metodolog\u00edas de mejora que se implementan a\u00f1o tras a\u00f1o. Admira el ver que no nos conformamos ni resignamos ante las adversidades, innovamos hasta encontrar mejoras aunque sabe que en esta labor el resultado se obtiene a largo plazo.<\/p>\n<p>Destaca la gran labor realizada por este colegio en este tiempo de pandemia. Nos ha agradecido todo nuestro quehacer educativo durante el confinamiento, tanto acad\u00e9micamente como de acompa\u00f1amiento personal y familiar, atendiendo las necesidades b\u00e1sicas de aquellos que lo necesitaban e incluso con el pr\u00e9stamo de dispositivos y adaptaci\u00f3n de medios tecnol\u00f3gicos para favorecer la equidad.<\/p>\n<p>Ha realizado un an\u00e1lisis cualitativo y cuantitativo de los resultados acad\u00e9micos, alabando nuestras iniciativas educativas y el aprovechamiento de todos los recursos que disponemos a favor de la educaci\u00f3n inclusiva.<\/p>\n<p>Ha estado supervisando diversos proyectos y aspectos organizativos, todos ellos en torno a la evaluaci\u00f3n, entre los que ha destacado nuestro m\u00e9todo ABN de aprendizaje de matem\u00e1ticas, VALor en Valenci\u00e0, nuestro m\u00e9todo de ense\u00f1anza del ingl\u00e9s y la alta competencia ling\u00fc\u00edstica obtenida, el nuevo plan lector de ingl\u00e9s en secundaria, el PCB (al que considera un proyecto muy innovador), las encuestas metodol\u00f3gicas y las entrevistas con las direcciones para evaluar la pr\u00e1ctica docente, proyectos interetapas como la animaci\u00f3n lectora, proyectos did\u00e1cticos en infantil y primaria, proyectos interdisciplinares (como el escape room realizado antes de la pandemia en secundaria, entre muchos otros), la adecuaci\u00f3n de espacios donde mejoramos la transici\u00f3n de primaria a secundaria, la preparaci\u00f3n para las PAU, etc. En definitiva, estaba contento con nuestro proyecto de excelencia inclusiva.<\/p>\n<p>Especial hincapi\u00e9 ha realizado en la inspecci\u00f3n de nuestro sistema de evaluaci\u00f3n y los instrumentos utilizados. Ha podido comprobar c\u00f3mo hemos adaptado nuestro sistema de evaluaci\u00f3n a la normativa vigente y, revisando nuestros instrumentos de evaluaci\u00f3n, ha podido ver su car\u00e1cter competencial y formativo. Nos felicita por la atenci\u00f3n a la diversidad del alumnado y por seguir la l\u00ednea de evaluaci\u00f3n que marca la normativa, las investigaciones neurocient\u00edficas y las bases psicopedag\u00f3gicas tan en sinton\u00eda con nuestro estilo salesiano.<\/p>\n<p>El inspector nos ha felicitado en repetidas ocasiones por el enorme trabajo que se est\u00e1 realizando en favor de quienes m\u00e1s lo necesitan as\u00ed como por el proyecto y la l\u00ednea educativa que estamos llevando adelante.<\/p>\n<p>Satisfechos con los elogios y el trabajo en equipo que todos juntos realizamos, le hemos insistido en la necesidad de obtener m\u00e1s recursos para atender adecuadamente las necesidades de nuestro alumnado y la adecuaci\u00f3n de medidas para aquellos con diagn\u00f3sticos m\u00e1s complejos. Para ello, en la pr\u00f3xima visita donde supervisar\u00e1 el PAM (Programa de Actuaciones para la Mejora), apoyar\u00e1 nuestra petici\u00f3n y aprender\u00e1 m\u00e1s sobre nuestras actuaciones y necesidades.<\/p>\n<p>M\u00e1s de cuatro horas y media de inspecci\u00f3n. Ha sido profunda y exigente con un resultado sobresaliente. No se puede pedir m\u00e1s.<\/p>\n<p>El colegio quiere dar su m\u00e1s sincera enhorabuena a todos los educadores y educadoras, que con su esfuerzo y profesionalidad hacen que todo esto sea posible.<\/p>\n<p>\u00a1Nos mueve la esperanza!<\/p>\n<\/div>\n<p>[\/et_pb_text][et_pb_text disabled_on=\u00bboff|on|on\u00bb admin_label=\u00bbT\u00edtulo: Galer\u00eda de fotos (Texto)\u00bb _builder_version=\u00bb3.27.4&#8243; text_font=\u00bb|on|||\u00bb text_text_color=\u00bb#dc001b\u00bb border_style=\u00bbsolid\u00bb global_colors_info=\u00bb{}\u00bb]Galer\u00eda de im\u00e1genes<br \/>\n[\/et_pb_text][et_pb_gallery gallery_ids=\u00bb16434&#8243; posts_number=\u00bb8&#8243; show_title_and_caption=\u00bboff\u00bb zoom_icon_color=\u00bb#dc001b\u00bb hover_icon=\u00bb%%51%%\u00bb disabled_on=\u00bboff|off|off\u00bb _builder_version=\u00bb4.11.4&#8243; hover_enabled=\u00bb0&#8243; pagination_font_size_tablet=\u00bb51&#8243; pagination_line_height_tablet=\u00bb2&#8243; global_colors_info=\u00bb{}\u00bb sticky_enabled=\u00bb0&#8243;][\/et_pb_gallery][et_pb_video disabled_on=\u00bbon|on|on\u00bb _builder_version=\u00bb3.0.51&#8243; disabled=\u00bbon\u00bb global_colors_info=\u00bb{}\u00bb][\/et_pb_video][\/et_pb_column][\/et_pb_row][\/et_pb_section]<\/p>\n<!-- AddThis Advanced Settings generic via filter on the_content --><!-- AddThis Share Buttons generic via filter on the_content -->","protected":false},"excerpt":{"rendered":"<p>Durante cuatro horas y media estuvieron presentes las direcciones pedag\u00f3gicas, junto con la ayuda de secretar\u00eda y del coordinador de qualitas, as\u00ed como de las dos profesoras que representaron de manera excelente a todo el claustro de profesores. Redacci\u00f3n Entre otros aspectos, se ha quedado gratamente sorprendido por la uni\u00f3n y coordinaci\u00f3n interetapas. Seg\u00fan sus [&hellip;]<\/p>\n<p><!-- AddThis Advanced Settings generic via filter on get_the_excerpt --><!-- AddThis Share Buttons generic via filter on get_the_excerpt --><\/p>\n","protected":false},"author":6,"featured_media":16434,"comment_status":"closed","ping_status":"open","sticky":false,"template":"","format":"standard","meta":{"_et_pb_use_builder":"on","_et_pb_old_content":"","_et_gb_content_width":"","footnotes":""},"categories":[14],"tags":[],"class_list":["post-16431","post","type-post","status-publish","format-standard","has-post-thumbnail","hentry","category-noticia_colegio"],"yoast_head":"<!-- This site is optimized with the Yoast SEO plugin v28.4 - https:\/\/yoast.com\/product\/yoast-seo-wordpress\/ -->\n<title>En la ma\u00f1ana de ayer el colegio tuvo una inspecci\u00f3n educativa por parte del inspector Joaquim Pardo - Colegio San Juan Bosco Valencia<\/title>\n<meta name=\"robots\" content=\"index, follow, max-snippet:-1, max-image-preview:large, max-video-preview:-1\" \/>\n<link rel=\"canonical\" href=\"https:\/\/valenciasjb.salesianos.edu\/colegio\/en-la-manana-de-ayer-el-colegio-tuvo-una-inspeccion-educativa-por-parte-del-inspector-joaquim-pardo\/\" \/>\n<meta property=\"og:locale\" content=\"es_ES\" \/>\n<meta property=\"og:type\" content=\"article\" \/>\n<meta property=\"og:title\" content=\"En la ma\u00f1ana de ayer el colegio tuvo una inspecci\u00f3n educativa por parte del inspector Joaquim Pardo - Colegio San Juan Bosco Valencia\" \/>\n<meta property=\"og:description\" content=\"Durante cuatro horas y media estuvieron presentes las direcciones pedag\u00f3gicas, junto con la ayuda de secretar\u00eda y del coordinador de qualitas, as\u00ed como de las dos profesoras que representaron de manera excelente a todo el claustro de profesores. Redacci\u00f3n Entre otros aspectos, se ha quedado gratamente sorprendido por la uni\u00f3n y coordinaci\u00f3n interetapas. Seg\u00fan sus [&hellip;]\" \/>\n<meta property=\"og:url\" content=\"https:\/\/valenciasjb.salesianos.edu\/colegio\/en-la-manana-de-ayer-el-colegio-tuvo-una-inspeccion-educativa-por-parte-del-inspector-joaquim-pardo\/\" \/>\n<meta property=\"og:site_name\" content=\"Colegio San Juan Bosco Valencia\" \/>\n<meta property=\"article:publisher\" content=\"https:\/\/www.facebook.com\/ColegioSalesianoSanJuanBoscoValencia\" \/>\n<meta property=\"article:published_time\" content=\"2021-11-06T11:02:36+00:00\" \/>\n<meta property=\"article:modified_time\" content=\"2021-11-06T11:02:40+00:00\" \/>\n<meta property=\"og:image\" content=\"https:\/\/valenciasjb.salesianos.edu\/colegio\/wp-content\/uploads\/sites\/2\/2021\/11\/IMG-20211106-WA0000.jpg\" \/>\n\t<meta property=\"og:image:width\" content=\"2016\" \/>\n\t<meta property=\"og:image:height\" content=\"1512\" \/>\n\t<meta property=\"og:image:type\" content=\"image\/jpeg\" \/>\n<meta name=\"author\" content=\"veronicapastor\" \/>\n<meta name=\"twitter:card\" content=\"summary_large_image\" \/>\n<meta name=\"twitter:creator\" content=\"@SalesianosVSJB\" \/>\n<meta name=\"twitter:site\" content=\"@SalesianosVSJB\" \/>\n<meta name=\"twitter:label1\" content=\"Escrito por\" \/>\n\t<meta name=\"twitter:data1\" content=\"veronicapastor\" \/>\n\t<meta name=\"twitter:label2\" content=\"Tiempo de lectura\" \/>\n\t<meta name=\"twitter:data2\" content=\"4 minutos\" \/>\n<script type=\"application\/ld+json\" class=\"yoast-schema-graph\">{\"@context\":\"https:\\\/\\\/schema.org\",\"@graph\":[{\"@type\":\"Article\",\"@id\":\"https:\\\/\\\/valenciasjb.salesianos.edu\\\/colegio\\\/en-la-manana-de-ayer-el-colegio-tuvo-una-inspeccion-educativa-por-parte-del-inspector-joaquim-pardo\\\/#article\",\"isPartOf\":{\"@id\":\"https:\\\/\\\/valenciasjb.salesianos.edu\\\/colegio\\\/en-la-manana-de-ayer-el-colegio-tuvo-una-inspeccion-educativa-por-parte-del-inspector-joaquim-pardo\\\/\"},\"author\":{\"name\":\"veronicapastor\",\"@id\":\"https:\\\/\\\/valenciasjb.salesianos.edu\\\/colegio\\\/#\\\/schema\\\/person\\\/1f45b67e52b27da175190a574db6bed9\"},\"headline\":\"En la ma\u00f1ana de ayer el colegio tuvo una inspecci\u00f3n educativa por parte del inspector Joaquim Pardo\",\"datePublished\":\"2021-11-06T11:02:36+00:00\",\"dateModified\":\"2021-11-06T11:02:40+00:00\",\"mainEntityOfPage\":{\"@id\":\"https:\\\/\\\/valenciasjb.salesianos.edu\\\/colegio\\\/en-la-manana-de-ayer-el-colegio-tuvo-una-inspeccion-educativa-por-parte-del-inspector-joaquim-pardo\\\/\"},\"wordCount\":905,\"image\":{\"@id\":\"https:\\\/\\\/valenciasjb.salesianos.edu\\\/colegio\\\/en-la-manana-de-ayer-el-colegio-tuvo-una-inspeccion-educativa-por-parte-del-inspector-joaquim-pardo\\\/#primaryimage\"},\"thumbnailUrl\":\"https:\\\/\\\/valenciasjb.salesianos.edu\\\/colegio\\\/wp-content\\\/uploads\\\/sites\\\/2\\\/2021\\\/11\\\/IMG-20211106-WA0000.jpg\",\"articleSection\":[\"Noticia Colegio\"],\"inLanguage\":\"es\"},{\"@type\":\"WebPage\",\"@id\":\"https:\\\/\\\/valenciasjb.salesianos.edu\\\/colegio\\\/en-la-manana-de-ayer-el-colegio-tuvo-una-inspeccion-educativa-por-parte-del-inspector-joaquim-pardo\\\/\",\"url\":\"https:\\\/\\\/valenciasjb.salesianos.edu\\\/colegio\\\/en-la-manana-de-ayer-el-colegio-tuvo-una-inspeccion-educativa-por-parte-del-inspector-joaquim-pardo\\\/\",\"name\":\"En la ma\u00f1ana de ayer el colegio tuvo una inspecci\u00f3n educativa por parte del inspector Joaquim Pardo - Colegio San Juan Bosco Valencia\",\"isPartOf\":{\"@id\":\"https:\\\/\\\/valenciasjb.salesianos.edu\\\/colegio\\\/#website\"},\"primaryImageOfPage\":{\"@id\":\"https:\\\/\\\/valenciasjb.salesianos.edu\\\/colegio\\\/en-la-manana-de-ayer-el-colegio-tuvo-una-inspeccion-educativa-por-parte-del-inspector-joaquim-pardo\\\/#primaryimage\"},\"image\":{\"@id\":\"https:\\\/\\\/valenciasjb.salesianos.edu\\\/colegio\\\/en-la-manana-de-ayer-el-colegio-tuvo-una-inspeccion-educativa-por-parte-del-inspector-joaquim-pardo\\\/#primaryimage\"},\"thumbnailUrl\":\"https:\\\/\\\/valenciasjb.salesianos.edu\\\/colegio\\\/wp-content\\\/uploads\\\/sites\\\/2\\\/2021\\\/11\\\/IMG-20211106-WA0000.jpg\",\"datePublished\":\"2021-11-06T11:02:36+00:00\",\"dateModified\":\"2021-11-06T11:02:40+00:00\",\"author\":{\"@id\":\"https:\\\/\\\/valenciasjb.salesianos.edu\\\/colegio\\\/#\\\/schema\\\/person\\\/1f45b67e52b27da175190a574db6bed9\"},\"breadcrumb\":{\"@id\":\"https:\\\/\\\/valenciasjb.salesianos.edu\\\/colegio\\\/en-la-manana-de-ayer-el-colegio-tuvo-una-inspeccion-educativa-por-parte-del-inspector-joaquim-pardo\\\/#breadcrumb\"},\"inLanguage\":\"es\",\"potentialAction\":[{\"@type\":\"ReadAction\",\"target\":[\"https:\\\/\\\/valenciasjb.salesianos.edu\\\/colegio\\\/en-la-manana-de-ayer-el-colegio-tuvo-una-inspeccion-educativa-por-parte-del-inspector-joaquim-pardo\\\/\"]}]},{\"@type\":\"ImageObject\",\"inLanguage\":\"es\",\"@id\":\"https:\\\/\\\/valenciasjb.salesianos.edu\\\/colegio\\\/en-la-manana-de-ayer-el-colegio-tuvo-una-inspeccion-educativa-por-parte-del-inspector-joaquim-pardo\\\/#primaryimage\",\"url\":\"https:\\\/\\\/valenciasjb.salesianos.edu\\\/colegio\\\/wp-content\\\/uploads\\\/sites\\\/2\\\/2021\\\/11\\\/IMG-20211106-WA0000.jpg\",\"contentUrl\":\"https:\\\/\\\/valenciasjb.salesianos.edu\\\/colegio\\\/wp-content\\\/uploads\\\/sites\\\/2\\\/2021\\\/11\\\/IMG-20211106-WA0000.jpg\",\"width\":2016,\"height\":1512},{\"@type\":\"BreadcrumbList\",\"@id\":\"https:\\\/\\\/valenciasjb.salesianos.edu\\\/colegio\\\/en-la-manana-de-ayer-el-colegio-tuvo-una-inspeccion-educativa-por-parte-del-inspector-joaquim-pardo\\\/#breadcrumb\",\"itemListElement\":[{\"@type\":\"ListItem\",\"position\":1,\"name\":\"Portada\",\"item\":\"https:\\\/\\\/valenciasjb.salesianos.edu\\\/colegio\\\/\"},{\"@type\":\"ListItem\",\"position\":2,\"name\":\"En la ma\u00f1ana de ayer el colegio tuvo una inspecci\u00f3n educativa por parte del inspector Joaquim Pardo\"}]},{\"@type\":\"WebSite\",\"@id\":\"https:\\\/\\\/valenciasjb.salesianos.edu\\\/colegio\\\/#website\",\"url\":\"https:\\\/\\\/valenciasjb.salesianos.edu\\\/colegio\\\/\",\"name\":\"Colegio San Juan Bosco Valencia\",\"description\":\"P\u00e1gina oficial del Colegio Salesianos San Juan Bosco Valencia\",\"alternateName\":\"Salesianos.VSJB\",\"potentialAction\":[{\"@type\":\"SearchAction\",\"target\":{\"@type\":\"EntryPoint\",\"urlTemplate\":\"https:\\\/\\\/valenciasjb.salesianos.edu\\\/colegio\\\/?s={search_term_string}\"},\"query-input\":{\"@type\":\"PropertyValueSpecification\",\"valueRequired\":true,\"valueName\":\"search_term_string\"}}],\"inLanguage\":\"es\"},{\"@type\":\"Person\",\"@id\":\"https:\\\/\\\/valenciasjb.salesianos.edu\\\/colegio\\\/#\\\/schema\\\/person\\\/1f45b67e52b27da175190a574db6bed9\",\"name\":\"veronicapastor\",\"image\":{\"@type\":\"ImageObject\",\"inLanguage\":\"es\",\"@id\":\"https:\\\/\\\/secure.gravatar.com\\\/avatar\\\/e29bd40bace3fd935e1d6fdb7313ffc14628cc037c5e16f4c7369b20a2a6f7f0?s=96&d=mm&r=g\",\"url\":\"https:\\\/\\\/secure.gravatar.com\\\/avatar\\\/e29bd40bace3fd935e1d6fdb7313ffc14628cc037c5e16f4c7369b20a2a6f7f0?s=96&d=mm&r=g\",\"contentUrl\":\"https:\\\/\\\/secure.gravatar.com\\\/avatar\\\/e29bd40bace3fd935e1d6fdb7313ffc14628cc037c5e16f4c7369b20a2a6f7f0?s=96&d=mm&r=g\",\"caption\":\"veronicapastor\"}}]}<\/script>\n<!-- \/ Yoast SEO plugin. -->","yoast_head_json":{"title":"En la ma\u00f1ana de ayer el colegio tuvo una inspecci\u00f3n educativa por parte del inspector Joaquim Pardo - Colegio San Juan Bosco Valencia","robots":{"index":"index","follow":"follow","max-snippet":"max-snippet:-1","max-image-preview":"max-image-preview:large","max-video-preview":"max-video-preview:-1"},"canonical":"https:\/\/valenciasjb.salesianos.edu\/colegio\/en-la-manana-de-ayer-el-colegio-tuvo-una-inspeccion-educativa-por-parte-del-inspector-joaquim-pardo\/","og_locale":"es_ES","og_type":"article","og_title":"En la ma\u00f1ana de ayer el colegio tuvo una inspecci\u00f3n educativa por parte del inspector Joaquim Pardo - Colegio San Juan Bosco Valencia","og_description":"Durante cuatro horas y media estuvieron presentes las direcciones pedag\u00f3gicas, junto con la ayuda de secretar\u00eda y del coordinador de qualitas, as\u00ed como de las dos profesoras que representaron de manera excelente a todo el claustro de profesores. Redacci\u00f3n Entre otros aspectos, se ha quedado gratamente sorprendido por la uni\u00f3n y coordinaci\u00f3n interetapas. Seg\u00fan sus [&hellip;]","og_url":"https:\/\/valenciasjb.salesianos.edu\/colegio\/en-la-manana-de-ayer-el-colegio-tuvo-una-inspeccion-educativa-por-parte-del-inspector-joaquim-pardo\/","og_site_name":"Colegio San Juan Bosco Valencia","article_publisher":"https:\/\/www.facebook.com\/ColegioSalesianoSanJuanBoscoValencia","article_published_time":"2021-11-06T11:02:36+00:00","article_modified_time":"2021-11-06T11:02:40+00:00","og_image":[{"width":2016,"height":1512,"url":"https:\/\/valenciasjb.salesianos.edu\/colegio\/wp-content\/uploads\/sites\/2\/2021\/11\/IMG-20211106-WA0000.jpg","type":"image\/jpeg"}],"author":"veronicapastor","twitter_card":"summary_large_image","twitter_creator":"@SalesianosVSJB","twitter_site":"@SalesianosVSJB","twitter_misc":{"Escrito por":"veronicapastor","Tiempo de lectura":"4 minutos"},"schema":{"@context":"https:\/\/schema.org","@graph":[{"@type":"Article","@id":"https:\/\/valenciasjb.salesianos.edu\/colegio\/en-la-manana-de-ayer-el-colegio-tuvo-una-inspeccion-educativa-por-parte-del-inspector-joaquim-pardo\/#article","isPartOf":{"@id":"https:\/\/valenciasjb.salesianos.edu\/colegio\/en-la-manana-de-ayer-el-colegio-tuvo-una-inspeccion-educativa-por-parte-del-inspector-joaquim-pardo\/"},"author":{"name":"veronicapastor","@id":"https:\/\/valenciasjb.salesianos.edu\/colegio\/#\/schema\/person\/1f45b67e52b27da175190a574db6bed9"},"headline":"En la ma\u00f1ana de ayer el colegio tuvo una inspecci\u00f3n educativa por parte del inspector Joaquim Pardo","datePublished":"2021-11-06T11:02:36+00:00","dateModified":"2021-11-06T11:02:40+00:00","mainEntityOfPage":{"@id":"https:\/\/valenciasjb.salesianos.edu\/colegio\/en-la-manana-de-ayer-el-colegio-tuvo-una-inspeccion-educativa-por-parte-del-inspector-joaquim-pardo\/"},"wordCount":905,"image":{"@id":"https:\/\/valenciasjb.salesianos.edu\/colegio\/en-la-manana-de-ayer-el-colegio-tuvo-una-inspeccion-educativa-por-parte-del-inspector-joaquim-pardo\/#primaryimage"},"thumbnailUrl":"https:\/\/valenciasjb.salesianos.edu\/colegio\/wp-content\/uploads\/sites\/2\/2021\/11\/IMG-20211106-WA0000.jpg","articleSection":["Noticia Colegio"],"inLanguage":"es"},{"@type":"WebPage","@id":"https:\/\/valenciasjb.salesianos.edu\/colegio\/en-la-manana-de-ayer-el-colegio-tuvo-una-inspeccion-educativa-por-parte-del-inspector-joaquim-pardo\/","url":"https:\/\/valenciasjb.salesianos.edu\/colegio\/en-la-manana-de-ayer-el-colegio-tuvo-una-inspeccion-educativa-por-parte-del-inspector-joaquim-pardo\/","name":"En la ma\u00f1ana de ayer el colegio tuvo una inspecci\u00f3n educativa por parte del inspector Joaquim Pardo - Colegio San Juan Bosco Valencia","isPartOf":{"@id":"https:\/\/valenciasjb.salesianos.edu\/colegio\/#website"},"primaryImageOfPage":{"@id":"https:\/\/valenciasjb.salesianos.edu\/colegio\/en-la-manana-de-ayer-el-colegio-tuvo-una-inspeccion-educativa-por-parte-del-inspector-joaquim-pardo\/#primaryimage"},"image":{"@id":"https:\/\/valenciasjb.salesianos.edu\/colegio\/en-la-manana-de-ayer-el-colegio-tuvo-una-inspeccion-educativa-por-parte-del-inspector-joaquim-pardo\/#primaryimage"},"thumbnailUrl":"https:\/\/valenciasjb.salesianos.edu\/colegio\/wp-content\/uploads\/sites\/2\/2021\/11\/IMG-20211106-WA0000.jpg","datePublished":"2021-11-06T11:02:36+00:00","dateModified":"2021-11-06T11:02:40+00:00","author":{"@id":"https:\/\/valenciasjb.salesianos.edu\/colegio\/#\/schema\/person\/1f45b67e52b27da175190a574db6bed9"},"breadcrumb":{"@id":"https:\/\/valenciasjb.salesianos.edu\/colegio\/en-la-manana-de-ayer-el-colegio-tuvo-una-inspeccion-educativa-por-parte-del-inspector-joaquim-pardo\/#breadcrumb"},"inLanguage":"es","potentialAction":[{"@type":"ReadAction","target":["https:\/\/valenciasjb.salesianos.edu\/colegio\/en-la-manana-de-ayer-el-colegio-tuvo-una-inspeccion-educativa-por-parte-del-inspector-joaquim-pardo\/"]}]},{"@type":"ImageObject","inLanguage":"es","@id":"https:\/\/valenciasjb.salesianos.edu\/colegio\/en-la-manana-de-ayer-el-colegio-tuvo-una-inspeccion-educativa-por-parte-del-inspector-joaquim-pardo\/#primaryimage","url":"https:\/\/valenciasjb.salesianos.edu\/colegio\/wp-content\/uploads\/sites\/2\/2021\/11\/IMG-20211106-WA0000.jpg","contentUrl":"https:\/\/valenciasjb.salesianos.edu\/colegio\/wp-content\/uploads\/sites\/2\/2021\/11\/IMG-20211106-WA0000.jpg","width":2016,"height":1512},{"@type":"BreadcrumbList","@id":"https:\/\/valenciasjb.salesianos.edu\/colegio\/en-la-manana-de-ayer-el-colegio-tuvo-una-inspeccion-educativa-por-parte-del-inspector-joaquim-pardo\/#breadcrumb","itemListElement":[{"@type":"ListItem","position":1,"name":"Portada","item":"https:\/\/valenciasjb.salesianos.edu\/colegio\/"},{"@type":"ListItem","position":2,"name":"En la ma\u00f1ana de ayer el colegio tuvo una inspecci\u00f3n educativa por parte del inspector Joaquim Pardo"}]},{"@type":"WebSite","@id":"https:\/\/valenciasjb.salesianos.edu\/colegio\/#website","url":"https:\/\/valenciasjb.salesianos.edu\/colegio\/","name":"Colegio San Juan Bosco Valencia","description":"P\u00e1gina oficial del Colegio Salesianos San Juan Bosco Valencia","alternateName":"Salesianos.VSJB","potentialAction":[{"@type":"SearchAction","target":{"@type":"EntryPoint","urlTemplate":"https:\/\/valenciasjb.salesianos.edu\/colegio\/?s={search_term_string}"},"query-input":{"@type":"PropertyValueSpecification","valueRequired":true,"valueName":"search_term_string"}}],"inLanguage":"es"},{"@type":"Person","@id":"https:\/\/valenciasjb.salesianos.edu\/colegio\/#\/schema\/person\/1f45b67e52b27da175190a574db6bed9","name":"veronicapastor","image":{"@type":"ImageObject","inLanguage":"es","@id":"https:\/\/secure.gravatar.com\/avatar\/e29bd40bace3fd935e1d6fdb7313ffc14628cc037c5e16f4c7369b20a2a6f7f0?s=96&d=mm&r=g","url":"https:\/\/secure.gravatar.com\/avatar\/e29bd40bace3fd935e1d6fdb7313ffc14628cc037c5e16f4c7369b20a2a6f7f0?s=96&d=mm&r=g","contentUrl":"https:\/\/secure.gravatar.com\/avatar\/e29bd40bace3fd935e1d6fdb7313ffc14628cc037c5e16f4c7369b20a2a6f7f0?s=96&d=mm&r=g","caption":"veronicapastor"}}]}},"_links":{"self":[{"href":"https:\/\/valenciasjb.salesianos.edu\/colegio\/wp-json\/wp\/v2\/posts\/16431","targetHints":{"allow":["GET"]}}],"collection":[{"href":"https:\/\/valenciasjb.salesianos.edu\/colegio\/wp-json\/wp\/v2\/posts"}],"about":[{"href":"https:\/\/valenciasjb.salesianos.edu\/colegio\/wp-json\/wp\/v2\/types\/post"}],"author":[{"embeddable":true,"href":"https:\/\/valenciasjb.salesianos.edu\/colegio\/wp-json\/wp\/v2\/users\/6"}],"replies":[{"embeddable":true,"href":"https:\/\/valenciasjb.salesianos.edu\/colegio\/wp-json\/wp\/v2\/comments?post=16431"}],"version-history":[{"count":4,"href":"https:\/\/valenciasjb.salesianos.edu\/colegio\/wp-json\/wp\/v2\/posts\/16431\/revisions"}],"predecessor-version":[{"id":16437,"href":"https:\/\/valenciasjb.salesianos.edu\/colegio\/wp-json\/wp\/v2\/posts\/16431\/revisions\/16437"}],"wp:featuredmedia":[{"embeddable":true,"href":"https:\/\/valenciasjb.salesianos.edu\/colegio\/wp-json\/wp\/v2\/media\/16434"}],"wp:attachment":[{"href":"https:\/\/valenciasjb.salesianos.edu\/colegio\/wp-json\/wp\/v2\/media?parent=16431"}],"wp:term":[{"taxonomy":"category","embeddable":true,"href":"https:\/\/valenciasjb.salesianos.edu\/colegio\/wp-json\/wp\/v2\/categories?post=16431"},{"taxonomy":"post_tag","embeddable":true,"href":"https:\/\/valenciasjb.salesianos.edu\/colegio\/wp-json\/wp\/v2\/tags?post=16431"}],"curies":[{"name":"wp","href":"https:\/\/api.w.org\/{rel}","templated":true}]}}