{"id":16464,"date":"2021-11-10T16:08:16","date_gmt":"2021-11-10T15:08:16","guid":{"rendered":"https:\/\/valenciasjb.salesianos.edu\/colegio\/?p=16464"},"modified":"2021-11-10T16:17:58","modified_gmt":"2021-11-10T15:17:58","slug":"fisat-organiza-la-formacion-sobre-prevencion-en-conductas-adictivas-abierta-a-la-comunidad-educativa-y-familias","status":"publish","type":"post","link":"https:\/\/valenciasjb.salesianos.edu\/colegio\/fisat-organiza-la-formacion-sobre-prevencion-en-conductas-adictivas-abierta-a-la-comunidad-educativa-y-familias\/","title":{"rendered":"FISAT organiza la formaci\u00f3n sobre prevenci\u00f3n en conductas adictivas abierta a la comunidad educativa y familias"},"content":{"rendered":"<div id=\"fb-root\"><\/div>\n<p>[et_pb_section fb_built=\u00bb1&#8243; admin_label=\u00bbsection\u00bb _builder_version=\u00bb3.22&#8243; global_colors_info=\u00bb{}\u00bb][et_pb_row admin_label=\u00bbrow\u00bb _builder_version=\u00bb3.25&#8243; background_size=\u00bbinitial\u00bb background_position=\u00bbtop_left\u00bb background_repeat=\u00bbrepeat\u00bb global_colors_info=\u00bb{}\u00bb][et_pb_column type=\u00bb4_4&#8243; _builder_version=\u00bb3.25&#8243; custom_padding=\u00bb|||\u00bb global_colors_info=\u00bb{}\u00bb custom_padding__hover=\u00bb|||\u00bb][et_pb_text admin_label=\u00bbEntradilla (Texto)\u00bb _builder_version=\u00bb4.13.0&#8243; text_font=\u00bb|on|||\u00bb text_orientation=\u00bbjustified\u00bb module_alignment=\u00bbjustified\u00bb global_colors_info=\u00bb{}\u00bb]<\/p>\n<div id=\"resumen\"><strong>\u00a0<\/strong><\/div>\n<div>La Fundaci\u00f3n \u00c1ngel Tom\u00e1s- FISAT celebrar\u00e1 los d\u00edas 20 y 27 de noviembre la III jornada de Voluntariado y Adicciones \u201cMirando hacia adelante. Nuevos retos en las adicciones\u201d, en colaboraci\u00f3n con la Conselleria de Igualdad y Pol\u00edticas Inclusivas, a trav\u00e9s del\u00a0 IRPF.<\/div>\n<p>[\/et_pb_text][et_pb_text admin_label=\u00bbAutor (Texto)\u00bb _builder_version=\u00bb4.13.0&#8243; text_font=\u00bb||on||\u00bb global_colors_info=\u00bb{}\u00bb]<\/p>\n<p>Redacci\u00f3n.<\/p>\n<p>[\/et_pb_text][et_pb_text admin_label=\u00bbDesarrollo (Texto)\u00bb _builder_version=\u00bb4.13.0&#8243; text_orientation=\u00bbjustified\u00bb module_alignment=\u00bbjustified\u00bb global_colors_info=\u00bb{}\u00bb]<\/p>\n<p>La jornada de este a\u00f1o estar\u00e1 centrada en la prevenci\u00f3n de las adicciones que se analizar\u00e1 desde las perspectiva de g\u00e9nero y los factores de protecci\u00f3n.<\/p>\n<p><span style=\"font-weight: 400\">En esta edici\u00f3n se vuelve a ofrecer la posibilidad de asistir de forma presencial o seguir la jornada a trav\u00e9s del canal de Youtube de FISAT. La jornada es gratuita pero es necesario inscribirse para poder asistir tanto en la modalidad online como presencial.<\/span><\/p>\n<p><span style=\"font-weight: 400\">El 20 de noviembre en Salesianos Burriana se tratar\u00e1 la prevenci\u00f3n con perspectiva de g\u00e9nero y el 27 de noviembre en Salesianos San Juan Bosco Valencia se analizar\u00e1n los factores de protecci\u00f3n de las adicciones. En esta sesi\u00f3n se contar\u00e1 con la participaci\u00f3n de <\/span><b>Sonia Humada<\/b><span style=\"font-weight: 400\">, directora de la Plataforma Social de San Juan Bosco; y <\/span><b>Mati Chisvert<\/b><span style=\"font-weight: 400\">, coordinadora del equipo de Orientaci\u00f3n de secundaria y bachillerato en el colegio salesianos San Juan Bosco.<\/span><\/p>\n<p><span style=\"font-weight: 400\">En cada una de las sesiones habr\u00e1 una ponencia marco, seguida de un testimonio de experiencia de voluntariado y una mesa redonda.<\/span><\/p>\n<p><span style=\"font-weight: 400\">La jornada \u00abMirando hacia adelante\u00bb es un espacio de sensibilizaci\u00f3n y reflexi\u00f3n en el que se propone una mirada cr\u00edtica hacia la realidad que hay detr\u00e1s del mundo de las adicciones y punto de encuentro de diferentes entidades que ponen en relieve c\u00f3mo el voluntariado puede ser una herramienta transformadora de intervenci\u00f3n.<\/span><\/p>\n<p><span style=\"font-weight: 400\">III Jornada Voluntariado y Adicciones. \u201cMirando hacia adelante. Nuevos retos en las adicciones\u201d.<\/span><\/p>\n<p><span style=\"font-weight: 400\">S\u00e1bado 20 de noviembre en el Salesianos Burriana<\/span><\/p>\n<p><span style=\"font-weight: 400\">S\u00e1bado 27 de noviembre en Salesianos San Juan Bosco de Valencia<\/span><\/p>\n<p><span style=\"font-weight: 400\">Para inscribirse en la jornada:<\/span><\/p>\n<p><span style=\"font-weight: 400\">\u00a0<\/span><a href=\"https:\/\/docs.google.com\/forms\/d\/e\/1FAIpQLSdHmUL5fkUPRwuV00xbc3GyQ9hedNd7oqgY9CjmwjlyjGrY7w\/viewform\"><span style=\"font-weight: 400\">https:\/\/docs.google.com\/forms\/d\/e\/1FAIpQLSdHmUL5fkUPRwuV00xbc3GyQ9hedNd7oqgY9CjmwjlyjGrY7w\/viewform<\/span><\/a><\/p>\n<p><span style=\"font-weight: 400\">Programa de la jornada 2021:<\/span><\/p>\n<p><span style=\"font-weight: 400\">M\u00e1s informaci\u00f3n: <\/span><a href=\"https:\/\/www.fisat.es\/voluntariado-y-adicciones-jornada\/\"><span style=\"font-weight: 400\">https:\/\/www.fisat.es\/voluntariado-y-adicciones-jornada\/<\/span><\/a><\/p>\n<p>[\/et_pb_text][et_pb_text disabled_on=\u00bboff|on|on\u00bb admin_label=\u00bbT\u00edtulo: Galer\u00eda de fotos (Texto)\u00bb _builder_version=\u00bb3.27.4&#8243; text_font=\u00bb|on|||\u00bb text_text_color=\u00bb#dc001b\u00bb border_style=\u00bbsolid\u00bb global_colors_info=\u00bb{}\u00bb]Galer\u00eda de im\u00e1genes[\/et_pb_text][et_pb_gallery posts_number=\u00bb8&#8243; show_title_and_caption=\u00bboff\u00bb zoom_icon_color=\u00bb#dc001b\u00bb hover_icon=\u00bb&#x54;||divi||400&#8243; disabled_on=\u00bboff|off|off\u00bb _builder_version=\u00bb4.13.0&#8243; hover_enabled=\u00bb0&#8243; pagination_font_size_tablet=\u00bb51&#8243; pagination_line_height_tablet=\u00bb2&#8243; global_colors_info=\u00bb{}\u00bb sticky_enabled=\u00bb0&#8243; gallery_ids=\u00bb16468&#8243;][\/et_pb_gallery][et_pb_video disabled_on=\u00bbon|on|on\u00bb _builder_version=\u00bb3.0.51&#8243; disabled=\u00bbon\u00bb global_colors_info=\u00bb{}\u00bb][\/et_pb_video][\/et_pb_column][\/et_pb_row][\/et_pb_section]<\/p>\n<!-- AddThis Advanced Settings generic via filter on the_content --><!-- AddThis Share Buttons generic via filter on the_content -->","protected":false},"excerpt":{"rendered":"<p>\u00a0 La Fundaci\u00f3n \u00c1ngel Tom\u00e1s- FISAT celebrar\u00e1 los d\u00edas 20 y 27 de noviembre la III jornada de Voluntariado y Adicciones \u201cMirando hacia adelante. Nuevos retos en las adicciones\u201d, en colaboraci\u00f3n con la Conselleria de Igualdad y Pol\u00edticas Inclusivas, a trav\u00e9s del\u00a0 IRPF.Redacci\u00f3n.La jornada de este a\u00f1o estar\u00e1 centrada en la prevenci\u00f3n de las adicciones [&hellip;]<\/p>\n<p><!-- AddThis Advanced Settings generic via filter on get_the_excerpt --><!-- AddThis Share Buttons generic via filter on get_the_excerpt --><\/p>\n","protected":false},"author":6,"featured_media":16468,"comment_status":"closed","ping_status":"open","sticky":false,"template":"","format":"standard","meta":{"_et_pb_use_builder":"on","_et_pb_old_content":"","_et_gb_content_width":"","footnotes":""},"categories":[14,27],"tags":[],"class_list":["post-16464","post","type-post","status-publish","format-standard","has-post-thumbnail","hentry","category-noticia_colegio","category-noticia_plataformas"],"yoast_head":"<!-- This site is optimized with the Yoast SEO plugin v28.3 - https:\/\/yoast.com\/product\/yoast-seo-wordpress\/ -->\n<title>FISAT organiza la formaci\u00f3n sobre prevenci\u00f3n en conductas adictivas abierta a la comunidad educativa y familias - Colegio San Juan Bosco Valencia<\/title>\n<meta name=\"robots\" content=\"index, follow, max-snippet:-1, max-image-preview:large, max-video-preview:-1\" \/>\n<link rel=\"canonical\" href=\"https:\/\/valenciasjb.salesianos.edu\/colegio\/fisat-organiza-la-formacion-sobre-prevencion-en-conductas-adictivas-abierta-a-la-comunidad-educativa-y-familias\/\" \/>\n<meta property=\"og:locale\" content=\"es_ES\" \/>\n<meta property=\"og:type\" content=\"article\" \/>\n<meta property=\"og:title\" content=\"FISAT organiza la formaci\u00f3n sobre prevenci\u00f3n en conductas adictivas abierta a la comunidad educativa y familias - Colegio San Juan Bosco Valencia\" \/>\n<meta property=\"og:description\" content=\"\u00a0 La Fundaci\u00f3n \u00c1ngel Tom\u00e1s- FISAT celebrar\u00e1 los d\u00edas 20 y 27 de noviembre la III jornada de Voluntariado y Adicciones \u201cMirando hacia adelante. Nuevos retos en las adicciones\u201d, en colaboraci\u00f3n con la Conselleria de Igualdad y Pol\u00edticas Inclusivas, a trav\u00e9s del\u00a0 IRPF.Redacci\u00f3n.La jornada de este a\u00f1o estar\u00e1 centrada en la prevenci\u00f3n de las adicciones [&hellip;]\" \/>\n<meta property=\"og:url\" content=\"https:\/\/valenciasjb.salesianos.edu\/colegio\/fisat-organiza-la-formacion-sobre-prevencion-en-conductas-adictivas-abierta-a-la-comunidad-educativa-y-familias\/\" \/>\n<meta property=\"og:site_name\" content=\"Colegio San Juan Bosco Valencia\" \/>\n<meta property=\"article:publisher\" content=\"https:\/\/www.facebook.com\/ColegioSalesianoSanJuanBoscoValencia\" \/>\n<meta property=\"article:published_time\" content=\"2021-11-10T15:08:16+00:00\" \/>\n<meta property=\"article:modified_time\" content=\"2021-11-10T15:17:58+00:00\" \/>\n<meta property=\"og:image\" content=\"https:\/\/valenciasjb.salesianos.edu\/colegio\/wp-content\/uploads\/sites\/2\/2021\/11\/banner-jornada-adicciones-CARM.png\" \/>\n\t<meta property=\"og:image:width\" content=\"1200\" \/>\n\t<meta property=\"og:image:height\" content=\"628\" \/>\n\t<meta property=\"og:image:type\" content=\"image\/png\" \/>\n<meta name=\"author\" content=\"veronicapastor\" \/>\n<meta name=\"twitter:card\" content=\"summary_large_image\" \/>\n<meta name=\"twitter:creator\" content=\"@SalesianosVSJB\" \/>\n<meta name=\"twitter:site\" content=\"@SalesianosVSJB\" \/>\n<meta name=\"twitter:label1\" content=\"Escrito por\" \/>\n\t<meta name=\"twitter:data1\" content=\"veronicapastor\" \/>\n\t<meta name=\"twitter:label2\" content=\"Tiempo de lectura\" \/>\n\t<meta name=\"twitter:data2\" content=\"3 minutos\" \/>\n<script type=\"application\/ld+json\" class=\"yoast-schema-graph\">{\"@context\":\"https:\\\/\\\/schema.org\",\"@graph\":[{\"@type\":\"Article\",\"@id\":\"https:\\\/\\\/valenciasjb.salesianos.edu\\\/colegio\\\/fisat-organiza-la-formacion-sobre-prevencion-en-conductas-adictivas-abierta-a-la-comunidad-educativa-y-familias\\\/#article\",\"isPartOf\":{\"@id\":\"https:\\\/\\\/valenciasjb.salesianos.edu\\\/colegio\\\/fisat-organiza-la-formacion-sobre-prevencion-en-conductas-adictivas-abierta-a-la-comunidad-educativa-y-familias\\\/\"},\"author\":{\"name\":\"veronicapastor\",\"@id\":\"https:\\\/\\\/valenciasjb.salesianos.edu\\\/colegio\\\/#\\\/schema\\\/person\\\/1f45b67e52b27da175190a574db6bed9\"},\"headline\":\"FISAT organiza la formaci\u00f3n sobre prevenci\u00f3n en conductas adictivas abierta a la comunidad educativa y familias\",\"datePublished\":\"2021-11-10T15:08:16+00:00\",\"dateModified\":\"2021-11-10T15:17:58+00:00\",\"mainEntityOfPage\":{\"@id\":\"https:\\\/\\\/valenciasjb.salesianos.edu\\\/colegio\\\/fisat-organiza-la-formacion-sobre-prevencion-en-conductas-adictivas-abierta-a-la-comunidad-educativa-y-familias\\\/\"},\"wordCount\":592,\"image\":{\"@id\":\"https:\\\/\\\/valenciasjb.salesianos.edu\\\/colegio\\\/fisat-organiza-la-formacion-sobre-prevencion-en-conductas-adictivas-abierta-a-la-comunidad-educativa-y-familias\\\/#primaryimage\"},\"thumbnailUrl\":\"https:\\\/\\\/valenciasjb.salesianos.edu\\\/colegio\\\/wp-content\\\/uploads\\\/sites\\\/2\\\/2021\\\/11\\\/banner-jornada-adicciones-CARM.png\",\"articleSection\":[\"Noticia Colegio\",\"Noticia Plataformas sociales\"],\"inLanguage\":\"es\"},{\"@type\":\"WebPage\",\"@id\":\"https:\\\/\\\/valenciasjb.salesianos.edu\\\/colegio\\\/fisat-organiza-la-formacion-sobre-prevencion-en-conductas-adictivas-abierta-a-la-comunidad-educativa-y-familias\\\/\",\"url\":\"https:\\\/\\\/valenciasjb.salesianos.edu\\\/colegio\\\/fisat-organiza-la-formacion-sobre-prevencion-en-conductas-adictivas-abierta-a-la-comunidad-educativa-y-familias\\\/\",\"name\":\"FISAT organiza la formaci\u00f3n sobre prevenci\u00f3n en conductas adictivas abierta a la comunidad educativa y familias - Colegio San Juan Bosco Valencia\",\"isPartOf\":{\"@id\":\"https:\\\/\\\/valenciasjb.salesianos.edu\\\/colegio\\\/#website\"},\"primaryImageOfPage\":{\"@id\":\"https:\\\/\\\/valenciasjb.salesianos.edu\\\/colegio\\\/fisat-organiza-la-formacion-sobre-prevencion-en-conductas-adictivas-abierta-a-la-comunidad-educativa-y-familias\\\/#primaryimage\"},\"image\":{\"@id\":\"https:\\\/\\\/valenciasjb.salesianos.edu\\\/colegio\\\/fisat-organiza-la-formacion-sobre-prevencion-en-conductas-adictivas-abierta-a-la-comunidad-educativa-y-familias\\\/#primaryimage\"},\"thumbnailUrl\":\"https:\\\/\\\/valenciasjb.salesianos.edu\\\/colegio\\\/wp-content\\\/uploads\\\/sites\\\/2\\\/2021\\\/11\\\/banner-jornada-adicciones-CARM.png\",\"datePublished\":\"2021-11-10T15:08:16+00:00\",\"dateModified\":\"2021-11-10T15:17:58+00:00\",\"author\":{\"@id\":\"https:\\\/\\\/valenciasjb.salesianos.edu\\\/colegio\\\/#\\\/schema\\\/person\\\/1f45b67e52b27da175190a574db6bed9\"},\"breadcrumb\":{\"@id\":\"https:\\\/\\\/valenciasjb.salesianos.edu\\\/colegio\\\/fisat-organiza-la-formacion-sobre-prevencion-en-conductas-adictivas-abierta-a-la-comunidad-educativa-y-familias\\\/#breadcrumb\"},\"inLanguage\":\"es\",\"potentialAction\":[{\"@type\":\"ReadAction\",\"target\":[\"https:\\\/\\\/valenciasjb.salesianos.edu\\\/colegio\\\/fisat-organiza-la-formacion-sobre-prevencion-en-conductas-adictivas-abierta-a-la-comunidad-educativa-y-familias\\\/\"]}]},{\"@type\":\"ImageObject\",\"inLanguage\":\"es\",\"@id\":\"https:\\\/\\\/valenciasjb.salesianos.edu\\\/colegio\\\/fisat-organiza-la-formacion-sobre-prevencion-en-conductas-adictivas-abierta-a-la-comunidad-educativa-y-familias\\\/#primaryimage\",\"url\":\"https:\\\/\\\/valenciasjb.salesianos.edu\\\/colegio\\\/wp-content\\\/uploads\\\/sites\\\/2\\\/2021\\\/11\\\/banner-jornada-adicciones-CARM.png\",\"contentUrl\":\"https:\\\/\\\/valenciasjb.salesianos.edu\\\/colegio\\\/wp-content\\\/uploads\\\/sites\\\/2\\\/2021\\\/11\\\/banner-jornada-adicciones-CARM.png\",\"width\":1200,\"height\":628},{\"@type\":\"BreadcrumbList\",\"@id\":\"https:\\\/\\\/valenciasjb.salesianos.edu\\\/colegio\\\/fisat-organiza-la-formacion-sobre-prevencion-en-conductas-adictivas-abierta-a-la-comunidad-educativa-y-familias\\\/#breadcrumb\",\"itemListElement\":[{\"@type\":\"ListItem\",\"position\":1,\"name\":\"Portada\",\"item\":\"https:\\\/\\\/valenciasjb.salesianos.edu\\\/colegio\\\/\"},{\"@type\":\"ListItem\",\"position\":2,\"name\":\"FISAT organiza la formaci\u00f3n sobre prevenci\u00f3n en conductas adictivas abierta a la comunidad educativa y familias\"}]},{\"@type\":\"WebSite\",\"@id\":\"https:\\\/\\\/valenciasjb.salesianos.edu\\\/colegio\\\/#website\",\"url\":\"https:\\\/\\\/valenciasjb.salesianos.edu\\\/colegio\\\/\",\"name\":\"Colegio San Juan Bosco Valencia\",\"description\":\"P\u00e1gina oficial del Colegio Salesianos San Juan Bosco Valencia\",\"alternateName\":\"Salesianos.VSJB\",\"potentialAction\":[{\"@type\":\"SearchAction\",\"target\":{\"@type\":\"EntryPoint\",\"urlTemplate\":\"https:\\\/\\\/valenciasjb.salesianos.edu\\\/colegio\\\/?s={search_term_string}\"},\"query-input\":{\"@type\":\"PropertyValueSpecification\",\"valueRequired\":true,\"valueName\":\"search_term_string\"}}],\"inLanguage\":\"es\"},{\"@type\":\"Person\",\"@id\":\"https:\\\/\\\/valenciasjb.salesianos.edu\\\/colegio\\\/#\\\/schema\\\/person\\\/1f45b67e52b27da175190a574db6bed9\",\"name\":\"veronicapastor\",\"image\":{\"@type\":\"ImageObject\",\"inLanguage\":\"es\",\"@id\":\"https:\\\/\\\/secure.gravatar.com\\\/avatar\\\/e29bd40bace3fd935e1d6fdb7313ffc14628cc037c5e16f4c7369b20a2a6f7f0?s=96&d=mm&r=g\",\"url\":\"https:\\\/\\\/secure.gravatar.com\\\/avatar\\\/e29bd40bace3fd935e1d6fdb7313ffc14628cc037c5e16f4c7369b20a2a6f7f0?s=96&d=mm&r=g\",\"contentUrl\":\"https:\\\/\\\/secure.gravatar.com\\\/avatar\\\/e29bd40bace3fd935e1d6fdb7313ffc14628cc037c5e16f4c7369b20a2a6f7f0?s=96&d=mm&r=g\",\"caption\":\"veronicapastor\"}}]}<\/script>\n<!-- \/ Yoast SEO plugin. -->","yoast_head_json":{"title":"FISAT organiza la formaci\u00f3n sobre prevenci\u00f3n en conductas adictivas abierta a la comunidad educativa y familias - Colegio San Juan Bosco Valencia","robots":{"index":"index","follow":"follow","max-snippet":"max-snippet:-1","max-image-preview":"max-image-preview:large","max-video-preview":"max-video-preview:-1"},"canonical":"https:\/\/valenciasjb.salesianos.edu\/colegio\/fisat-organiza-la-formacion-sobre-prevencion-en-conductas-adictivas-abierta-a-la-comunidad-educativa-y-familias\/","og_locale":"es_ES","og_type":"article","og_title":"FISAT organiza la formaci\u00f3n sobre prevenci\u00f3n en conductas adictivas abierta a la comunidad educativa y familias - Colegio San Juan Bosco Valencia","og_description":"\u00a0 La Fundaci\u00f3n \u00c1ngel Tom\u00e1s- FISAT celebrar\u00e1 los d\u00edas 20 y 27 de noviembre la III jornada de Voluntariado y Adicciones \u201cMirando hacia adelante. Nuevos retos en las adicciones\u201d, en colaboraci\u00f3n con la Conselleria de Igualdad y Pol\u00edticas Inclusivas, a trav\u00e9s del\u00a0 IRPF.Redacci\u00f3n.La jornada de este a\u00f1o estar\u00e1 centrada en la prevenci\u00f3n de las adicciones [&hellip;]","og_url":"https:\/\/valenciasjb.salesianos.edu\/colegio\/fisat-organiza-la-formacion-sobre-prevencion-en-conductas-adictivas-abierta-a-la-comunidad-educativa-y-familias\/","og_site_name":"Colegio San Juan Bosco Valencia","article_publisher":"https:\/\/www.facebook.com\/ColegioSalesianoSanJuanBoscoValencia","article_published_time":"2021-11-10T15:08:16+00:00","article_modified_time":"2021-11-10T15:17:58+00:00","og_image":[{"width":1200,"height":628,"url":"https:\/\/valenciasjb.salesianos.edu\/colegio\/wp-content\/uploads\/sites\/2\/2021\/11\/banner-jornada-adicciones-CARM.png","type":"image\/png"}],"author":"veronicapastor","twitter_card":"summary_large_image","twitter_creator":"@SalesianosVSJB","twitter_site":"@SalesianosVSJB","twitter_misc":{"Escrito por":"veronicapastor","Tiempo de lectura":"3 minutos"},"schema":{"@context":"https:\/\/schema.org","@graph":[{"@type":"Article","@id":"https:\/\/valenciasjb.salesianos.edu\/colegio\/fisat-organiza-la-formacion-sobre-prevencion-en-conductas-adictivas-abierta-a-la-comunidad-educativa-y-familias\/#article","isPartOf":{"@id":"https:\/\/valenciasjb.salesianos.edu\/colegio\/fisat-organiza-la-formacion-sobre-prevencion-en-conductas-adictivas-abierta-a-la-comunidad-educativa-y-familias\/"},"author":{"name":"veronicapastor","@id":"https:\/\/valenciasjb.salesianos.edu\/colegio\/#\/schema\/person\/1f45b67e52b27da175190a574db6bed9"},"headline":"FISAT organiza la formaci\u00f3n sobre prevenci\u00f3n en conductas adictivas abierta a la comunidad educativa y familias","datePublished":"2021-11-10T15:08:16+00:00","dateModified":"2021-11-10T15:17:58+00:00","mainEntityOfPage":{"@id":"https:\/\/valenciasjb.salesianos.edu\/colegio\/fisat-organiza-la-formacion-sobre-prevencion-en-conductas-adictivas-abierta-a-la-comunidad-educativa-y-familias\/"},"wordCount":592,"image":{"@id":"https:\/\/valenciasjb.salesianos.edu\/colegio\/fisat-organiza-la-formacion-sobre-prevencion-en-conductas-adictivas-abierta-a-la-comunidad-educativa-y-familias\/#primaryimage"},"thumbnailUrl":"https:\/\/valenciasjb.salesianos.edu\/colegio\/wp-content\/uploads\/sites\/2\/2021\/11\/banner-jornada-adicciones-CARM.png","articleSection":["Noticia Colegio","Noticia Plataformas sociales"],"inLanguage":"es"},{"@type":"WebPage","@id":"https:\/\/valenciasjb.salesianos.edu\/colegio\/fisat-organiza-la-formacion-sobre-prevencion-en-conductas-adictivas-abierta-a-la-comunidad-educativa-y-familias\/","url":"https:\/\/valenciasjb.salesianos.edu\/colegio\/fisat-organiza-la-formacion-sobre-prevencion-en-conductas-adictivas-abierta-a-la-comunidad-educativa-y-familias\/","name":"FISAT organiza la formaci\u00f3n sobre prevenci\u00f3n en conductas adictivas abierta a la comunidad educativa y familias - Colegio San Juan Bosco Valencia","isPartOf":{"@id":"https:\/\/valenciasjb.salesianos.edu\/colegio\/#website"},"primaryImageOfPage":{"@id":"https:\/\/valenciasjb.salesianos.edu\/colegio\/fisat-organiza-la-formacion-sobre-prevencion-en-conductas-adictivas-abierta-a-la-comunidad-educativa-y-familias\/#primaryimage"},"image":{"@id":"https:\/\/valenciasjb.salesianos.edu\/colegio\/fisat-organiza-la-formacion-sobre-prevencion-en-conductas-adictivas-abierta-a-la-comunidad-educativa-y-familias\/#primaryimage"},"thumbnailUrl":"https:\/\/valenciasjb.salesianos.edu\/colegio\/wp-content\/uploads\/sites\/2\/2021\/11\/banner-jornada-adicciones-CARM.png","datePublished":"2021-11-10T15:08:16+00:00","dateModified":"2021-11-10T15:17:58+00:00","author":{"@id":"https:\/\/valenciasjb.salesianos.edu\/colegio\/#\/schema\/person\/1f45b67e52b27da175190a574db6bed9"},"breadcrumb":{"@id":"https:\/\/valenciasjb.salesianos.edu\/colegio\/fisat-organiza-la-formacion-sobre-prevencion-en-conductas-adictivas-abierta-a-la-comunidad-educativa-y-familias\/#breadcrumb"},"inLanguage":"es","potentialAction":[{"@type":"ReadAction","target":["https:\/\/valenciasjb.salesianos.edu\/colegio\/fisat-organiza-la-formacion-sobre-prevencion-en-conductas-adictivas-abierta-a-la-comunidad-educativa-y-familias\/"]}]},{"@type":"ImageObject","inLanguage":"es","@id":"https:\/\/valenciasjb.salesianos.edu\/colegio\/fisat-organiza-la-formacion-sobre-prevencion-en-conductas-adictivas-abierta-a-la-comunidad-educativa-y-familias\/#primaryimage","url":"https:\/\/valenciasjb.salesianos.edu\/colegio\/wp-content\/uploads\/sites\/2\/2021\/11\/banner-jornada-adicciones-CARM.png","contentUrl":"https:\/\/valenciasjb.salesianos.edu\/colegio\/wp-content\/uploads\/sites\/2\/2021\/11\/banner-jornada-adicciones-CARM.png","width":1200,"height":628},{"@type":"BreadcrumbList","@id":"https:\/\/valenciasjb.salesianos.edu\/colegio\/fisat-organiza-la-formacion-sobre-prevencion-en-conductas-adictivas-abierta-a-la-comunidad-educativa-y-familias\/#breadcrumb","itemListElement":[{"@type":"ListItem","position":1,"name":"Portada","item":"https:\/\/valenciasjb.salesianos.edu\/colegio\/"},{"@type":"ListItem","position":2,"name":"FISAT organiza la formaci\u00f3n sobre prevenci\u00f3n en conductas adictivas abierta a la comunidad educativa y familias"}]},{"@type":"WebSite","@id":"https:\/\/valenciasjb.salesianos.edu\/colegio\/#website","url":"https:\/\/valenciasjb.salesianos.edu\/colegio\/","name":"Colegio San Juan Bosco Valencia","description":"P\u00e1gina oficial del Colegio Salesianos San Juan Bosco Valencia","alternateName":"Salesianos.VSJB","potentialAction":[{"@type":"SearchAction","target":{"@type":"EntryPoint","urlTemplate":"https:\/\/valenciasjb.salesianos.edu\/colegio\/?s={search_term_string}"},"query-input":{"@type":"PropertyValueSpecification","valueRequired":true,"valueName":"search_term_string"}}],"inLanguage":"es"},{"@type":"Person","@id":"https:\/\/valenciasjb.salesianos.edu\/colegio\/#\/schema\/person\/1f45b67e52b27da175190a574db6bed9","name":"veronicapastor","image":{"@type":"ImageObject","inLanguage":"es","@id":"https:\/\/secure.gravatar.com\/avatar\/e29bd40bace3fd935e1d6fdb7313ffc14628cc037c5e16f4c7369b20a2a6f7f0?s=96&d=mm&r=g","url":"https:\/\/secure.gravatar.com\/avatar\/e29bd40bace3fd935e1d6fdb7313ffc14628cc037c5e16f4c7369b20a2a6f7f0?s=96&d=mm&r=g","contentUrl":"https:\/\/secure.gravatar.com\/avatar\/e29bd40bace3fd935e1d6fdb7313ffc14628cc037c5e16f4c7369b20a2a6f7f0?s=96&d=mm&r=g","caption":"veronicapastor"}}]}},"_links":{"self":[{"href":"https:\/\/valenciasjb.salesianos.edu\/colegio\/wp-json\/wp\/v2\/posts\/16464","targetHints":{"allow":["GET"]}}],"collection":[{"href":"https:\/\/valenciasjb.salesianos.edu\/colegio\/wp-json\/wp\/v2\/posts"}],"about":[{"href":"https:\/\/valenciasjb.salesianos.edu\/colegio\/wp-json\/wp\/v2\/types\/post"}],"author":[{"embeddable":true,"href":"https:\/\/valenciasjb.salesianos.edu\/colegio\/wp-json\/wp\/v2\/users\/6"}],"replies":[{"embeddable":true,"href":"https:\/\/valenciasjb.salesianos.edu\/colegio\/wp-json\/wp\/v2\/comments?post=16464"}],"version-history":[{"count":4,"href":"https:\/\/valenciasjb.salesianos.edu\/colegio\/wp-json\/wp\/v2\/posts\/16464\/revisions"}],"predecessor-version":[{"id":16473,"href":"https:\/\/valenciasjb.salesianos.edu\/colegio\/wp-json\/wp\/v2\/posts\/16464\/revisions\/16473"}],"wp:featuredmedia":[{"embeddable":true,"href":"https:\/\/valenciasjb.salesianos.edu\/colegio\/wp-json\/wp\/v2\/media\/16468"}],"wp:attachment":[{"href":"https:\/\/valenciasjb.salesianos.edu\/colegio\/wp-json\/wp\/v2\/media?parent=16464"}],"wp:term":[{"taxonomy":"category","embeddable":true,"href":"https:\/\/valenciasjb.salesianos.edu\/colegio\/wp-json\/wp\/v2\/categories?post=16464"},{"taxonomy":"post_tag","embeddable":true,"href":"https:\/\/valenciasjb.salesianos.edu\/colegio\/wp-json\/wp\/v2\/tags?post=16464"}],"curies":[{"name":"wp","href":"https:\/\/api.w.org\/{rel}","templated":true}]}}