{"id":16567,"date":"2022-01-27T20:01:58","date_gmt":"2022-01-27T19:01:58","guid":{"rendered":"https:\/\/valenciasjb.salesianos.edu\/colegio\/?p=16567"},"modified":"2022-01-27T20:47:33","modified_gmt":"2022-01-27T19:47:33","slug":"emocionante-festival-de-secundaria-en-honor-a-don-bosco-en-la-celebracion-del-75-aniversario-de-la-casa","status":"publish","type":"post","link":"https:\/\/valenciasjb.salesianos.edu\/colegio\/emocionante-festival-de-secundaria-en-honor-a-don-bosco-en-la-celebracion-del-75-aniversario-de-la-casa\/","title":{"rendered":"Emocionante festival de Secundaria en honor a Don Bosco en la celebraci\u00f3n del 75 aniversario de la casa"},"content":{"rendered":"<div id=\"fb-root\"><\/div>\n<p>[et_pb_section fb_built=\u00bb1&#8243; admin_label=\u00bbsection\u00bb _builder_version=\u00bb3.22&#8243; global_colors_info=\u00bb{}\u00bb][et_pb_row admin_label=\u00bbrow\u00bb _builder_version=\u00bb3.25&#8243; background_size=\u00bbinitial\u00bb background_position=\u00bbtop_left\u00bb background_repeat=\u00bbrepeat\u00bb global_colors_info=\u00bb{}\u00bb][et_pb_column type=\u00bb4_4&#8243; _builder_version=\u00bb3.25&#8243; custom_padding=\u00bb|||\u00bb global_colors_info=\u00bb{}\u00bb custom_padding__hover=\u00bb|||\u00bb][et_pb_text admin_label=\u00bbEntradilla (Texto)\u00bb _builder_version=\u00bb4.14.4&#8243; text_font=\u00bb|on|||\u00bb text_orientation=\u00bbjustified\u00bb module_alignment=\u00bbjustified\u00bb global_colors_info=\u00bb{}\u00bb]<\/p>\n<div id=\"resumen\"><strong>En la tarde del jueves, 27 de enero, transmitiendo desde el teatro, con todo el alumnado participante en los diferentes n\u00fameros y el resto de compa\u00f1eros y compa\u00f1eras en las aulas dispuestos a disfrutar de un rato de lo m\u00e1s entretenido, ha dado comienzo el festival de Secundaria en honor a San Juan Bosco. La m\u00fasica y las voces en directo, los originales bailes en directo y v\u00eddeos de las clases, preparados con mucho detalle, incluso las artes marciales y el humor han sido los protagonistas de la tarde.<\/strong><\/div>\n<p>[\/et_pb_text][et_pb_text admin_label=\u00bbAutor (Texto)\u00bb _builder_version=\u00bb4.14.4&#8243; text_font=\u00bb||on||\u00bb global_colors_info=\u00bb{}\u00bb]<\/p>\n<p>Redacci\u00f3n.<\/p>\n<p>[\/et_pb_text][et_pb_text admin_label=\u00bbDesarrollo (Texto)\u00bb _builder_version=\u00bb4.14.4&#8243; text_orientation=\u00bbjustified\u00bb module_alignment=\u00bbjustified\u00bb global_colors_info=\u00bb{}\u00bb]<\/p>\n<p>Un espect\u00e1culo preparado con gran cari\u00f1o por el equipo de profesorado encargado de los festivales, donde los artistas, los alumnos y alumnas, han demostrado su talento encima del escenario.<\/p>\n<p>Esta tarde, el festival tambi\u00e9n ha contado con la presencia de AMPAS, que han hecho entrega de los premios del Concurso de logotipos del proyecto Erasmus+ GREEN.<\/p>\n<p>El enlace de la retransmisi\u00f3n en streaming <a href=\"https:\/\/youtu.be\/H1BFLQa2Z_E\">https:\/\/youtu.be\/H1BFLQa2Z_E<\/a> se ha compartido por Qualitas a las familias para que tambi\u00e9n el alumnado que se encuentra en casa pudiera participar de este momento. Porque nada nos quitar\u00e1 la alegr\u00eda y queremos sentirnos juntos en cualquier circunstancia.<\/p>\n<p>Sin duda, un festival en honor a San Juan Bosco cargado de pasi\u00f3n, emoci\u00f3n, sentimiento y alegr\u00eda, como Don Bosco habr\u00eda querido. \u00a1Nos mueve la esperanza! \u00a1Viva Don Bosco!<\/p>\n<p>[\/et_pb_text][et_pb_text disabled_on=\u00bboff|on|on\u00bb admin_label=\u00bbT\u00edtulo: Galer\u00eda de fotos (Texto)\u00bb _builder_version=\u00bb3.27.4&#8243; text_font=\u00bb|on|||\u00bb text_text_color=\u00bb#dc001b\u00bb border_style=\u00bbsolid\u00bb global_colors_info=\u00bb{}\u00bb]Galer\u00eda de im\u00e1genes<br \/>\n[\/et_pb_text][et_pb_gallery gallery_ids=\u00bb16570,16574,16575,16576,16577,16578,16579,16580,16581,16582,16583,16584,16585,16586,16587,16588,16589,16590,16591&#8243; posts_number=\u00bb8&#8243; show_title_and_caption=\u00bboff\u00bb zoom_icon_color=\u00bb#dc001b\u00bb hover_icon=\u00bb&#x54;||divi||400&#8243; disabled_on=\u00bboff|off|off\u00bb _builder_version=\u00bb4.14.4&#8243; hover_enabled=\u00bb0&#8243; pagination_font_size_tablet=\u00bb51&#8243; pagination_line_height_tablet=\u00bb2&#8243; global_colors_info=\u00bb{}\u00bb sticky_enabled=\u00bb0&#8243;][\/et_pb_gallery][et_pb_video disabled_on=\u00bbon|on|on\u00bb _builder_version=\u00bb3.0.51&#8243; disabled=\u00bbon\u00bb global_colors_info=\u00bb{}\u00bb][\/et_pb_video][\/et_pb_column][\/et_pb_row][\/et_pb_section]<\/p>\n<!-- AddThis Advanced Settings generic via filter on the_content --><!-- AddThis Share Buttons generic via filter on the_content -->","protected":false},"excerpt":{"rendered":"<p>En la tarde del jueves, 27 de enero, transmitiendo desde el teatro, con todo el alumnado participante en los diferentes n\u00fameros y el resto de compa\u00f1eros y compa\u00f1eras en las aulas dispuestos a disfrutar de un rato de lo m\u00e1s entretenido, ha dado comienzo el festival de Secundaria en honor a San Juan Bosco. La [&hellip;]<\/p>\n<p><!-- AddThis Advanced Settings generic via filter on get_the_excerpt --><!-- AddThis Share Buttons generic via filter on get_the_excerpt --><\/p>\n","protected":false},"author":6,"featured_media":16570,"comment_status":"closed","ping_status":"open","sticky":false,"template":"","format":"standard","meta":{"_et_pb_use_builder":"on","_et_pb_old_content":"","_et_gb_content_width":"","footnotes":""},"categories":[14],"tags":[],"class_list":["post-16567","post","type-post","status-publish","format-standard","has-post-thumbnail","hentry","category-noticia_colegio"],"yoast_head":"<!-- This site is optimized with the Yoast SEO plugin v28.4 - https:\/\/yoast.com\/product\/yoast-seo-wordpress\/ -->\n<title>Emocionante festival de Secundaria en honor a Don Bosco en la celebraci\u00f3n del 75 aniversario de la casa - Colegio San Juan Bosco Valencia<\/title>\n<meta name=\"robots\" content=\"index, follow, max-snippet:-1, max-image-preview:large, max-video-preview:-1\" \/>\n<link rel=\"canonical\" href=\"https:\/\/valenciasjb.salesianos.edu\/colegio\/emocionante-festival-de-secundaria-en-honor-a-don-bosco-en-la-celebracion-del-75-aniversario-de-la-casa\/\" \/>\n<meta property=\"og:locale\" content=\"es_ES\" \/>\n<meta property=\"og:type\" content=\"article\" \/>\n<meta property=\"og:title\" content=\"Emocionante festival de Secundaria en honor a Don Bosco en la celebraci\u00f3n del 75 aniversario de la casa - Colegio San Juan Bosco Valencia\" \/>\n<meta property=\"og:description\" content=\"En la tarde del jueves, 27 de enero, transmitiendo desde el teatro, con todo el alumnado participante en los diferentes n\u00fameros y el resto de compa\u00f1eros y compa\u00f1eras en las aulas dispuestos a disfrutar de un rato de lo m\u00e1s entretenido, ha dado comienzo el festival de Secundaria en honor a San Juan Bosco. La [&hellip;]\" \/>\n<meta property=\"og:url\" content=\"https:\/\/valenciasjb.salesianos.edu\/colegio\/emocionante-festival-de-secundaria-en-honor-a-don-bosco-en-la-celebracion-del-75-aniversario-de-la-casa\/\" \/>\n<meta property=\"og:site_name\" content=\"Colegio San Juan Bosco Valencia\" \/>\n<meta property=\"article:publisher\" content=\"https:\/\/www.facebook.com\/ColegioSalesianoSanJuanBoscoValencia\" \/>\n<meta property=\"article:published_time\" content=\"2022-01-27T19:01:58+00:00\" \/>\n<meta property=\"article:modified_time\" content=\"2022-01-27T19:47:33+00:00\" \/>\n<meta property=\"og:image\" content=\"https:\/\/valenciasjb.salesianos.edu\/colegio\/wp-content\/uploads\/sites\/2\/2022\/01\/retiro-74-scaled.jpg\" \/>\n\t<meta property=\"og:image:width\" content=\"2560\" \/>\n\t<meta property=\"og:image:height\" content=\"1440\" \/>\n\t<meta property=\"og:image:type\" content=\"image\/jpeg\" \/>\n<meta name=\"author\" content=\"veronicapastor\" \/>\n<meta name=\"twitter:card\" content=\"summary_large_image\" \/>\n<meta name=\"twitter:creator\" content=\"@SalesianosVSJB\" \/>\n<meta name=\"twitter:site\" content=\"@SalesianosVSJB\" \/>\n<meta name=\"twitter:label1\" content=\"Escrito por\" \/>\n\t<meta name=\"twitter:data1\" content=\"veronicapastor\" \/>\n\t<meta name=\"twitter:label2\" content=\"Tiempo de lectura\" \/>\n\t<meta name=\"twitter:data2\" content=\"2 minutos\" \/>\n<script type=\"application\/ld+json\" class=\"yoast-schema-graph\">{\"@context\":\"https:\\\/\\\/schema.org\",\"@graph\":[{\"@type\":\"Article\",\"@id\":\"https:\\\/\\\/valenciasjb.salesianos.edu\\\/colegio\\\/emocionante-festival-de-secundaria-en-honor-a-don-bosco-en-la-celebracion-del-75-aniversario-de-la-casa\\\/#article\",\"isPartOf\":{\"@id\":\"https:\\\/\\\/valenciasjb.salesianos.edu\\\/colegio\\\/emocionante-festival-de-secundaria-en-honor-a-don-bosco-en-la-celebracion-del-75-aniversario-de-la-casa\\\/\"},\"author\":{\"name\":\"veronicapastor\",\"@id\":\"https:\\\/\\\/valenciasjb.salesianos.edu\\\/colegio\\\/#\\\/schema\\\/person\\\/1f45b67e52b27da175190a574db6bed9\"},\"headline\":\"Emocionante festival de Secundaria en honor a Don Bosco en la celebraci\u00f3n del 75 aniversario de la casa\",\"datePublished\":\"2022-01-27T19:01:58+00:00\",\"dateModified\":\"2022-01-27T19:47:33+00:00\",\"mainEntityOfPage\":{\"@id\":\"https:\\\/\\\/valenciasjb.salesianos.edu\\\/colegio\\\/emocionante-festival-de-secundaria-en-honor-a-don-bosco-en-la-celebracion-del-75-aniversario-de-la-casa\\\/\"},\"wordCount\":484,\"image\":{\"@id\":\"https:\\\/\\\/valenciasjb.salesianos.edu\\\/colegio\\\/emocionante-festival-de-secundaria-en-honor-a-don-bosco-en-la-celebracion-del-75-aniversario-de-la-casa\\\/#primaryimage\"},\"thumbnailUrl\":\"https:\\\/\\\/valenciasjb.salesianos.edu\\\/colegio\\\/wp-content\\\/uploads\\\/sites\\\/2\\\/2022\\\/01\\\/retiro-74-scaled.jpg\",\"articleSection\":[\"Noticia Colegio\"],\"inLanguage\":\"es\"},{\"@type\":\"WebPage\",\"@id\":\"https:\\\/\\\/valenciasjb.salesianos.edu\\\/colegio\\\/emocionante-festival-de-secundaria-en-honor-a-don-bosco-en-la-celebracion-del-75-aniversario-de-la-casa\\\/\",\"url\":\"https:\\\/\\\/valenciasjb.salesianos.edu\\\/colegio\\\/emocionante-festival-de-secundaria-en-honor-a-don-bosco-en-la-celebracion-del-75-aniversario-de-la-casa\\\/\",\"name\":\"Emocionante festival de Secundaria en honor a Don Bosco en la celebraci\u00f3n del 75 aniversario de la casa - Colegio San Juan Bosco Valencia\",\"isPartOf\":{\"@id\":\"https:\\\/\\\/valenciasjb.salesianos.edu\\\/colegio\\\/#website\"},\"primaryImageOfPage\":{\"@id\":\"https:\\\/\\\/valenciasjb.salesianos.edu\\\/colegio\\\/emocionante-festival-de-secundaria-en-honor-a-don-bosco-en-la-celebracion-del-75-aniversario-de-la-casa\\\/#primaryimage\"},\"image\":{\"@id\":\"https:\\\/\\\/valenciasjb.salesianos.edu\\\/colegio\\\/emocionante-festival-de-secundaria-en-honor-a-don-bosco-en-la-celebracion-del-75-aniversario-de-la-casa\\\/#primaryimage\"},\"thumbnailUrl\":\"https:\\\/\\\/valenciasjb.salesianos.edu\\\/colegio\\\/wp-content\\\/uploads\\\/sites\\\/2\\\/2022\\\/01\\\/retiro-74-scaled.jpg\",\"datePublished\":\"2022-01-27T19:01:58+00:00\",\"dateModified\":\"2022-01-27T19:47:33+00:00\",\"author\":{\"@id\":\"https:\\\/\\\/valenciasjb.salesianos.edu\\\/colegio\\\/#\\\/schema\\\/person\\\/1f45b67e52b27da175190a574db6bed9\"},\"breadcrumb\":{\"@id\":\"https:\\\/\\\/valenciasjb.salesianos.edu\\\/colegio\\\/emocionante-festival-de-secundaria-en-honor-a-don-bosco-en-la-celebracion-del-75-aniversario-de-la-casa\\\/#breadcrumb\"},\"inLanguage\":\"es\",\"potentialAction\":[{\"@type\":\"ReadAction\",\"target\":[\"https:\\\/\\\/valenciasjb.salesianos.edu\\\/colegio\\\/emocionante-festival-de-secundaria-en-honor-a-don-bosco-en-la-celebracion-del-75-aniversario-de-la-casa\\\/\"]}]},{\"@type\":\"ImageObject\",\"inLanguage\":\"es\",\"@id\":\"https:\\\/\\\/valenciasjb.salesianos.edu\\\/colegio\\\/emocionante-festival-de-secundaria-en-honor-a-don-bosco-en-la-celebracion-del-75-aniversario-de-la-casa\\\/#primaryimage\",\"url\":\"https:\\\/\\\/valenciasjb.salesianos.edu\\\/colegio\\\/wp-content\\\/uploads\\\/sites\\\/2\\\/2022\\\/01\\\/retiro-74-scaled.jpg\",\"contentUrl\":\"https:\\\/\\\/valenciasjb.salesianos.edu\\\/colegio\\\/wp-content\\\/uploads\\\/sites\\\/2\\\/2022\\\/01\\\/retiro-74-scaled.jpg\",\"width\":2560,\"height\":1440},{\"@type\":\"BreadcrumbList\",\"@id\":\"https:\\\/\\\/valenciasjb.salesianos.edu\\\/colegio\\\/emocionante-festival-de-secundaria-en-honor-a-don-bosco-en-la-celebracion-del-75-aniversario-de-la-casa\\\/#breadcrumb\",\"itemListElement\":[{\"@type\":\"ListItem\",\"position\":1,\"name\":\"Portada\",\"item\":\"https:\\\/\\\/valenciasjb.salesianos.edu\\\/colegio\\\/\"},{\"@type\":\"ListItem\",\"position\":2,\"name\":\"Emocionante festival de Secundaria en honor a Don Bosco en la celebraci\u00f3n del 75 aniversario de la casa\"}]},{\"@type\":\"WebSite\",\"@id\":\"https:\\\/\\\/valenciasjb.salesianos.edu\\\/colegio\\\/#website\",\"url\":\"https:\\\/\\\/valenciasjb.salesianos.edu\\\/colegio\\\/\",\"name\":\"Colegio San Juan Bosco Valencia\",\"description\":\"P\u00e1gina oficial del Colegio Salesianos San Juan Bosco Valencia\",\"alternateName\":\"Salesianos.VSJB\",\"potentialAction\":[{\"@type\":\"SearchAction\",\"target\":{\"@type\":\"EntryPoint\",\"urlTemplate\":\"https:\\\/\\\/valenciasjb.salesianos.edu\\\/colegio\\\/?s={search_term_string}\"},\"query-input\":{\"@type\":\"PropertyValueSpecification\",\"valueRequired\":true,\"valueName\":\"search_term_string\"}}],\"inLanguage\":\"es\"},{\"@type\":\"Person\",\"@id\":\"https:\\\/\\\/valenciasjb.salesianos.edu\\\/colegio\\\/#\\\/schema\\\/person\\\/1f45b67e52b27da175190a574db6bed9\",\"name\":\"veronicapastor\",\"image\":{\"@type\":\"ImageObject\",\"inLanguage\":\"es\",\"@id\":\"https:\\\/\\\/secure.gravatar.com\\\/avatar\\\/e29bd40bace3fd935e1d6fdb7313ffc14628cc037c5e16f4c7369b20a2a6f7f0?s=96&d=mm&r=g\",\"url\":\"https:\\\/\\\/secure.gravatar.com\\\/avatar\\\/e29bd40bace3fd935e1d6fdb7313ffc14628cc037c5e16f4c7369b20a2a6f7f0?s=96&d=mm&r=g\",\"contentUrl\":\"https:\\\/\\\/secure.gravatar.com\\\/avatar\\\/e29bd40bace3fd935e1d6fdb7313ffc14628cc037c5e16f4c7369b20a2a6f7f0?s=96&d=mm&r=g\",\"caption\":\"veronicapastor\"}}]}<\/script>\n<!-- \/ Yoast SEO plugin. -->","yoast_head_json":{"title":"Emocionante festival de Secundaria en honor a Don Bosco en la celebraci\u00f3n del 75 aniversario de la casa - Colegio San Juan Bosco Valencia","robots":{"index":"index","follow":"follow","max-snippet":"max-snippet:-1","max-image-preview":"max-image-preview:large","max-video-preview":"max-video-preview:-1"},"canonical":"https:\/\/valenciasjb.salesianos.edu\/colegio\/emocionante-festival-de-secundaria-en-honor-a-don-bosco-en-la-celebracion-del-75-aniversario-de-la-casa\/","og_locale":"es_ES","og_type":"article","og_title":"Emocionante festival de Secundaria en honor a Don Bosco en la celebraci\u00f3n del 75 aniversario de la casa - Colegio San Juan Bosco Valencia","og_description":"En la tarde del jueves, 27 de enero, transmitiendo desde el teatro, con todo el alumnado participante en los diferentes n\u00fameros y el resto de compa\u00f1eros y compa\u00f1eras en las aulas dispuestos a disfrutar de un rato de lo m\u00e1s entretenido, ha dado comienzo el festival de Secundaria en honor a San Juan Bosco. La [&hellip;]","og_url":"https:\/\/valenciasjb.salesianos.edu\/colegio\/emocionante-festival-de-secundaria-en-honor-a-don-bosco-en-la-celebracion-del-75-aniversario-de-la-casa\/","og_site_name":"Colegio San Juan Bosco Valencia","article_publisher":"https:\/\/www.facebook.com\/ColegioSalesianoSanJuanBoscoValencia","article_published_time":"2022-01-27T19:01:58+00:00","article_modified_time":"2022-01-27T19:47:33+00:00","og_image":[{"width":2560,"height":1440,"url":"https:\/\/valenciasjb.salesianos.edu\/colegio\/wp-content\/uploads\/sites\/2\/2022\/01\/retiro-74-scaled.jpg","type":"image\/jpeg"}],"author":"veronicapastor","twitter_card":"summary_large_image","twitter_creator":"@SalesianosVSJB","twitter_site":"@SalesianosVSJB","twitter_misc":{"Escrito por":"veronicapastor","Tiempo de lectura":"2 minutos"},"schema":{"@context":"https:\/\/schema.org","@graph":[{"@type":"Article","@id":"https:\/\/valenciasjb.salesianos.edu\/colegio\/emocionante-festival-de-secundaria-en-honor-a-don-bosco-en-la-celebracion-del-75-aniversario-de-la-casa\/#article","isPartOf":{"@id":"https:\/\/valenciasjb.salesianos.edu\/colegio\/emocionante-festival-de-secundaria-en-honor-a-don-bosco-en-la-celebracion-del-75-aniversario-de-la-casa\/"},"author":{"name":"veronicapastor","@id":"https:\/\/valenciasjb.salesianos.edu\/colegio\/#\/schema\/person\/1f45b67e52b27da175190a574db6bed9"},"headline":"Emocionante festival de Secundaria en honor a Don Bosco en la celebraci\u00f3n del 75 aniversario de la casa","datePublished":"2022-01-27T19:01:58+00:00","dateModified":"2022-01-27T19:47:33+00:00","mainEntityOfPage":{"@id":"https:\/\/valenciasjb.salesianos.edu\/colegio\/emocionante-festival-de-secundaria-en-honor-a-don-bosco-en-la-celebracion-del-75-aniversario-de-la-casa\/"},"wordCount":484,"image":{"@id":"https:\/\/valenciasjb.salesianos.edu\/colegio\/emocionante-festival-de-secundaria-en-honor-a-don-bosco-en-la-celebracion-del-75-aniversario-de-la-casa\/#primaryimage"},"thumbnailUrl":"https:\/\/valenciasjb.salesianos.edu\/colegio\/wp-content\/uploads\/sites\/2\/2022\/01\/retiro-74-scaled.jpg","articleSection":["Noticia Colegio"],"inLanguage":"es"},{"@type":"WebPage","@id":"https:\/\/valenciasjb.salesianos.edu\/colegio\/emocionante-festival-de-secundaria-en-honor-a-don-bosco-en-la-celebracion-del-75-aniversario-de-la-casa\/","url":"https:\/\/valenciasjb.salesianos.edu\/colegio\/emocionante-festival-de-secundaria-en-honor-a-don-bosco-en-la-celebracion-del-75-aniversario-de-la-casa\/","name":"Emocionante festival de Secundaria en honor a Don Bosco en la celebraci\u00f3n del 75 aniversario de la casa - Colegio San Juan Bosco Valencia","isPartOf":{"@id":"https:\/\/valenciasjb.salesianos.edu\/colegio\/#website"},"primaryImageOfPage":{"@id":"https:\/\/valenciasjb.salesianos.edu\/colegio\/emocionante-festival-de-secundaria-en-honor-a-don-bosco-en-la-celebracion-del-75-aniversario-de-la-casa\/#primaryimage"},"image":{"@id":"https:\/\/valenciasjb.salesianos.edu\/colegio\/emocionante-festival-de-secundaria-en-honor-a-don-bosco-en-la-celebracion-del-75-aniversario-de-la-casa\/#primaryimage"},"thumbnailUrl":"https:\/\/valenciasjb.salesianos.edu\/colegio\/wp-content\/uploads\/sites\/2\/2022\/01\/retiro-74-scaled.jpg","datePublished":"2022-01-27T19:01:58+00:00","dateModified":"2022-01-27T19:47:33+00:00","author":{"@id":"https:\/\/valenciasjb.salesianos.edu\/colegio\/#\/schema\/person\/1f45b67e52b27da175190a574db6bed9"},"breadcrumb":{"@id":"https:\/\/valenciasjb.salesianos.edu\/colegio\/emocionante-festival-de-secundaria-en-honor-a-don-bosco-en-la-celebracion-del-75-aniversario-de-la-casa\/#breadcrumb"},"inLanguage":"es","potentialAction":[{"@type":"ReadAction","target":["https:\/\/valenciasjb.salesianos.edu\/colegio\/emocionante-festival-de-secundaria-en-honor-a-don-bosco-en-la-celebracion-del-75-aniversario-de-la-casa\/"]}]},{"@type":"ImageObject","inLanguage":"es","@id":"https:\/\/valenciasjb.salesianos.edu\/colegio\/emocionante-festival-de-secundaria-en-honor-a-don-bosco-en-la-celebracion-del-75-aniversario-de-la-casa\/#primaryimage","url":"https:\/\/valenciasjb.salesianos.edu\/colegio\/wp-content\/uploads\/sites\/2\/2022\/01\/retiro-74-scaled.jpg","contentUrl":"https:\/\/valenciasjb.salesianos.edu\/colegio\/wp-content\/uploads\/sites\/2\/2022\/01\/retiro-74-scaled.jpg","width":2560,"height":1440},{"@type":"BreadcrumbList","@id":"https:\/\/valenciasjb.salesianos.edu\/colegio\/emocionante-festival-de-secundaria-en-honor-a-don-bosco-en-la-celebracion-del-75-aniversario-de-la-casa\/#breadcrumb","itemListElement":[{"@type":"ListItem","position":1,"name":"Portada","item":"https:\/\/valenciasjb.salesianos.edu\/colegio\/"},{"@type":"ListItem","position":2,"name":"Emocionante festival de Secundaria en honor a Don Bosco en la celebraci\u00f3n del 75 aniversario de la casa"}]},{"@type":"WebSite","@id":"https:\/\/valenciasjb.salesianos.edu\/colegio\/#website","url":"https:\/\/valenciasjb.salesianos.edu\/colegio\/","name":"Colegio San Juan Bosco Valencia","description":"P\u00e1gina oficial del Colegio Salesianos San Juan Bosco Valencia","alternateName":"Salesianos.VSJB","potentialAction":[{"@type":"SearchAction","target":{"@type":"EntryPoint","urlTemplate":"https:\/\/valenciasjb.salesianos.edu\/colegio\/?s={search_term_string}"},"query-input":{"@type":"PropertyValueSpecification","valueRequired":true,"valueName":"search_term_string"}}],"inLanguage":"es"},{"@type":"Person","@id":"https:\/\/valenciasjb.salesianos.edu\/colegio\/#\/schema\/person\/1f45b67e52b27da175190a574db6bed9","name":"veronicapastor","image":{"@type":"ImageObject","inLanguage":"es","@id":"https:\/\/secure.gravatar.com\/avatar\/e29bd40bace3fd935e1d6fdb7313ffc14628cc037c5e16f4c7369b20a2a6f7f0?s=96&d=mm&r=g","url":"https:\/\/secure.gravatar.com\/avatar\/e29bd40bace3fd935e1d6fdb7313ffc14628cc037c5e16f4c7369b20a2a6f7f0?s=96&d=mm&r=g","contentUrl":"https:\/\/secure.gravatar.com\/avatar\/e29bd40bace3fd935e1d6fdb7313ffc14628cc037c5e16f4c7369b20a2a6f7f0?s=96&d=mm&r=g","caption":"veronicapastor"}}]}},"_links":{"self":[{"href":"https:\/\/valenciasjb.salesianos.edu\/colegio\/wp-json\/wp\/v2\/posts\/16567","targetHints":{"allow":["GET"]}}],"collection":[{"href":"https:\/\/valenciasjb.salesianos.edu\/colegio\/wp-json\/wp\/v2\/posts"}],"about":[{"href":"https:\/\/valenciasjb.salesianos.edu\/colegio\/wp-json\/wp\/v2\/types\/post"}],"author":[{"embeddable":true,"href":"https:\/\/valenciasjb.salesianos.edu\/colegio\/wp-json\/wp\/v2\/users\/6"}],"replies":[{"embeddable":true,"href":"https:\/\/valenciasjb.salesianos.edu\/colegio\/wp-json\/wp\/v2\/comments?post=16567"}],"version-history":[{"count":5,"href":"https:\/\/valenciasjb.salesianos.edu\/colegio\/wp-json\/wp\/v2\/posts\/16567\/revisions"}],"predecessor-version":[{"id":16592,"href":"https:\/\/valenciasjb.salesianos.edu\/colegio\/wp-json\/wp\/v2\/posts\/16567\/revisions\/16592"}],"wp:featuredmedia":[{"embeddable":true,"href":"https:\/\/valenciasjb.salesianos.edu\/colegio\/wp-json\/wp\/v2\/media\/16570"}],"wp:attachment":[{"href":"https:\/\/valenciasjb.salesianos.edu\/colegio\/wp-json\/wp\/v2\/media?parent=16567"}],"wp:term":[{"taxonomy":"category","embeddable":true,"href":"https:\/\/valenciasjb.salesianos.edu\/colegio\/wp-json\/wp\/v2\/categories?post=16567"},{"taxonomy":"post_tag","embeddable":true,"href":"https:\/\/valenciasjb.salesianos.edu\/colegio\/wp-json\/wp\/v2\/tags?post=16567"}],"curies":[{"name":"wp","href":"https:\/\/api.w.org\/{rel}","templated":true}]}}