{"id":16620,"date":"2022-02-11T22:26:30","date_gmt":"2022-02-11T21:26:30","guid":{"rendered":"https:\/\/valenciasjb.salesianos.edu\/colegio\/?p=16620"},"modified":"2022-02-12T13:31:09","modified_gmt":"2022-02-12T12:31:09","slug":"el-colegio-muy-presente-en-el-acto-de-nuestra-antigua-alumna-y-disenadora-alba-garcia-de-la-firma-cache-croche-y-directora-de-la-ong-nuestra-lucha-contra-la-contaminacion-del-mar","status":"publish","type":"post","link":"https:\/\/valenciasjb.salesianos.edu\/colegio\/el-colegio-muy-presente-en-el-acto-de-nuestra-antigua-alumna-y-disenadora-alba-garcia-de-la-firma-cache-croche-y-directora-de-la-ong-nuestra-lucha-contra-la-contaminacion-del-mar\/","title":{"rendered":"El colegio muy presente en el acto de nuestra antigua alumna y dise\u00f1adora Alba Garc\u00eda, de la firma Cache Croche y directora de la ONG \u201cNuestra lucha\u201d contra la contaminaci\u00f3n del Mar"},"content":{"rendered":"<div id=\"fb-root\"><\/div>\n<p>[et_pb_section fb_built=\u00bb1&#8243; admin_label=\u00bbsection\u00bb _builder_version=\u00bb3.22&#8243; global_colors_info=\u00bb{}\u00bb][et_pb_row admin_label=\u00bbrow\u00bb _builder_version=\u00bb3.25&#8243; background_size=\u00bbinitial\u00bb background_position=\u00bbtop_left\u00bb background_repeat=\u00bbrepeat\u00bb global_colors_info=\u00bb{}\u00bb][et_pb_column type=\u00bb4_4&#8243; _builder_version=\u00bb3.25&#8243; custom_padding=\u00bb|||\u00bb global_colors_info=\u00bb{}\u00bb custom_padding__hover=\u00bb|||\u00bb][et_pb_text admin_label=\u00bbEntradilla (Texto)\u00bb _builder_version=\u00bb4.14.7&#8243; text_font=\u00bb|on|||\u00bb text_orientation=\u00bbjustified\u00bb module_alignment=\u00bbjustified\u00bb global_colors_info=\u00bb{}\u00bb]<\/p>\n<div id=\"resumen\"><strong>La tierra, el mar, los recursos naturales no son eternos. Nosotros tampoco, pero tenemos un deber con los que vendr\u00e1n despu\u00e9s de nosotros, con nuestro planeta, con esa Casa com\u00fan que nos acoge y que casi siempre nos sufre. Que este\u00a0sentimiento de emoci\u00f3n que hoy nos atrapa y que ha cautivado todos nuestros sentidos sirva para que siempre tengamos presente que un d\u00eda podemos perderlo, pero que juntos, si no perdemos m\u00e1s tiempo, podemos lograrlo\u201d fueron las emotivas palabras de Fran Hern\u00e1ndez, \u00a0profesor del colegio y presentador del acto celebrado en el Hotel Westin de Valencia ante m\u00e1s de un centenar de personas. En \u00e9l, nuestra antigua alumna y dise\u00f1adora Alba Garc\u00eda, de la firma Cache Croche y directora de la ONG \u201cNuestra lucha\u201d contra la contaminaci\u00f3n del Mar Mediterr\u00e1neo nos habl\u00f3 de una forma dura pero desgraciadamente muy real, de los efectos del cambio clim\u00e1tico en el Mar Mediterr\u00e1neo y de c\u00f3mo debe la moda y la gastronom\u00eda, adem\u00e1s de la sociedad en general enfrentar desde ya cambios significativos en su modo de actuar. Adem\u00e1s, cont\u00f3 con la presencia de destacadas personalidades que, de forma desinteresada quisieron unirse, as\u00ed como de la soprano Emilia Onrubia el cantante Juan Ram\u00f3n, Miss Espa\u00f1a y varias firmas comerciales que hacen de la sostenibilidad su gu\u00eda.<\/strong><\/div>\n<div>\u00a0<\/div>\n<p>[\/et_pb_text][et_pb_text admin_label=\u00bbAutor (Texto)\u00bb _builder_version=\u00bb3.27.4&#8243; text_font=\u00bb||on||\u00bb global_colors_info=\u00bb{}\u00bb]Redacci\u00f3n<br \/>\n[\/et_pb_text][et_pb_text admin_label=\u00bbDesarrollo (Texto)\u00bb _builder_version=\u00bb4.14.7&#8243; text_orientation=\u00bbjustified\u00bb module_alignment=\u00bbjustified\u00bb global_colors_info=\u00bb{}\u00bb]<\/p>\n<p>El colegio estuvo presente en el acto de manera muy significativa, tanto por el profesor Fran Hern\u00e1ndez que present\u00f3, como por la profesora Maite \u00c1lvarez y el alumno Jhon Lenin Hern\u00e1ndez Vargas, 2\u00b0ESO B, que acudieron al evento.<\/p>\n<p>Creemos firmemente que nos mueve la esperanza de que juntos podemos conseguirlo y ya estamos poniendo nuestro granito de arena con Alba y con su lucha, que tambi\u00e9n es \u201cNuestra lucha\u201d.<\/p>\n<p>&nbsp;<\/p>\n<p>[\/et_pb_text][et_pb_text disabled_on=\u00bboff|on|on\u00bb admin_label=\u00bbT\u00edtulo: Galer\u00eda de fotos (Texto)\u00bb _builder_version=\u00bb3.27.4&#8243; text_font=\u00bb|on|||\u00bb text_text_color=\u00bb#dc001b\u00bb border_style=\u00bbsolid\u00bb global_colors_info=\u00bb{}\u00bb]Galer\u00eda de im\u00e1genes<br \/>\n[\/et_pb_text][et_pb_gallery gallery_ids=\u00bb16623,16624,16625,16626,16627,16628,16629,16630,16631,16637&#8243; posts_number=\u00bb8&#8243; show_title_and_caption=\u00bboff\u00bb zoom_icon_color=\u00bb#dc001b\u00bb hover_icon=\u00bb&#x54;||divi||400&#8243; disabled_on=\u00bboff|off|off\u00bb _builder_version=\u00bb4.14.7&#8243; pagination_font_size_tablet=\u00bb51&#8243; pagination_line_height_tablet=\u00bb2&#8243; global_colors_info=\u00bb{}\u00bb][\/et_pb_gallery][et_pb_video disabled_on=\u00bbon|on|on\u00bb _builder_version=\u00bb3.0.51&#8243; disabled=\u00bbon\u00bb global_colors_info=\u00bb{}\u00bb][\/et_pb_video][\/et_pb_column][\/et_pb_row][\/et_pb_section]<\/p>\n<!-- AddThis Advanced Settings generic via filter on the_content --><!-- AddThis Share Buttons generic via filter on the_content -->","protected":false},"excerpt":{"rendered":"<p>La tierra, el mar, los recursos naturales no son eternos. Nosotros tampoco, pero tenemos un deber con los que vendr\u00e1n despu\u00e9s de nosotros, con nuestro planeta, con esa Casa com\u00fan que nos acoge y que casi siempre nos sufre. Que este\u00a0sentimiento de emoci\u00f3n que hoy nos atrapa y que ha cautivado todos nuestros sentidos sirva [&hellip;]<\/p>\n<p><!-- AddThis Advanced Settings generic via filter on get_the_excerpt --><!-- AddThis Share Buttons generic via filter on get_the_excerpt --><\/p>\n","protected":false},"author":6,"featured_media":16637,"comment_status":"closed","ping_status":"open","sticky":false,"template":"","format":"standard","meta":{"_et_pb_use_builder":"on","_et_pb_old_content":"","_et_gb_content_width":"","footnotes":""},"categories":[14],"tags":[],"class_list":["post-16620","post","type-post","status-publish","format-standard","has-post-thumbnail","hentry","category-noticia_colegio"],"yoast_head":"<!-- This site is optimized with the Yoast SEO plugin v28.4 - https:\/\/yoast.com\/product\/yoast-seo-wordpress\/ -->\n<title>El colegio muy presente en el acto de nuestra antigua alumna y dise\u00f1adora Alba Garc\u00eda, de la firma Cache Croche y directora de la ONG \u201cNuestra lucha\u201d contra la contaminaci\u00f3n del Mar - Colegio San Juan Bosco Valencia<\/title>\n<meta name=\"robots\" content=\"index, follow, max-snippet:-1, max-image-preview:large, max-video-preview:-1\" \/>\n<link rel=\"canonical\" href=\"https:\/\/valenciasjb.salesianos.edu\/colegio\/el-colegio-muy-presente-en-el-acto-de-nuestra-antigua-alumna-y-disenadora-alba-garcia-de-la-firma-cache-croche-y-directora-de-la-ong-nuestra-lucha-contra-la-contaminacion-del-mar\/\" \/>\n<meta property=\"og:locale\" content=\"es_ES\" \/>\n<meta property=\"og:type\" content=\"article\" \/>\n<meta property=\"og:title\" content=\"El colegio muy presente en el acto de nuestra antigua alumna y dise\u00f1adora Alba Garc\u00eda, de la firma Cache Croche y directora de la ONG \u201cNuestra lucha\u201d contra la contaminaci\u00f3n del Mar - Colegio San Juan Bosco Valencia\" \/>\n<meta property=\"og:description\" content=\"La tierra, el mar, los recursos naturales no son eternos. Nosotros tampoco, pero tenemos un deber con los que vendr\u00e1n despu\u00e9s de nosotros, con nuestro planeta, con esa Casa com\u00fan que nos acoge y que casi siempre nos sufre. Que este\u00a0sentimiento de emoci\u00f3n que hoy nos atrapa y que ha cautivado todos nuestros sentidos sirva [&hellip;]\" \/>\n<meta property=\"og:url\" content=\"https:\/\/valenciasjb.salesianos.edu\/colegio\/el-colegio-muy-presente-en-el-acto-de-nuestra-antigua-alumna-y-disenadora-alba-garcia-de-la-firma-cache-croche-y-directora-de-la-ong-nuestra-lucha-contra-la-contaminacion-del-mar\/\" \/>\n<meta property=\"og:site_name\" content=\"Colegio San Juan Bosco Valencia\" \/>\n<meta property=\"article:publisher\" content=\"https:\/\/www.facebook.com\/ColegioSalesianoSanJuanBoscoValencia\" \/>\n<meta property=\"article:published_time\" content=\"2022-02-11T21:26:30+00:00\" \/>\n<meta property=\"article:modified_time\" content=\"2022-02-12T12:31:09+00:00\" \/>\n<meta property=\"og:image\" content=\"https:\/\/valenciasjb.salesianos.edu\/colegio\/wp-content\/uploads\/sites\/2\/2022\/02\/IMG-20220212-WA0002.jpg\" \/>\n\t<meta property=\"og:image:width\" content=\"1600\" \/>\n\t<meta property=\"og:image:height\" content=\"1280\" \/>\n\t<meta property=\"og:image:type\" content=\"image\/jpeg\" \/>\n<meta name=\"author\" content=\"veronicapastor\" \/>\n<meta name=\"twitter:card\" content=\"summary_large_image\" \/>\n<meta name=\"twitter:creator\" content=\"@SalesianosVSJB\" \/>\n<meta name=\"twitter:site\" content=\"@SalesianosVSJB\" \/>\n<meta name=\"twitter:label1\" content=\"Escrito por\" \/>\n\t<meta name=\"twitter:data1\" content=\"veronicapastor\" \/>\n\t<meta name=\"twitter:label2\" content=\"Tiempo de lectura\" \/>\n\t<meta name=\"twitter:data2\" content=\"3 minutos\" \/>\n<script type=\"application\/ld+json\" class=\"yoast-schema-graph\">{\"@context\":\"https:\\\/\\\/schema.org\",\"@graph\":[{\"@type\":\"Article\",\"@id\":\"https:\\\/\\\/valenciasjb.salesianos.edu\\\/colegio\\\/el-colegio-muy-presente-en-el-acto-de-nuestra-antigua-alumna-y-disenadora-alba-garcia-de-la-firma-cache-croche-y-directora-de-la-ong-nuestra-lucha-contra-la-contaminacion-del-mar\\\/#article\",\"isPartOf\":{\"@id\":\"https:\\\/\\\/valenciasjb.salesianos.edu\\\/colegio\\\/el-colegio-muy-presente-en-el-acto-de-nuestra-antigua-alumna-y-disenadora-alba-garcia-de-la-firma-cache-croche-y-directora-de-la-ong-nuestra-lucha-contra-la-contaminacion-del-mar\\\/\"},\"author\":{\"name\":\"veronicapastor\",\"@id\":\"https:\\\/\\\/valenciasjb.salesianos.edu\\\/colegio\\\/#\\\/schema\\\/person\\\/1f45b67e52b27da175190a574db6bed9\"},\"headline\":\"El colegio muy presente en el acto de nuestra antigua alumna y dise\u00f1adora Alba Garc\u00eda, de la firma Cache Croche y directora de la ONG \u201cNuestra lucha\u201d contra la contaminaci\u00f3n del Mar\",\"datePublished\":\"2022-02-11T21:26:30+00:00\",\"dateModified\":\"2022-02-12T12:31:09+00:00\",\"mainEntityOfPage\":{\"@id\":\"https:\\\/\\\/valenciasjb.salesianos.edu\\\/colegio\\\/el-colegio-muy-presente-en-el-acto-de-nuestra-antigua-alumna-y-disenadora-alba-garcia-de-la-firma-cache-croche-y-directora-de-la-ong-nuestra-lucha-contra-la-contaminacion-del-mar\\\/\"},\"wordCount\":566,\"image\":{\"@id\":\"https:\\\/\\\/valenciasjb.salesianos.edu\\\/colegio\\\/el-colegio-muy-presente-en-el-acto-de-nuestra-antigua-alumna-y-disenadora-alba-garcia-de-la-firma-cache-croche-y-directora-de-la-ong-nuestra-lucha-contra-la-contaminacion-del-mar\\\/#primaryimage\"},\"thumbnailUrl\":\"https:\\\/\\\/valenciasjb.salesianos.edu\\\/colegio\\\/wp-content\\\/uploads\\\/sites\\\/2\\\/2022\\\/02\\\/IMG-20220212-WA0002.jpg\",\"articleSection\":[\"Noticia Colegio\"],\"inLanguage\":\"es\"},{\"@type\":\"WebPage\",\"@id\":\"https:\\\/\\\/valenciasjb.salesianos.edu\\\/colegio\\\/el-colegio-muy-presente-en-el-acto-de-nuestra-antigua-alumna-y-disenadora-alba-garcia-de-la-firma-cache-croche-y-directora-de-la-ong-nuestra-lucha-contra-la-contaminacion-del-mar\\\/\",\"url\":\"https:\\\/\\\/valenciasjb.salesianos.edu\\\/colegio\\\/el-colegio-muy-presente-en-el-acto-de-nuestra-antigua-alumna-y-disenadora-alba-garcia-de-la-firma-cache-croche-y-directora-de-la-ong-nuestra-lucha-contra-la-contaminacion-del-mar\\\/\",\"name\":\"El colegio muy presente en el acto de nuestra antigua alumna y dise\u00f1adora Alba Garc\u00eda, de la firma Cache Croche y directora de la ONG \u201cNuestra lucha\u201d contra la contaminaci\u00f3n del Mar - Colegio San Juan Bosco Valencia\",\"isPartOf\":{\"@id\":\"https:\\\/\\\/valenciasjb.salesianos.edu\\\/colegio\\\/#website\"},\"primaryImageOfPage\":{\"@id\":\"https:\\\/\\\/valenciasjb.salesianos.edu\\\/colegio\\\/el-colegio-muy-presente-en-el-acto-de-nuestra-antigua-alumna-y-disenadora-alba-garcia-de-la-firma-cache-croche-y-directora-de-la-ong-nuestra-lucha-contra-la-contaminacion-del-mar\\\/#primaryimage\"},\"image\":{\"@id\":\"https:\\\/\\\/valenciasjb.salesianos.edu\\\/colegio\\\/el-colegio-muy-presente-en-el-acto-de-nuestra-antigua-alumna-y-disenadora-alba-garcia-de-la-firma-cache-croche-y-directora-de-la-ong-nuestra-lucha-contra-la-contaminacion-del-mar\\\/#primaryimage\"},\"thumbnailUrl\":\"https:\\\/\\\/valenciasjb.salesianos.edu\\\/colegio\\\/wp-content\\\/uploads\\\/sites\\\/2\\\/2022\\\/02\\\/IMG-20220212-WA0002.jpg\",\"datePublished\":\"2022-02-11T21:26:30+00:00\",\"dateModified\":\"2022-02-12T12:31:09+00:00\",\"author\":{\"@id\":\"https:\\\/\\\/valenciasjb.salesianos.edu\\\/colegio\\\/#\\\/schema\\\/person\\\/1f45b67e52b27da175190a574db6bed9\"},\"breadcrumb\":{\"@id\":\"https:\\\/\\\/valenciasjb.salesianos.edu\\\/colegio\\\/el-colegio-muy-presente-en-el-acto-de-nuestra-antigua-alumna-y-disenadora-alba-garcia-de-la-firma-cache-croche-y-directora-de-la-ong-nuestra-lucha-contra-la-contaminacion-del-mar\\\/#breadcrumb\"},\"inLanguage\":\"es\",\"potentialAction\":[{\"@type\":\"ReadAction\",\"target\":[\"https:\\\/\\\/valenciasjb.salesianos.edu\\\/colegio\\\/el-colegio-muy-presente-en-el-acto-de-nuestra-antigua-alumna-y-disenadora-alba-garcia-de-la-firma-cache-croche-y-directora-de-la-ong-nuestra-lucha-contra-la-contaminacion-del-mar\\\/\"]}]},{\"@type\":\"ImageObject\",\"inLanguage\":\"es\",\"@id\":\"https:\\\/\\\/valenciasjb.salesianos.edu\\\/colegio\\\/el-colegio-muy-presente-en-el-acto-de-nuestra-antigua-alumna-y-disenadora-alba-garcia-de-la-firma-cache-croche-y-directora-de-la-ong-nuestra-lucha-contra-la-contaminacion-del-mar\\\/#primaryimage\",\"url\":\"https:\\\/\\\/valenciasjb.salesianos.edu\\\/colegio\\\/wp-content\\\/uploads\\\/sites\\\/2\\\/2022\\\/02\\\/IMG-20220212-WA0002.jpg\",\"contentUrl\":\"https:\\\/\\\/valenciasjb.salesianos.edu\\\/colegio\\\/wp-content\\\/uploads\\\/sites\\\/2\\\/2022\\\/02\\\/IMG-20220212-WA0002.jpg\",\"width\":1600,\"height\":1280},{\"@type\":\"BreadcrumbList\",\"@id\":\"https:\\\/\\\/valenciasjb.salesianos.edu\\\/colegio\\\/el-colegio-muy-presente-en-el-acto-de-nuestra-antigua-alumna-y-disenadora-alba-garcia-de-la-firma-cache-croche-y-directora-de-la-ong-nuestra-lucha-contra-la-contaminacion-del-mar\\\/#breadcrumb\",\"itemListElement\":[{\"@type\":\"ListItem\",\"position\":1,\"name\":\"Portada\",\"item\":\"https:\\\/\\\/valenciasjb.salesianos.edu\\\/colegio\\\/\"},{\"@type\":\"ListItem\",\"position\":2,\"name\":\"El colegio muy presente en el acto de nuestra antigua alumna y dise\u00f1adora Alba Garc\u00eda, de la firma Cache Croche y directora de la ONG \u201cNuestra lucha\u201d contra la contaminaci\u00f3n del Mar\"}]},{\"@type\":\"WebSite\",\"@id\":\"https:\\\/\\\/valenciasjb.salesianos.edu\\\/colegio\\\/#website\",\"url\":\"https:\\\/\\\/valenciasjb.salesianos.edu\\\/colegio\\\/\",\"name\":\"Colegio San Juan Bosco Valencia\",\"description\":\"P\u00e1gina oficial del Colegio Salesianos San Juan Bosco Valencia\",\"alternateName\":\"Salesianos.VSJB\",\"potentialAction\":[{\"@type\":\"SearchAction\",\"target\":{\"@type\":\"EntryPoint\",\"urlTemplate\":\"https:\\\/\\\/valenciasjb.salesianos.edu\\\/colegio\\\/?s={search_term_string}\"},\"query-input\":{\"@type\":\"PropertyValueSpecification\",\"valueRequired\":true,\"valueName\":\"search_term_string\"}}],\"inLanguage\":\"es\"},{\"@type\":\"Person\",\"@id\":\"https:\\\/\\\/valenciasjb.salesianos.edu\\\/colegio\\\/#\\\/schema\\\/person\\\/1f45b67e52b27da175190a574db6bed9\",\"name\":\"veronicapastor\",\"image\":{\"@type\":\"ImageObject\",\"inLanguage\":\"es\",\"@id\":\"https:\\\/\\\/secure.gravatar.com\\\/avatar\\\/e29bd40bace3fd935e1d6fdb7313ffc14628cc037c5e16f4c7369b20a2a6f7f0?s=96&d=mm&r=g\",\"url\":\"https:\\\/\\\/secure.gravatar.com\\\/avatar\\\/e29bd40bace3fd935e1d6fdb7313ffc14628cc037c5e16f4c7369b20a2a6f7f0?s=96&d=mm&r=g\",\"contentUrl\":\"https:\\\/\\\/secure.gravatar.com\\\/avatar\\\/e29bd40bace3fd935e1d6fdb7313ffc14628cc037c5e16f4c7369b20a2a6f7f0?s=96&d=mm&r=g\",\"caption\":\"veronicapastor\"}}]}<\/script>\n<!-- \/ Yoast SEO plugin. -->","yoast_head_json":{"title":"El colegio muy presente en el acto de nuestra antigua alumna y dise\u00f1adora Alba Garc\u00eda, de la firma Cache Croche y directora de la ONG \u201cNuestra lucha\u201d contra la contaminaci\u00f3n del Mar - Colegio San Juan Bosco Valencia","robots":{"index":"index","follow":"follow","max-snippet":"max-snippet:-1","max-image-preview":"max-image-preview:large","max-video-preview":"max-video-preview:-1"},"canonical":"https:\/\/valenciasjb.salesianos.edu\/colegio\/el-colegio-muy-presente-en-el-acto-de-nuestra-antigua-alumna-y-disenadora-alba-garcia-de-la-firma-cache-croche-y-directora-de-la-ong-nuestra-lucha-contra-la-contaminacion-del-mar\/","og_locale":"es_ES","og_type":"article","og_title":"El colegio muy presente en el acto de nuestra antigua alumna y dise\u00f1adora Alba Garc\u00eda, de la firma Cache Croche y directora de la ONG \u201cNuestra lucha\u201d contra la contaminaci\u00f3n del Mar - Colegio San Juan Bosco Valencia","og_description":"La tierra, el mar, los recursos naturales no son eternos. Nosotros tampoco, pero tenemos un deber con los que vendr\u00e1n despu\u00e9s de nosotros, con nuestro planeta, con esa Casa com\u00fan que nos acoge y que casi siempre nos sufre. Que este\u00a0sentimiento de emoci\u00f3n que hoy nos atrapa y que ha cautivado todos nuestros sentidos sirva [&hellip;]","og_url":"https:\/\/valenciasjb.salesianos.edu\/colegio\/el-colegio-muy-presente-en-el-acto-de-nuestra-antigua-alumna-y-disenadora-alba-garcia-de-la-firma-cache-croche-y-directora-de-la-ong-nuestra-lucha-contra-la-contaminacion-del-mar\/","og_site_name":"Colegio San Juan Bosco Valencia","article_publisher":"https:\/\/www.facebook.com\/ColegioSalesianoSanJuanBoscoValencia","article_published_time":"2022-02-11T21:26:30+00:00","article_modified_time":"2022-02-12T12:31:09+00:00","og_image":[{"width":1600,"height":1280,"url":"https:\/\/valenciasjb.salesianos.edu\/colegio\/wp-content\/uploads\/sites\/2\/2022\/02\/IMG-20220212-WA0002.jpg","type":"image\/jpeg"}],"author":"veronicapastor","twitter_card":"summary_large_image","twitter_creator":"@SalesianosVSJB","twitter_site":"@SalesianosVSJB","twitter_misc":{"Escrito por":"veronicapastor","Tiempo de lectura":"3 minutos"},"schema":{"@context":"https:\/\/schema.org","@graph":[{"@type":"Article","@id":"https:\/\/valenciasjb.salesianos.edu\/colegio\/el-colegio-muy-presente-en-el-acto-de-nuestra-antigua-alumna-y-disenadora-alba-garcia-de-la-firma-cache-croche-y-directora-de-la-ong-nuestra-lucha-contra-la-contaminacion-del-mar\/#article","isPartOf":{"@id":"https:\/\/valenciasjb.salesianos.edu\/colegio\/el-colegio-muy-presente-en-el-acto-de-nuestra-antigua-alumna-y-disenadora-alba-garcia-de-la-firma-cache-croche-y-directora-de-la-ong-nuestra-lucha-contra-la-contaminacion-del-mar\/"},"author":{"name":"veronicapastor","@id":"https:\/\/valenciasjb.salesianos.edu\/colegio\/#\/schema\/person\/1f45b67e52b27da175190a574db6bed9"},"headline":"El colegio muy presente en el acto de nuestra antigua alumna y dise\u00f1adora Alba Garc\u00eda, de la firma Cache Croche y directora de la ONG \u201cNuestra lucha\u201d contra la contaminaci\u00f3n del Mar","datePublished":"2022-02-11T21:26:30+00:00","dateModified":"2022-02-12T12:31:09+00:00","mainEntityOfPage":{"@id":"https:\/\/valenciasjb.salesianos.edu\/colegio\/el-colegio-muy-presente-en-el-acto-de-nuestra-antigua-alumna-y-disenadora-alba-garcia-de-la-firma-cache-croche-y-directora-de-la-ong-nuestra-lucha-contra-la-contaminacion-del-mar\/"},"wordCount":566,"image":{"@id":"https:\/\/valenciasjb.salesianos.edu\/colegio\/el-colegio-muy-presente-en-el-acto-de-nuestra-antigua-alumna-y-disenadora-alba-garcia-de-la-firma-cache-croche-y-directora-de-la-ong-nuestra-lucha-contra-la-contaminacion-del-mar\/#primaryimage"},"thumbnailUrl":"https:\/\/valenciasjb.salesianos.edu\/colegio\/wp-content\/uploads\/sites\/2\/2022\/02\/IMG-20220212-WA0002.jpg","articleSection":["Noticia Colegio"],"inLanguage":"es"},{"@type":"WebPage","@id":"https:\/\/valenciasjb.salesianos.edu\/colegio\/el-colegio-muy-presente-en-el-acto-de-nuestra-antigua-alumna-y-disenadora-alba-garcia-de-la-firma-cache-croche-y-directora-de-la-ong-nuestra-lucha-contra-la-contaminacion-del-mar\/","url":"https:\/\/valenciasjb.salesianos.edu\/colegio\/el-colegio-muy-presente-en-el-acto-de-nuestra-antigua-alumna-y-disenadora-alba-garcia-de-la-firma-cache-croche-y-directora-de-la-ong-nuestra-lucha-contra-la-contaminacion-del-mar\/","name":"El colegio muy presente en el acto de nuestra antigua alumna y dise\u00f1adora Alba Garc\u00eda, de la firma Cache Croche y directora de la ONG \u201cNuestra lucha\u201d contra la contaminaci\u00f3n del Mar - Colegio San Juan Bosco Valencia","isPartOf":{"@id":"https:\/\/valenciasjb.salesianos.edu\/colegio\/#website"},"primaryImageOfPage":{"@id":"https:\/\/valenciasjb.salesianos.edu\/colegio\/el-colegio-muy-presente-en-el-acto-de-nuestra-antigua-alumna-y-disenadora-alba-garcia-de-la-firma-cache-croche-y-directora-de-la-ong-nuestra-lucha-contra-la-contaminacion-del-mar\/#primaryimage"},"image":{"@id":"https:\/\/valenciasjb.salesianos.edu\/colegio\/el-colegio-muy-presente-en-el-acto-de-nuestra-antigua-alumna-y-disenadora-alba-garcia-de-la-firma-cache-croche-y-directora-de-la-ong-nuestra-lucha-contra-la-contaminacion-del-mar\/#primaryimage"},"thumbnailUrl":"https:\/\/valenciasjb.salesianos.edu\/colegio\/wp-content\/uploads\/sites\/2\/2022\/02\/IMG-20220212-WA0002.jpg","datePublished":"2022-02-11T21:26:30+00:00","dateModified":"2022-02-12T12:31:09+00:00","author":{"@id":"https:\/\/valenciasjb.salesianos.edu\/colegio\/#\/schema\/person\/1f45b67e52b27da175190a574db6bed9"},"breadcrumb":{"@id":"https:\/\/valenciasjb.salesianos.edu\/colegio\/el-colegio-muy-presente-en-el-acto-de-nuestra-antigua-alumna-y-disenadora-alba-garcia-de-la-firma-cache-croche-y-directora-de-la-ong-nuestra-lucha-contra-la-contaminacion-del-mar\/#breadcrumb"},"inLanguage":"es","potentialAction":[{"@type":"ReadAction","target":["https:\/\/valenciasjb.salesianos.edu\/colegio\/el-colegio-muy-presente-en-el-acto-de-nuestra-antigua-alumna-y-disenadora-alba-garcia-de-la-firma-cache-croche-y-directora-de-la-ong-nuestra-lucha-contra-la-contaminacion-del-mar\/"]}]},{"@type":"ImageObject","inLanguage":"es","@id":"https:\/\/valenciasjb.salesianos.edu\/colegio\/el-colegio-muy-presente-en-el-acto-de-nuestra-antigua-alumna-y-disenadora-alba-garcia-de-la-firma-cache-croche-y-directora-de-la-ong-nuestra-lucha-contra-la-contaminacion-del-mar\/#primaryimage","url":"https:\/\/valenciasjb.salesianos.edu\/colegio\/wp-content\/uploads\/sites\/2\/2022\/02\/IMG-20220212-WA0002.jpg","contentUrl":"https:\/\/valenciasjb.salesianos.edu\/colegio\/wp-content\/uploads\/sites\/2\/2022\/02\/IMG-20220212-WA0002.jpg","width":1600,"height":1280},{"@type":"BreadcrumbList","@id":"https:\/\/valenciasjb.salesianos.edu\/colegio\/el-colegio-muy-presente-en-el-acto-de-nuestra-antigua-alumna-y-disenadora-alba-garcia-de-la-firma-cache-croche-y-directora-de-la-ong-nuestra-lucha-contra-la-contaminacion-del-mar\/#breadcrumb","itemListElement":[{"@type":"ListItem","position":1,"name":"Portada","item":"https:\/\/valenciasjb.salesianos.edu\/colegio\/"},{"@type":"ListItem","position":2,"name":"El colegio muy presente en el acto de nuestra antigua alumna y dise\u00f1adora Alba Garc\u00eda, de la firma Cache Croche y directora de la ONG \u201cNuestra lucha\u201d contra la contaminaci\u00f3n del Mar"}]},{"@type":"WebSite","@id":"https:\/\/valenciasjb.salesianos.edu\/colegio\/#website","url":"https:\/\/valenciasjb.salesianos.edu\/colegio\/","name":"Colegio San Juan Bosco Valencia","description":"P\u00e1gina oficial del Colegio Salesianos San Juan Bosco Valencia","alternateName":"Salesianos.VSJB","potentialAction":[{"@type":"SearchAction","target":{"@type":"EntryPoint","urlTemplate":"https:\/\/valenciasjb.salesianos.edu\/colegio\/?s={search_term_string}"},"query-input":{"@type":"PropertyValueSpecification","valueRequired":true,"valueName":"search_term_string"}}],"inLanguage":"es"},{"@type":"Person","@id":"https:\/\/valenciasjb.salesianos.edu\/colegio\/#\/schema\/person\/1f45b67e52b27da175190a574db6bed9","name":"veronicapastor","image":{"@type":"ImageObject","inLanguage":"es","@id":"https:\/\/secure.gravatar.com\/avatar\/e29bd40bace3fd935e1d6fdb7313ffc14628cc037c5e16f4c7369b20a2a6f7f0?s=96&d=mm&r=g","url":"https:\/\/secure.gravatar.com\/avatar\/e29bd40bace3fd935e1d6fdb7313ffc14628cc037c5e16f4c7369b20a2a6f7f0?s=96&d=mm&r=g","contentUrl":"https:\/\/secure.gravatar.com\/avatar\/e29bd40bace3fd935e1d6fdb7313ffc14628cc037c5e16f4c7369b20a2a6f7f0?s=96&d=mm&r=g","caption":"veronicapastor"}}]}},"_links":{"self":[{"href":"https:\/\/valenciasjb.salesianos.edu\/colegio\/wp-json\/wp\/v2\/posts\/16620","targetHints":{"allow":["GET"]}}],"collection":[{"href":"https:\/\/valenciasjb.salesianos.edu\/colegio\/wp-json\/wp\/v2\/posts"}],"about":[{"href":"https:\/\/valenciasjb.salesianos.edu\/colegio\/wp-json\/wp\/v2\/types\/post"}],"author":[{"embeddable":true,"href":"https:\/\/valenciasjb.salesianos.edu\/colegio\/wp-json\/wp\/v2\/users\/6"}],"replies":[{"embeddable":true,"href":"https:\/\/valenciasjb.salesianos.edu\/colegio\/wp-json\/wp\/v2\/comments?post=16620"}],"version-history":[{"count":6,"href":"https:\/\/valenciasjb.salesianos.edu\/colegio\/wp-json\/wp\/v2\/posts\/16620\/revisions"}],"predecessor-version":[{"id":16639,"href":"https:\/\/valenciasjb.salesianos.edu\/colegio\/wp-json\/wp\/v2\/posts\/16620\/revisions\/16639"}],"wp:featuredmedia":[{"embeddable":true,"href":"https:\/\/valenciasjb.salesianos.edu\/colegio\/wp-json\/wp\/v2\/media\/16637"}],"wp:attachment":[{"href":"https:\/\/valenciasjb.salesianos.edu\/colegio\/wp-json\/wp\/v2\/media?parent=16620"}],"wp:term":[{"taxonomy":"category","embeddable":true,"href":"https:\/\/valenciasjb.salesianos.edu\/colegio\/wp-json\/wp\/v2\/categories?post=16620"},{"taxonomy":"post_tag","embeddable":true,"href":"https:\/\/valenciasjb.salesianos.edu\/colegio\/wp-json\/wp\/v2\/tags?post=16620"}],"curies":[{"name":"wp","href":"https:\/\/api.w.org\/{rel}","templated":true}]}}