{"id":16690,"date":"2022-03-07T21:30:18","date_gmt":"2022-03-07T20:30:18","guid":{"rendered":"https:\/\/valenciasjb.salesianos.edu\/colegio\/?p=16690"},"modified":"2022-03-09T13:49:55","modified_gmt":"2022-03-09T12:49:55","slug":"durant-el-mes-de-febrer-el-nostre-col%c2%b7legi-ha-participat-amb-la-long-salesiana-bosco-global-en-els-diferents-projectes-educatius-encetats-a-togo","status":"publish","type":"post","link":"https:\/\/valenciasjb.salesianos.edu\/colegio\/durant-el-mes-de-febrer-el-nostre-col%c2%b7legi-ha-participat-amb-la-long-salesiana-bosco-global-en-els-diferents-projectes-educatius-encetats-a-togo\/","title":{"rendered":"Durant el mes de febrer el nostre col\u00b7legi ha participat amb la l\u2019ONG Salesiana Bosco Global en els diferents projectes educatius encetats a Togo"},"content":{"rendered":"<div id=\"fb-root\"><\/div>\n<p>[et_pb_section fb_built=\u00bb1&#8243; admin_label=\u00bbsection\u00bb _builder_version=\u00bb3.22&#8243; global_colors_info=\u00bb{}\u00bb][et_pb_row admin_label=\u00bbrow\u00bb _builder_version=\u00bb3.25&#8243; background_size=\u00bbinitial\u00bb background_position=\u00bbtop_left\u00bb background_repeat=\u00bbrepeat\u00bb global_colors_info=\u00bb{}\u00bb][et_pb_column type=\u00bb4_4&#8243; _builder_version=\u00bb3.25&#8243; custom_padding=\u00bb|||\u00bb global_colors_info=\u00bb{}\u00bb custom_padding__hover=\u00bb|||\u00bb][et_pb_text admin_label=\u00bbEntradilla (Texto)\u00bb _builder_version=\u00bb4.14.8&#8243; text_font=\u00bb|on|||\u00bb text_orientation=\u00bbjustified\u00bb module_alignment=\u00bbjustified\u00bb global_colors_info=\u00bb{}\u00bb]<\/p>\n<div id=\"resumen\"><strong>Des de les diferents tutories, aprofundirem en els valors de la col\u00b7laboraci\u00f3 i la empatia. Explic\u00e0rem els diferents projectes que tenen lloc a Togo en les seg\u00fcents ciutats: Lom\u00e9, kara i Cinkass\u00e9. Aquests projectes estan dirigits cap a la promoci\u00f3 de les capacitats de les persones a trav\u00e9s de l&#8217;educaci\u00f3, i especialment de la joventut dels pa\u00efsos empobrits i l&#8217;enfortiment de les seves institucions.<\/strong><\/div>\n<div>\u00a0<\/div>\n<p>[\/et_pb_text][et_pb_text admin_label=\u00bbAutor (Texto)\u00bb _builder_version=\u00bb4.14.8&#8243; text_font=\u00bb||on||\u00bb global_colors_info=\u00bb{}\u00bb]<\/p>\n<p>Redacci\u00f3.<\/p>\n<p>[\/et_pb_text][et_pb_text admin_label=\u00bbDesarrollo (Texto)\u00bb _builder_version=\u00bb4.14.8&#8243; text_orientation=\u00bbjustified\u00bb module_alignment=\u00bbjustified\u00bb global_colors_info=\u00bb{}\u00bb]<\/p>\n<p>Com a activitat unificadora de tota l\u2019etapa , prengu\u00e9rem com a referent un v\u00eddeo sobre com, en pa\u00efsos com a Togo, li trauen profit a tot aquell material que nosaltres destriem i pens\u00e0rem aquestes activitats:<\/p>\n<p>En primer lloc, anim\u00e0rem la participaci\u00f3 en la campanya amb la venda de diferents materials per confeccionar polseres amb els colors de la bandera de Togo.<br \/>A m\u00e9s, cada classe havia d\u2019anar arreplegant taps de pl\u00e0stic (d\u2019embolcalls i d\u2019ampolles) de diferents colors per tal de, apegant-los en un din-A5, confeccionar entre tots la bandera de Togo que amb anterioritat hav\u00edem penjat a l\u2019entrada del col\u00b7legi.<\/p>\n<p>En definitiva, aquesta campanya i totes les activitats realitzades s\u00f3n una crida clara a la transformaci\u00f3 de la realitat i a l&#8217;anunci d&#8217;una altra manera de Ser i de Fer que<br \/>promoguen els valors de solidaritat, just\u00edcia global i comprom\u00eds.<\/p>\n<p>L\u2019educaci\u00f3 \u00e9s l\u2019esperan\u00e7a.<\/p>\n<p>[\/et_pb_text][et_pb_text disabled_on=\u00bboff|on|on\u00bb admin_label=\u00bbT\u00edtulo: Galer\u00eda de fotos (Texto)\u00bb _builder_version=\u00bb3.27.4&#8243; text_font=\u00bb|on|||\u00bb text_text_color=\u00bb#dc001b\u00bb border_style=\u00bbsolid\u00bb global_colors_info=\u00bb{}\u00bb]Galer\u00eda de im\u00e1genes<br \/>\n[\/et_pb_text][et_pb_gallery gallery_ids=\u00bb16693,16694,16695,16696,16697,16698&#8243; posts_number=\u00bb8&#8243; show_title_and_caption=\u00bboff\u00bb zoom_icon_color=\u00bb#dc001b\u00bb hover_icon=\u00bb&#x54;||divi||400&#8243; disabled_on=\u00bboff|off|off\u00bb _builder_version=\u00bb4.14.8&#8243; pagination_font_size_tablet=\u00bb51&#8243; pagination_line_height_tablet=\u00bb2&#8243; global_colors_info=\u00bb{}\u00bb][\/et_pb_gallery][et_pb_video disabled_on=\u00bbon|on|on\u00bb _builder_version=\u00bb3.0.51&#8243; disabled=\u00bbon\u00bb global_colors_info=\u00bb{}\u00bb][\/et_pb_video][\/et_pb_column][\/et_pb_row][\/et_pb_section]<\/p>\n<!-- AddThis Advanced Settings generic via filter on the_content --><!-- AddThis Share Buttons generic via filter on the_content -->","protected":false},"excerpt":{"rendered":"<p>Des de les diferents tutories, aprofundirem en els valors de la col\u00b7laboraci\u00f3 i la empatia. Explic\u00e0rem els diferents projectes que tenen lloc a Togo en les seg\u00fcents ciutats: Lom\u00e9, kara i Cinkass\u00e9. Aquests projectes estan dirigits cap a la promoci\u00f3 de les capacitats de les persones a trav\u00e9s de l&#8217;educaci\u00f3, i especialment de la joventut [&hellip;]<\/p>\n<p><!-- AddThis Advanced Settings generic via filter on get_the_excerpt --><!-- AddThis Share Buttons generic via filter on get_the_excerpt --><\/p>\n","protected":false},"author":6,"featured_media":16697,"comment_status":"closed","ping_status":"open","sticky":false,"template":"","format":"standard","meta":{"_et_pb_use_builder":"on","_et_pb_old_content":"","_et_gb_content_width":"","footnotes":""},"categories":[14],"tags":[],"class_list":["post-16690","post","type-post","status-publish","format-standard","has-post-thumbnail","hentry","category-noticia_colegio"],"yoast_head":"<!-- This site is optimized with the Yoast SEO plugin v28.4 - https:\/\/yoast.com\/product\/yoast-seo-wordpress\/ -->\n<title>Durant el mes de febrer el nostre col\u00b7legi ha participat amb la l\u2019ONG Salesiana Bosco Global en els diferents projectes educatius encetats a Togo - Colegio San Juan Bosco Valencia<\/title>\n<meta name=\"robots\" content=\"index, follow, max-snippet:-1, max-image-preview:large, max-video-preview:-1\" \/>\n<link rel=\"canonical\" href=\"https:\/\/valenciasjb.salesianos.edu\/colegio\/durant-el-mes-de-febrer-el-nostre-col\u00b7legi-ha-participat-amb-la-long-salesiana-bosco-global-en-els-diferents-projectes-educatius-encetats-a-togo\/\" \/>\n<meta property=\"og:locale\" content=\"es_ES\" \/>\n<meta property=\"og:type\" content=\"article\" \/>\n<meta property=\"og:title\" content=\"Durant el mes de febrer el nostre col\u00b7legi ha participat amb la l\u2019ONG Salesiana Bosco Global en els diferents projectes educatius encetats a Togo - Colegio San Juan Bosco Valencia\" \/>\n<meta property=\"og:description\" content=\"Des de les diferents tutories, aprofundirem en els valors de la col\u00b7laboraci\u00f3 i la empatia. Explic\u00e0rem els diferents projectes que tenen lloc a Togo en les seg\u00fcents ciutats: Lom\u00e9, kara i Cinkass\u00e9. Aquests projectes estan dirigits cap a la promoci\u00f3 de les capacitats de les persones a trav\u00e9s de l&#039;educaci\u00f3, i especialment de la joventut [&hellip;]\" \/>\n<meta property=\"og:url\" content=\"https:\/\/valenciasjb.salesianos.edu\/colegio\/durant-el-mes-de-febrer-el-nostre-col\u00b7legi-ha-participat-amb-la-long-salesiana-bosco-global-en-els-diferents-projectes-educatius-encetats-a-togo\/\" \/>\n<meta property=\"og:site_name\" content=\"Colegio San Juan Bosco Valencia\" \/>\n<meta property=\"article:publisher\" content=\"https:\/\/www.facebook.com\/ColegioSalesianoSanJuanBoscoValencia\" \/>\n<meta property=\"article:published_time\" content=\"2022-03-07T20:30:18+00:00\" \/>\n<meta property=\"article:modified_time\" content=\"2022-03-09T12:49:55+00:00\" \/>\n<meta property=\"og:image\" content=\"https:\/\/valenciasjb.salesianos.edu\/colegio\/wp-content\/uploads\/sites\/2\/2022\/03\/a3134988-24bb-429c-8e80-14122ad62978.jpg\" \/>\n\t<meta property=\"og:image:width\" content=\"1600\" \/>\n\t<meta property=\"og:image:height\" content=\"720\" \/>\n\t<meta property=\"og:image:type\" content=\"image\/jpeg\" \/>\n<meta name=\"author\" content=\"veronicapastor\" \/>\n<meta name=\"twitter:card\" content=\"summary_large_image\" \/>\n<meta name=\"twitter:creator\" content=\"@SalesianosVSJB\" \/>\n<meta name=\"twitter:site\" content=\"@SalesianosVSJB\" \/>\n<meta name=\"twitter:label1\" content=\"Escrito por\" \/>\n\t<meta name=\"twitter:data1\" content=\"veronicapastor\" \/>\n\t<meta name=\"twitter:label2\" content=\"Tiempo de lectura\" \/>\n\t<meta name=\"twitter:data2\" content=\"2 minutos\" \/>\n<script type=\"application\/ld+json\" class=\"yoast-schema-graph\">{\"@context\":\"https:\\\/\\\/schema.org\",\"@graph\":[{\"@type\":\"Article\",\"@id\":\"https:\\\/\\\/valenciasjb.salesianos.edu\\\/colegio\\\/durant-el-mes-de-febrer-el-nostre-col%c2%b7legi-ha-participat-amb-la-long-salesiana-bosco-global-en-els-diferents-projectes-educatius-encetats-a-togo\\\/#article\",\"isPartOf\":{\"@id\":\"https:\\\/\\\/valenciasjb.salesianos.edu\\\/colegio\\\/durant-el-mes-de-febrer-el-nostre-col%c2%b7legi-ha-participat-amb-la-long-salesiana-bosco-global-en-els-diferents-projectes-educatius-encetats-a-togo\\\/\"},\"author\":{\"name\":\"veronicapastor\",\"@id\":\"https:\\\/\\\/valenciasjb.salesianos.edu\\\/colegio\\\/#\\\/schema\\\/person\\\/1f45b67e52b27da175190a574db6bed9\"},\"headline\":\"Durant el mes de febrer el nostre col\u00b7legi ha participat amb la l\u2019ONG Salesiana Bosco Global en els diferents projectes educatius encetats a Togo\",\"datePublished\":\"2022-03-07T20:30:18+00:00\",\"dateModified\":\"2022-03-09T12:49:55+00:00\",\"mainEntityOfPage\":{\"@id\":\"https:\\\/\\\/valenciasjb.salesianos.edu\\\/colegio\\\/durant-el-mes-de-febrer-el-nostre-col%c2%b7legi-ha-participat-amb-la-long-salesiana-bosco-global-en-els-diferents-projectes-educatius-encetats-a-togo\\\/\"},\"wordCount\":482,\"image\":{\"@id\":\"https:\\\/\\\/valenciasjb.salesianos.edu\\\/colegio\\\/durant-el-mes-de-febrer-el-nostre-col%c2%b7legi-ha-participat-amb-la-long-salesiana-bosco-global-en-els-diferents-projectes-educatius-encetats-a-togo\\\/#primaryimage\"},\"thumbnailUrl\":\"https:\\\/\\\/valenciasjb.salesianos.edu\\\/colegio\\\/wp-content\\\/uploads\\\/sites\\\/2\\\/2022\\\/03\\\/a3134988-24bb-429c-8e80-14122ad62978.jpg\",\"articleSection\":[\"Noticia Colegio\"],\"inLanguage\":\"es\"},{\"@type\":\"WebPage\",\"@id\":\"https:\\\/\\\/valenciasjb.salesianos.edu\\\/colegio\\\/durant-el-mes-de-febrer-el-nostre-col%c2%b7legi-ha-participat-amb-la-long-salesiana-bosco-global-en-els-diferents-projectes-educatius-encetats-a-togo\\\/\",\"url\":\"https:\\\/\\\/valenciasjb.salesianos.edu\\\/colegio\\\/durant-el-mes-de-febrer-el-nostre-col%c2%b7legi-ha-participat-amb-la-long-salesiana-bosco-global-en-els-diferents-projectes-educatius-encetats-a-togo\\\/\",\"name\":\"Durant el mes de febrer el nostre col\u00b7legi ha participat amb la l\u2019ONG Salesiana Bosco Global en els diferents projectes educatius encetats a Togo - Colegio San Juan Bosco Valencia\",\"isPartOf\":{\"@id\":\"https:\\\/\\\/valenciasjb.salesianos.edu\\\/colegio\\\/#website\"},\"primaryImageOfPage\":{\"@id\":\"https:\\\/\\\/valenciasjb.salesianos.edu\\\/colegio\\\/durant-el-mes-de-febrer-el-nostre-col%c2%b7legi-ha-participat-amb-la-long-salesiana-bosco-global-en-els-diferents-projectes-educatius-encetats-a-togo\\\/#primaryimage\"},\"image\":{\"@id\":\"https:\\\/\\\/valenciasjb.salesianos.edu\\\/colegio\\\/durant-el-mes-de-febrer-el-nostre-col%c2%b7legi-ha-participat-amb-la-long-salesiana-bosco-global-en-els-diferents-projectes-educatius-encetats-a-togo\\\/#primaryimage\"},\"thumbnailUrl\":\"https:\\\/\\\/valenciasjb.salesianos.edu\\\/colegio\\\/wp-content\\\/uploads\\\/sites\\\/2\\\/2022\\\/03\\\/a3134988-24bb-429c-8e80-14122ad62978.jpg\",\"datePublished\":\"2022-03-07T20:30:18+00:00\",\"dateModified\":\"2022-03-09T12:49:55+00:00\",\"author\":{\"@id\":\"https:\\\/\\\/valenciasjb.salesianos.edu\\\/colegio\\\/#\\\/schema\\\/person\\\/1f45b67e52b27da175190a574db6bed9\"},\"breadcrumb\":{\"@id\":\"https:\\\/\\\/valenciasjb.salesianos.edu\\\/colegio\\\/durant-el-mes-de-febrer-el-nostre-col%c2%b7legi-ha-participat-amb-la-long-salesiana-bosco-global-en-els-diferents-projectes-educatius-encetats-a-togo\\\/#breadcrumb\"},\"inLanguage\":\"es\",\"potentialAction\":[{\"@type\":\"ReadAction\",\"target\":[\"https:\\\/\\\/valenciasjb.salesianos.edu\\\/colegio\\\/durant-el-mes-de-febrer-el-nostre-col%c2%b7legi-ha-participat-amb-la-long-salesiana-bosco-global-en-els-diferents-projectes-educatius-encetats-a-togo\\\/\"]}]},{\"@type\":\"ImageObject\",\"inLanguage\":\"es\",\"@id\":\"https:\\\/\\\/valenciasjb.salesianos.edu\\\/colegio\\\/durant-el-mes-de-febrer-el-nostre-col%c2%b7legi-ha-participat-amb-la-long-salesiana-bosco-global-en-els-diferents-projectes-educatius-encetats-a-togo\\\/#primaryimage\",\"url\":\"https:\\\/\\\/valenciasjb.salesianos.edu\\\/colegio\\\/wp-content\\\/uploads\\\/sites\\\/2\\\/2022\\\/03\\\/a3134988-24bb-429c-8e80-14122ad62978.jpg\",\"contentUrl\":\"https:\\\/\\\/valenciasjb.salesianos.edu\\\/colegio\\\/wp-content\\\/uploads\\\/sites\\\/2\\\/2022\\\/03\\\/a3134988-24bb-429c-8e80-14122ad62978.jpg\",\"width\":1600,\"height\":720},{\"@type\":\"BreadcrumbList\",\"@id\":\"https:\\\/\\\/valenciasjb.salesianos.edu\\\/colegio\\\/durant-el-mes-de-febrer-el-nostre-col%c2%b7legi-ha-participat-amb-la-long-salesiana-bosco-global-en-els-diferents-projectes-educatius-encetats-a-togo\\\/#breadcrumb\",\"itemListElement\":[{\"@type\":\"ListItem\",\"position\":1,\"name\":\"Portada\",\"item\":\"https:\\\/\\\/valenciasjb.salesianos.edu\\\/colegio\\\/\"},{\"@type\":\"ListItem\",\"position\":2,\"name\":\"Durant el mes de febrer el nostre col\u00b7legi ha participat amb la l\u2019ONG Salesiana Bosco Global en els diferents projectes educatius encetats a Togo\"}]},{\"@type\":\"WebSite\",\"@id\":\"https:\\\/\\\/valenciasjb.salesianos.edu\\\/colegio\\\/#website\",\"url\":\"https:\\\/\\\/valenciasjb.salesianos.edu\\\/colegio\\\/\",\"name\":\"Colegio San Juan Bosco Valencia\",\"description\":\"P\u00e1gina oficial del Colegio Salesianos San Juan Bosco Valencia\",\"alternateName\":\"Salesianos.VSJB\",\"potentialAction\":[{\"@type\":\"SearchAction\",\"target\":{\"@type\":\"EntryPoint\",\"urlTemplate\":\"https:\\\/\\\/valenciasjb.salesianos.edu\\\/colegio\\\/?s={search_term_string}\"},\"query-input\":{\"@type\":\"PropertyValueSpecification\",\"valueRequired\":true,\"valueName\":\"search_term_string\"}}],\"inLanguage\":\"es\"},{\"@type\":\"Person\",\"@id\":\"https:\\\/\\\/valenciasjb.salesianos.edu\\\/colegio\\\/#\\\/schema\\\/person\\\/1f45b67e52b27da175190a574db6bed9\",\"name\":\"veronicapastor\",\"image\":{\"@type\":\"ImageObject\",\"inLanguage\":\"es\",\"@id\":\"https:\\\/\\\/secure.gravatar.com\\\/avatar\\\/e29bd40bace3fd935e1d6fdb7313ffc14628cc037c5e16f4c7369b20a2a6f7f0?s=96&d=mm&r=g\",\"url\":\"https:\\\/\\\/secure.gravatar.com\\\/avatar\\\/e29bd40bace3fd935e1d6fdb7313ffc14628cc037c5e16f4c7369b20a2a6f7f0?s=96&d=mm&r=g\",\"contentUrl\":\"https:\\\/\\\/secure.gravatar.com\\\/avatar\\\/e29bd40bace3fd935e1d6fdb7313ffc14628cc037c5e16f4c7369b20a2a6f7f0?s=96&d=mm&r=g\",\"caption\":\"veronicapastor\"}}]}<\/script>\n<!-- \/ Yoast SEO plugin. -->","yoast_head_json":{"title":"Durant el mes de febrer el nostre col\u00b7legi ha participat amb la l\u2019ONG Salesiana Bosco Global en els diferents projectes educatius encetats a Togo - Colegio San Juan Bosco Valencia","robots":{"index":"index","follow":"follow","max-snippet":"max-snippet:-1","max-image-preview":"max-image-preview:large","max-video-preview":"max-video-preview:-1"},"canonical":"https:\/\/valenciasjb.salesianos.edu\/colegio\/durant-el-mes-de-febrer-el-nostre-col\u00b7legi-ha-participat-amb-la-long-salesiana-bosco-global-en-els-diferents-projectes-educatius-encetats-a-togo\/","og_locale":"es_ES","og_type":"article","og_title":"Durant el mes de febrer el nostre col\u00b7legi ha participat amb la l\u2019ONG Salesiana Bosco Global en els diferents projectes educatius encetats a Togo - Colegio San Juan Bosco Valencia","og_description":"Des de les diferents tutories, aprofundirem en els valors de la col\u00b7laboraci\u00f3 i la empatia. Explic\u00e0rem els diferents projectes que tenen lloc a Togo en les seg\u00fcents ciutats: Lom\u00e9, kara i Cinkass\u00e9. Aquests projectes estan dirigits cap a la promoci\u00f3 de les capacitats de les persones a trav\u00e9s de l'educaci\u00f3, i especialment de la joventut [&hellip;]","og_url":"https:\/\/valenciasjb.salesianos.edu\/colegio\/durant-el-mes-de-febrer-el-nostre-col\u00b7legi-ha-participat-amb-la-long-salesiana-bosco-global-en-els-diferents-projectes-educatius-encetats-a-togo\/","og_site_name":"Colegio San Juan Bosco Valencia","article_publisher":"https:\/\/www.facebook.com\/ColegioSalesianoSanJuanBoscoValencia","article_published_time":"2022-03-07T20:30:18+00:00","article_modified_time":"2022-03-09T12:49:55+00:00","og_image":[{"width":1600,"height":720,"url":"https:\/\/valenciasjb.salesianos.edu\/colegio\/wp-content\/uploads\/sites\/2\/2022\/03\/a3134988-24bb-429c-8e80-14122ad62978.jpg","type":"image\/jpeg"}],"author":"veronicapastor","twitter_card":"summary_large_image","twitter_creator":"@SalesianosVSJB","twitter_site":"@SalesianosVSJB","twitter_misc":{"Escrito por":"veronicapastor","Tiempo de lectura":"2 minutos"},"schema":{"@context":"https:\/\/schema.org","@graph":[{"@type":"Article","@id":"https:\/\/valenciasjb.salesianos.edu\/colegio\/durant-el-mes-de-febrer-el-nostre-col%c2%b7legi-ha-participat-amb-la-long-salesiana-bosco-global-en-els-diferents-projectes-educatius-encetats-a-togo\/#article","isPartOf":{"@id":"https:\/\/valenciasjb.salesianos.edu\/colegio\/durant-el-mes-de-febrer-el-nostre-col%c2%b7legi-ha-participat-amb-la-long-salesiana-bosco-global-en-els-diferents-projectes-educatius-encetats-a-togo\/"},"author":{"name":"veronicapastor","@id":"https:\/\/valenciasjb.salesianos.edu\/colegio\/#\/schema\/person\/1f45b67e52b27da175190a574db6bed9"},"headline":"Durant el mes de febrer el nostre col\u00b7legi ha participat amb la l\u2019ONG Salesiana Bosco Global en els diferents projectes educatius encetats a Togo","datePublished":"2022-03-07T20:30:18+00:00","dateModified":"2022-03-09T12:49:55+00:00","mainEntityOfPage":{"@id":"https:\/\/valenciasjb.salesianos.edu\/colegio\/durant-el-mes-de-febrer-el-nostre-col%c2%b7legi-ha-participat-amb-la-long-salesiana-bosco-global-en-els-diferents-projectes-educatius-encetats-a-togo\/"},"wordCount":482,"image":{"@id":"https:\/\/valenciasjb.salesianos.edu\/colegio\/durant-el-mes-de-febrer-el-nostre-col%c2%b7legi-ha-participat-amb-la-long-salesiana-bosco-global-en-els-diferents-projectes-educatius-encetats-a-togo\/#primaryimage"},"thumbnailUrl":"https:\/\/valenciasjb.salesianos.edu\/colegio\/wp-content\/uploads\/sites\/2\/2022\/03\/a3134988-24bb-429c-8e80-14122ad62978.jpg","articleSection":["Noticia Colegio"],"inLanguage":"es"},{"@type":"WebPage","@id":"https:\/\/valenciasjb.salesianos.edu\/colegio\/durant-el-mes-de-febrer-el-nostre-col%c2%b7legi-ha-participat-amb-la-long-salesiana-bosco-global-en-els-diferents-projectes-educatius-encetats-a-togo\/","url":"https:\/\/valenciasjb.salesianos.edu\/colegio\/durant-el-mes-de-febrer-el-nostre-col%c2%b7legi-ha-participat-amb-la-long-salesiana-bosco-global-en-els-diferents-projectes-educatius-encetats-a-togo\/","name":"Durant el mes de febrer el nostre col\u00b7legi ha participat amb la l\u2019ONG Salesiana Bosco Global en els diferents projectes educatius encetats a Togo - Colegio San Juan Bosco Valencia","isPartOf":{"@id":"https:\/\/valenciasjb.salesianos.edu\/colegio\/#website"},"primaryImageOfPage":{"@id":"https:\/\/valenciasjb.salesianos.edu\/colegio\/durant-el-mes-de-febrer-el-nostre-col%c2%b7legi-ha-participat-amb-la-long-salesiana-bosco-global-en-els-diferents-projectes-educatius-encetats-a-togo\/#primaryimage"},"image":{"@id":"https:\/\/valenciasjb.salesianos.edu\/colegio\/durant-el-mes-de-febrer-el-nostre-col%c2%b7legi-ha-participat-amb-la-long-salesiana-bosco-global-en-els-diferents-projectes-educatius-encetats-a-togo\/#primaryimage"},"thumbnailUrl":"https:\/\/valenciasjb.salesianos.edu\/colegio\/wp-content\/uploads\/sites\/2\/2022\/03\/a3134988-24bb-429c-8e80-14122ad62978.jpg","datePublished":"2022-03-07T20:30:18+00:00","dateModified":"2022-03-09T12:49:55+00:00","author":{"@id":"https:\/\/valenciasjb.salesianos.edu\/colegio\/#\/schema\/person\/1f45b67e52b27da175190a574db6bed9"},"breadcrumb":{"@id":"https:\/\/valenciasjb.salesianos.edu\/colegio\/durant-el-mes-de-febrer-el-nostre-col%c2%b7legi-ha-participat-amb-la-long-salesiana-bosco-global-en-els-diferents-projectes-educatius-encetats-a-togo\/#breadcrumb"},"inLanguage":"es","potentialAction":[{"@type":"ReadAction","target":["https:\/\/valenciasjb.salesianos.edu\/colegio\/durant-el-mes-de-febrer-el-nostre-col%c2%b7legi-ha-participat-amb-la-long-salesiana-bosco-global-en-els-diferents-projectes-educatius-encetats-a-togo\/"]}]},{"@type":"ImageObject","inLanguage":"es","@id":"https:\/\/valenciasjb.salesianos.edu\/colegio\/durant-el-mes-de-febrer-el-nostre-col%c2%b7legi-ha-participat-amb-la-long-salesiana-bosco-global-en-els-diferents-projectes-educatius-encetats-a-togo\/#primaryimage","url":"https:\/\/valenciasjb.salesianos.edu\/colegio\/wp-content\/uploads\/sites\/2\/2022\/03\/a3134988-24bb-429c-8e80-14122ad62978.jpg","contentUrl":"https:\/\/valenciasjb.salesianos.edu\/colegio\/wp-content\/uploads\/sites\/2\/2022\/03\/a3134988-24bb-429c-8e80-14122ad62978.jpg","width":1600,"height":720},{"@type":"BreadcrumbList","@id":"https:\/\/valenciasjb.salesianos.edu\/colegio\/durant-el-mes-de-febrer-el-nostre-col%c2%b7legi-ha-participat-amb-la-long-salesiana-bosco-global-en-els-diferents-projectes-educatius-encetats-a-togo\/#breadcrumb","itemListElement":[{"@type":"ListItem","position":1,"name":"Portada","item":"https:\/\/valenciasjb.salesianos.edu\/colegio\/"},{"@type":"ListItem","position":2,"name":"Durant el mes de febrer el nostre col\u00b7legi ha participat amb la l\u2019ONG Salesiana Bosco Global en els diferents projectes educatius encetats a Togo"}]},{"@type":"WebSite","@id":"https:\/\/valenciasjb.salesianos.edu\/colegio\/#website","url":"https:\/\/valenciasjb.salesianos.edu\/colegio\/","name":"Colegio San Juan Bosco Valencia","description":"P\u00e1gina oficial del Colegio Salesianos San Juan Bosco Valencia","alternateName":"Salesianos.VSJB","potentialAction":[{"@type":"SearchAction","target":{"@type":"EntryPoint","urlTemplate":"https:\/\/valenciasjb.salesianos.edu\/colegio\/?s={search_term_string}"},"query-input":{"@type":"PropertyValueSpecification","valueRequired":true,"valueName":"search_term_string"}}],"inLanguage":"es"},{"@type":"Person","@id":"https:\/\/valenciasjb.salesianos.edu\/colegio\/#\/schema\/person\/1f45b67e52b27da175190a574db6bed9","name":"veronicapastor","image":{"@type":"ImageObject","inLanguage":"es","@id":"https:\/\/secure.gravatar.com\/avatar\/e29bd40bace3fd935e1d6fdb7313ffc14628cc037c5e16f4c7369b20a2a6f7f0?s=96&d=mm&r=g","url":"https:\/\/secure.gravatar.com\/avatar\/e29bd40bace3fd935e1d6fdb7313ffc14628cc037c5e16f4c7369b20a2a6f7f0?s=96&d=mm&r=g","contentUrl":"https:\/\/secure.gravatar.com\/avatar\/e29bd40bace3fd935e1d6fdb7313ffc14628cc037c5e16f4c7369b20a2a6f7f0?s=96&d=mm&r=g","caption":"veronicapastor"}}]}},"_links":{"self":[{"href":"https:\/\/valenciasjb.salesianos.edu\/colegio\/wp-json\/wp\/v2\/posts\/16690","targetHints":{"allow":["GET"]}}],"collection":[{"href":"https:\/\/valenciasjb.salesianos.edu\/colegio\/wp-json\/wp\/v2\/posts"}],"about":[{"href":"https:\/\/valenciasjb.salesianos.edu\/colegio\/wp-json\/wp\/v2\/types\/post"}],"author":[{"embeddable":true,"href":"https:\/\/valenciasjb.salesianos.edu\/colegio\/wp-json\/wp\/v2\/users\/6"}],"replies":[{"embeddable":true,"href":"https:\/\/valenciasjb.salesianos.edu\/colegio\/wp-json\/wp\/v2\/comments?post=16690"}],"version-history":[{"count":5,"href":"https:\/\/valenciasjb.salesianos.edu\/colegio\/wp-json\/wp\/v2\/posts\/16690\/revisions"}],"predecessor-version":[{"id":16703,"href":"https:\/\/valenciasjb.salesianos.edu\/colegio\/wp-json\/wp\/v2\/posts\/16690\/revisions\/16703"}],"wp:featuredmedia":[{"embeddable":true,"href":"https:\/\/valenciasjb.salesianos.edu\/colegio\/wp-json\/wp\/v2\/media\/16697"}],"wp:attachment":[{"href":"https:\/\/valenciasjb.salesianos.edu\/colegio\/wp-json\/wp\/v2\/media?parent=16690"}],"wp:term":[{"taxonomy":"category","embeddable":true,"href":"https:\/\/valenciasjb.salesianos.edu\/colegio\/wp-json\/wp\/v2\/categories?post=16690"},{"taxonomy":"post_tag","embeddable":true,"href":"https:\/\/valenciasjb.salesianos.edu\/colegio\/wp-json\/wp\/v2\/tags?post=16690"}],"curies":[{"name":"wp","href":"https:\/\/api.w.org\/{rel}","templated":true}]}}