{"id":16775,"date":"2022-03-15T18:44:47","date_gmt":"2022-03-15T17:44:47","guid":{"rendered":"https:\/\/valenciasjb.salesianos.edu\/colegio\/?p=16775"},"modified":"2022-03-15T18:44:51","modified_gmt":"2022-03-15T17:44:51","slug":"la-semana-de-orientacion-vocacional-se-celebra-en-el-colegio-del-09-al-11-de-marzo","status":"publish","type":"post","link":"https:\/\/valenciasjb.salesianos.edu\/colegio\/la-semana-de-orientacion-vocacional-se-celebra-en-el-colegio-del-09-al-11-de-marzo\/","title":{"rendered":"La Semana de Orientaci\u00f3n Vocacional se celebra en el colegio del 09 al 11 de marzo."},"content":{"rendered":"<div id=\"fb-root\"><\/div>\n<p>[et_pb_section fb_built=\u00bb1&#8243; admin_label=\u00bbsection\u00bb _builder_version=\u00bb3.22&#8243; global_colors_info=\u00bb{}\u00bb theme_builder_area=\u00bbpost_content\u00bb][et_pb_row admin_label=\u00bbrow\u00bb _builder_version=\u00bb3.25&#8243; background_size=\u00bbinitial\u00bb background_position=\u00bbtop_left\u00bb background_repeat=\u00bbrepeat\u00bb global_colors_info=\u00bb{}\u00bb theme_builder_area=\u00bbpost_content\u00bb][et_pb_column type=\u00bb4_4&#8243; _builder_version=\u00bb3.25&#8243; custom_padding=\u00bb|||\u00bb global_colors_info=\u00bb{}\u00bb custom_padding__hover=\u00bb|||\u00bb theme_builder_area=\u00bbpost_content\u00bb][et_pb_text admin_label=\u00bbEntradilla (Texto)\u00bb _builder_version=\u00bb4.14.8&#8243; text_font=\u00bb|on|||\u00bb text_orientation=\u00bbjustified\u00bb module_alignment=\u00bbjustified\u00bb hover_enabled=\u00bb0&#8243; global_colors_info=\u00bb{}\u00bb theme_builder_area=\u00bbpost_content\u00bb sticky_enabled=\u00bb0&#8243;]<\/p>\n<div id=\"resumen\"><strong>Estos d\u00edas se han dedicado a la Orientaci\u00f3n Acad\u00e9mico Vocacional. Ha sido una semana con muchos eventos y visitas. Esta iniciativa ha sido organizada por el Equipo de Orientaci\u00f3n junto con Pastoral.<\/strong><\/div>\n<div>\u00a0<\/div>\n<p>[\/et_pb_text][et_pb_text admin_label=\u00bbAutor (Texto)\u00bb _builder_version=\u00bb4.14.8&#8243; text_font=\u00bb||on||\u00bb hover_enabled=\u00bb0&#8243; global_colors_info=\u00bb{}\u00bb theme_builder_area=\u00bbpost_content\u00bb sticky_enabled=\u00bb0&#8243;]<\/p>\n<p>Equipo de Orientaci\u00f3n y Pastoral.<\/p>\n<p>[\/et_pb_text][et_pb_text admin_label=\u00bbDesarrollo (Texto)\u00bb _builder_version=\u00bb4.14.8&#8243; text_orientation=\u00bbjustified\u00bb module_alignment=\u00bbjustified\u00bb hover_enabled=\u00bb0&#8243; global_colors_info=\u00bb{}\u00bb theme_builder_area=\u00bbpost_content\u00bb sticky_enabled=\u00bb0&#8243;]<\/p>\n<p>La orientaci\u00f3n vocacional es un proceso en el que cada persona va descubriendo sus propias potencialidades y debilidades, su propio proyecto de vida, su camino.<\/p>\n<p>Para ello, se han realizado actividades que se han adaptado a cada una de las etapas. En infantil, 1\u00ba y 2\u00ba de Primaria se ha visualizado un video sobre descubrir la vocaci\u00f3n y qu\u00e9 quiero ser de mayor. Tras una reflexi\u00f3n, se ha plasmado en una peque\u00f1a hoja lo que les gustar\u00eda ser de mayor.<\/p>\n<p>De 3\u00ba a 6\u00ba de Primaria, se ha le\u00eddo el cuento \u201cAlberto quiere saber qu\u00e9 estudiar\u00e1 de mayor\u201d. El alumnado ha escrito en una hoja cu\u00e1l es el motivo por el cu\u00e1l ha elegido dicha profesi\u00f3n y se ha dibujado represent\u00e1ndolo. Los dibujos se han expuesto en el hall del colegio.<\/p>\n<p>En todos los cursos de Secundaria y Bachillerato se comenz\u00f3 recibiendo a Cecilia Villarroel que pudo compartir su experiencia profesional y vocacional por construir un mundo mejor. Adem\u00e1s, se ha realizado una actividad sobre un programa de radio \u201cMujeres cient\u00edficas\u201d y han acudido al centro profesionales de diferentes campos que han expuesto los valores, actitudes y aptitudes que se valoran en el mundo laboral.<\/p>\n<p>El jueves, diversas universidades tanto p\u00fablicas como privadas, han informado acerca de los diferentes grados. A su vez, ha habido una charla sobre la mujer en la ciencia de la mano de Mar\u00eda Trelis. Y finalizamos la tarde del jueves con un Hall Escape donde de forma l\u00fadica el alumnado de tercero ha podido hacer un recorrido por las diferentes etapas acad\u00e9micas por las que continuar\u00e1n su camino formativo.<\/p>\n<p>Finalizamos las actividades con la visita de madres y padres que, de acuerdo a los intereses de nuestro alumnado, han contado su trayectoria profesional y experiencia acerca de sus profesiones. Tambi\u00e9n, ha venido Alicia Coloma investigadora del CSIT y se ha cerrado dicha semana con las mesas redondas en las que participa nuestro antiguo alumnado trasmitiendo su experiencia en las PAU y sobre su primer a\u00f1o en la Universidad.<\/p>\n<p>Agradecer a todos su tiempo y su implicaci\u00f3n con el colegio y nuestro alumnado.<\/p>\n<p>Ha sido una gran semana y todo ello gracias a vosotros y vosotras.<\/p>\n<p>[\/et_pb_text][et_pb_text disabled_on=\u00bboff|on|on\u00bb admin_label=\u00bbT\u00edtulo: Galer\u00eda de fotos (Texto)\u00bb _builder_version=\u00bb3.27.4&#8243; text_font=\u00bb|on|||\u00bb text_text_color=\u00bb#dc001b\u00bb border_style=\u00bbsolid\u00bb global_colors_info=\u00bb{}\u00bb theme_builder_area=\u00bbpost_content\u00bb]Galer\u00eda de im\u00e1genes<br \/>\n[\/et_pb_text][et_pb_gallery gallery_ids=\u00bb16768,16767,16766,16765,16764,16763,16756,16757,16758,16759,16760,16761,16762,16755,16754,16753,16752,16751,16750,16749,16742,16743,16744,16745,16746,16747,16748,16741,16740,16739,16738,16737,16736,16735,16734,16733,16732,16731,16730,16729,16728,16727,16726,16725,16724,16723,16722,16721,16720,16719,16718,16717&#8243; posts_number=\u00bb8&#8243; show_title_and_caption=\u00bboff\u00bb zoom_icon_color=\u00bb#dc001b\u00bb hover_icon=\u00bb&#x54;||divi||400&#8243; disabled_on=\u00bboff|off|off\u00bb _builder_version=\u00bb4.14.8&#8243; hover_enabled=\u00bb0&#8243; pagination_font_size_tablet=\u00bb51&#8243; pagination_line_height_tablet=\u00bb2&#8243; global_colors_info=\u00bb{}\u00bb theme_builder_area=\u00bbpost_content\u00bb sticky_enabled=\u00bb0&#8243;][\/et_pb_gallery][et_pb_video disabled_on=\u00bbon|on|on\u00bb _builder_version=\u00bb3.0.51&#8243; disabled=\u00bbon\u00bb global_colors_info=\u00bb{}\u00bb theme_builder_area=\u00bbpost_content\u00bb][\/et_pb_video][\/et_pb_column][\/et_pb_row][\/et_pb_section]<\/p>\n<!-- AddThis Advanced Settings generic via filter on the_content --><!-- AddThis Share Buttons generic via filter on the_content -->","protected":false},"excerpt":{"rendered":"<p>Estos d\u00edas se han dedicado a la Orientaci\u00f3n Acad\u00e9mico Vocacional. Ha sido una semana con muchos eventos y visitas. Esta iniciativa ha sido organizada por el Equipo de Orientaci\u00f3n junto con Pastoral. \u00a0Equipo de Orientaci\u00f3n y Pastoral.La orientaci\u00f3n vocacional es un proceso en el que cada persona va descubriendo sus propias potencialidades y debilidades, su [&hellip;]<\/p>\n<p><!-- AddThis Advanced Settings generic via filter on get_the_excerpt --><!-- AddThis Share Buttons generic via filter on get_the_excerpt --><\/p>\n","protected":false},"author":14,"featured_media":16773,"comment_status":"closed","ping_status":"open","sticky":false,"template":"","format":"standard","meta":{"_et_pb_use_builder":"on","_et_pb_old_content":"","_et_gb_content_width":"","footnotes":""},"categories":[14],"tags":[],"class_list":["post-16775","post","type-post","status-publish","format-standard","has-post-thumbnail","hentry","category-noticia_colegio"],"yoast_head":"<!-- This site is optimized with the Yoast SEO plugin v28.4 - https:\/\/yoast.com\/product\/yoast-seo-wordpress\/ -->\n<title>La Semana de Orientaci\u00f3n Vocacional se celebra en el colegio del 09 al 11 de marzo. - Colegio San Juan Bosco Valencia<\/title>\n<meta name=\"robots\" content=\"index, follow, max-snippet:-1, max-image-preview:large, max-video-preview:-1\" \/>\n<link rel=\"canonical\" href=\"https:\/\/valenciasjb.salesianos.edu\/colegio\/la-semana-de-orientacion-vocacional-se-celebra-en-el-colegio-del-09-al-11-de-marzo\/\" \/>\n<meta property=\"og:locale\" content=\"es_ES\" \/>\n<meta property=\"og:type\" content=\"article\" \/>\n<meta property=\"og:title\" content=\"La Semana de Orientaci\u00f3n Vocacional se celebra en el colegio del 09 al 11 de marzo. - Colegio San Juan Bosco Valencia\" \/>\n<meta property=\"og:description\" content=\"Estos d\u00edas se han dedicado a la Orientaci\u00f3n Acad\u00e9mico Vocacional. Ha sido una semana con muchos eventos y visitas. Esta iniciativa ha sido organizada por el Equipo de Orientaci\u00f3n junto con Pastoral. \u00a0Equipo de Orientaci\u00f3n y Pastoral.La orientaci\u00f3n vocacional es un proceso en el que cada persona va descubriendo sus propias potencialidades y debilidades, su [&hellip;]\" \/>\n<meta property=\"og:url\" content=\"https:\/\/valenciasjb.salesianos.edu\/colegio\/la-semana-de-orientacion-vocacional-se-celebra-en-el-colegio-del-09-al-11-de-marzo\/\" \/>\n<meta property=\"og:site_name\" content=\"Colegio San Juan Bosco Valencia\" \/>\n<meta property=\"article:publisher\" content=\"https:\/\/www.facebook.com\/ColegioSalesianoSanJuanBoscoValencia\" \/>\n<meta property=\"article:published_time\" content=\"2022-03-15T17:44:47+00:00\" \/>\n<meta property=\"article:modified_time\" content=\"2022-03-15T17:44:51+00:00\" \/>\n<meta property=\"og:image\" content=\"https:\/\/valenciasjb.salesianos.edu\/colegio\/wp-content\/uploads\/sites\/2\/2022\/03\/WhatsApp-Image-2022-03-12-at-9.18.15-AM.jpeg\" \/>\n\t<meta property=\"og:image:width\" content=\"2016\" \/>\n\t<meta property=\"og:image:height\" content=\"1512\" \/>\n\t<meta property=\"og:image:type\" content=\"image\/jpeg\" \/>\n<meta name=\"author\" content=\"Andrea Gimeno\" \/>\n<meta name=\"twitter:card\" content=\"summary_large_image\" \/>\n<meta name=\"twitter:creator\" content=\"@SalesianosVSJB\" \/>\n<meta name=\"twitter:site\" content=\"@SalesianosVSJB\" \/>\n<meta name=\"twitter:label1\" content=\"Escrito por\" \/>\n\t<meta name=\"twitter:data1\" content=\"Andrea Gimeno\" \/>\n\t<meta name=\"twitter:label2\" content=\"Tiempo de lectura\" \/>\n\t<meta name=\"twitter:data2\" content=\"4 minutos\" \/>\n<script type=\"application\/ld+json\" class=\"yoast-schema-graph\">{\"@context\":\"https:\\\/\\\/schema.org\",\"@graph\":[{\"@type\":\"Article\",\"@id\":\"https:\\\/\\\/valenciasjb.salesianos.edu\\\/colegio\\\/la-semana-de-orientacion-vocacional-se-celebra-en-el-colegio-del-09-al-11-de-marzo\\\/#article\",\"isPartOf\":{\"@id\":\"https:\\\/\\\/valenciasjb.salesianos.edu\\\/colegio\\\/la-semana-de-orientacion-vocacional-se-celebra-en-el-colegio-del-09-al-11-de-marzo\\\/\"},\"author\":{\"name\":\"Andrea Gimeno\",\"@id\":\"https:\\\/\\\/valenciasjb.salesianos.edu\\\/colegio\\\/#\\\/schema\\\/person\\\/86dc674b625f6f68f88872bb794e6cf1\"},\"headline\":\"La Semana de Orientaci\u00f3n Vocacional se celebra en el colegio del 09 al 11 de marzo.\",\"datePublished\":\"2022-03-15T17:44:47+00:00\",\"dateModified\":\"2022-03-15T17:44:51+00:00\",\"mainEntityOfPage\":{\"@id\":\"https:\\\/\\\/valenciasjb.salesianos.edu\\\/colegio\\\/la-semana-de-orientacion-vocacional-se-celebra-en-el-colegio-del-09-al-11-de-marzo\\\/\"},\"wordCount\":715,\"image\":{\"@id\":\"https:\\\/\\\/valenciasjb.salesianos.edu\\\/colegio\\\/la-semana-de-orientacion-vocacional-se-celebra-en-el-colegio-del-09-al-11-de-marzo\\\/#primaryimage\"},\"thumbnailUrl\":\"https:\\\/\\\/valenciasjb.salesianos.edu\\\/colegio\\\/wp-content\\\/uploads\\\/sites\\\/2\\\/2022\\\/03\\\/WhatsApp-Image-2022-03-12-at-9.18.15-AM.jpeg\",\"articleSection\":[\"Noticia Colegio\"],\"inLanguage\":\"es\"},{\"@type\":\"WebPage\",\"@id\":\"https:\\\/\\\/valenciasjb.salesianos.edu\\\/colegio\\\/la-semana-de-orientacion-vocacional-se-celebra-en-el-colegio-del-09-al-11-de-marzo\\\/\",\"url\":\"https:\\\/\\\/valenciasjb.salesianos.edu\\\/colegio\\\/la-semana-de-orientacion-vocacional-se-celebra-en-el-colegio-del-09-al-11-de-marzo\\\/\",\"name\":\"La Semana de Orientaci\u00f3n Vocacional se celebra en el colegio del 09 al 11 de marzo. - Colegio San Juan Bosco Valencia\",\"isPartOf\":{\"@id\":\"https:\\\/\\\/valenciasjb.salesianos.edu\\\/colegio\\\/#website\"},\"primaryImageOfPage\":{\"@id\":\"https:\\\/\\\/valenciasjb.salesianos.edu\\\/colegio\\\/la-semana-de-orientacion-vocacional-se-celebra-en-el-colegio-del-09-al-11-de-marzo\\\/#primaryimage\"},\"image\":{\"@id\":\"https:\\\/\\\/valenciasjb.salesianos.edu\\\/colegio\\\/la-semana-de-orientacion-vocacional-se-celebra-en-el-colegio-del-09-al-11-de-marzo\\\/#primaryimage\"},\"thumbnailUrl\":\"https:\\\/\\\/valenciasjb.salesianos.edu\\\/colegio\\\/wp-content\\\/uploads\\\/sites\\\/2\\\/2022\\\/03\\\/WhatsApp-Image-2022-03-12-at-9.18.15-AM.jpeg\",\"datePublished\":\"2022-03-15T17:44:47+00:00\",\"dateModified\":\"2022-03-15T17:44:51+00:00\",\"author\":{\"@id\":\"https:\\\/\\\/valenciasjb.salesianos.edu\\\/colegio\\\/#\\\/schema\\\/person\\\/86dc674b625f6f68f88872bb794e6cf1\"},\"breadcrumb\":{\"@id\":\"https:\\\/\\\/valenciasjb.salesianos.edu\\\/colegio\\\/la-semana-de-orientacion-vocacional-se-celebra-en-el-colegio-del-09-al-11-de-marzo\\\/#breadcrumb\"},\"inLanguage\":\"es\",\"potentialAction\":[{\"@type\":\"ReadAction\",\"target\":[\"https:\\\/\\\/valenciasjb.salesianos.edu\\\/colegio\\\/la-semana-de-orientacion-vocacional-se-celebra-en-el-colegio-del-09-al-11-de-marzo\\\/\"]}]},{\"@type\":\"ImageObject\",\"inLanguage\":\"es\",\"@id\":\"https:\\\/\\\/valenciasjb.salesianos.edu\\\/colegio\\\/la-semana-de-orientacion-vocacional-se-celebra-en-el-colegio-del-09-al-11-de-marzo\\\/#primaryimage\",\"url\":\"https:\\\/\\\/valenciasjb.salesianos.edu\\\/colegio\\\/wp-content\\\/uploads\\\/sites\\\/2\\\/2022\\\/03\\\/WhatsApp-Image-2022-03-12-at-9.18.15-AM.jpeg\",\"contentUrl\":\"https:\\\/\\\/valenciasjb.salesianos.edu\\\/colegio\\\/wp-content\\\/uploads\\\/sites\\\/2\\\/2022\\\/03\\\/WhatsApp-Image-2022-03-12-at-9.18.15-AM.jpeg\",\"width\":2016,\"height\":1512},{\"@type\":\"BreadcrumbList\",\"@id\":\"https:\\\/\\\/valenciasjb.salesianos.edu\\\/colegio\\\/la-semana-de-orientacion-vocacional-se-celebra-en-el-colegio-del-09-al-11-de-marzo\\\/#breadcrumb\",\"itemListElement\":[{\"@type\":\"ListItem\",\"position\":1,\"name\":\"Portada\",\"item\":\"https:\\\/\\\/valenciasjb.salesianos.edu\\\/colegio\\\/\"},{\"@type\":\"ListItem\",\"position\":2,\"name\":\"La Semana de Orientaci\u00f3n Vocacional se celebra en el colegio del 09 al 11 de marzo.\"}]},{\"@type\":\"WebSite\",\"@id\":\"https:\\\/\\\/valenciasjb.salesianos.edu\\\/colegio\\\/#website\",\"url\":\"https:\\\/\\\/valenciasjb.salesianos.edu\\\/colegio\\\/\",\"name\":\"Colegio San Juan Bosco Valencia\",\"description\":\"P\u00e1gina oficial del Colegio Salesianos San Juan Bosco Valencia\",\"alternateName\":\"Salesianos.VSJB\",\"potentialAction\":[{\"@type\":\"SearchAction\",\"target\":{\"@type\":\"EntryPoint\",\"urlTemplate\":\"https:\\\/\\\/valenciasjb.salesianos.edu\\\/colegio\\\/?s={search_term_string}\"},\"query-input\":{\"@type\":\"PropertyValueSpecification\",\"valueRequired\":true,\"valueName\":\"search_term_string\"}}],\"inLanguage\":\"es\"},{\"@type\":\"Person\",\"@id\":\"https:\\\/\\\/valenciasjb.salesianos.edu\\\/colegio\\\/#\\\/schema\\\/person\\\/86dc674b625f6f68f88872bb794e6cf1\",\"name\":\"Andrea Gimeno\",\"image\":{\"@type\":\"ImageObject\",\"inLanguage\":\"es\",\"@id\":\"https:\\\/\\\/secure.gravatar.com\\\/avatar\\\/05fb909788254678d737fffb74ea7910e552935c65650cba653de83762c6278d?s=96&d=mm&r=g\",\"url\":\"https:\\\/\\\/secure.gravatar.com\\\/avatar\\\/05fb909788254678d737fffb74ea7910e552935c65650cba653de83762c6278d?s=96&d=mm&r=g\",\"contentUrl\":\"https:\\\/\\\/secure.gravatar.com\\\/avatar\\\/05fb909788254678d737fffb74ea7910e552935c65650cba653de83762c6278d?s=96&d=mm&r=g\",\"caption\":\"Andrea Gimeno\"}}]}<\/script>\n<!-- \/ Yoast SEO plugin. -->","yoast_head_json":{"title":"La Semana de Orientaci\u00f3n Vocacional se celebra en el colegio del 09 al 11 de marzo. - Colegio San Juan Bosco Valencia","robots":{"index":"index","follow":"follow","max-snippet":"max-snippet:-1","max-image-preview":"max-image-preview:large","max-video-preview":"max-video-preview:-1"},"canonical":"https:\/\/valenciasjb.salesianos.edu\/colegio\/la-semana-de-orientacion-vocacional-se-celebra-en-el-colegio-del-09-al-11-de-marzo\/","og_locale":"es_ES","og_type":"article","og_title":"La Semana de Orientaci\u00f3n Vocacional se celebra en el colegio del 09 al 11 de marzo. - Colegio San Juan Bosco Valencia","og_description":"Estos d\u00edas se han dedicado a la Orientaci\u00f3n Acad\u00e9mico Vocacional. Ha sido una semana con muchos eventos y visitas. Esta iniciativa ha sido organizada por el Equipo de Orientaci\u00f3n junto con Pastoral. \u00a0Equipo de Orientaci\u00f3n y Pastoral.La orientaci\u00f3n vocacional es un proceso en el que cada persona va descubriendo sus propias potencialidades y debilidades, su [&hellip;]","og_url":"https:\/\/valenciasjb.salesianos.edu\/colegio\/la-semana-de-orientacion-vocacional-se-celebra-en-el-colegio-del-09-al-11-de-marzo\/","og_site_name":"Colegio San Juan Bosco Valencia","article_publisher":"https:\/\/www.facebook.com\/ColegioSalesianoSanJuanBoscoValencia","article_published_time":"2022-03-15T17:44:47+00:00","article_modified_time":"2022-03-15T17:44:51+00:00","og_image":[{"width":2016,"height":1512,"url":"https:\/\/valenciasjb.salesianos.edu\/colegio\/wp-content\/uploads\/sites\/2\/2022\/03\/WhatsApp-Image-2022-03-12-at-9.18.15-AM.jpeg","type":"image\/jpeg"}],"author":"Andrea Gimeno","twitter_card":"summary_large_image","twitter_creator":"@SalesianosVSJB","twitter_site":"@SalesianosVSJB","twitter_misc":{"Escrito por":"Andrea Gimeno","Tiempo de lectura":"4 minutos"},"schema":{"@context":"https:\/\/schema.org","@graph":[{"@type":"Article","@id":"https:\/\/valenciasjb.salesianos.edu\/colegio\/la-semana-de-orientacion-vocacional-se-celebra-en-el-colegio-del-09-al-11-de-marzo\/#article","isPartOf":{"@id":"https:\/\/valenciasjb.salesianos.edu\/colegio\/la-semana-de-orientacion-vocacional-se-celebra-en-el-colegio-del-09-al-11-de-marzo\/"},"author":{"name":"Andrea Gimeno","@id":"https:\/\/valenciasjb.salesianos.edu\/colegio\/#\/schema\/person\/86dc674b625f6f68f88872bb794e6cf1"},"headline":"La Semana de Orientaci\u00f3n Vocacional se celebra en el colegio del 09 al 11 de marzo.","datePublished":"2022-03-15T17:44:47+00:00","dateModified":"2022-03-15T17:44:51+00:00","mainEntityOfPage":{"@id":"https:\/\/valenciasjb.salesianos.edu\/colegio\/la-semana-de-orientacion-vocacional-se-celebra-en-el-colegio-del-09-al-11-de-marzo\/"},"wordCount":715,"image":{"@id":"https:\/\/valenciasjb.salesianos.edu\/colegio\/la-semana-de-orientacion-vocacional-se-celebra-en-el-colegio-del-09-al-11-de-marzo\/#primaryimage"},"thumbnailUrl":"https:\/\/valenciasjb.salesianos.edu\/colegio\/wp-content\/uploads\/sites\/2\/2022\/03\/WhatsApp-Image-2022-03-12-at-9.18.15-AM.jpeg","articleSection":["Noticia Colegio"],"inLanguage":"es"},{"@type":"WebPage","@id":"https:\/\/valenciasjb.salesianos.edu\/colegio\/la-semana-de-orientacion-vocacional-se-celebra-en-el-colegio-del-09-al-11-de-marzo\/","url":"https:\/\/valenciasjb.salesianos.edu\/colegio\/la-semana-de-orientacion-vocacional-se-celebra-en-el-colegio-del-09-al-11-de-marzo\/","name":"La Semana de Orientaci\u00f3n Vocacional se celebra en el colegio del 09 al 11 de marzo. - Colegio San Juan Bosco Valencia","isPartOf":{"@id":"https:\/\/valenciasjb.salesianos.edu\/colegio\/#website"},"primaryImageOfPage":{"@id":"https:\/\/valenciasjb.salesianos.edu\/colegio\/la-semana-de-orientacion-vocacional-se-celebra-en-el-colegio-del-09-al-11-de-marzo\/#primaryimage"},"image":{"@id":"https:\/\/valenciasjb.salesianos.edu\/colegio\/la-semana-de-orientacion-vocacional-se-celebra-en-el-colegio-del-09-al-11-de-marzo\/#primaryimage"},"thumbnailUrl":"https:\/\/valenciasjb.salesianos.edu\/colegio\/wp-content\/uploads\/sites\/2\/2022\/03\/WhatsApp-Image-2022-03-12-at-9.18.15-AM.jpeg","datePublished":"2022-03-15T17:44:47+00:00","dateModified":"2022-03-15T17:44:51+00:00","author":{"@id":"https:\/\/valenciasjb.salesianos.edu\/colegio\/#\/schema\/person\/86dc674b625f6f68f88872bb794e6cf1"},"breadcrumb":{"@id":"https:\/\/valenciasjb.salesianos.edu\/colegio\/la-semana-de-orientacion-vocacional-se-celebra-en-el-colegio-del-09-al-11-de-marzo\/#breadcrumb"},"inLanguage":"es","potentialAction":[{"@type":"ReadAction","target":["https:\/\/valenciasjb.salesianos.edu\/colegio\/la-semana-de-orientacion-vocacional-se-celebra-en-el-colegio-del-09-al-11-de-marzo\/"]}]},{"@type":"ImageObject","inLanguage":"es","@id":"https:\/\/valenciasjb.salesianos.edu\/colegio\/la-semana-de-orientacion-vocacional-se-celebra-en-el-colegio-del-09-al-11-de-marzo\/#primaryimage","url":"https:\/\/valenciasjb.salesianos.edu\/colegio\/wp-content\/uploads\/sites\/2\/2022\/03\/WhatsApp-Image-2022-03-12-at-9.18.15-AM.jpeg","contentUrl":"https:\/\/valenciasjb.salesianos.edu\/colegio\/wp-content\/uploads\/sites\/2\/2022\/03\/WhatsApp-Image-2022-03-12-at-9.18.15-AM.jpeg","width":2016,"height":1512},{"@type":"BreadcrumbList","@id":"https:\/\/valenciasjb.salesianos.edu\/colegio\/la-semana-de-orientacion-vocacional-se-celebra-en-el-colegio-del-09-al-11-de-marzo\/#breadcrumb","itemListElement":[{"@type":"ListItem","position":1,"name":"Portada","item":"https:\/\/valenciasjb.salesianos.edu\/colegio\/"},{"@type":"ListItem","position":2,"name":"La Semana de Orientaci\u00f3n Vocacional se celebra en el colegio del 09 al 11 de marzo."}]},{"@type":"WebSite","@id":"https:\/\/valenciasjb.salesianos.edu\/colegio\/#website","url":"https:\/\/valenciasjb.salesianos.edu\/colegio\/","name":"Colegio San Juan Bosco Valencia","description":"P\u00e1gina oficial del Colegio Salesianos San Juan Bosco Valencia","alternateName":"Salesianos.VSJB","potentialAction":[{"@type":"SearchAction","target":{"@type":"EntryPoint","urlTemplate":"https:\/\/valenciasjb.salesianos.edu\/colegio\/?s={search_term_string}"},"query-input":{"@type":"PropertyValueSpecification","valueRequired":true,"valueName":"search_term_string"}}],"inLanguage":"es"},{"@type":"Person","@id":"https:\/\/valenciasjb.salesianos.edu\/colegio\/#\/schema\/person\/86dc674b625f6f68f88872bb794e6cf1","name":"Andrea Gimeno","image":{"@type":"ImageObject","inLanguage":"es","@id":"https:\/\/secure.gravatar.com\/avatar\/05fb909788254678d737fffb74ea7910e552935c65650cba653de83762c6278d?s=96&d=mm&r=g","url":"https:\/\/secure.gravatar.com\/avatar\/05fb909788254678d737fffb74ea7910e552935c65650cba653de83762c6278d?s=96&d=mm&r=g","contentUrl":"https:\/\/secure.gravatar.com\/avatar\/05fb909788254678d737fffb74ea7910e552935c65650cba653de83762c6278d?s=96&d=mm&r=g","caption":"Andrea Gimeno"}}]}},"_links":{"self":[{"href":"https:\/\/valenciasjb.salesianos.edu\/colegio\/wp-json\/wp\/v2\/posts\/16775","targetHints":{"allow":["GET"]}}],"collection":[{"href":"https:\/\/valenciasjb.salesianos.edu\/colegio\/wp-json\/wp\/v2\/posts"}],"about":[{"href":"https:\/\/valenciasjb.salesianos.edu\/colegio\/wp-json\/wp\/v2\/types\/post"}],"author":[{"embeddable":true,"href":"https:\/\/valenciasjb.salesianos.edu\/colegio\/wp-json\/wp\/v2\/users\/14"}],"replies":[{"embeddable":true,"href":"https:\/\/valenciasjb.salesianos.edu\/colegio\/wp-json\/wp\/v2\/comments?post=16775"}],"version-history":[{"count":4,"href":"https:\/\/valenciasjb.salesianos.edu\/colegio\/wp-json\/wp\/v2\/posts\/16775\/revisions"}],"predecessor-version":[{"id":16780,"href":"https:\/\/valenciasjb.salesianos.edu\/colegio\/wp-json\/wp\/v2\/posts\/16775\/revisions\/16780"}],"wp:featuredmedia":[{"embeddable":true,"href":"https:\/\/valenciasjb.salesianos.edu\/colegio\/wp-json\/wp\/v2\/media\/16773"}],"wp:attachment":[{"href":"https:\/\/valenciasjb.salesianos.edu\/colegio\/wp-json\/wp\/v2\/media?parent=16775"}],"wp:term":[{"taxonomy":"category","embeddable":true,"href":"https:\/\/valenciasjb.salesianos.edu\/colegio\/wp-json\/wp\/v2\/categories?post=16775"},{"taxonomy":"post_tag","embeddable":true,"href":"https:\/\/valenciasjb.salesianos.edu\/colegio\/wp-json\/wp\/v2\/tags?post=16775"}],"curies":[{"name":"wp","href":"https:\/\/api.w.org\/{rel}","templated":true}]}}