{"id":16802,"date":"2022-03-31T21:23:35","date_gmt":"2022-03-31T20:23:35","guid":{"rendered":"https:\/\/valenciasjb.salesianos.edu\/colegio\/?p=16802"},"modified":"2022-03-31T21:23:45","modified_gmt":"2022-03-31T20:23:45","slug":"homenaje-a-nuestros-salesianos-con-motivo-del-75-aniversario","status":"publish","type":"post","link":"https:\/\/valenciasjb.salesianos.edu\/colegio\/homenaje-a-nuestros-salesianos-con-motivo-del-75-aniversario\/","title":{"rendered":"Homenaje a nuestros salesianos con motivo del 75 aniversario."},"content":{"rendered":"<div id=\"fb-root\"><\/div>\n<p>[et_pb_section fb_built=\u00bb1&#8243; admin_label=\u00bbsection\u00bb _builder_version=\u00bb4.15&#8243; global_colors_info=\u00bb{}\u00bb theme_builder_area=\u00bbpost_content\u00bb][et_pb_row admin_label=\u00bbrow\u00bb _builder_version=\u00bb4.15&#8243; background_size=\u00bbinitial\u00bb background_position=\u00bbtop_left\u00bb background_repeat=\u00bbrepeat\u00bb global_colors_info=\u00bb{}\u00bb theme_builder_area=\u00bbpost_content\u00bb][et_pb_column type=\u00bb4_4&#8243; _builder_version=\u00bb4.15&#8243; custom_padding=\u00bb|||\u00bb global_colors_info=\u00bb{}\u00bb custom_padding__hover=\u00bb|||\u00bb theme_builder_area=\u00bbpost_content\u00bb][et_pb_text admin_label=\u00bbEntradilla (Texto)\u00bb _builder_version=\u00bb4.15.1&#8243; text_font=\u00bb|on|||\u00bb text_orientation=\u00bbjustified\u00bb module_alignment=\u00bbjustified\u00bb hover_enabled=\u00bb0&#8243; global_colors_info=\u00bb{}\u00bb theme_builder_area=\u00bbpost_content\u00bb sticky_enabled=\u00bb0&#8243;]<\/p>\n<p>Este mi\u00e9rcoles, 30 de marzo, el equipo docente se reuni\u00f3 en el teatro de nuestro colegio para rendir un merecido homenaje a la comunidad salesiana con motivo del 75 aniversario de la casa.<\/p>\n<p>[\/et_pb_text][et_pb_text admin_label=\u00bbAutor (Texto)\u00bb _builder_version=\u00bb4.15.1&#8243; text_font=\u00bb||on||\u00bb hover_enabled=\u00bb0&#8243; global_colors_info=\u00bb{}\u00bb theme_builder_area=\u00bbpost_content\u00bb sticky_enabled=\u00bb0&#8243;]<\/p>\n<p>Redacci\u00f3n<\/p>\n<p>[\/et_pb_text][et_pb_text admin_label=\u00bbDesarrollo (Texto)\u00bb _builder_version=\u00bb4.15.1&#8243; text_orientation=\u00bbjustified\u00bb module_alignment=\u00bbjustified\u00bb hover_enabled=\u00bb0&#8243; global_colors_info=\u00bb{}\u00bb theme_builder_area=\u00bbpost_content\u00bb sticky_enabled=\u00bb0&#8243;]<\/p>\n<p>En dicho homenaje, se quiso agradecer a nuestros salesianos la dedicaci\u00f3n y el servicio que durante tantos a\u00f1os han estado ofreciendo a los j\u00f3venes, siguiendo as\u00ed los pasos de Don Bosco. La acci\u00f3n de gracias fue acompa\u00f1ada de canciones y de mucha emoci\u00f3n transmitida por los profesores y profesoras y tambi\u00e9n, por los mismos salesianos. Entre l\u00e1grimas y aplausos, se les hizo entrega de unos regalos por parte de toda la comunidad. Fue un momento muy emotivo que vivimos como una gran familia.<\/p>\n<p>Gracias Emilio, Fernando Rodrigo, Eliseo, Pasqual, Jordi, Nando, Fernando R\u00eda y Alberto por tanta dedicaci\u00f3n y por hacer realidad el sue\u00f1o de Don Bosco.<\/p>\n<p>\u00a1Nos mueve la esperanza!<\/p>\n<p>[\/et_pb_text][et_pb_text disabled_on=\u00bboff|on|on\u00bb admin_label=\u00bbT\u00edtulo: Galer\u00eda de fotos (Texto)\u00bb _builder_version=\u00bb4.15&#8243; text_font=\u00bb|on|||\u00bb text_text_color=\u00bb#dc001b\u00bb border_style=\u00bbsolid\u00bb global_colors_info=\u00bb{}\u00bb theme_builder_area=\u00bbpost_content\u00bb]Galer\u00eda de im\u00e1genes<br \/>\n[\/et_pb_text][et_pb_gallery gallery_ids=\u00bb16805,16806,16807,16808,16809,16810,16811,16812,16813,16814,16815,16816,16817,16818,16819,16820,16821,16822,16823,16824,16825,16826,16827,16828,16829,16830,16831,16832,16833,16834,16835,16836,16837,16838,16839,16840,16841,16842,16843&#8243; posts_number=\u00bb8&#8243; show_title_and_caption=\u00bboff\u00bb zoom_icon_color=\u00bb#dc001b\u00bb hover_icon=\u00bb&#x54;||divi||400&#8243; disabled_on=\u00bboff|off|off\u00bb _builder_version=\u00bb4.15.1&#8243; hover_enabled=\u00bb0&#8243; pagination_font_size_tablet=\u00bb51&#8243; pagination_line_height_tablet=\u00bb2&#8243; global_colors_info=\u00bb{}\u00bb theme_builder_area=\u00bbpost_content\u00bb sticky_enabled=\u00bb0&#8243;][\/et_pb_gallery][et_pb_video disabled_on=\u00bbon|on|on\u00bb _builder_version=\u00bb4.15&#8243; disabled=\u00bbon\u00bb global_colors_info=\u00bb{}\u00bb theme_builder_area=\u00bbpost_content\u00bb][\/et_pb_video][\/et_pb_column][\/et_pb_row][\/et_pb_section]<\/p>\n<!-- AddThis Advanced Settings generic via filter on the_content --><!-- AddThis Share Buttons generic via filter on the_content -->","protected":false},"excerpt":{"rendered":"<p>Este mi\u00e9rcoles, 30 de marzo, el equipo docente se reuni\u00f3 en el teatro de nuestro colegio para rendir un merecido homenaje a la comunidad salesiana con motivo del 75 aniversario de la casa.Redacci\u00f3nEn dicho homenaje, se quiso agradecer a nuestros salesianos la dedicaci\u00f3n y el servicio que durante tantos a\u00f1os han estado ofreciendo a los [&hellip;]<\/p>\n<p><!-- AddThis Advanced Settings generic via filter on get_the_excerpt --><!-- AddThis Share Buttons generic via filter on get_the_excerpt --><\/p>\n","protected":false},"author":14,"featured_media":16843,"comment_status":"closed","ping_status":"open","sticky":false,"template":"","format":"standard","meta":{"_et_pb_use_builder":"on","_et_pb_old_content":"","_et_gb_content_width":"","footnotes":""},"categories":[14],"tags":[],"class_list":["post-16802","post","type-post","status-publish","format-standard","has-post-thumbnail","hentry","category-noticia_colegio"],"yoast_head":"<!-- This site is optimized with the Yoast SEO plugin v28.4 - https:\/\/yoast.com\/product\/yoast-seo-wordpress\/ -->\n<title>Homenaje a nuestros salesianos con motivo del 75 aniversario. - Colegio San Juan Bosco Valencia<\/title>\n<meta name=\"robots\" content=\"index, follow, max-snippet:-1, max-image-preview:large, max-video-preview:-1\" \/>\n<link rel=\"canonical\" href=\"https:\/\/valenciasjb.salesianos.edu\/colegio\/homenaje-a-nuestros-salesianos-con-motivo-del-75-aniversario\/\" \/>\n<meta property=\"og:locale\" content=\"es_ES\" \/>\n<meta property=\"og:type\" content=\"article\" \/>\n<meta property=\"og:title\" content=\"Homenaje a nuestros salesianos con motivo del 75 aniversario. - Colegio San Juan Bosco Valencia\" \/>\n<meta property=\"og:description\" content=\"Este mi\u00e9rcoles, 30 de marzo, el equipo docente se reuni\u00f3 en el teatro de nuestro colegio para rendir un merecido homenaje a la comunidad salesiana con motivo del 75 aniversario de la casa.Redacci\u00f3nEn dicho homenaje, se quiso agradecer a nuestros salesianos la dedicaci\u00f3n y el servicio que durante tantos a\u00f1os han estado ofreciendo a los [&hellip;]\" \/>\n<meta property=\"og:url\" content=\"https:\/\/valenciasjb.salesianos.edu\/colegio\/homenaje-a-nuestros-salesianos-con-motivo-del-75-aniversario\/\" \/>\n<meta property=\"og:site_name\" content=\"Colegio San Juan Bosco Valencia\" \/>\n<meta property=\"article:publisher\" content=\"https:\/\/www.facebook.com\/ColegioSalesianoSanJuanBoscoValencia\" \/>\n<meta property=\"article:published_time\" content=\"2022-03-31T20:23:35+00:00\" \/>\n<meta property=\"article:modified_time\" content=\"2022-03-31T20:23:45+00:00\" \/>\n<meta property=\"og:image\" content=\"https:\/\/valenciasjb.salesianos.edu\/colegio\/wp-content\/uploads\/sites\/2\/2022\/03\/277498714_5183279141695249_7149145368809093235_n.jpg\" \/>\n\t<meta property=\"og:image:width\" content=\"2048\" \/>\n\t<meta property=\"og:image:height\" content=\"1152\" \/>\n\t<meta property=\"og:image:type\" content=\"image\/jpeg\" \/>\n<meta name=\"author\" content=\"Andrea Gimeno\" \/>\n<meta name=\"twitter:card\" content=\"summary_large_image\" \/>\n<meta name=\"twitter:creator\" content=\"@SalesianosVSJB\" \/>\n<meta name=\"twitter:site\" content=\"@SalesianosVSJB\" \/>\n<meta name=\"twitter:label1\" content=\"Escrito por\" \/>\n\t<meta name=\"twitter:data1\" content=\"Andrea Gimeno\" \/>\n\t<meta name=\"twitter:label2\" content=\"Tiempo de lectura\" \/>\n\t<meta name=\"twitter:data2\" content=\"2 minutos\" \/>\n<script type=\"application\/ld+json\" class=\"yoast-schema-graph\">{\"@context\":\"https:\\\/\\\/schema.org\",\"@graph\":[{\"@type\":\"Article\",\"@id\":\"https:\\\/\\\/valenciasjb.salesianos.edu\\\/colegio\\\/homenaje-a-nuestros-salesianos-con-motivo-del-75-aniversario\\\/#article\",\"isPartOf\":{\"@id\":\"https:\\\/\\\/valenciasjb.salesianos.edu\\\/colegio\\\/homenaje-a-nuestros-salesianos-con-motivo-del-75-aniversario\\\/\"},\"author\":{\"name\":\"Andrea Gimeno\",\"@id\":\"https:\\\/\\\/valenciasjb.salesianos.edu\\\/colegio\\\/#\\\/schema\\\/person\\\/86dc674b625f6f68f88872bb794e6cf1\"},\"headline\":\"Homenaje a nuestros salesianos con motivo del 75 aniversario.\",\"datePublished\":\"2022-03-31T20:23:35+00:00\",\"dateModified\":\"2022-03-31T20:23:45+00:00\",\"mainEntityOfPage\":{\"@id\":\"https:\\\/\\\/valenciasjb.salesianos.edu\\\/colegio\\\/homenaje-a-nuestros-salesianos-con-motivo-del-75-aniversario\\\/\"},\"wordCount\":446,\"image\":{\"@id\":\"https:\\\/\\\/valenciasjb.salesianos.edu\\\/colegio\\\/homenaje-a-nuestros-salesianos-con-motivo-del-75-aniversario\\\/#primaryimage\"},\"thumbnailUrl\":\"https:\\\/\\\/valenciasjb.salesianos.edu\\\/colegio\\\/wp-content\\\/uploads\\\/sites\\\/2\\\/2022\\\/03\\\/277498714_5183279141695249_7149145368809093235_n.jpg\",\"articleSection\":[\"Noticia Colegio\"],\"inLanguage\":\"es\"},{\"@type\":\"WebPage\",\"@id\":\"https:\\\/\\\/valenciasjb.salesianos.edu\\\/colegio\\\/homenaje-a-nuestros-salesianos-con-motivo-del-75-aniversario\\\/\",\"url\":\"https:\\\/\\\/valenciasjb.salesianos.edu\\\/colegio\\\/homenaje-a-nuestros-salesianos-con-motivo-del-75-aniversario\\\/\",\"name\":\"Homenaje a nuestros salesianos con motivo del 75 aniversario. - Colegio San Juan Bosco Valencia\",\"isPartOf\":{\"@id\":\"https:\\\/\\\/valenciasjb.salesianos.edu\\\/colegio\\\/#website\"},\"primaryImageOfPage\":{\"@id\":\"https:\\\/\\\/valenciasjb.salesianos.edu\\\/colegio\\\/homenaje-a-nuestros-salesianos-con-motivo-del-75-aniversario\\\/#primaryimage\"},\"image\":{\"@id\":\"https:\\\/\\\/valenciasjb.salesianos.edu\\\/colegio\\\/homenaje-a-nuestros-salesianos-con-motivo-del-75-aniversario\\\/#primaryimage\"},\"thumbnailUrl\":\"https:\\\/\\\/valenciasjb.salesianos.edu\\\/colegio\\\/wp-content\\\/uploads\\\/sites\\\/2\\\/2022\\\/03\\\/277498714_5183279141695249_7149145368809093235_n.jpg\",\"datePublished\":\"2022-03-31T20:23:35+00:00\",\"dateModified\":\"2022-03-31T20:23:45+00:00\",\"author\":{\"@id\":\"https:\\\/\\\/valenciasjb.salesianos.edu\\\/colegio\\\/#\\\/schema\\\/person\\\/86dc674b625f6f68f88872bb794e6cf1\"},\"breadcrumb\":{\"@id\":\"https:\\\/\\\/valenciasjb.salesianos.edu\\\/colegio\\\/homenaje-a-nuestros-salesianos-con-motivo-del-75-aniversario\\\/#breadcrumb\"},\"inLanguage\":\"es\",\"potentialAction\":[{\"@type\":\"ReadAction\",\"target\":[\"https:\\\/\\\/valenciasjb.salesianos.edu\\\/colegio\\\/homenaje-a-nuestros-salesianos-con-motivo-del-75-aniversario\\\/\"]}]},{\"@type\":\"ImageObject\",\"inLanguage\":\"es\",\"@id\":\"https:\\\/\\\/valenciasjb.salesianos.edu\\\/colegio\\\/homenaje-a-nuestros-salesianos-con-motivo-del-75-aniversario\\\/#primaryimage\",\"url\":\"https:\\\/\\\/valenciasjb.salesianos.edu\\\/colegio\\\/wp-content\\\/uploads\\\/sites\\\/2\\\/2022\\\/03\\\/277498714_5183279141695249_7149145368809093235_n.jpg\",\"contentUrl\":\"https:\\\/\\\/valenciasjb.salesianos.edu\\\/colegio\\\/wp-content\\\/uploads\\\/sites\\\/2\\\/2022\\\/03\\\/277498714_5183279141695249_7149145368809093235_n.jpg\",\"width\":2048,\"height\":1152},{\"@type\":\"BreadcrumbList\",\"@id\":\"https:\\\/\\\/valenciasjb.salesianos.edu\\\/colegio\\\/homenaje-a-nuestros-salesianos-con-motivo-del-75-aniversario\\\/#breadcrumb\",\"itemListElement\":[{\"@type\":\"ListItem\",\"position\":1,\"name\":\"Portada\",\"item\":\"https:\\\/\\\/valenciasjb.salesianos.edu\\\/colegio\\\/\"},{\"@type\":\"ListItem\",\"position\":2,\"name\":\"Homenaje a nuestros salesianos con motivo del 75 aniversario.\"}]},{\"@type\":\"WebSite\",\"@id\":\"https:\\\/\\\/valenciasjb.salesianos.edu\\\/colegio\\\/#website\",\"url\":\"https:\\\/\\\/valenciasjb.salesianos.edu\\\/colegio\\\/\",\"name\":\"Colegio San Juan Bosco Valencia\",\"description\":\"P\u00e1gina oficial del Colegio Salesianos San Juan Bosco Valencia\",\"alternateName\":\"Salesianos.VSJB\",\"potentialAction\":[{\"@type\":\"SearchAction\",\"target\":{\"@type\":\"EntryPoint\",\"urlTemplate\":\"https:\\\/\\\/valenciasjb.salesianos.edu\\\/colegio\\\/?s={search_term_string}\"},\"query-input\":{\"@type\":\"PropertyValueSpecification\",\"valueRequired\":true,\"valueName\":\"search_term_string\"}}],\"inLanguage\":\"es\"},{\"@type\":\"Person\",\"@id\":\"https:\\\/\\\/valenciasjb.salesianos.edu\\\/colegio\\\/#\\\/schema\\\/person\\\/86dc674b625f6f68f88872bb794e6cf1\",\"name\":\"Andrea Gimeno\",\"image\":{\"@type\":\"ImageObject\",\"inLanguage\":\"es\",\"@id\":\"https:\\\/\\\/secure.gravatar.com\\\/avatar\\\/05fb909788254678d737fffb74ea7910e552935c65650cba653de83762c6278d?s=96&d=mm&r=g\",\"url\":\"https:\\\/\\\/secure.gravatar.com\\\/avatar\\\/05fb909788254678d737fffb74ea7910e552935c65650cba653de83762c6278d?s=96&d=mm&r=g\",\"contentUrl\":\"https:\\\/\\\/secure.gravatar.com\\\/avatar\\\/05fb909788254678d737fffb74ea7910e552935c65650cba653de83762c6278d?s=96&d=mm&r=g\",\"caption\":\"Andrea Gimeno\"}}]}<\/script>\n<!-- \/ Yoast SEO plugin. -->","yoast_head_json":{"title":"Homenaje a nuestros salesianos con motivo del 75 aniversario. - Colegio San Juan Bosco Valencia","robots":{"index":"index","follow":"follow","max-snippet":"max-snippet:-1","max-image-preview":"max-image-preview:large","max-video-preview":"max-video-preview:-1"},"canonical":"https:\/\/valenciasjb.salesianos.edu\/colegio\/homenaje-a-nuestros-salesianos-con-motivo-del-75-aniversario\/","og_locale":"es_ES","og_type":"article","og_title":"Homenaje a nuestros salesianos con motivo del 75 aniversario. - Colegio San Juan Bosco Valencia","og_description":"Este mi\u00e9rcoles, 30 de marzo, el equipo docente se reuni\u00f3 en el teatro de nuestro colegio para rendir un merecido homenaje a la comunidad salesiana con motivo del 75 aniversario de la casa.Redacci\u00f3nEn dicho homenaje, se quiso agradecer a nuestros salesianos la dedicaci\u00f3n y el servicio que durante tantos a\u00f1os han estado ofreciendo a los [&hellip;]","og_url":"https:\/\/valenciasjb.salesianos.edu\/colegio\/homenaje-a-nuestros-salesianos-con-motivo-del-75-aniversario\/","og_site_name":"Colegio San Juan Bosco Valencia","article_publisher":"https:\/\/www.facebook.com\/ColegioSalesianoSanJuanBoscoValencia","article_published_time":"2022-03-31T20:23:35+00:00","article_modified_time":"2022-03-31T20:23:45+00:00","og_image":[{"width":2048,"height":1152,"url":"https:\/\/valenciasjb.salesianos.edu\/colegio\/wp-content\/uploads\/sites\/2\/2022\/03\/277498714_5183279141695249_7149145368809093235_n.jpg","type":"image\/jpeg"}],"author":"Andrea Gimeno","twitter_card":"summary_large_image","twitter_creator":"@SalesianosVSJB","twitter_site":"@SalesianosVSJB","twitter_misc":{"Escrito por":"Andrea Gimeno","Tiempo de lectura":"2 minutos"},"schema":{"@context":"https:\/\/schema.org","@graph":[{"@type":"Article","@id":"https:\/\/valenciasjb.salesianos.edu\/colegio\/homenaje-a-nuestros-salesianos-con-motivo-del-75-aniversario\/#article","isPartOf":{"@id":"https:\/\/valenciasjb.salesianos.edu\/colegio\/homenaje-a-nuestros-salesianos-con-motivo-del-75-aniversario\/"},"author":{"name":"Andrea Gimeno","@id":"https:\/\/valenciasjb.salesianos.edu\/colegio\/#\/schema\/person\/86dc674b625f6f68f88872bb794e6cf1"},"headline":"Homenaje a nuestros salesianos con motivo del 75 aniversario.","datePublished":"2022-03-31T20:23:35+00:00","dateModified":"2022-03-31T20:23:45+00:00","mainEntityOfPage":{"@id":"https:\/\/valenciasjb.salesianos.edu\/colegio\/homenaje-a-nuestros-salesianos-con-motivo-del-75-aniversario\/"},"wordCount":446,"image":{"@id":"https:\/\/valenciasjb.salesianos.edu\/colegio\/homenaje-a-nuestros-salesianos-con-motivo-del-75-aniversario\/#primaryimage"},"thumbnailUrl":"https:\/\/valenciasjb.salesianos.edu\/colegio\/wp-content\/uploads\/sites\/2\/2022\/03\/277498714_5183279141695249_7149145368809093235_n.jpg","articleSection":["Noticia Colegio"],"inLanguage":"es"},{"@type":"WebPage","@id":"https:\/\/valenciasjb.salesianos.edu\/colegio\/homenaje-a-nuestros-salesianos-con-motivo-del-75-aniversario\/","url":"https:\/\/valenciasjb.salesianos.edu\/colegio\/homenaje-a-nuestros-salesianos-con-motivo-del-75-aniversario\/","name":"Homenaje a nuestros salesianos con motivo del 75 aniversario. - Colegio San Juan Bosco Valencia","isPartOf":{"@id":"https:\/\/valenciasjb.salesianos.edu\/colegio\/#website"},"primaryImageOfPage":{"@id":"https:\/\/valenciasjb.salesianos.edu\/colegio\/homenaje-a-nuestros-salesianos-con-motivo-del-75-aniversario\/#primaryimage"},"image":{"@id":"https:\/\/valenciasjb.salesianos.edu\/colegio\/homenaje-a-nuestros-salesianos-con-motivo-del-75-aniversario\/#primaryimage"},"thumbnailUrl":"https:\/\/valenciasjb.salesianos.edu\/colegio\/wp-content\/uploads\/sites\/2\/2022\/03\/277498714_5183279141695249_7149145368809093235_n.jpg","datePublished":"2022-03-31T20:23:35+00:00","dateModified":"2022-03-31T20:23:45+00:00","author":{"@id":"https:\/\/valenciasjb.salesianos.edu\/colegio\/#\/schema\/person\/86dc674b625f6f68f88872bb794e6cf1"},"breadcrumb":{"@id":"https:\/\/valenciasjb.salesianos.edu\/colegio\/homenaje-a-nuestros-salesianos-con-motivo-del-75-aniversario\/#breadcrumb"},"inLanguage":"es","potentialAction":[{"@type":"ReadAction","target":["https:\/\/valenciasjb.salesianos.edu\/colegio\/homenaje-a-nuestros-salesianos-con-motivo-del-75-aniversario\/"]}]},{"@type":"ImageObject","inLanguage":"es","@id":"https:\/\/valenciasjb.salesianos.edu\/colegio\/homenaje-a-nuestros-salesianos-con-motivo-del-75-aniversario\/#primaryimage","url":"https:\/\/valenciasjb.salesianos.edu\/colegio\/wp-content\/uploads\/sites\/2\/2022\/03\/277498714_5183279141695249_7149145368809093235_n.jpg","contentUrl":"https:\/\/valenciasjb.salesianos.edu\/colegio\/wp-content\/uploads\/sites\/2\/2022\/03\/277498714_5183279141695249_7149145368809093235_n.jpg","width":2048,"height":1152},{"@type":"BreadcrumbList","@id":"https:\/\/valenciasjb.salesianos.edu\/colegio\/homenaje-a-nuestros-salesianos-con-motivo-del-75-aniversario\/#breadcrumb","itemListElement":[{"@type":"ListItem","position":1,"name":"Portada","item":"https:\/\/valenciasjb.salesianos.edu\/colegio\/"},{"@type":"ListItem","position":2,"name":"Homenaje a nuestros salesianos con motivo del 75 aniversario."}]},{"@type":"WebSite","@id":"https:\/\/valenciasjb.salesianos.edu\/colegio\/#website","url":"https:\/\/valenciasjb.salesianos.edu\/colegio\/","name":"Colegio San Juan Bosco Valencia","description":"P\u00e1gina oficial del Colegio Salesianos San Juan Bosco Valencia","alternateName":"Salesianos.VSJB","potentialAction":[{"@type":"SearchAction","target":{"@type":"EntryPoint","urlTemplate":"https:\/\/valenciasjb.salesianos.edu\/colegio\/?s={search_term_string}"},"query-input":{"@type":"PropertyValueSpecification","valueRequired":true,"valueName":"search_term_string"}}],"inLanguage":"es"},{"@type":"Person","@id":"https:\/\/valenciasjb.salesianos.edu\/colegio\/#\/schema\/person\/86dc674b625f6f68f88872bb794e6cf1","name":"Andrea Gimeno","image":{"@type":"ImageObject","inLanguage":"es","@id":"https:\/\/secure.gravatar.com\/avatar\/05fb909788254678d737fffb74ea7910e552935c65650cba653de83762c6278d?s=96&d=mm&r=g","url":"https:\/\/secure.gravatar.com\/avatar\/05fb909788254678d737fffb74ea7910e552935c65650cba653de83762c6278d?s=96&d=mm&r=g","contentUrl":"https:\/\/secure.gravatar.com\/avatar\/05fb909788254678d737fffb74ea7910e552935c65650cba653de83762c6278d?s=96&d=mm&r=g","caption":"Andrea Gimeno"}}]}},"_links":{"self":[{"href":"https:\/\/valenciasjb.salesianos.edu\/colegio\/wp-json\/wp\/v2\/posts\/16802","targetHints":{"allow":["GET"]}}],"collection":[{"href":"https:\/\/valenciasjb.salesianos.edu\/colegio\/wp-json\/wp\/v2\/posts"}],"about":[{"href":"https:\/\/valenciasjb.salesianos.edu\/colegio\/wp-json\/wp\/v2\/types\/post"}],"author":[{"embeddable":true,"href":"https:\/\/valenciasjb.salesianos.edu\/colegio\/wp-json\/wp\/v2\/users\/14"}],"replies":[{"embeddable":true,"href":"https:\/\/valenciasjb.salesianos.edu\/colegio\/wp-json\/wp\/v2\/comments?post=16802"}],"version-history":[{"count":3,"href":"https:\/\/valenciasjb.salesianos.edu\/colegio\/wp-json\/wp\/v2\/posts\/16802\/revisions"}],"predecessor-version":[{"id":16851,"href":"https:\/\/valenciasjb.salesianos.edu\/colegio\/wp-json\/wp\/v2\/posts\/16802\/revisions\/16851"}],"wp:featuredmedia":[{"embeddable":true,"href":"https:\/\/valenciasjb.salesianos.edu\/colegio\/wp-json\/wp\/v2\/media\/16843"}],"wp:attachment":[{"href":"https:\/\/valenciasjb.salesianos.edu\/colegio\/wp-json\/wp\/v2\/media?parent=16802"}],"wp:term":[{"taxonomy":"category","embeddable":true,"href":"https:\/\/valenciasjb.salesianos.edu\/colegio\/wp-json\/wp\/v2\/categories?post=16802"},{"taxonomy":"post_tag","embeddable":true,"href":"https:\/\/valenciasjb.salesianos.edu\/colegio\/wp-json\/wp\/v2\/tags?post=16802"}],"curies":[{"name":"wp","href":"https:\/\/api.w.org\/{rel}","templated":true}]}}