{"id":16853,"date":"2022-04-03T12:41:51","date_gmt":"2022-04-03T11:41:51","guid":{"rendered":"https:\/\/valenciasjb.salesianos.edu\/colegio\/?p=16853"},"modified":"2022-04-03T12:41:56","modified_gmt":"2022-04-03T11:41:56","slug":"durante-la-tarde-del-jueves-31-de-marzo-el-colegio-al-completo-se-reunio-en-el-teatro-para-un-claustro-donde-se-hizo-balance-de-todo-lo-acontecido-en-lo-que-llevamos-de-este-curso-2021-2022","status":"publish","type":"post","link":"https:\/\/valenciasjb.salesianos.edu\/colegio\/durante-la-tarde-del-jueves-31-de-marzo-el-colegio-al-completo-se-reunio-en-el-teatro-para-un-claustro-donde-se-hizo-balance-de-todo-lo-acontecido-en-lo-que-llevamos-de-este-curso-2021-2022\/","title":{"rendered":"Durante la tarde del jueves 31 de marzo, el colegio al completo se reuni\u00f3 en el teatro para un claustro donde se hizo balance de todo lo acontecido en lo que llevamos de este curso 2021\/2022."},"content":{"rendered":"<div id=\"fb-root\"><\/div>\n<p>[et_pb_section fb_built=\u00bb1&#8243; admin_label=\u00bbsection\u00bb _builder_version=\u00bb4.15&#8243; global_colors_info=\u00bb{}\u00bb theme_builder_area=\u00bbpost_content\u00bb][et_pb_row admin_label=\u00bbrow\u00bb _builder_version=\u00bb4.15&#8243; background_size=\u00bbinitial\u00bb background_position=\u00bbtop_left\u00bb background_repeat=\u00bbrepeat\u00bb global_colors_info=\u00bb{}\u00bb theme_builder_area=\u00bbpost_content\u00bb][et_pb_column type=\u00bb4_4&#8243; _builder_version=\u00bb4.15&#8243; custom_padding=\u00bb|||\u00bb global_colors_info=\u00bb{}\u00bb custom_padding__hover=\u00bb|||\u00bb theme_builder_area=\u00bbpost_content\u00bb][et_pb_text admin_label=\u00bbEntradilla (Texto)\u00bb _builder_version=\u00bb4.15.1&#8243; text_font=\u00bb|on|||\u00bb text_orientation=\u00bbjustified\u00bb module_alignment=\u00bbjustified\u00bb hover_enabled=\u00bb0&#8243; global_colors_info=\u00bb{}\u00bb theme_builder_area=\u00bbpost_content\u00bb sticky_enabled=\u00bb0&#8243;]<\/p>\n<div id=\"resumen\"><strong>\u00a0<\/strong><\/div>\n<div>\n<p>Durante la tarde del jueves 31 de marzo, el colegio al completo se reuni\u00f3 en el teatro para un claustro donde se hizo balance de todo lo acontecido en lo que llevamos de este curso 2021\/2022.<\/p>\n<\/div>\n<p>[\/et_pb_text][et_pb_text admin_label=\u00bbAutor (Texto)\u00bb _builder_version=\u00bb4.15.1&#8243; text_font=\u00bb||on||\u00bb hover_enabled=\u00bb0&#8243; global_colors_info=\u00bb{}\u00bb theme_builder_area=\u00bbpost_content\u00bb sticky_enabled=\u00bb0&#8243;]<\/p>\n<p>Redacci\u00f3n.<\/p>\n<p>[\/et_pb_text][et_pb_text admin_label=\u00bbDesarrollo (Texto)\u00bb _builder_version=\u00bb4.15.1&#8243; text_orientation=\u00bbjustified\u00bb module_alignment=\u00bbjustified\u00bb hover_enabled=\u00bb0&#8243; global_colors_info=\u00bb{}\u00bb theme_builder_area=\u00bbpost_content\u00bb sticky_enabled=\u00bb0&#8243;]<\/p>\n<p>La reuni\u00f3n del claustro comenz\u00f3 con una oraci\u00f3n preparada por el equipo de pastoral orientada a la cuaresma. A continuaci\u00f3n, el equipo directivo present\u00f3 todas las actividades que el colegio lleva realizadas hasta ahora como, excursiones escolares de las distintas etapas, el concierto solidario, las movilidades Erasmus + tanto de alumnos\/as como de profesores\/as, SOMRIU en las aulas, entre otras muchas.<\/p>\n<p>Adem\u00e1s, el director del colegio, Juan Peris, quiso rendir un homenaje a dos instituciones que tanto ayudaron a nuestras familias y alumnos\/as en pleno confinamiento. Una de ellas, fue AMPAS, quienes se llevaron un fuerte aplauso y admiraci\u00f3n por todo el claustro. Se les regal\u00f3 una placa por toda la dedicaci\u00f3n que tuvieron para que a los alumnos y alumnas de nuestro colegio no les faltara de nada. La otra instituci\u00f3n fue las enfermeras del centro m\u00e9dico Fuente de San Lu\u00eds, quienes tanto han hecho por nosotros con la vacunaci\u00f3n, registros COVID y todo el duro esfuerzo que hicieron durante la pandemia. Gracias y mil veces gracias.<\/p>\n<p>El claustro finaliz\u00f3 con el reconocimiento de nuestra profesora Isabel Mart\u00edn por tantos a\u00f1os de dedicaci\u00f3n en nuestro colegio. Es el momento de descansar y disfrutar de esa merecida jubilaci\u00f3n.<\/p>\n<p>El equipo docente sigue trabajando por y para nuestras familias y nuestros j\u00f3venes. \u00a1Nos mueve la esperanza!<\/p>\n<p>[\/et_pb_text][et_pb_text disabled_on=\u00bboff|on|on\u00bb admin_label=\u00bbT\u00edtulo: Galer\u00eda de fotos (Texto)\u00bb _builder_version=\u00bb4.15&#8243; text_font=\u00bb|on|||\u00bb text_text_color=\u00bb#dc001b\u00bb border_style=\u00bbsolid\u00bb global_colors_info=\u00bb{}\u00bb theme_builder_area=\u00bbpost_content\u00bb]Galer\u00eda de im\u00e1genes<br \/>\n[\/et_pb_text][et_pb_gallery gallery_ids=\u00bb16856,16857,16858,16859,16860,16861,16862,16863,16864,16865,16866,16867,16868,16869,16870,16871,16872&#8243; posts_number=\u00bb8&#8243; show_title_and_caption=\u00bboff\u00bb zoom_icon_color=\u00bb#dc001b\u00bb hover_icon=\u00bb&#x54;||divi||400&#8243; disabled_on=\u00bboff|off|off\u00bb _builder_version=\u00bb4.15.1&#8243; hover_enabled=\u00bb0&#8243; pagination_font_size_tablet=\u00bb51&#8243; pagination_line_height_tablet=\u00bb2&#8243; global_colors_info=\u00bb{}\u00bb theme_builder_area=\u00bbpost_content\u00bb sticky_enabled=\u00bb0&#8243;][\/et_pb_gallery][et_pb_video disabled_on=\u00bbon|on|on\u00bb _builder_version=\u00bb4.15&#8243; disabled=\u00bbon\u00bb global_colors_info=\u00bb{}\u00bb theme_builder_area=\u00bbpost_content\u00bb][\/et_pb_video][\/et_pb_column][\/et_pb_row][\/et_pb_section]<\/p>\n<!-- AddThis Advanced Settings generic via filter on the_content --><!-- AddThis Share Buttons generic via filter on the_content -->","protected":false},"excerpt":{"rendered":"<p>\u00a0 Durante la tarde del jueves 31 de marzo, el colegio al completo se reuni\u00f3 en el teatro para un claustro donde se hizo balance de todo lo acontecido en lo que llevamos de este curso 2021\/2022. Redacci\u00f3n.La reuni\u00f3n del claustro comenz\u00f3 con una oraci\u00f3n preparada por el equipo de pastoral orientada a la cuaresma. [&hellip;]<\/p>\n<p><!-- AddThis Advanced Settings generic via filter on get_the_excerpt --><!-- AddThis Share Buttons generic via filter on get_the_excerpt --><\/p>\n","protected":false},"author":14,"featured_media":16859,"comment_status":"closed","ping_status":"open","sticky":false,"template":"","format":"standard","meta":{"_et_pb_use_builder":"on","_et_pb_old_content":"","_et_gb_content_width":"","footnotes":""},"categories":[14],"tags":[],"class_list":["post-16853","post","type-post","status-publish","format-standard","has-post-thumbnail","hentry","category-noticia_colegio"],"yoast_head":"<!-- This site is optimized with the Yoast SEO plugin v28.4 - https:\/\/yoast.com\/product\/yoast-seo-wordpress\/ -->\n<title>Durante la tarde del jueves 31 de marzo, el colegio al completo se reuni\u00f3 en el teatro para un claustro donde se hizo balance de todo lo acontecido en lo que llevamos de este curso 2021\/2022. - Colegio San Juan Bosco Valencia<\/title>\n<meta name=\"robots\" content=\"index, follow, max-snippet:-1, max-image-preview:large, max-video-preview:-1\" \/>\n<link rel=\"canonical\" href=\"https:\/\/valenciasjb.salesianos.edu\/colegio\/durante-la-tarde-del-jueves-31-de-marzo-el-colegio-al-completo-se-reunio-en-el-teatro-para-un-claustro-donde-se-hizo-balance-de-todo-lo-acontecido-en-lo-que-llevamos-de-este-curso-2021-2022\/\" \/>\n<meta property=\"og:locale\" content=\"es_ES\" \/>\n<meta property=\"og:type\" content=\"article\" \/>\n<meta property=\"og:title\" content=\"Durante la tarde del jueves 31 de marzo, el colegio al completo se reuni\u00f3 en el teatro para un claustro donde se hizo balance de todo lo acontecido en lo que llevamos de este curso 2021\/2022. - Colegio San Juan Bosco Valencia\" \/>\n<meta property=\"og:description\" content=\"\u00a0 Durante la tarde del jueves 31 de marzo, el colegio al completo se reuni\u00f3 en el teatro para un claustro donde se hizo balance de todo lo acontecido en lo que llevamos de este curso 2021\/2022. Redacci\u00f3n.La reuni\u00f3n del claustro comenz\u00f3 con una oraci\u00f3n preparada por el equipo de pastoral orientada a la cuaresma. [&hellip;]\" \/>\n<meta property=\"og:url\" content=\"https:\/\/valenciasjb.salesianos.edu\/colegio\/durante-la-tarde-del-jueves-31-de-marzo-el-colegio-al-completo-se-reunio-en-el-teatro-para-un-claustro-donde-se-hizo-balance-de-todo-lo-acontecido-en-lo-que-llevamos-de-este-curso-2021-2022\/\" \/>\n<meta property=\"og:site_name\" content=\"Colegio San Juan Bosco Valencia\" \/>\n<meta property=\"article:publisher\" content=\"https:\/\/www.facebook.com\/ColegioSalesianoSanJuanBoscoValencia\" \/>\n<meta property=\"article:published_time\" content=\"2022-04-03T11:41:51+00:00\" \/>\n<meta property=\"article:modified_time\" content=\"2022-04-03T11:41:56+00:00\" \/>\n<meta property=\"og:image\" content=\"https:\/\/valenciasjb.salesianos.edu\/colegio\/wp-content\/uploads\/sites\/2\/2022\/04\/WhatsApp-Image-2022-03-31-at-8.44.37-PM-2.jpeg\" \/>\n\t<meta property=\"og:image:width\" content=\"1600\" \/>\n\t<meta property=\"og:image:height\" content=\"1196\" \/>\n\t<meta property=\"og:image:type\" content=\"image\/jpeg\" \/>\n<meta name=\"author\" content=\"Andrea Gimeno\" \/>\n<meta name=\"twitter:card\" content=\"summary_large_image\" \/>\n<meta name=\"twitter:creator\" content=\"@SalesianosVSJB\" \/>\n<meta name=\"twitter:site\" content=\"@SalesianosVSJB\" \/>\n<meta name=\"twitter:label1\" content=\"Escrito por\" \/>\n\t<meta name=\"twitter:data1\" content=\"Andrea Gimeno\" \/>\n\t<meta name=\"twitter:label2\" content=\"Tiempo de lectura\" \/>\n\t<meta name=\"twitter:data2\" content=\"2 minutos\" \/>\n<script type=\"application\/ld+json\" class=\"yoast-schema-graph\">{\"@context\":\"https:\\\/\\\/schema.org\",\"@graph\":[{\"@type\":\"Article\",\"@id\":\"https:\\\/\\\/valenciasjb.salesianos.edu\\\/colegio\\\/durante-la-tarde-del-jueves-31-de-marzo-el-colegio-al-completo-se-reunio-en-el-teatro-para-un-claustro-donde-se-hizo-balance-de-todo-lo-acontecido-en-lo-que-llevamos-de-este-curso-2021-2022\\\/#article\",\"isPartOf\":{\"@id\":\"https:\\\/\\\/valenciasjb.salesianos.edu\\\/colegio\\\/durante-la-tarde-del-jueves-31-de-marzo-el-colegio-al-completo-se-reunio-en-el-teatro-para-un-claustro-donde-se-hizo-balance-de-todo-lo-acontecido-en-lo-que-llevamos-de-este-curso-2021-2022\\\/\"},\"author\":{\"name\":\"Andrea Gimeno\",\"@id\":\"https:\\\/\\\/valenciasjb.salesianos.edu\\\/colegio\\\/#\\\/schema\\\/person\\\/86dc674b625f6f68f88872bb794e6cf1\"},\"headline\":\"Durante la tarde del jueves 31 de marzo, el colegio al completo se reuni\u00f3 en el teatro para un claustro donde se hizo balance de todo lo acontecido en lo que llevamos de este curso 2021\\\/2022.\",\"datePublished\":\"2022-04-03T11:41:51+00:00\",\"dateModified\":\"2022-04-03T11:41:56+00:00\",\"mainEntityOfPage\":{\"@id\":\"https:\\\/\\\/valenciasjb.salesianos.edu\\\/colegio\\\/durante-la-tarde-del-jueves-31-de-marzo-el-colegio-al-completo-se-reunio-en-el-teatro-para-un-claustro-donde-se-hizo-balance-de-todo-lo-acontecido-en-lo-que-llevamos-de-este-curso-2021-2022\\\/\"},\"wordCount\":584,\"image\":{\"@id\":\"https:\\\/\\\/valenciasjb.salesianos.edu\\\/colegio\\\/durante-la-tarde-del-jueves-31-de-marzo-el-colegio-al-completo-se-reunio-en-el-teatro-para-un-claustro-donde-se-hizo-balance-de-todo-lo-acontecido-en-lo-que-llevamos-de-este-curso-2021-2022\\\/#primaryimage\"},\"thumbnailUrl\":\"https:\\\/\\\/valenciasjb.salesianos.edu\\\/colegio\\\/wp-content\\\/uploads\\\/sites\\\/2\\\/2022\\\/04\\\/WhatsApp-Image-2022-03-31-at-8.44.37-PM-2.jpeg\",\"articleSection\":[\"Noticia Colegio\"],\"inLanguage\":\"es\"},{\"@type\":\"WebPage\",\"@id\":\"https:\\\/\\\/valenciasjb.salesianos.edu\\\/colegio\\\/durante-la-tarde-del-jueves-31-de-marzo-el-colegio-al-completo-se-reunio-en-el-teatro-para-un-claustro-donde-se-hizo-balance-de-todo-lo-acontecido-en-lo-que-llevamos-de-este-curso-2021-2022\\\/\",\"url\":\"https:\\\/\\\/valenciasjb.salesianos.edu\\\/colegio\\\/durante-la-tarde-del-jueves-31-de-marzo-el-colegio-al-completo-se-reunio-en-el-teatro-para-un-claustro-donde-se-hizo-balance-de-todo-lo-acontecido-en-lo-que-llevamos-de-este-curso-2021-2022\\\/\",\"name\":\"Durante la tarde del jueves 31 de marzo, el colegio al completo se reuni\u00f3 en el teatro para un claustro donde se hizo balance de todo lo acontecido en lo que llevamos de este curso 2021\\\/2022. - Colegio San Juan Bosco Valencia\",\"isPartOf\":{\"@id\":\"https:\\\/\\\/valenciasjb.salesianos.edu\\\/colegio\\\/#website\"},\"primaryImageOfPage\":{\"@id\":\"https:\\\/\\\/valenciasjb.salesianos.edu\\\/colegio\\\/durante-la-tarde-del-jueves-31-de-marzo-el-colegio-al-completo-se-reunio-en-el-teatro-para-un-claustro-donde-se-hizo-balance-de-todo-lo-acontecido-en-lo-que-llevamos-de-este-curso-2021-2022\\\/#primaryimage\"},\"image\":{\"@id\":\"https:\\\/\\\/valenciasjb.salesianos.edu\\\/colegio\\\/durante-la-tarde-del-jueves-31-de-marzo-el-colegio-al-completo-se-reunio-en-el-teatro-para-un-claustro-donde-se-hizo-balance-de-todo-lo-acontecido-en-lo-que-llevamos-de-este-curso-2021-2022\\\/#primaryimage\"},\"thumbnailUrl\":\"https:\\\/\\\/valenciasjb.salesianos.edu\\\/colegio\\\/wp-content\\\/uploads\\\/sites\\\/2\\\/2022\\\/04\\\/WhatsApp-Image-2022-03-31-at-8.44.37-PM-2.jpeg\",\"datePublished\":\"2022-04-03T11:41:51+00:00\",\"dateModified\":\"2022-04-03T11:41:56+00:00\",\"author\":{\"@id\":\"https:\\\/\\\/valenciasjb.salesianos.edu\\\/colegio\\\/#\\\/schema\\\/person\\\/86dc674b625f6f68f88872bb794e6cf1\"},\"breadcrumb\":{\"@id\":\"https:\\\/\\\/valenciasjb.salesianos.edu\\\/colegio\\\/durante-la-tarde-del-jueves-31-de-marzo-el-colegio-al-completo-se-reunio-en-el-teatro-para-un-claustro-donde-se-hizo-balance-de-todo-lo-acontecido-en-lo-que-llevamos-de-este-curso-2021-2022\\\/#breadcrumb\"},\"inLanguage\":\"es\",\"potentialAction\":[{\"@type\":\"ReadAction\",\"target\":[\"https:\\\/\\\/valenciasjb.salesianos.edu\\\/colegio\\\/durante-la-tarde-del-jueves-31-de-marzo-el-colegio-al-completo-se-reunio-en-el-teatro-para-un-claustro-donde-se-hizo-balance-de-todo-lo-acontecido-en-lo-que-llevamos-de-este-curso-2021-2022\\\/\"]}]},{\"@type\":\"ImageObject\",\"inLanguage\":\"es\",\"@id\":\"https:\\\/\\\/valenciasjb.salesianos.edu\\\/colegio\\\/durante-la-tarde-del-jueves-31-de-marzo-el-colegio-al-completo-se-reunio-en-el-teatro-para-un-claustro-donde-se-hizo-balance-de-todo-lo-acontecido-en-lo-que-llevamos-de-este-curso-2021-2022\\\/#primaryimage\",\"url\":\"https:\\\/\\\/valenciasjb.salesianos.edu\\\/colegio\\\/wp-content\\\/uploads\\\/sites\\\/2\\\/2022\\\/04\\\/WhatsApp-Image-2022-03-31-at-8.44.37-PM-2.jpeg\",\"contentUrl\":\"https:\\\/\\\/valenciasjb.salesianos.edu\\\/colegio\\\/wp-content\\\/uploads\\\/sites\\\/2\\\/2022\\\/04\\\/WhatsApp-Image-2022-03-31-at-8.44.37-PM-2.jpeg\",\"width\":1600,\"height\":1196},{\"@type\":\"BreadcrumbList\",\"@id\":\"https:\\\/\\\/valenciasjb.salesianos.edu\\\/colegio\\\/durante-la-tarde-del-jueves-31-de-marzo-el-colegio-al-completo-se-reunio-en-el-teatro-para-un-claustro-donde-se-hizo-balance-de-todo-lo-acontecido-en-lo-que-llevamos-de-este-curso-2021-2022\\\/#breadcrumb\",\"itemListElement\":[{\"@type\":\"ListItem\",\"position\":1,\"name\":\"Portada\",\"item\":\"https:\\\/\\\/valenciasjb.salesianos.edu\\\/colegio\\\/\"},{\"@type\":\"ListItem\",\"position\":2,\"name\":\"Durante la tarde del jueves 31 de marzo, el colegio al completo se reuni\u00f3 en el teatro para un claustro donde se hizo balance de todo lo acontecido en lo que llevamos de este curso 2021\\\/2022.\"}]},{\"@type\":\"WebSite\",\"@id\":\"https:\\\/\\\/valenciasjb.salesianos.edu\\\/colegio\\\/#website\",\"url\":\"https:\\\/\\\/valenciasjb.salesianos.edu\\\/colegio\\\/\",\"name\":\"Colegio San Juan Bosco Valencia\",\"description\":\"P\u00e1gina oficial del Colegio Salesianos San Juan Bosco Valencia\",\"alternateName\":\"Salesianos.VSJB\",\"potentialAction\":[{\"@type\":\"SearchAction\",\"target\":{\"@type\":\"EntryPoint\",\"urlTemplate\":\"https:\\\/\\\/valenciasjb.salesianos.edu\\\/colegio\\\/?s={search_term_string}\"},\"query-input\":{\"@type\":\"PropertyValueSpecification\",\"valueRequired\":true,\"valueName\":\"search_term_string\"}}],\"inLanguage\":\"es\"},{\"@type\":\"Person\",\"@id\":\"https:\\\/\\\/valenciasjb.salesianos.edu\\\/colegio\\\/#\\\/schema\\\/person\\\/86dc674b625f6f68f88872bb794e6cf1\",\"name\":\"Andrea Gimeno\",\"image\":{\"@type\":\"ImageObject\",\"inLanguage\":\"es\",\"@id\":\"https:\\\/\\\/secure.gravatar.com\\\/avatar\\\/05fb909788254678d737fffb74ea7910e552935c65650cba653de83762c6278d?s=96&d=mm&r=g\",\"url\":\"https:\\\/\\\/secure.gravatar.com\\\/avatar\\\/05fb909788254678d737fffb74ea7910e552935c65650cba653de83762c6278d?s=96&d=mm&r=g\",\"contentUrl\":\"https:\\\/\\\/secure.gravatar.com\\\/avatar\\\/05fb909788254678d737fffb74ea7910e552935c65650cba653de83762c6278d?s=96&d=mm&r=g\",\"caption\":\"Andrea Gimeno\"}}]}<\/script>\n<!-- \/ Yoast SEO plugin. -->","yoast_head_json":{"title":"Durante la tarde del jueves 31 de marzo, el colegio al completo se reuni\u00f3 en el teatro para un claustro donde se hizo balance de todo lo acontecido en lo que llevamos de este curso 2021\/2022. - Colegio San Juan Bosco Valencia","robots":{"index":"index","follow":"follow","max-snippet":"max-snippet:-1","max-image-preview":"max-image-preview:large","max-video-preview":"max-video-preview:-1"},"canonical":"https:\/\/valenciasjb.salesianos.edu\/colegio\/durante-la-tarde-del-jueves-31-de-marzo-el-colegio-al-completo-se-reunio-en-el-teatro-para-un-claustro-donde-se-hizo-balance-de-todo-lo-acontecido-en-lo-que-llevamos-de-este-curso-2021-2022\/","og_locale":"es_ES","og_type":"article","og_title":"Durante la tarde del jueves 31 de marzo, el colegio al completo se reuni\u00f3 en el teatro para un claustro donde se hizo balance de todo lo acontecido en lo que llevamos de este curso 2021\/2022. - Colegio San Juan Bosco Valencia","og_description":"\u00a0 Durante la tarde del jueves 31 de marzo, el colegio al completo se reuni\u00f3 en el teatro para un claustro donde se hizo balance de todo lo acontecido en lo que llevamos de este curso 2021\/2022. Redacci\u00f3n.La reuni\u00f3n del claustro comenz\u00f3 con una oraci\u00f3n preparada por el equipo de pastoral orientada a la cuaresma. [&hellip;]","og_url":"https:\/\/valenciasjb.salesianos.edu\/colegio\/durante-la-tarde-del-jueves-31-de-marzo-el-colegio-al-completo-se-reunio-en-el-teatro-para-un-claustro-donde-se-hizo-balance-de-todo-lo-acontecido-en-lo-que-llevamos-de-este-curso-2021-2022\/","og_site_name":"Colegio San Juan Bosco Valencia","article_publisher":"https:\/\/www.facebook.com\/ColegioSalesianoSanJuanBoscoValencia","article_published_time":"2022-04-03T11:41:51+00:00","article_modified_time":"2022-04-03T11:41:56+00:00","og_image":[{"width":1600,"height":1196,"url":"https:\/\/valenciasjb.salesianos.edu\/colegio\/wp-content\/uploads\/sites\/2\/2022\/04\/WhatsApp-Image-2022-03-31-at-8.44.37-PM-2.jpeg","type":"image\/jpeg"}],"author":"Andrea Gimeno","twitter_card":"summary_large_image","twitter_creator":"@SalesianosVSJB","twitter_site":"@SalesianosVSJB","twitter_misc":{"Escrito por":"Andrea Gimeno","Tiempo de lectura":"2 minutos"},"schema":{"@context":"https:\/\/schema.org","@graph":[{"@type":"Article","@id":"https:\/\/valenciasjb.salesianos.edu\/colegio\/durante-la-tarde-del-jueves-31-de-marzo-el-colegio-al-completo-se-reunio-en-el-teatro-para-un-claustro-donde-se-hizo-balance-de-todo-lo-acontecido-en-lo-que-llevamos-de-este-curso-2021-2022\/#article","isPartOf":{"@id":"https:\/\/valenciasjb.salesianos.edu\/colegio\/durante-la-tarde-del-jueves-31-de-marzo-el-colegio-al-completo-se-reunio-en-el-teatro-para-un-claustro-donde-se-hizo-balance-de-todo-lo-acontecido-en-lo-que-llevamos-de-este-curso-2021-2022\/"},"author":{"name":"Andrea Gimeno","@id":"https:\/\/valenciasjb.salesianos.edu\/colegio\/#\/schema\/person\/86dc674b625f6f68f88872bb794e6cf1"},"headline":"Durante la tarde del jueves 31 de marzo, el colegio al completo se reuni\u00f3 en el teatro para un claustro donde se hizo balance de todo lo acontecido en lo que llevamos de este curso 2021\/2022.","datePublished":"2022-04-03T11:41:51+00:00","dateModified":"2022-04-03T11:41:56+00:00","mainEntityOfPage":{"@id":"https:\/\/valenciasjb.salesianos.edu\/colegio\/durante-la-tarde-del-jueves-31-de-marzo-el-colegio-al-completo-se-reunio-en-el-teatro-para-un-claustro-donde-se-hizo-balance-de-todo-lo-acontecido-en-lo-que-llevamos-de-este-curso-2021-2022\/"},"wordCount":584,"image":{"@id":"https:\/\/valenciasjb.salesianos.edu\/colegio\/durante-la-tarde-del-jueves-31-de-marzo-el-colegio-al-completo-se-reunio-en-el-teatro-para-un-claustro-donde-se-hizo-balance-de-todo-lo-acontecido-en-lo-que-llevamos-de-este-curso-2021-2022\/#primaryimage"},"thumbnailUrl":"https:\/\/valenciasjb.salesianos.edu\/colegio\/wp-content\/uploads\/sites\/2\/2022\/04\/WhatsApp-Image-2022-03-31-at-8.44.37-PM-2.jpeg","articleSection":["Noticia Colegio"],"inLanguage":"es"},{"@type":"WebPage","@id":"https:\/\/valenciasjb.salesianos.edu\/colegio\/durante-la-tarde-del-jueves-31-de-marzo-el-colegio-al-completo-se-reunio-en-el-teatro-para-un-claustro-donde-se-hizo-balance-de-todo-lo-acontecido-en-lo-que-llevamos-de-este-curso-2021-2022\/","url":"https:\/\/valenciasjb.salesianos.edu\/colegio\/durante-la-tarde-del-jueves-31-de-marzo-el-colegio-al-completo-se-reunio-en-el-teatro-para-un-claustro-donde-se-hizo-balance-de-todo-lo-acontecido-en-lo-que-llevamos-de-este-curso-2021-2022\/","name":"Durante la tarde del jueves 31 de marzo, el colegio al completo se reuni\u00f3 en el teatro para un claustro donde se hizo balance de todo lo acontecido en lo que llevamos de este curso 2021\/2022. - Colegio San Juan Bosco Valencia","isPartOf":{"@id":"https:\/\/valenciasjb.salesianos.edu\/colegio\/#website"},"primaryImageOfPage":{"@id":"https:\/\/valenciasjb.salesianos.edu\/colegio\/durante-la-tarde-del-jueves-31-de-marzo-el-colegio-al-completo-se-reunio-en-el-teatro-para-un-claustro-donde-se-hizo-balance-de-todo-lo-acontecido-en-lo-que-llevamos-de-este-curso-2021-2022\/#primaryimage"},"image":{"@id":"https:\/\/valenciasjb.salesianos.edu\/colegio\/durante-la-tarde-del-jueves-31-de-marzo-el-colegio-al-completo-se-reunio-en-el-teatro-para-un-claustro-donde-se-hizo-balance-de-todo-lo-acontecido-en-lo-que-llevamos-de-este-curso-2021-2022\/#primaryimage"},"thumbnailUrl":"https:\/\/valenciasjb.salesianos.edu\/colegio\/wp-content\/uploads\/sites\/2\/2022\/04\/WhatsApp-Image-2022-03-31-at-8.44.37-PM-2.jpeg","datePublished":"2022-04-03T11:41:51+00:00","dateModified":"2022-04-03T11:41:56+00:00","author":{"@id":"https:\/\/valenciasjb.salesianos.edu\/colegio\/#\/schema\/person\/86dc674b625f6f68f88872bb794e6cf1"},"breadcrumb":{"@id":"https:\/\/valenciasjb.salesianos.edu\/colegio\/durante-la-tarde-del-jueves-31-de-marzo-el-colegio-al-completo-se-reunio-en-el-teatro-para-un-claustro-donde-se-hizo-balance-de-todo-lo-acontecido-en-lo-que-llevamos-de-este-curso-2021-2022\/#breadcrumb"},"inLanguage":"es","potentialAction":[{"@type":"ReadAction","target":["https:\/\/valenciasjb.salesianos.edu\/colegio\/durante-la-tarde-del-jueves-31-de-marzo-el-colegio-al-completo-se-reunio-en-el-teatro-para-un-claustro-donde-se-hizo-balance-de-todo-lo-acontecido-en-lo-que-llevamos-de-este-curso-2021-2022\/"]}]},{"@type":"ImageObject","inLanguage":"es","@id":"https:\/\/valenciasjb.salesianos.edu\/colegio\/durante-la-tarde-del-jueves-31-de-marzo-el-colegio-al-completo-se-reunio-en-el-teatro-para-un-claustro-donde-se-hizo-balance-de-todo-lo-acontecido-en-lo-que-llevamos-de-este-curso-2021-2022\/#primaryimage","url":"https:\/\/valenciasjb.salesianos.edu\/colegio\/wp-content\/uploads\/sites\/2\/2022\/04\/WhatsApp-Image-2022-03-31-at-8.44.37-PM-2.jpeg","contentUrl":"https:\/\/valenciasjb.salesianos.edu\/colegio\/wp-content\/uploads\/sites\/2\/2022\/04\/WhatsApp-Image-2022-03-31-at-8.44.37-PM-2.jpeg","width":1600,"height":1196},{"@type":"BreadcrumbList","@id":"https:\/\/valenciasjb.salesianos.edu\/colegio\/durante-la-tarde-del-jueves-31-de-marzo-el-colegio-al-completo-se-reunio-en-el-teatro-para-un-claustro-donde-se-hizo-balance-de-todo-lo-acontecido-en-lo-que-llevamos-de-este-curso-2021-2022\/#breadcrumb","itemListElement":[{"@type":"ListItem","position":1,"name":"Portada","item":"https:\/\/valenciasjb.salesianos.edu\/colegio\/"},{"@type":"ListItem","position":2,"name":"Durante la tarde del jueves 31 de marzo, el colegio al completo se reuni\u00f3 en el teatro para un claustro donde se hizo balance de todo lo acontecido en lo que llevamos de este curso 2021\/2022."}]},{"@type":"WebSite","@id":"https:\/\/valenciasjb.salesianos.edu\/colegio\/#website","url":"https:\/\/valenciasjb.salesianos.edu\/colegio\/","name":"Colegio San Juan Bosco Valencia","description":"P\u00e1gina oficial del Colegio Salesianos San Juan Bosco Valencia","alternateName":"Salesianos.VSJB","potentialAction":[{"@type":"SearchAction","target":{"@type":"EntryPoint","urlTemplate":"https:\/\/valenciasjb.salesianos.edu\/colegio\/?s={search_term_string}"},"query-input":{"@type":"PropertyValueSpecification","valueRequired":true,"valueName":"search_term_string"}}],"inLanguage":"es"},{"@type":"Person","@id":"https:\/\/valenciasjb.salesianos.edu\/colegio\/#\/schema\/person\/86dc674b625f6f68f88872bb794e6cf1","name":"Andrea Gimeno","image":{"@type":"ImageObject","inLanguage":"es","@id":"https:\/\/secure.gravatar.com\/avatar\/05fb909788254678d737fffb74ea7910e552935c65650cba653de83762c6278d?s=96&d=mm&r=g","url":"https:\/\/secure.gravatar.com\/avatar\/05fb909788254678d737fffb74ea7910e552935c65650cba653de83762c6278d?s=96&d=mm&r=g","contentUrl":"https:\/\/secure.gravatar.com\/avatar\/05fb909788254678d737fffb74ea7910e552935c65650cba653de83762c6278d?s=96&d=mm&r=g","caption":"Andrea Gimeno"}}]}},"_links":{"self":[{"href":"https:\/\/valenciasjb.salesianos.edu\/colegio\/wp-json\/wp\/v2\/posts\/16853","targetHints":{"allow":["GET"]}}],"collection":[{"href":"https:\/\/valenciasjb.salesianos.edu\/colegio\/wp-json\/wp\/v2\/posts"}],"about":[{"href":"https:\/\/valenciasjb.salesianos.edu\/colegio\/wp-json\/wp\/v2\/types\/post"}],"author":[{"embeddable":true,"href":"https:\/\/valenciasjb.salesianos.edu\/colegio\/wp-json\/wp\/v2\/users\/14"}],"replies":[{"embeddable":true,"href":"https:\/\/valenciasjb.salesianos.edu\/colegio\/wp-json\/wp\/v2\/comments?post=16853"}],"version-history":[{"count":5,"href":"https:\/\/valenciasjb.salesianos.edu\/colegio\/wp-json\/wp\/v2\/posts\/16853\/revisions"}],"predecessor-version":[{"id":16876,"href":"https:\/\/valenciasjb.salesianos.edu\/colegio\/wp-json\/wp\/v2\/posts\/16853\/revisions\/16876"}],"wp:featuredmedia":[{"embeddable":true,"href":"https:\/\/valenciasjb.salesianos.edu\/colegio\/wp-json\/wp\/v2\/media\/16859"}],"wp:attachment":[{"href":"https:\/\/valenciasjb.salesianos.edu\/colegio\/wp-json\/wp\/v2\/media?parent=16853"}],"wp:term":[{"taxonomy":"category","embeddable":true,"href":"https:\/\/valenciasjb.salesianos.edu\/colegio\/wp-json\/wp\/v2\/categories?post=16853"},{"taxonomy":"post_tag","embeddable":true,"href":"https:\/\/valenciasjb.salesianos.edu\/colegio\/wp-json\/wp\/v2\/tags?post=16853"}],"curies":[{"name":"wp","href":"https:\/\/api.w.org\/{rel}","templated":true}]}}