{"id":16932,"date":"2022-04-06T16:50:17","date_gmt":"2022-04-06T15:50:17","guid":{"rendered":"https:\/\/valenciasjb.salesianos.edu\/colegio\/?p=16932"},"modified":"2022-04-06T18:19:55","modified_gmt":"2022-04-06T17:19:55","slug":"conoce-nuestro-proyecto-erasmus-plus-dream-en-educacion-primaria-con-el-que-sonamos-que-un-mundo-mejor-es-posible","status":"publish","type":"post","link":"https:\/\/valenciasjb.salesianos.edu\/colegio\/conoce-nuestro-proyecto-erasmus-plus-dream-en-educacion-primaria-con-el-que-sonamos-que-un-mundo-mejor-es-posible\/","title":{"rendered":"Conoce nuestro proyecto Erasmus Plus \u00abDREAM\u00bb en Educaci\u00f3n Primaria con el que \u00abso\u00f1amos\u00bb que un mundo mejor es posible"},"content":{"rendered":"<div id=\"fb-root\"><\/div>\n<p>[et_pb_section fb_built=\u00bb1&#8243; admin_label=\u00bbsection\u00bb _builder_version=\u00bb4.16&#8243; global_colors_info=\u00bb{}\u00bb][et_pb_row admin_label=\u00bbrow\u00bb _builder_version=\u00bb4.16&#8243; background_size=\u00bbinitial\u00bb background_position=\u00bbtop_left\u00bb background_repeat=\u00bbrepeat\u00bb global_colors_info=\u00bb{}\u00bb][et_pb_column type=\u00bb4_4&#8243; _builder_version=\u00bb4.16&#8243; custom_padding=\u00bb|||\u00bb global_colors_info=\u00bb{}\u00bb custom_padding__hover=\u00bb|||\u00bb][et_pb_text admin_label=\u00bbEntradilla (Texto)\u00bb _builder_version=\u00bb4.16.0&#8243; text_font=\u00bb|on|||\u00bb text_orientation=\u00bbjustified\u00bb module_alignment=\u00bbjustified\u00bb global_colors_info=\u00bb{}\u00bb]<\/p>\n<div id=\"resumen\"><strong><span style=\"font-weight: 400\">\u00bfQui\u00e9n dijo que para participar en un proyecto internacional se necesitaba tener cierta edad? Gracias a los proyectos Erasmus Plus, en nuestro colegio el alumnado se ha embarcado en un proyecto internacional europeo apasionante ya en el curso de 5\u00ba de primaria, con tan solo 11 a\u00f1os.<\/span><\/strong><\/div>\n<div>\u00a0<\/div>\n<p>[\/et_pb_text][et_pb_text admin_label=\u00bbAutor (Texto)\u00bb _builder_version=\u00bb4.16.0&#8243; text_font=\u00bb||on||\u00bb global_colors_info=\u00bb{}\u00bb]<\/p>\n<p>Redacci\u00f3n.<\/p>\n<p>[\/et_pb_text][et_pb_text admin_label=\u00bbDesarrollo (Texto)\u00bb _builder_version=\u00bb4.16.0&#8243; text_orientation=\u00bbjustified\u00bb module_alignment=\u00bbjustified\u00bb hover_enabled=\u00bb0&#8243; global_colors_info=\u00bb{}\u00bb sticky_enabled=\u00bb0&#8243;]<\/p>\n<p><a href=\"https:\/\/www.facebook.com\/media\/set\/?set=a.5201544066535423&amp;type=3\">\u00c1lbum de fotos<\/a><\/p>\n<p><span style=\"font-weight: 400\">El proyecto dio comienzo en el curso 2020-2021 cuando un equipo de profesorado Erasmus Plus del colegio se embarc\u00f3 en esta maravillosa y apasionante aventura, que ha puesto en colaboraci\u00f3n a tres colegios: el Colegio Salesianos San Juan Bosco de Valencia (Espa\u00f1a), Z\u00e1kladn\u00ed \u0161kola a mate\u0159sk\u00e1 \u0161kola, de Rep\u00fablica Checa, y Szko\u0142a Podstawowa w Nowej Iwicznej, de Polonia.<\/span><\/p>\n<p><span style=\"font-weight: 400\">Este proyecto pone el foco en la defensa del medio ambiente y la sostenibilidad. Hasta el momento hemos realizado diferentes actividades en equipos internacionales, como intercambio de cartas, presentaciones con diapositivas de los distintos pa\u00edses participantes, intercambio de divertidos v\u00eddeos cantando en los idiomas de los diferentes pa\u00edses (los espa\u00f1oles cantando en checo y polaco, los polacos cantando en checo y espa\u00f1ol, y los checos cantando en espa\u00f1ol y polaco), conferencia internacional con todos los participantes y la ONG ACNUR, la agencia de la ONU para los refugiados. Asimismo el alumnado vision\u00f3 y analiz\u00f3 una serie de pel\u00edculas relacionadas con el medio ambiente para extraer unas conclusiones.<\/span><\/p>\n<p><span style=\"font-weight: 400\">A pesar de las dificultades encontradas debido a la pandemia de COVID 19 y a la incertidumbre para viajar debido a la guerra, ya se ha podido realizar la primera movilidad internacional de este proyecto, en la que la escuela anfitriona ha sido el Colegio Salesianos San Juan Bosco de Valencia. Esta movilidad ha girado en torno a la sostenibilidad respecto al agua agua y el mar, aprovechando la ubicaci\u00f3n y las caracter\u00edsticas \u00fanicas de la ciudad de Valencia. Las actividades se han realizado en grupo y han consistido, entre otras, en actividades orales de presentaci\u00f3n y conocimiento entre el alumnado, un tour sostenible en bici por el centro de la ciudad, una actividad para conocer la sostenibilidad en el mar aprovechando las instalaciones del Oceanogr\u00e0fic y la proyecci\u00f3n de un documental espec\u00edfico en el Hemisf\u00e8ric, tambi\u00e9n han profundizado en la ciencia y el medio ambiente en el Museo de las Artes y las Ciencias y en el Museo de Arte Moderno, donde han tomado unas instant\u00e1neas muy interesantes y han conocido c\u00f3mo se puede denunciar y reclamar la defensa del medio ambiente de una manera art\u00edstica y diferente.\u00a0<\/span><\/p>\n<p><span style=\"font-weight: 400\">Los participantes lo han pasado en grande. Algunas actividades gastron\u00f3micas como el picnic sostenible en el r\u00edo, el chocolate con churros y bu\u00f1uelos en Santa Catalina, o la paella tradicional (los participantes pudieron ver cocinar una paella de manera sostenible y tradicional en El Palmar y despu\u00e9s la degustaron) y tambi\u00e9n pudieron probar la horchata artesanal. Algunas actividades tuvieron que ser modificadas debido a la lluvia, ya que en Valencia fue la semana m\u00e1s lluviosa en 70 a\u00f1os, pero hasta de ese hecho los participantes sacaron la parte positiva.<\/span><\/p>\n<p><span style=\"font-weight: 400\">El alumnado trabaj\u00f3 en el colegio anfitri\u00f3n en equipos internacionales compuestos por ni\u00f1os y ni\u00f1as de los tres pa\u00edses en la elaboraci\u00f3n de unas conclusiones a modo de blog sobre sostenibilidad.<\/span><\/p>\n<p><span style=\"font-weight: 400\">El proyecto contin\u00faa con m\u00e1s movilidades. Muy pronto nos reuniremos en Praga. Este es un proyecto que como dice el lema de Erasmus Plus ya nos est\u00e1 cambiando la vida y nos ha abierto la mente todav\u00eda m\u00e1s a la colaboraci\u00f3n intercultural por la defensa de un mundo mejor para todas las personas.<\/span><\/p>\n<p>[\/et_pb_text][et_pb_text disabled_on=\u00bboff|on|on\u00bb admin_label=\u00bbT\u00edtulo: Galer\u00eda de fotos (Texto)\u00bb _builder_version=\u00bb4.16&#8243; text_font=\u00bb|on|||\u00bb text_text_color=\u00bb#dc001b\u00bb border_style=\u00bbsolid\u00bb global_colors_info=\u00bb{}\u00bb]Galer\u00eda de im\u00e1genes<br \/>\n[\/et_pb_text][et_pb_gallery gallery_ids=\u00bb16935,16936,16937,16938,16939,16940,16941,16942,16943,16944,16945,16946,16947,16948,16949,16950,16951,16952,16953,16954,16955,16956,16957,16958,16959,16960,16961,16962,16963,16964&#8243; posts_number=\u00bb8&#8243; show_title_and_caption=\u00bboff\u00bb zoom_icon_color=\u00bb#dc001b\u00bb hover_icon=\u00bb&#x54;||divi||400&#8243; disabled_on=\u00bboff|off|off\u00bb _builder_version=\u00bb4.16.0&#8243; pagination_font_size_tablet=\u00bb51&#8243; pagination_line_height_tablet=\u00bb2&#8243; global_colors_info=\u00bb{}\u00bb][\/et_pb_gallery][et_pb_video disabled_on=\u00bbon|on|on\u00bb _builder_version=\u00bb4.16&#8243; disabled=\u00bbon\u00bb global_colors_info=\u00bb{}\u00bb][\/et_pb_video][\/et_pb_column][\/et_pb_row][\/et_pb_section]<\/p>\n<!-- AddThis Advanced Settings generic via filter on the_content --><!-- AddThis Share Buttons generic via filter on the_content -->","protected":false},"excerpt":{"rendered":"<p>\u00bfQui\u00e9n dijo que para participar en un proyecto internacional se necesitaba tener cierta edad? Gracias a los proyectos Erasmus Plus, en nuestro colegio el alumnado se ha embarcado en un proyecto internacional europeo apasionante ya en el curso de 5\u00ba de primaria, con tan solo 11 a\u00f1os. \u00a0Redacci\u00f3n.\u00c1lbum de fotos El proyecto dio comienzo en [&hellip;]<\/p>\n<p><!-- AddThis Advanced Settings generic via filter on get_the_excerpt --><!-- AddThis Share Buttons generic via filter on get_the_excerpt --><\/p>\n","protected":false},"author":6,"featured_media":16938,"comment_status":"closed","ping_status":"open","sticky":false,"template":"","format":"standard","meta":{"_et_pb_use_builder":"on","_et_pb_old_content":"","_et_gb_content_width":"","footnotes":""},"categories":[42,14],"tags":[],"class_list":["post-16932","post","type-post","status-publish","format-standard","has-post-thumbnail","hentry","category-blogerasmus","category-noticia_colegio"],"yoast_head":"<!-- This site is optimized with the Yoast SEO plugin v28.4 - https:\/\/yoast.com\/product\/yoast-seo-wordpress\/ -->\n<title>Conoce nuestro proyecto Erasmus Plus &quot;DREAM&quot; en Educaci\u00f3n Primaria con el que &quot;so\u00f1amos&quot; que un mundo mejor es posible - Colegio San Juan Bosco Valencia<\/title>\n<meta name=\"robots\" content=\"index, follow, max-snippet:-1, max-image-preview:large, max-video-preview:-1\" \/>\n<link rel=\"canonical\" href=\"https:\/\/valenciasjb.salesianos.edu\/colegio\/conoce-nuestro-proyecto-erasmus-plus-dream-en-educacion-primaria-con-el-que-sonamos-que-un-mundo-mejor-es-posible\/\" \/>\n<meta property=\"og:locale\" content=\"es_ES\" \/>\n<meta property=\"og:type\" content=\"article\" \/>\n<meta property=\"og:title\" content=\"Conoce nuestro proyecto Erasmus Plus &quot;DREAM&quot; en Educaci\u00f3n Primaria con el que &quot;so\u00f1amos&quot; que un mundo mejor es posible - Colegio San Juan Bosco Valencia\" \/>\n<meta property=\"og:description\" content=\"\u00bfQui\u00e9n dijo que para participar en un proyecto internacional se necesitaba tener cierta edad? Gracias a los proyectos Erasmus Plus, en nuestro colegio el alumnado se ha embarcado en un proyecto internacional europeo apasionante ya en el curso de 5\u00ba de primaria, con tan solo 11 a\u00f1os. \u00a0Redacci\u00f3n.\u00c1lbum de fotos El proyecto dio comienzo en [&hellip;]\" \/>\n<meta property=\"og:url\" content=\"https:\/\/valenciasjb.salesianos.edu\/colegio\/conoce-nuestro-proyecto-erasmus-plus-dream-en-educacion-primaria-con-el-que-sonamos-que-un-mundo-mejor-es-posible\/\" \/>\n<meta property=\"og:site_name\" content=\"Colegio San Juan Bosco Valencia\" \/>\n<meta property=\"article:publisher\" content=\"https:\/\/www.facebook.com\/ColegioSalesianoSanJuanBoscoValencia\" \/>\n<meta property=\"article:published_time\" content=\"2022-04-06T15:50:17+00:00\" \/>\n<meta property=\"article:modified_time\" content=\"2022-04-06T17:19:55+00:00\" \/>\n<meta property=\"og:image\" content=\"https:\/\/valenciasjb.salesianos.edu\/colegio\/wp-content\/uploads\/sites\/2\/2022\/04\/IMG-20220320-WA0010.jpg\" \/>\n\t<meta property=\"og:image:width\" content=\"1600\" \/>\n\t<meta property=\"og:image:height\" content=\"1201\" \/>\n\t<meta property=\"og:image:type\" content=\"image\/jpeg\" \/>\n<meta name=\"author\" content=\"veronicapastor\" \/>\n<meta name=\"twitter:card\" content=\"summary_large_image\" \/>\n<meta name=\"twitter:creator\" content=\"@SalesianosVSJB\" \/>\n<meta name=\"twitter:site\" content=\"@SalesianosVSJB\" \/>\n<meta name=\"twitter:label1\" content=\"Escrito por\" \/>\n\t<meta name=\"twitter:data1\" content=\"veronicapastor\" \/>\n\t<meta name=\"twitter:label2\" content=\"Tiempo de lectura\" \/>\n\t<meta name=\"twitter:data2\" content=\"4 minutos\" \/>\n<script type=\"application\/ld+json\" class=\"yoast-schema-graph\">{\"@context\":\"https:\\\/\\\/schema.org\",\"@graph\":[{\"@type\":\"Article\",\"@id\":\"https:\\\/\\\/valenciasjb.salesianos.edu\\\/colegio\\\/conoce-nuestro-proyecto-erasmus-plus-dream-en-educacion-primaria-con-el-que-sonamos-que-un-mundo-mejor-es-posible\\\/#article\",\"isPartOf\":{\"@id\":\"https:\\\/\\\/valenciasjb.salesianos.edu\\\/colegio\\\/conoce-nuestro-proyecto-erasmus-plus-dream-en-educacion-primaria-con-el-que-sonamos-que-un-mundo-mejor-es-posible\\\/\"},\"author\":{\"name\":\"veronicapastor\",\"@id\":\"https:\\\/\\\/valenciasjb.salesianos.edu\\\/colegio\\\/#\\\/schema\\\/person\\\/1f45b67e52b27da175190a574db6bed9\"},\"headline\":\"Conoce nuestro proyecto Erasmus Plus \u00abDREAM\u00bb en Educaci\u00f3n Primaria con el que \u00abso\u00f1amos\u00bb que un mundo mejor es posible\",\"datePublished\":\"2022-04-06T15:50:17+00:00\",\"dateModified\":\"2022-04-06T17:19:55+00:00\",\"mainEntityOfPage\":{\"@id\":\"https:\\\/\\\/valenciasjb.salesianos.edu\\\/colegio\\\/conoce-nuestro-proyecto-erasmus-plus-dream-en-educacion-primaria-con-el-que-sonamos-que-un-mundo-mejor-es-posible\\\/\"},\"wordCount\":864,\"image\":{\"@id\":\"https:\\\/\\\/valenciasjb.salesianos.edu\\\/colegio\\\/conoce-nuestro-proyecto-erasmus-plus-dream-en-educacion-primaria-con-el-que-sonamos-que-un-mundo-mejor-es-posible\\\/#primaryimage\"},\"thumbnailUrl\":\"https:\\\/\\\/valenciasjb.salesianos.edu\\\/colegio\\\/wp-content\\\/uploads\\\/sites\\\/2\\\/2022\\\/04\\\/IMG-20220320-WA0010.jpg\",\"articleSection\":[\"Blog Erasmus+\",\"Noticia Colegio\"],\"inLanguage\":\"es\"},{\"@type\":\"WebPage\",\"@id\":\"https:\\\/\\\/valenciasjb.salesianos.edu\\\/colegio\\\/conoce-nuestro-proyecto-erasmus-plus-dream-en-educacion-primaria-con-el-que-sonamos-que-un-mundo-mejor-es-posible\\\/\",\"url\":\"https:\\\/\\\/valenciasjb.salesianos.edu\\\/colegio\\\/conoce-nuestro-proyecto-erasmus-plus-dream-en-educacion-primaria-con-el-que-sonamos-que-un-mundo-mejor-es-posible\\\/\",\"name\":\"Conoce nuestro proyecto Erasmus Plus \\\"DREAM\\\" en Educaci\u00f3n Primaria con el que \\\"so\u00f1amos\\\" que un mundo mejor es posible - Colegio San Juan Bosco Valencia\",\"isPartOf\":{\"@id\":\"https:\\\/\\\/valenciasjb.salesianos.edu\\\/colegio\\\/#website\"},\"primaryImageOfPage\":{\"@id\":\"https:\\\/\\\/valenciasjb.salesianos.edu\\\/colegio\\\/conoce-nuestro-proyecto-erasmus-plus-dream-en-educacion-primaria-con-el-que-sonamos-que-un-mundo-mejor-es-posible\\\/#primaryimage\"},\"image\":{\"@id\":\"https:\\\/\\\/valenciasjb.salesianos.edu\\\/colegio\\\/conoce-nuestro-proyecto-erasmus-plus-dream-en-educacion-primaria-con-el-que-sonamos-que-un-mundo-mejor-es-posible\\\/#primaryimage\"},\"thumbnailUrl\":\"https:\\\/\\\/valenciasjb.salesianos.edu\\\/colegio\\\/wp-content\\\/uploads\\\/sites\\\/2\\\/2022\\\/04\\\/IMG-20220320-WA0010.jpg\",\"datePublished\":\"2022-04-06T15:50:17+00:00\",\"dateModified\":\"2022-04-06T17:19:55+00:00\",\"author\":{\"@id\":\"https:\\\/\\\/valenciasjb.salesianos.edu\\\/colegio\\\/#\\\/schema\\\/person\\\/1f45b67e52b27da175190a574db6bed9\"},\"breadcrumb\":{\"@id\":\"https:\\\/\\\/valenciasjb.salesianos.edu\\\/colegio\\\/conoce-nuestro-proyecto-erasmus-plus-dream-en-educacion-primaria-con-el-que-sonamos-que-un-mundo-mejor-es-posible\\\/#breadcrumb\"},\"inLanguage\":\"es\",\"potentialAction\":[{\"@type\":\"ReadAction\",\"target\":[\"https:\\\/\\\/valenciasjb.salesianos.edu\\\/colegio\\\/conoce-nuestro-proyecto-erasmus-plus-dream-en-educacion-primaria-con-el-que-sonamos-que-un-mundo-mejor-es-posible\\\/\"]}]},{\"@type\":\"ImageObject\",\"inLanguage\":\"es\",\"@id\":\"https:\\\/\\\/valenciasjb.salesianos.edu\\\/colegio\\\/conoce-nuestro-proyecto-erasmus-plus-dream-en-educacion-primaria-con-el-que-sonamos-que-un-mundo-mejor-es-posible\\\/#primaryimage\",\"url\":\"https:\\\/\\\/valenciasjb.salesianos.edu\\\/colegio\\\/wp-content\\\/uploads\\\/sites\\\/2\\\/2022\\\/04\\\/IMG-20220320-WA0010.jpg\",\"contentUrl\":\"https:\\\/\\\/valenciasjb.salesianos.edu\\\/colegio\\\/wp-content\\\/uploads\\\/sites\\\/2\\\/2022\\\/04\\\/IMG-20220320-WA0010.jpg\",\"width\":1600,\"height\":1201},{\"@type\":\"BreadcrumbList\",\"@id\":\"https:\\\/\\\/valenciasjb.salesianos.edu\\\/colegio\\\/conoce-nuestro-proyecto-erasmus-plus-dream-en-educacion-primaria-con-el-que-sonamos-que-un-mundo-mejor-es-posible\\\/#breadcrumb\",\"itemListElement\":[{\"@type\":\"ListItem\",\"position\":1,\"name\":\"Portada\",\"item\":\"https:\\\/\\\/valenciasjb.salesianos.edu\\\/colegio\\\/\"},{\"@type\":\"ListItem\",\"position\":2,\"name\":\"Conoce nuestro proyecto Erasmus Plus \u00abDREAM\u00bb en Educaci\u00f3n Primaria con el que \u00abso\u00f1amos\u00bb que un mundo mejor es posible\"}]},{\"@type\":\"WebSite\",\"@id\":\"https:\\\/\\\/valenciasjb.salesianos.edu\\\/colegio\\\/#website\",\"url\":\"https:\\\/\\\/valenciasjb.salesianos.edu\\\/colegio\\\/\",\"name\":\"Colegio San Juan Bosco Valencia\",\"description\":\"P\u00e1gina oficial del Colegio Salesianos San Juan Bosco Valencia\",\"alternateName\":\"Salesianos.VSJB\",\"potentialAction\":[{\"@type\":\"SearchAction\",\"target\":{\"@type\":\"EntryPoint\",\"urlTemplate\":\"https:\\\/\\\/valenciasjb.salesianos.edu\\\/colegio\\\/?s={search_term_string}\"},\"query-input\":{\"@type\":\"PropertyValueSpecification\",\"valueRequired\":true,\"valueName\":\"search_term_string\"}}],\"inLanguage\":\"es\"},{\"@type\":\"Person\",\"@id\":\"https:\\\/\\\/valenciasjb.salesianos.edu\\\/colegio\\\/#\\\/schema\\\/person\\\/1f45b67e52b27da175190a574db6bed9\",\"name\":\"veronicapastor\",\"image\":{\"@type\":\"ImageObject\",\"inLanguage\":\"es\",\"@id\":\"https:\\\/\\\/secure.gravatar.com\\\/avatar\\\/e29bd40bace3fd935e1d6fdb7313ffc14628cc037c5e16f4c7369b20a2a6f7f0?s=96&d=mm&r=g\",\"url\":\"https:\\\/\\\/secure.gravatar.com\\\/avatar\\\/e29bd40bace3fd935e1d6fdb7313ffc14628cc037c5e16f4c7369b20a2a6f7f0?s=96&d=mm&r=g\",\"contentUrl\":\"https:\\\/\\\/secure.gravatar.com\\\/avatar\\\/e29bd40bace3fd935e1d6fdb7313ffc14628cc037c5e16f4c7369b20a2a6f7f0?s=96&d=mm&r=g\",\"caption\":\"veronicapastor\"}}]}<\/script>\n<!-- \/ Yoast SEO plugin. -->","yoast_head_json":{"title":"Conoce nuestro proyecto Erasmus Plus \"DREAM\" en Educaci\u00f3n Primaria con el que \"so\u00f1amos\" que un mundo mejor es posible - Colegio San Juan Bosco Valencia","robots":{"index":"index","follow":"follow","max-snippet":"max-snippet:-1","max-image-preview":"max-image-preview:large","max-video-preview":"max-video-preview:-1"},"canonical":"https:\/\/valenciasjb.salesianos.edu\/colegio\/conoce-nuestro-proyecto-erasmus-plus-dream-en-educacion-primaria-con-el-que-sonamos-que-un-mundo-mejor-es-posible\/","og_locale":"es_ES","og_type":"article","og_title":"Conoce nuestro proyecto Erasmus Plus \"DREAM\" en Educaci\u00f3n Primaria con el que \"so\u00f1amos\" que un mundo mejor es posible - Colegio San Juan Bosco Valencia","og_description":"\u00bfQui\u00e9n dijo que para participar en un proyecto internacional se necesitaba tener cierta edad? Gracias a los proyectos Erasmus Plus, en nuestro colegio el alumnado se ha embarcado en un proyecto internacional europeo apasionante ya en el curso de 5\u00ba de primaria, con tan solo 11 a\u00f1os. \u00a0Redacci\u00f3n.\u00c1lbum de fotos El proyecto dio comienzo en [&hellip;]","og_url":"https:\/\/valenciasjb.salesianos.edu\/colegio\/conoce-nuestro-proyecto-erasmus-plus-dream-en-educacion-primaria-con-el-que-sonamos-que-un-mundo-mejor-es-posible\/","og_site_name":"Colegio San Juan Bosco Valencia","article_publisher":"https:\/\/www.facebook.com\/ColegioSalesianoSanJuanBoscoValencia","article_published_time":"2022-04-06T15:50:17+00:00","article_modified_time":"2022-04-06T17:19:55+00:00","og_image":[{"width":1600,"height":1201,"url":"https:\/\/valenciasjb.salesianos.edu\/colegio\/wp-content\/uploads\/sites\/2\/2022\/04\/IMG-20220320-WA0010.jpg","type":"image\/jpeg"}],"author":"veronicapastor","twitter_card":"summary_large_image","twitter_creator":"@SalesianosVSJB","twitter_site":"@SalesianosVSJB","twitter_misc":{"Escrito por":"veronicapastor","Tiempo de lectura":"4 minutos"},"schema":{"@context":"https:\/\/schema.org","@graph":[{"@type":"Article","@id":"https:\/\/valenciasjb.salesianos.edu\/colegio\/conoce-nuestro-proyecto-erasmus-plus-dream-en-educacion-primaria-con-el-que-sonamos-que-un-mundo-mejor-es-posible\/#article","isPartOf":{"@id":"https:\/\/valenciasjb.salesianos.edu\/colegio\/conoce-nuestro-proyecto-erasmus-plus-dream-en-educacion-primaria-con-el-que-sonamos-que-un-mundo-mejor-es-posible\/"},"author":{"name":"veronicapastor","@id":"https:\/\/valenciasjb.salesianos.edu\/colegio\/#\/schema\/person\/1f45b67e52b27da175190a574db6bed9"},"headline":"Conoce nuestro proyecto Erasmus Plus \u00abDREAM\u00bb en Educaci\u00f3n Primaria con el que \u00abso\u00f1amos\u00bb que un mundo mejor es posible","datePublished":"2022-04-06T15:50:17+00:00","dateModified":"2022-04-06T17:19:55+00:00","mainEntityOfPage":{"@id":"https:\/\/valenciasjb.salesianos.edu\/colegio\/conoce-nuestro-proyecto-erasmus-plus-dream-en-educacion-primaria-con-el-que-sonamos-que-un-mundo-mejor-es-posible\/"},"wordCount":864,"image":{"@id":"https:\/\/valenciasjb.salesianos.edu\/colegio\/conoce-nuestro-proyecto-erasmus-plus-dream-en-educacion-primaria-con-el-que-sonamos-que-un-mundo-mejor-es-posible\/#primaryimage"},"thumbnailUrl":"https:\/\/valenciasjb.salesianos.edu\/colegio\/wp-content\/uploads\/sites\/2\/2022\/04\/IMG-20220320-WA0010.jpg","articleSection":["Blog Erasmus+","Noticia Colegio"],"inLanguage":"es"},{"@type":"WebPage","@id":"https:\/\/valenciasjb.salesianos.edu\/colegio\/conoce-nuestro-proyecto-erasmus-plus-dream-en-educacion-primaria-con-el-que-sonamos-que-un-mundo-mejor-es-posible\/","url":"https:\/\/valenciasjb.salesianos.edu\/colegio\/conoce-nuestro-proyecto-erasmus-plus-dream-en-educacion-primaria-con-el-que-sonamos-que-un-mundo-mejor-es-posible\/","name":"Conoce nuestro proyecto Erasmus Plus \"DREAM\" en Educaci\u00f3n Primaria con el que \"so\u00f1amos\" que un mundo mejor es posible - Colegio San Juan Bosco Valencia","isPartOf":{"@id":"https:\/\/valenciasjb.salesianos.edu\/colegio\/#website"},"primaryImageOfPage":{"@id":"https:\/\/valenciasjb.salesianos.edu\/colegio\/conoce-nuestro-proyecto-erasmus-plus-dream-en-educacion-primaria-con-el-que-sonamos-que-un-mundo-mejor-es-posible\/#primaryimage"},"image":{"@id":"https:\/\/valenciasjb.salesianos.edu\/colegio\/conoce-nuestro-proyecto-erasmus-plus-dream-en-educacion-primaria-con-el-que-sonamos-que-un-mundo-mejor-es-posible\/#primaryimage"},"thumbnailUrl":"https:\/\/valenciasjb.salesianos.edu\/colegio\/wp-content\/uploads\/sites\/2\/2022\/04\/IMG-20220320-WA0010.jpg","datePublished":"2022-04-06T15:50:17+00:00","dateModified":"2022-04-06T17:19:55+00:00","author":{"@id":"https:\/\/valenciasjb.salesianos.edu\/colegio\/#\/schema\/person\/1f45b67e52b27da175190a574db6bed9"},"breadcrumb":{"@id":"https:\/\/valenciasjb.salesianos.edu\/colegio\/conoce-nuestro-proyecto-erasmus-plus-dream-en-educacion-primaria-con-el-que-sonamos-que-un-mundo-mejor-es-posible\/#breadcrumb"},"inLanguage":"es","potentialAction":[{"@type":"ReadAction","target":["https:\/\/valenciasjb.salesianos.edu\/colegio\/conoce-nuestro-proyecto-erasmus-plus-dream-en-educacion-primaria-con-el-que-sonamos-que-un-mundo-mejor-es-posible\/"]}]},{"@type":"ImageObject","inLanguage":"es","@id":"https:\/\/valenciasjb.salesianos.edu\/colegio\/conoce-nuestro-proyecto-erasmus-plus-dream-en-educacion-primaria-con-el-que-sonamos-que-un-mundo-mejor-es-posible\/#primaryimage","url":"https:\/\/valenciasjb.salesianos.edu\/colegio\/wp-content\/uploads\/sites\/2\/2022\/04\/IMG-20220320-WA0010.jpg","contentUrl":"https:\/\/valenciasjb.salesianos.edu\/colegio\/wp-content\/uploads\/sites\/2\/2022\/04\/IMG-20220320-WA0010.jpg","width":1600,"height":1201},{"@type":"BreadcrumbList","@id":"https:\/\/valenciasjb.salesianos.edu\/colegio\/conoce-nuestro-proyecto-erasmus-plus-dream-en-educacion-primaria-con-el-que-sonamos-que-un-mundo-mejor-es-posible\/#breadcrumb","itemListElement":[{"@type":"ListItem","position":1,"name":"Portada","item":"https:\/\/valenciasjb.salesianos.edu\/colegio\/"},{"@type":"ListItem","position":2,"name":"Conoce nuestro proyecto Erasmus Plus \u00abDREAM\u00bb en Educaci\u00f3n Primaria con el que \u00abso\u00f1amos\u00bb que un mundo mejor es posible"}]},{"@type":"WebSite","@id":"https:\/\/valenciasjb.salesianos.edu\/colegio\/#website","url":"https:\/\/valenciasjb.salesianos.edu\/colegio\/","name":"Colegio San Juan Bosco Valencia","description":"P\u00e1gina oficial del Colegio Salesianos San Juan Bosco Valencia","alternateName":"Salesianos.VSJB","potentialAction":[{"@type":"SearchAction","target":{"@type":"EntryPoint","urlTemplate":"https:\/\/valenciasjb.salesianos.edu\/colegio\/?s={search_term_string}"},"query-input":{"@type":"PropertyValueSpecification","valueRequired":true,"valueName":"search_term_string"}}],"inLanguage":"es"},{"@type":"Person","@id":"https:\/\/valenciasjb.salesianos.edu\/colegio\/#\/schema\/person\/1f45b67e52b27da175190a574db6bed9","name":"veronicapastor","image":{"@type":"ImageObject","inLanguage":"es","@id":"https:\/\/secure.gravatar.com\/avatar\/e29bd40bace3fd935e1d6fdb7313ffc14628cc037c5e16f4c7369b20a2a6f7f0?s=96&d=mm&r=g","url":"https:\/\/secure.gravatar.com\/avatar\/e29bd40bace3fd935e1d6fdb7313ffc14628cc037c5e16f4c7369b20a2a6f7f0?s=96&d=mm&r=g","contentUrl":"https:\/\/secure.gravatar.com\/avatar\/e29bd40bace3fd935e1d6fdb7313ffc14628cc037c5e16f4c7369b20a2a6f7f0?s=96&d=mm&r=g","caption":"veronicapastor"}}]}},"_links":{"self":[{"href":"https:\/\/valenciasjb.salesianos.edu\/colegio\/wp-json\/wp\/v2\/posts\/16932","targetHints":{"allow":["GET"]}}],"collection":[{"href":"https:\/\/valenciasjb.salesianos.edu\/colegio\/wp-json\/wp\/v2\/posts"}],"about":[{"href":"https:\/\/valenciasjb.salesianos.edu\/colegio\/wp-json\/wp\/v2\/types\/post"}],"author":[{"embeddable":true,"href":"https:\/\/valenciasjb.salesianos.edu\/colegio\/wp-json\/wp\/v2\/users\/6"}],"replies":[{"embeddable":true,"href":"https:\/\/valenciasjb.salesianos.edu\/colegio\/wp-json\/wp\/v2\/comments?post=16932"}],"version-history":[{"count":5,"href":"https:\/\/valenciasjb.salesianos.edu\/colegio\/wp-json\/wp\/v2\/posts\/16932\/revisions"}],"predecessor-version":[{"id":16969,"href":"https:\/\/valenciasjb.salesianos.edu\/colegio\/wp-json\/wp\/v2\/posts\/16932\/revisions\/16969"}],"wp:featuredmedia":[{"embeddable":true,"href":"https:\/\/valenciasjb.salesianos.edu\/colegio\/wp-json\/wp\/v2\/media\/16938"}],"wp:attachment":[{"href":"https:\/\/valenciasjb.salesianos.edu\/colegio\/wp-json\/wp\/v2\/media?parent=16932"}],"wp:term":[{"taxonomy":"category","embeddable":true,"href":"https:\/\/valenciasjb.salesianos.edu\/colegio\/wp-json\/wp\/v2\/categories?post=16932"},{"taxonomy":"post_tag","embeddable":true,"href":"https:\/\/valenciasjb.salesianos.edu\/colegio\/wp-json\/wp\/v2\/tags?post=16932"}],"curies":[{"name":"wp","href":"https:\/\/api.w.org\/{rel}","templated":true}]}}