{"id":16970,"date":"2022-04-11T15:32:17","date_gmt":"2022-04-11T14:32:17","guid":{"rendered":"https:\/\/valenciasjb.salesianos.edu\/colegio\/?p=16970"},"modified":"2022-04-11T15:32:21","modified_gmt":"2022-04-11T14:32:21","slug":"los-alumnos-de-primero-de-bachillerato-de-la-materia-de-biologia-y-geologia-han-participado-en-una-nueva-edicion-del-proyecto-iniciativa-de-la-universidad-de-valencia-micromon","status":"publish","type":"post","link":"https:\/\/valenciasjb.salesianos.edu\/colegio\/los-alumnos-de-primero-de-bachillerato-de-la-materia-de-biologia-y-geologia-han-participado-en-una-nueva-edicion-del-proyecto-iniciativa-de-la-universidad-de-valencia-micromon\/","title":{"rendered":"Los alumnos de primero de bachillerato de la materia de Biolog\u00eda y Geolog\u00eda han participado en una nueva edici\u00f3n del proyecto iniciativa de la Universidad de Valencia Microm\u00f3n"},"content":{"rendered":"<div id=\"fb-root\"><\/div>\n<p>[et_pb_section fb_built=\u00bb1&#8243; admin_label=\u00bbsection\u00bb _builder_version=\u00bb4.16&#8243; global_colors_info=\u00bb{}\u00bb theme_builder_area=\u00bbpost_content\u00bb][et_pb_row admin_label=\u00bbrow\u00bb _builder_version=\u00bb4.16&#8243; background_size=\u00bbinitial\u00bb background_position=\u00bbtop_left\u00bb background_repeat=\u00bbrepeat\u00bb global_colors_info=\u00bb{}\u00bb theme_builder_area=\u00bbpost_content\u00bb][et_pb_column type=\u00bb4_4&#8243; _builder_version=\u00bb4.16&#8243; custom_padding=\u00bb|||\u00bb global_colors_info=\u00bb{}\u00bb custom_padding__hover=\u00bb|||\u00bb theme_builder_area=\u00bbpost_content\u00bb][et_pb_text admin_label=\u00bbEntradilla (Texto)\u00bb _builder_version=\u00bb4.16.0&#8243; text_font=\u00bb|on|||\u00bb text_orientation=\u00bbjustified\u00bb module_alignment=\u00bbjustified\u00bb hover_enabled=\u00bb0&#8243; global_colors_info=\u00bb{}\u00bb theme_builder_area=\u00bbpost_content\u00bb sticky_enabled=\u00bb0&#8243;]<\/p>\n<div id=\"resumen\">\n<p align=\"justify\"><span style=\"color: #474747\"><span style=\"font-family: Arial, serif\">En Julio de 2017 se cre\u00f3 la red SWI@Spain para desarrollar la iniciativa internacional Small World Initiative (SWI) en la Pen\u00ednsula Ib\u00e9rica. En la Universitat de Val\u00e8ncia (UV) se constituy\u00f3 entonces el grupo de Innovaci\u00f3n Docente en Microbiolog\u00eda (IDM) para implementar el proyecto a nivel local, cuyos objetivos son divulgar la problem\u00e1tica actual relacionada con el uso inadecuado de antibi\u00f3ticos, el incremento de bacterias resistentes a \u00e9stos y la necesidad de encontrar nuevas mol\u00e9culas con actividad antibacteriana para combatir las infecciones que provocan.<\/span><\/span><\/p>\n<\/div>\n<div>\u00a0<\/div>\n<p>[\/et_pb_text][et_pb_text admin_label=\u00bbAutor (Texto)\u00bb _builder_version=\u00bb4.16.0&#8243; text_font=\u00bb||on||\u00bb hover_enabled=\u00bb0&#8243; global_colors_info=\u00bb{}\u00bb theme_builder_area=\u00bbpost_content\u00bb sticky_enabled=\u00bb0&#8243;]<\/p>\n<p>Carlos Ramos.<\/p>\n<p>[\/et_pb_text][et_pb_text admin_label=\u00bbDesarrollo (Texto)\u00bb _builder_version=\u00bb4.16.0&#8243; text_orientation=\u00bbjustified\u00bb module_alignment=\u00bbjustified\u00bb hover_enabled=\u00bb0&#8243; global_colors_info=\u00bb{}\u00bb theme_builder_area=\u00bbpost_content\u00bb sticky_enabled=\u00bb0&#8243;]<\/p>\n<div id=\":1oz\" class=\"ii gt\">\n<div id=\":1nn\" class=\"a3s aiL \">\n<div dir=\"ltr\">\n<div>\n<p align=\"justify\"><span style=\"color: #474747\"><span style=\"font-family: Arial, serif\">Profesorado adscrito al departamento de Microbiolog\u00eda y a otras \u00e1reas de conocimiento de la UV, junto con estudiantes de los grados de Biolog\u00eda, Bioqu\u00edmica y Ciencias Biom\u00e9dicas, Biotecnolog\u00eda, Farmacia, Ciencias Ambientales y Ciencia y Tecnolog\u00eda de los Alimentos, forman el grupo Microm\u00f3n Val\u00e8ncia.<\/span><\/span><\/p>\n<\/div>\n<\/div>\n<div class=\"yj6qo\">\u00a0<\/div>\n<div class=\"adL\">\u00a0<\/div>\n<\/div>\n<\/div>\n<div id=\":1u6\" class=\"hq gt\">\u00a0<\/div>\n<p>[\/et_pb_text][et_pb_text disabled_on=\u00bboff|on|on\u00bb admin_label=\u00bbT\u00edtulo: Galer\u00eda de fotos (Texto)\u00bb _builder_version=\u00bb4.16&#8243; text_font=\u00bb|on|||\u00bb text_text_color=\u00bb#dc001b\u00bb border_style=\u00bbsolid\u00bb global_colors_info=\u00bb{}\u00bb theme_builder_area=\u00bbpost_content\u00bb]Galer\u00eda de im\u00e1genes<br \/>\n[\/et_pb_text][et_pb_gallery gallery_ids=\u00bb16974,16975,16976,16977&#8243; posts_number=\u00bb8&#8243; show_title_and_caption=\u00bboff\u00bb zoom_icon_color=\u00bb#dc001b\u00bb hover_icon=\u00bb&#x54;||divi||400&#8243; disabled_on=\u00bboff|off|off\u00bb _builder_version=\u00bb4.16.0&#8243; hover_enabled=\u00bb0&#8243; pagination_font_size_tablet=\u00bb51&#8243; pagination_line_height_tablet=\u00bb2&#8243; global_colors_info=\u00bb{}\u00bb theme_builder_area=\u00bbpost_content\u00bb sticky_enabled=\u00bb0&#8243;][\/et_pb_gallery][et_pb_video disabled_on=\u00bbon|on|on\u00bb _builder_version=\u00bb4.16&#8243; disabled=\u00bbon\u00bb global_colors_info=\u00bb{}\u00bb theme_builder_area=\u00bbpost_content\u00bb][\/et_pb_video][\/et_pb_column][\/et_pb_row][\/et_pb_section]<\/p>\n<!-- AddThis Advanced Settings generic via filter on the_content --><!-- AddThis Share Buttons generic via filter on the_content -->","protected":false},"excerpt":{"rendered":"<p>En Julio de 2017 se cre\u00f3 la red SWI@Spain para desarrollar la iniciativa internacional Small World Initiative (SWI) en la Pen\u00ednsula Ib\u00e9rica. En la Universitat de Val\u00e8ncia (UV) se constituy\u00f3 entonces el grupo de Innovaci\u00f3n Docente en Microbiolog\u00eda (IDM) para implementar el proyecto a nivel local, cuyos objetivos son divulgar la problem\u00e1tica actual relacionada con [&hellip;]<\/p>\n<p><!-- AddThis Advanced Settings generic via filter on get_the_excerpt --><!-- AddThis Share Buttons generic via filter on get_the_excerpt --><\/p>\n","protected":false},"author":6,"featured_media":16976,"comment_status":"closed","ping_status":"open","sticky":false,"template":"","format":"standard","meta":{"_et_pb_use_builder":"on","_et_pb_old_content":"","_et_gb_content_width":"","footnotes":""},"categories":[14],"tags":[],"class_list":["post-16970","post","type-post","status-publish","format-standard","has-post-thumbnail","hentry","category-noticia_colegio"],"yoast_head":"<!-- This site is optimized with the Yoast SEO plugin v28.4 - https:\/\/yoast.com\/product\/yoast-seo-wordpress\/ -->\n<title>Los alumnos de primero de bachillerato de la materia de Biolog\u00eda y Geolog\u00eda han participado en una nueva edici\u00f3n del proyecto iniciativa de la Universidad de Valencia Microm\u00f3n - Colegio San Juan Bosco Valencia<\/title>\n<meta name=\"robots\" content=\"index, follow, max-snippet:-1, max-image-preview:large, max-video-preview:-1\" \/>\n<link rel=\"canonical\" href=\"https:\/\/valenciasjb.salesianos.edu\/colegio\/los-alumnos-de-primero-de-bachillerato-de-la-materia-de-biologia-y-geologia-han-participado-en-una-nueva-edicion-del-proyecto-iniciativa-de-la-universidad-de-valencia-micromon\/\" \/>\n<meta property=\"og:locale\" content=\"es_ES\" \/>\n<meta property=\"og:type\" content=\"article\" \/>\n<meta property=\"og:title\" content=\"Los alumnos de primero de bachillerato de la materia de Biolog\u00eda y Geolog\u00eda han participado en una nueva edici\u00f3n del proyecto iniciativa de la Universidad de Valencia Microm\u00f3n - Colegio San Juan Bosco Valencia\" \/>\n<meta property=\"og:description\" content=\"En Julio de 2017 se cre\u00f3 la red SWI@Spain para desarrollar la iniciativa internacional Small World Initiative (SWI) en la Pen\u00ednsula Ib\u00e9rica. En la Universitat de Val\u00e8ncia (UV) se constituy\u00f3 entonces el grupo de Innovaci\u00f3n Docente en Microbiolog\u00eda (IDM) para implementar el proyecto a nivel local, cuyos objetivos son divulgar la problem\u00e1tica actual relacionada con [&hellip;]\" \/>\n<meta property=\"og:url\" content=\"https:\/\/valenciasjb.salesianos.edu\/colegio\/los-alumnos-de-primero-de-bachillerato-de-la-materia-de-biologia-y-geologia-han-participado-en-una-nueva-edicion-del-proyecto-iniciativa-de-la-universidad-de-valencia-micromon\/\" \/>\n<meta property=\"og:site_name\" content=\"Colegio San Juan Bosco Valencia\" \/>\n<meta property=\"article:publisher\" content=\"https:\/\/www.facebook.com\/ColegioSalesianoSanJuanBoscoValencia\" \/>\n<meta property=\"article:published_time\" content=\"2022-04-11T14:32:17+00:00\" \/>\n<meta property=\"article:modified_time\" content=\"2022-04-11T14:32:21+00:00\" \/>\n<meta property=\"og:image\" content=\"https:\/\/valenciasjb.salesianos.edu\/colegio\/wp-content\/uploads\/sites\/2\/2022\/04\/IMG20220308134130-scaled.jpg\" \/>\n\t<meta property=\"og:image:width\" content=\"2560\" \/>\n\t<meta property=\"og:image:height\" content=\"1150\" \/>\n\t<meta property=\"og:image:type\" content=\"image\/jpeg\" \/>\n<meta name=\"author\" content=\"veronicapastor\" \/>\n<meta name=\"twitter:card\" content=\"summary_large_image\" \/>\n<meta name=\"twitter:creator\" content=\"@SalesianosVSJB\" \/>\n<meta name=\"twitter:site\" content=\"@SalesianosVSJB\" \/>\n<meta name=\"twitter:label1\" content=\"Escrito por\" \/>\n\t<meta name=\"twitter:data1\" content=\"veronicapastor\" \/>\n\t<meta name=\"twitter:label2\" content=\"Tiempo de lectura\" \/>\n\t<meta name=\"twitter:data2\" content=\"2 minutos\" \/>\n<script type=\"application\/ld+json\" class=\"yoast-schema-graph\">{\"@context\":\"https:\\\/\\\/schema.org\",\"@graph\":[{\"@type\":\"Article\",\"@id\":\"https:\\\/\\\/valenciasjb.salesianos.edu\\\/colegio\\\/los-alumnos-de-primero-de-bachillerato-de-la-materia-de-biologia-y-geologia-han-participado-en-una-nueva-edicion-del-proyecto-iniciativa-de-la-universidad-de-valencia-micromon\\\/#article\",\"isPartOf\":{\"@id\":\"https:\\\/\\\/valenciasjb.salesianos.edu\\\/colegio\\\/los-alumnos-de-primero-de-bachillerato-de-la-materia-de-biologia-y-geologia-han-participado-en-una-nueva-edicion-del-proyecto-iniciativa-de-la-universidad-de-valencia-micromon\\\/\"},\"author\":{\"name\":\"veronicapastor\",\"@id\":\"https:\\\/\\\/valenciasjb.salesianos.edu\\\/colegio\\\/#\\\/schema\\\/person\\\/1f45b67e52b27da175190a574db6bed9\"},\"headline\":\"Los alumnos de primero de bachillerato de la materia de Biolog\u00eda y Geolog\u00eda han participado en una nueva edici\u00f3n del proyecto iniciativa de la Universidad de Valencia Microm\u00f3n\",\"datePublished\":\"2022-04-11T14:32:17+00:00\",\"dateModified\":\"2022-04-11T14:32:21+00:00\",\"mainEntityOfPage\":{\"@id\":\"https:\\\/\\\/valenciasjb.salesianos.edu\\\/colegio\\\/los-alumnos-de-primero-de-bachillerato-de-la-materia-de-biologia-y-geologia-han-participado-en-una-nueva-edicion-del-proyecto-iniciativa-de-la-universidad-de-valencia-micromon\\\/\"},\"wordCount\":458,\"image\":{\"@id\":\"https:\\\/\\\/valenciasjb.salesianos.edu\\\/colegio\\\/los-alumnos-de-primero-de-bachillerato-de-la-materia-de-biologia-y-geologia-han-participado-en-una-nueva-edicion-del-proyecto-iniciativa-de-la-universidad-de-valencia-micromon\\\/#primaryimage\"},\"thumbnailUrl\":\"https:\\\/\\\/valenciasjb.salesianos.edu\\\/colegio\\\/wp-content\\\/uploads\\\/sites\\\/2\\\/2022\\\/04\\\/IMG20220308134130-scaled.jpg\",\"articleSection\":[\"Noticia Colegio\"],\"inLanguage\":\"es\"},{\"@type\":\"WebPage\",\"@id\":\"https:\\\/\\\/valenciasjb.salesianos.edu\\\/colegio\\\/los-alumnos-de-primero-de-bachillerato-de-la-materia-de-biologia-y-geologia-han-participado-en-una-nueva-edicion-del-proyecto-iniciativa-de-la-universidad-de-valencia-micromon\\\/\",\"url\":\"https:\\\/\\\/valenciasjb.salesianos.edu\\\/colegio\\\/los-alumnos-de-primero-de-bachillerato-de-la-materia-de-biologia-y-geologia-han-participado-en-una-nueva-edicion-del-proyecto-iniciativa-de-la-universidad-de-valencia-micromon\\\/\",\"name\":\"Los alumnos de primero de bachillerato de la materia de Biolog\u00eda y Geolog\u00eda han participado en una nueva edici\u00f3n del proyecto iniciativa de la Universidad de Valencia Microm\u00f3n - Colegio San Juan Bosco Valencia\",\"isPartOf\":{\"@id\":\"https:\\\/\\\/valenciasjb.salesianos.edu\\\/colegio\\\/#website\"},\"primaryImageOfPage\":{\"@id\":\"https:\\\/\\\/valenciasjb.salesianos.edu\\\/colegio\\\/los-alumnos-de-primero-de-bachillerato-de-la-materia-de-biologia-y-geologia-han-participado-en-una-nueva-edicion-del-proyecto-iniciativa-de-la-universidad-de-valencia-micromon\\\/#primaryimage\"},\"image\":{\"@id\":\"https:\\\/\\\/valenciasjb.salesianos.edu\\\/colegio\\\/los-alumnos-de-primero-de-bachillerato-de-la-materia-de-biologia-y-geologia-han-participado-en-una-nueva-edicion-del-proyecto-iniciativa-de-la-universidad-de-valencia-micromon\\\/#primaryimage\"},\"thumbnailUrl\":\"https:\\\/\\\/valenciasjb.salesianos.edu\\\/colegio\\\/wp-content\\\/uploads\\\/sites\\\/2\\\/2022\\\/04\\\/IMG20220308134130-scaled.jpg\",\"datePublished\":\"2022-04-11T14:32:17+00:00\",\"dateModified\":\"2022-04-11T14:32:21+00:00\",\"author\":{\"@id\":\"https:\\\/\\\/valenciasjb.salesianos.edu\\\/colegio\\\/#\\\/schema\\\/person\\\/1f45b67e52b27da175190a574db6bed9\"},\"breadcrumb\":{\"@id\":\"https:\\\/\\\/valenciasjb.salesianos.edu\\\/colegio\\\/los-alumnos-de-primero-de-bachillerato-de-la-materia-de-biologia-y-geologia-han-participado-en-una-nueva-edicion-del-proyecto-iniciativa-de-la-universidad-de-valencia-micromon\\\/#breadcrumb\"},\"inLanguage\":\"es\",\"potentialAction\":[{\"@type\":\"ReadAction\",\"target\":[\"https:\\\/\\\/valenciasjb.salesianos.edu\\\/colegio\\\/los-alumnos-de-primero-de-bachillerato-de-la-materia-de-biologia-y-geologia-han-participado-en-una-nueva-edicion-del-proyecto-iniciativa-de-la-universidad-de-valencia-micromon\\\/\"]}]},{\"@type\":\"ImageObject\",\"inLanguage\":\"es\",\"@id\":\"https:\\\/\\\/valenciasjb.salesianos.edu\\\/colegio\\\/los-alumnos-de-primero-de-bachillerato-de-la-materia-de-biologia-y-geologia-han-participado-en-una-nueva-edicion-del-proyecto-iniciativa-de-la-universidad-de-valencia-micromon\\\/#primaryimage\",\"url\":\"https:\\\/\\\/valenciasjb.salesianos.edu\\\/colegio\\\/wp-content\\\/uploads\\\/sites\\\/2\\\/2022\\\/04\\\/IMG20220308134130-scaled.jpg\",\"contentUrl\":\"https:\\\/\\\/valenciasjb.salesianos.edu\\\/colegio\\\/wp-content\\\/uploads\\\/sites\\\/2\\\/2022\\\/04\\\/IMG20220308134130-scaled.jpg\",\"width\":2560,\"height\":1150},{\"@type\":\"BreadcrumbList\",\"@id\":\"https:\\\/\\\/valenciasjb.salesianos.edu\\\/colegio\\\/los-alumnos-de-primero-de-bachillerato-de-la-materia-de-biologia-y-geologia-han-participado-en-una-nueva-edicion-del-proyecto-iniciativa-de-la-universidad-de-valencia-micromon\\\/#breadcrumb\",\"itemListElement\":[{\"@type\":\"ListItem\",\"position\":1,\"name\":\"Portada\",\"item\":\"https:\\\/\\\/valenciasjb.salesianos.edu\\\/colegio\\\/\"},{\"@type\":\"ListItem\",\"position\":2,\"name\":\"Los alumnos de primero de bachillerato de la materia de Biolog\u00eda y Geolog\u00eda han participado en una nueva edici\u00f3n del proyecto iniciativa de la Universidad de Valencia Microm\u00f3n\"}]},{\"@type\":\"WebSite\",\"@id\":\"https:\\\/\\\/valenciasjb.salesianos.edu\\\/colegio\\\/#website\",\"url\":\"https:\\\/\\\/valenciasjb.salesianos.edu\\\/colegio\\\/\",\"name\":\"Colegio San Juan Bosco Valencia\",\"description\":\"P\u00e1gina oficial del Colegio Salesianos San Juan Bosco Valencia\",\"alternateName\":\"Salesianos.VSJB\",\"potentialAction\":[{\"@type\":\"SearchAction\",\"target\":{\"@type\":\"EntryPoint\",\"urlTemplate\":\"https:\\\/\\\/valenciasjb.salesianos.edu\\\/colegio\\\/?s={search_term_string}\"},\"query-input\":{\"@type\":\"PropertyValueSpecification\",\"valueRequired\":true,\"valueName\":\"search_term_string\"}}],\"inLanguage\":\"es\"},{\"@type\":\"Person\",\"@id\":\"https:\\\/\\\/valenciasjb.salesianos.edu\\\/colegio\\\/#\\\/schema\\\/person\\\/1f45b67e52b27da175190a574db6bed9\",\"name\":\"veronicapastor\",\"image\":{\"@type\":\"ImageObject\",\"inLanguage\":\"es\",\"@id\":\"https:\\\/\\\/secure.gravatar.com\\\/avatar\\\/e29bd40bace3fd935e1d6fdb7313ffc14628cc037c5e16f4c7369b20a2a6f7f0?s=96&d=mm&r=g\",\"url\":\"https:\\\/\\\/secure.gravatar.com\\\/avatar\\\/e29bd40bace3fd935e1d6fdb7313ffc14628cc037c5e16f4c7369b20a2a6f7f0?s=96&d=mm&r=g\",\"contentUrl\":\"https:\\\/\\\/secure.gravatar.com\\\/avatar\\\/e29bd40bace3fd935e1d6fdb7313ffc14628cc037c5e16f4c7369b20a2a6f7f0?s=96&d=mm&r=g\",\"caption\":\"veronicapastor\"}}]}<\/script>\n<!-- \/ Yoast SEO plugin. -->","yoast_head_json":{"title":"Los alumnos de primero de bachillerato de la materia de Biolog\u00eda y Geolog\u00eda han participado en una nueva edici\u00f3n del proyecto iniciativa de la Universidad de Valencia Microm\u00f3n - Colegio San Juan Bosco Valencia","robots":{"index":"index","follow":"follow","max-snippet":"max-snippet:-1","max-image-preview":"max-image-preview:large","max-video-preview":"max-video-preview:-1"},"canonical":"https:\/\/valenciasjb.salesianos.edu\/colegio\/los-alumnos-de-primero-de-bachillerato-de-la-materia-de-biologia-y-geologia-han-participado-en-una-nueva-edicion-del-proyecto-iniciativa-de-la-universidad-de-valencia-micromon\/","og_locale":"es_ES","og_type":"article","og_title":"Los alumnos de primero de bachillerato de la materia de Biolog\u00eda y Geolog\u00eda han participado en una nueva edici\u00f3n del proyecto iniciativa de la Universidad de Valencia Microm\u00f3n - Colegio San Juan Bosco Valencia","og_description":"En Julio de 2017 se cre\u00f3 la red SWI@Spain para desarrollar la iniciativa internacional Small World Initiative (SWI) en la Pen\u00ednsula Ib\u00e9rica. En la Universitat de Val\u00e8ncia (UV) se constituy\u00f3 entonces el grupo de Innovaci\u00f3n Docente en Microbiolog\u00eda (IDM) para implementar el proyecto a nivel local, cuyos objetivos son divulgar la problem\u00e1tica actual relacionada con [&hellip;]","og_url":"https:\/\/valenciasjb.salesianos.edu\/colegio\/los-alumnos-de-primero-de-bachillerato-de-la-materia-de-biologia-y-geologia-han-participado-en-una-nueva-edicion-del-proyecto-iniciativa-de-la-universidad-de-valencia-micromon\/","og_site_name":"Colegio San Juan Bosco Valencia","article_publisher":"https:\/\/www.facebook.com\/ColegioSalesianoSanJuanBoscoValencia","article_published_time":"2022-04-11T14:32:17+00:00","article_modified_time":"2022-04-11T14:32:21+00:00","og_image":[{"width":2560,"height":1150,"url":"https:\/\/valenciasjb.salesianos.edu\/colegio\/wp-content\/uploads\/sites\/2\/2022\/04\/IMG20220308134130-scaled.jpg","type":"image\/jpeg"}],"author":"veronicapastor","twitter_card":"summary_large_image","twitter_creator":"@SalesianosVSJB","twitter_site":"@SalesianosVSJB","twitter_misc":{"Escrito por":"veronicapastor","Tiempo de lectura":"2 minutos"},"schema":{"@context":"https:\/\/schema.org","@graph":[{"@type":"Article","@id":"https:\/\/valenciasjb.salesianos.edu\/colegio\/los-alumnos-de-primero-de-bachillerato-de-la-materia-de-biologia-y-geologia-han-participado-en-una-nueva-edicion-del-proyecto-iniciativa-de-la-universidad-de-valencia-micromon\/#article","isPartOf":{"@id":"https:\/\/valenciasjb.salesianos.edu\/colegio\/los-alumnos-de-primero-de-bachillerato-de-la-materia-de-biologia-y-geologia-han-participado-en-una-nueva-edicion-del-proyecto-iniciativa-de-la-universidad-de-valencia-micromon\/"},"author":{"name":"veronicapastor","@id":"https:\/\/valenciasjb.salesianos.edu\/colegio\/#\/schema\/person\/1f45b67e52b27da175190a574db6bed9"},"headline":"Los alumnos de primero de bachillerato de la materia de Biolog\u00eda y Geolog\u00eda han participado en una nueva edici\u00f3n del proyecto iniciativa de la Universidad de Valencia Microm\u00f3n","datePublished":"2022-04-11T14:32:17+00:00","dateModified":"2022-04-11T14:32:21+00:00","mainEntityOfPage":{"@id":"https:\/\/valenciasjb.salesianos.edu\/colegio\/los-alumnos-de-primero-de-bachillerato-de-la-materia-de-biologia-y-geologia-han-participado-en-una-nueva-edicion-del-proyecto-iniciativa-de-la-universidad-de-valencia-micromon\/"},"wordCount":458,"image":{"@id":"https:\/\/valenciasjb.salesianos.edu\/colegio\/los-alumnos-de-primero-de-bachillerato-de-la-materia-de-biologia-y-geologia-han-participado-en-una-nueva-edicion-del-proyecto-iniciativa-de-la-universidad-de-valencia-micromon\/#primaryimage"},"thumbnailUrl":"https:\/\/valenciasjb.salesianos.edu\/colegio\/wp-content\/uploads\/sites\/2\/2022\/04\/IMG20220308134130-scaled.jpg","articleSection":["Noticia Colegio"],"inLanguage":"es"},{"@type":"WebPage","@id":"https:\/\/valenciasjb.salesianos.edu\/colegio\/los-alumnos-de-primero-de-bachillerato-de-la-materia-de-biologia-y-geologia-han-participado-en-una-nueva-edicion-del-proyecto-iniciativa-de-la-universidad-de-valencia-micromon\/","url":"https:\/\/valenciasjb.salesianos.edu\/colegio\/los-alumnos-de-primero-de-bachillerato-de-la-materia-de-biologia-y-geologia-han-participado-en-una-nueva-edicion-del-proyecto-iniciativa-de-la-universidad-de-valencia-micromon\/","name":"Los alumnos de primero de bachillerato de la materia de Biolog\u00eda y Geolog\u00eda han participado en una nueva edici\u00f3n del proyecto iniciativa de la Universidad de Valencia Microm\u00f3n - Colegio San Juan Bosco Valencia","isPartOf":{"@id":"https:\/\/valenciasjb.salesianos.edu\/colegio\/#website"},"primaryImageOfPage":{"@id":"https:\/\/valenciasjb.salesianos.edu\/colegio\/los-alumnos-de-primero-de-bachillerato-de-la-materia-de-biologia-y-geologia-han-participado-en-una-nueva-edicion-del-proyecto-iniciativa-de-la-universidad-de-valencia-micromon\/#primaryimage"},"image":{"@id":"https:\/\/valenciasjb.salesianos.edu\/colegio\/los-alumnos-de-primero-de-bachillerato-de-la-materia-de-biologia-y-geologia-han-participado-en-una-nueva-edicion-del-proyecto-iniciativa-de-la-universidad-de-valencia-micromon\/#primaryimage"},"thumbnailUrl":"https:\/\/valenciasjb.salesianos.edu\/colegio\/wp-content\/uploads\/sites\/2\/2022\/04\/IMG20220308134130-scaled.jpg","datePublished":"2022-04-11T14:32:17+00:00","dateModified":"2022-04-11T14:32:21+00:00","author":{"@id":"https:\/\/valenciasjb.salesianos.edu\/colegio\/#\/schema\/person\/1f45b67e52b27da175190a574db6bed9"},"breadcrumb":{"@id":"https:\/\/valenciasjb.salesianos.edu\/colegio\/los-alumnos-de-primero-de-bachillerato-de-la-materia-de-biologia-y-geologia-han-participado-en-una-nueva-edicion-del-proyecto-iniciativa-de-la-universidad-de-valencia-micromon\/#breadcrumb"},"inLanguage":"es","potentialAction":[{"@type":"ReadAction","target":["https:\/\/valenciasjb.salesianos.edu\/colegio\/los-alumnos-de-primero-de-bachillerato-de-la-materia-de-biologia-y-geologia-han-participado-en-una-nueva-edicion-del-proyecto-iniciativa-de-la-universidad-de-valencia-micromon\/"]}]},{"@type":"ImageObject","inLanguage":"es","@id":"https:\/\/valenciasjb.salesianos.edu\/colegio\/los-alumnos-de-primero-de-bachillerato-de-la-materia-de-biologia-y-geologia-han-participado-en-una-nueva-edicion-del-proyecto-iniciativa-de-la-universidad-de-valencia-micromon\/#primaryimage","url":"https:\/\/valenciasjb.salesianos.edu\/colegio\/wp-content\/uploads\/sites\/2\/2022\/04\/IMG20220308134130-scaled.jpg","contentUrl":"https:\/\/valenciasjb.salesianos.edu\/colegio\/wp-content\/uploads\/sites\/2\/2022\/04\/IMG20220308134130-scaled.jpg","width":2560,"height":1150},{"@type":"BreadcrumbList","@id":"https:\/\/valenciasjb.salesianos.edu\/colegio\/los-alumnos-de-primero-de-bachillerato-de-la-materia-de-biologia-y-geologia-han-participado-en-una-nueva-edicion-del-proyecto-iniciativa-de-la-universidad-de-valencia-micromon\/#breadcrumb","itemListElement":[{"@type":"ListItem","position":1,"name":"Portada","item":"https:\/\/valenciasjb.salesianos.edu\/colegio\/"},{"@type":"ListItem","position":2,"name":"Los alumnos de primero de bachillerato de la materia de Biolog\u00eda y Geolog\u00eda han participado en una nueva edici\u00f3n del proyecto iniciativa de la Universidad de Valencia Microm\u00f3n"}]},{"@type":"WebSite","@id":"https:\/\/valenciasjb.salesianos.edu\/colegio\/#website","url":"https:\/\/valenciasjb.salesianos.edu\/colegio\/","name":"Colegio San Juan Bosco Valencia","description":"P\u00e1gina oficial del Colegio Salesianos San Juan Bosco Valencia","alternateName":"Salesianos.VSJB","potentialAction":[{"@type":"SearchAction","target":{"@type":"EntryPoint","urlTemplate":"https:\/\/valenciasjb.salesianos.edu\/colegio\/?s={search_term_string}"},"query-input":{"@type":"PropertyValueSpecification","valueRequired":true,"valueName":"search_term_string"}}],"inLanguage":"es"},{"@type":"Person","@id":"https:\/\/valenciasjb.salesianos.edu\/colegio\/#\/schema\/person\/1f45b67e52b27da175190a574db6bed9","name":"veronicapastor","image":{"@type":"ImageObject","inLanguage":"es","@id":"https:\/\/secure.gravatar.com\/avatar\/e29bd40bace3fd935e1d6fdb7313ffc14628cc037c5e16f4c7369b20a2a6f7f0?s=96&d=mm&r=g","url":"https:\/\/secure.gravatar.com\/avatar\/e29bd40bace3fd935e1d6fdb7313ffc14628cc037c5e16f4c7369b20a2a6f7f0?s=96&d=mm&r=g","contentUrl":"https:\/\/secure.gravatar.com\/avatar\/e29bd40bace3fd935e1d6fdb7313ffc14628cc037c5e16f4c7369b20a2a6f7f0?s=96&d=mm&r=g","caption":"veronicapastor"}}]}},"_links":{"self":[{"href":"https:\/\/valenciasjb.salesianos.edu\/colegio\/wp-json\/wp\/v2\/posts\/16970","targetHints":{"allow":["GET"]}}],"collection":[{"href":"https:\/\/valenciasjb.salesianos.edu\/colegio\/wp-json\/wp\/v2\/posts"}],"about":[{"href":"https:\/\/valenciasjb.salesianos.edu\/colegio\/wp-json\/wp\/v2\/types\/post"}],"author":[{"embeddable":true,"href":"https:\/\/valenciasjb.salesianos.edu\/colegio\/wp-json\/wp\/v2\/users\/6"}],"replies":[{"embeddable":true,"href":"https:\/\/valenciasjb.salesianos.edu\/colegio\/wp-json\/wp\/v2\/comments?post=16970"}],"version-history":[{"count":4,"href":"https:\/\/valenciasjb.salesianos.edu\/colegio\/wp-json\/wp\/v2\/posts\/16970\/revisions"}],"predecessor-version":[{"id":16981,"href":"https:\/\/valenciasjb.salesianos.edu\/colegio\/wp-json\/wp\/v2\/posts\/16970\/revisions\/16981"}],"wp:featuredmedia":[{"embeddable":true,"href":"https:\/\/valenciasjb.salesianos.edu\/colegio\/wp-json\/wp\/v2\/media\/16976"}],"wp:attachment":[{"href":"https:\/\/valenciasjb.salesianos.edu\/colegio\/wp-json\/wp\/v2\/media?parent=16970"}],"wp:term":[{"taxonomy":"category","embeddable":true,"href":"https:\/\/valenciasjb.salesianos.edu\/colegio\/wp-json\/wp\/v2\/categories?post=16970"},{"taxonomy":"post_tag","embeddable":true,"href":"https:\/\/valenciasjb.salesianos.edu\/colegio\/wp-json\/wp\/v2\/tags?post=16970"}],"curies":[{"name":"wp","href":"https:\/\/api.w.org\/{rel}","templated":true}]}}