{"id":17366,"date":"2022-05-08T23:29:17","date_gmt":"2022-05-08T22:29:17","guid":{"rendered":"https:\/\/valenciasjb.salesianos.edu\/colegio\/borrador-automatico-2-2\/"},"modified":"2022-05-09T11:08:44","modified_gmt":"2022-05-09T10:08:44","slug":"borrador-automatico-2-2","status":"publish","type":"post","link":"https:\/\/valenciasjb.salesianos.edu\/colegio\/borrador-automatico-2-2\/","title":{"rendered":"Troba\u2019t 7 de mayo, momentos de reflexi\u00f3n, de oraci\u00f3n, de compartir nuestra fe y nuestro carisma salesiano en este tiempo de pascua."},"content":{"rendered":"<div id=\"fb-root\"><\/div>\n<p>[et_pb_section fb_built=\u00bb1&#8243; admin_label=\u00bbsection\u00bb _builder_version=\u00bb4.16&#8243; global_colors_info=\u00bb{}\u00bb][et_pb_row admin_label=\u00bbrow\u00bb _builder_version=\u00bb4.16&#8243; background_size=\u00bbinitial\u00bb background_position=\u00bbtop_left\u00bb background_repeat=\u00bbrepeat\u00bb global_colors_info=\u00bb{}\u00bb][et_pb_column type=\u00bb4_4&#8243; _builder_version=\u00bb4.16&#8243; custom_padding=\u00bb|||\u00bb global_colors_info=\u00bb{}\u00bb custom_padding__hover=\u00bb|||\u00bb][et_pb_text admin_label=\u00bbEntradilla (Texto)\u00bb _builder_version=\u00bb4.17.3&#8243; text_font=\u00bb|on|||\u00bb text_orientation=\u00bbjustified\u00bb module_alignment=\u00bbjustified\u00bb hover_enabled=\u00bb0&#8243; border_style=\u00bbsolid\u00bb global_colors_info=\u00bb{}\u00bb sticky_enabled=\u00bb0&#8243;]<\/p>\n<div id=\"resumen\">\n<p style=\"font-weight: 400;\"><strong>Ya al principio de curso, desde el COS y el Equipo Local de Pastoral Juvenil de la obra surgi\u00f3 esta iniciativa para poder ser realizada en dos momentos a lo largo del curso. El encuentro de diciembre por motivos sanitarios se tuvo que suspender, pero este pasado s\u00e1bado pudo ver la luz esta novedosa actividad pastoral.<\/strong><\/p>\n<\/div>\n<div>\u00a0<\/div>\n<p>[\/et_pb_text][et_pb_text admin_label=\u00bbAutor (Texto)\u00bb _builder_version=\u00bb4.17.3&#8243; text_font=\u00bb||on||\u00bb border_style=\u00bbsolid\u00bb global_colors_info=\u00bb{}\u00bb]<\/p>\n<p>Rafa Gomar<\/p>\n<p>[\/et_pb_text][et_pb_text admin_label=\u00bbDesarrollo (Texto)\u00bb _builder_version=\u00bb4.17.3&#8243; text_orientation=\u00bbjustified\u00bb module_alignment=\u00bbjustified\u00bb hover_enabled=\u00bb0&#8243; border_style=\u00bbsolid\u00bb global_colors_info=\u00bb{}\u00bb sticky_enabled=\u00bb0&#8243;]<\/p>\n<p style=\"font-weight: 400;\"><span style=\"font-weight: 400;\">Casi treinta participantes de todos los ambientes de la obra nos juntamos en la soleada ma\u00f1ana del s\u00e1bado, salesianos, parroquia, colegio, centro juvenil, Arrels, PES y ambiente deportivo. Tras un caf\u00e9 de bienvenida pasamos a la Sala 200 donde, el equipo de pastoral del colegio, con una sencilla oraci\u00f3n centrada en el pasaje del camino de Emaus, comenz\u00f3 nuestra reflexi\u00f3n.<\/span><\/p>\n<p style=\"font-weight: 400;\"><span style=\"font-weight: 400;\">Nando, nuestro director de obra, nos introdujo en el tema del d\u00eda, los cristianos somos llamados a vivir nuestro apostolado en la realidad que nos rodea, sabi\u00e9ndonos limitados pero acompa\u00f1ados por Jes\u00fas. Y nos ofreci\u00f3 no solo reflexiones en torno a nuestro ser cristiano y salesiano, sino que sobre todo, nos lanz\u00f3 toda una serie de preguntas para su posterior reflexi\u00f3n.\u00a0<\/span><\/p>\n<p style=\"font-weight: 400;\"><span style=\"font-weight: 400;\">Tras las palabras de Nando pudimos reflexionar a solas teniendo todos los espacios del colegio a nuestra disposici\u00f3n. La nueva sala de oraci\u00f3n, el Espai, estuvo abierta durante toda la ma\u00f1ana, Fran Ros nos ofreci\u00f3 un taller de rezar con m\u00fasica, Nando un sencillo taller de lectio divina y Jaume Toro un lugar de relajaci\u00f3n en torno a la palabra de Dios.\u00a0<\/span><span style=\"font-weight: 400;\">Y en el patio un mural donde poder ir dejando las ideas que nos iban surgiendo.<\/span><\/p>\n<p style=\"font-weight: 400;\"><span style=\"font-weight: 400;\">Al final de la ma\u00f1ana nos juntamos todos en el Espai de Oraci\u00f3n y tuvimos una celebraci\u00f3n preparada por los j\u00f3venes del centro juvenil, la foto final para la cr\u00f3nica de la casa puso el punto final a la ma\u00f1ana.<\/span><\/p>\n<p style=\"font-weight: 400;\"><span style=\"font-weight: 400;\">Esperamos que este pr\u00f3ximo curso podamos disfrutar otra vez de estos momentos de reflexi\u00f3n y oraci\u00f3n.<\/span><\/p>\n<p>[\/et_pb_text][et_pb_text disabled_on=\u00bboff|on|on\u00bb admin_label=\u00bbT\u00edtulo: Galer\u00eda de fotos (Texto)\u00bb _builder_version=\u00bb4.17.3&#8243; text_font=\u00bb|on|||\u00bb text_text_color=\u00bb#dc001b\u00bb border_style=\u00bbsolid\u00bb global_colors_info=\u00bb{}\u00bb]<\/p>\n<p>Galer\u00eda de im\u00e1genes<\/p>\n<p>[\/et_pb_text][et_pb_gallery gallery_ids=\u00bb17375,17376,17377,17378,17379,17380,17381,17382,17383,17384,17385,17386,17387,17388,17389,17390,17391,17392,17393,17394,17395,17396&#8243; gallery_orderby=\u00bbrand\u00bb posts_number=\u00bb8&#8243; show_title_and_caption=\u00bboff\u00bb zoom_icon_color=\u00bb#dc001b\u00bb hover_icon=\u00bb&#x54;||divi||400&#8243; disabled_on=\u00bboff|off|off\u00bb _builder_version=\u00bb4.17.3&#8243; pagination_font_size_tablet=\u00bb51&#8243; pagination_line_height_tablet=\u00bb2&#8243; border_style=\u00bbsolid\u00bb global_colors_info=\u00bb{}\u00bb][\/et_pb_gallery][et_pb_video disabled_on=\u00bbon|on|on\u00bb _builder_version=\u00bb4.16&#8243; disabled=\u00bbon\u00bb global_colors_info=\u00bb{}\u00bb][\/et_pb_video][\/et_pb_column][\/et_pb_row][\/et_pb_section]<\/p>\n<!-- AddThis Advanced Settings generic via filter on the_content --><!-- AddThis Share Buttons generic via filter on the_content -->","protected":false},"excerpt":{"rendered":"<p>Ya al principio de curso, desde el COS y el Equipo Local de Pastoral Juvenil de la obra surgi\u00f3 esta iniciativa para poder ser realizada en dos momentos a lo largo del curso. El encuentro de diciembre por motivos sanitarios se tuvo que suspender, pero este pasado s\u00e1bado pudo ver la luz esta novedosa actividad [&hellip;]<\/p>\n<p><!-- AddThis Advanced Settings generic via filter on get_the_excerpt --><!-- AddThis Share Buttons generic via filter on get_the_excerpt --><\/p>\n","protected":false},"author":2,"featured_media":17367,"comment_status":"closed","ping_status":"open","sticky":false,"template":"","format":"standard","meta":{"_et_pb_use_builder":"on","_et_pb_old_content":"","_et_gb_content_width":"","footnotes":""},"categories":[14,9],"tags":[],"class_list":["post-17366","post","type-post","status-publish","format-standard","has-post-thumbnail","hentry","category-noticia_colegio","category-noticias"],"yoast_head":"<!-- This site is optimized with the Yoast SEO plugin v28.4 - https:\/\/yoast.com\/product\/yoast-seo-wordpress\/ -->\n<title>Troba\u2019t 7 de mayo, momentos de reflexi\u00f3n, de oraci\u00f3n, de compartir nuestra fe y nuestro carisma salesiano en este tiempo de pascua. - Colegio San Juan Bosco Valencia<\/title>\n<meta name=\"robots\" content=\"index, follow, max-snippet:-1, max-image-preview:large, max-video-preview:-1\" \/>\n<link rel=\"canonical\" href=\"https:\/\/valenciasjb.salesianos.edu\/colegio\/borrador-automatico-2-2\/\" \/>\n<meta property=\"og:locale\" content=\"es_ES\" \/>\n<meta property=\"og:type\" content=\"article\" \/>\n<meta property=\"og:title\" content=\"Troba\u2019t 7 de mayo, momentos de reflexi\u00f3n, de oraci\u00f3n, de compartir nuestra fe y nuestro carisma salesiano en este tiempo de pascua. - Colegio San Juan Bosco Valencia\" \/>\n<meta property=\"og:description\" content=\"Ya al principio de curso, desde el COS y el Equipo Local de Pastoral Juvenil de la obra surgi\u00f3 esta iniciativa para poder ser realizada en dos momentos a lo largo del curso. El encuentro de diciembre por motivos sanitarios se tuvo que suspender, pero este pasado s\u00e1bado pudo ver la luz esta novedosa actividad [&hellip;]\" \/>\n<meta property=\"og:url\" content=\"https:\/\/valenciasjb.salesianos.edu\/colegio\/borrador-automatico-2-2\/\" \/>\n<meta property=\"og:site_name\" content=\"Colegio San Juan Bosco Valencia\" \/>\n<meta property=\"article:publisher\" content=\"https:\/\/www.facebook.com\/ColegioSalesianoSanJuanBoscoValencia\" \/>\n<meta property=\"article:published_time\" content=\"2022-05-08T22:29:17+00:00\" \/>\n<meta property=\"article:modified_time\" content=\"2022-05-09T10:08:44+00:00\" \/>\n<meta property=\"og:image\" content=\"https:\/\/valenciasjb.salesianos.edu\/colegio\/wp-content\/uploads\/sites\/2\/2022\/05\/E58B3C38-DC81-4B19-8F6F-EA3BB9104557.jpeg\" \/>\n\t<meta property=\"og:image:width\" content=\"848\" \/>\n\t<meta property=\"og:image:height\" content=\"1200\" \/>\n\t<meta property=\"og:image:type\" content=\"image\/jpeg\" \/>\n<meta name=\"author\" content=\"Administrador Web\" \/>\n<meta name=\"twitter:card\" content=\"summary_large_image\" \/>\n<meta name=\"twitter:creator\" content=\"@SalesianosVSJB\" \/>\n<meta name=\"twitter:site\" content=\"@SalesianosVSJB\" \/>\n<meta name=\"twitter:label1\" content=\"Escrito por\" \/>\n\t<meta name=\"twitter:data1\" content=\"Administrador Web\" \/>\n\t<meta name=\"twitter:label2\" content=\"Tiempo de lectura\" \/>\n\t<meta name=\"twitter:data2\" content=\"3 minutos\" \/>\n<script type=\"application\/ld+json\" class=\"yoast-schema-graph\">{\"@context\":\"https:\\\/\\\/schema.org\",\"@graph\":[{\"@type\":\"Article\",\"@id\":\"https:\\\/\\\/valenciasjb.salesianos.edu\\\/colegio\\\/borrador-automatico-2-2\\\/#article\",\"isPartOf\":{\"@id\":\"https:\\\/\\\/valenciasjb.salesianos.edu\\\/colegio\\\/borrador-automatico-2-2\\\/\"},\"author\":{\"name\":\"Administrador Web\",\"@id\":\"https:\\\/\\\/valenciasjb.salesianos.edu\\\/colegio\\\/#\\\/schema\\\/person\\\/ae0ac91eb19a6a2a01c95e29d541a575\"},\"headline\":\"Troba\u2019t 7 de mayo, momentos de reflexi\u00f3n, de oraci\u00f3n, de compartir nuestra fe y nuestro carisma salesiano en este tiempo de pascua.\",\"datePublished\":\"2022-05-08T22:29:17+00:00\",\"dateModified\":\"2022-05-09T10:08:44+00:00\",\"mainEntityOfPage\":{\"@id\":\"https:\\\/\\\/valenciasjb.salesianos.edu\\\/colegio\\\/borrador-automatico-2-2\\\/\"},\"wordCount\":604,\"image\":{\"@id\":\"https:\\\/\\\/valenciasjb.salesianos.edu\\\/colegio\\\/borrador-automatico-2-2\\\/#primaryimage\"},\"thumbnailUrl\":\"https:\\\/\\\/valenciasjb.salesianos.edu\\\/colegio\\\/wp-content\\\/uploads\\\/sites\\\/2\\\/2022\\\/05\\\/E58B3C38-DC81-4B19-8F6F-EA3BB9104557.jpeg\",\"articleSection\":[\"Noticia Colegio\",\"Noticias\"],\"inLanguage\":\"es\"},{\"@type\":\"WebPage\",\"@id\":\"https:\\\/\\\/valenciasjb.salesianos.edu\\\/colegio\\\/borrador-automatico-2-2\\\/\",\"url\":\"https:\\\/\\\/valenciasjb.salesianos.edu\\\/colegio\\\/borrador-automatico-2-2\\\/\",\"name\":\"Troba\u2019t 7 de mayo, momentos de reflexi\u00f3n, de oraci\u00f3n, de compartir nuestra fe y nuestro carisma salesiano en este tiempo de pascua. - Colegio San Juan Bosco Valencia\",\"isPartOf\":{\"@id\":\"https:\\\/\\\/valenciasjb.salesianos.edu\\\/colegio\\\/#website\"},\"primaryImageOfPage\":{\"@id\":\"https:\\\/\\\/valenciasjb.salesianos.edu\\\/colegio\\\/borrador-automatico-2-2\\\/#primaryimage\"},\"image\":{\"@id\":\"https:\\\/\\\/valenciasjb.salesianos.edu\\\/colegio\\\/borrador-automatico-2-2\\\/#primaryimage\"},\"thumbnailUrl\":\"https:\\\/\\\/valenciasjb.salesianos.edu\\\/colegio\\\/wp-content\\\/uploads\\\/sites\\\/2\\\/2022\\\/05\\\/E58B3C38-DC81-4B19-8F6F-EA3BB9104557.jpeg\",\"datePublished\":\"2022-05-08T22:29:17+00:00\",\"dateModified\":\"2022-05-09T10:08:44+00:00\",\"author\":{\"@id\":\"https:\\\/\\\/valenciasjb.salesianos.edu\\\/colegio\\\/#\\\/schema\\\/person\\\/ae0ac91eb19a6a2a01c95e29d541a575\"},\"breadcrumb\":{\"@id\":\"https:\\\/\\\/valenciasjb.salesianos.edu\\\/colegio\\\/borrador-automatico-2-2\\\/#breadcrumb\"},\"inLanguage\":\"es\",\"potentialAction\":[{\"@type\":\"ReadAction\",\"target\":[\"https:\\\/\\\/valenciasjb.salesianos.edu\\\/colegio\\\/borrador-automatico-2-2\\\/\"]}]},{\"@type\":\"ImageObject\",\"inLanguage\":\"es\",\"@id\":\"https:\\\/\\\/valenciasjb.salesianos.edu\\\/colegio\\\/borrador-automatico-2-2\\\/#primaryimage\",\"url\":\"https:\\\/\\\/valenciasjb.salesianos.edu\\\/colegio\\\/wp-content\\\/uploads\\\/sites\\\/2\\\/2022\\\/05\\\/E58B3C38-DC81-4B19-8F6F-EA3BB9104557.jpeg\",\"contentUrl\":\"https:\\\/\\\/valenciasjb.salesianos.edu\\\/colegio\\\/wp-content\\\/uploads\\\/sites\\\/2\\\/2022\\\/05\\\/E58B3C38-DC81-4B19-8F6F-EA3BB9104557.jpeg\",\"width\":848,\"height\":1200},{\"@type\":\"BreadcrumbList\",\"@id\":\"https:\\\/\\\/valenciasjb.salesianos.edu\\\/colegio\\\/borrador-automatico-2-2\\\/#breadcrumb\",\"itemListElement\":[{\"@type\":\"ListItem\",\"position\":1,\"name\":\"Portada\",\"item\":\"https:\\\/\\\/valenciasjb.salesianos.edu\\\/colegio\\\/\"},{\"@type\":\"ListItem\",\"position\":2,\"name\":\"Troba\u2019t 7 de mayo, momentos de reflexi\u00f3n, de oraci\u00f3n, de compartir nuestra fe y nuestro carisma salesiano en este tiempo de pascua.\"}]},{\"@type\":\"WebSite\",\"@id\":\"https:\\\/\\\/valenciasjb.salesianos.edu\\\/colegio\\\/#website\",\"url\":\"https:\\\/\\\/valenciasjb.salesianos.edu\\\/colegio\\\/\",\"name\":\"Colegio San Juan Bosco Valencia\",\"description\":\"P\u00e1gina oficial del Colegio Salesianos San Juan Bosco Valencia\",\"alternateName\":\"Salesianos.VSJB\",\"potentialAction\":[{\"@type\":\"SearchAction\",\"target\":{\"@type\":\"EntryPoint\",\"urlTemplate\":\"https:\\\/\\\/valenciasjb.salesianos.edu\\\/colegio\\\/?s={search_term_string}\"},\"query-input\":{\"@type\":\"PropertyValueSpecification\",\"valueRequired\":true,\"valueName\":\"search_term_string\"}}],\"inLanguage\":\"es\"},{\"@type\":\"Person\",\"@id\":\"https:\\\/\\\/valenciasjb.salesianos.edu\\\/colegio\\\/#\\\/schema\\\/person\\\/ae0ac91eb19a6a2a01c95e29d541a575\",\"name\":\"Administrador Web\",\"image\":{\"@type\":\"ImageObject\",\"inLanguage\":\"es\",\"@id\":\"https:\\\/\\\/secure.gravatar.com\\\/avatar\\\/48a73c544c48a92e9f82115ddc8f6abf90891f033d83384ebe4aafd70f983ec8?s=96&d=mm&r=g\",\"url\":\"https:\\\/\\\/secure.gravatar.com\\\/avatar\\\/48a73c544c48a92e9f82115ddc8f6abf90891f033d83384ebe4aafd70f983ec8?s=96&d=mm&r=g\",\"contentUrl\":\"https:\\\/\\\/secure.gravatar.com\\\/avatar\\\/48a73c544c48a92e9f82115ddc8f6abf90891f033d83384ebe4aafd70f983ec8?s=96&d=mm&r=g\",\"caption\":\"Administrador Web\"}}]}<\/script>\n<!-- \/ Yoast SEO plugin. -->","yoast_head_json":{"title":"Troba\u2019t 7 de mayo, momentos de reflexi\u00f3n, de oraci\u00f3n, de compartir nuestra fe y nuestro carisma salesiano en este tiempo de pascua. - Colegio San Juan Bosco Valencia","robots":{"index":"index","follow":"follow","max-snippet":"max-snippet:-1","max-image-preview":"max-image-preview:large","max-video-preview":"max-video-preview:-1"},"canonical":"https:\/\/valenciasjb.salesianos.edu\/colegio\/borrador-automatico-2-2\/","og_locale":"es_ES","og_type":"article","og_title":"Troba\u2019t 7 de mayo, momentos de reflexi\u00f3n, de oraci\u00f3n, de compartir nuestra fe y nuestro carisma salesiano en este tiempo de pascua. - Colegio San Juan Bosco Valencia","og_description":"Ya al principio de curso, desde el COS y el Equipo Local de Pastoral Juvenil de la obra surgi\u00f3 esta iniciativa para poder ser realizada en dos momentos a lo largo del curso. El encuentro de diciembre por motivos sanitarios se tuvo que suspender, pero este pasado s\u00e1bado pudo ver la luz esta novedosa actividad [&hellip;]","og_url":"https:\/\/valenciasjb.salesianos.edu\/colegio\/borrador-automatico-2-2\/","og_site_name":"Colegio San Juan Bosco Valencia","article_publisher":"https:\/\/www.facebook.com\/ColegioSalesianoSanJuanBoscoValencia","article_published_time":"2022-05-08T22:29:17+00:00","article_modified_time":"2022-05-09T10:08:44+00:00","og_image":[{"width":848,"height":1200,"url":"https:\/\/valenciasjb.salesianos.edu\/colegio\/wp-content\/uploads\/sites\/2\/2022\/05\/E58B3C38-DC81-4B19-8F6F-EA3BB9104557.jpeg","type":"image\/jpeg"}],"author":"Administrador Web","twitter_card":"summary_large_image","twitter_creator":"@SalesianosVSJB","twitter_site":"@SalesianosVSJB","twitter_misc":{"Escrito por":"Administrador Web","Tiempo de lectura":"3 minutos"},"schema":{"@context":"https:\/\/schema.org","@graph":[{"@type":"Article","@id":"https:\/\/valenciasjb.salesianos.edu\/colegio\/borrador-automatico-2-2\/#article","isPartOf":{"@id":"https:\/\/valenciasjb.salesianos.edu\/colegio\/borrador-automatico-2-2\/"},"author":{"name":"Administrador Web","@id":"https:\/\/valenciasjb.salesianos.edu\/colegio\/#\/schema\/person\/ae0ac91eb19a6a2a01c95e29d541a575"},"headline":"Troba\u2019t 7 de mayo, momentos de reflexi\u00f3n, de oraci\u00f3n, de compartir nuestra fe y nuestro carisma salesiano en este tiempo de pascua.","datePublished":"2022-05-08T22:29:17+00:00","dateModified":"2022-05-09T10:08:44+00:00","mainEntityOfPage":{"@id":"https:\/\/valenciasjb.salesianos.edu\/colegio\/borrador-automatico-2-2\/"},"wordCount":604,"image":{"@id":"https:\/\/valenciasjb.salesianos.edu\/colegio\/borrador-automatico-2-2\/#primaryimage"},"thumbnailUrl":"https:\/\/valenciasjb.salesianos.edu\/colegio\/wp-content\/uploads\/sites\/2\/2022\/05\/E58B3C38-DC81-4B19-8F6F-EA3BB9104557.jpeg","articleSection":["Noticia Colegio","Noticias"],"inLanguage":"es"},{"@type":"WebPage","@id":"https:\/\/valenciasjb.salesianos.edu\/colegio\/borrador-automatico-2-2\/","url":"https:\/\/valenciasjb.salesianos.edu\/colegio\/borrador-automatico-2-2\/","name":"Troba\u2019t 7 de mayo, momentos de reflexi\u00f3n, de oraci\u00f3n, de compartir nuestra fe y nuestro carisma salesiano en este tiempo de pascua. - Colegio San Juan Bosco Valencia","isPartOf":{"@id":"https:\/\/valenciasjb.salesianos.edu\/colegio\/#website"},"primaryImageOfPage":{"@id":"https:\/\/valenciasjb.salesianos.edu\/colegio\/borrador-automatico-2-2\/#primaryimage"},"image":{"@id":"https:\/\/valenciasjb.salesianos.edu\/colegio\/borrador-automatico-2-2\/#primaryimage"},"thumbnailUrl":"https:\/\/valenciasjb.salesianos.edu\/colegio\/wp-content\/uploads\/sites\/2\/2022\/05\/E58B3C38-DC81-4B19-8F6F-EA3BB9104557.jpeg","datePublished":"2022-05-08T22:29:17+00:00","dateModified":"2022-05-09T10:08:44+00:00","author":{"@id":"https:\/\/valenciasjb.salesianos.edu\/colegio\/#\/schema\/person\/ae0ac91eb19a6a2a01c95e29d541a575"},"breadcrumb":{"@id":"https:\/\/valenciasjb.salesianos.edu\/colegio\/borrador-automatico-2-2\/#breadcrumb"},"inLanguage":"es","potentialAction":[{"@type":"ReadAction","target":["https:\/\/valenciasjb.salesianos.edu\/colegio\/borrador-automatico-2-2\/"]}]},{"@type":"ImageObject","inLanguage":"es","@id":"https:\/\/valenciasjb.salesianos.edu\/colegio\/borrador-automatico-2-2\/#primaryimage","url":"https:\/\/valenciasjb.salesianos.edu\/colegio\/wp-content\/uploads\/sites\/2\/2022\/05\/E58B3C38-DC81-4B19-8F6F-EA3BB9104557.jpeg","contentUrl":"https:\/\/valenciasjb.salesianos.edu\/colegio\/wp-content\/uploads\/sites\/2\/2022\/05\/E58B3C38-DC81-4B19-8F6F-EA3BB9104557.jpeg","width":848,"height":1200},{"@type":"BreadcrumbList","@id":"https:\/\/valenciasjb.salesianos.edu\/colegio\/borrador-automatico-2-2\/#breadcrumb","itemListElement":[{"@type":"ListItem","position":1,"name":"Portada","item":"https:\/\/valenciasjb.salesianos.edu\/colegio\/"},{"@type":"ListItem","position":2,"name":"Troba\u2019t 7 de mayo, momentos de reflexi\u00f3n, de oraci\u00f3n, de compartir nuestra fe y nuestro carisma salesiano en este tiempo de pascua."}]},{"@type":"WebSite","@id":"https:\/\/valenciasjb.salesianos.edu\/colegio\/#website","url":"https:\/\/valenciasjb.salesianos.edu\/colegio\/","name":"Colegio San Juan Bosco Valencia","description":"P\u00e1gina oficial del Colegio Salesianos San Juan Bosco Valencia","alternateName":"Salesianos.VSJB","potentialAction":[{"@type":"SearchAction","target":{"@type":"EntryPoint","urlTemplate":"https:\/\/valenciasjb.salesianos.edu\/colegio\/?s={search_term_string}"},"query-input":{"@type":"PropertyValueSpecification","valueRequired":true,"valueName":"search_term_string"}}],"inLanguage":"es"},{"@type":"Person","@id":"https:\/\/valenciasjb.salesianos.edu\/colegio\/#\/schema\/person\/ae0ac91eb19a6a2a01c95e29d541a575","name":"Administrador Web","image":{"@type":"ImageObject","inLanguage":"es","@id":"https:\/\/secure.gravatar.com\/avatar\/48a73c544c48a92e9f82115ddc8f6abf90891f033d83384ebe4aafd70f983ec8?s=96&d=mm&r=g","url":"https:\/\/secure.gravatar.com\/avatar\/48a73c544c48a92e9f82115ddc8f6abf90891f033d83384ebe4aafd70f983ec8?s=96&d=mm&r=g","contentUrl":"https:\/\/secure.gravatar.com\/avatar\/48a73c544c48a92e9f82115ddc8f6abf90891f033d83384ebe4aafd70f983ec8?s=96&d=mm&r=g","caption":"Administrador Web"}}]}},"_links":{"self":[{"href":"https:\/\/valenciasjb.salesianos.edu\/colegio\/wp-json\/wp\/v2\/posts\/17366","targetHints":{"allow":["GET"]}}],"collection":[{"href":"https:\/\/valenciasjb.salesianos.edu\/colegio\/wp-json\/wp\/v2\/posts"}],"about":[{"href":"https:\/\/valenciasjb.salesianos.edu\/colegio\/wp-json\/wp\/v2\/types\/post"}],"author":[{"embeddable":true,"href":"https:\/\/valenciasjb.salesianos.edu\/colegio\/wp-json\/wp\/v2\/users\/2"}],"replies":[{"embeddable":true,"href":"https:\/\/valenciasjb.salesianos.edu\/colegio\/wp-json\/wp\/v2\/comments?post=17366"}],"version-history":[{"count":7,"href":"https:\/\/valenciasjb.salesianos.edu\/colegio\/wp-json\/wp\/v2\/posts\/17366\/revisions"}],"predecessor-version":[{"id":17401,"href":"https:\/\/valenciasjb.salesianos.edu\/colegio\/wp-json\/wp\/v2\/posts\/17366\/revisions\/17401"}],"wp:featuredmedia":[{"embeddable":true,"href":"https:\/\/valenciasjb.salesianos.edu\/colegio\/wp-json\/wp\/v2\/media\/17367"}],"wp:attachment":[{"href":"https:\/\/valenciasjb.salesianos.edu\/colegio\/wp-json\/wp\/v2\/media?parent=17366"}],"wp:term":[{"taxonomy":"category","embeddable":true,"href":"https:\/\/valenciasjb.salesianos.edu\/colegio\/wp-json\/wp\/v2\/categories?post=17366"},{"taxonomy":"post_tag","embeddable":true,"href":"https:\/\/valenciasjb.salesianos.edu\/colegio\/wp-json\/wp\/v2\/tags?post=17366"}],"curies":[{"name":"wp","href":"https:\/\/api.w.org\/{rel}","templated":true}]}}