{"id":17410,"date":"2022-05-25T18:54:36","date_gmt":"2022-05-25T17:54:36","guid":{"rendered":"https:\/\/valenciasjb.salesianos.edu\/colegio\/?p=17410"},"modified":"2022-05-25T18:54:41","modified_gmt":"2022-05-25T17:54:41","slug":"la-fiesta-en-honor-a-maria-auxiliadora-vuelve-a-llenar-los-patios-de-alegria","status":"publish","type":"post","link":"https:\/\/valenciasjb.salesianos.edu\/colegio\/la-fiesta-en-honor-a-maria-auxiliadora-vuelve-a-llenar-los-patios-de-alegria\/","title":{"rendered":"La fiesta en honor a Mar\u00eda Auxiliadora vuelve a llenar los patios de alegr\u00eda."},"content":{"rendered":"<div id=\"fb-root\"><\/div>\n<p>[et_pb_section fb_built=\u00bb1&#8243; admin_label=\u00bbsection\u00bb _builder_version=\u00bb4.16&#8243; global_colors_info=\u00bb{}\u00bb theme_builder_area=\u00bbpost_content\u00bb][et_pb_row admin_label=\u00bbrow\u00bb _builder_version=\u00bb4.16&#8243; background_size=\u00bbinitial\u00bb background_position=\u00bbtop_left\u00bb background_repeat=\u00bbrepeat\u00bb global_colors_info=\u00bb{}\u00bb theme_builder_area=\u00bbpost_content\u00bb][et_pb_column type=\u00bb4_4&#8243; _builder_version=\u00bb4.16&#8243; custom_padding=\u00bb|||\u00bb global_colors_info=\u00bb{}\u00bb custom_padding__hover=\u00bb|||\u00bb theme_builder_area=\u00bbpost_content\u00bb][et_pb_text admin_label=\u00bbEntradilla (Texto)\u00bb _builder_version=\u00bb4.17.4&#8243; text_font=\u00bb|on|||\u00bb text_orientation=\u00bbjustified\u00bb module_alignment=\u00bbjustified\u00bb hover_enabled=\u00bb0&#8243; global_colors_info=\u00bb{}\u00bb theme_builder_area=\u00bbpost_content\u00bb sticky_enabled=\u00bb0&#8243;]<\/p>\n<div id=\"resumen\">\n<p><strong>El viernes 20 de mayo tuvo lugar la fiesta colegial en honor a Mar\u00eda Auxiliadora. El d\u00eda comenz\u00f3 con un gesto emocionante en el que todas las etapas pudieron juntarse para hacerle su merecido homenaje y, despu\u00e9s de mucho tiempo, las familias tambi\u00e9n pudieron unirse a este acto tan especial para la comunidad salesiana. \u00a0<\/strong><\/p>\n<\/div>\n<div>\u00a0<\/div>\n<p>[\/et_pb_text][et_pb_text admin_label=\u00bbAutor (Texto)\u00bb _builder_version=\u00bb4.17.4&#8243; text_font=\u00bb||on||\u00bb hover_enabled=\u00bb0&#8243; global_colors_info=\u00bb{}\u00bb theme_builder_area=\u00bbpost_content\u00bb sticky_enabled=\u00bb0&#8243;]<\/p>\n<p>Redacci\u00f3n<\/p>\n<p>[\/et_pb_text][et_pb_text admin_label=\u00bbDesarrollo (Texto)\u00bb _builder_version=\u00bb4.17.4&#8243; text_orientation=\u00bbjustified\u00bb module_alignment=\u00bbjustified\u00bb hover_enabled=\u00bb0&#8243; global_colors_info=\u00bb{}\u00bb theme_builder_area=\u00bbpost_content\u00bb sticky_enabled=\u00bb0&#8243;]<\/p>\n<p>Tanto el coordinador de pastoral como el director del colegio arrancaron el acto con un buenos d\u00edas y dieron paso a la tradicional ofrenda a nuestra virgen al son de la impresionante batucada formada por alumnos y profesores que llevaban ensayando durante semanas. Los m\u00e1s peque\u00f1os, acompa\u00f1ados de los mayores del colegio, fueron ofreciendo a la virgen preciosas flores que poco a poco fueron decorando su manto. Adem\u00e1s, Ampas, el claustro y el personal de administraci\u00f3n tambi\u00e9n ofrecieron centros florales a Mar\u00eda.<\/p>\n<p>A continuaci\u00f3n, infantil y las primeras etapas de primaria acudieron a las diferentes actividades que hab\u00eda organizadas y para el resto de cursos, se dio pistoletazo de salida a la ya recuperada gymkana de Maria Auxiliadora. En ella, grupos con alumnos de primaria y secundaria compitieron en los diferentes juegos llevados por monitores de 1\u00ba de bachillerato. Fue una ma\u00f1ana en los que tanto los peque\u00f1os como los mayores disfrutaron mucho.<\/p>\n<p>Por la noche, se vivi\u00f3 un momento m\u00e1gico en el que hab\u00eda ganas de reencontrarse y de disfrutar en familia despu\u00e9s de unos a\u00f1os sin poder celebrarla. \u00a0Ampas volvi\u00f3 con muchas ganas a organizar la cena en honor a Mar\u00eda Auxiliadora. En ella, no falt\u00f3 la m\u00fasica, la magia, la risa, los juegos y la buena convivencia entre los asistentes.<\/p>\n<p>Sin duda, fue una jornada en honor a Mar\u00eda Auxiliadora donde se respiraba alegr\u00eda y muchas ganas de volverse a juntar. Y todo por ella.<\/p>\n<p>\u00a1Viva Mar\u00eda Auxiliadora!<\/p>\n<p>[\/et_pb_text][et_pb_text disabled_on=\u00bboff|on|on\u00bb admin_label=\u00bbT\u00edtulo: Galer\u00eda de fotos (Texto)\u00bb _builder_version=\u00bb4.16&#8243; text_font=\u00bb|on|||\u00bb text_text_color=\u00bb#dc001b\u00bb border_style=\u00bbsolid\u00bb global_colors_info=\u00bb{}\u00bb theme_builder_area=\u00bbpost_content\u00bb]Galer\u00eda de im\u00e1genes<br \/>\n[\/et_pb_text][et_pb_gallery gallery_ids=\u00bb17413,17414,17415,17416,17417,17418,17419,17420,17421,17422,17423,17424,17425,17426,17427,17428,17429,17430,17431,17432,17433,17434,17435,17436,17438,17439,17440,17441,17442,17443&#8243; posts_number=\u00bb8&#8243; show_title_and_caption=\u00bboff\u00bb zoom_icon_color=\u00bb#dc001b\u00bb hover_icon=\u00bb&#x54;||divi||400&#8243; disabled_on=\u00bboff|off|off\u00bb _builder_version=\u00bb4.17.4&#8243; hover_enabled=\u00bb0&#8243; pagination_font_size_tablet=\u00bb51&#8243; pagination_line_height_tablet=\u00bb2&#8243; global_colors_info=\u00bb{}\u00bb theme_builder_area=\u00bbpost_content\u00bb sticky_enabled=\u00bb0&#8243;][\/et_pb_gallery][et_pb_video disabled_on=\u00bbon|on|on\u00bb _builder_version=\u00bb4.16&#8243; disabled=\u00bbon\u00bb global_colors_info=\u00bb{}\u00bb theme_builder_area=\u00bbpost_content\u00bb][\/et_pb_video][\/et_pb_column][\/et_pb_row][\/et_pb_section]<\/p>\n<!-- AddThis Advanced Settings generic via filter on the_content --><!-- AddThis Share Buttons generic via filter on the_content -->","protected":false},"excerpt":{"rendered":"<p>El viernes 20 de mayo tuvo lugar la fiesta colegial en honor a Mar\u00eda Auxiliadora. El d\u00eda comenz\u00f3 con un gesto emocionante en el que todas las etapas pudieron juntarse para hacerle su merecido homenaje y, despu\u00e9s de mucho tiempo, las familias tambi\u00e9n pudieron unirse a este acto tan especial para la comunidad salesiana. \u00a0 [&hellip;]<\/p>\n<p><!-- AddThis Advanced Settings generic via filter on get_the_excerpt --><!-- AddThis Share Buttons generic via filter on get_the_excerpt --><\/p>\n","protected":false},"author":14,"featured_media":17420,"comment_status":"closed","ping_status":"open","sticky":false,"template":"","format":"standard","meta":{"_et_pb_use_builder":"on","_et_pb_old_content":"","_et_gb_content_width":"","footnotes":""},"categories":[14],"tags":[],"class_list":["post-17410","post","type-post","status-publish","format-standard","has-post-thumbnail","hentry","category-noticia_colegio"],"yoast_head":"<!-- This site is optimized with the Yoast SEO plugin v28.4 - https:\/\/yoast.com\/product\/yoast-seo-wordpress\/ -->\n<title>La fiesta en honor a Mar\u00eda Auxiliadora vuelve a llenar los patios de alegr\u00eda. - Colegio San Juan Bosco Valencia<\/title>\n<meta name=\"robots\" content=\"index, follow, max-snippet:-1, max-image-preview:large, max-video-preview:-1\" \/>\n<link rel=\"canonical\" href=\"https:\/\/valenciasjb.salesianos.edu\/colegio\/la-fiesta-en-honor-a-maria-auxiliadora-vuelve-a-llenar-los-patios-de-alegria\/\" \/>\n<meta property=\"og:locale\" content=\"es_ES\" \/>\n<meta property=\"og:type\" content=\"article\" \/>\n<meta property=\"og:title\" content=\"La fiesta en honor a Mar\u00eda Auxiliadora vuelve a llenar los patios de alegr\u00eda. - Colegio San Juan Bosco Valencia\" \/>\n<meta property=\"og:description\" content=\"El viernes 20 de mayo tuvo lugar la fiesta colegial en honor a Mar\u00eda Auxiliadora. El d\u00eda comenz\u00f3 con un gesto emocionante en el que todas las etapas pudieron juntarse para hacerle su merecido homenaje y, despu\u00e9s de mucho tiempo, las familias tambi\u00e9n pudieron unirse a este acto tan especial para la comunidad salesiana. \u00a0 [&hellip;]\" \/>\n<meta property=\"og:url\" content=\"https:\/\/valenciasjb.salesianos.edu\/colegio\/la-fiesta-en-honor-a-maria-auxiliadora-vuelve-a-llenar-los-patios-de-alegria\/\" \/>\n<meta property=\"og:site_name\" content=\"Colegio San Juan Bosco Valencia\" \/>\n<meta property=\"article:publisher\" content=\"https:\/\/www.facebook.com\/ColegioSalesianoSanJuanBoscoValencia\" \/>\n<meta property=\"article:published_time\" content=\"2022-05-25T17:54:36+00:00\" \/>\n<meta property=\"article:modified_time\" content=\"2022-05-25T17:54:41+00:00\" \/>\n<meta property=\"og:image\" content=\"https:\/\/valenciasjb.salesianos.edu\/colegio\/wp-content\/uploads\/sites\/2\/2022\/05\/283146853_5324749797548182_8843519630550671648_n.jpg\" \/>\n\t<meta property=\"og:image:width\" content=\"2048\" \/>\n\t<meta property=\"og:image:height\" content=\"1369\" \/>\n\t<meta property=\"og:image:type\" content=\"image\/jpeg\" \/>\n<meta name=\"author\" content=\"Andrea Gimeno\" \/>\n<meta name=\"twitter:card\" content=\"summary_large_image\" \/>\n<meta name=\"twitter:creator\" content=\"@SalesianosVSJB\" \/>\n<meta name=\"twitter:site\" content=\"@SalesianosVSJB\" \/>\n<meta name=\"twitter:label1\" content=\"Escrito por\" \/>\n\t<meta name=\"twitter:data1\" content=\"Andrea Gimeno\" \/>\n\t<meta name=\"twitter:label2\" content=\"Tiempo de lectura\" \/>\n\t<meta name=\"twitter:data2\" content=\"2 minutos\" \/>\n<script type=\"application\/ld+json\" class=\"yoast-schema-graph\">{\"@context\":\"https:\\\/\\\/schema.org\",\"@graph\":[{\"@type\":\"Article\",\"@id\":\"https:\\\/\\\/valenciasjb.salesianos.edu\\\/colegio\\\/la-fiesta-en-honor-a-maria-auxiliadora-vuelve-a-llenar-los-patios-de-alegria\\\/#article\",\"isPartOf\":{\"@id\":\"https:\\\/\\\/valenciasjb.salesianos.edu\\\/colegio\\\/la-fiesta-en-honor-a-maria-auxiliadora-vuelve-a-llenar-los-patios-de-alegria\\\/\"},\"author\":{\"name\":\"Andrea Gimeno\",\"@id\":\"https:\\\/\\\/valenciasjb.salesianos.edu\\\/colegio\\\/#\\\/schema\\\/person\\\/86dc674b625f6f68f88872bb794e6cf1\"},\"headline\":\"La fiesta en honor a Mar\u00eda Auxiliadora vuelve a llenar los patios de alegr\u00eda.\",\"datePublished\":\"2022-05-25T17:54:36+00:00\",\"dateModified\":\"2022-05-25T17:54:41+00:00\",\"mainEntityOfPage\":{\"@id\":\"https:\\\/\\\/valenciasjb.salesianos.edu\\\/colegio\\\/la-fiesta-en-honor-a-maria-auxiliadora-vuelve-a-llenar-los-patios-de-alegria\\\/\"},\"wordCount\":618,\"image\":{\"@id\":\"https:\\\/\\\/valenciasjb.salesianos.edu\\\/colegio\\\/la-fiesta-en-honor-a-maria-auxiliadora-vuelve-a-llenar-los-patios-de-alegria\\\/#primaryimage\"},\"thumbnailUrl\":\"https:\\\/\\\/valenciasjb.salesianos.edu\\\/colegio\\\/wp-content\\\/uploads\\\/sites\\\/2\\\/2022\\\/05\\\/283146853_5324749797548182_8843519630550671648_n.jpg\",\"articleSection\":[\"Noticia Colegio\"],\"inLanguage\":\"es\"},{\"@type\":\"WebPage\",\"@id\":\"https:\\\/\\\/valenciasjb.salesianos.edu\\\/colegio\\\/la-fiesta-en-honor-a-maria-auxiliadora-vuelve-a-llenar-los-patios-de-alegria\\\/\",\"url\":\"https:\\\/\\\/valenciasjb.salesianos.edu\\\/colegio\\\/la-fiesta-en-honor-a-maria-auxiliadora-vuelve-a-llenar-los-patios-de-alegria\\\/\",\"name\":\"La fiesta en honor a Mar\u00eda Auxiliadora vuelve a llenar los patios de alegr\u00eda. - Colegio San Juan Bosco Valencia\",\"isPartOf\":{\"@id\":\"https:\\\/\\\/valenciasjb.salesianos.edu\\\/colegio\\\/#website\"},\"primaryImageOfPage\":{\"@id\":\"https:\\\/\\\/valenciasjb.salesianos.edu\\\/colegio\\\/la-fiesta-en-honor-a-maria-auxiliadora-vuelve-a-llenar-los-patios-de-alegria\\\/#primaryimage\"},\"image\":{\"@id\":\"https:\\\/\\\/valenciasjb.salesianos.edu\\\/colegio\\\/la-fiesta-en-honor-a-maria-auxiliadora-vuelve-a-llenar-los-patios-de-alegria\\\/#primaryimage\"},\"thumbnailUrl\":\"https:\\\/\\\/valenciasjb.salesianos.edu\\\/colegio\\\/wp-content\\\/uploads\\\/sites\\\/2\\\/2022\\\/05\\\/283146853_5324749797548182_8843519630550671648_n.jpg\",\"datePublished\":\"2022-05-25T17:54:36+00:00\",\"dateModified\":\"2022-05-25T17:54:41+00:00\",\"author\":{\"@id\":\"https:\\\/\\\/valenciasjb.salesianos.edu\\\/colegio\\\/#\\\/schema\\\/person\\\/86dc674b625f6f68f88872bb794e6cf1\"},\"breadcrumb\":{\"@id\":\"https:\\\/\\\/valenciasjb.salesianos.edu\\\/colegio\\\/la-fiesta-en-honor-a-maria-auxiliadora-vuelve-a-llenar-los-patios-de-alegria\\\/#breadcrumb\"},\"inLanguage\":\"es\",\"potentialAction\":[{\"@type\":\"ReadAction\",\"target\":[\"https:\\\/\\\/valenciasjb.salesianos.edu\\\/colegio\\\/la-fiesta-en-honor-a-maria-auxiliadora-vuelve-a-llenar-los-patios-de-alegria\\\/\"]}]},{\"@type\":\"ImageObject\",\"inLanguage\":\"es\",\"@id\":\"https:\\\/\\\/valenciasjb.salesianos.edu\\\/colegio\\\/la-fiesta-en-honor-a-maria-auxiliadora-vuelve-a-llenar-los-patios-de-alegria\\\/#primaryimage\",\"url\":\"https:\\\/\\\/valenciasjb.salesianos.edu\\\/colegio\\\/wp-content\\\/uploads\\\/sites\\\/2\\\/2022\\\/05\\\/283146853_5324749797548182_8843519630550671648_n.jpg\",\"contentUrl\":\"https:\\\/\\\/valenciasjb.salesianos.edu\\\/colegio\\\/wp-content\\\/uploads\\\/sites\\\/2\\\/2022\\\/05\\\/283146853_5324749797548182_8843519630550671648_n.jpg\",\"width\":2048,\"height\":1369},{\"@type\":\"BreadcrumbList\",\"@id\":\"https:\\\/\\\/valenciasjb.salesianos.edu\\\/colegio\\\/la-fiesta-en-honor-a-maria-auxiliadora-vuelve-a-llenar-los-patios-de-alegria\\\/#breadcrumb\",\"itemListElement\":[{\"@type\":\"ListItem\",\"position\":1,\"name\":\"Portada\",\"item\":\"https:\\\/\\\/valenciasjb.salesianos.edu\\\/colegio\\\/\"},{\"@type\":\"ListItem\",\"position\":2,\"name\":\"La fiesta en honor a Mar\u00eda Auxiliadora vuelve a llenar los patios de alegr\u00eda.\"}]},{\"@type\":\"WebSite\",\"@id\":\"https:\\\/\\\/valenciasjb.salesianos.edu\\\/colegio\\\/#website\",\"url\":\"https:\\\/\\\/valenciasjb.salesianos.edu\\\/colegio\\\/\",\"name\":\"Colegio San Juan Bosco Valencia\",\"description\":\"P\u00e1gina oficial del Colegio Salesianos San Juan Bosco Valencia\",\"alternateName\":\"Salesianos.VSJB\",\"potentialAction\":[{\"@type\":\"SearchAction\",\"target\":{\"@type\":\"EntryPoint\",\"urlTemplate\":\"https:\\\/\\\/valenciasjb.salesianos.edu\\\/colegio\\\/?s={search_term_string}\"},\"query-input\":{\"@type\":\"PropertyValueSpecification\",\"valueRequired\":true,\"valueName\":\"search_term_string\"}}],\"inLanguage\":\"es\"},{\"@type\":\"Person\",\"@id\":\"https:\\\/\\\/valenciasjb.salesianos.edu\\\/colegio\\\/#\\\/schema\\\/person\\\/86dc674b625f6f68f88872bb794e6cf1\",\"name\":\"Andrea Gimeno\",\"image\":{\"@type\":\"ImageObject\",\"inLanguage\":\"es\",\"@id\":\"https:\\\/\\\/secure.gravatar.com\\\/avatar\\\/05fb909788254678d737fffb74ea7910e552935c65650cba653de83762c6278d?s=96&d=mm&r=g\",\"url\":\"https:\\\/\\\/secure.gravatar.com\\\/avatar\\\/05fb909788254678d737fffb74ea7910e552935c65650cba653de83762c6278d?s=96&d=mm&r=g\",\"contentUrl\":\"https:\\\/\\\/secure.gravatar.com\\\/avatar\\\/05fb909788254678d737fffb74ea7910e552935c65650cba653de83762c6278d?s=96&d=mm&r=g\",\"caption\":\"Andrea Gimeno\"}}]}<\/script>\n<!-- \/ Yoast SEO plugin. -->","yoast_head_json":{"title":"La fiesta en honor a Mar\u00eda Auxiliadora vuelve a llenar los patios de alegr\u00eda. - Colegio San Juan Bosco Valencia","robots":{"index":"index","follow":"follow","max-snippet":"max-snippet:-1","max-image-preview":"max-image-preview:large","max-video-preview":"max-video-preview:-1"},"canonical":"https:\/\/valenciasjb.salesianos.edu\/colegio\/la-fiesta-en-honor-a-maria-auxiliadora-vuelve-a-llenar-los-patios-de-alegria\/","og_locale":"es_ES","og_type":"article","og_title":"La fiesta en honor a Mar\u00eda Auxiliadora vuelve a llenar los patios de alegr\u00eda. - Colegio San Juan Bosco Valencia","og_description":"El viernes 20 de mayo tuvo lugar la fiesta colegial en honor a Mar\u00eda Auxiliadora. El d\u00eda comenz\u00f3 con un gesto emocionante en el que todas las etapas pudieron juntarse para hacerle su merecido homenaje y, despu\u00e9s de mucho tiempo, las familias tambi\u00e9n pudieron unirse a este acto tan especial para la comunidad salesiana. \u00a0 [&hellip;]","og_url":"https:\/\/valenciasjb.salesianos.edu\/colegio\/la-fiesta-en-honor-a-maria-auxiliadora-vuelve-a-llenar-los-patios-de-alegria\/","og_site_name":"Colegio San Juan Bosco Valencia","article_publisher":"https:\/\/www.facebook.com\/ColegioSalesianoSanJuanBoscoValencia","article_published_time":"2022-05-25T17:54:36+00:00","article_modified_time":"2022-05-25T17:54:41+00:00","og_image":[{"width":2048,"height":1369,"url":"https:\/\/valenciasjb.salesianos.edu\/colegio\/wp-content\/uploads\/sites\/2\/2022\/05\/283146853_5324749797548182_8843519630550671648_n.jpg","type":"image\/jpeg"}],"author":"Andrea Gimeno","twitter_card":"summary_large_image","twitter_creator":"@SalesianosVSJB","twitter_site":"@SalesianosVSJB","twitter_misc":{"Escrito por":"Andrea Gimeno","Tiempo de lectura":"2 minutos"},"schema":{"@context":"https:\/\/schema.org","@graph":[{"@type":"Article","@id":"https:\/\/valenciasjb.salesianos.edu\/colegio\/la-fiesta-en-honor-a-maria-auxiliadora-vuelve-a-llenar-los-patios-de-alegria\/#article","isPartOf":{"@id":"https:\/\/valenciasjb.salesianos.edu\/colegio\/la-fiesta-en-honor-a-maria-auxiliadora-vuelve-a-llenar-los-patios-de-alegria\/"},"author":{"name":"Andrea Gimeno","@id":"https:\/\/valenciasjb.salesianos.edu\/colegio\/#\/schema\/person\/86dc674b625f6f68f88872bb794e6cf1"},"headline":"La fiesta en honor a Mar\u00eda Auxiliadora vuelve a llenar los patios de alegr\u00eda.","datePublished":"2022-05-25T17:54:36+00:00","dateModified":"2022-05-25T17:54:41+00:00","mainEntityOfPage":{"@id":"https:\/\/valenciasjb.salesianos.edu\/colegio\/la-fiesta-en-honor-a-maria-auxiliadora-vuelve-a-llenar-los-patios-de-alegria\/"},"wordCount":618,"image":{"@id":"https:\/\/valenciasjb.salesianos.edu\/colegio\/la-fiesta-en-honor-a-maria-auxiliadora-vuelve-a-llenar-los-patios-de-alegria\/#primaryimage"},"thumbnailUrl":"https:\/\/valenciasjb.salesianos.edu\/colegio\/wp-content\/uploads\/sites\/2\/2022\/05\/283146853_5324749797548182_8843519630550671648_n.jpg","articleSection":["Noticia Colegio"],"inLanguage":"es"},{"@type":"WebPage","@id":"https:\/\/valenciasjb.salesianos.edu\/colegio\/la-fiesta-en-honor-a-maria-auxiliadora-vuelve-a-llenar-los-patios-de-alegria\/","url":"https:\/\/valenciasjb.salesianos.edu\/colegio\/la-fiesta-en-honor-a-maria-auxiliadora-vuelve-a-llenar-los-patios-de-alegria\/","name":"La fiesta en honor a Mar\u00eda Auxiliadora vuelve a llenar los patios de alegr\u00eda. - Colegio San Juan Bosco Valencia","isPartOf":{"@id":"https:\/\/valenciasjb.salesianos.edu\/colegio\/#website"},"primaryImageOfPage":{"@id":"https:\/\/valenciasjb.salesianos.edu\/colegio\/la-fiesta-en-honor-a-maria-auxiliadora-vuelve-a-llenar-los-patios-de-alegria\/#primaryimage"},"image":{"@id":"https:\/\/valenciasjb.salesianos.edu\/colegio\/la-fiesta-en-honor-a-maria-auxiliadora-vuelve-a-llenar-los-patios-de-alegria\/#primaryimage"},"thumbnailUrl":"https:\/\/valenciasjb.salesianos.edu\/colegio\/wp-content\/uploads\/sites\/2\/2022\/05\/283146853_5324749797548182_8843519630550671648_n.jpg","datePublished":"2022-05-25T17:54:36+00:00","dateModified":"2022-05-25T17:54:41+00:00","author":{"@id":"https:\/\/valenciasjb.salesianos.edu\/colegio\/#\/schema\/person\/86dc674b625f6f68f88872bb794e6cf1"},"breadcrumb":{"@id":"https:\/\/valenciasjb.salesianos.edu\/colegio\/la-fiesta-en-honor-a-maria-auxiliadora-vuelve-a-llenar-los-patios-de-alegria\/#breadcrumb"},"inLanguage":"es","potentialAction":[{"@type":"ReadAction","target":["https:\/\/valenciasjb.salesianos.edu\/colegio\/la-fiesta-en-honor-a-maria-auxiliadora-vuelve-a-llenar-los-patios-de-alegria\/"]}]},{"@type":"ImageObject","inLanguage":"es","@id":"https:\/\/valenciasjb.salesianos.edu\/colegio\/la-fiesta-en-honor-a-maria-auxiliadora-vuelve-a-llenar-los-patios-de-alegria\/#primaryimage","url":"https:\/\/valenciasjb.salesianos.edu\/colegio\/wp-content\/uploads\/sites\/2\/2022\/05\/283146853_5324749797548182_8843519630550671648_n.jpg","contentUrl":"https:\/\/valenciasjb.salesianos.edu\/colegio\/wp-content\/uploads\/sites\/2\/2022\/05\/283146853_5324749797548182_8843519630550671648_n.jpg","width":2048,"height":1369},{"@type":"BreadcrumbList","@id":"https:\/\/valenciasjb.salesianos.edu\/colegio\/la-fiesta-en-honor-a-maria-auxiliadora-vuelve-a-llenar-los-patios-de-alegria\/#breadcrumb","itemListElement":[{"@type":"ListItem","position":1,"name":"Portada","item":"https:\/\/valenciasjb.salesianos.edu\/colegio\/"},{"@type":"ListItem","position":2,"name":"La fiesta en honor a Mar\u00eda Auxiliadora vuelve a llenar los patios de alegr\u00eda."}]},{"@type":"WebSite","@id":"https:\/\/valenciasjb.salesianos.edu\/colegio\/#website","url":"https:\/\/valenciasjb.salesianos.edu\/colegio\/","name":"Colegio San Juan Bosco Valencia","description":"P\u00e1gina oficial del Colegio Salesianos San Juan Bosco Valencia","alternateName":"Salesianos.VSJB","potentialAction":[{"@type":"SearchAction","target":{"@type":"EntryPoint","urlTemplate":"https:\/\/valenciasjb.salesianos.edu\/colegio\/?s={search_term_string}"},"query-input":{"@type":"PropertyValueSpecification","valueRequired":true,"valueName":"search_term_string"}}],"inLanguage":"es"},{"@type":"Person","@id":"https:\/\/valenciasjb.salesianos.edu\/colegio\/#\/schema\/person\/86dc674b625f6f68f88872bb794e6cf1","name":"Andrea Gimeno","image":{"@type":"ImageObject","inLanguage":"es","@id":"https:\/\/secure.gravatar.com\/avatar\/05fb909788254678d737fffb74ea7910e552935c65650cba653de83762c6278d?s=96&d=mm&r=g","url":"https:\/\/secure.gravatar.com\/avatar\/05fb909788254678d737fffb74ea7910e552935c65650cba653de83762c6278d?s=96&d=mm&r=g","contentUrl":"https:\/\/secure.gravatar.com\/avatar\/05fb909788254678d737fffb74ea7910e552935c65650cba653de83762c6278d?s=96&d=mm&r=g","caption":"Andrea Gimeno"}}]}},"_links":{"self":[{"href":"https:\/\/valenciasjb.salesianos.edu\/colegio\/wp-json\/wp\/v2\/posts\/17410","targetHints":{"allow":["GET"]}}],"collection":[{"href":"https:\/\/valenciasjb.salesianos.edu\/colegio\/wp-json\/wp\/v2\/posts"}],"about":[{"href":"https:\/\/valenciasjb.salesianos.edu\/colegio\/wp-json\/wp\/v2\/types\/post"}],"author":[{"embeddable":true,"href":"https:\/\/valenciasjb.salesianos.edu\/colegio\/wp-json\/wp\/v2\/users\/14"}],"replies":[{"embeddable":true,"href":"https:\/\/valenciasjb.salesianos.edu\/colegio\/wp-json\/wp\/v2\/comments?post=17410"}],"version-history":[{"count":3,"href":"https:\/\/valenciasjb.salesianos.edu\/colegio\/wp-json\/wp\/v2\/posts\/17410\/revisions"}],"predecessor-version":[{"id":17444,"href":"https:\/\/valenciasjb.salesianos.edu\/colegio\/wp-json\/wp\/v2\/posts\/17410\/revisions\/17444"}],"wp:featuredmedia":[{"embeddable":true,"href":"https:\/\/valenciasjb.salesianos.edu\/colegio\/wp-json\/wp\/v2\/media\/17420"}],"wp:attachment":[{"href":"https:\/\/valenciasjb.salesianos.edu\/colegio\/wp-json\/wp\/v2\/media?parent=17410"}],"wp:term":[{"taxonomy":"category","embeddable":true,"href":"https:\/\/valenciasjb.salesianos.edu\/colegio\/wp-json\/wp\/v2\/categories?post=17410"},{"taxonomy":"post_tag","embeddable":true,"href":"https:\/\/valenciasjb.salesianos.edu\/colegio\/wp-json\/wp\/v2\/tags?post=17410"}],"curies":[{"name":"wp","href":"https:\/\/api.w.org\/{rel}","templated":true}]}}