{"id":17445,"date":"2022-05-30T15:55:00","date_gmt":"2022-05-30T14:55:00","guid":{"rendered":"https:\/\/valenciasjb.salesianos.edu\/colegio\/?p=17445"},"modified":"2022-05-30T15:55:04","modified_gmt":"2022-05-30T14:55:04","slug":"el-salesiano-fernando-ria-presenta-el-libro-me-encanta-mi-heredad","status":"publish","type":"post","link":"https:\/\/valenciasjb.salesianos.edu\/colegio\/el-salesiano-fernando-ria-presenta-el-libro-me-encanta-mi-heredad\/","title":{"rendered":"El salesiano Fernando R\u00eda presenta el libro \u2018Me encanta mi heredad\u2019"},"content":{"rendered":"<div id=\"fb-root\"><\/div>\n<p>[et_pb_section fb_built=\u00bb1&#8243; admin_label=\u00bbsection\u00bb _builder_version=\u00bb4.16&#8243; global_colors_info=\u00bb{}\u00bb theme_builder_area=\u00bbpost_content\u00bb][et_pb_row admin_label=\u00bbrow\u00bb _builder_version=\u00bb4.16&#8243; background_size=\u00bbinitial\u00bb background_position=\u00bbtop_left\u00bb background_repeat=\u00bbrepeat\u00bb global_colors_info=\u00bb{}\u00bb theme_builder_area=\u00bbpost_content\u00bb][et_pb_column type=\u00bb4_4&#8243; _builder_version=\u00bb4.16&#8243; custom_padding=\u00bb|||\u00bb global_colors_info=\u00bb{}\u00bb custom_padding__hover=\u00bb|||\u00bb theme_builder_area=\u00bbpost_content\u00bb][et_pb_text admin_label=\u00bbEntradilla (Texto)\u00bb _builder_version=\u00bb4.17.4&#8243; text_font=\u00bb|on|||\u00bb text_orientation=\u00bbjustified\u00bb module_alignment=\u00bbjustified\u00bb hover_enabled=\u00bb0&#8243; global_colors_info=\u00bb{}\u00bb theme_builder_area=\u00bbpost_content\u00bb sticky_enabled=\u00bb0&#8243;]<\/p>\n<p id=\"resumen\">En el marco de la celebraci\u00f3n de sus 60 a\u00f1os de sacerdote.<\/p>\n<p>[\/et_pb_text][et_pb_text admin_label=\u00bbAutor (Texto)\u00bb _builder_version=\u00bb4.17.4&#8243; text_font=\u00bb||on||\u00bb hover_enabled=\u00bb0&#8243; global_colors_info=\u00bb{}\u00bb theme_builder_area=\u00bbpost_content\u00bb sticky_enabled=\u00bb0&#8243;]<\/p>\n<p class=\"et_pb_module_header\">Por Salesianos Comunicaci\u00f3n<\/p>\n<p>[\/et_pb_text][et_pb_text admin_label=\u00bbDesarrollo (Texto)\u00bb _builder_version=\u00bb4.17.4&#8243; text_orientation=\u00bbjustified\u00bb module_alignment=\u00bbjustified\u00bb hover_enabled=\u00bb0&#8243; global_colors_info=\u00bb{}\u00bb theme_builder_area=\u00bbpost_content\u00bb sticky_enabled=\u00bb0&#8243;]<\/p>\n<p><b>El salesiano Fernando R\u00eda<\/b>\u00a0celebr\u00f3 este s\u00e1bado 28 de mayo en la casa salesiana de\u00a0<b>Valencia San Juan Bosco<\/b>\u00a0sus bodas de Diamante, 60 a\u00f1os de entrega incondicional a los j\u00f3venes. Una eucarist\u00eda presidida por \u00e9l mismo y concelebrada por el director de la presencia salesiana, Fernando Navarro entre otros salesianos, fue el punto de partida de una celebraci\u00f3n muy emotiva.<\/p>\n<p>Desde la casa salesiana compart\u00edan al concluir la eucarist\u00eda que fueron \u201cunos actos entra\u00f1ables para acompa\u00f1ar a nuestro querido Fernando en estos momentos tan importantes de su vida salesiana\u201d.\u00a0<\/p>\n<p>Tras la celebraci\u00f3n religiosa el salesiano present\u00f3 el libro \u00abMe encanta mi heredad\u00bb. Un poemario de 209 p\u00e1ginas, que transitan desde los romances y los sonetos, hasta las eleg\u00edas, pasando por una r\u00e9plica de los poemas que el autor escribi\u00f3 para la revista \u2018Tibidabo\u2019 o con motivo de los aniversarios de la Inspector\u00eda San Jos\u00e9 Valencia y la casa salesiana de El Campello. Entre las p\u00e1ginas del libro tambi\u00e9n podemos encontrar sus primeros versos en el apartado titulado \u2018Balbuceos de novicio y primeros pasos\u2019.<\/p>\n<p>Tanto la celebraci\u00f3n religiosa como la presentaci\u00f3n del libro pudieron seguirse en directo a trav\u00e9s de las redes sociales. Al terminar, hubo un vino de honor, saludos y la firma del autor, en el jard\u00edn del colegio. \u201cEnhorabuena y gracias por tantos a\u00f1os de servicio a los j\u00f3venes\u201d concluyen desde la casa salesiana.<\/p>\n<p><b>Sobre el autor<\/b><\/p>\n<p>Fernando R\u00eda Garc\u00eda, naci\u00f3 en Pamplona en 1935, curs\u00f3 todos sus a\u00f1os de formaci\u00f3n entre Huesca, San Vicen\u00e7 dels Horts, Arb\u00f3s y Mart\u00ed-Codolar y m\u00e1s tarde en Alcoy, Godelleta, Zaragoza, Madrid y Valencia. Licenciado en Teolog\u00eda por el PAS de Tur\u00edn y en Filolog\u00eda Hisp\u00e1nica por la Universidad de Zaragoza.\u00a0<\/p>\n<p>En sus \u00faltimos a\u00f1os ha dirigido sus pasos hacia la historia salesiana con sus obras: Salesianos El Campello (1907-2007), Inspector\u00eda Salesiana San Jos\u00e9 de Valencia (1958-2008), y trabajando en el Diccionario Biogr\u00e1fico Salesiano de Espa\u00f1a (2019) y Diccionario de las Casas Salesianas de Espa\u00f1a (de pr\u00f3xima aparici\u00f3n).<\/p>\n<p>[\/et_pb_text][et_pb_text disabled_on=\u00bboff|on|on\u00bb admin_label=\u00bbT\u00edtulo: Galer\u00eda de fotos (Texto)\u00bb _builder_version=\u00bb4.16&#8243; text_font=\u00bb|on|||\u00bb text_text_color=\u00bb#dc001b\u00bb hover_enabled=\u00bb0&#8243; border_style=\u00bbsolid\u00bb global_colors_info=\u00bb{}\u00bb theme_builder_area=\u00bbpost_content\u00bb sticky_enabled=\u00bb0&#8243;]Galer\u00eda de im\u00e1genes<br \/>\n[\/et_pb_text][et_pb_gallery gallery_ids=\u00bb17448,17449,17450,17451,17452,17453,17454,17455,17456,17457,17458,17459,17460,17461,17462,17463,17464,17465,17466,17467,17468,17469,17470,17471,17472,17473,17474,17475,17476,17477,17478,17479,17480,17481,17482,17483,17484&#8243; posts_number=\u00bb8&#8243; show_title_and_caption=\u00bboff\u00bb zoom_icon_color=\u00bb#dc001b\u00bb hover_icon=\u00bb&#x54;||divi||400&#8243; disabled_on=\u00bboff|off|off\u00bb _builder_version=\u00bb4.17.4&#8243; hover_enabled=\u00bb0&#8243; pagination_font_size_tablet=\u00bb51&#8243; pagination_line_height_tablet=\u00bb2&#8243; global_colors_info=\u00bb{}\u00bb theme_builder_area=\u00bbpost_content\u00bb sticky_enabled=\u00bb0&#8243;][\/et_pb_gallery][et_pb_video disabled_on=\u00bbon|on|on\u00bb _builder_version=\u00bb4.16&#8243; disabled=\u00bbon\u00bb global_colors_info=\u00bb{}\u00bb theme_builder_area=\u00bbpost_content\u00bb][\/et_pb_video][\/et_pb_column][\/et_pb_row][\/et_pb_section]<\/p>\n<!-- AddThis Advanced Settings generic via filter on the_content --><!-- AddThis Share Buttons generic via filter on the_content -->","protected":false},"excerpt":{"rendered":"<p>En el marco de la celebraci\u00f3n de sus 60 a\u00f1os de sacerdote.Por Salesianos Comunicaci\u00f3nEl salesiano Fernando R\u00eda\u00a0celebr\u00f3 este s\u00e1bado 28 de mayo en la casa salesiana de\u00a0Valencia San Juan Bosco\u00a0sus bodas de Diamante, 60 a\u00f1os de entrega incondicional a los j\u00f3venes. Una eucarist\u00eda presidida por \u00e9l mismo y concelebrada por el director de la presencia [&hellip;]<\/p>\n<p><!-- AddThis Advanced Settings generic via filter on get_the_excerpt --><!-- AddThis Share Buttons generic via filter on get_the_excerpt --><\/p>\n","protected":false},"author":14,"featured_media":17452,"comment_status":"closed","ping_status":"open","sticky":false,"template":"","format":"standard","meta":{"_et_pb_use_builder":"on","_et_pb_old_content":"","_et_gb_content_width":"","footnotes":""},"categories":[14],"tags":[],"class_list":["post-17445","post","type-post","status-publish","format-standard","has-post-thumbnail","hentry","category-noticia_colegio"],"yoast_head":"<!-- This site is optimized with the Yoast SEO plugin v28.4 - https:\/\/yoast.com\/product\/yoast-seo-wordpress\/ -->\n<title>El salesiano Fernando R\u00eda presenta el libro \u2018Me encanta mi heredad\u2019 - Colegio San Juan Bosco Valencia<\/title>\n<meta name=\"robots\" content=\"index, follow, max-snippet:-1, max-image-preview:large, max-video-preview:-1\" \/>\n<link rel=\"canonical\" href=\"https:\/\/valenciasjb.salesianos.edu\/colegio\/el-salesiano-fernando-ria-presenta-el-libro-me-encanta-mi-heredad\/\" \/>\n<meta property=\"og:locale\" content=\"es_ES\" \/>\n<meta property=\"og:type\" content=\"article\" \/>\n<meta property=\"og:title\" content=\"El salesiano Fernando R\u00eda presenta el libro \u2018Me encanta mi heredad\u2019 - Colegio San Juan Bosco Valencia\" \/>\n<meta property=\"og:description\" content=\"En el marco de la celebraci\u00f3n de sus 60 a\u00f1os de sacerdote.Por Salesianos Comunicaci\u00f3nEl salesiano Fernando R\u00eda\u00a0celebr\u00f3 este s\u00e1bado 28 de mayo en la casa salesiana de\u00a0Valencia San Juan Bosco\u00a0sus bodas de Diamante, 60 a\u00f1os de entrega incondicional a los j\u00f3venes. Una eucarist\u00eda presidida por \u00e9l mismo y concelebrada por el director de la presencia [&hellip;]\" \/>\n<meta property=\"og:url\" content=\"https:\/\/valenciasjb.salesianos.edu\/colegio\/el-salesiano-fernando-ria-presenta-el-libro-me-encanta-mi-heredad\/\" \/>\n<meta property=\"og:site_name\" content=\"Colegio San Juan Bosco Valencia\" \/>\n<meta property=\"article:publisher\" content=\"https:\/\/www.facebook.com\/ColegioSalesianoSanJuanBoscoValencia\" \/>\n<meta property=\"article:published_time\" content=\"2022-05-30T14:55:00+00:00\" \/>\n<meta property=\"article:modified_time\" content=\"2022-05-30T14:55:04+00:00\" \/>\n<meta property=\"og:image\" content=\"https:\/\/valenciasjb.salesianos.edu\/colegio\/wp-content\/uploads\/sites\/2\/2022\/05\/WhatsApp-Image-2022-05-30-at-3.28.45-PM-2.jpeg\" \/>\n\t<meta property=\"og:image:width\" content=\"2000\" \/>\n\t<meta property=\"og:image:height\" content=\"1496\" \/>\n\t<meta property=\"og:image:type\" content=\"image\/jpeg\" \/>\n<meta name=\"author\" content=\"Andrea Gimeno\" \/>\n<meta name=\"twitter:card\" content=\"summary_large_image\" \/>\n<meta name=\"twitter:creator\" content=\"@SalesianosVSJB\" \/>\n<meta name=\"twitter:site\" content=\"@SalesianosVSJB\" \/>\n<meta name=\"twitter:label1\" content=\"Escrito por\" \/>\n\t<meta name=\"twitter:data1\" content=\"Andrea Gimeno\" \/>\n\t<meta name=\"twitter:label2\" content=\"Tiempo de lectura\" \/>\n\t<meta name=\"twitter:data2\" content=\"3 minutos\" \/>\n<script type=\"application\/ld+json\" class=\"yoast-schema-graph\">{\"@context\":\"https:\\\/\\\/schema.org\",\"@graph\":[{\"@type\":\"Article\",\"@id\":\"https:\\\/\\\/valenciasjb.salesianos.edu\\\/colegio\\\/el-salesiano-fernando-ria-presenta-el-libro-me-encanta-mi-heredad\\\/#article\",\"isPartOf\":{\"@id\":\"https:\\\/\\\/valenciasjb.salesianos.edu\\\/colegio\\\/el-salesiano-fernando-ria-presenta-el-libro-me-encanta-mi-heredad\\\/\"},\"author\":{\"name\":\"Andrea Gimeno\",\"@id\":\"https:\\\/\\\/valenciasjb.salesianos.edu\\\/colegio\\\/#\\\/schema\\\/person\\\/86dc674b625f6f68f88872bb794e6cf1\"},\"headline\":\"El salesiano Fernando R\u00eda presenta el libro \u2018Me encanta mi heredad\u2019\",\"datePublished\":\"2022-05-30T14:55:00+00:00\",\"dateModified\":\"2022-05-30T14:55:04+00:00\",\"mainEntityOfPage\":{\"@id\":\"https:\\\/\\\/valenciasjb.salesianos.edu\\\/colegio\\\/el-salesiano-fernando-ria-presenta-el-libro-me-encanta-mi-heredad\\\/\"},\"wordCount\":678,\"image\":{\"@id\":\"https:\\\/\\\/valenciasjb.salesianos.edu\\\/colegio\\\/el-salesiano-fernando-ria-presenta-el-libro-me-encanta-mi-heredad\\\/#primaryimage\"},\"thumbnailUrl\":\"https:\\\/\\\/valenciasjb.salesianos.edu\\\/colegio\\\/wp-content\\\/uploads\\\/sites\\\/2\\\/2022\\\/05\\\/WhatsApp-Image-2022-05-30-at-3.28.45-PM-2.jpeg\",\"articleSection\":[\"Noticia Colegio\"],\"inLanguage\":\"es\"},{\"@type\":\"WebPage\",\"@id\":\"https:\\\/\\\/valenciasjb.salesianos.edu\\\/colegio\\\/el-salesiano-fernando-ria-presenta-el-libro-me-encanta-mi-heredad\\\/\",\"url\":\"https:\\\/\\\/valenciasjb.salesianos.edu\\\/colegio\\\/el-salesiano-fernando-ria-presenta-el-libro-me-encanta-mi-heredad\\\/\",\"name\":\"El salesiano Fernando R\u00eda presenta el libro \u2018Me encanta mi heredad\u2019 - Colegio San Juan Bosco Valencia\",\"isPartOf\":{\"@id\":\"https:\\\/\\\/valenciasjb.salesianos.edu\\\/colegio\\\/#website\"},\"primaryImageOfPage\":{\"@id\":\"https:\\\/\\\/valenciasjb.salesianos.edu\\\/colegio\\\/el-salesiano-fernando-ria-presenta-el-libro-me-encanta-mi-heredad\\\/#primaryimage\"},\"image\":{\"@id\":\"https:\\\/\\\/valenciasjb.salesianos.edu\\\/colegio\\\/el-salesiano-fernando-ria-presenta-el-libro-me-encanta-mi-heredad\\\/#primaryimage\"},\"thumbnailUrl\":\"https:\\\/\\\/valenciasjb.salesianos.edu\\\/colegio\\\/wp-content\\\/uploads\\\/sites\\\/2\\\/2022\\\/05\\\/WhatsApp-Image-2022-05-30-at-3.28.45-PM-2.jpeg\",\"datePublished\":\"2022-05-30T14:55:00+00:00\",\"dateModified\":\"2022-05-30T14:55:04+00:00\",\"author\":{\"@id\":\"https:\\\/\\\/valenciasjb.salesianos.edu\\\/colegio\\\/#\\\/schema\\\/person\\\/86dc674b625f6f68f88872bb794e6cf1\"},\"breadcrumb\":{\"@id\":\"https:\\\/\\\/valenciasjb.salesianos.edu\\\/colegio\\\/el-salesiano-fernando-ria-presenta-el-libro-me-encanta-mi-heredad\\\/#breadcrumb\"},\"inLanguage\":\"es\",\"potentialAction\":[{\"@type\":\"ReadAction\",\"target\":[\"https:\\\/\\\/valenciasjb.salesianos.edu\\\/colegio\\\/el-salesiano-fernando-ria-presenta-el-libro-me-encanta-mi-heredad\\\/\"]}]},{\"@type\":\"ImageObject\",\"inLanguage\":\"es\",\"@id\":\"https:\\\/\\\/valenciasjb.salesianos.edu\\\/colegio\\\/el-salesiano-fernando-ria-presenta-el-libro-me-encanta-mi-heredad\\\/#primaryimage\",\"url\":\"https:\\\/\\\/valenciasjb.salesianos.edu\\\/colegio\\\/wp-content\\\/uploads\\\/sites\\\/2\\\/2022\\\/05\\\/WhatsApp-Image-2022-05-30-at-3.28.45-PM-2.jpeg\",\"contentUrl\":\"https:\\\/\\\/valenciasjb.salesianos.edu\\\/colegio\\\/wp-content\\\/uploads\\\/sites\\\/2\\\/2022\\\/05\\\/WhatsApp-Image-2022-05-30-at-3.28.45-PM-2.jpeg\",\"width\":2000,\"height\":1496},{\"@type\":\"BreadcrumbList\",\"@id\":\"https:\\\/\\\/valenciasjb.salesianos.edu\\\/colegio\\\/el-salesiano-fernando-ria-presenta-el-libro-me-encanta-mi-heredad\\\/#breadcrumb\",\"itemListElement\":[{\"@type\":\"ListItem\",\"position\":1,\"name\":\"Portada\",\"item\":\"https:\\\/\\\/valenciasjb.salesianos.edu\\\/colegio\\\/\"},{\"@type\":\"ListItem\",\"position\":2,\"name\":\"El salesiano Fernando R\u00eda presenta el libro \u2018Me encanta mi heredad\u2019\"}]},{\"@type\":\"WebSite\",\"@id\":\"https:\\\/\\\/valenciasjb.salesianos.edu\\\/colegio\\\/#website\",\"url\":\"https:\\\/\\\/valenciasjb.salesianos.edu\\\/colegio\\\/\",\"name\":\"Colegio San Juan Bosco Valencia\",\"description\":\"P\u00e1gina oficial del Colegio Salesianos San Juan Bosco Valencia\",\"alternateName\":\"Salesianos.VSJB\",\"potentialAction\":[{\"@type\":\"SearchAction\",\"target\":{\"@type\":\"EntryPoint\",\"urlTemplate\":\"https:\\\/\\\/valenciasjb.salesianos.edu\\\/colegio\\\/?s={search_term_string}\"},\"query-input\":{\"@type\":\"PropertyValueSpecification\",\"valueRequired\":true,\"valueName\":\"search_term_string\"}}],\"inLanguage\":\"es\"},{\"@type\":\"Person\",\"@id\":\"https:\\\/\\\/valenciasjb.salesianos.edu\\\/colegio\\\/#\\\/schema\\\/person\\\/86dc674b625f6f68f88872bb794e6cf1\",\"name\":\"Andrea Gimeno\",\"image\":{\"@type\":\"ImageObject\",\"inLanguage\":\"es\",\"@id\":\"https:\\\/\\\/secure.gravatar.com\\\/avatar\\\/05fb909788254678d737fffb74ea7910e552935c65650cba653de83762c6278d?s=96&d=mm&r=g\",\"url\":\"https:\\\/\\\/secure.gravatar.com\\\/avatar\\\/05fb909788254678d737fffb74ea7910e552935c65650cba653de83762c6278d?s=96&d=mm&r=g\",\"contentUrl\":\"https:\\\/\\\/secure.gravatar.com\\\/avatar\\\/05fb909788254678d737fffb74ea7910e552935c65650cba653de83762c6278d?s=96&d=mm&r=g\",\"caption\":\"Andrea Gimeno\"}}]}<\/script>\n<!-- \/ Yoast SEO plugin. -->","yoast_head_json":{"title":"El salesiano Fernando R\u00eda presenta el libro \u2018Me encanta mi heredad\u2019 - Colegio San Juan Bosco Valencia","robots":{"index":"index","follow":"follow","max-snippet":"max-snippet:-1","max-image-preview":"max-image-preview:large","max-video-preview":"max-video-preview:-1"},"canonical":"https:\/\/valenciasjb.salesianos.edu\/colegio\/el-salesiano-fernando-ria-presenta-el-libro-me-encanta-mi-heredad\/","og_locale":"es_ES","og_type":"article","og_title":"El salesiano Fernando R\u00eda presenta el libro \u2018Me encanta mi heredad\u2019 - Colegio San Juan Bosco Valencia","og_description":"En el marco de la celebraci\u00f3n de sus 60 a\u00f1os de sacerdote.Por Salesianos Comunicaci\u00f3nEl salesiano Fernando R\u00eda\u00a0celebr\u00f3 este s\u00e1bado 28 de mayo en la casa salesiana de\u00a0Valencia San Juan Bosco\u00a0sus bodas de Diamante, 60 a\u00f1os de entrega incondicional a los j\u00f3venes. Una eucarist\u00eda presidida por \u00e9l mismo y concelebrada por el director de la presencia [&hellip;]","og_url":"https:\/\/valenciasjb.salesianos.edu\/colegio\/el-salesiano-fernando-ria-presenta-el-libro-me-encanta-mi-heredad\/","og_site_name":"Colegio San Juan Bosco Valencia","article_publisher":"https:\/\/www.facebook.com\/ColegioSalesianoSanJuanBoscoValencia","article_published_time":"2022-05-30T14:55:00+00:00","article_modified_time":"2022-05-30T14:55:04+00:00","og_image":[{"width":2000,"height":1496,"url":"https:\/\/valenciasjb.salesianos.edu\/colegio\/wp-content\/uploads\/sites\/2\/2022\/05\/WhatsApp-Image-2022-05-30-at-3.28.45-PM-2.jpeg","type":"image\/jpeg"}],"author":"Andrea Gimeno","twitter_card":"summary_large_image","twitter_creator":"@SalesianosVSJB","twitter_site":"@SalesianosVSJB","twitter_misc":{"Escrito por":"Andrea Gimeno","Tiempo de lectura":"3 minutos"},"schema":{"@context":"https:\/\/schema.org","@graph":[{"@type":"Article","@id":"https:\/\/valenciasjb.salesianos.edu\/colegio\/el-salesiano-fernando-ria-presenta-el-libro-me-encanta-mi-heredad\/#article","isPartOf":{"@id":"https:\/\/valenciasjb.salesianos.edu\/colegio\/el-salesiano-fernando-ria-presenta-el-libro-me-encanta-mi-heredad\/"},"author":{"name":"Andrea Gimeno","@id":"https:\/\/valenciasjb.salesianos.edu\/colegio\/#\/schema\/person\/86dc674b625f6f68f88872bb794e6cf1"},"headline":"El salesiano Fernando R\u00eda presenta el libro \u2018Me encanta mi heredad\u2019","datePublished":"2022-05-30T14:55:00+00:00","dateModified":"2022-05-30T14:55:04+00:00","mainEntityOfPage":{"@id":"https:\/\/valenciasjb.salesianos.edu\/colegio\/el-salesiano-fernando-ria-presenta-el-libro-me-encanta-mi-heredad\/"},"wordCount":678,"image":{"@id":"https:\/\/valenciasjb.salesianos.edu\/colegio\/el-salesiano-fernando-ria-presenta-el-libro-me-encanta-mi-heredad\/#primaryimage"},"thumbnailUrl":"https:\/\/valenciasjb.salesianos.edu\/colegio\/wp-content\/uploads\/sites\/2\/2022\/05\/WhatsApp-Image-2022-05-30-at-3.28.45-PM-2.jpeg","articleSection":["Noticia Colegio"],"inLanguage":"es"},{"@type":"WebPage","@id":"https:\/\/valenciasjb.salesianos.edu\/colegio\/el-salesiano-fernando-ria-presenta-el-libro-me-encanta-mi-heredad\/","url":"https:\/\/valenciasjb.salesianos.edu\/colegio\/el-salesiano-fernando-ria-presenta-el-libro-me-encanta-mi-heredad\/","name":"El salesiano Fernando R\u00eda presenta el libro \u2018Me encanta mi heredad\u2019 - Colegio San Juan Bosco Valencia","isPartOf":{"@id":"https:\/\/valenciasjb.salesianos.edu\/colegio\/#website"},"primaryImageOfPage":{"@id":"https:\/\/valenciasjb.salesianos.edu\/colegio\/el-salesiano-fernando-ria-presenta-el-libro-me-encanta-mi-heredad\/#primaryimage"},"image":{"@id":"https:\/\/valenciasjb.salesianos.edu\/colegio\/el-salesiano-fernando-ria-presenta-el-libro-me-encanta-mi-heredad\/#primaryimage"},"thumbnailUrl":"https:\/\/valenciasjb.salesianos.edu\/colegio\/wp-content\/uploads\/sites\/2\/2022\/05\/WhatsApp-Image-2022-05-30-at-3.28.45-PM-2.jpeg","datePublished":"2022-05-30T14:55:00+00:00","dateModified":"2022-05-30T14:55:04+00:00","author":{"@id":"https:\/\/valenciasjb.salesianos.edu\/colegio\/#\/schema\/person\/86dc674b625f6f68f88872bb794e6cf1"},"breadcrumb":{"@id":"https:\/\/valenciasjb.salesianos.edu\/colegio\/el-salesiano-fernando-ria-presenta-el-libro-me-encanta-mi-heredad\/#breadcrumb"},"inLanguage":"es","potentialAction":[{"@type":"ReadAction","target":["https:\/\/valenciasjb.salesianos.edu\/colegio\/el-salesiano-fernando-ria-presenta-el-libro-me-encanta-mi-heredad\/"]}]},{"@type":"ImageObject","inLanguage":"es","@id":"https:\/\/valenciasjb.salesianos.edu\/colegio\/el-salesiano-fernando-ria-presenta-el-libro-me-encanta-mi-heredad\/#primaryimage","url":"https:\/\/valenciasjb.salesianos.edu\/colegio\/wp-content\/uploads\/sites\/2\/2022\/05\/WhatsApp-Image-2022-05-30-at-3.28.45-PM-2.jpeg","contentUrl":"https:\/\/valenciasjb.salesianos.edu\/colegio\/wp-content\/uploads\/sites\/2\/2022\/05\/WhatsApp-Image-2022-05-30-at-3.28.45-PM-2.jpeg","width":2000,"height":1496},{"@type":"BreadcrumbList","@id":"https:\/\/valenciasjb.salesianos.edu\/colegio\/el-salesiano-fernando-ria-presenta-el-libro-me-encanta-mi-heredad\/#breadcrumb","itemListElement":[{"@type":"ListItem","position":1,"name":"Portada","item":"https:\/\/valenciasjb.salesianos.edu\/colegio\/"},{"@type":"ListItem","position":2,"name":"El salesiano Fernando R\u00eda presenta el libro \u2018Me encanta mi heredad\u2019"}]},{"@type":"WebSite","@id":"https:\/\/valenciasjb.salesianos.edu\/colegio\/#website","url":"https:\/\/valenciasjb.salesianos.edu\/colegio\/","name":"Colegio San Juan Bosco Valencia","description":"P\u00e1gina oficial del Colegio Salesianos San Juan Bosco Valencia","alternateName":"Salesianos.VSJB","potentialAction":[{"@type":"SearchAction","target":{"@type":"EntryPoint","urlTemplate":"https:\/\/valenciasjb.salesianos.edu\/colegio\/?s={search_term_string}"},"query-input":{"@type":"PropertyValueSpecification","valueRequired":true,"valueName":"search_term_string"}}],"inLanguage":"es"},{"@type":"Person","@id":"https:\/\/valenciasjb.salesianos.edu\/colegio\/#\/schema\/person\/86dc674b625f6f68f88872bb794e6cf1","name":"Andrea Gimeno","image":{"@type":"ImageObject","inLanguage":"es","@id":"https:\/\/secure.gravatar.com\/avatar\/05fb909788254678d737fffb74ea7910e552935c65650cba653de83762c6278d?s=96&d=mm&r=g","url":"https:\/\/secure.gravatar.com\/avatar\/05fb909788254678d737fffb74ea7910e552935c65650cba653de83762c6278d?s=96&d=mm&r=g","contentUrl":"https:\/\/secure.gravatar.com\/avatar\/05fb909788254678d737fffb74ea7910e552935c65650cba653de83762c6278d?s=96&d=mm&r=g","caption":"Andrea Gimeno"}}]}},"_links":{"self":[{"href":"https:\/\/valenciasjb.salesianos.edu\/colegio\/wp-json\/wp\/v2\/posts\/17445","targetHints":{"allow":["GET"]}}],"collection":[{"href":"https:\/\/valenciasjb.salesianos.edu\/colegio\/wp-json\/wp\/v2\/posts"}],"about":[{"href":"https:\/\/valenciasjb.salesianos.edu\/colegio\/wp-json\/wp\/v2\/types\/post"}],"author":[{"embeddable":true,"href":"https:\/\/valenciasjb.salesianos.edu\/colegio\/wp-json\/wp\/v2\/users\/14"}],"replies":[{"embeddable":true,"href":"https:\/\/valenciasjb.salesianos.edu\/colegio\/wp-json\/wp\/v2\/comments?post=17445"}],"version-history":[{"count":4,"href":"https:\/\/valenciasjb.salesianos.edu\/colegio\/wp-json\/wp\/v2\/posts\/17445\/revisions"}],"predecessor-version":[{"id":17487,"href":"https:\/\/valenciasjb.salesianos.edu\/colegio\/wp-json\/wp\/v2\/posts\/17445\/revisions\/17487"}],"wp:featuredmedia":[{"embeddable":true,"href":"https:\/\/valenciasjb.salesianos.edu\/colegio\/wp-json\/wp\/v2\/media\/17452"}],"wp:attachment":[{"href":"https:\/\/valenciasjb.salesianos.edu\/colegio\/wp-json\/wp\/v2\/media?parent=17445"}],"wp:term":[{"taxonomy":"category","embeddable":true,"href":"https:\/\/valenciasjb.salesianos.edu\/colegio\/wp-json\/wp\/v2\/categories?post=17445"},{"taxonomy":"post_tag","embeddable":true,"href":"https:\/\/valenciasjb.salesianos.edu\/colegio\/wp-json\/wp\/v2\/tags?post=17445"}],"curies":[{"name":"wp","href":"https:\/\/api.w.org\/{rel}","templated":true}]}}