{"id":17489,"date":"2022-06-09T15:42:01","date_gmt":"2022-06-09T14:42:01","guid":{"rendered":"https:\/\/valenciasjb.salesianos.edu\/colegio\/?p=17489"},"modified":"2022-06-09T15:42:05","modified_gmt":"2022-06-09T14:42:05","slug":"primeros-pasos-de-la-escuela-de-musica-bartolome-garelli","status":"publish","type":"post","link":"https:\/\/valenciasjb.salesianos.edu\/colegio\/primeros-pasos-de-la-escuela-de-musica-bartolome-garelli\/","title":{"rendered":"Primeros pasos de la Escuela de m\u00fasica Bartolom\u00e9 Garelli"},"content":{"rendered":"<div id=\"fb-root\"><\/div>\n<p>[et_pb_section fb_built=\u00bb1&#8243; admin_label=\u00bbsection\u00bb _builder_version=\u00bb4.16&#8243; global_colors_info=\u00bb{}\u00bb theme_builder_area=\u00bbpost_content\u00bb][et_pb_row admin_label=\u00bbrow\u00bb _builder_version=\u00bb4.16&#8243; background_size=\u00bbinitial\u00bb background_position=\u00bbtop_left\u00bb background_repeat=\u00bbrepeat\u00bb global_colors_info=\u00bb{}\u00bb theme_builder_area=\u00bbpost_content\u00bb][et_pb_column type=\u00bb4_4&#8243; _builder_version=\u00bb4.16&#8243; custom_padding=\u00bb|||\u00bb global_colors_info=\u00bb{}\u00bb custom_padding__hover=\u00bb|||\u00bb theme_builder_area=\u00bbpost_content\u00bb][et_pb_text admin_label=\u00bbEntradilla (Texto)\u00bb _builder_version=\u00bb4.17.4&#8243; text_font=\u00bb|on|||\u00bb text_orientation=\u00bbjustified\u00bb module_alignment=\u00bbjustified\u00bb hover_enabled=\u00bb0&#8243; global_colors_info=\u00bb{}\u00bb theme_builder_area=\u00bbpost_content\u00bb sticky_enabled=\u00bb0&#8243;]<\/p>\n<div id=\"resumen\"><strong>El pasado 30 de mayo, se celebr\u00f3 la primera audici\u00f3n de los alumnos de la Escuela de \u00a0m\u00fasica Bartolom\u00e9 Garelli.\u00a0<\/strong><\/div>\n<div>\u00a0<\/div>\n<p>[\/et_pb_text][et_pb_text admin_label=\u00bbAutor (Texto)\u00bb _builder_version=\u00bb4.17.4&#8243; text_font=\u00bb||on||\u00bb hover_enabled=\u00bb0&#8243; global_colors_info=\u00bb{}\u00bb theme_builder_area=\u00bbpost_content\u00bb sticky_enabled=\u00bb0&#8243;]<\/p>\n<p>Miguel Mart\u00ednez<\/p>\n<p>[\/et_pb_text][et_pb_text admin_label=\u00bbDesarrollo (Texto)\u00bb _builder_version=\u00bb4.17.4&#8243; text_orientation=\u00bbjustified\u00bb module_alignment=\u00bbjustified\u00bb hover_enabled=\u00bb0&#8243; global_colors_info=\u00bb{}\u00bb theme_builder_area=\u00bbpost_content\u00bb sticky_enabled=\u00bb0&#8243;]<\/p>\n<p>Este d\u00eda estuvo repleto de unas maravillosas interpretaciones por parte de nuestros alumnos y alumnas. El esfuerzo, el trabajo constante y sacrificio de estos int\u00e9rpretes unido al amor por este arte llamado m\u00fasica, hizo posible que todo el p\u00fablico disfrutara de esa primera gran audici\u00f3n.<\/p>\n<p>Dieron las gracias al Colegio Salesiano, en especial a Juan Peris por su apoyo incondicional con este proyecto, y tambi\u00e9n a la Escuela de m\u00fasica Cra. Fuente San Luis por todo su trabajo.<\/p>\n<p>El camino no ha hecho m\u00e1s que empezar y esperemos poder ver muchas m\u00e1s actuaciones tan esplendidas como \u00e9sta primera.<\/p>\n<p>\u00a1Nos mueve la Esperanza!<\/p>\n<p>[\/et_pb_text][et_pb_text disabled_on=\u00bboff|on|on\u00bb admin_label=\u00bbT\u00edtulo: Galer\u00eda de fotos (Texto)\u00bb _builder_version=\u00bb4.16&#8243; text_font=\u00bb|on|||\u00bb text_text_color=\u00bb#dc001b\u00bb border_style=\u00bbsolid\u00bb global_colors_info=\u00bb{}\u00bb theme_builder_area=\u00bbpost_content\u00bb]Galer\u00eda de im\u00e1genes<br \/>\n[\/et_pb_text][et_pb_gallery gallery_ids=\u00bb17492,17493,17494,17495,17496&#8243; posts_number=\u00bb8&#8243; show_title_and_caption=\u00bboff\u00bb zoom_icon_color=\u00bb#dc001b\u00bb hover_icon=\u00bb&#x54;||divi||400&#8243; disabled_on=\u00bboff|off|off\u00bb _builder_version=\u00bb4.17.4&#8243; hover_enabled=\u00bb0&#8243; pagination_font_size_tablet=\u00bb51&#8243; pagination_line_height_tablet=\u00bb2&#8243; global_colors_info=\u00bb{}\u00bb theme_builder_area=\u00bbpost_content\u00bb sticky_enabled=\u00bb0&#8243;][\/et_pb_gallery][et_pb_video disabled_on=\u00bbon|on|on\u00bb _builder_version=\u00bb4.16&#8243; disabled=\u00bbon\u00bb global_colors_info=\u00bb{}\u00bb theme_builder_area=\u00bbpost_content\u00bb][\/et_pb_video][\/et_pb_column][\/et_pb_row][\/et_pb_section]<\/p>\n<!-- AddThis Advanced Settings generic via filter on the_content --><!-- AddThis Share Buttons generic via filter on the_content -->","protected":false},"excerpt":{"rendered":"<p>El pasado 30 de mayo, se celebr\u00f3 la primera audici\u00f3n de los alumnos de la Escuela de \u00a0m\u00fasica Bartolom\u00e9 Garelli.\u00a0 \u00a0Miguel Mart\u00ednezEste d\u00eda estuvo repleto de unas maravillosas interpretaciones por parte de nuestros alumnos y alumnas. El esfuerzo, el trabajo constante y sacrificio de estos int\u00e9rpretes unido al amor por este arte llamado m\u00fasica, hizo [&hellip;]<\/p>\n<p><!-- AddThis Advanced Settings generic via filter on get_the_excerpt --><!-- AddThis Share Buttons generic via filter on get_the_excerpt --><\/p>\n","protected":false},"author":14,"featured_media":17496,"comment_status":"closed","ping_status":"open","sticky":false,"template":"","format":"standard","meta":{"_et_pb_use_builder":"on","_et_pb_old_content":"","_et_gb_content_width":"","footnotes":""},"categories":[14,1],"tags":[],"class_list":["post-17489","post","type-post","status-publish","format-standard","has-post-thumbnail","hentry","category-noticia_colegio","category-uncategorized"],"yoast_head":"<!-- This site is optimized with the Yoast SEO plugin v28.4 - https:\/\/yoast.com\/product\/yoast-seo-wordpress\/ -->\n<title>Primeros pasos de la Escuela de m\u00fasica Bartolom\u00e9 Garelli - Colegio San Juan Bosco Valencia<\/title>\n<meta name=\"robots\" content=\"index, follow, max-snippet:-1, max-image-preview:large, max-video-preview:-1\" \/>\n<link rel=\"canonical\" href=\"https:\/\/valenciasjb.salesianos.edu\/colegio\/primeros-pasos-de-la-escuela-de-musica-bartolome-garelli\/\" \/>\n<meta property=\"og:locale\" content=\"es_ES\" \/>\n<meta property=\"og:type\" content=\"article\" \/>\n<meta property=\"og:title\" content=\"Primeros pasos de la Escuela de m\u00fasica Bartolom\u00e9 Garelli - Colegio San Juan Bosco Valencia\" \/>\n<meta property=\"og:description\" content=\"El pasado 30 de mayo, se celebr\u00f3 la primera audici\u00f3n de los alumnos de la Escuela de \u00a0m\u00fasica Bartolom\u00e9 Garelli.\u00a0 \u00a0Miguel Mart\u00ednezEste d\u00eda estuvo repleto de unas maravillosas interpretaciones por parte de nuestros alumnos y alumnas. El esfuerzo, el trabajo constante y sacrificio de estos int\u00e9rpretes unido al amor por este arte llamado m\u00fasica, hizo [&hellip;]\" \/>\n<meta property=\"og:url\" content=\"https:\/\/valenciasjb.salesianos.edu\/colegio\/primeros-pasos-de-la-escuela-de-musica-bartolome-garelli\/\" \/>\n<meta property=\"og:site_name\" content=\"Colegio San Juan Bosco Valencia\" \/>\n<meta property=\"article:publisher\" content=\"https:\/\/www.facebook.com\/ColegioSalesianoSanJuanBoscoValencia\" \/>\n<meta property=\"article:published_time\" content=\"2022-06-09T14:42:01+00:00\" \/>\n<meta property=\"article:modified_time\" content=\"2022-06-09T14:42:05+00:00\" \/>\n<meta property=\"og:image\" content=\"https:\/\/valenciasjb.salesianos.edu\/colegio\/wp-content\/uploads\/sites\/2\/2022\/06\/1653942605450.jpg\" \/>\n\t<meta property=\"og:image:width\" content=\"1305\" \/>\n\t<meta property=\"og:image:height\" content=\"974\" \/>\n\t<meta property=\"og:image:type\" content=\"image\/jpeg\" \/>\n<meta name=\"author\" content=\"Andrea Gimeno\" \/>\n<meta name=\"twitter:card\" content=\"summary_large_image\" \/>\n<meta name=\"twitter:creator\" content=\"@SalesianosVSJB\" \/>\n<meta name=\"twitter:site\" content=\"@SalesianosVSJB\" \/>\n<meta name=\"twitter:label1\" content=\"Escrito por\" \/>\n\t<meta name=\"twitter:data1\" content=\"Andrea Gimeno\" \/>\n\t<meta name=\"twitter:label2\" content=\"Tiempo de lectura\" \/>\n\t<meta name=\"twitter:data2\" content=\"1 minuto\" \/>\n<script type=\"application\/ld+json\" class=\"yoast-schema-graph\">{\"@context\":\"https:\\\/\\\/schema.org\",\"@graph\":[{\"@type\":\"Article\",\"@id\":\"https:\\\/\\\/valenciasjb.salesianos.edu\\\/colegio\\\/primeros-pasos-de-la-escuela-de-musica-bartolome-garelli\\\/#article\",\"isPartOf\":{\"@id\":\"https:\\\/\\\/valenciasjb.salesianos.edu\\\/colegio\\\/primeros-pasos-de-la-escuela-de-musica-bartolome-garelli\\\/\"},\"author\":{\"name\":\"Andrea Gimeno\",\"@id\":\"https:\\\/\\\/valenciasjb.salesianos.edu\\\/colegio\\\/#\\\/schema\\\/person\\\/86dc674b625f6f68f88872bb794e6cf1\"},\"headline\":\"Primeros pasos de la Escuela de m\u00fasica Bartolom\u00e9 Garelli\",\"datePublished\":\"2022-06-09T14:42:01+00:00\",\"dateModified\":\"2022-06-09T14:42:05+00:00\",\"mainEntityOfPage\":{\"@id\":\"https:\\\/\\\/valenciasjb.salesianos.edu\\\/colegio\\\/primeros-pasos-de-la-escuela-de-musica-bartolome-garelli\\\/\"},\"wordCount\":427,\"image\":{\"@id\":\"https:\\\/\\\/valenciasjb.salesianos.edu\\\/colegio\\\/primeros-pasos-de-la-escuela-de-musica-bartolome-garelli\\\/#primaryimage\"},\"thumbnailUrl\":\"https:\\\/\\\/valenciasjb.salesianos.edu\\\/colegio\\\/wp-content\\\/uploads\\\/sites\\\/2\\\/2022\\\/06\\\/1653942605450.jpg\",\"articleSection\":[\"Noticia Colegio\",\"Uncategorized\"],\"inLanguage\":\"es\"},{\"@type\":\"WebPage\",\"@id\":\"https:\\\/\\\/valenciasjb.salesianos.edu\\\/colegio\\\/primeros-pasos-de-la-escuela-de-musica-bartolome-garelli\\\/\",\"url\":\"https:\\\/\\\/valenciasjb.salesianos.edu\\\/colegio\\\/primeros-pasos-de-la-escuela-de-musica-bartolome-garelli\\\/\",\"name\":\"Primeros pasos de la Escuela de m\u00fasica Bartolom\u00e9 Garelli - Colegio San Juan Bosco Valencia\",\"isPartOf\":{\"@id\":\"https:\\\/\\\/valenciasjb.salesianos.edu\\\/colegio\\\/#website\"},\"primaryImageOfPage\":{\"@id\":\"https:\\\/\\\/valenciasjb.salesianos.edu\\\/colegio\\\/primeros-pasos-de-la-escuela-de-musica-bartolome-garelli\\\/#primaryimage\"},\"image\":{\"@id\":\"https:\\\/\\\/valenciasjb.salesianos.edu\\\/colegio\\\/primeros-pasos-de-la-escuela-de-musica-bartolome-garelli\\\/#primaryimage\"},\"thumbnailUrl\":\"https:\\\/\\\/valenciasjb.salesianos.edu\\\/colegio\\\/wp-content\\\/uploads\\\/sites\\\/2\\\/2022\\\/06\\\/1653942605450.jpg\",\"datePublished\":\"2022-06-09T14:42:01+00:00\",\"dateModified\":\"2022-06-09T14:42:05+00:00\",\"author\":{\"@id\":\"https:\\\/\\\/valenciasjb.salesianos.edu\\\/colegio\\\/#\\\/schema\\\/person\\\/86dc674b625f6f68f88872bb794e6cf1\"},\"breadcrumb\":{\"@id\":\"https:\\\/\\\/valenciasjb.salesianos.edu\\\/colegio\\\/primeros-pasos-de-la-escuela-de-musica-bartolome-garelli\\\/#breadcrumb\"},\"inLanguage\":\"es\",\"potentialAction\":[{\"@type\":\"ReadAction\",\"target\":[\"https:\\\/\\\/valenciasjb.salesianos.edu\\\/colegio\\\/primeros-pasos-de-la-escuela-de-musica-bartolome-garelli\\\/\"]}]},{\"@type\":\"ImageObject\",\"inLanguage\":\"es\",\"@id\":\"https:\\\/\\\/valenciasjb.salesianos.edu\\\/colegio\\\/primeros-pasos-de-la-escuela-de-musica-bartolome-garelli\\\/#primaryimage\",\"url\":\"https:\\\/\\\/valenciasjb.salesianos.edu\\\/colegio\\\/wp-content\\\/uploads\\\/sites\\\/2\\\/2022\\\/06\\\/1653942605450.jpg\",\"contentUrl\":\"https:\\\/\\\/valenciasjb.salesianos.edu\\\/colegio\\\/wp-content\\\/uploads\\\/sites\\\/2\\\/2022\\\/06\\\/1653942605450.jpg\",\"width\":1305,\"height\":974},{\"@type\":\"BreadcrumbList\",\"@id\":\"https:\\\/\\\/valenciasjb.salesianos.edu\\\/colegio\\\/primeros-pasos-de-la-escuela-de-musica-bartolome-garelli\\\/#breadcrumb\",\"itemListElement\":[{\"@type\":\"ListItem\",\"position\":1,\"name\":\"Portada\",\"item\":\"https:\\\/\\\/valenciasjb.salesianos.edu\\\/colegio\\\/\"},{\"@type\":\"ListItem\",\"position\":2,\"name\":\"Primeros pasos de la Escuela de m\u00fasica Bartolom\u00e9 Garelli\"}]},{\"@type\":\"WebSite\",\"@id\":\"https:\\\/\\\/valenciasjb.salesianos.edu\\\/colegio\\\/#website\",\"url\":\"https:\\\/\\\/valenciasjb.salesianos.edu\\\/colegio\\\/\",\"name\":\"Colegio San Juan Bosco Valencia\",\"description\":\"P\u00e1gina oficial del Colegio Salesianos San Juan Bosco Valencia\",\"alternateName\":\"Salesianos.VSJB\",\"potentialAction\":[{\"@type\":\"SearchAction\",\"target\":{\"@type\":\"EntryPoint\",\"urlTemplate\":\"https:\\\/\\\/valenciasjb.salesianos.edu\\\/colegio\\\/?s={search_term_string}\"},\"query-input\":{\"@type\":\"PropertyValueSpecification\",\"valueRequired\":true,\"valueName\":\"search_term_string\"}}],\"inLanguage\":\"es\"},{\"@type\":\"Person\",\"@id\":\"https:\\\/\\\/valenciasjb.salesianos.edu\\\/colegio\\\/#\\\/schema\\\/person\\\/86dc674b625f6f68f88872bb794e6cf1\",\"name\":\"Andrea Gimeno\",\"image\":{\"@type\":\"ImageObject\",\"inLanguage\":\"es\",\"@id\":\"https:\\\/\\\/secure.gravatar.com\\\/avatar\\\/05fb909788254678d737fffb74ea7910e552935c65650cba653de83762c6278d?s=96&d=mm&r=g\",\"url\":\"https:\\\/\\\/secure.gravatar.com\\\/avatar\\\/05fb909788254678d737fffb74ea7910e552935c65650cba653de83762c6278d?s=96&d=mm&r=g\",\"contentUrl\":\"https:\\\/\\\/secure.gravatar.com\\\/avatar\\\/05fb909788254678d737fffb74ea7910e552935c65650cba653de83762c6278d?s=96&d=mm&r=g\",\"caption\":\"Andrea Gimeno\"}}]}<\/script>\n<!-- \/ Yoast SEO plugin. -->","yoast_head_json":{"title":"Primeros pasos de la Escuela de m\u00fasica Bartolom\u00e9 Garelli - Colegio San Juan Bosco Valencia","robots":{"index":"index","follow":"follow","max-snippet":"max-snippet:-1","max-image-preview":"max-image-preview:large","max-video-preview":"max-video-preview:-1"},"canonical":"https:\/\/valenciasjb.salesianos.edu\/colegio\/primeros-pasos-de-la-escuela-de-musica-bartolome-garelli\/","og_locale":"es_ES","og_type":"article","og_title":"Primeros pasos de la Escuela de m\u00fasica Bartolom\u00e9 Garelli - Colegio San Juan Bosco Valencia","og_description":"El pasado 30 de mayo, se celebr\u00f3 la primera audici\u00f3n de los alumnos de la Escuela de \u00a0m\u00fasica Bartolom\u00e9 Garelli.\u00a0 \u00a0Miguel Mart\u00ednezEste d\u00eda estuvo repleto de unas maravillosas interpretaciones por parte de nuestros alumnos y alumnas. El esfuerzo, el trabajo constante y sacrificio de estos int\u00e9rpretes unido al amor por este arte llamado m\u00fasica, hizo [&hellip;]","og_url":"https:\/\/valenciasjb.salesianos.edu\/colegio\/primeros-pasos-de-la-escuela-de-musica-bartolome-garelli\/","og_site_name":"Colegio San Juan Bosco Valencia","article_publisher":"https:\/\/www.facebook.com\/ColegioSalesianoSanJuanBoscoValencia","article_published_time":"2022-06-09T14:42:01+00:00","article_modified_time":"2022-06-09T14:42:05+00:00","og_image":[{"width":1305,"height":974,"url":"https:\/\/valenciasjb.salesianos.edu\/colegio\/wp-content\/uploads\/sites\/2\/2022\/06\/1653942605450.jpg","type":"image\/jpeg"}],"author":"Andrea Gimeno","twitter_card":"summary_large_image","twitter_creator":"@SalesianosVSJB","twitter_site":"@SalesianosVSJB","twitter_misc":{"Escrito por":"Andrea Gimeno","Tiempo de lectura":"1 minuto"},"schema":{"@context":"https:\/\/schema.org","@graph":[{"@type":"Article","@id":"https:\/\/valenciasjb.salesianos.edu\/colegio\/primeros-pasos-de-la-escuela-de-musica-bartolome-garelli\/#article","isPartOf":{"@id":"https:\/\/valenciasjb.salesianos.edu\/colegio\/primeros-pasos-de-la-escuela-de-musica-bartolome-garelli\/"},"author":{"name":"Andrea Gimeno","@id":"https:\/\/valenciasjb.salesianos.edu\/colegio\/#\/schema\/person\/86dc674b625f6f68f88872bb794e6cf1"},"headline":"Primeros pasos de la Escuela de m\u00fasica Bartolom\u00e9 Garelli","datePublished":"2022-06-09T14:42:01+00:00","dateModified":"2022-06-09T14:42:05+00:00","mainEntityOfPage":{"@id":"https:\/\/valenciasjb.salesianos.edu\/colegio\/primeros-pasos-de-la-escuela-de-musica-bartolome-garelli\/"},"wordCount":427,"image":{"@id":"https:\/\/valenciasjb.salesianos.edu\/colegio\/primeros-pasos-de-la-escuela-de-musica-bartolome-garelli\/#primaryimage"},"thumbnailUrl":"https:\/\/valenciasjb.salesianos.edu\/colegio\/wp-content\/uploads\/sites\/2\/2022\/06\/1653942605450.jpg","articleSection":["Noticia Colegio","Uncategorized"],"inLanguage":"es"},{"@type":"WebPage","@id":"https:\/\/valenciasjb.salesianos.edu\/colegio\/primeros-pasos-de-la-escuela-de-musica-bartolome-garelli\/","url":"https:\/\/valenciasjb.salesianos.edu\/colegio\/primeros-pasos-de-la-escuela-de-musica-bartolome-garelli\/","name":"Primeros pasos de la Escuela de m\u00fasica Bartolom\u00e9 Garelli - Colegio San Juan Bosco Valencia","isPartOf":{"@id":"https:\/\/valenciasjb.salesianos.edu\/colegio\/#website"},"primaryImageOfPage":{"@id":"https:\/\/valenciasjb.salesianos.edu\/colegio\/primeros-pasos-de-la-escuela-de-musica-bartolome-garelli\/#primaryimage"},"image":{"@id":"https:\/\/valenciasjb.salesianos.edu\/colegio\/primeros-pasos-de-la-escuela-de-musica-bartolome-garelli\/#primaryimage"},"thumbnailUrl":"https:\/\/valenciasjb.salesianos.edu\/colegio\/wp-content\/uploads\/sites\/2\/2022\/06\/1653942605450.jpg","datePublished":"2022-06-09T14:42:01+00:00","dateModified":"2022-06-09T14:42:05+00:00","author":{"@id":"https:\/\/valenciasjb.salesianos.edu\/colegio\/#\/schema\/person\/86dc674b625f6f68f88872bb794e6cf1"},"breadcrumb":{"@id":"https:\/\/valenciasjb.salesianos.edu\/colegio\/primeros-pasos-de-la-escuela-de-musica-bartolome-garelli\/#breadcrumb"},"inLanguage":"es","potentialAction":[{"@type":"ReadAction","target":["https:\/\/valenciasjb.salesianos.edu\/colegio\/primeros-pasos-de-la-escuela-de-musica-bartolome-garelli\/"]}]},{"@type":"ImageObject","inLanguage":"es","@id":"https:\/\/valenciasjb.salesianos.edu\/colegio\/primeros-pasos-de-la-escuela-de-musica-bartolome-garelli\/#primaryimage","url":"https:\/\/valenciasjb.salesianos.edu\/colegio\/wp-content\/uploads\/sites\/2\/2022\/06\/1653942605450.jpg","contentUrl":"https:\/\/valenciasjb.salesianos.edu\/colegio\/wp-content\/uploads\/sites\/2\/2022\/06\/1653942605450.jpg","width":1305,"height":974},{"@type":"BreadcrumbList","@id":"https:\/\/valenciasjb.salesianos.edu\/colegio\/primeros-pasos-de-la-escuela-de-musica-bartolome-garelli\/#breadcrumb","itemListElement":[{"@type":"ListItem","position":1,"name":"Portada","item":"https:\/\/valenciasjb.salesianos.edu\/colegio\/"},{"@type":"ListItem","position":2,"name":"Primeros pasos de la Escuela de m\u00fasica Bartolom\u00e9 Garelli"}]},{"@type":"WebSite","@id":"https:\/\/valenciasjb.salesianos.edu\/colegio\/#website","url":"https:\/\/valenciasjb.salesianos.edu\/colegio\/","name":"Colegio San Juan Bosco Valencia","description":"P\u00e1gina oficial del Colegio Salesianos San Juan Bosco Valencia","alternateName":"Salesianos.VSJB","potentialAction":[{"@type":"SearchAction","target":{"@type":"EntryPoint","urlTemplate":"https:\/\/valenciasjb.salesianos.edu\/colegio\/?s={search_term_string}"},"query-input":{"@type":"PropertyValueSpecification","valueRequired":true,"valueName":"search_term_string"}}],"inLanguage":"es"},{"@type":"Person","@id":"https:\/\/valenciasjb.salesianos.edu\/colegio\/#\/schema\/person\/86dc674b625f6f68f88872bb794e6cf1","name":"Andrea Gimeno","image":{"@type":"ImageObject","inLanguage":"es","@id":"https:\/\/secure.gravatar.com\/avatar\/05fb909788254678d737fffb74ea7910e552935c65650cba653de83762c6278d?s=96&d=mm&r=g","url":"https:\/\/secure.gravatar.com\/avatar\/05fb909788254678d737fffb74ea7910e552935c65650cba653de83762c6278d?s=96&d=mm&r=g","contentUrl":"https:\/\/secure.gravatar.com\/avatar\/05fb909788254678d737fffb74ea7910e552935c65650cba653de83762c6278d?s=96&d=mm&r=g","caption":"Andrea Gimeno"}}]}},"_links":{"self":[{"href":"https:\/\/valenciasjb.salesianos.edu\/colegio\/wp-json\/wp\/v2\/posts\/17489","targetHints":{"allow":["GET"]}}],"collection":[{"href":"https:\/\/valenciasjb.salesianos.edu\/colegio\/wp-json\/wp\/v2\/posts"}],"about":[{"href":"https:\/\/valenciasjb.salesianos.edu\/colegio\/wp-json\/wp\/v2\/types\/post"}],"author":[{"embeddable":true,"href":"https:\/\/valenciasjb.salesianos.edu\/colegio\/wp-json\/wp\/v2\/users\/14"}],"replies":[{"embeddable":true,"href":"https:\/\/valenciasjb.salesianos.edu\/colegio\/wp-json\/wp\/v2\/comments?post=17489"}],"version-history":[{"count":5,"href":"https:\/\/valenciasjb.salesianos.edu\/colegio\/wp-json\/wp\/v2\/posts\/17489\/revisions"}],"predecessor-version":[{"id":17500,"href":"https:\/\/valenciasjb.salesianos.edu\/colegio\/wp-json\/wp\/v2\/posts\/17489\/revisions\/17500"}],"wp:featuredmedia":[{"embeddable":true,"href":"https:\/\/valenciasjb.salesianos.edu\/colegio\/wp-json\/wp\/v2\/media\/17496"}],"wp:attachment":[{"href":"https:\/\/valenciasjb.salesianos.edu\/colegio\/wp-json\/wp\/v2\/media?parent=17489"}],"wp:term":[{"taxonomy":"category","embeddable":true,"href":"https:\/\/valenciasjb.salesianos.edu\/colegio\/wp-json\/wp\/v2\/categories?post=17489"},{"taxonomy":"post_tag","embeddable":true,"href":"https:\/\/valenciasjb.salesianos.edu\/colegio\/wp-json\/wp\/v2\/tags?post=17489"}],"curies":[{"name":"wp","href":"https:\/\/api.w.org\/{rel}","templated":true}]}}