{"id":17502,"date":"2022-06-22T07:42:46","date_gmt":"2022-06-22T06:42:46","guid":{"rendered":"https:\/\/valenciasjb.salesianos.edu\/colegio\/?p=17502"},"modified":"2022-06-22T07:45:44","modified_gmt":"2022-06-22T06:45:44","slug":"el-colegio-participa-como-centro-anfitrion-en-la-experiencia-imou-te-promovida-por-la-conselleria-de-educacion","status":"publish","type":"post","link":"https:\/\/valenciasjb.salesianos.edu\/colegio\/el-colegio-participa-como-centro-anfitrion-en-la-experiencia-imou-te-promovida-por-la-conselleria-de-educacion\/","title":{"rendered":"El colegio participa como centro anfitri\u00f3n en la experiencia \u201ciMou-te\u201d promovida por la Conselleria de Educaci\u00f3n"},"content":{"rendered":"<div id=\"fb-root\"><\/div>\n<p>[et_pb_section fb_built=\u00bb1&#8243; admin_label=\u00bbsection\u00bb _builder_version=\u00bb4.16&#8243; global_colors_info=\u00bb{}\u00bb][et_pb_row admin_label=\u00bbrow\u00bb _builder_version=\u00bb4.16&#8243; background_size=\u00bbinitial\u00bb background_position=\u00bbtop_left\u00bb background_repeat=\u00bbrepeat\u00bb global_colors_info=\u00bb{}\u00bb][et_pb_column type=\u00bb4_4&#8243; _builder_version=\u00bb4.16&#8243; custom_padding=\u00bb|||\u00bb global_colors_info=\u00bb{}\u00bb custom_padding__hover=\u00bb|||\u00bb][et_pb_text admin_label=\u00bbEntradilla (Texto)\u00bb _builder_version=\u00bb4.17.4&#8243; text_font=\u00bb|on|||\u00bb text_orientation=\u00bbjustified\u00bb module_alignment=\u00bbjustified\u00bb global_colors_info=\u00bb{}\u00bb]<\/p>\n<div id=\"resumen\">\n<p><span style=\"font-weight: 400\">Finalizada la experiencia \u201ciMou-te\u201d<\/span> <span style=\"font-weight: 400\">promovida por la Conselleria de Educaci\u00f3n y en la que nuestro colegio forma parte como centro anfitri\u00f3n para acoger a docentes de otros colegios interesados en nuestro proyecto global (PIIE) \u201cSomRiu, una experiencia de educaci\u00f3n emocional y meditaci\u00f3n\u201d, compartimos con vosotros el \u00e9xito de la experiencia intercambiada con el colegio Sagrado Coraz\u00f3n de Meliana.<\/span><\/p>\n<\/div>\n<div>\u00a0<\/div>\n<p>[\/et_pb_text][et_pb_text admin_label=\u00bbAutor (Texto)\u00bb _builder_version=\u00bb4.17.4&#8243; text_font=\u00bb||on||\u00bb hover_enabled=\u00bb0&#8243; global_colors_info=\u00bb{}\u00bb sticky_enabled=\u00bb0&#8243;]<\/p>\n<p>Iv\u00e1n Esteban.<\/p>\n<p>[\/et_pb_text][et_pb_text admin_label=\u00bbDesarrollo (Texto)\u00bb _builder_version=\u00bb4.17.4&#8243; text_orientation=\u00bbjustified\u00bb module_alignment=\u00bbjustified\u00bb global_colors_info=\u00bb{}\u00bb]<\/p>\n<p><span style=\"font-weight: 400\">La orientadora, la responsable de Audici\u00f3n y Lenguaje y la maestra de Pedagog\u00eda Terap\u00e9utica de este colegio, participaron de dos jornadas organizadas por Iv\u00e1n Esteban y Mireia Fuster para darles a conocer nuestro programa implantado en todas las etapas. Pudieron participar en una sesi\u00f3n de formaci\u00f3n con otros docentes de nuestro colegio, as\u00ed como ver en directo una sesi\u00f3n pr\u00e1ctica en Primaria, hablar con distintos agentes educativos responsables en activo implicados en la puesta en pr\u00e1ctica de dicho Programa y recibir una transmisi\u00f3n de conocimientos, experiencias y materiales diversos.<\/span><\/p>\n<p><span style=\"font-weight: 400\">\u00c9stas han sido sus valoraciones:<\/span><\/p>\n<p><span style=\"font-weight: 400\">G.P.: <\/span><i><span style=\"font-weight: 400\">\u201cPrimero de todo, agradecer el trato que hemos tenido, muy individualizado y preciso. Todos nos hab\u00e9is acogido con las mejores de las sonrisas y super atentos, por eso os damos la enhorabuena.<\/span><\/i><\/p>\n<p><i><span style=\"font-weight: 400\">En cuanto a la experiencia pr\u00e1ctica del programa \u201cSomRiu\u201d junto a los profesores, fue un gozo observar los resultados que poco a poco se han ido labrando en cada uno de los profesionales. Tambi\u00e9n nos hicisteis sentir como si fu\u00e9ramos parte del Claustro.<\/span><\/i><\/p>\n<p><i><span style=\"font-weight: 400\">Es un programa muy interesante, que cuenta con una clave que es la previa interiorizaci\u00f3n de lo que es la meditaci\u00f3n, para luego, poder ense\u00f1arla. Adem\u00e1s de reforzar aptitudes como la concentraci\u00f3n y la atenci\u00f3n plena, el alumnado tiene la oportunidad de conectar con uno mismo, conocer y gestionar sus emociones, tanto positivas como negativas. Dando un gran abanico de oportunidades a la predisposici\u00f3n ante tareas, conflictos y la vida.<\/span><\/i><\/p>\n<p><i><span style=\"font-weight: 400\">Destacar la buena acogida y servicio de vuestro cole. La experiencia de esta iniciativa incita a poder crear esto en nuestras pr\u00e1cticas docentes futuras.\u201d<\/span><\/i><\/p>\n<p><span style=\"font-weight: 400\">M.G.: <\/span><i><span style=\"font-weight: 400\">\u00abGracias a la actividad de formaci\u00f3n del profesorado iMou-te, tuvimos la suerte de conocer a Iv\u00e1n, Mireia y Jorge. Dos docentes y un colaborador del Colegio Salesianos San Juan Bosco. A lo largo de la ma\u00f1ana nos explicaron al detalle, qu\u00e9 es, c\u00f3mo se est\u00e1 llevando a cabo y hacia d\u00f3nde va su programa de Educaci\u00f3n Emocional y Mindfulness SomRiu. Tambi\u00e9n tuvimos la oportunidad de presenciar una de las sesiones impartidas por Mireia a un grupo de alumnos de 2\u00ba primaria. Gracias a los tres, por vuestra acogida y por vuestra generosidad al compartir con nosotras vuestro gran trabajo y vuestros evidentes logros. Gracias tambi\u00e9n a la Direcci\u00f3n del colegio, a los ni\u00f1os\/as de segundo y a su tutor. La ma\u00f1ana super\u00f3 ampliamente nuestras expectativas. Fue muy inspiradora. Un gran placer\u00bb.<\/span><\/i><\/p>\n<p>[\/et_pb_text][et_pb_text disabled_on=\u00bboff|on|on\u00bb admin_label=\u00bbT\u00edtulo: Galer\u00eda de fotos (Texto)\u00bb _builder_version=\u00bb4.16&#8243; text_font=\u00bb|on|||\u00bb text_text_color=\u00bb#dc001b\u00bb border_style=\u00bbsolid\u00bb global_colors_info=\u00bb{}\u00bb]Galer\u00eda de im\u00e1genes<br \/>\n[\/et_pb_text][et_pb_gallery gallery_ids=\u00bb17611,17612,17613,17614,17610,17609&#8243; posts_number=\u00bb8&#8243; show_title_and_caption=\u00bboff\u00bb zoom_icon_color=\u00bb#dc001b\u00bb hover_icon=\u00bb&#x54;||divi||400&#8243; disabled_on=\u00bboff|off|off\u00bb _builder_version=\u00bb4.17.4&#8243; pagination_font_size_tablet=\u00bb51&#8243; pagination_line_height_tablet=\u00bb2&#8243; global_colors_info=\u00bb{}\u00bb][\/et_pb_gallery][et_pb_video disabled_on=\u00bbon|on|on\u00bb _builder_version=\u00bb4.16&#8243; disabled=\u00bbon\u00bb global_colors_info=\u00bb{}\u00bb][\/et_pb_video][\/et_pb_column][\/et_pb_row][\/et_pb_section]<\/p>\n<!-- AddThis Advanced Settings generic via filter on the_content --><!-- AddThis Share Buttons generic via filter on the_content -->","protected":false},"excerpt":{"rendered":"<p>Finalizada la experiencia \u201ciMou-te\u201d promovida por la Conselleria de Educaci\u00f3n y en la que nuestro colegio forma parte como centro anfitri\u00f3n para acoger a docentes de otros colegios interesados en nuestro proyecto global (PIIE) \u201cSomRiu, una experiencia de educaci\u00f3n emocional y meditaci\u00f3n\u201d, compartimos con vosotros el \u00e9xito de la experiencia intercambiada con el colegio Sagrado [&hellip;]<\/p>\n<p><!-- AddThis Advanced Settings generic via filter on get_the_excerpt --><!-- AddThis Share Buttons generic via filter on get_the_excerpt --><\/p>\n","protected":false},"author":6,"featured_media":17614,"comment_status":"closed","ping_status":"open","sticky":false,"template":"","format":"standard","meta":{"_et_pb_use_builder":"on","_et_pb_old_content":"","_et_gb_content_width":"","footnotes":""},"categories":[14],"tags":[],"class_list":["post-17502","post","type-post","status-publish","format-standard","has-post-thumbnail","hentry","category-noticia_colegio"],"yoast_head":"<!-- This site is optimized with the Yoast SEO plugin v28.4 - https:\/\/yoast.com\/product\/yoast-seo-wordpress\/ -->\n<title>El colegio participa como centro anfitri\u00f3n en la experiencia \u201ciMou-te\u201d promovida por la Conselleria de Educaci\u00f3n - Colegio San Juan Bosco Valencia<\/title>\n<meta name=\"robots\" content=\"index, follow, max-snippet:-1, max-image-preview:large, max-video-preview:-1\" \/>\n<link rel=\"canonical\" href=\"https:\/\/valenciasjb.salesianos.edu\/colegio\/el-colegio-participa-como-centro-anfitrion-en-la-experiencia-imou-te-promovida-por-la-conselleria-de-educacion\/\" \/>\n<meta property=\"og:locale\" content=\"es_ES\" \/>\n<meta property=\"og:type\" content=\"article\" \/>\n<meta property=\"og:title\" content=\"El colegio participa como centro anfitri\u00f3n en la experiencia \u201ciMou-te\u201d promovida por la Conselleria de Educaci\u00f3n - Colegio San Juan Bosco Valencia\" \/>\n<meta property=\"og:description\" content=\"Finalizada la experiencia \u201ciMou-te\u201d promovida por la Conselleria de Educaci\u00f3n y en la que nuestro colegio forma parte como centro anfitri\u00f3n para acoger a docentes de otros colegios interesados en nuestro proyecto global (PIIE) \u201cSomRiu, una experiencia de educaci\u00f3n emocional y meditaci\u00f3n\u201d, compartimos con vosotros el \u00e9xito de la experiencia intercambiada con el colegio Sagrado [&hellip;]\" \/>\n<meta property=\"og:url\" content=\"https:\/\/valenciasjb.salesianos.edu\/colegio\/el-colegio-participa-como-centro-anfitrion-en-la-experiencia-imou-te-promovida-por-la-conselleria-de-educacion\/\" \/>\n<meta property=\"og:site_name\" content=\"Colegio San Juan Bosco Valencia\" \/>\n<meta property=\"article:publisher\" content=\"https:\/\/www.facebook.com\/ColegioSalesianoSanJuanBoscoValencia\" \/>\n<meta property=\"article:published_time\" content=\"2022-06-22T06:42:46+00:00\" \/>\n<meta property=\"article:modified_time\" content=\"2022-06-22T06:45:44+00:00\" \/>\n<meta property=\"og:image\" content=\"https:\/\/valenciasjb.salesianos.edu\/colegio\/wp-content\/uploads\/sites\/2\/2022\/06\/IMG_20220609_084258.jpg\" \/>\n\t<meta property=\"og:image:width\" content=\"800\" \/>\n\t<meta property=\"og:image:height\" content=\"599\" \/>\n\t<meta property=\"og:image:type\" content=\"image\/jpeg\" \/>\n<meta name=\"author\" content=\"veronicapastor\" \/>\n<meta name=\"twitter:card\" content=\"summary_large_image\" \/>\n<meta name=\"twitter:creator\" content=\"@SalesianosVSJB\" \/>\n<meta name=\"twitter:site\" content=\"@SalesianosVSJB\" \/>\n<meta name=\"twitter:label1\" content=\"Escrito por\" \/>\n\t<meta name=\"twitter:data1\" content=\"veronicapastor\" \/>\n\t<meta name=\"twitter:label2\" content=\"Tiempo de lectura\" \/>\n\t<meta name=\"twitter:data2\" content=\"4 minutos\" \/>\n<script type=\"application\/ld+json\" class=\"yoast-schema-graph\">{\"@context\":\"https:\\\/\\\/schema.org\",\"@graph\":[{\"@type\":\"Article\",\"@id\":\"https:\\\/\\\/valenciasjb.salesianos.edu\\\/colegio\\\/el-colegio-participa-como-centro-anfitrion-en-la-experiencia-imou-te-promovida-por-la-conselleria-de-educacion\\\/#article\",\"isPartOf\":{\"@id\":\"https:\\\/\\\/valenciasjb.salesianos.edu\\\/colegio\\\/el-colegio-participa-como-centro-anfitrion-en-la-experiencia-imou-te-promovida-por-la-conselleria-de-educacion\\\/\"},\"author\":{\"name\":\"veronicapastor\",\"@id\":\"https:\\\/\\\/valenciasjb.salesianos.edu\\\/colegio\\\/#\\\/schema\\\/person\\\/1f45b67e52b27da175190a574db6bed9\"},\"headline\":\"El colegio participa como centro anfitri\u00f3n en la experiencia \u201ciMou-te\u201d promovida por la Conselleria de Educaci\u00f3n\",\"datePublished\":\"2022-06-22T06:42:46+00:00\",\"dateModified\":\"2022-06-22T06:45:44+00:00\",\"mainEntityOfPage\":{\"@id\":\"https:\\\/\\\/valenciasjb.salesianos.edu\\\/colegio\\\/el-colegio-participa-como-centro-anfitrion-en-la-experiencia-imou-te-promovida-por-la-conselleria-de-educacion\\\/\"},\"wordCount\":740,\"image\":{\"@id\":\"https:\\\/\\\/valenciasjb.salesianos.edu\\\/colegio\\\/el-colegio-participa-como-centro-anfitrion-en-la-experiencia-imou-te-promovida-por-la-conselleria-de-educacion\\\/#primaryimage\"},\"thumbnailUrl\":\"https:\\\/\\\/valenciasjb.salesianos.edu\\\/colegio\\\/wp-content\\\/uploads\\\/sites\\\/2\\\/2022\\\/06\\\/IMG_20220609_084258.jpg\",\"articleSection\":[\"Noticia Colegio\"],\"inLanguage\":\"es\"},{\"@type\":\"WebPage\",\"@id\":\"https:\\\/\\\/valenciasjb.salesianos.edu\\\/colegio\\\/el-colegio-participa-como-centro-anfitrion-en-la-experiencia-imou-te-promovida-por-la-conselleria-de-educacion\\\/\",\"url\":\"https:\\\/\\\/valenciasjb.salesianos.edu\\\/colegio\\\/el-colegio-participa-como-centro-anfitrion-en-la-experiencia-imou-te-promovida-por-la-conselleria-de-educacion\\\/\",\"name\":\"El colegio participa como centro anfitri\u00f3n en la experiencia \u201ciMou-te\u201d promovida por la Conselleria de Educaci\u00f3n - Colegio San Juan Bosco Valencia\",\"isPartOf\":{\"@id\":\"https:\\\/\\\/valenciasjb.salesianos.edu\\\/colegio\\\/#website\"},\"primaryImageOfPage\":{\"@id\":\"https:\\\/\\\/valenciasjb.salesianos.edu\\\/colegio\\\/el-colegio-participa-como-centro-anfitrion-en-la-experiencia-imou-te-promovida-por-la-conselleria-de-educacion\\\/#primaryimage\"},\"image\":{\"@id\":\"https:\\\/\\\/valenciasjb.salesianos.edu\\\/colegio\\\/el-colegio-participa-como-centro-anfitrion-en-la-experiencia-imou-te-promovida-por-la-conselleria-de-educacion\\\/#primaryimage\"},\"thumbnailUrl\":\"https:\\\/\\\/valenciasjb.salesianos.edu\\\/colegio\\\/wp-content\\\/uploads\\\/sites\\\/2\\\/2022\\\/06\\\/IMG_20220609_084258.jpg\",\"datePublished\":\"2022-06-22T06:42:46+00:00\",\"dateModified\":\"2022-06-22T06:45:44+00:00\",\"author\":{\"@id\":\"https:\\\/\\\/valenciasjb.salesianos.edu\\\/colegio\\\/#\\\/schema\\\/person\\\/1f45b67e52b27da175190a574db6bed9\"},\"breadcrumb\":{\"@id\":\"https:\\\/\\\/valenciasjb.salesianos.edu\\\/colegio\\\/el-colegio-participa-como-centro-anfitrion-en-la-experiencia-imou-te-promovida-por-la-conselleria-de-educacion\\\/#breadcrumb\"},\"inLanguage\":\"es\",\"potentialAction\":[{\"@type\":\"ReadAction\",\"target\":[\"https:\\\/\\\/valenciasjb.salesianos.edu\\\/colegio\\\/el-colegio-participa-como-centro-anfitrion-en-la-experiencia-imou-te-promovida-por-la-conselleria-de-educacion\\\/\"]}]},{\"@type\":\"ImageObject\",\"inLanguage\":\"es\",\"@id\":\"https:\\\/\\\/valenciasjb.salesianos.edu\\\/colegio\\\/el-colegio-participa-como-centro-anfitrion-en-la-experiencia-imou-te-promovida-por-la-conselleria-de-educacion\\\/#primaryimage\",\"url\":\"https:\\\/\\\/valenciasjb.salesianos.edu\\\/colegio\\\/wp-content\\\/uploads\\\/sites\\\/2\\\/2022\\\/06\\\/IMG_20220609_084258.jpg\",\"contentUrl\":\"https:\\\/\\\/valenciasjb.salesianos.edu\\\/colegio\\\/wp-content\\\/uploads\\\/sites\\\/2\\\/2022\\\/06\\\/IMG_20220609_084258.jpg\",\"width\":800,\"height\":599},{\"@type\":\"BreadcrumbList\",\"@id\":\"https:\\\/\\\/valenciasjb.salesianos.edu\\\/colegio\\\/el-colegio-participa-como-centro-anfitrion-en-la-experiencia-imou-te-promovida-por-la-conselleria-de-educacion\\\/#breadcrumb\",\"itemListElement\":[{\"@type\":\"ListItem\",\"position\":1,\"name\":\"Portada\",\"item\":\"https:\\\/\\\/valenciasjb.salesianos.edu\\\/colegio\\\/\"},{\"@type\":\"ListItem\",\"position\":2,\"name\":\"El colegio participa como centro anfitri\u00f3n en la experiencia \u201ciMou-te\u201d promovida por la Conselleria de Educaci\u00f3n\"}]},{\"@type\":\"WebSite\",\"@id\":\"https:\\\/\\\/valenciasjb.salesianos.edu\\\/colegio\\\/#website\",\"url\":\"https:\\\/\\\/valenciasjb.salesianos.edu\\\/colegio\\\/\",\"name\":\"Colegio San Juan Bosco Valencia\",\"description\":\"P\u00e1gina oficial del Colegio Salesianos San Juan Bosco Valencia\",\"alternateName\":\"Salesianos.VSJB\",\"potentialAction\":[{\"@type\":\"SearchAction\",\"target\":{\"@type\":\"EntryPoint\",\"urlTemplate\":\"https:\\\/\\\/valenciasjb.salesianos.edu\\\/colegio\\\/?s={search_term_string}\"},\"query-input\":{\"@type\":\"PropertyValueSpecification\",\"valueRequired\":true,\"valueName\":\"search_term_string\"}}],\"inLanguage\":\"es\"},{\"@type\":\"Person\",\"@id\":\"https:\\\/\\\/valenciasjb.salesianos.edu\\\/colegio\\\/#\\\/schema\\\/person\\\/1f45b67e52b27da175190a574db6bed9\",\"name\":\"veronicapastor\",\"image\":{\"@type\":\"ImageObject\",\"inLanguage\":\"es\",\"@id\":\"https:\\\/\\\/secure.gravatar.com\\\/avatar\\\/e29bd40bace3fd935e1d6fdb7313ffc14628cc037c5e16f4c7369b20a2a6f7f0?s=96&d=mm&r=g\",\"url\":\"https:\\\/\\\/secure.gravatar.com\\\/avatar\\\/e29bd40bace3fd935e1d6fdb7313ffc14628cc037c5e16f4c7369b20a2a6f7f0?s=96&d=mm&r=g\",\"contentUrl\":\"https:\\\/\\\/secure.gravatar.com\\\/avatar\\\/e29bd40bace3fd935e1d6fdb7313ffc14628cc037c5e16f4c7369b20a2a6f7f0?s=96&d=mm&r=g\",\"caption\":\"veronicapastor\"}}]}<\/script>\n<!-- \/ Yoast SEO plugin. -->","yoast_head_json":{"title":"El colegio participa como centro anfitri\u00f3n en la experiencia \u201ciMou-te\u201d promovida por la Conselleria de Educaci\u00f3n - Colegio San Juan Bosco Valencia","robots":{"index":"index","follow":"follow","max-snippet":"max-snippet:-1","max-image-preview":"max-image-preview:large","max-video-preview":"max-video-preview:-1"},"canonical":"https:\/\/valenciasjb.salesianos.edu\/colegio\/el-colegio-participa-como-centro-anfitrion-en-la-experiencia-imou-te-promovida-por-la-conselleria-de-educacion\/","og_locale":"es_ES","og_type":"article","og_title":"El colegio participa como centro anfitri\u00f3n en la experiencia \u201ciMou-te\u201d promovida por la Conselleria de Educaci\u00f3n - Colegio San Juan Bosco Valencia","og_description":"Finalizada la experiencia \u201ciMou-te\u201d promovida por la Conselleria de Educaci\u00f3n y en la que nuestro colegio forma parte como centro anfitri\u00f3n para acoger a docentes de otros colegios interesados en nuestro proyecto global (PIIE) \u201cSomRiu, una experiencia de educaci\u00f3n emocional y meditaci\u00f3n\u201d, compartimos con vosotros el \u00e9xito de la experiencia intercambiada con el colegio Sagrado [&hellip;]","og_url":"https:\/\/valenciasjb.salesianos.edu\/colegio\/el-colegio-participa-como-centro-anfitrion-en-la-experiencia-imou-te-promovida-por-la-conselleria-de-educacion\/","og_site_name":"Colegio San Juan Bosco Valencia","article_publisher":"https:\/\/www.facebook.com\/ColegioSalesianoSanJuanBoscoValencia","article_published_time":"2022-06-22T06:42:46+00:00","article_modified_time":"2022-06-22T06:45:44+00:00","og_image":[{"width":800,"height":599,"url":"https:\/\/valenciasjb.salesianos.edu\/colegio\/wp-content\/uploads\/sites\/2\/2022\/06\/IMG_20220609_084258.jpg","type":"image\/jpeg"}],"author":"veronicapastor","twitter_card":"summary_large_image","twitter_creator":"@SalesianosVSJB","twitter_site":"@SalesianosVSJB","twitter_misc":{"Escrito por":"veronicapastor","Tiempo de lectura":"4 minutos"},"schema":{"@context":"https:\/\/schema.org","@graph":[{"@type":"Article","@id":"https:\/\/valenciasjb.salesianos.edu\/colegio\/el-colegio-participa-como-centro-anfitrion-en-la-experiencia-imou-te-promovida-por-la-conselleria-de-educacion\/#article","isPartOf":{"@id":"https:\/\/valenciasjb.salesianos.edu\/colegio\/el-colegio-participa-como-centro-anfitrion-en-la-experiencia-imou-te-promovida-por-la-conselleria-de-educacion\/"},"author":{"name":"veronicapastor","@id":"https:\/\/valenciasjb.salesianos.edu\/colegio\/#\/schema\/person\/1f45b67e52b27da175190a574db6bed9"},"headline":"El colegio participa como centro anfitri\u00f3n en la experiencia \u201ciMou-te\u201d promovida por la Conselleria de Educaci\u00f3n","datePublished":"2022-06-22T06:42:46+00:00","dateModified":"2022-06-22T06:45:44+00:00","mainEntityOfPage":{"@id":"https:\/\/valenciasjb.salesianos.edu\/colegio\/el-colegio-participa-como-centro-anfitrion-en-la-experiencia-imou-te-promovida-por-la-conselleria-de-educacion\/"},"wordCount":740,"image":{"@id":"https:\/\/valenciasjb.salesianos.edu\/colegio\/el-colegio-participa-como-centro-anfitrion-en-la-experiencia-imou-te-promovida-por-la-conselleria-de-educacion\/#primaryimage"},"thumbnailUrl":"https:\/\/valenciasjb.salesianos.edu\/colegio\/wp-content\/uploads\/sites\/2\/2022\/06\/IMG_20220609_084258.jpg","articleSection":["Noticia Colegio"],"inLanguage":"es"},{"@type":"WebPage","@id":"https:\/\/valenciasjb.salesianos.edu\/colegio\/el-colegio-participa-como-centro-anfitrion-en-la-experiencia-imou-te-promovida-por-la-conselleria-de-educacion\/","url":"https:\/\/valenciasjb.salesianos.edu\/colegio\/el-colegio-participa-como-centro-anfitrion-en-la-experiencia-imou-te-promovida-por-la-conselleria-de-educacion\/","name":"El colegio participa como centro anfitri\u00f3n en la experiencia \u201ciMou-te\u201d promovida por la Conselleria de Educaci\u00f3n - Colegio San Juan Bosco Valencia","isPartOf":{"@id":"https:\/\/valenciasjb.salesianos.edu\/colegio\/#website"},"primaryImageOfPage":{"@id":"https:\/\/valenciasjb.salesianos.edu\/colegio\/el-colegio-participa-como-centro-anfitrion-en-la-experiencia-imou-te-promovida-por-la-conselleria-de-educacion\/#primaryimage"},"image":{"@id":"https:\/\/valenciasjb.salesianos.edu\/colegio\/el-colegio-participa-como-centro-anfitrion-en-la-experiencia-imou-te-promovida-por-la-conselleria-de-educacion\/#primaryimage"},"thumbnailUrl":"https:\/\/valenciasjb.salesianos.edu\/colegio\/wp-content\/uploads\/sites\/2\/2022\/06\/IMG_20220609_084258.jpg","datePublished":"2022-06-22T06:42:46+00:00","dateModified":"2022-06-22T06:45:44+00:00","author":{"@id":"https:\/\/valenciasjb.salesianos.edu\/colegio\/#\/schema\/person\/1f45b67e52b27da175190a574db6bed9"},"breadcrumb":{"@id":"https:\/\/valenciasjb.salesianos.edu\/colegio\/el-colegio-participa-como-centro-anfitrion-en-la-experiencia-imou-te-promovida-por-la-conselleria-de-educacion\/#breadcrumb"},"inLanguage":"es","potentialAction":[{"@type":"ReadAction","target":["https:\/\/valenciasjb.salesianos.edu\/colegio\/el-colegio-participa-como-centro-anfitrion-en-la-experiencia-imou-te-promovida-por-la-conselleria-de-educacion\/"]}]},{"@type":"ImageObject","inLanguage":"es","@id":"https:\/\/valenciasjb.salesianos.edu\/colegio\/el-colegio-participa-como-centro-anfitrion-en-la-experiencia-imou-te-promovida-por-la-conselleria-de-educacion\/#primaryimage","url":"https:\/\/valenciasjb.salesianos.edu\/colegio\/wp-content\/uploads\/sites\/2\/2022\/06\/IMG_20220609_084258.jpg","contentUrl":"https:\/\/valenciasjb.salesianos.edu\/colegio\/wp-content\/uploads\/sites\/2\/2022\/06\/IMG_20220609_084258.jpg","width":800,"height":599},{"@type":"BreadcrumbList","@id":"https:\/\/valenciasjb.salesianos.edu\/colegio\/el-colegio-participa-como-centro-anfitrion-en-la-experiencia-imou-te-promovida-por-la-conselleria-de-educacion\/#breadcrumb","itemListElement":[{"@type":"ListItem","position":1,"name":"Portada","item":"https:\/\/valenciasjb.salesianos.edu\/colegio\/"},{"@type":"ListItem","position":2,"name":"El colegio participa como centro anfitri\u00f3n en la experiencia \u201ciMou-te\u201d promovida por la Conselleria de Educaci\u00f3n"}]},{"@type":"WebSite","@id":"https:\/\/valenciasjb.salesianos.edu\/colegio\/#website","url":"https:\/\/valenciasjb.salesianos.edu\/colegio\/","name":"Colegio San Juan Bosco Valencia","description":"P\u00e1gina oficial del Colegio Salesianos San Juan Bosco Valencia","alternateName":"Salesianos.VSJB","potentialAction":[{"@type":"SearchAction","target":{"@type":"EntryPoint","urlTemplate":"https:\/\/valenciasjb.salesianos.edu\/colegio\/?s={search_term_string}"},"query-input":{"@type":"PropertyValueSpecification","valueRequired":true,"valueName":"search_term_string"}}],"inLanguage":"es"},{"@type":"Person","@id":"https:\/\/valenciasjb.salesianos.edu\/colegio\/#\/schema\/person\/1f45b67e52b27da175190a574db6bed9","name":"veronicapastor","image":{"@type":"ImageObject","inLanguage":"es","@id":"https:\/\/secure.gravatar.com\/avatar\/e29bd40bace3fd935e1d6fdb7313ffc14628cc037c5e16f4c7369b20a2a6f7f0?s=96&d=mm&r=g","url":"https:\/\/secure.gravatar.com\/avatar\/e29bd40bace3fd935e1d6fdb7313ffc14628cc037c5e16f4c7369b20a2a6f7f0?s=96&d=mm&r=g","contentUrl":"https:\/\/secure.gravatar.com\/avatar\/e29bd40bace3fd935e1d6fdb7313ffc14628cc037c5e16f4c7369b20a2a6f7f0?s=96&d=mm&r=g","caption":"veronicapastor"}}]}},"_links":{"self":[{"href":"https:\/\/valenciasjb.salesianos.edu\/colegio\/wp-json\/wp\/v2\/posts\/17502","targetHints":{"allow":["GET"]}}],"collection":[{"href":"https:\/\/valenciasjb.salesianos.edu\/colegio\/wp-json\/wp\/v2\/posts"}],"about":[{"href":"https:\/\/valenciasjb.salesianos.edu\/colegio\/wp-json\/wp\/v2\/types\/post"}],"author":[{"embeddable":true,"href":"https:\/\/valenciasjb.salesianos.edu\/colegio\/wp-json\/wp\/v2\/users\/6"}],"replies":[{"embeddable":true,"href":"https:\/\/valenciasjb.salesianos.edu\/colegio\/wp-json\/wp\/v2\/comments?post=17502"}],"version-history":[{"count":4,"href":"https:\/\/valenciasjb.salesianos.edu\/colegio\/wp-json\/wp\/v2\/posts\/17502\/revisions"}],"predecessor-version":[{"id":17618,"href":"https:\/\/valenciasjb.salesianos.edu\/colegio\/wp-json\/wp\/v2\/posts\/17502\/revisions\/17618"}],"wp:featuredmedia":[{"embeddable":true,"href":"https:\/\/valenciasjb.salesianos.edu\/colegio\/wp-json\/wp\/v2\/media\/17614"}],"wp:attachment":[{"href":"https:\/\/valenciasjb.salesianos.edu\/colegio\/wp-json\/wp\/v2\/media?parent=17502"}],"wp:term":[{"taxonomy":"category","embeddable":true,"href":"https:\/\/valenciasjb.salesianos.edu\/colegio\/wp-json\/wp\/v2\/categories?post=17502"},{"taxonomy":"post_tag","embeddable":true,"href":"https:\/\/valenciasjb.salesianos.edu\/colegio\/wp-json\/wp\/v2\/tags?post=17502"}],"curies":[{"name":"wp","href":"https:\/\/api.w.org\/{rel}","templated":true}]}}