{"id":17517,"date":"2022-06-14T16:35:11","date_gmt":"2022-06-14T15:35:11","guid":{"rendered":"https:\/\/valenciasjb.salesianos.edu\/colegio\/?p=17517"},"modified":"2022-06-14T16:35:16","modified_gmt":"2022-06-14T15:35:16","slug":"los-alumnos-y-alumnas-de-4oeso-celebran-su-fiesta-fin-de-etapa","status":"publish","type":"post","link":"https:\/\/valenciasjb.salesianos.edu\/colegio\/los-alumnos-y-alumnas-de-4oeso-celebran-su-fiesta-fin-de-etapa\/","title":{"rendered":"Los alumnos y alumnas de 4\u00baESO celebran su fiesta fin de etapa"},"content":{"rendered":"<div id=\"fb-root\"><\/div>\n<p>[et_pb_section fb_built=\u00bb1&#8243; admin_label=\u00bbsection\u00bb _builder_version=\u00bb4.16&#8243; global_colors_info=\u00bb{}\u00bb theme_builder_area=\u00bbpost_content\u00bb][et_pb_row admin_label=\u00bbrow\u00bb _builder_version=\u00bb4.16&#8243; background_size=\u00bbinitial\u00bb background_position=\u00bbtop_left\u00bb background_repeat=\u00bbrepeat\u00bb global_colors_info=\u00bb{}\u00bb theme_builder_area=\u00bbpost_content\u00bb][et_pb_column type=\u00bb4_4&#8243; _builder_version=\u00bb4.16&#8243; custom_padding=\u00bb|||\u00bb global_colors_info=\u00bb{}\u00bb custom_padding__hover=\u00bb|||\u00bb theme_builder_area=\u00bbpost_content\u00bb][et_pb_text admin_label=\u00bbEntradilla (Texto)\u00bb _builder_version=\u00bb4.17.4&#8243; text_font=\u00bb|on|||\u00bb text_orientation=\u00bbjustified\u00bb module_alignment=\u00bbjustified\u00bb hover_enabled=\u00bb0&#8243; global_colors_info=\u00bb{}\u00bb theme_builder_area=\u00bbpost_content\u00bb sticky_enabled=\u00bb0&#8243;]<\/p>\n<div id=\"resumen\">\n<div id=\"resumen\"><strong>En la tarde del 10 de junio, el alumnado de 4\u00ba de ESO celebr\u00f3 su fiesta de final de etapa.<br \/><\/strong><\/div>\n<div>\u00a0<\/div>\n<\/div>\n<div>\u00a0<\/div>\n<p>[\/et_pb_text][et_pb_text admin_label=\u00bbAutor (Texto)\u00bb _builder_version=\u00bb4.17.4&#8243; text_font=\u00bb||on||\u00bb hover_enabled=\u00bb0&#8243; global_colors_info=\u00bb{}\u00bb theme_builder_area=\u00bbpost_content\u00bb sticky_enabled=\u00bb0&#8243;]<\/p>\n<p>Redacci\u00f3n<\/p>\n<p>[\/et_pb_text][et_pb_text admin_label=\u00bbDesarrollo (Texto)\u00bb _builder_version=\u00bb4.17.4&#8243; text_orientation=\u00bbjustified\u00bb module_alignment=\u00bbjustified\u00bb hover_enabled=\u00bb0&#8243; global_colors_info=\u00bb{}\u00bb theme_builder_area=\u00bbpost_content\u00bb sticky_enabled=\u00bb0&#8243;]<\/p>\n<p>Tanto profesores, alumnos y familias se reunieron en la iglesia para dar comienzo a la celebraci\u00f3n de la palabra oficiada por Nando Navarro, el director de esta casa. All\u00ed, alumnado de 4\u00baESO se hizo part\u00edcipe en las ofrendas, peticiones y dieron gracias a Dios por todos los momentos compartidos en esta etapa de sus vidas.<\/p>\n<p>A continuaci\u00f3n, tuvo lugar en el teatro el acto acad\u00e9mico donde nuestro director del colegio, Juan Peris y los tutores dedicaron unas sentidas palabras. Despu\u00e9s, un grupo de alumnos quisieron sorprender a sus compa\u00f1eros con una fant\u00e1stica actuaci\u00f3n en directo; dos canciones llenas de fuerza y sentimiento llenaron el escenario. Al finalizar,\u00a0la jefa de estudios, Natalia \u00c1lvarez, llam\u00f3 a los alumnos y alumnas por clases para que los tutores pudieran hacerles entrega de un obsequio y realizar las tradicionales fotos de grupo.\u00a0<\/p>\n<p>Despu\u00e9s del acto, familias, profesores y alumnos pudieron disfrutar de un tentempi\u00e9 en el jard\u00edn del teatro proporcionado por el colegio. All\u00ed, disfrutaron todos de un gran momento en familia.\u00a0<\/p>\n<p>Algunos alumnos todav\u00eda permanecer\u00e1n en el colegio dos a\u00f1os m\u00e1s y otros seguir\u00e1n caminos diferentes, pero seguro que a todos y todas Mar\u00eda Auxiliadora y Don Bosco les proteger\u00e1n el resto de sus vidas; esta siempre ser\u00e1 su casa.<\/p>\n<p>[\/et_pb_text][et_pb_text disabled_on=\u00bboff|on|on\u00bb admin_label=\u00bbT\u00edtulo: Galer\u00eda de fotos (Texto)\u00bb _builder_version=\u00bb4.16&#8243; text_font=\u00bb|on|||\u00bb text_text_color=\u00bb#dc001b\u00bb border_style=\u00bbsolid\u00bb global_colors_info=\u00bb{}\u00bb theme_builder_area=\u00bbpost_content\u00bb]Galer\u00eda de im\u00e1genes<br \/>\n[\/et_pb_text][et_pb_gallery gallery_ids=\u00bb17522,17523,17524,17525,17526,17527,17528,17529,17530,17531,17532,17533,17534,17535,17536,17537,17538,17539,17540,17541,17542,17543,17544,17545,17546,17547,17548,17549,17550,17551,17552,17553,17554,17555,17556,17557,17558,17559,17560,17561,17562,17563,17564,17565,17566,17567,17568,17569,17570,17571,17572,17573,17574,17575,17576,17577,17578,17579,17580,17581,17582,17583,17584,17585,17586,17587,17588,17589,17590,17591,17592,17593,17594,17595,17596,17597,17598,17599,17600,17601,17602,17603&#8243; posts_number=\u00bb8&#8243; show_title_and_caption=\u00bboff\u00bb zoom_icon_color=\u00bb#dc001b\u00bb hover_icon=\u00bb&#x54;||divi||400&#8243; disabled_on=\u00bboff|off|off\u00bb _builder_version=\u00bb4.17.4&#8243; hover_enabled=\u00bb0&#8243; pagination_font_size_tablet=\u00bb51&#8243; pagination_line_height_tablet=\u00bb2&#8243; global_colors_info=\u00bb{}\u00bb theme_builder_area=\u00bbpost_content\u00bb sticky_enabled=\u00bb0&#8243;][\/et_pb_gallery][et_pb_video disabled_on=\u00bbon|on|on\u00bb _builder_version=\u00bb4.16&#8243; disabled=\u00bbon\u00bb global_colors_info=\u00bb{}\u00bb theme_builder_area=\u00bbpost_content\u00bb][\/et_pb_video][\/et_pb_column][\/et_pb_row][\/et_pb_section]<\/p>\n<!-- AddThis Advanced Settings generic via filter on the_content --><!-- AddThis Share Buttons generic via filter on the_content -->","protected":false},"excerpt":{"rendered":"<p>En la tarde del 10 de junio, el alumnado de 4\u00ba de ESO celebr\u00f3 su fiesta de final de etapa. \u00a0 \u00a0Redacci\u00f3nTanto profesores, alumnos y familias se reunieron en la iglesia para dar comienzo a la celebraci\u00f3n de la palabra oficiada por Nando Navarro, el director de esta casa. All\u00ed, alumnado de 4\u00baESO se hizo [&hellip;]<\/p>\n<p><!-- AddThis Advanced Settings generic via filter on get_the_excerpt --><!-- AddThis Share Buttons generic via filter on get_the_excerpt --><\/p>\n","protected":false},"author":14,"featured_media":17591,"comment_status":"closed","ping_status":"open","sticky":false,"template":"","format":"standard","meta":{"_et_pb_use_builder":"on","_et_pb_old_content":"","_et_gb_content_width":"","footnotes":""},"categories":[14],"tags":[],"class_list":["post-17517","post","type-post","status-publish","format-standard","has-post-thumbnail","hentry","category-noticia_colegio"],"yoast_head":"<!-- This site is optimized with the Yoast SEO plugin v28.4 - https:\/\/yoast.com\/product\/yoast-seo-wordpress\/ -->\n<title>Los alumnos y alumnas de 4\u00baESO celebran su fiesta fin de etapa - Colegio San Juan Bosco Valencia<\/title>\n<meta name=\"robots\" content=\"index, follow, max-snippet:-1, max-image-preview:large, max-video-preview:-1\" \/>\n<link rel=\"canonical\" href=\"https:\/\/valenciasjb.salesianos.edu\/colegio\/los-alumnos-y-alumnas-de-4oeso-celebran-su-fiesta-fin-de-etapa\/\" \/>\n<meta property=\"og:locale\" content=\"es_ES\" \/>\n<meta property=\"og:type\" content=\"article\" \/>\n<meta property=\"og:title\" content=\"Los alumnos y alumnas de 4\u00baESO celebran su fiesta fin de etapa - Colegio San Juan Bosco Valencia\" \/>\n<meta property=\"og:description\" content=\"En la tarde del 10 de junio, el alumnado de 4\u00ba de ESO celebr\u00f3 su fiesta de final de etapa. \u00a0 \u00a0Redacci\u00f3nTanto profesores, alumnos y familias se reunieron en la iglesia para dar comienzo a la celebraci\u00f3n de la palabra oficiada por Nando Navarro, el director de esta casa. All\u00ed, alumnado de 4\u00baESO se hizo [&hellip;]\" \/>\n<meta property=\"og:url\" content=\"https:\/\/valenciasjb.salesianos.edu\/colegio\/los-alumnos-y-alumnas-de-4oeso-celebran-su-fiesta-fin-de-etapa\/\" \/>\n<meta property=\"og:site_name\" content=\"Colegio San Juan Bosco Valencia\" \/>\n<meta property=\"article:publisher\" content=\"https:\/\/www.facebook.com\/ColegioSalesianoSanJuanBoscoValencia\" \/>\n<meta property=\"article:published_time\" content=\"2022-06-14T15:35:11+00:00\" \/>\n<meta property=\"article:modified_time\" content=\"2022-06-14T15:35:16+00:00\" \/>\n<meta property=\"og:image\" content=\"https:\/\/valenciasjb.salesianos.edu\/colegio\/wp-content\/uploads\/sites\/2\/2022\/06\/WhatsApp-Image-2022-06-14-at-5.26.54-PM-10.jpeg\" \/>\n\t<meta property=\"og:image:width\" content=\"1600\" \/>\n\t<meta property=\"og:image:height\" content=\"1066\" \/>\n\t<meta property=\"og:image:type\" content=\"image\/jpeg\" \/>\n<meta name=\"author\" content=\"Andrea Gimeno\" \/>\n<meta name=\"twitter:card\" content=\"summary_large_image\" \/>\n<meta name=\"twitter:creator\" content=\"@SalesianosVSJB\" \/>\n<meta name=\"twitter:site\" content=\"@SalesianosVSJB\" \/>\n<meta name=\"twitter:label1\" content=\"Escrito por\" \/>\n\t<meta name=\"twitter:data1\" content=\"Andrea Gimeno\" \/>\n\t<meta name=\"twitter:label2\" content=\"Tiempo de lectura\" \/>\n\t<meta name=\"twitter:data2\" content=\"3 minutos\" \/>\n<script type=\"application\/ld+json\" class=\"yoast-schema-graph\">{\"@context\":\"https:\\\/\\\/schema.org\",\"@graph\":[{\"@type\":\"Article\",\"@id\":\"https:\\\/\\\/valenciasjb.salesianos.edu\\\/colegio\\\/los-alumnos-y-alumnas-de-4oeso-celebran-su-fiesta-fin-de-etapa\\\/#article\",\"isPartOf\":{\"@id\":\"https:\\\/\\\/valenciasjb.salesianos.edu\\\/colegio\\\/los-alumnos-y-alumnas-de-4oeso-celebran-su-fiesta-fin-de-etapa\\\/\"},\"author\":{\"name\":\"Andrea Gimeno\",\"@id\":\"https:\\\/\\\/valenciasjb.salesianos.edu\\\/colegio\\\/#\\\/schema\\\/person\\\/86dc674b625f6f68f88872bb794e6cf1\"},\"headline\":\"Los alumnos y alumnas de 4\u00baESO celebran su fiesta fin de etapa\",\"datePublished\":\"2022-06-14T15:35:11+00:00\",\"dateModified\":\"2022-06-14T15:35:16+00:00\",\"mainEntityOfPage\":{\"@id\":\"https:\\\/\\\/valenciasjb.salesianos.edu\\\/colegio\\\/los-alumnos-y-alumnas-de-4oeso-celebran-su-fiesta-fin-de-etapa\\\/\"},\"wordCount\":538,\"image\":{\"@id\":\"https:\\\/\\\/valenciasjb.salesianos.edu\\\/colegio\\\/los-alumnos-y-alumnas-de-4oeso-celebran-su-fiesta-fin-de-etapa\\\/#primaryimage\"},\"thumbnailUrl\":\"https:\\\/\\\/valenciasjb.salesianos.edu\\\/colegio\\\/wp-content\\\/uploads\\\/sites\\\/2\\\/2022\\\/06\\\/WhatsApp-Image-2022-06-14-at-5.26.54-PM-10.jpeg\",\"articleSection\":[\"Noticia Colegio\"],\"inLanguage\":\"es\"},{\"@type\":\"WebPage\",\"@id\":\"https:\\\/\\\/valenciasjb.salesianos.edu\\\/colegio\\\/los-alumnos-y-alumnas-de-4oeso-celebran-su-fiesta-fin-de-etapa\\\/\",\"url\":\"https:\\\/\\\/valenciasjb.salesianos.edu\\\/colegio\\\/los-alumnos-y-alumnas-de-4oeso-celebran-su-fiesta-fin-de-etapa\\\/\",\"name\":\"Los alumnos y alumnas de 4\u00baESO celebran su fiesta fin de etapa - Colegio San Juan Bosco Valencia\",\"isPartOf\":{\"@id\":\"https:\\\/\\\/valenciasjb.salesianos.edu\\\/colegio\\\/#website\"},\"primaryImageOfPage\":{\"@id\":\"https:\\\/\\\/valenciasjb.salesianos.edu\\\/colegio\\\/los-alumnos-y-alumnas-de-4oeso-celebran-su-fiesta-fin-de-etapa\\\/#primaryimage\"},\"image\":{\"@id\":\"https:\\\/\\\/valenciasjb.salesianos.edu\\\/colegio\\\/los-alumnos-y-alumnas-de-4oeso-celebran-su-fiesta-fin-de-etapa\\\/#primaryimage\"},\"thumbnailUrl\":\"https:\\\/\\\/valenciasjb.salesianos.edu\\\/colegio\\\/wp-content\\\/uploads\\\/sites\\\/2\\\/2022\\\/06\\\/WhatsApp-Image-2022-06-14-at-5.26.54-PM-10.jpeg\",\"datePublished\":\"2022-06-14T15:35:11+00:00\",\"dateModified\":\"2022-06-14T15:35:16+00:00\",\"author\":{\"@id\":\"https:\\\/\\\/valenciasjb.salesianos.edu\\\/colegio\\\/#\\\/schema\\\/person\\\/86dc674b625f6f68f88872bb794e6cf1\"},\"breadcrumb\":{\"@id\":\"https:\\\/\\\/valenciasjb.salesianos.edu\\\/colegio\\\/los-alumnos-y-alumnas-de-4oeso-celebran-su-fiesta-fin-de-etapa\\\/#breadcrumb\"},\"inLanguage\":\"es\",\"potentialAction\":[{\"@type\":\"ReadAction\",\"target\":[\"https:\\\/\\\/valenciasjb.salesianos.edu\\\/colegio\\\/los-alumnos-y-alumnas-de-4oeso-celebran-su-fiesta-fin-de-etapa\\\/\"]}]},{\"@type\":\"ImageObject\",\"inLanguage\":\"es\",\"@id\":\"https:\\\/\\\/valenciasjb.salesianos.edu\\\/colegio\\\/los-alumnos-y-alumnas-de-4oeso-celebran-su-fiesta-fin-de-etapa\\\/#primaryimage\",\"url\":\"https:\\\/\\\/valenciasjb.salesianos.edu\\\/colegio\\\/wp-content\\\/uploads\\\/sites\\\/2\\\/2022\\\/06\\\/WhatsApp-Image-2022-06-14-at-5.26.54-PM-10.jpeg\",\"contentUrl\":\"https:\\\/\\\/valenciasjb.salesianos.edu\\\/colegio\\\/wp-content\\\/uploads\\\/sites\\\/2\\\/2022\\\/06\\\/WhatsApp-Image-2022-06-14-at-5.26.54-PM-10.jpeg\",\"width\":1600,\"height\":1066},{\"@type\":\"BreadcrumbList\",\"@id\":\"https:\\\/\\\/valenciasjb.salesianos.edu\\\/colegio\\\/los-alumnos-y-alumnas-de-4oeso-celebran-su-fiesta-fin-de-etapa\\\/#breadcrumb\",\"itemListElement\":[{\"@type\":\"ListItem\",\"position\":1,\"name\":\"Portada\",\"item\":\"https:\\\/\\\/valenciasjb.salesianos.edu\\\/colegio\\\/\"},{\"@type\":\"ListItem\",\"position\":2,\"name\":\"Los alumnos y alumnas de 4\u00baESO celebran su fiesta fin de etapa\"}]},{\"@type\":\"WebSite\",\"@id\":\"https:\\\/\\\/valenciasjb.salesianos.edu\\\/colegio\\\/#website\",\"url\":\"https:\\\/\\\/valenciasjb.salesianos.edu\\\/colegio\\\/\",\"name\":\"Colegio San Juan Bosco Valencia\",\"description\":\"P\u00e1gina oficial del Colegio Salesianos San Juan Bosco Valencia\",\"alternateName\":\"Salesianos.VSJB\",\"potentialAction\":[{\"@type\":\"SearchAction\",\"target\":{\"@type\":\"EntryPoint\",\"urlTemplate\":\"https:\\\/\\\/valenciasjb.salesianos.edu\\\/colegio\\\/?s={search_term_string}\"},\"query-input\":{\"@type\":\"PropertyValueSpecification\",\"valueRequired\":true,\"valueName\":\"search_term_string\"}}],\"inLanguage\":\"es\"},{\"@type\":\"Person\",\"@id\":\"https:\\\/\\\/valenciasjb.salesianos.edu\\\/colegio\\\/#\\\/schema\\\/person\\\/86dc674b625f6f68f88872bb794e6cf1\",\"name\":\"Andrea Gimeno\",\"image\":{\"@type\":\"ImageObject\",\"inLanguage\":\"es\",\"@id\":\"https:\\\/\\\/secure.gravatar.com\\\/avatar\\\/05fb909788254678d737fffb74ea7910e552935c65650cba653de83762c6278d?s=96&d=mm&r=g\",\"url\":\"https:\\\/\\\/secure.gravatar.com\\\/avatar\\\/05fb909788254678d737fffb74ea7910e552935c65650cba653de83762c6278d?s=96&d=mm&r=g\",\"contentUrl\":\"https:\\\/\\\/secure.gravatar.com\\\/avatar\\\/05fb909788254678d737fffb74ea7910e552935c65650cba653de83762c6278d?s=96&d=mm&r=g\",\"caption\":\"Andrea Gimeno\"}}]}<\/script>\n<!-- \/ Yoast SEO plugin. -->","yoast_head_json":{"title":"Los alumnos y alumnas de 4\u00baESO celebran su fiesta fin de etapa - Colegio San Juan Bosco Valencia","robots":{"index":"index","follow":"follow","max-snippet":"max-snippet:-1","max-image-preview":"max-image-preview:large","max-video-preview":"max-video-preview:-1"},"canonical":"https:\/\/valenciasjb.salesianos.edu\/colegio\/los-alumnos-y-alumnas-de-4oeso-celebran-su-fiesta-fin-de-etapa\/","og_locale":"es_ES","og_type":"article","og_title":"Los alumnos y alumnas de 4\u00baESO celebran su fiesta fin de etapa - Colegio San Juan Bosco Valencia","og_description":"En la tarde del 10 de junio, el alumnado de 4\u00ba de ESO celebr\u00f3 su fiesta de final de etapa. \u00a0 \u00a0Redacci\u00f3nTanto profesores, alumnos y familias se reunieron en la iglesia para dar comienzo a la celebraci\u00f3n de la palabra oficiada por Nando Navarro, el director de esta casa. All\u00ed, alumnado de 4\u00baESO se hizo [&hellip;]","og_url":"https:\/\/valenciasjb.salesianos.edu\/colegio\/los-alumnos-y-alumnas-de-4oeso-celebran-su-fiesta-fin-de-etapa\/","og_site_name":"Colegio San Juan Bosco Valencia","article_publisher":"https:\/\/www.facebook.com\/ColegioSalesianoSanJuanBoscoValencia","article_published_time":"2022-06-14T15:35:11+00:00","article_modified_time":"2022-06-14T15:35:16+00:00","og_image":[{"width":1600,"height":1066,"url":"https:\/\/valenciasjb.salesianos.edu\/colegio\/wp-content\/uploads\/sites\/2\/2022\/06\/WhatsApp-Image-2022-06-14-at-5.26.54-PM-10.jpeg","type":"image\/jpeg"}],"author":"Andrea Gimeno","twitter_card":"summary_large_image","twitter_creator":"@SalesianosVSJB","twitter_site":"@SalesianosVSJB","twitter_misc":{"Escrito por":"Andrea Gimeno","Tiempo de lectura":"3 minutos"},"schema":{"@context":"https:\/\/schema.org","@graph":[{"@type":"Article","@id":"https:\/\/valenciasjb.salesianos.edu\/colegio\/los-alumnos-y-alumnas-de-4oeso-celebran-su-fiesta-fin-de-etapa\/#article","isPartOf":{"@id":"https:\/\/valenciasjb.salesianos.edu\/colegio\/los-alumnos-y-alumnas-de-4oeso-celebran-su-fiesta-fin-de-etapa\/"},"author":{"name":"Andrea Gimeno","@id":"https:\/\/valenciasjb.salesianos.edu\/colegio\/#\/schema\/person\/86dc674b625f6f68f88872bb794e6cf1"},"headline":"Los alumnos y alumnas de 4\u00baESO celebran su fiesta fin de etapa","datePublished":"2022-06-14T15:35:11+00:00","dateModified":"2022-06-14T15:35:16+00:00","mainEntityOfPage":{"@id":"https:\/\/valenciasjb.salesianos.edu\/colegio\/los-alumnos-y-alumnas-de-4oeso-celebran-su-fiesta-fin-de-etapa\/"},"wordCount":538,"image":{"@id":"https:\/\/valenciasjb.salesianos.edu\/colegio\/los-alumnos-y-alumnas-de-4oeso-celebran-su-fiesta-fin-de-etapa\/#primaryimage"},"thumbnailUrl":"https:\/\/valenciasjb.salesianos.edu\/colegio\/wp-content\/uploads\/sites\/2\/2022\/06\/WhatsApp-Image-2022-06-14-at-5.26.54-PM-10.jpeg","articleSection":["Noticia Colegio"],"inLanguage":"es"},{"@type":"WebPage","@id":"https:\/\/valenciasjb.salesianos.edu\/colegio\/los-alumnos-y-alumnas-de-4oeso-celebran-su-fiesta-fin-de-etapa\/","url":"https:\/\/valenciasjb.salesianos.edu\/colegio\/los-alumnos-y-alumnas-de-4oeso-celebran-su-fiesta-fin-de-etapa\/","name":"Los alumnos y alumnas de 4\u00baESO celebran su fiesta fin de etapa - Colegio San Juan Bosco Valencia","isPartOf":{"@id":"https:\/\/valenciasjb.salesianos.edu\/colegio\/#website"},"primaryImageOfPage":{"@id":"https:\/\/valenciasjb.salesianos.edu\/colegio\/los-alumnos-y-alumnas-de-4oeso-celebran-su-fiesta-fin-de-etapa\/#primaryimage"},"image":{"@id":"https:\/\/valenciasjb.salesianos.edu\/colegio\/los-alumnos-y-alumnas-de-4oeso-celebran-su-fiesta-fin-de-etapa\/#primaryimage"},"thumbnailUrl":"https:\/\/valenciasjb.salesianos.edu\/colegio\/wp-content\/uploads\/sites\/2\/2022\/06\/WhatsApp-Image-2022-06-14-at-5.26.54-PM-10.jpeg","datePublished":"2022-06-14T15:35:11+00:00","dateModified":"2022-06-14T15:35:16+00:00","author":{"@id":"https:\/\/valenciasjb.salesianos.edu\/colegio\/#\/schema\/person\/86dc674b625f6f68f88872bb794e6cf1"},"breadcrumb":{"@id":"https:\/\/valenciasjb.salesianos.edu\/colegio\/los-alumnos-y-alumnas-de-4oeso-celebran-su-fiesta-fin-de-etapa\/#breadcrumb"},"inLanguage":"es","potentialAction":[{"@type":"ReadAction","target":["https:\/\/valenciasjb.salesianos.edu\/colegio\/los-alumnos-y-alumnas-de-4oeso-celebran-su-fiesta-fin-de-etapa\/"]}]},{"@type":"ImageObject","inLanguage":"es","@id":"https:\/\/valenciasjb.salesianos.edu\/colegio\/los-alumnos-y-alumnas-de-4oeso-celebran-su-fiesta-fin-de-etapa\/#primaryimage","url":"https:\/\/valenciasjb.salesianos.edu\/colegio\/wp-content\/uploads\/sites\/2\/2022\/06\/WhatsApp-Image-2022-06-14-at-5.26.54-PM-10.jpeg","contentUrl":"https:\/\/valenciasjb.salesianos.edu\/colegio\/wp-content\/uploads\/sites\/2\/2022\/06\/WhatsApp-Image-2022-06-14-at-5.26.54-PM-10.jpeg","width":1600,"height":1066},{"@type":"BreadcrumbList","@id":"https:\/\/valenciasjb.salesianos.edu\/colegio\/los-alumnos-y-alumnas-de-4oeso-celebran-su-fiesta-fin-de-etapa\/#breadcrumb","itemListElement":[{"@type":"ListItem","position":1,"name":"Portada","item":"https:\/\/valenciasjb.salesianos.edu\/colegio\/"},{"@type":"ListItem","position":2,"name":"Los alumnos y alumnas de 4\u00baESO celebran su fiesta fin de etapa"}]},{"@type":"WebSite","@id":"https:\/\/valenciasjb.salesianos.edu\/colegio\/#website","url":"https:\/\/valenciasjb.salesianos.edu\/colegio\/","name":"Colegio San Juan Bosco Valencia","description":"P\u00e1gina oficial del Colegio Salesianos San Juan Bosco Valencia","alternateName":"Salesianos.VSJB","potentialAction":[{"@type":"SearchAction","target":{"@type":"EntryPoint","urlTemplate":"https:\/\/valenciasjb.salesianos.edu\/colegio\/?s={search_term_string}"},"query-input":{"@type":"PropertyValueSpecification","valueRequired":true,"valueName":"search_term_string"}}],"inLanguage":"es"},{"@type":"Person","@id":"https:\/\/valenciasjb.salesianos.edu\/colegio\/#\/schema\/person\/86dc674b625f6f68f88872bb794e6cf1","name":"Andrea Gimeno","image":{"@type":"ImageObject","inLanguage":"es","@id":"https:\/\/secure.gravatar.com\/avatar\/05fb909788254678d737fffb74ea7910e552935c65650cba653de83762c6278d?s=96&d=mm&r=g","url":"https:\/\/secure.gravatar.com\/avatar\/05fb909788254678d737fffb74ea7910e552935c65650cba653de83762c6278d?s=96&d=mm&r=g","contentUrl":"https:\/\/secure.gravatar.com\/avatar\/05fb909788254678d737fffb74ea7910e552935c65650cba653de83762c6278d?s=96&d=mm&r=g","caption":"Andrea Gimeno"}}]}},"_links":{"self":[{"href":"https:\/\/valenciasjb.salesianos.edu\/colegio\/wp-json\/wp\/v2\/posts\/17517","targetHints":{"allow":["GET"]}}],"collection":[{"href":"https:\/\/valenciasjb.salesianos.edu\/colegio\/wp-json\/wp\/v2\/posts"}],"about":[{"href":"https:\/\/valenciasjb.salesianos.edu\/colegio\/wp-json\/wp\/v2\/types\/post"}],"author":[{"embeddable":true,"href":"https:\/\/valenciasjb.salesianos.edu\/colegio\/wp-json\/wp\/v2\/users\/14"}],"replies":[{"embeddable":true,"href":"https:\/\/valenciasjb.salesianos.edu\/colegio\/wp-json\/wp\/v2\/comments?post=17517"}],"version-history":[{"count":4,"href":"https:\/\/valenciasjb.salesianos.edu\/colegio\/wp-json\/wp\/v2\/posts\/17517\/revisions"}],"predecessor-version":[{"id":17606,"href":"https:\/\/valenciasjb.salesianos.edu\/colegio\/wp-json\/wp\/v2\/posts\/17517\/revisions\/17606"}],"wp:featuredmedia":[{"embeddable":true,"href":"https:\/\/valenciasjb.salesianos.edu\/colegio\/wp-json\/wp\/v2\/media\/17591"}],"wp:attachment":[{"href":"https:\/\/valenciasjb.salesianos.edu\/colegio\/wp-json\/wp\/v2\/media?parent=17517"}],"wp:term":[{"taxonomy":"category","embeddable":true,"href":"https:\/\/valenciasjb.salesianos.edu\/colegio\/wp-json\/wp\/v2\/categories?post=17517"},{"taxonomy":"post_tag","embeddable":true,"href":"https:\/\/valenciasjb.salesianos.edu\/colegio\/wp-json\/wp\/v2\/tags?post=17517"}],"curies":[{"name":"wp","href":"https:\/\/api.w.org\/{rel}","templated":true}]}}