{"id":17636,"date":"2022-06-28T15:02:52","date_gmt":"2022-06-28T14:02:52","guid":{"rendered":"https:\/\/valenciasjb.salesianos.edu\/colegio\/?p=17636"},"modified":"2022-06-28T15:02:56","modified_gmt":"2022-06-28T14:02:56","slug":"el-alumno-ruben-simarro-ribelles-seleccionado-para-formar-parte-del-grupo-de-25-alumnas-y-alumnos-que-integraran-la-xvi-promocion-de-estalmat-cv-durante-el-bienio-2022-2024","status":"publish","type":"post","link":"https:\/\/valenciasjb.salesianos.edu\/colegio\/el-alumno-ruben-simarro-ribelles-seleccionado-para-formar-parte-del-grupo-de-25-alumnas-y-alumnos-que-integraran-la-xvi-promocion-de-estalmat-cv-durante-el-bienio-2022-2024\/","title":{"rendered":"El alumno Rub\u00e9n Simarro Ribelles seleccionado para formar parte del grupo de 25 alumnas y alumnos que integrar\u00e1n la XVI Promoci\u00f3n de Estalmat CV durante el bienio 2022-2024"},"content":{"rendered":"<div id=\"fb-root\"><\/div>\n<p>[et_pb_section fb_built=\u00bb1&#8243; admin_label=\u00bbsection\u00bb _builder_version=\u00bb4.16&#8243; global_colors_info=\u00bb{}\u00bb theme_builder_area=\u00bbpost_content\u00bb][et_pb_row admin_label=\u00bbrow\u00bb _builder_version=\u00bb4.16&#8243; background_size=\u00bbinitial\u00bb background_position=\u00bbtop_left\u00bb background_repeat=\u00bbrepeat\u00bb global_colors_info=\u00bb{}\u00bb theme_builder_area=\u00bbpost_content\u00bb][et_pb_column type=\u00bb4_4&#8243; _builder_version=\u00bb4.16&#8243; custom_padding=\u00bb|||\u00bb global_colors_info=\u00bb{}\u00bb custom_padding__hover=\u00bb|||\u00bb theme_builder_area=\u00bbpost_content\u00bb][et_pb_text admin_label=\u00bbEntradilla (Texto)\u00bb _builder_version=\u00bb4.17.4&#8243; text_font=\u00bb|on|||\u00bb text_orientation=\u00bbjustified\u00bb module_alignment=\u00bbjustified\u00bb hover_enabled=\u00bb0&#8243; global_colors_info=\u00bb{}\u00bb theme_builder_area=\u00bbpost_content\u00bb sticky_enabled=\u00bb0&#8243;]<\/p>\n<div id=\"resumen\">\n<p><strong>ESTALMAT es un proyecto de la Real Academia de Ciencias Exactas, F\u00edsicas y Naturales, en colaboraci\u00f3n con la Universidad de Valencia, que trata la detecci\u00f3n, orientaci\u00f3n y est\u00edmulo del talento matem\u00e1tico de estudiantes de 12-13 a\u00f1os sin extraerlos de su entorno. Este proceso tiene lugar durante dos a\u00f1os, en los que las alumnas y alumnos asisten de forma regular a las actividades organizadas.\u00a0\u00a0<\/strong><\/p>\n<\/div>\n<div>\u00a0<\/div>\n<p>[\/et_pb_text][et_pb_text admin_label=\u00bbAutor (Texto)\u00bb _builder_version=\u00bb4.17.4&#8243; text_font=\u00bb||on||\u00bb hover_enabled=\u00bb0&#8243; global_colors_info=\u00bb{}\u00bb theme_builder_area=\u00bbpost_content\u00bb sticky_enabled=\u00bb0&#8243;]<\/p>\n<p>Redacci\u00f3n<\/p>\n<p>[\/et_pb_text][et_pb_text admin_label=\u00bbDesarrollo (Texto)\u00bb _builder_version=\u00bb4.17.4&#8243; text_orientation=\u00bbjustified\u00bb module_alignment=\u00bbjustified\u00bb hover_enabled=\u00bb0&#8243; global_colors_info=\u00bb{}\u00bb theme_builder_area=\u00bbpost_content\u00bb sticky_enabled=\u00bb0&#8243;]<\/p>\n<p>Los j\u00f3venes est\u00e1n en el proyecto por un periodo de dos a\u00f1os, en los que acuden a sesiones semanales los s\u00e1bados por la ma\u00f1ana por un total de veinte sesiones cada curso. Despu\u00e9s de este periodo, el proyecto les brinda la posibilidad de participar dos a\u00f1os m\u00e1s en el curso de Veteranos.\u00a0<\/p>\n<p>Las actividades comienzan con un campamento de un fin de semana de duraci\u00f3n, que se celebra en una casa rural en Requena durante la \u00faltima quincena de septiembre. El campamento tiene como objetivo que los j\u00f3venes se conozcan mediante la realizaci\u00f3n de talleres y actividades en grupo relacionadas con las matem\u00e1ticas, la astronom\u00eda y las ciencias en general.<\/p>\n<p>Adem\u00e1s de la asistencia a las actividades regulares, cabe destacar las actividades especiales que se programan al principio de cada curso: excursiones al planetario y excursiones a pueblos y lugares que, por su car\u00e1cter singular, permiten realizar una sesi\u00f3n o visita guiada. En el programa tambi\u00e9n se incluye la asistencia a centros cient\u00edficos de investigaci\u00f3n de reconocido prestigio.\u00a0<\/p>\n<p>El colegio quiere dar la enhorabuena a Rub\u00e9n por este merecido reconocimiento y oportunidad, ya que es un ejemplo que refleja que el estudio, trabajo y esfuerzo tienen su recompensa.<\/p>\n<p><strong>M\u00e1s informaci\u00f3n:<\/strong>\u00a0<a href=\"https:\/\/estalmatcv.blogs.uv.es\/\">https:\/\/estalmatcv.blogs.uv.es\/<\/a><\/p>\n<p>[\/et_pb_text][et_pb_text disabled_on=\u00bboff|on|on\u00bb admin_label=\u00bbT\u00edtulo: Galer\u00eda de fotos (Texto)\u00bb _builder_version=\u00bb4.16&#8243; text_font=\u00bb|on|||\u00bb text_text_color=\u00bb#dc001b\u00bb border_style=\u00bbsolid\u00bb global_colors_info=\u00bb{}\u00bb theme_builder_area=\u00bbpost_content\u00bb]Galer\u00eda de im\u00e1genes<br \/>\n[\/et_pb_text][et_pb_gallery gallery_ids=\u00bb17639&#8243; posts_number=\u00bb8&#8243; show_title_and_caption=\u00bboff\u00bb zoom_icon_color=\u00bb#dc001b\u00bb hover_icon=\u00bb&#x54;||divi||400&#8243; disabled_on=\u00bboff|off|off\u00bb _builder_version=\u00bb4.17.4&#8243; hover_enabled=\u00bb0&#8243; pagination_font_size_tablet=\u00bb51&#8243; pagination_line_height_tablet=\u00bb2&#8243; global_colors_info=\u00bb{}\u00bb theme_builder_area=\u00bbpost_content\u00bb sticky_enabled=\u00bb0&#8243;][\/et_pb_gallery][et_pb_video disabled_on=\u00bbon|on|on\u00bb _builder_version=\u00bb4.16&#8243; disabled=\u00bbon\u00bb global_colors_info=\u00bb{}\u00bb theme_builder_area=\u00bbpost_content\u00bb][\/et_pb_video][\/et_pb_column][\/et_pb_row][\/et_pb_section]<\/p>\n<!-- AddThis Advanced Settings generic via filter on the_content --><!-- AddThis Share Buttons generic via filter on the_content -->","protected":false},"excerpt":{"rendered":"<p>ESTALMAT es un proyecto de la Real Academia de Ciencias Exactas, F\u00edsicas y Naturales, en colaboraci\u00f3n con la Universidad de Valencia, que trata la detecci\u00f3n, orientaci\u00f3n y est\u00edmulo del talento matem\u00e1tico de estudiantes de 12-13 a\u00f1os sin extraerlos de su entorno. Este proceso tiene lugar durante dos a\u00f1os, en los que las alumnas y alumnos [&hellip;]<\/p>\n<p><!-- AddThis Advanced Settings generic via filter on get_the_excerpt --><!-- AddThis Share Buttons generic via filter on get_the_excerpt --><\/p>\n","protected":false},"author":14,"featured_media":17639,"comment_status":"closed","ping_status":"open","sticky":false,"template":"","format":"standard","meta":{"_et_pb_use_builder":"on","_et_pb_old_content":"","_et_gb_content_width":"","footnotes":""},"categories":[14],"tags":[],"class_list":["post-17636","post","type-post","status-publish","format-standard","has-post-thumbnail","hentry","category-noticia_colegio"],"yoast_head":"<!-- This site is optimized with the Yoast SEO plugin v28.4 - https:\/\/yoast.com\/product\/yoast-seo-wordpress\/ -->\n<title>El alumno Rub\u00e9n Simarro Ribelles seleccionado para formar parte del grupo de 25 alumnas y alumnos que integrar\u00e1n la XVI Promoci\u00f3n de Estalmat CV durante el bienio 2022-2024 - Colegio San Juan Bosco Valencia<\/title>\n<meta name=\"robots\" content=\"index, follow, max-snippet:-1, max-image-preview:large, max-video-preview:-1\" \/>\n<link rel=\"canonical\" href=\"https:\/\/valenciasjb.salesianos.edu\/colegio\/el-alumno-ruben-simarro-ribelles-seleccionado-para-formar-parte-del-grupo-de-25-alumnas-y-alumnos-que-integraran-la-xvi-promocion-de-estalmat-cv-durante-el-bienio-2022-2024\/\" \/>\n<meta property=\"og:locale\" content=\"es_ES\" \/>\n<meta property=\"og:type\" content=\"article\" \/>\n<meta property=\"og:title\" content=\"El alumno Rub\u00e9n Simarro Ribelles seleccionado para formar parte del grupo de 25 alumnas y alumnos que integrar\u00e1n la XVI Promoci\u00f3n de Estalmat CV durante el bienio 2022-2024 - Colegio San Juan Bosco Valencia\" \/>\n<meta property=\"og:description\" content=\"ESTALMAT es un proyecto de la Real Academia de Ciencias Exactas, F\u00edsicas y Naturales, en colaboraci\u00f3n con la Universidad de Valencia, que trata la detecci\u00f3n, orientaci\u00f3n y est\u00edmulo del talento matem\u00e1tico de estudiantes de 12-13 a\u00f1os sin extraerlos de su entorno. Este proceso tiene lugar durante dos a\u00f1os, en los que las alumnas y alumnos [&hellip;]\" \/>\n<meta property=\"og:url\" content=\"https:\/\/valenciasjb.salesianos.edu\/colegio\/el-alumno-ruben-simarro-ribelles-seleccionado-para-formar-parte-del-grupo-de-25-alumnas-y-alumnos-que-integraran-la-xvi-promocion-de-estalmat-cv-durante-el-bienio-2022-2024\/\" \/>\n<meta property=\"og:site_name\" content=\"Colegio San Juan Bosco Valencia\" \/>\n<meta property=\"article:publisher\" content=\"https:\/\/www.facebook.com\/ColegioSalesianoSanJuanBoscoValencia\" \/>\n<meta property=\"article:published_time\" content=\"2022-06-28T14:02:52+00:00\" \/>\n<meta property=\"article:modified_time\" content=\"2022-06-28T14:02:56+00:00\" \/>\n<meta property=\"og:image\" content=\"https:\/\/valenciasjb.salesianos.edu\/colegio\/wp-content\/uploads\/sites\/2\/2022\/06\/FOTO-NOTICIA.jpg\" \/>\n\t<meta property=\"og:image:width\" content=\"482\" \/>\n\t<meta property=\"og:image:height\" content=\"644\" \/>\n\t<meta property=\"og:image:type\" content=\"image\/jpeg\" \/>\n<meta name=\"author\" content=\"Andrea Gimeno\" \/>\n<meta name=\"twitter:card\" content=\"summary_large_image\" \/>\n<meta name=\"twitter:creator\" content=\"@SalesianosVSJB\" \/>\n<meta name=\"twitter:site\" content=\"@SalesianosVSJB\" \/>\n<meta name=\"twitter:label1\" content=\"Escrito por\" \/>\n\t<meta name=\"twitter:data1\" content=\"Andrea Gimeno\" \/>\n\t<meta name=\"twitter:label2\" content=\"Tiempo de lectura\" \/>\n\t<meta name=\"twitter:data2\" content=\"3 minutos\" \/>\n<script type=\"application\/ld+json\" class=\"yoast-schema-graph\">{\"@context\":\"https:\\\/\\\/schema.org\",\"@graph\":[{\"@type\":\"Article\",\"@id\":\"https:\\\/\\\/valenciasjb.salesianos.edu\\\/colegio\\\/el-alumno-ruben-simarro-ribelles-seleccionado-para-formar-parte-del-grupo-de-25-alumnas-y-alumnos-que-integraran-la-xvi-promocion-de-estalmat-cv-durante-el-bienio-2022-2024\\\/#article\",\"isPartOf\":{\"@id\":\"https:\\\/\\\/valenciasjb.salesianos.edu\\\/colegio\\\/el-alumno-ruben-simarro-ribelles-seleccionado-para-formar-parte-del-grupo-de-25-alumnas-y-alumnos-que-integraran-la-xvi-promocion-de-estalmat-cv-durante-el-bienio-2022-2024\\\/\"},\"author\":{\"name\":\"Andrea Gimeno\",\"@id\":\"https:\\\/\\\/valenciasjb.salesianos.edu\\\/colegio\\\/#\\\/schema\\\/person\\\/86dc674b625f6f68f88872bb794e6cf1\"},\"headline\":\"El alumno Rub\u00e9n Simarro Ribelles seleccionado para formar parte del grupo de 25 alumnas y alumnos que integrar\u00e1n la XVI Promoci\u00f3n de Estalmat CV durante el bienio 2022-2024\",\"datePublished\":\"2022-06-28T14:02:52+00:00\",\"dateModified\":\"2022-06-28T14:02:56+00:00\",\"mainEntityOfPage\":{\"@id\":\"https:\\\/\\\/valenciasjb.salesianos.edu\\\/colegio\\\/el-alumno-ruben-simarro-ribelles-seleccionado-para-formar-parte-del-grupo-de-25-alumnas-y-alumnos-que-integraran-la-xvi-promocion-de-estalmat-cv-durante-el-bienio-2022-2024\\\/\"},\"wordCount\":612,\"image\":{\"@id\":\"https:\\\/\\\/valenciasjb.salesianos.edu\\\/colegio\\\/el-alumno-ruben-simarro-ribelles-seleccionado-para-formar-parte-del-grupo-de-25-alumnas-y-alumnos-que-integraran-la-xvi-promocion-de-estalmat-cv-durante-el-bienio-2022-2024\\\/#primaryimage\"},\"thumbnailUrl\":\"https:\\\/\\\/valenciasjb.salesianos.edu\\\/colegio\\\/wp-content\\\/uploads\\\/sites\\\/2\\\/2022\\\/06\\\/FOTO-NOTICIA.jpg\",\"articleSection\":[\"Noticia Colegio\"],\"inLanguage\":\"es\"},{\"@type\":\"WebPage\",\"@id\":\"https:\\\/\\\/valenciasjb.salesianos.edu\\\/colegio\\\/el-alumno-ruben-simarro-ribelles-seleccionado-para-formar-parte-del-grupo-de-25-alumnas-y-alumnos-que-integraran-la-xvi-promocion-de-estalmat-cv-durante-el-bienio-2022-2024\\\/\",\"url\":\"https:\\\/\\\/valenciasjb.salesianos.edu\\\/colegio\\\/el-alumno-ruben-simarro-ribelles-seleccionado-para-formar-parte-del-grupo-de-25-alumnas-y-alumnos-que-integraran-la-xvi-promocion-de-estalmat-cv-durante-el-bienio-2022-2024\\\/\",\"name\":\"El alumno Rub\u00e9n Simarro Ribelles seleccionado para formar parte del grupo de 25 alumnas y alumnos que integrar\u00e1n la XVI Promoci\u00f3n de Estalmat CV durante el bienio 2022-2024 - Colegio San Juan Bosco Valencia\",\"isPartOf\":{\"@id\":\"https:\\\/\\\/valenciasjb.salesianos.edu\\\/colegio\\\/#website\"},\"primaryImageOfPage\":{\"@id\":\"https:\\\/\\\/valenciasjb.salesianos.edu\\\/colegio\\\/el-alumno-ruben-simarro-ribelles-seleccionado-para-formar-parte-del-grupo-de-25-alumnas-y-alumnos-que-integraran-la-xvi-promocion-de-estalmat-cv-durante-el-bienio-2022-2024\\\/#primaryimage\"},\"image\":{\"@id\":\"https:\\\/\\\/valenciasjb.salesianos.edu\\\/colegio\\\/el-alumno-ruben-simarro-ribelles-seleccionado-para-formar-parte-del-grupo-de-25-alumnas-y-alumnos-que-integraran-la-xvi-promocion-de-estalmat-cv-durante-el-bienio-2022-2024\\\/#primaryimage\"},\"thumbnailUrl\":\"https:\\\/\\\/valenciasjb.salesianos.edu\\\/colegio\\\/wp-content\\\/uploads\\\/sites\\\/2\\\/2022\\\/06\\\/FOTO-NOTICIA.jpg\",\"datePublished\":\"2022-06-28T14:02:52+00:00\",\"dateModified\":\"2022-06-28T14:02:56+00:00\",\"author\":{\"@id\":\"https:\\\/\\\/valenciasjb.salesianos.edu\\\/colegio\\\/#\\\/schema\\\/person\\\/86dc674b625f6f68f88872bb794e6cf1\"},\"breadcrumb\":{\"@id\":\"https:\\\/\\\/valenciasjb.salesianos.edu\\\/colegio\\\/el-alumno-ruben-simarro-ribelles-seleccionado-para-formar-parte-del-grupo-de-25-alumnas-y-alumnos-que-integraran-la-xvi-promocion-de-estalmat-cv-durante-el-bienio-2022-2024\\\/#breadcrumb\"},\"inLanguage\":\"es\",\"potentialAction\":[{\"@type\":\"ReadAction\",\"target\":[\"https:\\\/\\\/valenciasjb.salesianos.edu\\\/colegio\\\/el-alumno-ruben-simarro-ribelles-seleccionado-para-formar-parte-del-grupo-de-25-alumnas-y-alumnos-que-integraran-la-xvi-promocion-de-estalmat-cv-durante-el-bienio-2022-2024\\\/\"]}]},{\"@type\":\"ImageObject\",\"inLanguage\":\"es\",\"@id\":\"https:\\\/\\\/valenciasjb.salesianos.edu\\\/colegio\\\/el-alumno-ruben-simarro-ribelles-seleccionado-para-formar-parte-del-grupo-de-25-alumnas-y-alumnos-que-integraran-la-xvi-promocion-de-estalmat-cv-durante-el-bienio-2022-2024\\\/#primaryimage\",\"url\":\"https:\\\/\\\/valenciasjb.salesianos.edu\\\/colegio\\\/wp-content\\\/uploads\\\/sites\\\/2\\\/2022\\\/06\\\/FOTO-NOTICIA.jpg\",\"contentUrl\":\"https:\\\/\\\/valenciasjb.salesianos.edu\\\/colegio\\\/wp-content\\\/uploads\\\/sites\\\/2\\\/2022\\\/06\\\/FOTO-NOTICIA.jpg\",\"width\":482,\"height\":644},{\"@type\":\"BreadcrumbList\",\"@id\":\"https:\\\/\\\/valenciasjb.salesianos.edu\\\/colegio\\\/el-alumno-ruben-simarro-ribelles-seleccionado-para-formar-parte-del-grupo-de-25-alumnas-y-alumnos-que-integraran-la-xvi-promocion-de-estalmat-cv-durante-el-bienio-2022-2024\\\/#breadcrumb\",\"itemListElement\":[{\"@type\":\"ListItem\",\"position\":1,\"name\":\"Portada\",\"item\":\"https:\\\/\\\/valenciasjb.salesianos.edu\\\/colegio\\\/\"},{\"@type\":\"ListItem\",\"position\":2,\"name\":\"El alumno Rub\u00e9n Simarro Ribelles seleccionado para formar parte del grupo de 25 alumnas y alumnos que integrar\u00e1n la XVI Promoci\u00f3n de Estalmat CV durante el bienio 2022-2024\"}]},{\"@type\":\"WebSite\",\"@id\":\"https:\\\/\\\/valenciasjb.salesianos.edu\\\/colegio\\\/#website\",\"url\":\"https:\\\/\\\/valenciasjb.salesianos.edu\\\/colegio\\\/\",\"name\":\"Colegio San Juan Bosco Valencia\",\"description\":\"P\u00e1gina oficial del Colegio Salesianos San Juan Bosco Valencia\",\"alternateName\":\"Salesianos.VSJB\",\"potentialAction\":[{\"@type\":\"SearchAction\",\"target\":{\"@type\":\"EntryPoint\",\"urlTemplate\":\"https:\\\/\\\/valenciasjb.salesianos.edu\\\/colegio\\\/?s={search_term_string}\"},\"query-input\":{\"@type\":\"PropertyValueSpecification\",\"valueRequired\":true,\"valueName\":\"search_term_string\"}}],\"inLanguage\":\"es\"},{\"@type\":\"Person\",\"@id\":\"https:\\\/\\\/valenciasjb.salesianos.edu\\\/colegio\\\/#\\\/schema\\\/person\\\/86dc674b625f6f68f88872bb794e6cf1\",\"name\":\"Andrea Gimeno\",\"image\":{\"@type\":\"ImageObject\",\"inLanguage\":\"es\",\"@id\":\"https:\\\/\\\/secure.gravatar.com\\\/avatar\\\/05fb909788254678d737fffb74ea7910e552935c65650cba653de83762c6278d?s=96&d=mm&r=g\",\"url\":\"https:\\\/\\\/secure.gravatar.com\\\/avatar\\\/05fb909788254678d737fffb74ea7910e552935c65650cba653de83762c6278d?s=96&d=mm&r=g\",\"contentUrl\":\"https:\\\/\\\/secure.gravatar.com\\\/avatar\\\/05fb909788254678d737fffb74ea7910e552935c65650cba653de83762c6278d?s=96&d=mm&r=g\",\"caption\":\"Andrea Gimeno\"}}]}<\/script>\n<!-- \/ Yoast SEO plugin. -->","yoast_head_json":{"title":"El alumno Rub\u00e9n Simarro Ribelles seleccionado para formar parte del grupo de 25 alumnas y alumnos que integrar\u00e1n la XVI Promoci\u00f3n de Estalmat CV durante el bienio 2022-2024 - Colegio San Juan Bosco Valencia","robots":{"index":"index","follow":"follow","max-snippet":"max-snippet:-1","max-image-preview":"max-image-preview:large","max-video-preview":"max-video-preview:-1"},"canonical":"https:\/\/valenciasjb.salesianos.edu\/colegio\/el-alumno-ruben-simarro-ribelles-seleccionado-para-formar-parte-del-grupo-de-25-alumnas-y-alumnos-que-integraran-la-xvi-promocion-de-estalmat-cv-durante-el-bienio-2022-2024\/","og_locale":"es_ES","og_type":"article","og_title":"El alumno Rub\u00e9n Simarro Ribelles seleccionado para formar parte del grupo de 25 alumnas y alumnos que integrar\u00e1n la XVI Promoci\u00f3n de Estalmat CV durante el bienio 2022-2024 - Colegio San Juan Bosco Valencia","og_description":"ESTALMAT es un proyecto de la Real Academia de Ciencias Exactas, F\u00edsicas y Naturales, en colaboraci\u00f3n con la Universidad de Valencia, que trata la detecci\u00f3n, orientaci\u00f3n y est\u00edmulo del talento matem\u00e1tico de estudiantes de 12-13 a\u00f1os sin extraerlos de su entorno. Este proceso tiene lugar durante dos a\u00f1os, en los que las alumnas y alumnos [&hellip;]","og_url":"https:\/\/valenciasjb.salesianos.edu\/colegio\/el-alumno-ruben-simarro-ribelles-seleccionado-para-formar-parte-del-grupo-de-25-alumnas-y-alumnos-que-integraran-la-xvi-promocion-de-estalmat-cv-durante-el-bienio-2022-2024\/","og_site_name":"Colegio San Juan Bosco Valencia","article_publisher":"https:\/\/www.facebook.com\/ColegioSalesianoSanJuanBoscoValencia","article_published_time":"2022-06-28T14:02:52+00:00","article_modified_time":"2022-06-28T14:02:56+00:00","og_image":[{"width":482,"height":644,"url":"https:\/\/valenciasjb.salesianos.edu\/colegio\/wp-content\/uploads\/sites\/2\/2022\/06\/FOTO-NOTICIA.jpg","type":"image\/jpeg"}],"author":"Andrea Gimeno","twitter_card":"summary_large_image","twitter_creator":"@SalesianosVSJB","twitter_site":"@SalesianosVSJB","twitter_misc":{"Escrito por":"Andrea Gimeno","Tiempo de lectura":"3 minutos"},"schema":{"@context":"https:\/\/schema.org","@graph":[{"@type":"Article","@id":"https:\/\/valenciasjb.salesianos.edu\/colegio\/el-alumno-ruben-simarro-ribelles-seleccionado-para-formar-parte-del-grupo-de-25-alumnas-y-alumnos-que-integraran-la-xvi-promocion-de-estalmat-cv-durante-el-bienio-2022-2024\/#article","isPartOf":{"@id":"https:\/\/valenciasjb.salesianos.edu\/colegio\/el-alumno-ruben-simarro-ribelles-seleccionado-para-formar-parte-del-grupo-de-25-alumnas-y-alumnos-que-integraran-la-xvi-promocion-de-estalmat-cv-durante-el-bienio-2022-2024\/"},"author":{"name":"Andrea Gimeno","@id":"https:\/\/valenciasjb.salesianos.edu\/colegio\/#\/schema\/person\/86dc674b625f6f68f88872bb794e6cf1"},"headline":"El alumno Rub\u00e9n Simarro Ribelles seleccionado para formar parte del grupo de 25 alumnas y alumnos que integrar\u00e1n la XVI Promoci\u00f3n de Estalmat CV durante el bienio 2022-2024","datePublished":"2022-06-28T14:02:52+00:00","dateModified":"2022-06-28T14:02:56+00:00","mainEntityOfPage":{"@id":"https:\/\/valenciasjb.salesianos.edu\/colegio\/el-alumno-ruben-simarro-ribelles-seleccionado-para-formar-parte-del-grupo-de-25-alumnas-y-alumnos-que-integraran-la-xvi-promocion-de-estalmat-cv-durante-el-bienio-2022-2024\/"},"wordCount":612,"image":{"@id":"https:\/\/valenciasjb.salesianos.edu\/colegio\/el-alumno-ruben-simarro-ribelles-seleccionado-para-formar-parte-del-grupo-de-25-alumnas-y-alumnos-que-integraran-la-xvi-promocion-de-estalmat-cv-durante-el-bienio-2022-2024\/#primaryimage"},"thumbnailUrl":"https:\/\/valenciasjb.salesianos.edu\/colegio\/wp-content\/uploads\/sites\/2\/2022\/06\/FOTO-NOTICIA.jpg","articleSection":["Noticia Colegio"],"inLanguage":"es"},{"@type":"WebPage","@id":"https:\/\/valenciasjb.salesianos.edu\/colegio\/el-alumno-ruben-simarro-ribelles-seleccionado-para-formar-parte-del-grupo-de-25-alumnas-y-alumnos-que-integraran-la-xvi-promocion-de-estalmat-cv-durante-el-bienio-2022-2024\/","url":"https:\/\/valenciasjb.salesianos.edu\/colegio\/el-alumno-ruben-simarro-ribelles-seleccionado-para-formar-parte-del-grupo-de-25-alumnas-y-alumnos-que-integraran-la-xvi-promocion-de-estalmat-cv-durante-el-bienio-2022-2024\/","name":"El alumno Rub\u00e9n Simarro Ribelles seleccionado para formar parte del grupo de 25 alumnas y alumnos que integrar\u00e1n la XVI Promoci\u00f3n de Estalmat CV durante el bienio 2022-2024 - Colegio San Juan Bosco Valencia","isPartOf":{"@id":"https:\/\/valenciasjb.salesianos.edu\/colegio\/#website"},"primaryImageOfPage":{"@id":"https:\/\/valenciasjb.salesianos.edu\/colegio\/el-alumno-ruben-simarro-ribelles-seleccionado-para-formar-parte-del-grupo-de-25-alumnas-y-alumnos-que-integraran-la-xvi-promocion-de-estalmat-cv-durante-el-bienio-2022-2024\/#primaryimage"},"image":{"@id":"https:\/\/valenciasjb.salesianos.edu\/colegio\/el-alumno-ruben-simarro-ribelles-seleccionado-para-formar-parte-del-grupo-de-25-alumnas-y-alumnos-que-integraran-la-xvi-promocion-de-estalmat-cv-durante-el-bienio-2022-2024\/#primaryimage"},"thumbnailUrl":"https:\/\/valenciasjb.salesianos.edu\/colegio\/wp-content\/uploads\/sites\/2\/2022\/06\/FOTO-NOTICIA.jpg","datePublished":"2022-06-28T14:02:52+00:00","dateModified":"2022-06-28T14:02:56+00:00","author":{"@id":"https:\/\/valenciasjb.salesianos.edu\/colegio\/#\/schema\/person\/86dc674b625f6f68f88872bb794e6cf1"},"breadcrumb":{"@id":"https:\/\/valenciasjb.salesianos.edu\/colegio\/el-alumno-ruben-simarro-ribelles-seleccionado-para-formar-parte-del-grupo-de-25-alumnas-y-alumnos-que-integraran-la-xvi-promocion-de-estalmat-cv-durante-el-bienio-2022-2024\/#breadcrumb"},"inLanguage":"es","potentialAction":[{"@type":"ReadAction","target":["https:\/\/valenciasjb.salesianos.edu\/colegio\/el-alumno-ruben-simarro-ribelles-seleccionado-para-formar-parte-del-grupo-de-25-alumnas-y-alumnos-que-integraran-la-xvi-promocion-de-estalmat-cv-durante-el-bienio-2022-2024\/"]}]},{"@type":"ImageObject","inLanguage":"es","@id":"https:\/\/valenciasjb.salesianos.edu\/colegio\/el-alumno-ruben-simarro-ribelles-seleccionado-para-formar-parte-del-grupo-de-25-alumnas-y-alumnos-que-integraran-la-xvi-promocion-de-estalmat-cv-durante-el-bienio-2022-2024\/#primaryimage","url":"https:\/\/valenciasjb.salesianos.edu\/colegio\/wp-content\/uploads\/sites\/2\/2022\/06\/FOTO-NOTICIA.jpg","contentUrl":"https:\/\/valenciasjb.salesianos.edu\/colegio\/wp-content\/uploads\/sites\/2\/2022\/06\/FOTO-NOTICIA.jpg","width":482,"height":644},{"@type":"BreadcrumbList","@id":"https:\/\/valenciasjb.salesianos.edu\/colegio\/el-alumno-ruben-simarro-ribelles-seleccionado-para-formar-parte-del-grupo-de-25-alumnas-y-alumnos-que-integraran-la-xvi-promocion-de-estalmat-cv-durante-el-bienio-2022-2024\/#breadcrumb","itemListElement":[{"@type":"ListItem","position":1,"name":"Portada","item":"https:\/\/valenciasjb.salesianos.edu\/colegio\/"},{"@type":"ListItem","position":2,"name":"El alumno Rub\u00e9n Simarro Ribelles seleccionado para formar parte del grupo de 25 alumnas y alumnos que integrar\u00e1n la XVI Promoci\u00f3n de Estalmat CV durante el bienio 2022-2024"}]},{"@type":"WebSite","@id":"https:\/\/valenciasjb.salesianos.edu\/colegio\/#website","url":"https:\/\/valenciasjb.salesianos.edu\/colegio\/","name":"Colegio San Juan Bosco Valencia","description":"P\u00e1gina oficial del Colegio Salesianos San Juan Bosco Valencia","alternateName":"Salesianos.VSJB","potentialAction":[{"@type":"SearchAction","target":{"@type":"EntryPoint","urlTemplate":"https:\/\/valenciasjb.salesianos.edu\/colegio\/?s={search_term_string}"},"query-input":{"@type":"PropertyValueSpecification","valueRequired":true,"valueName":"search_term_string"}}],"inLanguage":"es"},{"@type":"Person","@id":"https:\/\/valenciasjb.salesianos.edu\/colegio\/#\/schema\/person\/86dc674b625f6f68f88872bb794e6cf1","name":"Andrea Gimeno","image":{"@type":"ImageObject","inLanguage":"es","@id":"https:\/\/secure.gravatar.com\/avatar\/05fb909788254678d737fffb74ea7910e552935c65650cba653de83762c6278d?s=96&d=mm&r=g","url":"https:\/\/secure.gravatar.com\/avatar\/05fb909788254678d737fffb74ea7910e552935c65650cba653de83762c6278d?s=96&d=mm&r=g","contentUrl":"https:\/\/secure.gravatar.com\/avatar\/05fb909788254678d737fffb74ea7910e552935c65650cba653de83762c6278d?s=96&d=mm&r=g","caption":"Andrea Gimeno"}}]}},"_links":{"self":[{"href":"https:\/\/valenciasjb.salesianos.edu\/colegio\/wp-json\/wp\/v2\/posts\/17636","targetHints":{"allow":["GET"]}}],"collection":[{"href":"https:\/\/valenciasjb.salesianos.edu\/colegio\/wp-json\/wp\/v2\/posts"}],"about":[{"href":"https:\/\/valenciasjb.salesianos.edu\/colegio\/wp-json\/wp\/v2\/types\/post"}],"author":[{"embeddable":true,"href":"https:\/\/valenciasjb.salesianos.edu\/colegio\/wp-json\/wp\/v2\/users\/14"}],"replies":[{"embeddable":true,"href":"https:\/\/valenciasjb.salesianos.edu\/colegio\/wp-json\/wp\/v2\/comments?post=17636"}],"version-history":[{"count":5,"href":"https:\/\/valenciasjb.salesianos.edu\/colegio\/wp-json\/wp\/v2\/posts\/17636\/revisions"}],"predecessor-version":[{"id":17643,"href":"https:\/\/valenciasjb.salesianos.edu\/colegio\/wp-json\/wp\/v2\/posts\/17636\/revisions\/17643"}],"wp:featuredmedia":[{"embeddable":true,"href":"https:\/\/valenciasjb.salesianos.edu\/colegio\/wp-json\/wp\/v2\/media\/17639"}],"wp:attachment":[{"href":"https:\/\/valenciasjb.salesianos.edu\/colegio\/wp-json\/wp\/v2\/media?parent=17636"}],"wp:term":[{"taxonomy":"category","embeddable":true,"href":"https:\/\/valenciasjb.salesianos.edu\/colegio\/wp-json\/wp\/v2\/categories?post=17636"},{"taxonomy":"post_tag","embeddable":true,"href":"https:\/\/valenciasjb.salesianos.edu\/colegio\/wp-json\/wp\/v2\/tags?post=17636"}],"curies":[{"name":"wp","href":"https:\/\/api.w.org\/{rel}","templated":true}]}}