{"id":17665,"date":"2022-07-04T11:01:37","date_gmt":"2022-07-04T10:01:37","guid":{"rendered":"https:\/\/valenciasjb.salesianos.edu\/colegio\/?p=17665"},"modified":"2022-07-04T11:01:41","modified_gmt":"2022-07-04T10:01:41","slug":"el-claustro-se-despide-del-curso-con-emocion-y-agradecimientos","status":"publish","type":"post","link":"https:\/\/valenciasjb.salesianos.edu\/colegio\/el-claustro-se-despide-del-curso-con-emocion-y-agradecimientos\/","title":{"rendered":"El claustro se despide del curso con emoci\u00f3n y agradecimientos"},"content":{"rendered":"<div id=\"fb-root\"><\/div>\n<p>[et_pb_section fb_built=\u00bb1&#8243; admin_label=\u00bbsection\u00bb _builder_version=\u00bb4.16&#8243; global_colors_info=\u00bb{}\u00bb theme_builder_area=\u00bbpost_content\u00bb][et_pb_row admin_label=\u00bbrow\u00bb _builder_version=\u00bb4.16&#8243; background_size=\u00bbinitial\u00bb background_position=\u00bbtop_left\u00bb background_repeat=\u00bbrepeat\u00bb global_colors_info=\u00bb{}\u00bb theme_builder_area=\u00bbpost_content\u00bb][et_pb_column type=\u00bb4_4&#8243; _builder_version=\u00bb4.16&#8243; custom_padding=\u00bb|||\u00bb global_colors_info=\u00bb{}\u00bb custom_padding__hover=\u00bb|||\u00bb theme_builder_area=\u00bbpost_content\u00bb][et_pb_text admin_label=\u00bbEntradilla (Texto)\u00bb _builder_version=\u00bb4.17.4&#8243; text_font=\u00bb|on|||\u00bb text_orientation=\u00bbjustified\u00bb module_alignment=\u00bbjustified\u00bb hover_enabled=\u00bb0&#8243; global_colors_info=\u00bb{}\u00bb theme_builder_area=\u00bbpost_content\u00bb sticky_enabled=\u00bb0&#8243;]<\/p>\n<div id=\"resumen\"><strong>Todos los docentes de nuestro colegio reunidos para dar punto final a este curso.\u00a0<\/strong><\/div>\n<div>\u00a0<\/div>\n<p>[\/et_pb_text][et_pb_text admin_label=\u00bbAutor (Texto)\u00bb _builder_version=\u00bb4.17.4&#8243; text_font=\u00bb||on||\u00bb hover_enabled=\u00bb0&#8243; global_colors_info=\u00bb{}\u00bb theme_builder_area=\u00bbpost_content\u00bb sticky_enabled=\u00bb0&#8243;]<\/p>\n<p>Redacci\u00f3n<\/p>\n<p>[\/et_pb_text][et_pb_text admin_label=\u00bbDesarrollo (Texto)\u00bb _builder_version=\u00bb4.17.4&#8243; text_orientation=\u00bbjustified\u00bb module_alignment=\u00bbjustified\u00bb hover_enabled=\u00bb0&#8243; global_colors_info=\u00bb{}\u00bb theme_builder_area=\u00bbpost_content\u00bb sticky_enabled=\u00bb0&#8243;]<\/p>\n<p>El pasado viernes 1 de julio, en el claustro repasamos la memoria de final de curso que marcar\u00e1 nuevas l\u00edneas de mejora para los siguientes cursos. Fue momento tambi\u00e9n para agradecimientos a nuestro profesor, Fran Hern\u00e1ndez, que cumple 25 a\u00f1os en el colegio y a nuestra jefa de estudios de ESO, Ver\u00f3nica Pastor, que deja su cargo para ocuparse de otras funciones.<\/p>\n<p>Tambi\u00e9n tuvo lugar un agradecimiento muy especial a nuestra directora pedag\u00f3gica de ESO y Bachillerato, Cristina Colmenero, que termina su cargo tras seis a\u00f1os de impecable labor, entrega y servicio.<\/p>\n<p>Para finalizar, todos los docentes quisimos rendir a nuestro director del colegio, Juan Peris, un merecid\u00edsimo homenaje por toda una vida al servicio del colegio desde todos los cargos que ha ocupado, el viernes termin\u00f3 su paso como director y solo podemos decirle GRACIAS en may\u00fasculas por todo lo que ha hecho por el colegio y por todos los miembros de nuestra familia salesiana.<\/p>\n<p>Terminamos con una celebraci\u00f3n conjunta en la que pedimos al Se\u00f1or por esta bonita familia que formamos toda la comunidad educativo-pastoral.<\/p>\n<p>Os esperamos el curso pr\u00f3ximo, movidos por la esperanza y con nuevos retos&#8230; Abriendo caminos&#8230; \u00a1Feliz verano!<\/p>\n<p>[\/et_pb_text][et_pb_text disabled_on=\u00bboff|on|on\u00bb admin_label=\u00bbT\u00edtulo: Galer\u00eda de fotos (Texto)\u00bb _builder_version=\u00bb4.16&#8243; text_font=\u00bb|on|||\u00bb text_text_color=\u00bb#dc001b\u00bb border_style=\u00bbsolid\u00bb global_colors_info=\u00bb{}\u00bb theme_builder_area=\u00bbpost_content\u00bb]Galer\u00eda de im\u00e1genes<br \/>\n[\/et_pb_text][et_pb_gallery gallery_ids=\u00bb17668,17669,17670,17671,17672,17673,17674,17675,17676,17677&#8243; posts_number=\u00bb8&#8243; show_title_and_caption=\u00bboff\u00bb zoom_icon_color=\u00bb#dc001b\u00bb hover_icon=\u00bb&#x54;||divi||400&#8243; disabled_on=\u00bboff|off|off\u00bb _builder_version=\u00bb4.17.4&#8243; hover_enabled=\u00bb0&#8243; pagination_font_size_tablet=\u00bb51&#8243; pagination_line_height_tablet=\u00bb2&#8243; global_colors_info=\u00bb{}\u00bb theme_builder_area=\u00bbpost_content\u00bb sticky_enabled=\u00bb0&#8243;][\/et_pb_gallery][et_pb_video disabled_on=\u00bbon|on|on\u00bb _builder_version=\u00bb4.16&#8243; disabled=\u00bbon\u00bb global_colors_info=\u00bb{}\u00bb theme_builder_area=\u00bbpost_content\u00bb][\/et_pb_video][\/et_pb_column][\/et_pb_row][\/et_pb_section]<\/p>\n<!-- AddThis Advanced Settings generic via filter on the_content --><!-- AddThis Share Buttons generic via filter on the_content -->","protected":false},"excerpt":{"rendered":"<p>Todos los docentes de nuestro colegio reunidos para dar punto final a este curso.\u00a0 \u00a0Redacci\u00f3nEl pasado viernes 1 de julio, en el claustro repasamos la memoria de final de curso que marcar\u00e1 nuevas l\u00edneas de mejora para los siguientes cursos. Fue momento tambi\u00e9n para agradecimientos a nuestro profesor, Fran Hern\u00e1ndez, que cumple 25 a\u00f1os en [&hellip;]<\/p>\n<p><!-- AddThis Advanced Settings generic via filter on get_the_excerpt --><!-- AddThis Share Buttons generic via filter on get_the_excerpt --><\/p>\n","protected":false},"author":14,"featured_media":17668,"comment_status":"closed","ping_status":"open","sticky":false,"template":"","format":"standard","meta":{"_et_pb_use_builder":"on","_et_pb_old_content":"","_et_gb_content_width":"","footnotes":""},"categories":[14],"tags":[],"class_list":["post-17665","post","type-post","status-publish","format-standard","has-post-thumbnail","hentry","category-noticia_colegio"],"yoast_head":"<!-- This site is optimized with the Yoast SEO plugin v28.4 - https:\/\/yoast.com\/product\/yoast-seo-wordpress\/ -->\n<title>El claustro se despide del curso con emoci\u00f3n y agradecimientos - Colegio San Juan Bosco Valencia<\/title>\n<meta name=\"robots\" content=\"index, follow, max-snippet:-1, max-image-preview:large, max-video-preview:-1\" \/>\n<link rel=\"canonical\" href=\"https:\/\/valenciasjb.salesianos.edu\/colegio\/el-claustro-se-despide-del-curso-con-emocion-y-agradecimientos\/\" \/>\n<meta property=\"og:locale\" content=\"es_ES\" \/>\n<meta property=\"og:type\" content=\"article\" \/>\n<meta property=\"og:title\" content=\"El claustro se despide del curso con emoci\u00f3n y agradecimientos - Colegio San Juan Bosco Valencia\" \/>\n<meta property=\"og:description\" content=\"Todos los docentes de nuestro colegio reunidos para dar punto final a este curso.\u00a0 \u00a0Redacci\u00f3nEl pasado viernes 1 de julio, en el claustro repasamos la memoria de final de curso que marcar\u00e1 nuevas l\u00edneas de mejora para los siguientes cursos. Fue momento tambi\u00e9n para agradecimientos a nuestro profesor, Fran Hern\u00e1ndez, que cumple 25 a\u00f1os en [&hellip;]\" \/>\n<meta property=\"og:url\" content=\"https:\/\/valenciasjb.salesianos.edu\/colegio\/el-claustro-se-despide-del-curso-con-emocion-y-agradecimientos\/\" \/>\n<meta property=\"og:site_name\" content=\"Colegio San Juan Bosco Valencia\" \/>\n<meta property=\"article:publisher\" content=\"https:\/\/www.facebook.com\/ColegioSalesianoSanJuanBoscoValencia\" \/>\n<meta property=\"article:published_time\" content=\"2022-07-04T10:01:37+00:00\" \/>\n<meta property=\"article:modified_time\" content=\"2022-07-04T10:01:41+00:00\" \/>\n<meta property=\"og:image\" content=\"https:\/\/valenciasjb.salesianos.edu\/colegio\/wp-content\/uploads\/sites\/2\/2022\/07\/2022-07-04-11_56_48-Colegio-SJBV-@colegio.sjbv-\u2022-Fotos-y-videos-de-Instagram.png\" \/>\n\t<meta property=\"og:image:width\" content=\"825\" \/>\n\t<meta property=\"og:image:height\" content=\"558\" \/>\n\t<meta property=\"og:image:type\" content=\"image\/png\" \/>\n<meta name=\"author\" content=\"Andrea Gimeno\" \/>\n<meta name=\"twitter:card\" content=\"summary_large_image\" \/>\n<meta name=\"twitter:creator\" content=\"@SalesianosVSJB\" \/>\n<meta name=\"twitter:site\" content=\"@SalesianosVSJB\" \/>\n<meta name=\"twitter:label1\" content=\"Escrito por\" \/>\n\t<meta name=\"twitter:data1\" content=\"Andrea Gimeno\" \/>\n\t<meta name=\"twitter:label2\" content=\"Tiempo de lectura\" \/>\n\t<meta name=\"twitter:data2\" content=\"3 minutos\" \/>\n<script type=\"application\/ld+json\" class=\"yoast-schema-graph\">{\"@context\":\"https:\\\/\\\/schema.org\",\"@graph\":[{\"@type\":\"Article\",\"@id\":\"https:\\\/\\\/valenciasjb.salesianos.edu\\\/colegio\\\/el-claustro-se-despide-del-curso-con-emocion-y-agradecimientos\\\/#article\",\"isPartOf\":{\"@id\":\"https:\\\/\\\/valenciasjb.salesianos.edu\\\/colegio\\\/el-claustro-se-despide-del-curso-con-emocion-y-agradecimientos\\\/\"},\"author\":{\"name\":\"Andrea Gimeno\",\"@id\":\"https:\\\/\\\/valenciasjb.salesianos.edu\\\/colegio\\\/#\\\/schema\\\/person\\\/86dc674b625f6f68f88872bb794e6cf1\"},\"headline\":\"El claustro se despide del curso con emoci\u00f3n y agradecimientos\",\"datePublished\":\"2022-07-04T10:01:37+00:00\",\"dateModified\":\"2022-07-04T10:01:41+00:00\",\"mainEntityOfPage\":{\"@id\":\"https:\\\/\\\/valenciasjb.salesianos.edu\\\/colegio\\\/el-claustro-se-despide-del-curso-con-emocion-y-agradecimientos\\\/\"},\"wordCount\":514,\"image\":{\"@id\":\"https:\\\/\\\/valenciasjb.salesianos.edu\\\/colegio\\\/el-claustro-se-despide-del-curso-con-emocion-y-agradecimientos\\\/#primaryimage\"},\"thumbnailUrl\":\"https:\\\/\\\/valenciasjb.salesianos.edu\\\/colegio\\\/wp-content\\\/uploads\\\/sites\\\/2\\\/2022\\\/07\\\/2022-07-04-11_56_48-Colegio-SJBV-@colegio.sjbv-\u2022-Fotos-y-videos-de-Instagram.png\",\"articleSection\":[\"Noticia Colegio\"],\"inLanguage\":\"es\"},{\"@type\":\"WebPage\",\"@id\":\"https:\\\/\\\/valenciasjb.salesianos.edu\\\/colegio\\\/el-claustro-se-despide-del-curso-con-emocion-y-agradecimientos\\\/\",\"url\":\"https:\\\/\\\/valenciasjb.salesianos.edu\\\/colegio\\\/el-claustro-se-despide-del-curso-con-emocion-y-agradecimientos\\\/\",\"name\":\"El claustro se despide del curso con emoci\u00f3n y agradecimientos - Colegio San Juan Bosco Valencia\",\"isPartOf\":{\"@id\":\"https:\\\/\\\/valenciasjb.salesianos.edu\\\/colegio\\\/#website\"},\"primaryImageOfPage\":{\"@id\":\"https:\\\/\\\/valenciasjb.salesianos.edu\\\/colegio\\\/el-claustro-se-despide-del-curso-con-emocion-y-agradecimientos\\\/#primaryimage\"},\"image\":{\"@id\":\"https:\\\/\\\/valenciasjb.salesianos.edu\\\/colegio\\\/el-claustro-se-despide-del-curso-con-emocion-y-agradecimientos\\\/#primaryimage\"},\"thumbnailUrl\":\"https:\\\/\\\/valenciasjb.salesianos.edu\\\/colegio\\\/wp-content\\\/uploads\\\/sites\\\/2\\\/2022\\\/07\\\/2022-07-04-11_56_48-Colegio-SJBV-@colegio.sjbv-\u2022-Fotos-y-videos-de-Instagram.png\",\"datePublished\":\"2022-07-04T10:01:37+00:00\",\"dateModified\":\"2022-07-04T10:01:41+00:00\",\"author\":{\"@id\":\"https:\\\/\\\/valenciasjb.salesianos.edu\\\/colegio\\\/#\\\/schema\\\/person\\\/86dc674b625f6f68f88872bb794e6cf1\"},\"breadcrumb\":{\"@id\":\"https:\\\/\\\/valenciasjb.salesianos.edu\\\/colegio\\\/el-claustro-se-despide-del-curso-con-emocion-y-agradecimientos\\\/#breadcrumb\"},\"inLanguage\":\"es\",\"potentialAction\":[{\"@type\":\"ReadAction\",\"target\":[\"https:\\\/\\\/valenciasjb.salesianos.edu\\\/colegio\\\/el-claustro-se-despide-del-curso-con-emocion-y-agradecimientos\\\/\"]}]},{\"@type\":\"ImageObject\",\"inLanguage\":\"es\",\"@id\":\"https:\\\/\\\/valenciasjb.salesianos.edu\\\/colegio\\\/el-claustro-se-despide-del-curso-con-emocion-y-agradecimientos\\\/#primaryimage\",\"url\":\"https:\\\/\\\/valenciasjb.salesianos.edu\\\/colegio\\\/wp-content\\\/uploads\\\/sites\\\/2\\\/2022\\\/07\\\/2022-07-04-11_56_48-Colegio-SJBV-@colegio.sjbv-\u2022-Fotos-y-videos-de-Instagram.png\",\"contentUrl\":\"https:\\\/\\\/valenciasjb.salesianos.edu\\\/colegio\\\/wp-content\\\/uploads\\\/sites\\\/2\\\/2022\\\/07\\\/2022-07-04-11_56_48-Colegio-SJBV-@colegio.sjbv-\u2022-Fotos-y-videos-de-Instagram.png\",\"width\":825,\"height\":558},{\"@type\":\"BreadcrumbList\",\"@id\":\"https:\\\/\\\/valenciasjb.salesianos.edu\\\/colegio\\\/el-claustro-se-despide-del-curso-con-emocion-y-agradecimientos\\\/#breadcrumb\",\"itemListElement\":[{\"@type\":\"ListItem\",\"position\":1,\"name\":\"Portada\",\"item\":\"https:\\\/\\\/valenciasjb.salesianos.edu\\\/colegio\\\/\"},{\"@type\":\"ListItem\",\"position\":2,\"name\":\"El claustro se despide del curso con emoci\u00f3n y agradecimientos\"}]},{\"@type\":\"WebSite\",\"@id\":\"https:\\\/\\\/valenciasjb.salesianos.edu\\\/colegio\\\/#website\",\"url\":\"https:\\\/\\\/valenciasjb.salesianos.edu\\\/colegio\\\/\",\"name\":\"Colegio San Juan Bosco Valencia\",\"description\":\"P\u00e1gina oficial del Colegio Salesianos San Juan Bosco Valencia\",\"alternateName\":\"Salesianos.VSJB\",\"potentialAction\":[{\"@type\":\"SearchAction\",\"target\":{\"@type\":\"EntryPoint\",\"urlTemplate\":\"https:\\\/\\\/valenciasjb.salesianos.edu\\\/colegio\\\/?s={search_term_string}\"},\"query-input\":{\"@type\":\"PropertyValueSpecification\",\"valueRequired\":true,\"valueName\":\"search_term_string\"}}],\"inLanguage\":\"es\"},{\"@type\":\"Person\",\"@id\":\"https:\\\/\\\/valenciasjb.salesianos.edu\\\/colegio\\\/#\\\/schema\\\/person\\\/86dc674b625f6f68f88872bb794e6cf1\",\"name\":\"Andrea Gimeno\",\"image\":{\"@type\":\"ImageObject\",\"inLanguage\":\"es\",\"@id\":\"https:\\\/\\\/secure.gravatar.com\\\/avatar\\\/05fb909788254678d737fffb74ea7910e552935c65650cba653de83762c6278d?s=96&d=mm&r=g\",\"url\":\"https:\\\/\\\/secure.gravatar.com\\\/avatar\\\/05fb909788254678d737fffb74ea7910e552935c65650cba653de83762c6278d?s=96&d=mm&r=g\",\"contentUrl\":\"https:\\\/\\\/secure.gravatar.com\\\/avatar\\\/05fb909788254678d737fffb74ea7910e552935c65650cba653de83762c6278d?s=96&d=mm&r=g\",\"caption\":\"Andrea Gimeno\"}}]}<\/script>\n<!-- \/ Yoast SEO plugin. -->","yoast_head_json":{"title":"El claustro se despide del curso con emoci\u00f3n y agradecimientos - Colegio San Juan Bosco Valencia","robots":{"index":"index","follow":"follow","max-snippet":"max-snippet:-1","max-image-preview":"max-image-preview:large","max-video-preview":"max-video-preview:-1"},"canonical":"https:\/\/valenciasjb.salesianos.edu\/colegio\/el-claustro-se-despide-del-curso-con-emocion-y-agradecimientos\/","og_locale":"es_ES","og_type":"article","og_title":"El claustro se despide del curso con emoci\u00f3n y agradecimientos - Colegio San Juan Bosco Valencia","og_description":"Todos los docentes de nuestro colegio reunidos para dar punto final a este curso.\u00a0 \u00a0Redacci\u00f3nEl pasado viernes 1 de julio, en el claustro repasamos la memoria de final de curso que marcar\u00e1 nuevas l\u00edneas de mejora para los siguientes cursos. Fue momento tambi\u00e9n para agradecimientos a nuestro profesor, Fran Hern\u00e1ndez, que cumple 25 a\u00f1os en [&hellip;]","og_url":"https:\/\/valenciasjb.salesianos.edu\/colegio\/el-claustro-se-despide-del-curso-con-emocion-y-agradecimientos\/","og_site_name":"Colegio San Juan Bosco Valencia","article_publisher":"https:\/\/www.facebook.com\/ColegioSalesianoSanJuanBoscoValencia","article_published_time":"2022-07-04T10:01:37+00:00","article_modified_time":"2022-07-04T10:01:41+00:00","og_image":[{"width":825,"height":558,"url":"https:\/\/valenciasjb.salesianos.edu\/colegio\/wp-content\/uploads\/sites\/2\/2022\/07\/2022-07-04-11_56_48-Colegio-SJBV-@colegio.sjbv-\u2022-Fotos-y-videos-de-Instagram.png","type":"image\/png"}],"author":"Andrea Gimeno","twitter_card":"summary_large_image","twitter_creator":"@SalesianosVSJB","twitter_site":"@SalesianosVSJB","twitter_misc":{"Escrito por":"Andrea Gimeno","Tiempo de lectura":"3 minutos"},"schema":{"@context":"https:\/\/schema.org","@graph":[{"@type":"Article","@id":"https:\/\/valenciasjb.salesianos.edu\/colegio\/el-claustro-se-despide-del-curso-con-emocion-y-agradecimientos\/#article","isPartOf":{"@id":"https:\/\/valenciasjb.salesianos.edu\/colegio\/el-claustro-se-despide-del-curso-con-emocion-y-agradecimientos\/"},"author":{"name":"Andrea Gimeno","@id":"https:\/\/valenciasjb.salesianos.edu\/colegio\/#\/schema\/person\/86dc674b625f6f68f88872bb794e6cf1"},"headline":"El claustro se despide del curso con emoci\u00f3n y agradecimientos","datePublished":"2022-07-04T10:01:37+00:00","dateModified":"2022-07-04T10:01:41+00:00","mainEntityOfPage":{"@id":"https:\/\/valenciasjb.salesianos.edu\/colegio\/el-claustro-se-despide-del-curso-con-emocion-y-agradecimientos\/"},"wordCount":514,"image":{"@id":"https:\/\/valenciasjb.salesianos.edu\/colegio\/el-claustro-se-despide-del-curso-con-emocion-y-agradecimientos\/#primaryimage"},"thumbnailUrl":"https:\/\/valenciasjb.salesianos.edu\/colegio\/wp-content\/uploads\/sites\/2\/2022\/07\/2022-07-04-11_56_48-Colegio-SJBV-@colegio.sjbv-\u2022-Fotos-y-videos-de-Instagram.png","articleSection":["Noticia Colegio"],"inLanguage":"es"},{"@type":"WebPage","@id":"https:\/\/valenciasjb.salesianos.edu\/colegio\/el-claustro-se-despide-del-curso-con-emocion-y-agradecimientos\/","url":"https:\/\/valenciasjb.salesianos.edu\/colegio\/el-claustro-se-despide-del-curso-con-emocion-y-agradecimientos\/","name":"El claustro se despide del curso con emoci\u00f3n y agradecimientos - Colegio San Juan Bosco Valencia","isPartOf":{"@id":"https:\/\/valenciasjb.salesianos.edu\/colegio\/#website"},"primaryImageOfPage":{"@id":"https:\/\/valenciasjb.salesianos.edu\/colegio\/el-claustro-se-despide-del-curso-con-emocion-y-agradecimientos\/#primaryimage"},"image":{"@id":"https:\/\/valenciasjb.salesianos.edu\/colegio\/el-claustro-se-despide-del-curso-con-emocion-y-agradecimientos\/#primaryimage"},"thumbnailUrl":"https:\/\/valenciasjb.salesianos.edu\/colegio\/wp-content\/uploads\/sites\/2\/2022\/07\/2022-07-04-11_56_48-Colegio-SJBV-@colegio.sjbv-\u2022-Fotos-y-videos-de-Instagram.png","datePublished":"2022-07-04T10:01:37+00:00","dateModified":"2022-07-04T10:01:41+00:00","author":{"@id":"https:\/\/valenciasjb.salesianos.edu\/colegio\/#\/schema\/person\/86dc674b625f6f68f88872bb794e6cf1"},"breadcrumb":{"@id":"https:\/\/valenciasjb.salesianos.edu\/colegio\/el-claustro-se-despide-del-curso-con-emocion-y-agradecimientos\/#breadcrumb"},"inLanguage":"es","potentialAction":[{"@type":"ReadAction","target":["https:\/\/valenciasjb.salesianos.edu\/colegio\/el-claustro-se-despide-del-curso-con-emocion-y-agradecimientos\/"]}]},{"@type":"ImageObject","inLanguage":"es","@id":"https:\/\/valenciasjb.salesianos.edu\/colegio\/el-claustro-se-despide-del-curso-con-emocion-y-agradecimientos\/#primaryimage","url":"https:\/\/valenciasjb.salesianos.edu\/colegio\/wp-content\/uploads\/sites\/2\/2022\/07\/2022-07-04-11_56_48-Colegio-SJBV-@colegio.sjbv-\u2022-Fotos-y-videos-de-Instagram.png","contentUrl":"https:\/\/valenciasjb.salesianos.edu\/colegio\/wp-content\/uploads\/sites\/2\/2022\/07\/2022-07-04-11_56_48-Colegio-SJBV-@colegio.sjbv-\u2022-Fotos-y-videos-de-Instagram.png","width":825,"height":558},{"@type":"BreadcrumbList","@id":"https:\/\/valenciasjb.salesianos.edu\/colegio\/el-claustro-se-despide-del-curso-con-emocion-y-agradecimientos\/#breadcrumb","itemListElement":[{"@type":"ListItem","position":1,"name":"Portada","item":"https:\/\/valenciasjb.salesianos.edu\/colegio\/"},{"@type":"ListItem","position":2,"name":"El claustro se despide del curso con emoci\u00f3n y agradecimientos"}]},{"@type":"WebSite","@id":"https:\/\/valenciasjb.salesianos.edu\/colegio\/#website","url":"https:\/\/valenciasjb.salesianos.edu\/colegio\/","name":"Colegio San Juan Bosco Valencia","description":"P\u00e1gina oficial del Colegio Salesianos San Juan Bosco Valencia","alternateName":"Salesianos.VSJB","potentialAction":[{"@type":"SearchAction","target":{"@type":"EntryPoint","urlTemplate":"https:\/\/valenciasjb.salesianos.edu\/colegio\/?s={search_term_string}"},"query-input":{"@type":"PropertyValueSpecification","valueRequired":true,"valueName":"search_term_string"}}],"inLanguage":"es"},{"@type":"Person","@id":"https:\/\/valenciasjb.salesianos.edu\/colegio\/#\/schema\/person\/86dc674b625f6f68f88872bb794e6cf1","name":"Andrea Gimeno","image":{"@type":"ImageObject","inLanguage":"es","@id":"https:\/\/secure.gravatar.com\/avatar\/05fb909788254678d737fffb74ea7910e552935c65650cba653de83762c6278d?s=96&d=mm&r=g","url":"https:\/\/secure.gravatar.com\/avatar\/05fb909788254678d737fffb74ea7910e552935c65650cba653de83762c6278d?s=96&d=mm&r=g","contentUrl":"https:\/\/secure.gravatar.com\/avatar\/05fb909788254678d737fffb74ea7910e552935c65650cba653de83762c6278d?s=96&d=mm&r=g","caption":"Andrea Gimeno"}}]}},"_links":{"self":[{"href":"https:\/\/valenciasjb.salesianos.edu\/colegio\/wp-json\/wp\/v2\/posts\/17665","targetHints":{"allow":["GET"]}}],"collection":[{"href":"https:\/\/valenciasjb.salesianos.edu\/colegio\/wp-json\/wp\/v2\/posts"}],"about":[{"href":"https:\/\/valenciasjb.salesianos.edu\/colegio\/wp-json\/wp\/v2\/types\/post"}],"author":[{"embeddable":true,"href":"https:\/\/valenciasjb.salesianos.edu\/colegio\/wp-json\/wp\/v2\/users\/14"}],"replies":[{"embeddable":true,"href":"https:\/\/valenciasjb.salesianos.edu\/colegio\/wp-json\/wp\/v2\/comments?post=17665"}],"version-history":[{"count":5,"href":"https:\/\/valenciasjb.salesianos.edu\/colegio\/wp-json\/wp\/v2\/posts\/17665\/revisions"}],"predecessor-version":[{"id":17681,"href":"https:\/\/valenciasjb.salesianos.edu\/colegio\/wp-json\/wp\/v2\/posts\/17665\/revisions\/17681"}],"wp:featuredmedia":[{"embeddable":true,"href":"https:\/\/valenciasjb.salesianos.edu\/colegio\/wp-json\/wp\/v2\/media\/17668"}],"wp:attachment":[{"href":"https:\/\/valenciasjb.salesianos.edu\/colegio\/wp-json\/wp\/v2\/media?parent=17665"}],"wp:term":[{"taxonomy":"category","embeddable":true,"href":"https:\/\/valenciasjb.salesianos.edu\/colegio\/wp-json\/wp\/v2\/categories?post=17665"},{"taxonomy":"post_tag","embeddable":true,"href":"https:\/\/valenciasjb.salesianos.edu\/colegio\/wp-json\/wp\/v2\/tags?post=17665"}],"curies":[{"name":"wp","href":"https:\/\/api.w.org\/{rel}","templated":true}]}}