{"id":17913,"date":"2022-09-01T14:43:33","date_gmt":"2022-09-01T13:43:33","guid":{"rendered":"https:\/\/valenciasjb.salesianos.edu\/colegio\/?p=17913"},"modified":"2022-09-01T15:05:22","modified_gmt":"2022-09-01T14:05:22","slug":"claustro-de-inicio-de-curso-en-el-que-abrimos-caminos","status":"publish","type":"post","link":"https:\/\/valenciasjb.salesianos.edu\/colegio\/claustro-de-inicio-de-curso-en-el-que-abrimos-caminos\/","title":{"rendered":"Claustro de inicio de curso en el que \u00ababrimos caminos\u00bb"},"content":{"rendered":"<div id=\"fb-root\"><\/div>\n<p>[et_pb_section fb_built=\u00bb1&#8243; admin_label=\u00bbsection\u00bb _builder_version=\u00bb4.16&#8243; global_colors_info=\u00bb{}\u00bb][et_pb_row admin_label=\u00bbrow\u00bb _builder_version=\u00bb4.16&#8243; background_size=\u00bbinitial\u00bb background_position=\u00bbtop_left\u00bb background_repeat=\u00bbrepeat\u00bb global_colors_info=\u00bb{}\u00bb][et_pb_column type=\u00bb4_4&#8243; _builder_version=\u00bb4.16&#8243; custom_padding=\u00bb|||\u00bb global_colors_info=\u00bb{}\u00bb custom_padding__hover=\u00bb|||\u00bb][et_pb_text admin_label=\u00bbAutor\u00bb _builder_version=\u00bb4.18.0&#8243; background_size=\u00bbinitial\u00bb background_position=\u00bbtop_left\u00bb background_repeat=\u00bbrepeat\u00bb use_border_color=\u00bboff\u00bb border_color=\u00bb#ffffff\u00bb border_style=\u00bbsolid\u00bb global_colors_info=\u00bb{}\u00bb]<\/p>\n<p>Redacci\u00f3n.<\/p>\n<p>[\/et_pb_text][et_pb_text admin_label=\u00bbEntradilla\u00bb _builder_version=\u00bb4.18.0&#8243; text_font=\u00bb|on|||\u00bb background_size=\u00bbinitial\u00bb background_position=\u00bbtop_left\u00bb background_repeat=\u00bbrepeat\u00bb use_border_color=\u00bboff\u00bb border_color=\u00bb#ffffff\u00bb border_style=\u00bbsolid\u00bb global_colors_info=\u00bb{}\u00bb]<\/p>\n<p><strong>En la ma\u00f1ana del jueves 1 de septiembre, ha tenido lugar el claustro de inicio del nuevo curso 2022-2023 en el que trabajaremos para hacer realidad el lema \u00ababrimos caminos\u00bb acompa\u00f1ando a los j\u00f3venes en su crecimiento como personas siendo ellos y ellas los protagonistas de la transformaci\u00f3n de un mundo m\u00e1s justo y m\u00e1s fraterno.<\/strong><\/p>\n<p>[\/et_pb_text][et_pb_text admin_label=\u00bbDesarrollo\u00bb _builder_version=\u00bb4.18.0&#8243; background_size=\u00bbinitial\u00bb background_position=\u00bbtop_left\u00bb background_repeat=\u00bbrepeat\u00bb use_border_color=\u00bboff\u00bb border_color=\u00bb#ffffff\u00bb border_style=\u00bbsolid\u00bb global_colors_info=\u00bb{}\u00bb]<\/p>\n<p><span style=\"font-weight: 400\">El nuevo equipo directivo ha abierto la sesi\u00f3n del claustro con Jos\u00e9 Antonio Chaveli como director del colegio, Laura Moreno como directora pedag\u00f3gica de ESO y Bachillerato, y Jose Valero como director pedag\u00f3gico de Infantil y Primaria.<\/span><\/p>\n<p><span style=\"font-weight: 400\">El acto ha comenzado con una oraci\u00f3n preparada por el equipo de pastoral. A continuaci\u00f3n, han tomado la palabra Jose Antonio Chaveli, director del colegio, y Nando Navarro, director de la casa, con las l\u00edneas generales del nuevo curso. Asimismo, Rub\u00e9n Mart\u00edn ha explicado las nuevas mejoras realizadas este verano en los distintos pabellones y ha informado sobre la situaci\u00f3n econ\u00f3mica actual del centro.<\/span><\/p>\n<p><span style=\"font-weight: 400\">Con la implantaci\u00f3n de la LOMLOE el claustro se estar\u00e1 preparando estos d\u00edas en las distintas etapas para la evaluaci\u00f3n por competencias, promoviendo los ODS y la educaci\u00f3n emocional, creando las nuevas programaciones de acuerdo a la ley y aprendiendo a utilizar el nuevo m\u00f3dulo de Qe para programar y evaluar.<\/span><\/p>\n<p><span style=\"font-weight: 400\">Dentro de la nueva nomenclatura trabajaremos las situaciones de aprendizaje, los saberes b\u00e1sicos y deseados, los criterios de evaluaci\u00f3n, los descriptores competenciales, las competencias espec\u00edficas, las competencias clave y los objetivos de acuerdo al perfil de salida, que en Salesianos ya se lleva tiempo trabajando integrado en nuestro modelo de persona, con 12 caracter\u00edsticas: emprendedora, optimista y alegre, comprometida, participativa, equilibrada, abierta a la fe, comunicativa, emp\u00e1tica, tecnol\u00f3gicamente adaptada, aut\u00f3noma, reflexiva, con un proyecto de vida.<\/span><\/p>\n<p><span style=\"font-weight: 400\">Finalizado el claustro, se han reunido las etapas para continuar con la labor de coordinaci\u00f3n que estaremos realizando estos d\u00edas previos al inicio de las clases. En definitiva, nos ponemos en camino en este nuevo curso que nos ilusiona.<\/span><\/p>\n<p>[\/et_pb_text][et_pb_gallery gallery_ids=\u00bb17927,17928,17929,17930,17931,17932,17933,17934,17935&#8243; posts_number=\u00bb6&#8243; show_title_and_caption=\u00bboff\u00bb zoom_icon_color=\u00bb#d12525&#8243; admin_label=\u00bbGaler\u00eda\u00bb _builder_version=\u00bb4.18.0&#8243; use_border_color=\u00bboff\u00bb border_color=\u00bb#ffffff\u00bb border_style=\u00bbsolid\u00bb global_colors_info=\u00bb{}\u00bb][\/et_pb_gallery][\/et_pb_column][\/et_pb_row][\/et_pb_section]<\/p>\n<!-- AddThis Advanced Settings generic via filter on the_content --><!-- AddThis Share Buttons generic via filter on the_content -->","protected":false},"excerpt":{"rendered":"<p>Redacci\u00f3n.En la ma\u00f1ana del jueves 1 de septiembre, ha tenido lugar el claustro de inicio del nuevo curso 2022-2023 en el que trabajaremos para hacer realidad el lema \u00ababrimos caminos\u00bb acompa\u00f1ando a los j\u00f3venes en su crecimiento como personas siendo ellos y ellas los protagonistas de la transformaci\u00f3n de un mundo m\u00e1s justo y m\u00e1s [&hellip;]<\/p>\n<p><!-- AddThis Advanced Settings generic via filter on get_the_excerpt --><!-- AddThis Share Buttons generic via filter on get_the_excerpt --><\/p>\n","protected":false},"author":6,"featured_media":17930,"comment_status":"closed","ping_status":"open","sticky":false,"template":"","format":"standard","meta":{"_et_pb_use_builder":"on","_et_pb_old_content":"","_et_gb_content_width":"","footnotes":""},"categories":[14],"tags":[],"class_list":["post-17913","post","type-post","status-publish","format-standard","has-post-thumbnail","hentry","category-noticia_colegio"],"yoast_head":"<!-- This site is optimized with the Yoast SEO plugin v28.4 - https:\/\/yoast.com\/product\/yoast-seo-wordpress\/ -->\n<title>Claustro de inicio de curso en el que &quot;abrimos caminos&quot; - Colegio San Juan Bosco Valencia<\/title>\n<meta name=\"robots\" content=\"index, follow, max-snippet:-1, max-image-preview:large, max-video-preview:-1\" \/>\n<link rel=\"canonical\" href=\"https:\/\/valenciasjb.salesianos.edu\/colegio\/claustro-de-inicio-de-curso-en-el-que-abrimos-caminos\/\" \/>\n<meta property=\"og:locale\" content=\"es_ES\" \/>\n<meta property=\"og:type\" content=\"article\" \/>\n<meta property=\"og:title\" content=\"Claustro de inicio de curso en el que &quot;abrimos caminos&quot; - Colegio San Juan Bosco Valencia\" \/>\n<meta property=\"og:description\" content=\"Redacci\u00f3n.En la ma\u00f1ana del jueves 1 de septiembre, ha tenido lugar el claustro de inicio del nuevo curso 2022-2023 en el que trabajaremos para hacer realidad el lema &quot;abrimos caminos&quot; acompa\u00f1ando a los j\u00f3venes en su crecimiento como personas siendo ellos y ellas los protagonistas de la transformaci\u00f3n de un mundo m\u00e1s justo y m\u00e1s [&hellip;]\" \/>\n<meta property=\"og:url\" content=\"https:\/\/valenciasjb.salesianos.edu\/colegio\/claustro-de-inicio-de-curso-en-el-que-abrimos-caminos\/\" \/>\n<meta property=\"og:site_name\" content=\"Colegio San Juan Bosco Valencia\" \/>\n<meta property=\"article:publisher\" content=\"https:\/\/www.facebook.com\/ColegioSalesianoSanJuanBoscoValencia\" \/>\n<meta property=\"article:published_time\" content=\"2022-09-01T13:43:33+00:00\" \/>\n<meta property=\"article:modified_time\" content=\"2022-09-01T14:05:22+00:00\" \/>\n<meta property=\"og:image\" content=\"https:\/\/valenciasjb.salesianos.edu\/colegio\/wp-content\/uploads\/sites\/2\/2022\/09\/IMG_20220901_092535.jpg\" \/>\n\t<meta property=\"og:image:width\" content=\"925\" \/>\n\t<meta property=\"og:image:height\" content=\"695\" \/>\n\t<meta property=\"og:image:type\" content=\"image\/jpeg\" \/>\n<meta name=\"author\" content=\"veronicapastor\" \/>\n<meta name=\"twitter:card\" content=\"summary_large_image\" \/>\n<meta name=\"twitter:creator\" content=\"@SalesianosVSJB\" \/>\n<meta name=\"twitter:site\" content=\"@SalesianosVSJB\" \/>\n<meta name=\"twitter:label1\" content=\"Escrito por\" \/>\n\t<meta name=\"twitter:data1\" content=\"veronicapastor\" \/>\n\t<meta name=\"twitter:label2\" content=\"Tiempo de lectura\" \/>\n\t<meta name=\"twitter:data2\" content=\"2 minutos\" \/>\n<script type=\"application\/ld+json\" class=\"yoast-schema-graph\">{\"@context\":\"https:\\\/\\\/schema.org\",\"@graph\":[{\"@type\":\"Article\",\"@id\":\"https:\\\/\\\/valenciasjb.salesianos.edu\\\/colegio\\\/claustro-de-inicio-de-curso-en-el-que-abrimos-caminos\\\/#article\",\"isPartOf\":{\"@id\":\"https:\\\/\\\/valenciasjb.salesianos.edu\\\/colegio\\\/claustro-de-inicio-de-curso-en-el-que-abrimos-caminos\\\/\"},\"author\":{\"name\":\"veronicapastor\",\"@id\":\"https:\\\/\\\/valenciasjb.salesianos.edu\\\/colegio\\\/#\\\/schema\\\/person\\\/1f45b67e52b27da175190a574db6bed9\"},\"headline\":\"Claustro de inicio de curso en el que \u00ababrimos caminos\u00bb\",\"datePublished\":\"2022-09-01T13:43:33+00:00\",\"dateModified\":\"2022-09-01T14:05:22+00:00\",\"mainEntityOfPage\":{\"@id\":\"https:\\\/\\\/valenciasjb.salesianos.edu\\\/colegio\\\/claustro-de-inicio-de-curso-en-el-que-abrimos-caminos\\\/\"},\"wordCount\":563,\"image\":{\"@id\":\"https:\\\/\\\/valenciasjb.salesianos.edu\\\/colegio\\\/claustro-de-inicio-de-curso-en-el-que-abrimos-caminos\\\/#primaryimage\"},\"thumbnailUrl\":\"https:\\\/\\\/valenciasjb.salesianos.edu\\\/colegio\\\/wp-content\\\/uploads\\\/sites\\\/2\\\/2022\\\/09\\\/IMG_20220901_092535.jpg\",\"articleSection\":[\"Noticia Colegio\"],\"inLanguage\":\"es\"},{\"@type\":\"WebPage\",\"@id\":\"https:\\\/\\\/valenciasjb.salesianos.edu\\\/colegio\\\/claustro-de-inicio-de-curso-en-el-que-abrimos-caminos\\\/\",\"url\":\"https:\\\/\\\/valenciasjb.salesianos.edu\\\/colegio\\\/claustro-de-inicio-de-curso-en-el-que-abrimos-caminos\\\/\",\"name\":\"Claustro de inicio de curso en el que \\\"abrimos caminos\\\" - Colegio San Juan Bosco Valencia\",\"isPartOf\":{\"@id\":\"https:\\\/\\\/valenciasjb.salesianos.edu\\\/colegio\\\/#website\"},\"primaryImageOfPage\":{\"@id\":\"https:\\\/\\\/valenciasjb.salesianos.edu\\\/colegio\\\/claustro-de-inicio-de-curso-en-el-que-abrimos-caminos\\\/#primaryimage\"},\"image\":{\"@id\":\"https:\\\/\\\/valenciasjb.salesianos.edu\\\/colegio\\\/claustro-de-inicio-de-curso-en-el-que-abrimos-caminos\\\/#primaryimage\"},\"thumbnailUrl\":\"https:\\\/\\\/valenciasjb.salesianos.edu\\\/colegio\\\/wp-content\\\/uploads\\\/sites\\\/2\\\/2022\\\/09\\\/IMG_20220901_092535.jpg\",\"datePublished\":\"2022-09-01T13:43:33+00:00\",\"dateModified\":\"2022-09-01T14:05:22+00:00\",\"author\":{\"@id\":\"https:\\\/\\\/valenciasjb.salesianos.edu\\\/colegio\\\/#\\\/schema\\\/person\\\/1f45b67e52b27da175190a574db6bed9\"},\"breadcrumb\":{\"@id\":\"https:\\\/\\\/valenciasjb.salesianos.edu\\\/colegio\\\/claustro-de-inicio-de-curso-en-el-que-abrimos-caminos\\\/#breadcrumb\"},\"inLanguage\":\"es\",\"potentialAction\":[{\"@type\":\"ReadAction\",\"target\":[\"https:\\\/\\\/valenciasjb.salesianos.edu\\\/colegio\\\/claustro-de-inicio-de-curso-en-el-que-abrimos-caminos\\\/\"]}]},{\"@type\":\"ImageObject\",\"inLanguage\":\"es\",\"@id\":\"https:\\\/\\\/valenciasjb.salesianos.edu\\\/colegio\\\/claustro-de-inicio-de-curso-en-el-que-abrimos-caminos\\\/#primaryimage\",\"url\":\"https:\\\/\\\/valenciasjb.salesianos.edu\\\/colegio\\\/wp-content\\\/uploads\\\/sites\\\/2\\\/2022\\\/09\\\/IMG_20220901_092535.jpg\",\"contentUrl\":\"https:\\\/\\\/valenciasjb.salesianos.edu\\\/colegio\\\/wp-content\\\/uploads\\\/sites\\\/2\\\/2022\\\/09\\\/IMG_20220901_092535.jpg\",\"width\":925,\"height\":695},{\"@type\":\"BreadcrumbList\",\"@id\":\"https:\\\/\\\/valenciasjb.salesianos.edu\\\/colegio\\\/claustro-de-inicio-de-curso-en-el-que-abrimos-caminos\\\/#breadcrumb\",\"itemListElement\":[{\"@type\":\"ListItem\",\"position\":1,\"name\":\"Portada\",\"item\":\"https:\\\/\\\/valenciasjb.salesianos.edu\\\/colegio\\\/\"},{\"@type\":\"ListItem\",\"position\":2,\"name\":\"Claustro de inicio de curso en el que \u00ababrimos caminos\u00bb\"}]},{\"@type\":\"WebSite\",\"@id\":\"https:\\\/\\\/valenciasjb.salesianos.edu\\\/colegio\\\/#website\",\"url\":\"https:\\\/\\\/valenciasjb.salesianos.edu\\\/colegio\\\/\",\"name\":\"Colegio San Juan Bosco Valencia\",\"description\":\"P\u00e1gina oficial del Colegio Salesianos San Juan Bosco Valencia\",\"alternateName\":\"Salesianos.VSJB\",\"potentialAction\":[{\"@type\":\"SearchAction\",\"target\":{\"@type\":\"EntryPoint\",\"urlTemplate\":\"https:\\\/\\\/valenciasjb.salesianos.edu\\\/colegio\\\/?s={search_term_string}\"},\"query-input\":{\"@type\":\"PropertyValueSpecification\",\"valueRequired\":true,\"valueName\":\"search_term_string\"}}],\"inLanguage\":\"es\"},{\"@type\":\"Person\",\"@id\":\"https:\\\/\\\/valenciasjb.salesianos.edu\\\/colegio\\\/#\\\/schema\\\/person\\\/1f45b67e52b27da175190a574db6bed9\",\"name\":\"veronicapastor\",\"image\":{\"@type\":\"ImageObject\",\"inLanguage\":\"es\",\"@id\":\"https:\\\/\\\/secure.gravatar.com\\\/avatar\\\/e29bd40bace3fd935e1d6fdb7313ffc14628cc037c5e16f4c7369b20a2a6f7f0?s=96&d=mm&r=g\",\"url\":\"https:\\\/\\\/secure.gravatar.com\\\/avatar\\\/e29bd40bace3fd935e1d6fdb7313ffc14628cc037c5e16f4c7369b20a2a6f7f0?s=96&d=mm&r=g\",\"contentUrl\":\"https:\\\/\\\/secure.gravatar.com\\\/avatar\\\/e29bd40bace3fd935e1d6fdb7313ffc14628cc037c5e16f4c7369b20a2a6f7f0?s=96&d=mm&r=g\",\"caption\":\"veronicapastor\"}}]}<\/script>\n<!-- \/ Yoast SEO plugin. -->","yoast_head_json":{"title":"Claustro de inicio de curso en el que \"abrimos caminos\" - Colegio San Juan Bosco Valencia","robots":{"index":"index","follow":"follow","max-snippet":"max-snippet:-1","max-image-preview":"max-image-preview:large","max-video-preview":"max-video-preview:-1"},"canonical":"https:\/\/valenciasjb.salesianos.edu\/colegio\/claustro-de-inicio-de-curso-en-el-que-abrimos-caminos\/","og_locale":"es_ES","og_type":"article","og_title":"Claustro de inicio de curso en el que \"abrimos caminos\" - Colegio San Juan Bosco Valencia","og_description":"Redacci\u00f3n.En la ma\u00f1ana del jueves 1 de septiembre, ha tenido lugar el claustro de inicio del nuevo curso 2022-2023 en el que trabajaremos para hacer realidad el lema \"abrimos caminos\" acompa\u00f1ando a los j\u00f3venes en su crecimiento como personas siendo ellos y ellas los protagonistas de la transformaci\u00f3n de un mundo m\u00e1s justo y m\u00e1s [&hellip;]","og_url":"https:\/\/valenciasjb.salesianos.edu\/colegio\/claustro-de-inicio-de-curso-en-el-que-abrimos-caminos\/","og_site_name":"Colegio San Juan Bosco Valencia","article_publisher":"https:\/\/www.facebook.com\/ColegioSalesianoSanJuanBoscoValencia","article_published_time":"2022-09-01T13:43:33+00:00","article_modified_time":"2022-09-01T14:05:22+00:00","og_image":[{"width":925,"height":695,"url":"https:\/\/valenciasjb.salesianos.edu\/colegio\/wp-content\/uploads\/sites\/2\/2022\/09\/IMG_20220901_092535.jpg","type":"image\/jpeg"}],"author":"veronicapastor","twitter_card":"summary_large_image","twitter_creator":"@SalesianosVSJB","twitter_site":"@SalesianosVSJB","twitter_misc":{"Escrito por":"veronicapastor","Tiempo de lectura":"2 minutos"},"schema":{"@context":"https:\/\/schema.org","@graph":[{"@type":"Article","@id":"https:\/\/valenciasjb.salesianos.edu\/colegio\/claustro-de-inicio-de-curso-en-el-que-abrimos-caminos\/#article","isPartOf":{"@id":"https:\/\/valenciasjb.salesianos.edu\/colegio\/claustro-de-inicio-de-curso-en-el-que-abrimos-caminos\/"},"author":{"name":"veronicapastor","@id":"https:\/\/valenciasjb.salesianos.edu\/colegio\/#\/schema\/person\/1f45b67e52b27da175190a574db6bed9"},"headline":"Claustro de inicio de curso en el que \u00ababrimos caminos\u00bb","datePublished":"2022-09-01T13:43:33+00:00","dateModified":"2022-09-01T14:05:22+00:00","mainEntityOfPage":{"@id":"https:\/\/valenciasjb.salesianos.edu\/colegio\/claustro-de-inicio-de-curso-en-el-que-abrimos-caminos\/"},"wordCount":563,"image":{"@id":"https:\/\/valenciasjb.salesianos.edu\/colegio\/claustro-de-inicio-de-curso-en-el-que-abrimos-caminos\/#primaryimage"},"thumbnailUrl":"https:\/\/valenciasjb.salesianos.edu\/colegio\/wp-content\/uploads\/sites\/2\/2022\/09\/IMG_20220901_092535.jpg","articleSection":["Noticia Colegio"],"inLanguage":"es"},{"@type":"WebPage","@id":"https:\/\/valenciasjb.salesianos.edu\/colegio\/claustro-de-inicio-de-curso-en-el-que-abrimos-caminos\/","url":"https:\/\/valenciasjb.salesianos.edu\/colegio\/claustro-de-inicio-de-curso-en-el-que-abrimos-caminos\/","name":"Claustro de inicio de curso en el que \"abrimos caminos\" - Colegio San Juan Bosco Valencia","isPartOf":{"@id":"https:\/\/valenciasjb.salesianos.edu\/colegio\/#website"},"primaryImageOfPage":{"@id":"https:\/\/valenciasjb.salesianos.edu\/colegio\/claustro-de-inicio-de-curso-en-el-que-abrimos-caminos\/#primaryimage"},"image":{"@id":"https:\/\/valenciasjb.salesianos.edu\/colegio\/claustro-de-inicio-de-curso-en-el-que-abrimos-caminos\/#primaryimage"},"thumbnailUrl":"https:\/\/valenciasjb.salesianos.edu\/colegio\/wp-content\/uploads\/sites\/2\/2022\/09\/IMG_20220901_092535.jpg","datePublished":"2022-09-01T13:43:33+00:00","dateModified":"2022-09-01T14:05:22+00:00","author":{"@id":"https:\/\/valenciasjb.salesianos.edu\/colegio\/#\/schema\/person\/1f45b67e52b27da175190a574db6bed9"},"breadcrumb":{"@id":"https:\/\/valenciasjb.salesianos.edu\/colegio\/claustro-de-inicio-de-curso-en-el-que-abrimos-caminos\/#breadcrumb"},"inLanguage":"es","potentialAction":[{"@type":"ReadAction","target":["https:\/\/valenciasjb.salesianos.edu\/colegio\/claustro-de-inicio-de-curso-en-el-que-abrimos-caminos\/"]}]},{"@type":"ImageObject","inLanguage":"es","@id":"https:\/\/valenciasjb.salesianos.edu\/colegio\/claustro-de-inicio-de-curso-en-el-que-abrimos-caminos\/#primaryimage","url":"https:\/\/valenciasjb.salesianos.edu\/colegio\/wp-content\/uploads\/sites\/2\/2022\/09\/IMG_20220901_092535.jpg","contentUrl":"https:\/\/valenciasjb.salesianos.edu\/colegio\/wp-content\/uploads\/sites\/2\/2022\/09\/IMG_20220901_092535.jpg","width":925,"height":695},{"@type":"BreadcrumbList","@id":"https:\/\/valenciasjb.salesianos.edu\/colegio\/claustro-de-inicio-de-curso-en-el-que-abrimos-caminos\/#breadcrumb","itemListElement":[{"@type":"ListItem","position":1,"name":"Portada","item":"https:\/\/valenciasjb.salesianos.edu\/colegio\/"},{"@type":"ListItem","position":2,"name":"Claustro de inicio de curso en el que \u00ababrimos caminos\u00bb"}]},{"@type":"WebSite","@id":"https:\/\/valenciasjb.salesianos.edu\/colegio\/#website","url":"https:\/\/valenciasjb.salesianos.edu\/colegio\/","name":"Colegio San Juan Bosco Valencia","description":"P\u00e1gina oficial del Colegio Salesianos San Juan Bosco Valencia","alternateName":"Salesianos.VSJB","potentialAction":[{"@type":"SearchAction","target":{"@type":"EntryPoint","urlTemplate":"https:\/\/valenciasjb.salesianos.edu\/colegio\/?s={search_term_string}"},"query-input":{"@type":"PropertyValueSpecification","valueRequired":true,"valueName":"search_term_string"}}],"inLanguage":"es"},{"@type":"Person","@id":"https:\/\/valenciasjb.salesianos.edu\/colegio\/#\/schema\/person\/1f45b67e52b27da175190a574db6bed9","name":"veronicapastor","image":{"@type":"ImageObject","inLanguage":"es","@id":"https:\/\/secure.gravatar.com\/avatar\/e29bd40bace3fd935e1d6fdb7313ffc14628cc037c5e16f4c7369b20a2a6f7f0?s=96&d=mm&r=g","url":"https:\/\/secure.gravatar.com\/avatar\/e29bd40bace3fd935e1d6fdb7313ffc14628cc037c5e16f4c7369b20a2a6f7f0?s=96&d=mm&r=g","contentUrl":"https:\/\/secure.gravatar.com\/avatar\/e29bd40bace3fd935e1d6fdb7313ffc14628cc037c5e16f4c7369b20a2a6f7f0?s=96&d=mm&r=g","caption":"veronicapastor"}}]}},"_links":{"self":[{"href":"https:\/\/valenciasjb.salesianos.edu\/colegio\/wp-json\/wp\/v2\/posts\/17913","targetHints":{"allow":["GET"]}}],"collection":[{"href":"https:\/\/valenciasjb.salesianos.edu\/colegio\/wp-json\/wp\/v2\/posts"}],"about":[{"href":"https:\/\/valenciasjb.salesianos.edu\/colegio\/wp-json\/wp\/v2\/types\/post"}],"author":[{"embeddable":true,"href":"https:\/\/valenciasjb.salesianos.edu\/colegio\/wp-json\/wp\/v2\/users\/6"}],"replies":[{"embeddable":true,"href":"https:\/\/valenciasjb.salesianos.edu\/colegio\/wp-json\/wp\/v2\/comments?post=17913"}],"version-history":[{"count":7,"href":"https:\/\/valenciasjb.salesianos.edu\/colegio\/wp-json\/wp\/v2\/posts\/17913\/revisions"}],"predecessor-version":[{"id":17989,"href":"https:\/\/valenciasjb.salesianos.edu\/colegio\/wp-json\/wp\/v2\/posts\/17913\/revisions\/17989"}],"wp:featuredmedia":[{"embeddable":true,"href":"https:\/\/valenciasjb.salesianos.edu\/colegio\/wp-json\/wp\/v2\/media\/17930"}],"wp:attachment":[{"href":"https:\/\/valenciasjb.salesianos.edu\/colegio\/wp-json\/wp\/v2\/media?parent=17913"}],"wp:term":[{"taxonomy":"category","embeddable":true,"href":"https:\/\/valenciasjb.salesianos.edu\/colegio\/wp-json\/wp\/v2\/categories?post=17913"},{"taxonomy":"post_tag","embeddable":true,"href":"https:\/\/valenciasjb.salesianos.edu\/colegio\/wp-json\/wp\/v2\/tags?post=17913"}],"curies":[{"name":"wp","href":"https:\/\/api.w.org\/{rel}","templated":true}]}}