{"id":18045,"date":"2022-09-12T16:44:15","date_gmt":"2022-09-12T15:44:15","guid":{"rendered":"https:\/\/valenciasjb.salesianos.edu\/colegio\/?p=18045"},"modified":"2022-09-12T16:44:53","modified_gmt":"2022-09-12T15:44:53","slug":"un-primer-dia-de-curso-en-el-que-abrimos-bonitos-caminos","status":"publish","type":"post","link":"https:\/\/valenciasjb.salesianos.edu\/colegio\/un-primer-dia-de-curso-en-el-que-abrimos-bonitos-caminos\/","title":{"rendered":"Un primer d\u00eda de curso en el que abrimos bonitos caminos"},"content":{"rendered":"<div id=\"fb-root\"><\/div>\n<p>[et_pb_section fb_built=\u00bb1&#8243; admin_label=\u00bbsection\u00bb _builder_version=\u00bb4.16&#8243; global_colors_info=\u00bb{}\u00bb][et_pb_row admin_label=\u00bbrow\u00bb _builder_version=\u00bb4.16&#8243; background_size=\u00bbinitial\u00bb background_position=\u00bbtop_left\u00bb background_repeat=\u00bbrepeat\u00bb global_colors_info=\u00bb{}\u00bb][et_pb_column type=\u00bb4_4&#8243; _builder_version=\u00bb4.16&#8243; custom_padding=\u00bb|||\u00bb global_colors_info=\u00bb{}\u00bb custom_padding__hover=\u00bb|||\u00bb][et_pb_text admin_label=\u00bbEntradilla (Texto)\u00bb _builder_version=\u00bb4.18.0&#8243; text_font=\u00bb|on|||\u00bb text_orientation=\u00bbjustified\u00bb module_alignment=\u00bbjustified\u00bb global_colors_info=\u00bb{}\u00bb]<\/p>\n<div id=\"resumen\"><strong>En la ma\u00f1ana del lunes, 12 de septiembre, el colegio al completo ha estrenado un nuevo curso, en un gran ambiente de unidad y alegr\u00eda, con las caras llenas de preciosas sonrisas. Todo el personal del centro, profesorado, educadores, personal de administraci\u00f3n y servicios se preparaba para recibir a lo m\u00e1s preciado de este colegio: nuestros alumnos y alumnas. Un nuevo curso y un nuevo lema: \u201cAbrimos caminos\u201d, con el que, al estilo de don Bosco, pondremos la educaci\u00f3n al servicio de los j\u00f3venes siendo ellos los protagonistas para encontrar sus propios caminos de vida contribuyendo a hacer de este mundo uno m\u00e1s justo y fraterno para todos y todas.<\/strong><\/div>\n<div>\u00a0<\/div>\n<p>[\/et_pb_text][et_pb_text admin_label=\u00bbAutor (Texto)\u00bb _builder_version=\u00bb4.18.0&#8243; text_font=\u00bb||on||\u00bb global_colors_info=\u00bb{}\u00bb]<\/p>\n<p>Redacci\u00f3n.<\/p>\n<p>[\/et_pb_text][et_pb_text admin_label=\u00bbDesarrollo (Texto)\u00bb _builder_version=\u00bb4.18.0&#8243; text_orientation=\u00bbjustified\u00bb module_alignment=\u00bbjustified\u00bb global_colors_info=\u00bb{}\u00bb]<\/p>\n<p>Desde los m\u00e1s peque\u00f1os a los m\u00e1s mayores de nuestros alumnos y alumnas han entrado, de manera escalonada, por las puertas del colegio y lo han llenado de vida y alegr\u00eda. En nuestras aulas las sonrisas, este curso ya sin mascarillas, han iluminado este bonito primer d\u00eda, que ha transcurrido con absoluta tranquilidad y gran organizaci\u00f3n por parte de las diferentes coordinaciones y direcciones pedag\u00f3gicas. Y si alg\u00fan peque\u00f1\u00edn ha escapado una lagrimita, las se\u00f1os le han consolado y las risas y los abrazos han sido protagonistas de la jornada.<\/p>\n<p>Muchos de los alumnos y alumnas estrenaban nuevo pabell\u00f3n, nueva aula\u2026 sus tutores les esperaban y les han acompa\u00f1ado a sus clases. A media ma\u00f1ana ha comenzado el reparto de los respectivos bancos de libros de primaria y secundaria. Los servicios de matiners y comedor han comenzado a funcionar tambi\u00e9n con normalidad. En las reuniones de inicio de curso especialmente preparadas para los m\u00e1s mayores del colegio, tras unas palabras iniciales de los directores, se les han explicado los objetivos educativo-pastorales del nuevo curso y los alumnos y alumnas han conocido quienes ser\u00e1n sus nuevos compa\u00f1eros y tutores. Seguro que el alumnado m\u00e1s veterano del colegio sabr\u00e1 acoger a aquellos alumnos y alumnas que llegan por primera vez a este centro y, con el carisma salesiano que les caracteriza, el carisma de Don Bosco, les har\u00e1n sentirse como en casa.<\/p>\n<p>En definitiva, un nuevo curso con un nuevo lema que estar\u00e1 presente en todas las acciones que llevemos a cabo como colegio, todos unidos con un objetivo claro: \u201cAbrimos caminos\u201d, porque queremos caminar juntos por una educaci\u00f3n transformadora, con el sue\u00f1o de un mundo mejor, m\u00e1s justo y m\u00e1s fraterno para todos y todas.<\/p>\n<p>[\/et_pb_text][et_pb_text disabled_on=\u00bboff|on|on\u00bb admin_label=\u00bbT\u00edtulo: Galer\u00eda de fotos (Texto)\u00bb _builder_version=\u00bb4.18.0&#8243; text_font=\u00bb|on|||\u00bb text_text_color=\u00bb#dc001b\u00bb border_style=\u00bbsolid\u00bb global_colors_info=\u00bb{}\u00bb]<\/p>\n<p>Galer\u00eda de im\u00e1genes<\/p>\n<p>[\/et_pb_text][et_pb_gallery gallery_ids=\u00bb18053,18054,18055,18056,18057,18059,18060,18061,18062,18063,18064,18065,18066,18067,18068,18069,18070,18071,18072,18073,18074&#8243; posts_number=\u00bb8&#8243; show_title_and_caption=\u00bboff\u00bb zoom_icon_color=\u00bb#dc001b\u00bb hover_icon=\u00bb&#x54;||divi||400&#8243; disabled_on=\u00bboff|off|off\u00bb _builder_version=\u00bb4.18.0&#8243; pagination_font_size_tablet=\u00bb51&#8243; pagination_line_height_tablet=\u00bb2&#8243; global_colors_info=\u00bb{}\u00bb][\/et_pb_gallery][et_pb_video disabled_on=\u00bbon|on|on\u00bb _builder_version=\u00bb4.18.0&#8243; disabled=\u00bbon\u00bb global_colors_info=\u00bb{}\u00bb][\/et_pb_video][\/et_pb_column][\/et_pb_row][\/et_pb_section]<\/p>\n<!-- AddThis Advanced Settings generic via filter on the_content --><!-- AddThis Share Buttons generic via filter on the_content -->","protected":false},"excerpt":{"rendered":"<p>En la ma\u00f1ana del lunes, 12 de septiembre, el colegio al completo ha estrenado un nuevo curso, en un gran ambiente de unidad y alegr\u00eda, con las caras llenas de preciosas sonrisas. Todo el personal del centro, profesorado, educadores, personal de administraci\u00f3n y servicios se preparaba para recibir a lo m\u00e1s preciado de este colegio: [&hellip;]<\/p>\n<p><!-- AddThis Advanced Settings generic via filter on get_the_excerpt --><!-- AddThis Share Buttons generic via filter on get_the_excerpt --><\/p>\n","protected":false},"author":6,"featured_media":18059,"comment_status":"closed","ping_status":"open","sticky":false,"template":"","format":"standard","meta":{"_et_pb_use_builder":"on","_et_pb_old_content":"","_et_gb_content_width":"","footnotes":""},"categories":[14],"tags":[],"class_list":["post-18045","post","type-post","status-publish","format-standard","has-post-thumbnail","hentry","category-noticia_colegio"],"yoast_head":"<!-- This site is optimized with the Yoast SEO plugin v28.4 - https:\/\/yoast.com\/product\/yoast-seo-wordpress\/ -->\n<title>Un primer d\u00eda de curso en el que abrimos bonitos caminos - Colegio San Juan Bosco Valencia<\/title>\n<meta name=\"robots\" content=\"index, follow, max-snippet:-1, max-image-preview:large, max-video-preview:-1\" \/>\n<link rel=\"canonical\" href=\"https:\/\/valenciasjb.salesianos.edu\/colegio\/un-primer-dia-de-curso-en-el-que-abrimos-bonitos-caminos\/\" \/>\n<meta property=\"og:locale\" content=\"es_ES\" \/>\n<meta property=\"og:type\" content=\"article\" \/>\n<meta property=\"og:title\" content=\"Un primer d\u00eda de curso en el que abrimos bonitos caminos - Colegio San Juan Bosco Valencia\" \/>\n<meta property=\"og:description\" content=\"En la ma\u00f1ana del lunes, 12 de septiembre, el colegio al completo ha estrenado un nuevo curso, en un gran ambiente de unidad y alegr\u00eda, con las caras llenas de preciosas sonrisas. Todo el personal del centro, profesorado, educadores, personal de administraci\u00f3n y servicios se preparaba para recibir a lo m\u00e1s preciado de este colegio: [&hellip;]\" \/>\n<meta property=\"og:url\" content=\"https:\/\/valenciasjb.salesianos.edu\/colegio\/un-primer-dia-de-curso-en-el-que-abrimos-bonitos-caminos\/\" \/>\n<meta property=\"og:site_name\" content=\"Colegio San Juan Bosco Valencia\" \/>\n<meta property=\"article:publisher\" content=\"https:\/\/www.facebook.com\/ColegioSalesianoSanJuanBoscoValencia\" \/>\n<meta property=\"article:published_time\" content=\"2022-09-12T15:44:15+00:00\" \/>\n<meta property=\"article:modified_time\" content=\"2022-09-12T15:44:53+00:00\" \/>\n<meta property=\"og:image\" content=\"https:\/\/valenciasjb.salesianos.edu\/colegio\/wp-content\/uploads\/sites\/2\/2022\/09\/IMG_6053-min-scaled.jpg\" \/>\n\t<meta property=\"og:image:width\" content=\"2560\" \/>\n\t<meta property=\"og:image:height\" content=\"1707\" \/>\n\t<meta property=\"og:image:type\" content=\"image\/jpeg\" \/>\n<meta name=\"author\" content=\"veronicapastor\" \/>\n<meta name=\"twitter:card\" content=\"summary_large_image\" \/>\n<meta name=\"twitter:creator\" content=\"@SalesianosVSJB\" \/>\n<meta name=\"twitter:site\" content=\"@SalesianosVSJB\" \/>\n<meta name=\"twitter:label1\" content=\"Escrito por\" \/>\n\t<meta name=\"twitter:data1\" content=\"veronicapastor\" \/>\n\t<meta name=\"twitter:label2\" content=\"Tiempo de lectura\" \/>\n\t<meta name=\"twitter:data2\" content=\"3 minutos\" \/>\n<script type=\"application\/ld+json\" class=\"yoast-schema-graph\">{\"@context\":\"https:\\\/\\\/schema.org\",\"@graph\":[{\"@type\":\"Article\",\"@id\":\"https:\\\/\\\/valenciasjb.salesianos.edu\\\/colegio\\\/un-primer-dia-de-curso-en-el-que-abrimos-bonitos-caminos\\\/#article\",\"isPartOf\":{\"@id\":\"https:\\\/\\\/valenciasjb.salesianos.edu\\\/colegio\\\/un-primer-dia-de-curso-en-el-que-abrimos-bonitos-caminos\\\/\"},\"author\":{\"name\":\"veronicapastor\",\"@id\":\"https:\\\/\\\/valenciasjb.salesianos.edu\\\/colegio\\\/#\\\/schema\\\/person\\\/1f45b67e52b27da175190a574db6bed9\"},\"headline\":\"Un primer d\u00eda de curso en el que abrimos bonitos caminos\",\"datePublished\":\"2022-09-12T15:44:15+00:00\",\"dateModified\":\"2022-09-12T15:44:53+00:00\",\"mainEntityOfPage\":{\"@id\":\"https:\\\/\\\/valenciasjb.salesianos.edu\\\/colegio\\\/un-primer-dia-de-curso-en-el-que-abrimos-bonitos-caminos\\\/\"},\"wordCount\":658,\"image\":{\"@id\":\"https:\\\/\\\/valenciasjb.salesianos.edu\\\/colegio\\\/un-primer-dia-de-curso-en-el-que-abrimos-bonitos-caminos\\\/#primaryimage\"},\"thumbnailUrl\":\"https:\\\/\\\/valenciasjb.salesianos.edu\\\/colegio\\\/wp-content\\\/uploads\\\/sites\\\/2\\\/2022\\\/09\\\/IMG_6053-min-scaled.jpg\",\"articleSection\":[\"Noticia Colegio\"],\"inLanguage\":\"es\"},{\"@type\":\"WebPage\",\"@id\":\"https:\\\/\\\/valenciasjb.salesianos.edu\\\/colegio\\\/un-primer-dia-de-curso-en-el-que-abrimos-bonitos-caminos\\\/\",\"url\":\"https:\\\/\\\/valenciasjb.salesianos.edu\\\/colegio\\\/un-primer-dia-de-curso-en-el-que-abrimos-bonitos-caminos\\\/\",\"name\":\"Un primer d\u00eda de curso en el que abrimos bonitos caminos - Colegio San Juan Bosco Valencia\",\"isPartOf\":{\"@id\":\"https:\\\/\\\/valenciasjb.salesianos.edu\\\/colegio\\\/#website\"},\"primaryImageOfPage\":{\"@id\":\"https:\\\/\\\/valenciasjb.salesianos.edu\\\/colegio\\\/un-primer-dia-de-curso-en-el-que-abrimos-bonitos-caminos\\\/#primaryimage\"},\"image\":{\"@id\":\"https:\\\/\\\/valenciasjb.salesianos.edu\\\/colegio\\\/un-primer-dia-de-curso-en-el-que-abrimos-bonitos-caminos\\\/#primaryimage\"},\"thumbnailUrl\":\"https:\\\/\\\/valenciasjb.salesianos.edu\\\/colegio\\\/wp-content\\\/uploads\\\/sites\\\/2\\\/2022\\\/09\\\/IMG_6053-min-scaled.jpg\",\"datePublished\":\"2022-09-12T15:44:15+00:00\",\"dateModified\":\"2022-09-12T15:44:53+00:00\",\"author\":{\"@id\":\"https:\\\/\\\/valenciasjb.salesianos.edu\\\/colegio\\\/#\\\/schema\\\/person\\\/1f45b67e52b27da175190a574db6bed9\"},\"breadcrumb\":{\"@id\":\"https:\\\/\\\/valenciasjb.salesianos.edu\\\/colegio\\\/un-primer-dia-de-curso-en-el-que-abrimos-bonitos-caminos\\\/#breadcrumb\"},\"inLanguage\":\"es\",\"potentialAction\":[{\"@type\":\"ReadAction\",\"target\":[\"https:\\\/\\\/valenciasjb.salesianos.edu\\\/colegio\\\/un-primer-dia-de-curso-en-el-que-abrimos-bonitos-caminos\\\/\"]}]},{\"@type\":\"ImageObject\",\"inLanguage\":\"es\",\"@id\":\"https:\\\/\\\/valenciasjb.salesianos.edu\\\/colegio\\\/un-primer-dia-de-curso-en-el-que-abrimos-bonitos-caminos\\\/#primaryimage\",\"url\":\"https:\\\/\\\/valenciasjb.salesianos.edu\\\/colegio\\\/wp-content\\\/uploads\\\/sites\\\/2\\\/2022\\\/09\\\/IMG_6053-min-scaled.jpg\",\"contentUrl\":\"https:\\\/\\\/valenciasjb.salesianos.edu\\\/colegio\\\/wp-content\\\/uploads\\\/sites\\\/2\\\/2022\\\/09\\\/IMG_6053-min-scaled.jpg\",\"width\":2560,\"height\":1707},{\"@type\":\"BreadcrumbList\",\"@id\":\"https:\\\/\\\/valenciasjb.salesianos.edu\\\/colegio\\\/un-primer-dia-de-curso-en-el-que-abrimos-bonitos-caminos\\\/#breadcrumb\",\"itemListElement\":[{\"@type\":\"ListItem\",\"position\":1,\"name\":\"Portada\",\"item\":\"https:\\\/\\\/valenciasjb.salesianos.edu\\\/colegio\\\/\"},{\"@type\":\"ListItem\",\"position\":2,\"name\":\"Un primer d\u00eda de curso en el que abrimos bonitos caminos\"}]},{\"@type\":\"WebSite\",\"@id\":\"https:\\\/\\\/valenciasjb.salesianos.edu\\\/colegio\\\/#website\",\"url\":\"https:\\\/\\\/valenciasjb.salesianos.edu\\\/colegio\\\/\",\"name\":\"Colegio San Juan Bosco Valencia\",\"description\":\"P\u00e1gina oficial del Colegio Salesianos San Juan Bosco Valencia\",\"alternateName\":\"Salesianos.VSJB\",\"potentialAction\":[{\"@type\":\"SearchAction\",\"target\":{\"@type\":\"EntryPoint\",\"urlTemplate\":\"https:\\\/\\\/valenciasjb.salesianos.edu\\\/colegio\\\/?s={search_term_string}\"},\"query-input\":{\"@type\":\"PropertyValueSpecification\",\"valueRequired\":true,\"valueName\":\"search_term_string\"}}],\"inLanguage\":\"es\"},{\"@type\":\"Person\",\"@id\":\"https:\\\/\\\/valenciasjb.salesianos.edu\\\/colegio\\\/#\\\/schema\\\/person\\\/1f45b67e52b27da175190a574db6bed9\",\"name\":\"veronicapastor\",\"image\":{\"@type\":\"ImageObject\",\"inLanguage\":\"es\",\"@id\":\"https:\\\/\\\/secure.gravatar.com\\\/avatar\\\/e29bd40bace3fd935e1d6fdb7313ffc14628cc037c5e16f4c7369b20a2a6f7f0?s=96&d=mm&r=g\",\"url\":\"https:\\\/\\\/secure.gravatar.com\\\/avatar\\\/e29bd40bace3fd935e1d6fdb7313ffc14628cc037c5e16f4c7369b20a2a6f7f0?s=96&d=mm&r=g\",\"contentUrl\":\"https:\\\/\\\/secure.gravatar.com\\\/avatar\\\/e29bd40bace3fd935e1d6fdb7313ffc14628cc037c5e16f4c7369b20a2a6f7f0?s=96&d=mm&r=g\",\"caption\":\"veronicapastor\"}}]}<\/script>\n<!-- \/ Yoast SEO plugin. -->","yoast_head_json":{"title":"Un primer d\u00eda de curso en el que abrimos bonitos caminos - Colegio San Juan Bosco Valencia","robots":{"index":"index","follow":"follow","max-snippet":"max-snippet:-1","max-image-preview":"max-image-preview:large","max-video-preview":"max-video-preview:-1"},"canonical":"https:\/\/valenciasjb.salesianos.edu\/colegio\/un-primer-dia-de-curso-en-el-que-abrimos-bonitos-caminos\/","og_locale":"es_ES","og_type":"article","og_title":"Un primer d\u00eda de curso en el que abrimos bonitos caminos - Colegio San Juan Bosco Valencia","og_description":"En la ma\u00f1ana del lunes, 12 de septiembre, el colegio al completo ha estrenado un nuevo curso, en un gran ambiente de unidad y alegr\u00eda, con las caras llenas de preciosas sonrisas. Todo el personal del centro, profesorado, educadores, personal de administraci\u00f3n y servicios se preparaba para recibir a lo m\u00e1s preciado de este colegio: [&hellip;]","og_url":"https:\/\/valenciasjb.salesianos.edu\/colegio\/un-primer-dia-de-curso-en-el-que-abrimos-bonitos-caminos\/","og_site_name":"Colegio San Juan Bosco Valencia","article_publisher":"https:\/\/www.facebook.com\/ColegioSalesianoSanJuanBoscoValencia","article_published_time":"2022-09-12T15:44:15+00:00","article_modified_time":"2022-09-12T15:44:53+00:00","og_image":[{"width":2560,"height":1707,"url":"https:\/\/valenciasjb.salesianos.edu\/colegio\/wp-content\/uploads\/sites\/2\/2022\/09\/IMG_6053-min-scaled.jpg","type":"image\/jpeg"}],"author":"veronicapastor","twitter_card":"summary_large_image","twitter_creator":"@SalesianosVSJB","twitter_site":"@SalesianosVSJB","twitter_misc":{"Escrito por":"veronicapastor","Tiempo de lectura":"3 minutos"},"schema":{"@context":"https:\/\/schema.org","@graph":[{"@type":"Article","@id":"https:\/\/valenciasjb.salesianos.edu\/colegio\/un-primer-dia-de-curso-en-el-que-abrimos-bonitos-caminos\/#article","isPartOf":{"@id":"https:\/\/valenciasjb.salesianos.edu\/colegio\/un-primer-dia-de-curso-en-el-que-abrimos-bonitos-caminos\/"},"author":{"name":"veronicapastor","@id":"https:\/\/valenciasjb.salesianos.edu\/colegio\/#\/schema\/person\/1f45b67e52b27da175190a574db6bed9"},"headline":"Un primer d\u00eda de curso en el que abrimos bonitos caminos","datePublished":"2022-09-12T15:44:15+00:00","dateModified":"2022-09-12T15:44:53+00:00","mainEntityOfPage":{"@id":"https:\/\/valenciasjb.salesianos.edu\/colegio\/un-primer-dia-de-curso-en-el-que-abrimos-bonitos-caminos\/"},"wordCount":658,"image":{"@id":"https:\/\/valenciasjb.salesianos.edu\/colegio\/un-primer-dia-de-curso-en-el-que-abrimos-bonitos-caminos\/#primaryimage"},"thumbnailUrl":"https:\/\/valenciasjb.salesianos.edu\/colegio\/wp-content\/uploads\/sites\/2\/2022\/09\/IMG_6053-min-scaled.jpg","articleSection":["Noticia Colegio"],"inLanguage":"es"},{"@type":"WebPage","@id":"https:\/\/valenciasjb.salesianos.edu\/colegio\/un-primer-dia-de-curso-en-el-que-abrimos-bonitos-caminos\/","url":"https:\/\/valenciasjb.salesianos.edu\/colegio\/un-primer-dia-de-curso-en-el-que-abrimos-bonitos-caminos\/","name":"Un primer d\u00eda de curso en el que abrimos bonitos caminos - Colegio San Juan Bosco Valencia","isPartOf":{"@id":"https:\/\/valenciasjb.salesianos.edu\/colegio\/#website"},"primaryImageOfPage":{"@id":"https:\/\/valenciasjb.salesianos.edu\/colegio\/un-primer-dia-de-curso-en-el-que-abrimos-bonitos-caminos\/#primaryimage"},"image":{"@id":"https:\/\/valenciasjb.salesianos.edu\/colegio\/un-primer-dia-de-curso-en-el-que-abrimos-bonitos-caminos\/#primaryimage"},"thumbnailUrl":"https:\/\/valenciasjb.salesianos.edu\/colegio\/wp-content\/uploads\/sites\/2\/2022\/09\/IMG_6053-min-scaled.jpg","datePublished":"2022-09-12T15:44:15+00:00","dateModified":"2022-09-12T15:44:53+00:00","author":{"@id":"https:\/\/valenciasjb.salesianos.edu\/colegio\/#\/schema\/person\/1f45b67e52b27da175190a574db6bed9"},"breadcrumb":{"@id":"https:\/\/valenciasjb.salesianos.edu\/colegio\/un-primer-dia-de-curso-en-el-que-abrimos-bonitos-caminos\/#breadcrumb"},"inLanguage":"es","potentialAction":[{"@type":"ReadAction","target":["https:\/\/valenciasjb.salesianos.edu\/colegio\/un-primer-dia-de-curso-en-el-que-abrimos-bonitos-caminos\/"]}]},{"@type":"ImageObject","inLanguage":"es","@id":"https:\/\/valenciasjb.salesianos.edu\/colegio\/un-primer-dia-de-curso-en-el-que-abrimos-bonitos-caminos\/#primaryimage","url":"https:\/\/valenciasjb.salesianos.edu\/colegio\/wp-content\/uploads\/sites\/2\/2022\/09\/IMG_6053-min-scaled.jpg","contentUrl":"https:\/\/valenciasjb.salesianos.edu\/colegio\/wp-content\/uploads\/sites\/2\/2022\/09\/IMG_6053-min-scaled.jpg","width":2560,"height":1707},{"@type":"BreadcrumbList","@id":"https:\/\/valenciasjb.salesianos.edu\/colegio\/un-primer-dia-de-curso-en-el-que-abrimos-bonitos-caminos\/#breadcrumb","itemListElement":[{"@type":"ListItem","position":1,"name":"Portada","item":"https:\/\/valenciasjb.salesianos.edu\/colegio\/"},{"@type":"ListItem","position":2,"name":"Un primer d\u00eda de curso en el que abrimos bonitos caminos"}]},{"@type":"WebSite","@id":"https:\/\/valenciasjb.salesianos.edu\/colegio\/#website","url":"https:\/\/valenciasjb.salesianos.edu\/colegio\/","name":"Colegio San Juan Bosco Valencia","description":"P\u00e1gina oficial del Colegio Salesianos San Juan Bosco Valencia","alternateName":"Salesianos.VSJB","potentialAction":[{"@type":"SearchAction","target":{"@type":"EntryPoint","urlTemplate":"https:\/\/valenciasjb.salesianos.edu\/colegio\/?s={search_term_string}"},"query-input":{"@type":"PropertyValueSpecification","valueRequired":true,"valueName":"search_term_string"}}],"inLanguage":"es"},{"@type":"Person","@id":"https:\/\/valenciasjb.salesianos.edu\/colegio\/#\/schema\/person\/1f45b67e52b27da175190a574db6bed9","name":"veronicapastor","image":{"@type":"ImageObject","inLanguage":"es","@id":"https:\/\/secure.gravatar.com\/avatar\/e29bd40bace3fd935e1d6fdb7313ffc14628cc037c5e16f4c7369b20a2a6f7f0?s=96&d=mm&r=g","url":"https:\/\/secure.gravatar.com\/avatar\/e29bd40bace3fd935e1d6fdb7313ffc14628cc037c5e16f4c7369b20a2a6f7f0?s=96&d=mm&r=g","contentUrl":"https:\/\/secure.gravatar.com\/avatar\/e29bd40bace3fd935e1d6fdb7313ffc14628cc037c5e16f4c7369b20a2a6f7f0?s=96&d=mm&r=g","caption":"veronicapastor"}}]}},"_links":{"self":[{"href":"https:\/\/valenciasjb.salesianos.edu\/colegio\/wp-json\/wp\/v2\/posts\/18045","targetHints":{"allow":["GET"]}}],"collection":[{"href":"https:\/\/valenciasjb.salesianos.edu\/colegio\/wp-json\/wp\/v2\/posts"}],"about":[{"href":"https:\/\/valenciasjb.salesianos.edu\/colegio\/wp-json\/wp\/v2\/types\/post"}],"author":[{"embeddable":true,"href":"https:\/\/valenciasjb.salesianos.edu\/colegio\/wp-json\/wp\/v2\/users\/6"}],"replies":[{"embeddable":true,"href":"https:\/\/valenciasjb.salesianos.edu\/colegio\/wp-json\/wp\/v2\/comments?post=18045"}],"version-history":[{"count":6,"href":"https:\/\/valenciasjb.salesianos.edu\/colegio\/wp-json\/wp\/v2\/posts\/18045\/revisions"}],"predecessor-version":[{"id":18076,"href":"https:\/\/valenciasjb.salesianos.edu\/colegio\/wp-json\/wp\/v2\/posts\/18045\/revisions\/18076"}],"wp:featuredmedia":[{"embeddable":true,"href":"https:\/\/valenciasjb.salesianos.edu\/colegio\/wp-json\/wp\/v2\/media\/18059"}],"wp:attachment":[{"href":"https:\/\/valenciasjb.salesianos.edu\/colegio\/wp-json\/wp\/v2\/media?parent=18045"}],"wp:term":[{"taxonomy":"category","embeddable":true,"href":"https:\/\/valenciasjb.salesianos.edu\/colegio\/wp-json\/wp\/v2\/categories?post=18045"},{"taxonomy":"post_tag","embeddable":true,"href":"https:\/\/valenciasjb.salesianos.edu\/colegio\/wp-json\/wp\/v2\/tags?post=18045"}],"curies":[{"name":"wp","href":"https:\/\/api.w.org\/{rel}","templated":true}]}}