{"id":18109,"date":"2022-09-25T12:01:41","date_gmt":"2022-09-25T11:01:41","guid":{"rendered":"https:\/\/valenciasjb.salesianos.edu\/colegio\/?p=18109"},"modified":"2022-09-25T12:41:41","modified_gmt":"2022-09-25T11:41:41","slug":"fallece-nuestro-queridisimo-companero-fernando-urios","status":"publish","type":"post","link":"https:\/\/valenciasjb.salesianos.edu\/colegio\/fallece-nuestro-queridisimo-companero-fernando-urios\/","title":{"rendered":"Fallece nuestro querid\u00edsimo compa\u00f1ero, Fernando Urios"},"content":{"rendered":"<div id=\"fb-root\"><\/div>\n<p>[et_pb_section fb_built=\u00bb1&#8243; admin_label=\u00bbsection\u00bb _builder_version=\u00bb4.16&#8243; global_colors_info=\u00bb{}\u00bb][et_pb_row admin_label=\u00bbrow\u00bb _builder_version=\u00bb4.16&#8243; background_size=\u00bbinitial\u00bb background_position=\u00bbtop_left\u00bb background_repeat=\u00bbrepeat\u00bb global_colors_info=\u00bb{}\u00bb][et_pb_column type=\u00bb4_4&#8243; _builder_version=\u00bb4.16&#8243; custom_padding=\u00bb|||\u00bb global_colors_info=\u00bb{}\u00bb custom_padding__hover=\u00bb|||\u00bb][et_pb_text admin_label=\u00bbEntradilla (Texto)\u00bb _builder_version=\u00bb4.18.0&#8243; text_font=\u00bb|on|||\u00bb text_orientation=\u00bbjustified\u00bb module_alignment=\u00bbjustified\u00bb global_colors_info=\u00bb{}\u00bb]<\/p>\n<div id=\"resumen\">\n<div dir=\"auto\">Fernando Urios ha estado siempre vinculado a nuestra casa salesiana y sobre todo en su trabajo en la secretar\u00eda del colegio. Pero adem\u00e1s Fernando fue alumno del colegio, entrenador de baloncesto en el CD Don Bosco, parte del equipo de Radio Bosco TV en sus inicios, y siempre ha colaborado activamente en numerosas iniciativas gracias a su car\u00e1cter polifac\u00e9tico como artista fallero de reconocido prestigio, nuestro querido artista de cabecera. Fernando llev\u00f3 durante a\u00f1os un taller fallero en nuestro colegio, ha colaborado en la creaci\u00f3n de escenarios en obras de teatro y musicales, fue el encargado de construir el busto de Mar\u00eda Auxiliadora para la ofrenda floral que realizamos en la fiesta colegial en su honor, se encargaba del montaje de nuestro espectacular Bel\u00e9n, varias veces galardonado, se encarg\u00f3 tambi\u00e9n del montaje del escenario con el logo y las letras de \u00abSalesianos\u00bb en el primer Congreso de Escuelas Salesianas sobre educaci\u00f3n.<\/div>\n<div dir=\"auto\">\u00a0<\/div>\n<\/div>\n<div>\u00a0<\/div>\n<p>[\/et_pb_text][et_pb_text admin_label=\u00bbAutor (Texto)\u00bb _builder_version=\u00bb4.18.0&#8243; text_font=\u00bb||on||\u00bb global_colors_info=\u00bb{}\u00bb][\/et_pb_text][et_pb_text admin_label=\u00bbDesarrollo (Texto)\u00bb _builder_version=\u00bb4.18.0&#8243; text_orientation=\u00bbjustified\u00bb module_alignment=\u00bbjustified\u00bb hover_enabled=\u00bb0&#8243; global_colors_info=\u00bb{}\u00bb sticky_enabled=\u00bb0&#8243;]<\/p>\n<div dir=\"auto\">Gracias, Fernando, por todo y por tanto. Todas las fotos que hemos podido encontrar han sido fotos tuyas trabajando en tus maravillosos proyectos, en tu taller, en esta tu casa salesiana, siempre sonriente, rodeado de tus compa\u00f1eros, y as\u00ed es como te recordaremos, querido amigo.<\/div>\n<div dir=\"auto\">\u00a0<\/div>\n<div dir=\"auto\">Un\u00e1monos todos en una oraci\u00f3n por nuestro compa\u00f1ero y amigo, Fernando, y por su familia. Que el Se\u00f1or lo acoja en su gloria y que Don Bosco y Mar\u00eda Auxiliadora acompa\u00f1en y den luz a sus familiares y amigos. Descanse en paz.<\/div>\n<div dir=\"auto\">\u00a0<\/div>\n<div dir=\"auto\">\n<div class=\"gs\">\n<div class=\"\">\n<div id=\":ug\" class=\"ii gt\">\n<div id=\":uf\" class=\"a3s aiL \">\n<div dir=\"auto\">El velatorio tendr\u00e1 lugar en el Tanatorio Municipal el lunes 26 de septiembre, a partir de las 16:00 horas, y la misa funeral el martes 27 de septiembre en el mismo Tanatorio a las 13:15 horas.<\/div>\n<div class=\"yj6qo\">\u00a0<\/div>\n<div class=\"adL\">\u00a0<\/div>\n<\/div>\n<\/div>\n<div class=\"hi\">\u00a0<\/div>\n<\/div>\n<\/div>\n<\/div>\n<p>[\/et_pb_text][et_pb_text disabled_on=\u00bboff|on|on\u00bb admin_label=\u00bbT\u00edtulo: Galer\u00eda de fotos (Texto)\u00bb _builder_version=\u00bb4.18.0&#8243; text_font=\u00bb|on|||\u00bb text_text_color=\u00bb#dc001b\u00bb border_style=\u00bbsolid\u00bb global_colors_info=\u00bb{}\u00bb]<\/p>\n<p>Galer\u00eda de im\u00e1genes<\/p>\n<p>[\/et_pb_text][et_pb_gallery gallery_ids=\u00bb18112,18113,18114,18115,18116,18117,18118,18119,18120,18121,18122,18123,18124,18125,18126,18127,18128&#8243; posts_number=\u00bb8&#8243; show_title_and_caption=\u00bboff\u00bb zoom_icon_color=\u00bb#dc001b\u00bb hover_icon=\u00bb&#x54;||divi||400&#8243; disabled_on=\u00bboff|off|off\u00bb _builder_version=\u00bb4.18.0&#8243; pagination_font_size_tablet=\u00bb51&#8243; pagination_line_height_tablet=\u00bb2&#8243; global_colors_info=\u00bb{}\u00bb][\/et_pb_gallery][et_pb_video disabled_on=\u00bbon|on|on\u00bb _builder_version=\u00bb4.16&#8243; disabled=\u00bbon\u00bb global_colors_info=\u00bb{}\u00bb][\/et_pb_video][\/et_pb_column][\/et_pb_row][\/et_pb_section]<\/p>\n<!-- AddThis Advanced Settings generic via filter on the_content --><!-- AddThis Share Buttons generic via filter on the_content -->","protected":false},"excerpt":{"rendered":"<p>Fernando Urios ha estado siempre vinculado a nuestra casa salesiana y sobre todo en su trabajo en la secretar\u00eda del colegio. Pero adem\u00e1s Fernando fue alumno del colegio, entrenador de baloncesto en el CD Don Bosco, parte del equipo de Radio Bosco TV en sus inicios, y siempre ha colaborado activamente en numerosas iniciativas gracias [&hellip;]<\/p>\n<p><!-- AddThis Advanced Settings generic via filter on get_the_excerpt --><!-- AddThis Share Buttons generic via filter on get_the_excerpt --><\/p>\n","protected":false},"author":6,"featured_media":18119,"comment_status":"closed","ping_status":"open","sticky":false,"template":"","format":"standard","meta":{"_et_pb_use_builder":"on","_et_pb_old_content":"","_et_gb_content_width":"","footnotes":""},"categories":[14],"tags":[],"class_list":["post-18109","post","type-post","status-publish","format-standard","has-post-thumbnail","hentry","category-noticia_colegio"],"yoast_head":"<!-- This site is optimized with the Yoast SEO plugin v28.4 - https:\/\/yoast.com\/product\/yoast-seo-wordpress\/ -->\n<title>Fallece nuestro querid\u00edsimo compa\u00f1ero, Fernando Urios - Colegio San Juan Bosco Valencia<\/title>\n<meta name=\"robots\" content=\"index, follow, max-snippet:-1, max-image-preview:large, max-video-preview:-1\" \/>\n<link rel=\"canonical\" href=\"https:\/\/valenciasjb.salesianos.edu\/colegio\/fallece-nuestro-queridisimo-companero-fernando-urios\/\" \/>\n<meta property=\"og:locale\" content=\"es_ES\" \/>\n<meta property=\"og:type\" content=\"article\" \/>\n<meta property=\"og:title\" content=\"Fallece nuestro querid\u00edsimo compa\u00f1ero, Fernando Urios - Colegio San Juan Bosco Valencia\" \/>\n<meta property=\"og:description\" content=\"Fernando Urios ha estado siempre vinculado a nuestra casa salesiana y sobre todo en su trabajo en la secretar\u00eda del colegio. Pero adem\u00e1s Fernando fue alumno del colegio, entrenador de baloncesto en el CD Don Bosco, parte del equipo de Radio Bosco TV en sus inicios, y siempre ha colaborado activamente en numerosas iniciativas gracias [&hellip;]\" \/>\n<meta property=\"og:url\" content=\"https:\/\/valenciasjb.salesianos.edu\/colegio\/fallece-nuestro-queridisimo-companero-fernando-urios\/\" \/>\n<meta property=\"og:site_name\" content=\"Colegio San Juan Bosco Valencia\" \/>\n<meta property=\"article:publisher\" content=\"https:\/\/www.facebook.com\/ColegioSalesianoSanJuanBoscoValencia\" \/>\n<meta property=\"article:published_time\" content=\"2022-09-25T11:01:41+00:00\" \/>\n<meta property=\"article:modified_time\" content=\"2022-09-25T11:41:41+00:00\" \/>\n<meta property=\"og:image\" content=\"https:\/\/valenciasjb.salesianos.edu\/colegio\/wp-content\/uploads\/sites\/2\/2022\/09\/64279476_1157406117795952_5892352872758116352_n-min.jpg\" \/>\n\t<meta property=\"og:image:width\" content=\"1330\" \/>\n\t<meta property=\"og:image:height\" content=\"1213\" \/>\n\t<meta property=\"og:image:type\" content=\"image\/jpeg\" \/>\n<meta name=\"author\" content=\"veronicapastor\" \/>\n<meta name=\"twitter:card\" content=\"summary_large_image\" \/>\n<meta name=\"twitter:creator\" content=\"@SalesianosVSJB\" \/>\n<meta name=\"twitter:site\" content=\"@SalesianosVSJB\" \/>\n<meta name=\"twitter:label1\" content=\"Escrito por\" \/>\n\t<meta name=\"twitter:data1\" content=\"veronicapastor\" \/>\n\t<meta name=\"twitter:label2\" content=\"Tiempo de lectura\" \/>\n\t<meta name=\"twitter:data2\" content=\"2 minutos\" \/>\n<script type=\"application\/ld+json\" class=\"yoast-schema-graph\">{\"@context\":\"https:\\\/\\\/schema.org\",\"@graph\":[{\"@type\":\"Article\",\"@id\":\"https:\\\/\\\/valenciasjb.salesianos.edu\\\/colegio\\\/fallece-nuestro-queridisimo-companero-fernando-urios\\\/#article\",\"isPartOf\":{\"@id\":\"https:\\\/\\\/valenciasjb.salesianos.edu\\\/colegio\\\/fallece-nuestro-queridisimo-companero-fernando-urios\\\/\"},\"author\":{\"name\":\"veronicapastor\",\"@id\":\"https:\\\/\\\/valenciasjb.salesianos.edu\\\/colegio\\\/#\\\/schema\\\/person\\\/1f45b67e52b27da175190a574db6bed9\"},\"headline\":\"Fallece nuestro querid\u00edsimo compa\u00f1ero, Fernando Urios\",\"datePublished\":\"2022-09-25T11:01:41+00:00\",\"dateModified\":\"2022-09-25T11:41:41+00:00\",\"mainEntityOfPage\":{\"@id\":\"https:\\\/\\\/valenciasjb.salesianos.edu\\\/colegio\\\/fallece-nuestro-queridisimo-companero-fernando-urios\\\/\"},\"wordCount\":520,\"image\":{\"@id\":\"https:\\\/\\\/valenciasjb.salesianos.edu\\\/colegio\\\/fallece-nuestro-queridisimo-companero-fernando-urios\\\/#primaryimage\"},\"thumbnailUrl\":\"https:\\\/\\\/valenciasjb.salesianos.edu\\\/colegio\\\/wp-content\\\/uploads\\\/sites\\\/2\\\/2022\\\/09\\\/64279476_1157406117795952_5892352872758116352_n-min.jpg\",\"articleSection\":[\"Noticia Colegio\"],\"inLanguage\":\"es\"},{\"@type\":\"WebPage\",\"@id\":\"https:\\\/\\\/valenciasjb.salesianos.edu\\\/colegio\\\/fallece-nuestro-queridisimo-companero-fernando-urios\\\/\",\"url\":\"https:\\\/\\\/valenciasjb.salesianos.edu\\\/colegio\\\/fallece-nuestro-queridisimo-companero-fernando-urios\\\/\",\"name\":\"Fallece nuestro querid\u00edsimo compa\u00f1ero, Fernando Urios - Colegio San Juan Bosco Valencia\",\"isPartOf\":{\"@id\":\"https:\\\/\\\/valenciasjb.salesianos.edu\\\/colegio\\\/#website\"},\"primaryImageOfPage\":{\"@id\":\"https:\\\/\\\/valenciasjb.salesianos.edu\\\/colegio\\\/fallece-nuestro-queridisimo-companero-fernando-urios\\\/#primaryimage\"},\"image\":{\"@id\":\"https:\\\/\\\/valenciasjb.salesianos.edu\\\/colegio\\\/fallece-nuestro-queridisimo-companero-fernando-urios\\\/#primaryimage\"},\"thumbnailUrl\":\"https:\\\/\\\/valenciasjb.salesianos.edu\\\/colegio\\\/wp-content\\\/uploads\\\/sites\\\/2\\\/2022\\\/09\\\/64279476_1157406117795952_5892352872758116352_n-min.jpg\",\"datePublished\":\"2022-09-25T11:01:41+00:00\",\"dateModified\":\"2022-09-25T11:41:41+00:00\",\"author\":{\"@id\":\"https:\\\/\\\/valenciasjb.salesianos.edu\\\/colegio\\\/#\\\/schema\\\/person\\\/1f45b67e52b27da175190a574db6bed9\"},\"breadcrumb\":{\"@id\":\"https:\\\/\\\/valenciasjb.salesianos.edu\\\/colegio\\\/fallece-nuestro-queridisimo-companero-fernando-urios\\\/#breadcrumb\"},\"inLanguage\":\"es\",\"potentialAction\":[{\"@type\":\"ReadAction\",\"target\":[\"https:\\\/\\\/valenciasjb.salesianos.edu\\\/colegio\\\/fallece-nuestro-queridisimo-companero-fernando-urios\\\/\"]}]},{\"@type\":\"ImageObject\",\"inLanguage\":\"es\",\"@id\":\"https:\\\/\\\/valenciasjb.salesianos.edu\\\/colegio\\\/fallece-nuestro-queridisimo-companero-fernando-urios\\\/#primaryimage\",\"url\":\"https:\\\/\\\/valenciasjb.salesianos.edu\\\/colegio\\\/wp-content\\\/uploads\\\/sites\\\/2\\\/2022\\\/09\\\/64279476_1157406117795952_5892352872758116352_n-min.jpg\",\"contentUrl\":\"https:\\\/\\\/valenciasjb.salesianos.edu\\\/colegio\\\/wp-content\\\/uploads\\\/sites\\\/2\\\/2022\\\/09\\\/64279476_1157406117795952_5892352872758116352_n-min.jpg\",\"width\":1330,\"height\":1213},{\"@type\":\"BreadcrumbList\",\"@id\":\"https:\\\/\\\/valenciasjb.salesianos.edu\\\/colegio\\\/fallece-nuestro-queridisimo-companero-fernando-urios\\\/#breadcrumb\",\"itemListElement\":[{\"@type\":\"ListItem\",\"position\":1,\"name\":\"Portada\",\"item\":\"https:\\\/\\\/valenciasjb.salesianos.edu\\\/colegio\\\/\"},{\"@type\":\"ListItem\",\"position\":2,\"name\":\"Fallece nuestro querid\u00edsimo compa\u00f1ero, Fernando Urios\"}]},{\"@type\":\"WebSite\",\"@id\":\"https:\\\/\\\/valenciasjb.salesianos.edu\\\/colegio\\\/#website\",\"url\":\"https:\\\/\\\/valenciasjb.salesianos.edu\\\/colegio\\\/\",\"name\":\"Colegio San Juan Bosco Valencia\",\"description\":\"P\u00e1gina oficial del Colegio Salesianos San Juan Bosco Valencia\",\"alternateName\":\"Salesianos.VSJB\",\"potentialAction\":[{\"@type\":\"SearchAction\",\"target\":{\"@type\":\"EntryPoint\",\"urlTemplate\":\"https:\\\/\\\/valenciasjb.salesianos.edu\\\/colegio\\\/?s={search_term_string}\"},\"query-input\":{\"@type\":\"PropertyValueSpecification\",\"valueRequired\":true,\"valueName\":\"search_term_string\"}}],\"inLanguage\":\"es\"},{\"@type\":\"Person\",\"@id\":\"https:\\\/\\\/valenciasjb.salesianos.edu\\\/colegio\\\/#\\\/schema\\\/person\\\/1f45b67e52b27da175190a574db6bed9\",\"name\":\"veronicapastor\",\"image\":{\"@type\":\"ImageObject\",\"inLanguage\":\"es\",\"@id\":\"https:\\\/\\\/secure.gravatar.com\\\/avatar\\\/e29bd40bace3fd935e1d6fdb7313ffc14628cc037c5e16f4c7369b20a2a6f7f0?s=96&d=mm&r=g\",\"url\":\"https:\\\/\\\/secure.gravatar.com\\\/avatar\\\/e29bd40bace3fd935e1d6fdb7313ffc14628cc037c5e16f4c7369b20a2a6f7f0?s=96&d=mm&r=g\",\"contentUrl\":\"https:\\\/\\\/secure.gravatar.com\\\/avatar\\\/e29bd40bace3fd935e1d6fdb7313ffc14628cc037c5e16f4c7369b20a2a6f7f0?s=96&d=mm&r=g\",\"caption\":\"veronicapastor\"}}]}<\/script>\n<!-- \/ Yoast SEO plugin. -->","yoast_head_json":{"title":"Fallece nuestro querid\u00edsimo compa\u00f1ero, Fernando Urios - Colegio San Juan Bosco Valencia","robots":{"index":"index","follow":"follow","max-snippet":"max-snippet:-1","max-image-preview":"max-image-preview:large","max-video-preview":"max-video-preview:-1"},"canonical":"https:\/\/valenciasjb.salesianos.edu\/colegio\/fallece-nuestro-queridisimo-companero-fernando-urios\/","og_locale":"es_ES","og_type":"article","og_title":"Fallece nuestro querid\u00edsimo compa\u00f1ero, Fernando Urios - Colegio San Juan Bosco Valencia","og_description":"Fernando Urios ha estado siempre vinculado a nuestra casa salesiana y sobre todo en su trabajo en la secretar\u00eda del colegio. Pero adem\u00e1s Fernando fue alumno del colegio, entrenador de baloncesto en el CD Don Bosco, parte del equipo de Radio Bosco TV en sus inicios, y siempre ha colaborado activamente en numerosas iniciativas gracias [&hellip;]","og_url":"https:\/\/valenciasjb.salesianos.edu\/colegio\/fallece-nuestro-queridisimo-companero-fernando-urios\/","og_site_name":"Colegio San Juan Bosco Valencia","article_publisher":"https:\/\/www.facebook.com\/ColegioSalesianoSanJuanBoscoValencia","article_published_time":"2022-09-25T11:01:41+00:00","article_modified_time":"2022-09-25T11:41:41+00:00","og_image":[{"width":1330,"height":1213,"url":"https:\/\/valenciasjb.salesianos.edu\/colegio\/wp-content\/uploads\/sites\/2\/2022\/09\/64279476_1157406117795952_5892352872758116352_n-min.jpg","type":"image\/jpeg"}],"author":"veronicapastor","twitter_card":"summary_large_image","twitter_creator":"@SalesianosVSJB","twitter_site":"@SalesianosVSJB","twitter_misc":{"Escrito por":"veronicapastor","Tiempo de lectura":"2 minutos"},"schema":{"@context":"https:\/\/schema.org","@graph":[{"@type":"Article","@id":"https:\/\/valenciasjb.salesianos.edu\/colegio\/fallece-nuestro-queridisimo-companero-fernando-urios\/#article","isPartOf":{"@id":"https:\/\/valenciasjb.salesianos.edu\/colegio\/fallece-nuestro-queridisimo-companero-fernando-urios\/"},"author":{"name":"veronicapastor","@id":"https:\/\/valenciasjb.salesianos.edu\/colegio\/#\/schema\/person\/1f45b67e52b27da175190a574db6bed9"},"headline":"Fallece nuestro querid\u00edsimo compa\u00f1ero, Fernando Urios","datePublished":"2022-09-25T11:01:41+00:00","dateModified":"2022-09-25T11:41:41+00:00","mainEntityOfPage":{"@id":"https:\/\/valenciasjb.salesianos.edu\/colegio\/fallece-nuestro-queridisimo-companero-fernando-urios\/"},"wordCount":520,"image":{"@id":"https:\/\/valenciasjb.salesianos.edu\/colegio\/fallece-nuestro-queridisimo-companero-fernando-urios\/#primaryimage"},"thumbnailUrl":"https:\/\/valenciasjb.salesianos.edu\/colegio\/wp-content\/uploads\/sites\/2\/2022\/09\/64279476_1157406117795952_5892352872758116352_n-min.jpg","articleSection":["Noticia Colegio"],"inLanguage":"es"},{"@type":"WebPage","@id":"https:\/\/valenciasjb.salesianos.edu\/colegio\/fallece-nuestro-queridisimo-companero-fernando-urios\/","url":"https:\/\/valenciasjb.salesianos.edu\/colegio\/fallece-nuestro-queridisimo-companero-fernando-urios\/","name":"Fallece nuestro querid\u00edsimo compa\u00f1ero, Fernando Urios - Colegio San Juan Bosco Valencia","isPartOf":{"@id":"https:\/\/valenciasjb.salesianos.edu\/colegio\/#website"},"primaryImageOfPage":{"@id":"https:\/\/valenciasjb.salesianos.edu\/colegio\/fallece-nuestro-queridisimo-companero-fernando-urios\/#primaryimage"},"image":{"@id":"https:\/\/valenciasjb.salesianos.edu\/colegio\/fallece-nuestro-queridisimo-companero-fernando-urios\/#primaryimage"},"thumbnailUrl":"https:\/\/valenciasjb.salesianos.edu\/colegio\/wp-content\/uploads\/sites\/2\/2022\/09\/64279476_1157406117795952_5892352872758116352_n-min.jpg","datePublished":"2022-09-25T11:01:41+00:00","dateModified":"2022-09-25T11:41:41+00:00","author":{"@id":"https:\/\/valenciasjb.salesianos.edu\/colegio\/#\/schema\/person\/1f45b67e52b27da175190a574db6bed9"},"breadcrumb":{"@id":"https:\/\/valenciasjb.salesianos.edu\/colegio\/fallece-nuestro-queridisimo-companero-fernando-urios\/#breadcrumb"},"inLanguage":"es","potentialAction":[{"@type":"ReadAction","target":["https:\/\/valenciasjb.salesianos.edu\/colegio\/fallece-nuestro-queridisimo-companero-fernando-urios\/"]}]},{"@type":"ImageObject","inLanguage":"es","@id":"https:\/\/valenciasjb.salesianos.edu\/colegio\/fallece-nuestro-queridisimo-companero-fernando-urios\/#primaryimage","url":"https:\/\/valenciasjb.salesianos.edu\/colegio\/wp-content\/uploads\/sites\/2\/2022\/09\/64279476_1157406117795952_5892352872758116352_n-min.jpg","contentUrl":"https:\/\/valenciasjb.salesianos.edu\/colegio\/wp-content\/uploads\/sites\/2\/2022\/09\/64279476_1157406117795952_5892352872758116352_n-min.jpg","width":1330,"height":1213},{"@type":"BreadcrumbList","@id":"https:\/\/valenciasjb.salesianos.edu\/colegio\/fallece-nuestro-queridisimo-companero-fernando-urios\/#breadcrumb","itemListElement":[{"@type":"ListItem","position":1,"name":"Portada","item":"https:\/\/valenciasjb.salesianos.edu\/colegio\/"},{"@type":"ListItem","position":2,"name":"Fallece nuestro querid\u00edsimo compa\u00f1ero, Fernando Urios"}]},{"@type":"WebSite","@id":"https:\/\/valenciasjb.salesianos.edu\/colegio\/#website","url":"https:\/\/valenciasjb.salesianos.edu\/colegio\/","name":"Colegio San Juan Bosco Valencia","description":"P\u00e1gina oficial del Colegio Salesianos San Juan Bosco Valencia","alternateName":"Salesianos.VSJB","potentialAction":[{"@type":"SearchAction","target":{"@type":"EntryPoint","urlTemplate":"https:\/\/valenciasjb.salesianos.edu\/colegio\/?s={search_term_string}"},"query-input":{"@type":"PropertyValueSpecification","valueRequired":true,"valueName":"search_term_string"}}],"inLanguage":"es"},{"@type":"Person","@id":"https:\/\/valenciasjb.salesianos.edu\/colegio\/#\/schema\/person\/1f45b67e52b27da175190a574db6bed9","name":"veronicapastor","image":{"@type":"ImageObject","inLanguage":"es","@id":"https:\/\/secure.gravatar.com\/avatar\/e29bd40bace3fd935e1d6fdb7313ffc14628cc037c5e16f4c7369b20a2a6f7f0?s=96&d=mm&r=g","url":"https:\/\/secure.gravatar.com\/avatar\/e29bd40bace3fd935e1d6fdb7313ffc14628cc037c5e16f4c7369b20a2a6f7f0?s=96&d=mm&r=g","contentUrl":"https:\/\/secure.gravatar.com\/avatar\/e29bd40bace3fd935e1d6fdb7313ffc14628cc037c5e16f4c7369b20a2a6f7f0?s=96&d=mm&r=g","caption":"veronicapastor"}}]}},"_links":{"self":[{"href":"https:\/\/valenciasjb.salesianos.edu\/colegio\/wp-json\/wp\/v2\/posts\/18109","targetHints":{"allow":["GET"]}}],"collection":[{"href":"https:\/\/valenciasjb.salesianos.edu\/colegio\/wp-json\/wp\/v2\/posts"}],"about":[{"href":"https:\/\/valenciasjb.salesianos.edu\/colegio\/wp-json\/wp\/v2\/types\/post"}],"author":[{"embeddable":true,"href":"https:\/\/valenciasjb.salesianos.edu\/colegio\/wp-json\/wp\/v2\/users\/6"}],"replies":[{"embeddable":true,"href":"https:\/\/valenciasjb.salesianos.edu\/colegio\/wp-json\/wp\/v2\/comments?post=18109"}],"version-history":[{"count":8,"href":"https:\/\/valenciasjb.salesianos.edu\/colegio\/wp-json\/wp\/v2\/posts\/18109\/revisions"}],"predecessor-version":[{"id":18138,"href":"https:\/\/valenciasjb.salesianos.edu\/colegio\/wp-json\/wp\/v2\/posts\/18109\/revisions\/18138"}],"wp:featuredmedia":[{"embeddable":true,"href":"https:\/\/valenciasjb.salesianos.edu\/colegio\/wp-json\/wp\/v2\/media\/18119"}],"wp:attachment":[{"href":"https:\/\/valenciasjb.salesianos.edu\/colegio\/wp-json\/wp\/v2\/media?parent=18109"}],"wp:term":[{"taxonomy":"category","embeddable":true,"href":"https:\/\/valenciasjb.salesianos.edu\/colegio\/wp-json\/wp\/v2\/categories?post=18109"},{"taxonomy":"post_tag","embeddable":true,"href":"https:\/\/valenciasjb.salesianos.edu\/colegio\/wp-json\/wp\/v2\/tags?post=18109"}],"curies":[{"name":"wp","href":"https:\/\/api.w.org\/{rel}","templated":true}]}}