{"id":18161,"date":"2022-10-13T09:00:14","date_gmt":"2022-10-13T08:00:14","guid":{"rendered":"https:\/\/valenciasjb.salesianos.edu\/colegio\/?p=18161"},"modified":"2022-11-10T16:10:18","modified_gmt":"2022-11-10T15:10:18","slug":"la-nueva-junta-de-ampas-toma-posesion-en-la-asamblea-general-ordinaria-de-socios","status":"publish","type":"post","link":"https:\/\/valenciasjb.salesianos.edu\/colegio\/la-nueva-junta-de-ampas-toma-posesion-en-la-asamblea-general-ordinaria-de-socios\/","title":{"rendered":"La nueva junta de AMPAS toma posesi\u00f3n en la Asamblea General Ordinaria de socios"},"content":{"rendered":"<div id=\"fb-root\"><\/div>\n<p>[et_pb_section fb_built=\u00bb1&#8243; admin_label=\u00bbsection\u00bb _builder_version=\u00bb4.16&#8243; global_colors_info=\u00bb{}\u00bb][et_pb_row admin_label=\u00bbrow\u00bb _builder_version=\u00bb4.16&#8243; background_size=\u00bbinitial\u00bb background_position=\u00bbtop_left\u00bb background_repeat=\u00bbrepeat\u00bb global_colors_info=\u00bb{}\u00bb][et_pb_column type=\u00bb4_4&#8243; _builder_version=\u00bb4.16&#8243; custom_padding=\u00bb|||\u00bb global_colors_info=\u00bb{}\u00bb custom_padding__hover=\u00bb|||\u00bb][et_pb_text admin_label=\u00bbEntradilla (Texto)\u00bb _builder_version=\u00bb4.18.0&#8243; text_font=\u00bb|on|||\u00bb text_orientation=\u00bbjustified\u00bb module_alignment=\u00bbjustified\u00bb global_colors_info=\u00bb{}\u00bb]<\/p>\n<div id=\"resumen\"><strong>El pasado lunes 10 de octubre, la nueva junta de AMPAS tom\u00f3 posesi\u00f3n en la Asamblea General Ordinaria de socios.<\/strong><\/div>\n<div>\u00a0<\/div>\n<p>[\/et_pb_text][et_pb_text admin_label=\u00bbAutor (Texto)\u00bb _builder_version=\u00bb4.18.0&#8243; text_font=\u00bb||on||\u00bb global_colors_info=\u00bb{}\u00bb]<\/p>\n<p>Redacci\u00f3n.<\/p>\n<p>[\/et_pb_text][et_pb_text admin_label=\u00bbDesarrollo (Texto)\u00bb _builder_version=\u00bb4.18.1&#8243; text_orientation=\u00bbjustified\u00bb module_alignment=\u00bbjustified\u00bb hover_enabled=\u00bb0&#8243; global_colors_info=\u00bb{}\u00bb sticky_enabled=\u00bb0&#8243;]<\/p>\n<p dir=\"ltr\">Habiendo finalizado el plazo de presentaci\u00f3n de candidaturas y, realizadas las comprobaciones pertinentes, se han proclamado como electos los siguientes candidatos\/as al no haberse presentado m\u00e1s candidaturas. Por tanto, el resultado de las elecciones y los cargos finales son:<\/p>\n<p dir=\"ltr\">Presidente: Manuel Traver Salcedo<br \/>Vicepresidenta: Gemma Fenech Gim\u00e9nez<br \/>Secretaria: Mar\u00eda \u00c1ngeles Li\u00f1\u00e1n Nieto<br \/>Vicesecretaria: Mar\u00eda del Carmen Vidal Zan\u00f3n<br \/>Tesorera: Mar\u00eda Jes\u00fas Tormo L\u00f3pez<br \/>Vocal 1: Sergio Aleixandre P\u00e9rez<br \/>Vocal 2: Javier Garc\u00eda Ortol\u00e1<br \/>Vocal 3: Mar\u00eda del Carmen Casero Gallego<br \/>Vocal 4: Sandra Ferrer Cu\u00f1at<br \/>Vocal 5: Francisco Jos\u00e9 Grau Calabuig<br \/>Vocal 6: Isabel Ortega Caplliure<br \/>Vocal 7: Francisco Quiles Asensi<br \/>Vocal 8: Amparo Rodr\u00edguez Navarro<br \/>Vocal 9: Marisol Tornal Landete<br \/>Vocal 10: Ester Villal\u00f3n Garc\u00eda<\/p>\n<p dir=\"ltr\">Gracias a toda la junta por vuestra disponibilidad. Escuela y familias vamos de la mano en este apasionante camino que recorremos con nuestros ni\u00f1os y ni\u00f1as, nuestros j\u00f3venes, \u00a1abrimos caminos!<\/p>\n<p dir=\"ltr\"><a href=\"https:\/\/www.facebook.com\/hashtag\/ampassjb?__eep__=6&amp;__cft__[0]=AZV-fNTOijRQ894FP8Q0AslqvomUQxd74g2OM1t6nCAzEGVqE-UmR_QOEyHdLHNlmltbuT-TNmmErNj_RPGg35pxq3uvyemN1AWCGXp7KeH5ySywCQA_i4xg3-9IUEe3os4&amp;__tn__=*NK-R\">#ampassjb<\/a><\/p>\n<p>[\/et_pb_text][et_pb_text disabled_on=\u00bboff|on|on\u00bb admin_label=\u00bbT\u00edtulo: Galer\u00eda de fotos (Texto)\u00bb _builder_version=\u00bb4.18.0&#8243; text_font=\u00bb|on|||\u00bb text_text_color=\u00bb#dc001b\u00bb border_style=\u00bbsolid\u00bb global_colors_info=\u00bb{}\u00bb]<\/p>\n<p>Galer\u00eda de im\u00e1genes<\/p>\n<p>[\/et_pb_text][et_pb_gallery gallery_ids=\u00bb18166,18167,18168,18169,18165&#8243; posts_number=\u00bb8&#8243; show_title_and_caption=\u00bboff\u00bb zoom_icon_color=\u00bb#dc001b\u00bb hover_icon=\u00bb&#x54;||divi||400&#8243; disabled_on=\u00bboff|off|off\u00bb _builder_version=\u00bb4.18.1&#8243; hover_enabled=\u00bb0&#8243; pagination_font_size_tablet=\u00bb51&#8243; pagination_line_height_tablet=\u00bb2&#8243; global_colors_info=\u00bb{}\u00bb admin_label=\u00bbGaler\u00eda\u00bb sticky_enabled=\u00bb0&#8243;][\/et_pb_gallery][et_pb_video disabled_on=\u00bbon|on|on\u00bb _builder_version=\u00bb4.16&#8243; disabled=\u00bbon\u00bb global_colors_info=\u00bb{}\u00bb][\/et_pb_video][\/et_pb_column][\/et_pb_row][\/et_pb_section]<\/p>\n<!-- AddThis Advanced Settings generic via filter on the_content --><!-- AddThis Share Buttons generic via filter on the_content -->","protected":false},"excerpt":{"rendered":"<p>El pasado lunes 10 de octubre, la nueva junta de AMPAS tom\u00f3 posesi\u00f3n en la Asamblea General Ordinaria de socios. \u00a0Redacci\u00f3n.Habiendo finalizado el plazo de presentaci\u00f3n de candidaturas y, realizadas las comprobaciones pertinentes, se han proclamado como electos los siguientes candidatos\/as al no haberse presentado m\u00e1s candidaturas. Por tanto, el resultado de las elecciones y [&hellip;]<\/p>\n<p><!-- AddThis Advanced Settings generic via filter on get_the_excerpt --><!-- AddThis Share Buttons generic via filter on get_the_excerpt --><\/p>\n","protected":false},"author":6,"featured_media":18165,"comment_status":"closed","ping_status":"open","sticky":false,"template":"","format":"standard","meta":{"_et_pb_use_builder":"on","_et_pb_old_content":"","_et_gb_content_width":"","footnotes":""},"categories":[30,14,32],"tags":[],"class_list":["post-18161","post","type-post","status-publish","format-standard","has-post-thumbnail","hentry","category-ampas_actividades","category-noticia_colegio","category-noticias-ampas"],"yoast_head":"<!-- This site is optimized with the Yoast SEO plugin v28.3 - https:\/\/yoast.com\/product\/yoast-seo-wordpress\/ -->\n<title>La nueva junta de AMPAS toma posesi\u00f3n en la Asamblea General Ordinaria de socios - Colegio San Juan Bosco Valencia<\/title>\n<meta name=\"robots\" content=\"index, follow, max-snippet:-1, max-image-preview:large, max-video-preview:-1\" \/>\n<link rel=\"canonical\" href=\"https:\/\/valenciasjb.salesianos.edu\/colegio\/la-nueva-junta-de-ampas-toma-posesion-en-la-asamblea-general-ordinaria-de-socios\/\" \/>\n<meta property=\"og:locale\" content=\"es_ES\" \/>\n<meta property=\"og:type\" content=\"article\" \/>\n<meta property=\"og:title\" content=\"La nueva junta de AMPAS toma posesi\u00f3n en la Asamblea General Ordinaria de socios - Colegio San Juan Bosco Valencia\" \/>\n<meta property=\"og:description\" content=\"El pasado lunes 10 de octubre, la nueva junta de AMPAS tom\u00f3 posesi\u00f3n en la Asamblea General Ordinaria de socios. \u00a0Redacci\u00f3n.Habiendo finalizado el plazo de presentaci\u00f3n de candidaturas y, realizadas las comprobaciones pertinentes, se han proclamado como electos los siguientes candidatos\/as al no haberse presentado m\u00e1s candidaturas. Por tanto, el resultado de las elecciones y [&hellip;]\" \/>\n<meta property=\"og:url\" content=\"https:\/\/valenciasjb.salesianos.edu\/colegio\/la-nueva-junta-de-ampas-toma-posesion-en-la-asamblea-general-ordinaria-de-socios\/\" \/>\n<meta property=\"og:site_name\" content=\"Colegio San Juan Bosco Valencia\" \/>\n<meta property=\"article:publisher\" content=\"https:\/\/www.facebook.com\/ColegioSalesianoSanJuanBoscoValencia\" \/>\n<meta property=\"article:published_time\" content=\"2022-10-13T08:00:14+00:00\" \/>\n<meta property=\"article:modified_time\" content=\"2022-11-10T15:10:18+00:00\" \/>\n<meta property=\"og:image\" content=\"https:\/\/valenciasjb.salesianos.edu\/colegio\/wp-content\/uploads\/sites\/2\/2022\/10\/IMG_20221010_213742.jpg\" \/>\n\t<meta property=\"og:image:width\" content=\"2328\" \/>\n\t<meta property=\"og:image:height\" content=\"1311\" \/>\n\t<meta property=\"og:image:type\" content=\"image\/jpeg\" \/>\n<meta name=\"author\" content=\"veronicapastor\" \/>\n<meta name=\"twitter:card\" content=\"summary_large_image\" \/>\n<meta name=\"twitter:creator\" content=\"@SalesianosVSJB\" \/>\n<meta name=\"twitter:site\" content=\"@SalesianosVSJB\" \/>\n<meta name=\"twitter:label1\" content=\"Escrito por\" \/>\n\t<meta name=\"twitter:data1\" content=\"veronicapastor\" \/>\n\t<meta name=\"twitter:label2\" content=\"Tiempo de lectura\" \/>\n\t<meta name=\"twitter:data2\" content=\"2 minutos\" \/>\n<script type=\"application\/ld+json\" class=\"yoast-schema-graph\">{\"@context\":\"https:\\\/\\\/schema.org\",\"@graph\":[{\"@type\":\"Article\",\"@id\":\"https:\\\/\\\/valenciasjb.salesianos.edu\\\/colegio\\\/la-nueva-junta-de-ampas-toma-posesion-en-la-asamblea-general-ordinaria-de-socios\\\/#article\",\"isPartOf\":{\"@id\":\"https:\\\/\\\/valenciasjb.salesianos.edu\\\/colegio\\\/la-nueva-junta-de-ampas-toma-posesion-en-la-asamblea-general-ordinaria-de-socios\\\/\"},\"author\":{\"name\":\"veronicapastor\",\"@id\":\"https:\\\/\\\/valenciasjb.salesianos.edu\\\/colegio\\\/#\\\/schema\\\/person\\\/1f45b67e52b27da175190a574db6bed9\"},\"headline\":\"La nueva junta de AMPAS toma posesi\u00f3n en la Asamblea General Ordinaria de socios\",\"datePublished\":\"2022-10-13T08:00:14+00:00\",\"dateModified\":\"2022-11-10T15:10:18+00:00\",\"mainEntityOfPage\":{\"@id\":\"https:\\\/\\\/valenciasjb.salesianos.edu\\\/colegio\\\/la-nueva-junta-de-ampas-toma-posesion-en-la-asamblea-general-ordinaria-de-socios\\\/\"},\"wordCount\":415,\"image\":{\"@id\":\"https:\\\/\\\/valenciasjb.salesianos.edu\\\/colegio\\\/la-nueva-junta-de-ampas-toma-posesion-en-la-asamblea-general-ordinaria-de-socios\\\/#primaryimage\"},\"thumbnailUrl\":\"https:\\\/\\\/valenciasjb.salesianos.edu\\\/colegio\\\/wp-content\\\/uploads\\\/sites\\\/2\\\/2022\\\/10\\\/IMG_20221010_213742.jpg\",\"articleSection\":[\"AMPAS Actividades\",\"Noticia Colegio\",\"Noticias AMPAS\"],\"inLanguage\":\"es\"},{\"@type\":\"WebPage\",\"@id\":\"https:\\\/\\\/valenciasjb.salesianos.edu\\\/colegio\\\/la-nueva-junta-de-ampas-toma-posesion-en-la-asamblea-general-ordinaria-de-socios\\\/\",\"url\":\"https:\\\/\\\/valenciasjb.salesianos.edu\\\/colegio\\\/la-nueva-junta-de-ampas-toma-posesion-en-la-asamblea-general-ordinaria-de-socios\\\/\",\"name\":\"La nueva junta de AMPAS toma posesi\u00f3n en la Asamblea General Ordinaria de socios - Colegio San Juan Bosco Valencia\",\"isPartOf\":{\"@id\":\"https:\\\/\\\/valenciasjb.salesianos.edu\\\/colegio\\\/#website\"},\"primaryImageOfPage\":{\"@id\":\"https:\\\/\\\/valenciasjb.salesianos.edu\\\/colegio\\\/la-nueva-junta-de-ampas-toma-posesion-en-la-asamblea-general-ordinaria-de-socios\\\/#primaryimage\"},\"image\":{\"@id\":\"https:\\\/\\\/valenciasjb.salesianos.edu\\\/colegio\\\/la-nueva-junta-de-ampas-toma-posesion-en-la-asamblea-general-ordinaria-de-socios\\\/#primaryimage\"},\"thumbnailUrl\":\"https:\\\/\\\/valenciasjb.salesianos.edu\\\/colegio\\\/wp-content\\\/uploads\\\/sites\\\/2\\\/2022\\\/10\\\/IMG_20221010_213742.jpg\",\"datePublished\":\"2022-10-13T08:00:14+00:00\",\"dateModified\":\"2022-11-10T15:10:18+00:00\",\"author\":{\"@id\":\"https:\\\/\\\/valenciasjb.salesianos.edu\\\/colegio\\\/#\\\/schema\\\/person\\\/1f45b67e52b27da175190a574db6bed9\"},\"breadcrumb\":{\"@id\":\"https:\\\/\\\/valenciasjb.salesianos.edu\\\/colegio\\\/la-nueva-junta-de-ampas-toma-posesion-en-la-asamblea-general-ordinaria-de-socios\\\/#breadcrumb\"},\"inLanguage\":\"es\",\"potentialAction\":[{\"@type\":\"ReadAction\",\"target\":[\"https:\\\/\\\/valenciasjb.salesianos.edu\\\/colegio\\\/la-nueva-junta-de-ampas-toma-posesion-en-la-asamblea-general-ordinaria-de-socios\\\/\"]}]},{\"@type\":\"ImageObject\",\"inLanguage\":\"es\",\"@id\":\"https:\\\/\\\/valenciasjb.salesianos.edu\\\/colegio\\\/la-nueva-junta-de-ampas-toma-posesion-en-la-asamblea-general-ordinaria-de-socios\\\/#primaryimage\",\"url\":\"https:\\\/\\\/valenciasjb.salesianos.edu\\\/colegio\\\/wp-content\\\/uploads\\\/sites\\\/2\\\/2022\\\/10\\\/IMG_20221010_213742.jpg\",\"contentUrl\":\"https:\\\/\\\/valenciasjb.salesianos.edu\\\/colegio\\\/wp-content\\\/uploads\\\/sites\\\/2\\\/2022\\\/10\\\/IMG_20221010_213742.jpg\",\"width\":2328,\"height\":1311},{\"@type\":\"BreadcrumbList\",\"@id\":\"https:\\\/\\\/valenciasjb.salesianos.edu\\\/colegio\\\/la-nueva-junta-de-ampas-toma-posesion-en-la-asamblea-general-ordinaria-de-socios\\\/#breadcrumb\",\"itemListElement\":[{\"@type\":\"ListItem\",\"position\":1,\"name\":\"Portada\",\"item\":\"https:\\\/\\\/valenciasjb.salesianos.edu\\\/colegio\\\/\"},{\"@type\":\"ListItem\",\"position\":2,\"name\":\"La nueva junta de AMPAS toma posesi\u00f3n en la Asamblea General Ordinaria de socios\"}]},{\"@type\":\"WebSite\",\"@id\":\"https:\\\/\\\/valenciasjb.salesianos.edu\\\/colegio\\\/#website\",\"url\":\"https:\\\/\\\/valenciasjb.salesianos.edu\\\/colegio\\\/\",\"name\":\"Colegio San Juan Bosco Valencia\",\"description\":\"P\u00e1gina oficial del Colegio Salesianos San Juan Bosco Valencia\",\"alternateName\":\"Salesianos.VSJB\",\"potentialAction\":[{\"@type\":\"SearchAction\",\"target\":{\"@type\":\"EntryPoint\",\"urlTemplate\":\"https:\\\/\\\/valenciasjb.salesianos.edu\\\/colegio\\\/?s={search_term_string}\"},\"query-input\":{\"@type\":\"PropertyValueSpecification\",\"valueRequired\":true,\"valueName\":\"search_term_string\"}}],\"inLanguage\":\"es\"},{\"@type\":\"Person\",\"@id\":\"https:\\\/\\\/valenciasjb.salesianos.edu\\\/colegio\\\/#\\\/schema\\\/person\\\/1f45b67e52b27da175190a574db6bed9\",\"name\":\"veronicapastor\",\"image\":{\"@type\":\"ImageObject\",\"inLanguage\":\"es\",\"@id\":\"https:\\\/\\\/secure.gravatar.com\\\/avatar\\\/e29bd40bace3fd935e1d6fdb7313ffc14628cc037c5e16f4c7369b20a2a6f7f0?s=96&d=mm&r=g\",\"url\":\"https:\\\/\\\/secure.gravatar.com\\\/avatar\\\/e29bd40bace3fd935e1d6fdb7313ffc14628cc037c5e16f4c7369b20a2a6f7f0?s=96&d=mm&r=g\",\"contentUrl\":\"https:\\\/\\\/secure.gravatar.com\\\/avatar\\\/e29bd40bace3fd935e1d6fdb7313ffc14628cc037c5e16f4c7369b20a2a6f7f0?s=96&d=mm&r=g\",\"caption\":\"veronicapastor\"}}]}<\/script>\n<!-- \/ Yoast SEO plugin. -->","yoast_head_json":{"title":"La nueva junta de AMPAS toma posesi\u00f3n en la Asamblea General Ordinaria de socios - Colegio San Juan Bosco Valencia","robots":{"index":"index","follow":"follow","max-snippet":"max-snippet:-1","max-image-preview":"max-image-preview:large","max-video-preview":"max-video-preview:-1"},"canonical":"https:\/\/valenciasjb.salesianos.edu\/colegio\/la-nueva-junta-de-ampas-toma-posesion-en-la-asamblea-general-ordinaria-de-socios\/","og_locale":"es_ES","og_type":"article","og_title":"La nueva junta de AMPAS toma posesi\u00f3n en la Asamblea General Ordinaria de socios - Colegio San Juan Bosco Valencia","og_description":"El pasado lunes 10 de octubre, la nueva junta de AMPAS tom\u00f3 posesi\u00f3n en la Asamblea General Ordinaria de socios. \u00a0Redacci\u00f3n.Habiendo finalizado el plazo de presentaci\u00f3n de candidaturas y, realizadas las comprobaciones pertinentes, se han proclamado como electos los siguientes candidatos\/as al no haberse presentado m\u00e1s candidaturas. Por tanto, el resultado de las elecciones y [&hellip;]","og_url":"https:\/\/valenciasjb.salesianos.edu\/colegio\/la-nueva-junta-de-ampas-toma-posesion-en-la-asamblea-general-ordinaria-de-socios\/","og_site_name":"Colegio San Juan Bosco Valencia","article_publisher":"https:\/\/www.facebook.com\/ColegioSalesianoSanJuanBoscoValencia","article_published_time":"2022-10-13T08:00:14+00:00","article_modified_time":"2022-11-10T15:10:18+00:00","og_image":[{"width":2328,"height":1311,"url":"https:\/\/valenciasjb.salesianos.edu\/colegio\/wp-content\/uploads\/sites\/2\/2022\/10\/IMG_20221010_213742.jpg","type":"image\/jpeg"}],"author":"veronicapastor","twitter_card":"summary_large_image","twitter_creator":"@SalesianosVSJB","twitter_site":"@SalesianosVSJB","twitter_misc":{"Escrito por":"veronicapastor","Tiempo de lectura":"2 minutos"},"schema":{"@context":"https:\/\/schema.org","@graph":[{"@type":"Article","@id":"https:\/\/valenciasjb.salesianos.edu\/colegio\/la-nueva-junta-de-ampas-toma-posesion-en-la-asamblea-general-ordinaria-de-socios\/#article","isPartOf":{"@id":"https:\/\/valenciasjb.salesianos.edu\/colegio\/la-nueva-junta-de-ampas-toma-posesion-en-la-asamblea-general-ordinaria-de-socios\/"},"author":{"name":"veronicapastor","@id":"https:\/\/valenciasjb.salesianos.edu\/colegio\/#\/schema\/person\/1f45b67e52b27da175190a574db6bed9"},"headline":"La nueva junta de AMPAS toma posesi\u00f3n en la Asamblea General Ordinaria de socios","datePublished":"2022-10-13T08:00:14+00:00","dateModified":"2022-11-10T15:10:18+00:00","mainEntityOfPage":{"@id":"https:\/\/valenciasjb.salesianos.edu\/colegio\/la-nueva-junta-de-ampas-toma-posesion-en-la-asamblea-general-ordinaria-de-socios\/"},"wordCount":415,"image":{"@id":"https:\/\/valenciasjb.salesianos.edu\/colegio\/la-nueva-junta-de-ampas-toma-posesion-en-la-asamblea-general-ordinaria-de-socios\/#primaryimage"},"thumbnailUrl":"https:\/\/valenciasjb.salesianos.edu\/colegio\/wp-content\/uploads\/sites\/2\/2022\/10\/IMG_20221010_213742.jpg","articleSection":["AMPAS Actividades","Noticia Colegio","Noticias AMPAS"],"inLanguage":"es"},{"@type":"WebPage","@id":"https:\/\/valenciasjb.salesianos.edu\/colegio\/la-nueva-junta-de-ampas-toma-posesion-en-la-asamblea-general-ordinaria-de-socios\/","url":"https:\/\/valenciasjb.salesianos.edu\/colegio\/la-nueva-junta-de-ampas-toma-posesion-en-la-asamblea-general-ordinaria-de-socios\/","name":"La nueva junta de AMPAS toma posesi\u00f3n en la Asamblea General Ordinaria de socios - Colegio San Juan Bosco Valencia","isPartOf":{"@id":"https:\/\/valenciasjb.salesianos.edu\/colegio\/#website"},"primaryImageOfPage":{"@id":"https:\/\/valenciasjb.salesianos.edu\/colegio\/la-nueva-junta-de-ampas-toma-posesion-en-la-asamblea-general-ordinaria-de-socios\/#primaryimage"},"image":{"@id":"https:\/\/valenciasjb.salesianos.edu\/colegio\/la-nueva-junta-de-ampas-toma-posesion-en-la-asamblea-general-ordinaria-de-socios\/#primaryimage"},"thumbnailUrl":"https:\/\/valenciasjb.salesianos.edu\/colegio\/wp-content\/uploads\/sites\/2\/2022\/10\/IMG_20221010_213742.jpg","datePublished":"2022-10-13T08:00:14+00:00","dateModified":"2022-11-10T15:10:18+00:00","author":{"@id":"https:\/\/valenciasjb.salesianos.edu\/colegio\/#\/schema\/person\/1f45b67e52b27da175190a574db6bed9"},"breadcrumb":{"@id":"https:\/\/valenciasjb.salesianos.edu\/colegio\/la-nueva-junta-de-ampas-toma-posesion-en-la-asamblea-general-ordinaria-de-socios\/#breadcrumb"},"inLanguage":"es","potentialAction":[{"@type":"ReadAction","target":["https:\/\/valenciasjb.salesianos.edu\/colegio\/la-nueva-junta-de-ampas-toma-posesion-en-la-asamblea-general-ordinaria-de-socios\/"]}]},{"@type":"ImageObject","inLanguage":"es","@id":"https:\/\/valenciasjb.salesianos.edu\/colegio\/la-nueva-junta-de-ampas-toma-posesion-en-la-asamblea-general-ordinaria-de-socios\/#primaryimage","url":"https:\/\/valenciasjb.salesianos.edu\/colegio\/wp-content\/uploads\/sites\/2\/2022\/10\/IMG_20221010_213742.jpg","contentUrl":"https:\/\/valenciasjb.salesianos.edu\/colegio\/wp-content\/uploads\/sites\/2\/2022\/10\/IMG_20221010_213742.jpg","width":2328,"height":1311},{"@type":"BreadcrumbList","@id":"https:\/\/valenciasjb.salesianos.edu\/colegio\/la-nueva-junta-de-ampas-toma-posesion-en-la-asamblea-general-ordinaria-de-socios\/#breadcrumb","itemListElement":[{"@type":"ListItem","position":1,"name":"Portada","item":"https:\/\/valenciasjb.salesianos.edu\/colegio\/"},{"@type":"ListItem","position":2,"name":"La nueva junta de AMPAS toma posesi\u00f3n en la Asamblea General Ordinaria de socios"}]},{"@type":"WebSite","@id":"https:\/\/valenciasjb.salesianos.edu\/colegio\/#website","url":"https:\/\/valenciasjb.salesianos.edu\/colegio\/","name":"Colegio San Juan Bosco Valencia","description":"P\u00e1gina oficial del Colegio Salesianos San Juan Bosco Valencia","alternateName":"Salesianos.VSJB","potentialAction":[{"@type":"SearchAction","target":{"@type":"EntryPoint","urlTemplate":"https:\/\/valenciasjb.salesianos.edu\/colegio\/?s={search_term_string}"},"query-input":{"@type":"PropertyValueSpecification","valueRequired":true,"valueName":"search_term_string"}}],"inLanguage":"es"},{"@type":"Person","@id":"https:\/\/valenciasjb.salesianos.edu\/colegio\/#\/schema\/person\/1f45b67e52b27da175190a574db6bed9","name":"veronicapastor","image":{"@type":"ImageObject","inLanguage":"es","@id":"https:\/\/secure.gravatar.com\/avatar\/e29bd40bace3fd935e1d6fdb7313ffc14628cc037c5e16f4c7369b20a2a6f7f0?s=96&d=mm&r=g","url":"https:\/\/secure.gravatar.com\/avatar\/e29bd40bace3fd935e1d6fdb7313ffc14628cc037c5e16f4c7369b20a2a6f7f0?s=96&d=mm&r=g","contentUrl":"https:\/\/secure.gravatar.com\/avatar\/e29bd40bace3fd935e1d6fdb7313ffc14628cc037c5e16f4c7369b20a2a6f7f0?s=96&d=mm&r=g","caption":"veronicapastor"}}]}},"_links":{"self":[{"href":"https:\/\/valenciasjb.salesianos.edu\/colegio\/wp-json\/wp\/v2\/posts\/18161","targetHints":{"allow":["GET"]}}],"collection":[{"href":"https:\/\/valenciasjb.salesianos.edu\/colegio\/wp-json\/wp\/v2\/posts"}],"about":[{"href":"https:\/\/valenciasjb.salesianos.edu\/colegio\/wp-json\/wp\/v2\/types\/post"}],"author":[{"embeddable":true,"href":"https:\/\/valenciasjb.salesianos.edu\/colegio\/wp-json\/wp\/v2\/users\/6"}],"replies":[{"embeddable":true,"href":"https:\/\/valenciasjb.salesianos.edu\/colegio\/wp-json\/wp\/v2\/comments?post=18161"}],"version-history":[{"count":7,"href":"https:\/\/valenciasjb.salesianos.edu\/colegio\/wp-json\/wp\/v2\/posts\/18161\/revisions"}],"predecessor-version":[{"id":23273,"href":"https:\/\/valenciasjb.salesianos.edu\/colegio\/wp-json\/wp\/v2\/posts\/18161\/revisions\/23273"}],"wp:featuredmedia":[{"embeddable":true,"href":"https:\/\/valenciasjb.salesianos.edu\/colegio\/wp-json\/wp\/v2\/media\/18165"}],"wp:attachment":[{"href":"https:\/\/valenciasjb.salesianos.edu\/colegio\/wp-json\/wp\/v2\/media?parent=18161"}],"wp:term":[{"taxonomy":"category","embeddable":true,"href":"https:\/\/valenciasjb.salesianos.edu\/colegio\/wp-json\/wp\/v2\/categories?post=18161"},{"taxonomy":"post_tag","embeddable":true,"href":"https:\/\/valenciasjb.salesianos.edu\/colegio\/wp-json\/wp\/v2\/tags?post=18161"}],"curies":[{"name":"wp","href":"https:\/\/api.w.org\/{rel}","templated":true}]}}