{"id":18236,"date":"2022-10-24T12:19:39","date_gmt":"2022-10-24T11:19:39","guid":{"rendered":"https:\/\/valenciasjb.salesianos.edu\/colegio\/?p=18236"},"modified":"2022-10-24T12:19:44","modified_gmt":"2022-10-24T11:19:44","slug":"buenos-dias-especiales-para-la-campana-del-domund","status":"publish","type":"post","link":"https:\/\/valenciasjb.salesianos.edu\/colegio\/buenos-dias-especiales-para-la-campana-del-domund\/","title":{"rendered":"Buenos d\u00edas especiales para la campa\u00f1a del Domund"},"content":{"rendered":"<div id=\"fb-root\"><\/div>\n<p>[et_pb_section fb_built=\u00bb1&#8243; admin_label=\u00bbsection\u00bb _builder_version=\u00bb4.16&#8243; global_colors_info=\u00bb{}\u00bb theme_builder_area=\u00bbpost_content\u00bb][et_pb_row admin_label=\u00bbrow\u00bb _builder_version=\u00bb4.16&#8243; background_size=\u00bbinitial\u00bb background_position=\u00bbtop_left\u00bb background_repeat=\u00bbrepeat\u00bb global_colors_info=\u00bb{}\u00bb theme_builder_area=\u00bbpost_content\u00bb][et_pb_column type=\u00bb4_4&#8243; _builder_version=\u00bb4.16&#8243; custom_padding=\u00bb|||\u00bb global_colors_info=\u00bb{}\u00bb custom_padding__hover=\u00bb|||\u00bb theme_builder_area=\u00bbpost_content\u00bb][et_pb_text admin_label=\u00bbEntradilla (Texto)\u00bb _builder_version=\u00bb4.18.0&#8243; text_font=\u00bb|on|||\u00bb text_orientation=\u00bbjustified\u00bb module_alignment=\u00bbjustified\u00bb hover_enabled=\u00bb0&#8243; global_colors_info=\u00bb{}\u00bb theme_builder_area=\u00bbpost_content\u00bb sticky_enabled=\u00bb0&#8243;]<\/p>\n<div id=\"resumen\"><strong>\u00a0<\/strong><\/div>\n<div>\u00a0<\/div>\n<p>[\/et_pb_text][et_pb_text admin_label=\u00bbAutor (Texto)\u00bb _builder_version=\u00bb4.18.0&#8243; text_font=\u00bb||on||\u00bb hover_enabled=\u00bb0&#8243; global_colors_info=\u00bb{}\u00bb theme_builder_area=\u00bbpost_content\u00bb sticky_enabled=\u00bb0&#8243;][\/et_pb_text][et_pb_text admin_label=\u00bbDesarrollo (Texto)\u00bb _builder_version=\u00bb4.18.0&#8243; text_orientation=\u00bbjustified\u00bb module_alignment=\u00bbjustified\u00bb hover_enabled=\u00bb0&#8243; global_colors_info=\u00bb{}\u00bb theme_builder_area=\u00bbpost_content\u00bb sticky_enabled=\u00bb0&#8243;]<\/p>\n<p>Ayer domingo 23 de octubre, se celebr\u00f3 la jornada mundial del Domund.<\/p>\n<p>Esta campa\u00f1a la organiza la iglesia desde el a\u00f1o 1926 por lo que se cumplen ya casi 100 a\u00f1os de campa\u00f1a.<\/p>\n<p>En su origen encontramos a una mujer laica, Pauline Jaricot, que pasamos a presentar. Pauline naci\u00f3 en 1799 en Lyon, Francia. Su padre era due\u00f1o de una f\u00e1brica de seda muy importante. A los quince a\u00f1os ya formaba parte de la rica y lujosa vida social de la ciudad. Un a\u00f1o despu\u00e9s, sufri\u00f3 una grave ca\u00edda que la mantuvo meses en cama y durante la convalecencia, muri\u00f3 su madre.<\/p>\n<p>A partir de ese momento, abandon\u00f3 los lujos y la vida m\u00e1s superflua y comenz\u00f3 a llevar una vida de intensa oraci\u00f3n. Fue a partir de entonces cuando pens\u00f3 en ayudar a la misi\u00f3n a trav\u00e9s de la oraci\u00f3n y de la recaudaci\u00f3n de fondos.<\/p>\n<p>Con las empleadas en la f\u00e1brica de seda dirigida por su hermana y su cu\u00f1ado, decidi\u00f3 ayudar a las misiones con oraciones y una peque\u00f1a contribuci\u00f3n semanal. La semilla creci\u00f3 y otros grupos se unieron para ayudar a todas las misiones, hasta que en 1922 el Papa instaur\u00f3 la jornada mundial del Domund.<\/p>\n<p>El Domund nos ense\u00f1a a tener un coraz\u00f3n universal. La iglesia no es solo mi colegio, no es mi parroquia, no es mi barrio, sino toda la humanidad. Esta jornada ha ido acompa\u00f1ando a la sociedad espa\u00f1ola durante estos 100 a\u00f1os, creando una conciencia misionera que ha hecho de nuestro pa\u00eds uno de los que m\u00e1s colaboran con las<br \/>misiones. M\u00e1s all\u00e1 de la colaboraci\u00f3n econ\u00f3mica, Espa\u00f1a es generosa tambi\u00e9n con el n\u00famero de misioneros y misioneras, ya que son cerca de 11.000 las personas espa\u00f1olas que hay repartidas por el mundo.<\/p>\n<p>Vuestra implicaci\u00f3n hace posible que la iglesia est\u00e9 presente, ayudando en 111 pa\u00edses llevando a cabo un gran trabajo de evangelizaci\u00f3n, educaci\u00f3n y asistencia social. Muchas veces nos preguntamos qu\u00e9 hace Dios ante el sufrimiento humano y, las misioneras y misioneros lo ven claro: Dios te ha hecho a ti. Las misioneras y las misiones necesitan de ti y de m\u00ed para llevar a cabo su labor. No dejes de ayudar porque ellos lo necesitan.<\/p>\n<p>Este curso, reflexionaremos sobre nuestra misi\u00f3n a lo largo de los buenos d\u00edas de esta semana y en la sesi\u00f3n de tutor\u00eda. Si quer\u00e9is adem\u00e1s colaborar econ\u00f3micamente con esta campa\u00f1a, pod\u00e9is hacerlo a trav\u00e9s de unas huchas que llevar\u00e1n los profesores y profesoras.<\/p>\n<p>OS DEJAMOS PARA HOY ESTA REFLEXI\u00d3N:<br \/>\u00bfQuieres ser la respuesta de Dios a esas personas que sufren? \u00bfC\u00f3mo podr\u00edas serlo?<\/p>\n<p>[\/et_pb_text][et_pb_text disabled_on=\u00bboff|on|on\u00bb admin_label=\u00bbT\u00edtulo: Galer\u00eda de fotos (Texto)\u00bb _builder_version=\u00bb4.18.0&#8243; text_font=\u00bb|on|||\u00bb text_text_color=\u00bb#dc001b\u00bb border_style=\u00bbsolid\u00bb global_colors_info=\u00bb{}\u00bb theme_builder_area=\u00bbpost_content\u00bb]<\/p>\n<p>Galer\u00eda de im\u00e1genes<\/p>\n<p>[\/et_pb_text][et_pb_gallery gallery_ids=\u00bb18240&#8243; posts_number=\u00bb8&#8243; show_title_and_caption=\u00bboff\u00bb zoom_icon_color=\u00bb#dc001b\u00bb hover_icon=\u00bb&#x54;||divi||400&#8243; disabled_on=\u00bboff|off|off\u00bb _builder_version=\u00bb4.18.0&#8243; hover_enabled=\u00bb0&#8243; pagination_font_size_tablet=\u00bb51&#8243; pagination_line_height_tablet=\u00bb2&#8243; global_colors_info=\u00bb{}\u00bb theme_builder_area=\u00bbpost_content\u00bb sticky_enabled=\u00bb0&#8243;][\/et_pb_gallery][et_pb_video disabled_on=\u00bbon|on|on\u00bb _builder_version=\u00bb4.16&#8243; disabled=\u00bbon\u00bb global_colors_info=\u00bb{}\u00bb theme_builder_area=\u00bbpost_content\u00bb][\/et_pb_video][\/et_pb_column][\/et_pb_row][\/et_pb_section]<\/p>\n<!-- AddThis Advanced Settings generic via filter on the_content --><!-- AddThis Share Buttons generic via filter on the_content -->","protected":false},"excerpt":{"rendered":"<p>\u00a0 \u00a0Ayer domingo 23 de octubre, se celebr\u00f3 la jornada mundial del Domund. Esta campa\u00f1a la organiza la iglesia desde el a\u00f1o 1926 por lo que se cumplen ya casi 100 a\u00f1os de campa\u00f1a. En su origen encontramos a una mujer laica, Pauline Jaricot, que pasamos a presentar. Pauline naci\u00f3 en 1799 en Lyon, Francia. [&hellip;]<\/p>\n<p><!-- AddThis Advanced Settings generic via filter on get_the_excerpt --><!-- AddThis Share Buttons generic via filter on get_the_excerpt --><\/p>\n","protected":false},"author":6,"featured_media":18240,"comment_status":"closed","ping_status":"open","sticky":false,"template":"","format":"standard","meta":{"_et_pb_use_builder":"on","_et_pb_old_content":"","_et_gb_content_width":"","footnotes":""},"categories":[14],"tags":[],"class_list":["post-18236","post","type-post","status-publish","format-standard","has-post-thumbnail","hentry","category-noticia_colegio"],"yoast_head":"<!-- This site is optimized with the Yoast SEO plugin v28.4 - https:\/\/yoast.com\/product\/yoast-seo-wordpress\/ -->\n<title>Buenos d\u00edas especiales para la campa\u00f1a del Domund - Colegio San Juan Bosco Valencia<\/title>\n<meta name=\"robots\" content=\"index, follow, max-snippet:-1, max-image-preview:large, max-video-preview:-1\" \/>\n<link rel=\"canonical\" href=\"https:\/\/valenciasjb.salesianos.edu\/colegio\/buenos-dias-especiales-para-la-campana-del-domund\/\" \/>\n<meta property=\"og:locale\" content=\"es_ES\" \/>\n<meta property=\"og:type\" content=\"article\" \/>\n<meta property=\"og:title\" content=\"Buenos d\u00edas especiales para la campa\u00f1a del Domund - Colegio San Juan Bosco Valencia\" \/>\n<meta property=\"og:description\" content=\"\u00a0 \u00a0Ayer domingo 23 de octubre, se celebr\u00f3 la jornada mundial del Domund. Esta campa\u00f1a la organiza la iglesia desde el a\u00f1o 1926 por lo que se cumplen ya casi 100 a\u00f1os de campa\u00f1a. En su origen encontramos a una mujer laica, Pauline Jaricot, que pasamos a presentar. Pauline naci\u00f3 en 1799 en Lyon, Francia. [&hellip;]\" \/>\n<meta property=\"og:url\" content=\"https:\/\/valenciasjb.salesianos.edu\/colegio\/buenos-dias-especiales-para-la-campana-del-domund\/\" \/>\n<meta property=\"og:site_name\" content=\"Colegio San Juan Bosco Valencia\" \/>\n<meta property=\"article:publisher\" content=\"https:\/\/www.facebook.com\/ColegioSalesianoSanJuanBoscoValencia\" \/>\n<meta property=\"article:published_time\" content=\"2022-10-24T11:19:39+00:00\" \/>\n<meta property=\"article:modified_time\" content=\"2022-10-24T11:19:44+00:00\" \/>\n<meta property=\"og:image\" content=\"https:\/\/valenciasjb.salesianos.edu\/colegio\/wp-content\/uploads\/sites\/2\/2022\/10\/1664638183375.jpg\" \/>\n\t<meta property=\"og:image:width\" content=\"976\" \/>\n\t<meta property=\"og:image:height\" content=\"434\" \/>\n\t<meta property=\"og:image:type\" content=\"image\/jpeg\" \/>\n<meta name=\"author\" content=\"veronicapastor\" \/>\n<meta name=\"twitter:card\" content=\"summary_large_image\" \/>\n<meta name=\"twitter:creator\" content=\"@SalesianosVSJB\" \/>\n<meta name=\"twitter:site\" content=\"@SalesianosVSJB\" \/>\n<meta name=\"twitter:label1\" content=\"Escrito por\" \/>\n\t<meta name=\"twitter:data1\" content=\"veronicapastor\" \/>\n<script type=\"application\/ld+json\" class=\"yoast-schema-graph\">{\"@context\":\"https:\\\/\\\/schema.org\",\"@graph\":[{\"@type\":\"Article\",\"@id\":\"https:\\\/\\\/valenciasjb.salesianos.edu\\\/colegio\\\/buenos-dias-especiales-para-la-campana-del-domund\\\/#article\",\"isPartOf\":{\"@id\":\"https:\\\/\\\/valenciasjb.salesianos.edu\\\/colegio\\\/buenos-dias-especiales-para-la-campana-del-domund\\\/\"},\"author\":{\"name\":\"veronicapastor\",\"@id\":\"https:\\\/\\\/valenciasjb.salesianos.edu\\\/colegio\\\/#\\\/schema\\\/person\\\/1f45b67e52b27da175190a574db6bed9\"},\"headline\":\"Buenos d\u00edas especiales para la campa\u00f1a del Domund\",\"datePublished\":\"2022-10-24T11:19:39+00:00\",\"dateModified\":\"2022-10-24T11:19:44+00:00\",\"mainEntityOfPage\":{\"@id\":\"https:\\\/\\\/valenciasjb.salesianos.edu\\\/colegio\\\/buenos-dias-especiales-para-la-campana-del-domund\\\/\"},\"wordCount\":765,\"image\":{\"@id\":\"https:\\\/\\\/valenciasjb.salesianos.edu\\\/colegio\\\/buenos-dias-especiales-para-la-campana-del-domund\\\/#primaryimage\"},\"thumbnailUrl\":\"https:\\\/\\\/valenciasjb.salesianos.edu\\\/colegio\\\/wp-content\\\/uploads\\\/sites\\\/2\\\/2022\\\/10\\\/1664638183375.jpg\",\"articleSection\":[\"Noticia Colegio\"],\"inLanguage\":\"es\"},{\"@type\":\"WebPage\",\"@id\":\"https:\\\/\\\/valenciasjb.salesianos.edu\\\/colegio\\\/buenos-dias-especiales-para-la-campana-del-domund\\\/\",\"url\":\"https:\\\/\\\/valenciasjb.salesianos.edu\\\/colegio\\\/buenos-dias-especiales-para-la-campana-del-domund\\\/\",\"name\":\"Buenos d\u00edas especiales para la campa\u00f1a del Domund - Colegio San Juan Bosco Valencia\",\"isPartOf\":{\"@id\":\"https:\\\/\\\/valenciasjb.salesianos.edu\\\/colegio\\\/#website\"},\"primaryImageOfPage\":{\"@id\":\"https:\\\/\\\/valenciasjb.salesianos.edu\\\/colegio\\\/buenos-dias-especiales-para-la-campana-del-domund\\\/#primaryimage\"},\"image\":{\"@id\":\"https:\\\/\\\/valenciasjb.salesianos.edu\\\/colegio\\\/buenos-dias-especiales-para-la-campana-del-domund\\\/#primaryimage\"},\"thumbnailUrl\":\"https:\\\/\\\/valenciasjb.salesianos.edu\\\/colegio\\\/wp-content\\\/uploads\\\/sites\\\/2\\\/2022\\\/10\\\/1664638183375.jpg\",\"datePublished\":\"2022-10-24T11:19:39+00:00\",\"dateModified\":\"2022-10-24T11:19:44+00:00\",\"author\":{\"@id\":\"https:\\\/\\\/valenciasjb.salesianos.edu\\\/colegio\\\/#\\\/schema\\\/person\\\/1f45b67e52b27da175190a574db6bed9\"},\"breadcrumb\":{\"@id\":\"https:\\\/\\\/valenciasjb.salesianos.edu\\\/colegio\\\/buenos-dias-especiales-para-la-campana-del-domund\\\/#breadcrumb\"},\"inLanguage\":\"es\",\"potentialAction\":[{\"@type\":\"ReadAction\",\"target\":[\"https:\\\/\\\/valenciasjb.salesianos.edu\\\/colegio\\\/buenos-dias-especiales-para-la-campana-del-domund\\\/\"]}]},{\"@type\":\"ImageObject\",\"inLanguage\":\"es\",\"@id\":\"https:\\\/\\\/valenciasjb.salesianos.edu\\\/colegio\\\/buenos-dias-especiales-para-la-campana-del-domund\\\/#primaryimage\",\"url\":\"https:\\\/\\\/valenciasjb.salesianos.edu\\\/colegio\\\/wp-content\\\/uploads\\\/sites\\\/2\\\/2022\\\/10\\\/1664638183375.jpg\",\"contentUrl\":\"https:\\\/\\\/valenciasjb.salesianos.edu\\\/colegio\\\/wp-content\\\/uploads\\\/sites\\\/2\\\/2022\\\/10\\\/1664638183375.jpg\",\"width\":976,\"height\":434},{\"@type\":\"BreadcrumbList\",\"@id\":\"https:\\\/\\\/valenciasjb.salesianos.edu\\\/colegio\\\/buenos-dias-especiales-para-la-campana-del-domund\\\/#breadcrumb\",\"itemListElement\":[{\"@type\":\"ListItem\",\"position\":1,\"name\":\"Portada\",\"item\":\"https:\\\/\\\/valenciasjb.salesianos.edu\\\/colegio\\\/\"},{\"@type\":\"ListItem\",\"position\":2,\"name\":\"Buenos d\u00edas especiales para la campa\u00f1a del Domund\"}]},{\"@type\":\"WebSite\",\"@id\":\"https:\\\/\\\/valenciasjb.salesianos.edu\\\/colegio\\\/#website\",\"url\":\"https:\\\/\\\/valenciasjb.salesianos.edu\\\/colegio\\\/\",\"name\":\"Colegio San Juan Bosco Valencia\",\"description\":\"P\u00e1gina oficial del Colegio Salesianos San Juan Bosco Valencia\",\"alternateName\":\"Salesianos.VSJB\",\"potentialAction\":[{\"@type\":\"SearchAction\",\"target\":{\"@type\":\"EntryPoint\",\"urlTemplate\":\"https:\\\/\\\/valenciasjb.salesianos.edu\\\/colegio\\\/?s={search_term_string}\"},\"query-input\":{\"@type\":\"PropertyValueSpecification\",\"valueRequired\":true,\"valueName\":\"search_term_string\"}}],\"inLanguage\":\"es\"},{\"@type\":\"Person\",\"@id\":\"https:\\\/\\\/valenciasjb.salesianos.edu\\\/colegio\\\/#\\\/schema\\\/person\\\/1f45b67e52b27da175190a574db6bed9\",\"name\":\"veronicapastor\",\"image\":{\"@type\":\"ImageObject\",\"inLanguage\":\"es\",\"@id\":\"https:\\\/\\\/secure.gravatar.com\\\/avatar\\\/e29bd40bace3fd935e1d6fdb7313ffc14628cc037c5e16f4c7369b20a2a6f7f0?s=96&d=mm&r=g\",\"url\":\"https:\\\/\\\/secure.gravatar.com\\\/avatar\\\/e29bd40bace3fd935e1d6fdb7313ffc14628cc037c5e16f4c7369b20a2a6f7f0?s=96&d=mm&r=g\",\"contentUrl\":\"https:\\\/\\\/secure.gravatar.com\\\/avatar\\\/e29bd40bace3fd935e1d6fdb7313ffc14628cc037c5e16f4c7369b20a2a6f7f0?s=96&d=mm&r=g\",\"caption\":\"veronicapastor\"}}]}<\/script>\n<!-- \/ Yoast SEO plugin. -->","yoast_head_json":{"title":"Buenos d\u00edas especiales para la campa\u00f1a del Domund - Colegio San Juan Bosco Valencia","robots":{"index":"index","follow":"follow","max-snippet":"max-snippet:-1","max-image-preview":"max-image-preview:large","max-video-preview":"max-video-preview:-1"},"canonical":"https:\/\/valenciasjb.salesianos.edu\/colegio\/buenos-dias-especiales-para-la-campana-del-domund\/","og_locale":"es_ES","og_type":"article","og_title":"Buenos d\u00edas especiales para la campa\u00f1a del Domund - Colegio San Juan Bosco Valencia","og_description":"\u00a0 \u00a0Ayer domingo 23 de octubre, se celebr\u00f3 la jornada mundial del Domund. Esta campa\u00f1a la organiza la iglesia desde el a\u00f1o 1926 por lo que se cumplen ya casi 100 a\u00f1os de campa\u00f1a. En su origen encontramos a una mujer laica, Pauline Jaricot, que pasamos a presentar. Pauline naci\u00f3 en 1799 en Lyon, Francia. [&hellip;]","og_url":"https:\/\/valenciasjb.salesianos.edu\/colegio\/buenos-dias-especiales-para-la-campana-del-domund\/","og_site_name":"Colegio San Juan Bosco Valencia","article_publisher":"https:\/\/www.facebook.com\/ColegioSalesianoSanJuanBoscoValencia","article_published_time":"2022-10-24T11:19:39+00:00","article_modified_time":"2022-10-24T11:19:44+00:00","og_image":[{"width":976,"height":434,"url":"https:\/\/valenciasjb.salesianos.edu\/colegio\/wp-content\/uploads\/sites\/2\/2022\/10\/1664638183375.jpg","type":"image\/jpeg"}],"author":"veronicapastor","twitter_card":"summary_large_image","twitter_creator":"@SalesianosVSJB","twitter_site":"@SalesianosVSJB","twitter_misc":{"Escrito por":"veronicapastor"},"schema":{"@context":"https:\/\/schema.org","@graph":[{"@type":"Article","@id":"https:\/\/valenciasjb.salesianos.edu\/colegio\/buenos-dias-especiales-para-la-campana-del-domund\/#article","isPartOf":{"@id":"https:\/\/valenciasjb.salesianos.edu\/colegio\/buenos-dias-especiales-para-la-campana-del-domund\/"},"author":{"name":"veronicapastor","@id":"https:\/\/valenciasjb.salesianos.edu\/colegio\/#\/schema\/person\/1f45b67e52b27da175190a574db6bed9"},"headline":"Buenos d\u00edas especiales para la campa\u00f1a del Domund","datePublished":"2022-10-24T11:19:39+00:00","dateModified":"2022-10-24T11:19:44+00:00","mainEntityOfPage":{"@id":"https:\/\/valenciasjb.salesianos.edu\/colegio\/buenos-dias-especiales-para-la-campana-del-domund\/"},"wordCount":765,"image":{"@id":"https:\/\/valenciasjb.salesianos.edu\/colegio\/buenos-dias-especiales-para-la-campana-del-domund\/#primaryimage"},"thumbnailUrl":"https:\/\/valenciasjb.salesianos.edu\/colegio\/wp-content\/uploads\/sites\/2\/2022\/10\/1664638183375.jpg","articleSection":["Noticia Colegio"],"inLanguage":"es"},{"@type":"WebPage","@id":"https:\/\/valenciasjb.salesianos.edu\/colegio\/buenos-dias-especiales-para-la-campana-del-domund\/","url":"https:\/\/valenciasjb.salesianos.edu\/colegio\/buenos-dias-especiales-para-la-campana-del-domund\/","name":"Buenos d\u00edas especiales para la campa\u00f1a del Domund - Colegio San Juan Bosco Valencia","isPartOf":{"@id":"https:\/\/valenciasjb.salesianos.edu\/colegio\/#website"},"primaryImageOfPage":{"@id":"https:\/\/valenciasjb.salesianos.edu\/colegio\/buenos-dias-especiales-para-la-campana-del-domund\/#primaryimage"},"image":{"@id":"https:\/\/valenciasjb.salesianos.edu\/colegio\/buenos-dias-especiales-para-la-campana-del-domund\/#primaryimage"},"thumbnailUrl":"https:\/\/valenciasjb.salesianos.edu\/colegio\/wp-content\/uploads\/sites\/2\/2022\/10\/1664638183375.jpg","datePublished":"2022-10-24T11:19:39+00:00","dateModified":"2022-10-24T11:19:44+00:00","author":{"@id":"https:\/\/valenciasjb.salesianos.edu\/colegio\/#\/schema\/person\/1f45b67e52b27da175190a574db6bed9"},"breadcrumb":{"@id":"https:\/\/valenciasjb.salesianos.edu\/colegio\/buenos-dias-especiales-para-la-campana-del-domund\/#breadcrumb"},"inLanguage":"es","potentialAction":[{"@type":"ReadAction","target":["https:\/\/valenciasjb.salesianos.edu\/colegio\/buenos-dias-especiales-para-la-campana-del-domund\/"]}]},{"@type":"ImageObject","inLanguage":"es","@id":"https:\/\/valenciasjb.salesianos.edu\/colegio\/buenos-dias-especiales-para-la-campana-del-domund\/#primaryimage","url":"https:\/\/valenciasjb.salesianos.edu\/colegio\/wp-content\/uploads\/sites\/2\/2022\/10\/1664638183375.jpg","contentUrl":"https:\/\/valenciasjb.salesianos.edu\/colegio\/wp-content\/uploads\/sites\/2\/2022\/10\/1664638183375.jpg","width":976,"height":434},{"@type":"BreadcrumbList","@id":"https:\/\/valenciasjb.salesianos.edu\/colegio\/buenos-dias-especiales-para-la-campana-del-domund\/#breadcrumb","itemListElement":[{"@type":"ListItem","position":1,"name":"Portada","item":"https:\/\/valenciasjb.salesianos.edu\/colegio\/"},{"@type":"ListItem","position":2,"name":"Buenos d\u00edas especiales para la campa\u00f1a del Domund"}]},{"@type":"WebSite","@id":"https:\/\/valenciasjb.salesianos.edu\/colegio\/#website","url":"https:\/\/valenciasjb.salesianos.edu\/colegio\/","name":"Colegio San Juan Bosco Valencia","description":"P\u00e1gina oficial del Colegio Salesianos San Juan Bosco Valencia","alternateName":"Salesianos.VSJB","potentialAction":[{"@type":"SearchAction","target":{"@type":"EntryPoint","urlTemplate":"https:\/\/valenciasjb.salesianos.edu\/colegio\/?s={search_term_string}"},"query-input":{"@type":"PropertyValueSpecification","valueRequired":true,"valueName":"search_term_string"}}],"inLanguage":"es"},{"@type":"Person","@id":"https:\/\/valenciasjb.salesianos.edu\/colegio\/#\/schema\/person\/1f45b67e52b27da175190a574db6bed9","name":"veronicapastor","image":{"@type":"ImageObject","inLanguage":"es","@id":"https:\/\/secure.gravatar.com\/avatar\/e29bd40bace3fd935e1d6fdb7313ffc14628cc037c5e16f4c7369b20a2a6f7f0?s=96&d=mm&r=g","url":"https:\/\/secure.gravatar.com\/avatar\/e29bd40bace3fd935e1d6fdb7313ffc14628cc037c5e16f4c7369b20a2a6f7f0?s=96&d=mm&r=g","contentUrl":"https:\/\/secure.gravatar.com\/avatar\/e29bd40bace3fd935e1d6fdb7313ffc14628cc037c5e16f4c7369b20a2a6f7f0?s=96&d=mm&r=g","caption":"veronicapastor"}}]}},"_links":{"self":[{"href":"https:\/\/valenciasjb.salesianos.edu\/colegio\/wp-json\/wp\/v2\/posts\/18236","targetHints":{"allow":["GET"]}}],"collection":[{"href":"https:\/\/valenciasjb.salesianos.edu\/colegio\/wp-json\/wp\/v2\/posts"}],"about":[{"href":"https:\/\/valenciasjb.salesianos.edu\/colegio\/wp-json\/wp\/v2\/types\/post"}],"author":[{"embeddable":true,"href":"https:\/\/valenciasjb.salesianos.edu\/colegio\/wp-json\/wp\/v2\/users\/6"}],"replies":[{"embeddable":true,"href":"https:\/\/valenciasjb.salesianos.edu\/colegio\/wp-json\/wp\/v2\/comments?post=18236"}],"version-history":[{"count":2,"href":"https:\/\/valenciasjb.salesianos.edu\/colegio\/wp-json\/wp\/v2\/posts\/18236\/revisions"}],"predecessor-version":[{"id":18241,"href":"https:\/\/valenciasjb.salesianos.edu\/colegio\/wp-json\/wp\/v2\/posts\/18236\/revisions\/18241"}],"wp:featuredmedia":[{"embeddable":true,"href":"https:\/\/valenciasjb.salesianos.edu\/colegio\/wp-json\/wp\/v2\/media\/18240"}],"wp:attachment":[{"href":"https:\/\/valenciasjb.salesianos.edu\/colegio\/wp-json\/wp\/v2\/media?parent=18236"}],"wp:term":[{"taxonomy":"category","embeddable":true,"href":"https:\/\/valenciasjb.salesianos.edu\/colegio\/wp-json\/wp\/v2\/categories?post=18236"},{"taxonomy":"post_tag","embeddable":true,"href":"https:\/\/valenciasjb.salesianos.edu\/colegio\/wp-json\/wp\/v2\/tags?post=18236"}],"curies":[{"name":"wp","href":"https:\/\/api.w.org\/{rel}","templated":true}]}}