{"id":18291,"date":"2022-10-27T20:36:37","date_gmt":"2022-10-27T19:36:37","guid":{"rendered":"https:\/\/valenciasjb.salesianos.edu\/colegio\/?p=18291"},"modified":"2022-10-27T20:53:49","modified_gmt":"2022-10-27T19:53:49","slug":"primera-sesion-de-elaboracion-de-proyecto-educativo-pastoral-salesiano-local-para-los-proximos-seis-anos","status":"publish","type":"post","link":"https:\/\/valenciasjb.salesianos.edu\/colegio\/primera-sesion-de-elaboracion-de-proyecto-educativo-pastoral-salesiano-local-para-los-proximos-seis-anos\/","title":{"rendered":"Primera sesi\u00f3n de elaboraci\u00f3n de Proyecto Educativo-Pastoral Salesiano local para los pr\u00f3ximos seis a\u00f1os"},"content":{"rendered":"<div id=\"fb-root\"><\/div>\n<p>[et_pb_section fb_built=\u00bb1&#8243; admin_label=\u00bbsection\u00bb _builder_version=\u00bb4.16&#8243; global_colors_info=\u00bb{}\u00bb][et_pb_row admin_label=\u00bbrow\u00bb _builder_version=\u00bb4.16&#8243; background_size=\u00bbinitial\u00bb background_position=\u00bbtop_left\u00bb background_repeat=\u00bbrepeat\u00bb global_colors_info=\u00bb{}\u00bb][et_pb_column type=\u00bb4_4&#8243; _builder_version=\u00bb4.16&#8243; custom_padding=\u00bb|||\u00bb global_colors_info=\u00bb{}\u00bb custom_padding__hover=\u00bb|||\u00bb][et_pb_text admin_label=\u00bbEntradilla (Texto)\u00bb _builder_version=\u00bb4.18.0&#8243; text_font=\u00bb|on|||\u00bb text_orientation=\u00bbjustified\u00bb module_alignment=\u00bbjustified\u00bb global_colors_info=\u00bb{}\u00bb]<\/p>\n<p><strong>El PEPS es el instrumento de nuestro plan general que gu\u00eda la puesta en pr\u00e1ctica del camino educativo-pastoral en el contexto de nuestra Presencia en Salesianos San Juan Bosco Valencia, en la Avenida de la Plata.<\/strong><\/p>\n<p>[\/et_pb_text][et_pb_text admin_label=\u00bbAutor (Texto)\u00bb _builder_version=\u00bb4.18.0&#8243; text_font=\u00bb||on||\u00bb global_colors_info=\u00bb{}\u00bb]<\/p>\n<p>Redacci\u00f3n.<\/p>\n<p>[\/et_pb_text][et_pb_text admin_label=\u00bbDesarrollo (Texto)\u00bb _builder_version=\u00bb4.18.0&#8243; text_orientation=\u00bbjustified\u00bb module_alignment=\u00bbjustified\u00bb global_colors_info=\u00bb{}\u00bb]<\/p>\n<p>En la tarde del jueves, 27 de octubre, ha tenido lugar la primera sesi\u00f3n de elaboraci\u00f3n del PEPS. Un encuentro muy importante que ha contado con una amplia asistencia de personas de toda la comunidad educativo-pastoral de los diferentes ambientes.<\/p>\n<p>Se ha tratado de un momento de reflexi\u00f3n compartido para extraer l\u00edneas de acci\u00f3n de nuestra casa para los pr\u00f3ximos 6 a\u00f1os.<\/p>\n<p>Este primer encuentro ha contado con los siguientes momentos:<\/p>\n<p dir=\"ltr\">17.30\u00a0Encuentro de oraci\u00f3n en el Espai<\/p>\n<p dir=\"ltr\">18.00\u00a0Presentaci\u00f3n del PEPS y del proceso de elaboraci\u00f3n.<\/p>\n<p dir=\"ltr\">18.30\u00a0An\u00e1lisis de la realidad de nuestra casa<\/p>\n<p dir=\"ltr\">20.30\u00a0Conclusi\u00f3n del primer encuentro.<\/p>\n<p>[\/et_pb_text][et_pb_text disabled_on=\u00bboff|on|on\u00bb admin_label=\u00bbT\u00edtulo: Galer\u00eda de fotos (Texto)\u00bb _builder_version=\u00bb4.18.0&#8243; text_font=\u00bb|on|||\u00bb text_text_color=\u00bb#dc001b\u00bb border_style=\u00bbsolid\u00bb global_colors_info=\u00bb{}\u00bb]<\/p>\n<p>Galer\u00eda de im\u00e1genes<\/p>\n<p>[\/et_pb_text][et_pb_gallery gallery_ids=\u00bb18303,18304,18305,18306,18307,18308,18309,18310,18311,18312,18313,18314,18315,18316,18317&#8243; posts_number=\u00bb8&#8243; show_title_and_caption=\u00bboff\u00bb zoom_icon_color=\u00bb#dc001b\u00bb hover_icon=\u00bb&#x54;||divi||400&#8243; disabled_on=\u00bboff|off|off\u00bb _builder_version=\u00bb4.18.0&#8243; hover_enabled=\u00bb0&#8243; pagination_font_size_tablet=\u00bb51&#8243; pagination_line_height_tablet=\u00bb2&#8243; global_colors_info=\u00bb{}\u00bb sticky_enabled=\u00bb0&#8243;][\/et_pb_gallery][et_pb_video disabled_on=\u00bbon|on|on\u00bb _builder_version=\u00bb4.16&#8243; disabled=\u00bbon\u00bb global_colors_info=\u00bb{}\u00bb][\/et_pb_video][\/et_pb_column][\/et_pb_row][\/et_pb_section]<\/p>\n<!-- AddThis Advanced Settings generic via filter on the_content --><!-- AddThis Share Buttons generic via filter on the_content -->","protected":false},"excerpt":{"rendered":"<p>El PEPS es el instrumento de nuestro plan general que gu\u00eda la puesta en pr\u00e1ctica del camino educativo-pastoral en el contexto de nuestra Presencia en Salesianos San Juan Bosco Valencia, en la Avenida de la Plata.Redacci\u00f3n.En la tarde del jueves, 27 de octubre, ha tenido lugar la primera sesi\u00f3n de elaboraci\u00f3n del PEPS. Un encuentro [&hellip;]<\/p>\n<p><!-- AddThis Advanced Settings generic via filter on get_the_excerpt --><!-- AddThis Share Buttons generic via filter on get_the_excerpt --><\/p>\n","protected":false},"author":6,"featured_media":18317,"comment_status":"closed","ping_status":"open","sticky":false,"template":"","format":"standard","meta":{"_et_pb_use_builder":"on","_et_pb_old_content":"","_et_gb_content_width":"","footnotes":""},"categories":[28,14,26,27,9,32,41],"tags":[],"class_list":["post-18291","post","type-post","status-publish","format-standard","has-post-thumbnail","hentry","category-noticia_cjuvenil","category-noticia_colegio","category-noticia_deportes","category-noticia_plataformas","category-noticias","category-noticias-ampas","category-noticiascentrodedia"],"yoast_head":"<!-- This site is optimized with the Yoast SEO plugin v28.3 - https:\/\/yoast.com\/product\/yoast-seo-wordpress\/ -->\n<title>Primera sesi\u00f3n de elaboraci\u00f3n de Proyecto Educativo-Pastoral Salesiano local para los pr\u00f3ximos seis a\u00f1os - Colegio San Juan Bosco Valencia<\/title>\n<meta name=\"robots\" content=\"index, follow, max-snippet:-1, max-image-preview:large, max-video-preview:-1\" \/>\n<link rel=\"canonical\" href=\"https:\/\/valenciasjb.salesianos.edu\/colegio\/primera-sesion-de-elaboracion-de-proyecto-educativo-pastoral-salesiano-local-para-los-proximos-seis-anos\/\" \/>\n<meta property=\"og:locale\" content=\"es_ES\" \/>\n<meta property=\"og:type\" content=\"article\" \/>\n<meta property=\"og:title\" content=\"Primera sesi\u00f3n de elaboraci\u00f3n de Proyecto Educativo-Pastoral Salesiano local para los pr\u00f3ximos seis a\u00f1os - Colegio San Juan Bosco Valencia\" \/>\n<meta property=\"og:description\" content=\"El PEPS es el instrumento de nuestro plan general que gu\u00eda la puesta en pr\u00e1ctica del camino educativo-pastoral en el contexto de nuestra Presencia en Salesianos San Juan Bosco Valencia, en la Avenida de la Plata.Redacci\u00f3n.En la tarde del jueves, 27 de octubre, ha tenido lugar la primera sesi\u00f3n de elaboraci\u00f3n del PEPS. Un encuentro [&hellip;]\" \/>\n<meta property=\"og:url\" content=\"https:\/\/valenciasjb.salesianos.edu\/colegio\/primera-sesion-de-elaboracion-de-proyecto-educativo-pastoral-salesiano-local-para-los-proximos-seis-anos\/\" \/>\n<meta property=\"og:site_name\" content=\"Colegio San Juan Bosco Valencia\" \/>\n<meta property=\"article:publisher\" content=\"https:\/\/www.facebook.com\/ColegioSalesianoSanJuanBoscoValencia\" \/>\n<meta property=\"article:published_time\" content=\"2022-10-27T19:36:37+00:00\" \/>\n<meta property=\"article:modified_time\" content=\"2022-10-27T19:53:49+00:00\" \/>\n<meta property=\"og:image\" content=\"https:\/\/valenciasjb.salesianos.edu\/colegio\/wp-content\/uploads\/sites\/2\/2022\/10\/FB_IMG_1666900211650.jpg\" \/>\n\t<meta property=\"og:image:width\" content=\"1080\" \/>\n\t<meta property=\"og:image:height\" content=\"811\" \/>\n\t<meta property=\"og:image:type\" content=\"image\/jpeg\" \/>\n<meta name=\"author\" content=\"veronicapastor\" \/>\n<meta name=\"twitter:card\" content=\"summary_large_image\" \/>\n<meta name=\"twitter:creator\" content=\"@SalesianosVSJB\" \/>\n<meta name=\"twitter:site\" content=\"@SalesianosVSJB\" \/>\n<meta name=\"twitter:label1\" content=\"Escrito por\" \/>\n\t<meta name=\"twitter:data1\" content=\"veronicapastor\" \/>\n\t<meta name=\"twitter:label2\" content=\"Tiempo de lectura\" \/>\n\t<meta name=\"twitter:data2\" content=\"1 minuto\" \/>\n<script type=\"application\/ld+json\" class=\"yoast-schema-graph\">{\"@context\":\"https:\\\/\\\/schema.org\",\"@graph\":[{\"@type\":\"Article\",\"@id\":\"https:\\\/\\\/valenciasjb.salesianos.edu\\\/colegio\\\/primera-sesion-de-elaboracion-de-proyecto-educativo-pastoral-salesiano-local-para-los-proximos-seis-anos\\\/#article\",\"isPartOf\":{\"@id\":\"https:\\\/\\\/valenciasjb.salesianos.edu\\\/colegio\\\/primera-sesion-de-elaboracion-de-proyecto-educativo-pastoral-salesiano-local-para-los-proximos-seis-anos\\\/\"},\"author\":{\"name\":\"veronicapastor\",\"@id\":\"https:\\\/\\\/valenciasjb.salesianos.edu\\\/colegio\\\/#\\\/schema\\\/person\\\/1f45b67e52b27da175190a574db6bed9\"},\"headline\":\"Primera sesi\u00f3n de elaboraci\u00f3n de Proyecto Educativo-Pastoral Salesiano local para los pr\u00f3ximos seis a\u00f1os\",\"datePublished\":\"2022-10-27T19:36:37+00:00\",\"dateModified\":\"2022-10-27T19:53:49+00:00\",\"mainEntityOfPage\":{\"@id\":\"https:\\\/\\\/valenciasjb.salesianos.edu\\\/colegio\\\/primera-sesion-de-elaboracion-de-proyecto-educativo-pastoral-salesiano-local-para-los-proximos-seis-anos\\\/\"},\"wordCount\":389,\"image\":{\"@id\":\"https:\\\/\\\/valenciasjb.salesianos.edu\\\/colegio\\\/primera-sesion-de-elaboracion-de-proyecto-educativo-pastoral-salesiano-local-para-los-proximos-seis-anos\\\/#primaryimage\"},\"thumbnailUrl\":\"https:\\\/\\\/valenciasjb.salesianos.edu\\\/colegio\\\/wp-content\\\/uploads\\\/sites\\\/2\\\/2022\\\/10\\\/FB_IMG_1666900211650.jpg\",\"articleSection\":[\"Noticia centro juvenil\",\"Noticia Colegio\",\"Noticia Deportes\",\"Noticia Plataformas sociales\",\"Noticias\",\"Noticias AMPAS\",\"Noticias Centro de D\u00eda\"],\"inLanguage\":\"es\"},{\"@type\":\"WebPage\",\"@id\":\"https:\\\/\\\/valenciasjb.salesianos.edu\\\/colegio\\\/primera-sesion-de-elaboracion-de-proyecto-educativo-pastoral-salesiano-local-para-los-proximos-seis-anos\\\/\",\"url\":\"https:\\\/\\\/valenciasjb.salesianos.edu\\\/colegio\\\/primera-sesion-de-elaboracion-de-proyecto-educativo-pastoral-salesiano-local-para-los-proximos-seis-anos\\\/\",\"name\":\"Primera sesi\u00f3n de elaboraci\u00f3n de Proyecto Educativo-Pastoral Salesiano local para los pr\u00f3ximos seis a\u00f1os - Colegio San Juan Bosco Valencia\",\"isPartOf\":{\"@id\":\"https:\\\/\\\/valenciasjb.salesianos.edu\\\/colegio\\\/#website\"},\"primaryImageOfPage\":{\"@id\":\"https:\\\/\\\/valenciasjb.salesianos.edu\\\/colegio\\\/primera-sesion-de-elaboracion-de-proyecto-educativo-pastoral-salesiano-local-para-los-proximos-seis-anos\\\/#primaryimage\"},\"image\":{\"@id\":\"https:\\\/\\\/valenciasjb.salesianos.edu\\\/colegio\\\/primera-sesion-de-elaboracion-de-proyecto-educativo-pastoral-salesiano-local-para-los-proximos-seis-anos\\\/#primaryimage\"},\"thumbnailUrl\":\"https:\\\/\\\/valenciasjb.salesianos.edu\\\/colegio\\\/wp-content\\\/uploads\\\/sites\\\/2\\\/2022\\\/10\\\/FB_IMG_1666900211650.jpg\",\"datePublished\":\"2022-10-27T19:36:37+00:00\",\"dateModified\":\"2022-10-27T19:53:49+00:00\",\"author\":{\"@id\":\"https:\\\/\\\/valenciasjb.salesianos.edu\\\/colegio\\\/#\\\/schema\\\/person\\\/1f45b67e52b27da175190a574db6bed9\"},\"breadcrumb\":{\"@id\":\"https:\\\/\\\/valenciasjb.salesianos.edu\\\/colegio\\\/primera-sesion-de-elaboracion-de-proyecto-educativo-pastoral-salesiano-local-para-los-proximos-seis-anos\\\/#breadcrumb\"},\"inLanguage\":\"es\",\"potentialAction\":[{\"@type\":\"ReadAction\",\"target\":[\"https:\\\/\\\/valenciasjb.salesianos.edu\\\/colegio\\\/primera-sesion-de-elaboracion-de-proyecto-educativo-pastoral-salesiano-local-para-los-proximos-seis-anos\\\/\"]}]},{\"@type\":\"ImageObject\",\"inLanguage\":\"es\",\"@id\":\"https:\\\/\\\/valenciasjb.salesianos.edu\\\/colegio\\\/primera-sesion-de-elaboracion-de-proyecto-educativo-pastoral-salesiano-local-para-los-proximos-seis-anos\\\/#primaryimage\",\"url\":\"https:\\\/\\\/valenciasjb.salesianos.edu\\\/colegio\\\/wp-content\\\/uploads\\\/sites\\\/2\\\/2022\\\/10\\\/FB_IMG_1666900211650.jpg\",\"contentUrl\":\"https:\\\/\\\/valenciasjb.salesianos.edu\\\/colegio\\\/wp-content\\\/uploads\\\/sites\\\/2\\\/2022\\\/10\\\/FB_IMG_1666900211650.jpg\",\"width\":1080,\"height\":811},{\"@type\":\"BreadcrumbList\",\"@id\":\"https:\\\/\\\/valenciasjb.salesianos.edu\\\/colegio\\\/primera-sesion-de-elaboracion-de-proyecto-educativo-pastoral-salesiano-local-para-los-proximos-seis-anos\\\/#breadcrumb\",\"itemListElement\":[{\"@type\":\"ListItem\",\"position\":1,\"name\":\"Portada\",\"item\":\"https:\\\/\\\/valenciasjb.salesianos.edu\\\/colegio\\\/\"},{\"@type\":\"ListItem\",\"position\":2,\"name\":\"Primera sesi\u00f3n de elaboraci\u00f3n de Proyecto Educativo-Pastoral Salesiano local para los pr\u00f3ximos seis a\u00f1os\"}]},{\"@type\":\"WebSite\",\"@id\":\"https:\\\/\\\/valenciasjb.salesianos.edu\\\/colegio\\\/#website\",\"url\":\"https:\\\/\\\/valenciasjb.salesianos.edu\\\/colegio\\\/\",\"name\":\"Colegio San Juan Bosco Valencia\",\"description\":\"P\u00e1gina oficial del Colegio Salesianos San Juan Bosco Valencia\",\"alternateName\":\"Salesianos.VSJB\",\"potentialAction\":[{\"@type\":\"SearchAction\",\"target\":{\"@type\":\"EntryPoint\",\"urlTemplate\":\"https:\\\/\\\/valenciasjb.salesianos.edu\\\/colegio\\\/?s={search_term_string}\"},\"query-input\":{\"@type\":\"PropertyValueSpecification\",\"valueRequired\":true,\"valueName\":\"search_term_string\"}}],\"inLanguage\":\"es\"},{\"@type\":\"Person\",\"@id\":\"https:\\\/\\\/valenciasjb.salesianos.edu\\\/colegio\\\/#\\\/schema\\\/person\\\/1f45b67e52b27da175190a574db6bed9\",\"name\":\"veronicapastor\",\"image\":{\"@type\":\"ImageObject\",\"inLanguage\":\"es\",\"@id\":\"https:\\\/\\\/secure.gravatar.com\\\/avatar\\\/e29bd40bace3fd935e1d6fdb7313ffc14628cc037c5e16f4c7369b20a2a6f7f0?s=96&d=mm&r=g\",\"url\":\"https:\\\/\\\/secure.gravatar.com\\\/avatar\\\/e29bd40bace3fd935e1d6fdb7313ffc14628cc037c5e16f4c7369b20a2a6f7f0?s=96&d=mm&r=g\",\"contentUrl\":\"https:\\\/\\\/secure.gravatar.com\\\/avatar\\\/e29bd40bace3fd935e1d6fdb7313ffc14628cc037c5e16f4c7369b20a2a6f7f0?s=96&d=mm&r=g\",\"caption\":\"veronicapastor\"}}]}<\/script>\n<!-- \/ Yoast SEO plugin. -->","yoast_head_json":{"title":"Primera sesi\u00f3n de elaboraci\u00f3n de Proyecto Educativo-Pastoral Salesiano local para los pr\u00f3ximos seis a\u00f1os - Colegio San Juan Bosco Valencia","robots":{"index":"index","follow":"follow","max-snippet":"max-snippet:-1","max-image-preview":"max-image-preview:large","max-video-preview":"max-video-preview:-1"},"canonical":"https:\/\/valenciasjb.salesianos.edu\/colegio\/primera-sesion-de-elaboracion-de-proyecto-educativo-pastoral-salesiano-local-para-los-proximos-seis-anos\/","og_locale":"es_ES","og_type":"article","og_title":"Primera sesi\u00f3n de elaboraci\u00f3n de Proyecto Educativo-Pastoral Salesiano local para los pr\u00f3ximos seis a\u00f1os - Colegio San Juan Bosco Valencia","og_description":"El PEPS es el instrumento de nuestro plan general que gu\u00eda la puesta en pr\u00e1ctica del camino educativo-pastoral en el contexto de nuestra Presencia en Salesianos San Juan Bosco Valencia, en la Avenida de la Plata.Redacci\u00f3n.En la tarde del jueves, 27 de octubre, ha tenido lugar la primera sesi\u00f3n de elaboraci\u00f3n del PEPS. Un encuentro [&hellip;]","og_url":"https:\/\/valenciasjb.salesianos.edu\/colegio\/primera-sesion-de-elaboracion-de-proyecto-educativo-pastoral-salesiano-local-para-los-proximos-seis-anos\/","og_site_name":"Colegio San Juan Bosco Valencia","article_publisher":"https:\/\/www.facebook.com\/ColegioSalesianoSanJuanBoscoValencia","article_published_time":"2022-10-27T19:36:37+00:00","article_modified_time":"2022-10-27T19:53:49+00:00","og_image":[{"width":1080,"height":811,"url":"https:\/\/valenciasjb.salesianos.edu\/colegio\/wp-content\/uploads\/sites\/2\/2022\/10\/FB_IMG_1666900211650.jpg","type":"image\/jpeg"}],"author":"veronicapastor","twitter_card":"summary_large_image","twitter_creator":"@SalesianosVSJB","twitter_site":"@SalesianosVSJB","twitter_misc":{"Escrito por":"veronicapastor","Tiempo de lectura":"1 minuto"},"schema":{"@context":"https:\/\/schema.org","@graph":[{"@type":"Article","@id":"https:\/\/valenciasjb.salesianos.edu\/colegio\/primera-sesion-de-elaboracion-de-proyecto-educativo-pastoral-salesiano-local-para-los-proximos-seis-anos\/#article","isPartOf":{"@id":"https:\/\/valenciasjb.salesianos.edu\/colegio\/primera-sesion-de-elaboracion-de-proyecto-educativo-pastoral-salesiano-local-para-los-proximos-seis-anos\/"},"author":{"name":"veronicapastor","@id":"https:\/\/valenciasjb.salesianos.edu\/colegio\/#\/schema\/person\/1f45b67e52b27da175190a574db6bed9"},"headline":"Primera sesi\u00f3n de elaboraci\u00f3n de Proyecto Educativo-Pastoral Salesiano local para los pr\u00f3ximos seis a\u00f1os","datePublished":"2022-10-27T19:36:37+00:00","dateModified":"2022-10-27T19:53:49+00:00","mainEntityOfPage":{"@id":"https:\/\/valenciasjb.salesianos.edu\/colegio\/primera-sesion-de-elaboracion-de-proyecto-educativo-pastoral-salesiano-local-para-los-proximos-seis-anos\/"},"wordCount":389,"image":{"@id":"https:\/\/valenciasjb.salesianos.edu\/colegio\/primera-sesion-de-elaboracion-de-proyecto-educativo-pastoral-salesiano-local-para-los-proximos-seis-anos\/#primaryimage"},"thumbnailUrl":"https:\/\/valenciasjb.salesianos.edu\/colegio\/wp-content\/uploads\/sites\/2\/2022\/10\/FB_IMG_1666900211650.jpg","articleSection":["Noticia centro juvenil","Noticia Colegio","Noticia Deportes","Noticia Plataformas sociales","Noticias","Noticias AMPAS","Noticias Centro de D\u00eda"],"inLanguage":"es"},{"@type":"WebPage","@id":"https:\/\/valenciasjb.salesianos.edu\/colegio\/primera-sesion-de-elaboracion-de-proyecto-educativo-pastoral-salesiano-local-para-los-proximos-seis-anos\/","url":"https:\/\/valenciasjb.salesianos.edu\/colegio\/primera-sesion-de-elaboracion-de-proyecto-educativo-pastoral-salesiano-local-para-los-proximos-seis-anos\/","name":"Primera sesi\u00f3n de elaboraci\u00f3n de Proyecto Educativo-Pastoral Salesiano local para los pr\u00f3ximos seis a\u00f1os - Colegio San Juan Bosco Valencia","isPartOf":{"@id":"https:\/\/valenciasjb.salesianos.edu\/colegio\/#website"},"primaryImageOfPage":{"@id":"https:\/\/valenciasjb.salesianos.edu\/colegio\/primera-sesion-de-elaboracion-de-proyecto-educativo-pastoral-salesiano-local-para-los-proximos-seis-anos\/#primaryimage"},"image":{"@id":"https:\/\/valenciasjb.salesianos.edu\/colegio\/primera-sesion-de-elaboracion-de-proyecto-educativo-pastoral-salesiano-local-para-los-proximos-seis-anos\/#primaryimage"},"thumbnailUrl":"https:\/\/valenciasjb.salesianos.edu\/colegio\/wp-content\/uploads\/sites\/2\/2022\/10\/FB_IMG_1666900211650.jpg","datePublished":"2022-10-27T19:36:37+00:00","dateModified":"2022-10-27T19:53:49+00:00","author":{"@id":"https:\/\/valenciasjb.salesianos.edu\/colegio\/#\/schema\/person\/1f45b67e52b27da175190a574db6bed9"},"breadcrumb":{"@id":"https:\/\/valenciasjb.salesianos.edu\/colegio\/primera-sesion-de-elaboracion-de-proyecto-educativo-pastoral-salesiano-local-para-los-proximos-seis-anos\/#breadcrumb"},"inLanguage":"es","potentialAction":[{"@type":"ReadAction","target":["https:\/\/valenciasjb.salesianos.edu\/colegio\/primera-sesion-de-elaboracion-de-proyecto-educativo-pastoral-salesiano-local-para-los-proximos-seis-anos\/"]}]},{"@type":"ImageObject","inLanguage":"es","@id":"https:\/\/valenciasjb.salesianos.edu\/colegio\/primera-sesion-de-elaboracion-de-proyecto-educativo-pastoral-salesiano-local-para-los-proximos-seis-anos\/#primaryimage","url":"https:\/\/valenciasjb.salesianos.edu\/colegio\/wp-content\/uploads\/sites\/2\/2022\/10\/FB_IMG_1666900211650.jpg","contentUrl":"https:\/\/valenciasjb.salesianos.edu\/colegio\/wp-content\/uploads\/sites\/2\/2022\/10\/FB_IMG_1666900211650.jpg","width":1080,"height":811},{"@type":"BreadcrumbList","@id":"https:\/\/valenciasjb.salesianos.edu\/colegio\/primera-sesion-de-elaboracion-de-proyecto-educativo-pastoral-salesiano-local-para-los-proximos-seis-anos\/#breadcrumb","itemListElement":[{"@type":"ListItem","position":1,"name":"Portada","item":"https:\/\/valenciasjb.salesianos.edu\/colegio\/"},{"@type":"ListItem","position":2,"name":"Primera sesi\u00f3n de elaboraci\u00f3n de Proyecto Educativo-Pastoral Salesiano local para los pr\u00f3ximos seis a\u00f1os"}]},{"@type":"WebSite","@id":"https:\/\/valenciasjb.salesianos.edu\/colegio\/#website","url":"https:\/\/valenciasjb.salesianos.edu\/colegio\/","name":"Colegio San Juan Bosco Valencia","description":"P\u00e1gina oficial del Colegio Salesianos San Juan Bosco Valencia","alternateName":"Salesianos.VSJB","potentialAction":[{"@type":"SearchAction","target":{"@type":"EntryPoint","urlTemplate":"https:\/\/valenciasjb.salesianos.edu\/colegio\/?s={search_term_string}"},"query-input":{"@type":"PropertyValueSpecification","valueRequired":true,"valueName":"search_term_string"}}],"inLanguage":"es"},{"@type":"Person","@id":"https:\/\/valenciasjb.salesianos.edu\/colegio\/#\/schema\/person\/1f45b67e52b27da175190a574db6bed9","name":"veronicapastor","image":{"@type":"ImageObject","inLanguage":"es","@id":"https:\/\/secure.gravatar.com\/avatar\/e29bd40bace3fd935e1d6fdb7313ffc14628cc037c5e16f4c7369b20a2a6f7f0?s=96&d=mm&r=g","url":"https:\/\/secure.gravatar.com\/avatar\/e29bd40bace3fd935e1d6fdb7313ffc14628cc037c5e16f4c7369b20a2a6f7f0?s=96&d=mm&r=g","contentUrl":"https:\/\/secure.gravatar.com\/avatar\/e29bd40bace3fd935e1d6fdb7313ffc14628cc037c5e16f4c7369b20a2a6f7f0?s=96&d=mm&r=g","caption":"veronicapastor"}}]}},"_links":{"self":[{"href":"https:\/\/valenciasjb.salesianos.edu\/colegio\/wp-json\/wp\/v2\/posts\/18291","targetHints":{"allow":["GET"]}}],"collection":[{"href":"https:\/\/valenciasjb.salesianos.edu\/colegio\/wp-json\/wp\/v2\/posts"}],"about":[{"href":"https:\/\/valenciasjb.salesianos.edu\/colegio\/wp-json\/wp\/v2\/types\/post"}],"author":[{"embeddable":true,"href":"https:\/\/valenciasjb.salesianos.edu\/colegio\/wp-json\/wp\/v2\/users\/6"}],"replies":[{"embeddable":true,"href":"https:\/\/valenciasjb.salesianos.edu\/colegio\/wp-json\/wp\/v2\/comments?post=18291"}],"version-history":[{"count":4,"href":"https:\/\/valenciasjb.salesianos.edu\/colegio\/wp-json\/wp\/v2\/posts\/18291\/revisions"}],"predecessor-version":[{"id":18318,"href":"https:\/\/valenciasjb.salesianos.edu\/colegio\/wp-json\/wp\/v2\/posts\/18291\/revisions\/18318"}],"wp:featuredmedia":[{"embeddable":true,"href":"https:\/\/valenciasjb.salesianos.edu\/colegio\/wp-json\/wp\/v2\/media\/18317"}],"wp:attachment":[{"href":"https:\/\/valenciasjb.salesianos.edu\/colegio\/wp-json\/wp\/v2\/media?parent=18291"}],"wp:term":[{"taxonomy":"category","embeddable":true,"href":"https:\/\/valenciasjb.salesianos.edu\/colegio\/wp-json\/wp\/v2\/categories?post=18291"},{"taxonomy":"post_tag","embeddable":true,"href":"https:\/\/valenciasjb.salesianos.edu\/colegio\/wp-json\/wp\/v2\/tags?post=18291"}],"curies":[{"name":"wp","href":"https:\/\/api.w.org\/{rel}","templated":true}]}}