{"id":18322,"date":"2022-10-28T16:09:53","date_gmt":"2022-10-28T15:09:53","guid":{"rendered":"https:\/\/valenciasjb.salesianos.edu\/colegio\/?p=18322"},"modified":"2022-10-28T16:10:49","modified_gmt":"2022-10-28T15:10:49","slug":"educacion-infantil-celebra-el-dia-de-la-biblioteca-escolar-con-multiples-actividades-realizadas-a-lo-largo-de-toda-esta-semana","status":"publish","type":"post","link":"https:\/\/valenciasjb.salesianos.edu\/colegio\/educacion-infantil-celebra-el-dia-de-la-biblioteca-escolar-con-multiples-actividades-realizadas-a-lo-largo-de-toda-esta-semana\/","title":{"rendered":"Educaci\u00f3n infantil celebra el d\u00eda de la biblioteca escolar con m\u00faltiples actividades realizadas a lo largo de toda esta semana."},"content":{"rendered":"<div id=\"fb-root\"><\/div>\n<p>[et_pb_section fb_built=\u00bb1&#8243; admin_label=\u00bbsection\u00bb _builder_version=\u00bb4.16&#8243; global_colors_info=\u00bb{}\u00bb][et_pb_row admin_label=\u00bbrow\u00bb _builder_version=\u00bb4.16&#8243; background_size=\u00bbinitial\u00bb background_position=\u00bbtop_left\u00bb background_repeat=\u00bbrepeat\u00bb global_colors_info=\u00bb{}\u00bb][et_pb_column type=\u00bb4_4&#8243; _builder_version=\u00bb4.16&#8243; custom_padding=\u00bb|||\u00bb global_colors_info=\u00bb{}\u00bb custom_padding__hover=\u00bb|||\u00bb][et_pb_text admin_label=\u00bbEntradilla (Texto)\u00bb _builder_version=\u00bb4.18.1&#8243; text_font=\u00bb|on|||\u00bb text_orientation=\u00bbjustified\u00bb module_alignment=\u00bbjustified\u00bb global_colors_info=\u00bb{}\u00bb]<\/p>\n<div id=\"resumen\" style=\"text-align: left\"><strong>Con mucho cari\u00f1o y mucha ilusi\u00f3n, el lunes 24 \u00abD\u00eda de la biblioteca escolar\u00bb, nuestro alumnado de la etapa de infantil aprendi\u00f3 una adivinanza, la colore\u00f3 y la decor\u00f3 para llev\u00e1rsela a casa.<\/strong><\/div>\n<div>\u00a0<\/div>\n<p>[\/et_pb_text][et_pb_text admin_label=\u00bbAutor (Texto)\u00bb _builder_version=\u00bb4.18.1&#8243; text_font=\u00bb||on||\u00bb global_colors_info=\u00bb{}\u00bb]<\/p>\n<p style=\"text-align: left\">Redacci\u00f3n.<\/p>\n<p>[\/et_pb_text][et_pb_text admin_label=\u00bbDesarrollo (Texto)\u00bb _builder_version=\u00bb4.18.1&#8243; text_orientation=\u00bbjustified\u00bb module_alignment=\u00bbjustified\u00bb global_colors_info=\u00bb{}\u00bb]<\/p>\n<p>Adem\u00e1s, a lo largo de esta semana, todas las clases han pasado por la biblioteca escolar para fomentar el inter\u00e9s por la lectura y aprender las normas que se deben cumplir en ella.<\/p>\n<p>A lo largo del martes 25 y el viernes 29 de octubre todo nuestro alumnado ha disfrutado de la representaci\u00f3n en valenciano \u00abAventura a la biblioteca\u00bb. Con esta obra de teatro han conocido a Jordi y a Pau, dos amigos que van de excursi\u00f3n con su profesora a conocer la nueva biblioteca del barrio donde viven muchas divertidas aventuras.<\/p>\n<p>Finalmente, hoy viernes lanzamos la campa\u00f1a \u00abUn cuento para Bosbi\u00bb en la que pedimos la colaboraci\u00f3n de las familias trayendo un cuento para el aula. Estos cuentos pasar\u00e1n a formar parte de la biblioteca del aula y los ni\u00f1os y ni\u00f1as podr\u00e1n compartirlos con sus compa\u00f1eros de clase.<\/p>\n<p>[\/et_pb_text][et_pb_text disabled_on=\u00bboff|on|on\u00bb admin_label=\u00bbT\u00edtulo: Galer\u00eda de fotos (Texto)\u00bb _builder_version=\u00bb4.18.0&#8243; text_font=\u00bb|on|||\u00bb text_text_color=\u00bb#dc001b\u00bb border_style=\u00bbsolid\u00bb global_colors_info=\u00bb{}\u00bb]<\/p>\n<p>Galer\u00eda de im\u00e1genes<\/p>\n<p>[\/et_pb_text][et_pb_gallery gallery_ids=\u00bb18327,18328,18329,18330,18331,18332,18333,18334,18335,18336,18337,18338,18339,18340,18341,18342,18343,18344,18345,18346,18347,18348,18349,18350,18351,18352,18353&#8243; posts_number=\u00bb8&#8243; show_title_and_caption=\u00bboff\u00bb zoom_icon_color=\u00bb#dc001b\u00bb hover_icon=\u00bb&#x54;||divi||400&#8243; disabled_on=\u00bboff|off|off\u00bb _builder_version=\u00bb4.18.1&#8243; pagination_font_size_tablet=\u00bb51&#8243; pagination_line_height_tablet=\u00bb2&#8243; global_colors_info=\u00bb{}\u00bb][\/et_pb_gallery][et_pb_video disabled_on=\u00bbon|on|on\u00bb _builder_version=\u00bb4.16&#8243; disabled=\u00bbon\u00bb global_colors_info=\u00bb{}\u00bb][\/et_pb_video][\/et_pb_column][\/et_pb_row][\/et_pb_section]<\/p>\n<!-- AddThis Advanced Settings generic via filter on the_content --><!-- AddThis Share Buttons generic via filter on the_content -->","protected":false},"excerpt":{"rendered":"<p>Con mucho cari\u00f1o y mucha ilusi\u00f3n, el lunes 24 \u00abD\u00eda de la biblioteca escolar\u00bb, nuestro alumnado de la etapa de infantil aprendi\u00f3 una adivinanza, la colore\u00f3 y la decor\u00f3 para llev\u00e1rsela a casa. \u00a0Redacci\u00f3n.Adem\u00e1s, a lo largo de esta semana, todas las clases han pasado por la biblioteca escolar para fomentar el inter\u00e9s por la [&hellip;]<\/p>\n<p><!-- AddThis Advanced Settings generic via filter on get_the_excerpt --><!-- AddThis Share Buttons generic via filter on get_the_excerpt --><\/p>\n","protected":false},"author":6,"featured_media":18351,"comment_status":"closed","ping_status":"open","sticky":false,"template":"","format":"standard","meta":{"_et_pb_use_builder":"on","_et_pb_old_content":"","_et_gb_content_width":"","footnotes":""},"categories":[14],"tags":[],"class_list":["post-18322","post","type-post","status-publish","format-standard","has-post-thumbnail","hentry","category-noticia_colegio"],"yoast_head":"<!-- This site is optimized with the Yoast SEO plugin v28.4 - https:\/\/yoast.com\/product\/yoast-seo-wordpress\/ -->\n<title>Educaci\u00f3n infantil celebra el d\u00eda de la biblioteca escolar con m\u00faltiples actividades realizadas a lo largo de toda esta semana. - Colegio San Juan Bosco Valencia<\/title>\n<meta name=\"robots\" content=\"index, follow, max-snippet:-1, max-image-preview:large, max-video-preview:-1\" \/>\n<link rel=\"canonical\" href=\"https:\/\/valenciasjb.salesianos.edu\/colegio\/educacion-infantil-celebra-el-dia-de-la-biblioteca-escolar-con-multiples-actividades-realizadas-a-lo-largo-de-toda-esta-semana\/\" \/>\n<meta property=\"og:locale\" content=\"es_ES\" \/>\n<meta property=\"og:type\" content=\"article\" \/>\n<meta property=\"og:title\" content=\"Educaci\u00f3n infantil celebra el d\u00eda de la biblioteca escolar con m\u00faltiples actividades realizadas a lo largo de toda esta semana. - Colegio San Juan Bosco Valencia\" \/>\n<meta property=\"og:description\" content=\"Con mucho cari\u00f1o y mucha ilusi\u00f3n, el lunes 24 &quot;D\u00eda de la biblioteca escolar&quot;, nuestro alumnado de la etapa de infantil aprendi\u00f3 una adivinanza, la colore\u00f3 y la decor\u00f3 para llev\u00e1rsela a casa. \u00a0Redacci\u00f3n.Adem\u00e1s, a lo largo de esta semana, todas las clases han pasado por la biblioteca escolar para fomentar el inter\u00e9s por la [&hellip;]\" \/>\n<meta property=\"og:url\" content=\"https:\/\/valenciasjb.salesianos.edu\/colegio\/educacion-infantil-celebra-el-dia-de-la-biblioteca-escolar-con-multiples-actividades-realizadas-a-lo-largo-de-toda-esta-semana\/\" \/>\n<meta property=\"og:site_name\" content=\"Colegio San Juan Bosco Valencia\" \/>\n<meta property=\"article:publisher\" content=\"https:\/\/www.facebook.com\/ColegioSalesianoSanJuanBoscoValencia\" \/>\n<meta property=\"article:published_time\" content=\"2022-10-28T15:09:53+00:00\" \/>\n<meta property=\"article:modified_time\" content=\"2022-10-28T15:10:49+00:00\" \/>\n<meta property=\"og:image\" content=\"https:\/\/valenciasjb.salesianos.edu\/colegio\/wp-content\/uploads\/sites\/2\/2022\/10\/IMG-20221028-WA0061.jpg\" \/>\n\t<meta property=\"og:image:width\" content=\"2000\" \/>\n\t<meta property=\"og:image:height\" content=\"1500\" \/>\n\t<meta property=\"og:image:type\" content=\"image\/jpeg\" \/>\n<meta name=\"author\" content=\"veronicapastor\" \/>\n<meta name=\"twitter:card\" content=\"summary_large_image\" \/>\n<meta name=\"twitter:creator\" content=\"@SalesianosVSJB\" \/>\n<meta name=\"twitter:site\" content=\"@SalesianosVSJB\" \/>\n<meta name=\"twitter:label1\" content=\"Escrito por\" \/>\n\t<meta name=\"twitter:data1\" content=\"veronicapastor\" \/>\n\t<meta name=\"twitter:label2\" content=\"Tiempo de lectura\" \/>\n\t<meta name=\"twitter:data2\" content=\"2 minutos\" \/>\n<script type=\"application\/ld+json\" class=\"yoast-schema-graph\">{\"@context\":\"https:\\\/\\\/schema.org\",\"@graph\":[{\"@type\":\"Article\",\"@id\":\"https:\\\/\\\/valenciasjb.salesianos.edu\\\/colegio\\\/educacion-infantil-celebra-el-dia-de-la-biblioteca-escolar-con-multiples-actividades-realizadas-a-lo-largo-de-toda-esta-semana\\\/#article\",\"isPartOf\":{\"@id\":\"https:\\\/\\\/valenciasjb.salesianos.edu\\\/colegio\\\/educacion-infantil-celebra-el-dia-de-la-biblioteca-escolar-con-multiples-actividades-realizadas-a-lo-largo-de-toda-esta-semana\\\/\"},\"author\":{\"name\":\"veronicapastor\",\"@id\":\"https:\\\/\\\/valenciasjb.salesianos.edu\\\/colegio\\\/#\\\/schema\\\/person\\\/1f45b67e52b27da175190a574db6bed9\"},\"headline\":\"Educaci\u00f3n infantil celebra el d\u00eda de la biblioteca escolar con m\u00faltiples actividades realizadas a lo largo de toda esta semana.\",\"datePublished\":\"2022-10-28T15:09:53+00:00\",\"dateModified\":\"2022-10-28T15:10:49+00:00\",\"mainEntityOfPage\":{\"@id\":\"https:\\\/\\\/valenciasjb.salesianos.edu\\\/colegio\\\/educacion-infantil-celebra-el-dia-de-la-biblioteca-escolar-con-multiples-actividades-realizadas-a-lo-largo-de-toda-esta-semana\\\/\"},\"wordCount\":431,\"image\":{\"@id\":\"https:\\\/\\\/valenciasjb.salesianos.edu\\\/colegio\\\/educacion-infantil-celebra-el-dia-de-la-biblioteca-escolar-con-multiples-actividades-realizadas-a-lo-largo-de-toda-esta-semana\\\/#primaryimage\"},\"thumbnailUrl\":\"https:\\\/\\\/valenciasjb.salesianos.edu\\\/colegio\\\/wp-content\\\/uploads\\\/sites\\\/2\\\/2022\\\/10\\\/IMG-20221028-WA0061.jpg\",\"articleSection\":[\"Noticia Colegio\"],\"inLanguage\":\"es\"},{\"@type\":\"WebPage\",\"@id\":\"https:\\\/\\\/valenciasjb.salesianos.edu\\\/colegio\\\/educacion-infantil-celebra-el-dia-de-la-biblioteca-escolar-con-multiples-actividades-realizadas-a-lo-largo-de-toda-esta-semana\\\/\",\"url\":\"https:\\\/\\\/valenciasjb.salesianos.edu\\\/colegio\\\/educacion-infantil-celebra-el-dia-de-la-biblioteca-escolar-con-multiples-actividades-realizadas-a-lo-largo-de-toda-esta-semana\\\/\",\"name\":\"Educaci\u00f3n infantil celebra el d\u00eda de la biblioteca escolar con m\u00faltiples actividades realizadas a lo largo de toda esta semana. - Colegio San Juan Bosco Valencia\",\"isPartOf\":{\"@id\":\"https:\\\/\\\/valenciasjb.salesianos.edu\\\/colegio\\\/#website\"},\"primaryImageOfPage\":{\"@id\":\"https:\\\/\\\/valenciasjb.salesianos.edu\\\/colegio\\\/educacion-infantil-celebra-el-dia-de-la-biblioteca-escolar-con-multiples-actividades-realizadas-a-lo-largo-de-toda-esta-semana\\\/#primaryimage\"},\"image\":{\"@id\":\"https:\\\/\\\/valenciasjb.salesianos.edu\\\/colegio\\\/educacion-infantil-celebra-el-dia-de-la-biblioteca-escolar-con-multiples-actividades-realizadas-a-lo-largo-de-toda-esta-semana\\\/#primaryimage\"},\"thumbnailUrl\":\"https:\\\/\\\/valenciasjb.salesianos.edu\\\/colegio\\\/wp-content\\\/uploads\\\/sites\\\/2\\\/2022\\\/10\\\/IMG-20221028-WA0061.jpg\",\"datePublished\":\"2022-10-28T15:09:53+00:00\",\"dateModified\":\"2022-10-28T15:10:49+00:00\",\"author\":{\"@id\":\"https:\\\/\\\/valenciasjb.salesianos.edu\\\/colegio\\\/#\\\/schema\\\/person\\\/1f45b67e52b27da175190a574db6bed9\"},\"breadcrumb\":{\"@id\":\"https:\\\/\\\/valenciasjb.salesianos.edu\\\/colegio\\\/educacion-infantil-celebra-el-dia-de-la-biblioteca-escolar-con-multiples-actividades-realizadas-a-lo-largo-de-toda-esta-semana\\\/#breadcrumb\"},\"inLanguage\":\"es\",\"potentialAction\":[{\"@type\":\"ReadAction\",\"target\":[\"https:\\\/\\\/valenciasjb.salesianos.edu\\\/colegio\\\/educacion-infantil-celebra-el-dia-de-la-biblioteca-escolar-con-multiples-actividades-realizadas-a-lo-largo-de-toda-esta-semana\\\/\"]}]},{\"@type\":\"ImageObject\",\"inLanguage\":\"es\",\"@id\":\"https:\\\/\\\/valenciasjb.salesianos.edu\\\/colegio\\\/educacion-infantil-celebra-el-dia-de-la-biblioteca-escolar-con-multiples-actividades-realizadas-a-lo-largo-de-toda-esta-semana\\\/#primaryimage\",\"url\":\"https:\\\/\\\/valenciasjb.salesianos.edu\\\/colegio\\\/wp-content\\\/uploads\\\/sites\\\/2\\\/2022\\\/10\\\/IMG-20221028-WA0061.jpg\",\"contentUrl\":\"https:\\\/\\\/valenciasjb.salesianos.edu\\\/colegio\\\/wp-content\\\/uploads\\\/sites\\\/2\\\/2022\\\/10\\\/IMG-20221028-WA0061.jpg\",\"width\":2000,\"height\":1500},{\"@type\":\"BreadcrumbList\",\"@id\":\"https:\\\/\\\/valenciasjb.salesianos.edu\\\/colegio\\\/educacion-infantil-celebra-el-dia-de-la-biblioteca-escolar-con-multiples-actividades-realizadas-a-lo-largo-de-toda-esta-semana\\\/#breadcrumb\",\"itemListElement\":[{\"@type\":\"ListItem\",\"position\":1,\"name\":\"Portada\",\"item\":\"https:\\\/\\\/valenciasjb.salesianos.edu\\\/colegio\\\/\"},{\"@type\":\"ListItem\",\"position\":2,\"name\":\"Educaci\u00f3n infantil celebra el d\u00eda de la biblioteca escolar con m\u00faltiples actividades realizadas a lo largo de toda esta semana.\"}]},{\"@type\":\"WebSite\",\"@id\":\"https:\\\/\\\/valenciasjb.salesianos.edu\\\/colegio\\\/#website\",\"url\":\"https:\\\/\\\/valenciasjb.salesianos.edu\\\/colegio\\\/\",\"name\":\"Colegio San Juan Bosco Valencia\",\"description\":\"P\u00e1gina oficial del Colegio Salesianos San Juan Bosco Valencia\",\"alternateName\":\"Salesianos.VSJB\",\"potentialAction\":[{\"@type\":\"SearchAction\",\"target\":{\"@type\":\"EntryPoint\",\"urlTemplate\":\"https:\\\/\\\/valenciasjb.salesianos.edu\\\/colegio\\\/?s={search_term_string}\"},\"query-input\":{\"@type\":\"PropertyValueSpecification\",\"valueRequired\":true,\"valueName\":\"search_term_string\"}}],\"inLanguage\":\"es\"},{\"@type\":\"Person\",\"@id\":\"https:\\\/\\\/valenciasjb.salesianos.edu\\\/colegio\\\/#\\\/schema\\\/person\\\/1f45b67e52b27da175190a574db6bed9\",\"name\":\"veronicapastor\",\"image\":{\"@type\":\"ImageObject\",\"inLanguage\":\"es\",\"@id\":\"https:\\\/\\\/secure.gravatar.com\\\/avatar\\\/e29bd40bace3fd935e1d6fdb7313ffc14628cc037c5e16f4c7369b20a2a6f7f0?s=96&d=mm&r=g\",\"url\":\"https:\\\/\\\/secure.gravatar.com\\\/avatar\\\/e29bd40bace3fd935e1d6fdb7313ffc14628cc037c5e16f4c7369b20a2a6f7f0?s=96&d=mm&r=g\",\"contentUrl\":\"https:\\\/\\\/secure.gravatar.com\\\/avatar\\\/e29bd40bace3fd935e1d6fdb7313ffc14628cc037c5e16f4c7369b20a2a6f7f0?s=96&d=mm&r=g\",\"caption\":\"veronicapastor\"}}]}<\/script>\n<!-- \/ Yoast SEO plugin. -->","yoast_head_json":{"title":"Educaci\u00f3n infantil celebra el d\u00eda de la biblioteca escolar con m\u00faltiples actividades realizadas a lo largo de toda esta semana. - Colegio San Juan Bosco Valencia","robots":{"index":"index","follow":"follow","max-snippet":"max-snippet:-1","max-image-preview":"max-image-preview:large","max-video-preview":"max-video-preview:-1"},"canonical":"https:\/\/valenciasjb.salesianos.edu\/colegio\/educacion-infantil-celebra-el-dia-de-la-biblioteca-escolar-con-multiples-actividades-realizadas-a-lo-largo-de-toda-esta-semana\/","og_locale":"es_ES","og_type":"article","og_title":"Educaci\u00f3n infantil celebra el d\u00eda de la biblioteca escolar con m\u00faltiples actividades realizadas a lo largo de toda esta semana. - Colegio San Juan Bosco Valencia","og_description":"Con mucho cari\u00f1o y mucha ilusi\u00f3n, el lunes 24 \"D\u00eda de la biblioteca escolar\", nuestro alumnado de la etapa de infantil aprendi\u00f3 una adivinanza, la colore\u00f3 y la decor\u00f3 para llev\u00e1rsela a casa. \u00a0Redacci\u00f3n.Adem\u00e1s, a lo largo de esta semana, todas las clases han pasado por la biblioteca escolar para fomentar el inter\u00e9s por la [&hellip;]","og_url":"https:\/\/valenciasjb.salesianos.edu\/colegio\/educacion-infantil-celebra-el-dia-de-la-biblioteca-escolar-con-multiples-actividades-realizadas-a-lo-largo-de-toda-esta-semana\/","og_site_name":"Colegio San Juan Bosco Valencia","article_publisher":"https:\/\/www.facebook.com\/ColegioSalesianoSanJuanBoscoValencia","article_published_time":"2022-10-28T15:09:53+00:00","article_modified_time":"2022-10-28T15:10:49+00:00","og_image":[{"width":2000,"height":1500,"url":"https:\/\/valenciasjb.salesianos.edu\/colegio\/wp-content\/uploads\/sites\/2\/2022\/10\/IMG-20221028-WA0061.jpg","type":"image\/jpeg"}],"author":"veronicapastor","twitter_card":"summary_large_image","twitter_creator":"@SalesianosVSJB","twitter_site":"@SalesianosVSJB","twitter_misc":{"Escrito por":"veronicapastor","Tiempo de lectura":"2 minutos"},"schema":{"@context":"https:\/\/schema.org","@graph":[{"@type":"Article","@id":"https:\/\/valenciasjb.salesianos.edu\/colegio\/educacion-infantil-celebra-el-dia-de-la-biblioteca-escolar-con-multiples-actividades-realizadas-a-lo-largo-de-toda-esta-semana\/#article","isPartOf":{"@id":"https:\/\/valenciasjb.salesianos.edu\/colegio\/educacion-infantil-celebra-el-dia-de-la-biblioteca-escolar-con-multiples-actividades-realizadas-a-lo-largo-de-toda-esta-semana\/"},"author":{"name":"veronicapastor","@id":"https:\/\/valenciasjb.salesianos.edu\/colegio\/#\/schema\/person\/1f45b67e52b27da175190a574db6bed9"},"headline":"Educaci\u00f3n infantil celebra el d\u00eda de la biblioteca escolar con m\u00faltiples actividades realizadas a lo largo de toda esta semana.","datePublished":"2022-10-28T15:09:53+00:00","dateModified":"2022-10-28T15:10:49+00:00","mainEntityOfPage":{"@id":"https:\/\/valenciasjb.salesianos.edu\/colegio\/educacion-infantil-celebra-el-dia-de-la-biblioteca-escolar-con-multiples-actividades-realizadas-a-lo-largo-de-toda-esta-semana\/"},"wordCount":431,"image":{"@id":"https:\/\/valenciasjb.salesianos.edu\/colegio\/educacion-infantil-celebra-el-dia-de-la-biblioteca-escolar-con-multiples-actividades-realizadas-a-lo-largo-de-toda-esta-semana\/#primaryimage"},"thumbnailUrl":"https:\/\/valenciasjb.salesianos.edu\/colegio\/wp-content\/uploads\/sites\/2\/2022\/10\/IMG-20221028-WA0061.jpg","articleSection":["Noticia Colegio"],"inLanguage":"es"},{"@type":"WebPage","@id":"https:\/\/valenciasjb.salesianos.edu\/colegio\/educacion-infantil-celebra-el-dia-de-la-biblioteca-escolar-con-multiples-actividades-realizadas-a-lo-largo-de-toda-esta-semana\/","url":"https:\/\/valenciasjb.salesianos.edu\/colegio\/educacion-infantil-celebra-el-dia-de-la-biblioteca-escolar-con-multiples-actividades-realizadas-a-lo-largo-de-toda-esta-semana\/","name":"Educaci\u00f3n infantil celebra el d\u00eda de la biblioteca escolar con m\u00faltiples actividades realizadas a lo largo de toda esta semana. - Colegio San Juan Bosco Valencia","isPartOf":{"@id":"https:\/\/valenciasjb.salesianos.edu\/colegio\/#website"},"primaryImageOfPage":{"@id":"https:\/\/valenciasjb.salesianos.edu\/colegio\/educacion-infantil-celebra-el-dia-de-la-biblioteca-escolar-con-multiples-actividades-realizadas-a-lo-largo-de-toda-esta-semana\/#primaryimage"},"image":{"@id":"https:\/\/valenciasjb.salesianos.edu\/colegio\/educacion-infantil-celebra-el-dia-de-la-biblioteca-escolar-con-multiples-actividades-realizadas-a-lo-largo-de-toda-esta-semana\/#primaryimage"},"thumbnailUrl":"https:\/\/valenciasjb.salesianos.edu\/colegio\/wp-content\/uploads\/sites\/2\/2022\/10\/IMG-20221028-WA0061.jpg","datePublished":"2022-10-28T15:09:53+00:00","dateModified":"2022-10-28T15:10:49+00:00","author":{"@id":"https:\/\/valenciasjb.salesianos.edu\/colegio\/#\/schema\/person\/1f45b67e52b27da175190a574db6bed9"},"breadcrumb":{"@id":"https:\/\/valenciasjb.salesianos.edu\/colegio\/educacion-infantil-celebra-el-dia-de-la-biblioteca-escolar-con-multiples-actividades-realizadas-a-lo-largo-de-toda-esta-semana\/#breadcrumb"},"inLanguage":"es","potentialAction":[{"@type":"ReadAction","target":["https:\/\/valenciasjb.salesianos.edu\/colegio\/educacion-infantil-celebra-el-dia-de-la-biblioteca-escolar-con-multiples-actividades-realizadas-a-lo-largo-de-toda-esta-semana\/"]}]},{"@type":"ImageObject","inLanguage":"es","@id":"https:\/\/valenciasjb.salesianos.edu\/colegio\/educacion-infantil-celebra-el-dia-de-la-biblioteca-escolar-con-multiples-actividades-realizadas-a-lo-largo-de-toda-esta-semana\/#primaryimage","url":"https:\/\/valenciasjb.salesianos.edu\/colegio\/wp-content\/uploads\/sites\/2\/2022\/10\/IMG-20221028-WA0061.jpg","contentUrl":"https:\/\/valenciasjb.salesianos.edu\/colegio\/wp-content\/uploads\/sites\/2\/2022\/10\/IMG-20221028-WA0061.jpg","width":2000,"height":1500},{"@type":"BreadcrumbList","@id":"https:\/\/valenciasjb.salesianos.edu\/colegio\/educacion-infantil-celebra-el-dia-de-la-biblioteca-escolar-con-multiples-actividades-realizadas-a-lo-largo-de-toda-esta-semana\/#breadcrumb","itemListElement":[{"@type":"ListItem","position":1,"name":"Portada","item":"https:\/\/valenciasjb.salesianos.edu\/colegio\/"},{"@type":"ListItem","position":2,"name":"Educaci\u00f3n infantil celebra el d\u00eda de la biblioteca escolar con m\u00faltiples actividades realizadas a lo largo de toda esta semana."}]},{"@type":"WebSite","@id":"https:\/\/valenciasjb.salesianos.edu\/colegio\/#website","url":"https:\/\/valenciasjb.salesianos.edu\/colegio\/","name":"Colegio San Juan Bosco Valencia","description":"P\u00e1gina oficial del Colegio Salesianos San Juan Bosco Valencia","alternateName":"Salesianos.VSJB","potentialAction":[{"@type":"SearchAction","target":{"@type":"EntryPoint","urlTemplate":"https:\/\/valenciasjb.salesianos.edu\/colegio\/?s={search_term_string}"},"query-input":{"@type":"PropertyValueSpecification","valueRequired":true,"valueName":"search_term_string"}}],"inLanguage":"es"},{"@type":"Person","@id":"https:\/\/valenciasjb.salesianos.edu\/colegio\/#\/schema\/person\/1f45b67e52b27da175190a574db6bed9","name":"veronicapastor","image":{"@type":"ImageObject","inLanguage":"es","@id":"https:\/\/secure.gravatar.com\/avatar\/e29bd40bace3fd935e1d6fdb7313ffc14628cc037c5e16f4c7369b20a2a6f7f0?s=96&d=mm&r=g","url":"https:\/\/secure.gravatar.com\/avatar\/e29bd40bace3fd935e1d6fdb7313ffc14628cc037c5e16f4c7369b20a2a6f7f0?s=96&d=mm&r=g","contentUrl":"https:\/\/secure.gravatar.com\/avatar\/e29bd40bace3fd935e1d6fdb7313ffc14628cc037c5e16f4c7369b20a2a6f7f0?s=96&d=mm&r=g","caption":"veronicapastor"}}]}},"_links":{"self":[{"href":"https:\/\/valenciasjb.salesianos.edu\/colegio\/wp-json\/wp\/v2\/posts\/18322","targetHints":{"allow":["GET"]}}],"collection":[{"href":"https:\/\/valenciasjb.salesianos.edu\/colegio\/wp-json\/wp\/v2\/posts"}],"about":[{"href":"https:\/\/valenciasjb.salesianos.edu\/colegio\/wp-json\/wp\/v2\/types\/post"}],"author":[{"embeddable":true,"href":"https:\/\/valenciasjb.salesianos.edu\/colegio\/wp-json\/wp\/v2\/users\/6"}],"replies":[{"embeddable":true,"href":"https:\/\/valenciasjb.salesianos.edu\/colegio\/wp-json\/wp\/v2\/comments?post=18322"}],"version-history":[{"count":3,"href":"https:\/\/valenciasjb.salesianos.edu\/colegio\/wp-json\/wp\/v2\/posts\/18322\/revisions"}],"predecessor-version":[{"id":18355,"href":"https:\/\/valenciasjb.salesianos.edu\/colegio\/wp-json\/wp\/v2\/posts\/18322\/revisions\/18355"}],"wp:featuredmedia":[{"embeddable":true,"href":"https:\/\/valenciasjb.salesianos.edu\/colegio\/wp-json\/wp\/v2\/media\/18351"}],"wp:attachment":[{"href":"https:\/\/valenciasjb.salesianos.edu\/colegio\/wp-json\/wp\/v2\/media?parent=18322"}],"wp:term":[{"taxonomy":"category","embeddable":true,"href":"https:\/\/valenciasjb.salesianos.edu\/colegio\/wp-json\/wp\/v2\/categories?post=18322"},{"taxonomy":"post_tag","embeddable":true,"href":"https:\/\/valenciasjb.salesianos.edu\/colegio\/wp-json\/wp\/v2\/tags?post=18322"}],"curies":[{"name":"wp","href":"https:\/\/api.w.org\/{rel}","templated":true}]}}